{"id":42905,"date":"2024-01-18T11:51:55","date_gmt":"2024-01-18T10:51:55","guid":{"rendered":"https:\/\/progettotouring.it\/radiotouring104\/?p=42905"},"modified":"2024-01-18T11:51:55","modified_gmt":"2024-01-18T10:51:55","slug":"partito-del-sud-denuncia-deviazione-dal-sud-al-nord-dei-fondi-di-coesione","status":"publish","type":"post","link":"https:\/\/progettotouring.it\/radiotouring104\/2024\/01\/18\/partito-del-sud-denuncia-deviazione-dal-sud-al-nord-dei-fondi-di-coesione\/","title":{"rendered":"Partito del Sud denuncia deviazione dal Sud al Nord dei Fondi di Coesione"},"content":{"rendered":"<p><strong>\u00a0<\/strong><strong>Riceviamo e pubblichiamo il comunicato stampa del Partito del Sud:<\/strong> &#8220;Come Partito del Sud abbiamo l\u2019impressione di vivere un flashback dell\u2019ignominioso periodo fascista, quando le notizie venivano censurate a convenienza del regime dei gerarchi. Oggi la storia si ripete!<\/p>\n<p style=\"text-align: justify\">Sui telegiornali nazionali, pubblici e privati, malgrado i nostri continui appelli, non \u00e8 stata spesa una parola per spiegare cosa stanno tramando i nostri novelli ge\u2026stori governativi a spese del Sud.<\/p>\n<p style=\"text-align: justify\">\u00c8 proprio il caso di dire che nell\u2019assordante \u201csilenzio degli innocenti\u201d, perpetrato dalle maggiori testate giornalistiche televisive si rivedono circostanze del film, dove la vittima predestinata sar\u00e0 la nostra Italia, seguita dalle Regioni del Sud, condannate l\u2019una a perdere la coesione o peggio ancora l\u2019unit\u00e0; le altre quel poco di speranza di giustizia che ancora era rimasta.<\/p>\n<p style=\"text-align: justify\">Dobbiamo annoverare in questa stagione nefasta: la gestione del Pnrr, la deviazione verso Nord dei Fondi di Coesione ed ora il colpo di grazia dell\u2019Autonomia Differenziata Regionale come un chiaro, unico, disegno volto alla secessione del Nord. Tema da sempre caro alla Lega.<\/p>\n<p style=\"text-align: justify\">I media nazionali si stanno in larga parte rendendo complici di una subdola e spregevole manovra governativa antimeridionale che, magari non nell\u2019immediato, potr\u00e0 portare per reazione alla balcanizzazione del Paese, con il Mezzogiorno stanco di pi\u00f9 di160 anni di falsit\u00e0 storiche, insulti, razzismo di stato e depredazioni! Quando stavano male loro hanno fatto l\u2019unit\u00e0, adesso che ci hanno messo in condizione di stare male noi pretendono la secessione.<\/p>\n<p style=\"text-align: justify\">Come Partito del Sud diciamo a squarciagola BASTA! Accendete l\u2019attenzione nazionale su questa problematica, sulle conseguenze possibili ed abbiate il coraggio di denunciarlo, liberi da costrizioni politiche, non rendendovi complici di questa deriva eversiva e scellerata!<\/p>\n","protected":false},"excerpt":{"rendered":"<p>\u00a0Riceviamo e pubblichiamo il comunicato stampa del Partito del Sud: &#8220;Come Partito del Sud abbiamo l\u2019impressione di vivere un flashback dell\u2019ignominioso periodo fascista, quando le notizie venivano censurate a convenienza&hellip;<\/p>\n","protected":false},"author":12,"featured_media":18282,"comment_status":"closed","ping_status":"open","sticky":false,"template":"","format":"standard","meta":{"_jetpack_memberships_contains_paid_content":false,"footnotes":"","jetpack_publicize_message":"","jetpack_publicize_feature_enabled":true,"jetpack_social_post_already_shared":false,"jetpack_social_options":{"image_generator_settings":{"template":"highway","default_image_id":0,"font":"","enabled":false},"version":2}},"categories":[142,921,196],"tags":[],"class_list":["post-42905","post","type-post","status-publish","format-standard","has-post-thumbnail","hentry","category-calabria","category-home","category-news"],"yoast_head":"<!-- This site is optimized with the Yoast SEO plugin v27.2 - https:\/\/yoast.com\/product\/yoast-seo-wordpress\/ -->\n<title>Partito del Sud denuncia deviazione dei Fondi di Coesione<\/title>\n<meta name=\"description\" content=\"Duro comunicato stampa del Partito del Sud nel quale denuncia la deviazione dei Fondi di Coesione, destinati Sud verso il Nord\" \/>\n<meta name=\"robots\" content=\"index, follow, max-snippet:-1, max-image-preview:large, max-video-preview:-1\" \/>\n<link rel=\"canonical\" href=\"https:\/\/progettotouring.it\/radiotouring104\/2024\/01\/18\/partito-del-sud-denuncia-deviazione-dal-sud-al-nord-dei-fondi-di-coesione\/\" \/>\n<meta property=\"og:locale\" content=\"it_IT\" \/>\n<meta property=\"og:type\" content=\"article\" \/>\n<meta property=\"og:title\" content=\"Partito del Sud denuncia deviazione dei Fondi di Coesione\" \/>\n<meta property=\"og:description\" content=\"Duro comunicato stampa del Partito del Sud nel quale denuncia la deviazione dei Fondi di Coesione, destinati Sud verso il Nord\" \/>\n<meta property=\"og:url\" content=\"https:\/\/progettotouring.it\/radiotouring104\/2024\/01\/18\/partito-del-sud-denuncia-deviazione-dal-sud-al-nord-dei-fondi-di-coesione\/\" \/>\n<meta property=\"og:site_name\" content=\"Radio Touring 104\" \/>\n<meta property=\"article:published_time\" content=\"2024-01-18T10:51:55+00:00\" \/>\n<meta property=\"og:image\" content=\"https:\/\/progettotouring.it\/radiotouring104\/wp-content\/uploads\/sites\/6\/2023\/02\/partito-del-Sud.jpg\" \/>\n\t<meta property=\"og:image:width\" content=\"960\" \/>\n\t<meta property=\"og:image:height\" content=\"951\" \/>\n\t<meta property=\"og:image:type\" content=\"image\/jpeg\" \/>\n<meta name=\"author\" content=\"Sebastiano Plutino\" \/>\n<meta name=\"twitter:card\" content=\"summary_large_image\" \/>\n<meta name=\"twitter:label1\" content=\"Scritto da\" \/>\n\t<meta name=\"twitter:data1\" content=\"Sebastiano Plutino\" \/>\n\t<meta name=\"twitter:label2\" content=\"Tempo di lettura stimato\" \/>\n\t<meta name=\"twitter:data2\" content=\"1 minuto\" \/>\n<script type=\"application\/ld+json\" class=\"yoast-schema-graph\">{\"@context\":\"https:\/\/schema.org\",\"@graph\":[{\"@type\":\"Article\",\"@id\":\"https:\/\/progettotouring.it\/radiotouring104\/2024\/01\/18\/partito-del-sud-denuncia-deviazione-dal-sud-al-nord-dei-fondi-di-coesione\/#article\",\"isPartOf\":{\"@id\":\"https:\/\/progettotouring.it\/radiotouring104\/2024\/01\/18\/partito-del-sud-denuncia-deviazione-dal-sud-al-nord-dei-fondi-di-coesione\/\"},\"author\":{\"name\":\"Sebastiano Plutino\",\"@id\":\"https:\/\/progettotouring.it\/radiotouring104\/#\/schema\/person\/78613917f1851f041f7483f5af1d422e\"},\"headline\":\"Partito del Sud denuncia deviazione dal Sud al Nord dei Fondi di Coesione\",\"datePublished\":\"2024-01-18T10:51:55+00:00\",\"mainEntityOfPage\":{\"@id\":\"https:\/\/progettotouring.it\/radiotouring104\/2024\/01\/18\/partito-del-sud-denuncia-deviazione-dal-sud-al-nord-dei-fondi-di-coesione\/\"},\"wordCount\":295,\"publisher\":{\"@id\":\"https:\/\/progettotouring.it\/radiotouring104\/#organization\"},\"image\":{\"@id\":\"https:\/\/progettotouring.it\/radiotouring104\/2024\/01\/18\/partito-del-sud-denuncia-deviazione-dal-sud-al-nord-dei-fondi-di-coesione\/#primaryimage\"},\"thumbnailUrl\":\"https:\/\/progettotouring.it\/radiotouring104\/wp-content\/uploads\/sites\/6\/2023\/02\/partito-del-Sud.jpg\",\"articleSection\":[\"Calabria\",\"Home\",\"News\"],\"inLanguage\":\"it-IT\"},{\"@type\":\"WebPage\",\"@id\":\"https:\/\/progettotouring.it\/radiotouring104\/2024\/01\/18\/partito-del-sud-denuncia-deviazione-dal-sud-al-nord-dei-fondi-di-coesione\/\",\"url\":\"https:\/\/progettotouring.it\/radiotouring104\/2024\/01\/18\/partito-del-sud-denuncia-deviazione-dal-sud-al-nord-dei-fondi-di-coesione\/\",\"name\":\"Partito del Sud denuncia deviazione dei Fondi di Coesione\",\"isPartOf\":{\"@id\":\"https:\/\/progettotouring.it\/radiotouring104\/#website\"},\"primaryImageOfPage\":{\"@id\":\"https:\/\/progettotouring.it\/radiotouring104\/2024\/01\/18\/partito-del-sud-denuncia-deviazione-dal-sud-al-nord-dei-fondi-di-coesione\/#primaryimage\"},\"image\":{\"@id\":\"https:\/\/progettotouring.it\/radiotouring104\/2024\/01\/18\/partito-del-sud-denuncia-deviazione-dal-sud-al-nord-dei-fondi-di-coesione\/#primaryimage\"},\"thumbnailUrl\":\"https:\/\/progettotouring.it\/radiotouring104\/wp-content\/uploads\/sites\/6\/2023\/02\/partito-del-Sud.jpg\",\"datePublished\":\"2024-01-18T10:51:55+00:00\",\"description\":\"Duro comunicato stampa del Partito del Sud nel quale denuncia la deviazione dei Fondi di Coesione, destinati Sud verso il Nord\",\"breadcrumb\":{\"@id\":\"https:\/\/progettotouring.it\/radiotouring104\/2024\/01\/18\/partito-del-sud-denuncia-deviazione-dal-sud-al-nord-dei-fondi-di-coesione\/#breadcrumb\"},\"inLanguage\":\"it-IT\",\"potentialAction\":[{\"@type\":\"ReadAction\",\"target\":[\"https:\/\/progettotouring.it\/radiotouring104\/2024\/01\/18\/partito-del-sud-denuncia-deviazione-dal-sud-al-nord-dei-fondi-di-coesione\/\"]}]},{\"@type\":\"ImageObject\",\"inLanguage\":\"it-IT\",\"@id\":\"https:\/\/progettotouring.it\/radiotouring104\/2024\/01\/18\/partito-del-sud-denuncia-deviazione-dal-sud-al-nord-dei-fondi-di-coesione\/#primaryimage\",\"url\":\"https:\/\/progettotouring.it\/radiotouring104\/wp-content\/uploads\/sites\/6\/2023\/02\/partito-del-Sud.jpg\",\"contentUrl\":\"https:\/\/progettotouring.it\/radiotouring104\/wp-content\/uploads\/sites\/6\/2023\/02\/partito-del-Sud.jpg\",\"width\":960,\"height\":951},{\"@type\":\"BreadcrumbList\",\"@id\":\"https:\/\/progettotouring.it\/radiotouring104\/2024\/01\/18\/partito-del-sud-denuncia-deviazione-dal-sud-al-nord-dei-fondi-di-coesione\/#breadcrumb\",\"itemListElement\":[{\"@type\":\"ListItem\",\"position\":1,\"name\":\"Home\",\"item\":\"https:\/\/progettotouring.it\/radiotouring104\/\"},{\"@type\":\"ListItem\",\"position\":2,\"name\":\"Partito del Sud denuncia deviazione dal Sud al Nord dei Fondi di Coesione\"}]},{\"@type\":\"WebSite\",\"@id\":\"https:\/\/progettotouring.it\/radiotouring104\/#website\",\"url\":\"https:\/\/progettotouring.it\/radiotouring104\/\",\"name\":\"Radio Touring 104\",\"description\":\"La prima radio Reggina\",\"publisher\":{\"@id\":\"https:\/\/progettotouring.it\/radiotouring104\/#organization\"},\"potentialAction\":[{\"@type\":\"SearchAction\",\"target\":{\"@type\":\"EntryPoint\",\"urlTemplate\":\"https:\/\/progettotouring.it\/radiotouring104\/?s={search_term_string}\"},\"query-input\":{\"@type\":\"PropertyValueSpecification\",\"valueRequired\":true,\"valueName\":\"search_term_string\"}}],\"inLanguage\":\"it-IT\"},{\"@type\":\"Organization\",\"@id\":\"https:\/\/progettotouring.it\/radiotouring104\/#organization\",\"name\":\"Radio Touring 104\",\"url\":\"https:\/\/progettotouring.it\/radiotouring104\/\",\"logo\":{\"@type\":\"ImageObject\",\"inLanguage\":\"it-IT\",\"@id\":\"https:\/\/progettotouring.it\/radiotouring104\/#\/schema\/logo\/image\/\",\"url\":\"https:\/\/progettotouring.it\/radiotouring104\/wp-content\/uploads\/sites\/6\/2022\/02\/cropped-logo-radio-touring-104.png\",\"contentUrl\":\"https:\/\/progettotouring.it\/radiotouring104\/wp-content\/uploads\/sites\/6\/2022\/02\/cropped-logo-radio-touring-104.png\",\"width\":377,\"height\":182,\"caption\":\"Radio Touring 104\"},\"image\":{\"@id\":\"https:\/\/progettotouring.it\/radiotouring104\/#\/schema\/logo\/image\/\"}},{\"@type\":\"Person\",\"@id\":\"https:\/\/progettotouring.it\/radiotouring104\/#\/schema\/person\/78613917f1851f041f7483f5af1d422e\",\"name\":\"Sebastiano Plutino\",\"image\":{\"@type\":\"ImageObject\",\"inLanguage\":\"it-IT\",\"@id\":\"https:\/\/secure.gravatar.com\/avatar\/0546ffaa9b79224faf9f2a156b67a529ae861d3287c66c1d8ccfdf909bcba78d?s=96&d=mm&r=g\",\"url\":\"https:\/\/secure.gravatar.com\/avatar\/0546ffaa9b79224faf9f2a156b67a529ae861d3287c66c1d8ccfdf909bcba78d?s=96&d=mm&r=g\",\"contentUrl\":\"https:\/\/secure.gravatar.com\/avatar\/0546ffaa9b79224faf9f2a156b67a529ae861d3287c66c1d8ccfdf909bcba78d?s=96&d=mm&r=g\",\"caption\":\"Sebastiano Plutino\"},\"url\":\"https:\/\/progettotouring.it\/radiotouring104\/author\/sebastiano\/\"}]}<\/script>\n<!-- \/ Yoast SEO plugin. -->","yoast_head_json":{"title":"Partito del Sud denuncia deviazione dei Fondi di Coesione","description":"Duro comunicato stampa del Partito del Sud nel quale denuncia la deviazione dei Fondi di Coesione, destinati Sud verso il Nord","robots":{"index":"index","follow":"follow","max-snippet":"max-snippet:-1","max-image-preview":"max-image-preview:large","max-video-preview":"max-video-preview:-1"},"canonical":"https:\/\/progettotouring.it\/radiotouring104\/2024\/01\/18\/partito-del-sud-denuncia-deviazione-dal-sud-al-nord-dei-fondi-di-coesione\/","og_locale":"it_IT","og_type":"article","og_title":"Partito del Sud denuncia deviazione dei Fondi di Coesione","og_description":"Duro comunicato stampa del Partito del Sud nel quale denuncia la deviazione dei Fondi di Coesione, destinati Sud verso il Nord","og_url":"https:\/\/progettotouring.it\/radiotouring104\/2024\/01\/18\/partito-del-sud-denuncia-deviazione-dal-sud-al-nord-dei-fondi-di-coesione\/","og_site_name":"Radio Touring 104","article_published_time":"2024-01-18T10:51:55+00:00","og_image":[{"width":960,"height":951,"url":"https:\/\/progettotouring.it\/radiotouring104\/wp-content\/uploads\/sites\/6\/2023\/02\/partito-del-Sud.jpg","type":"image\/jpeg"}],"author":"Sebastiano Plutino","twitter_card":"summary_large_image","twitter_misc":{"Scritto da":"Sebastiano Plutino","Tempo di lettura stimato":"1 minuto"},"schema":{"@context":"https:\/\/schema.org","@graph":[{"@type":"Article","@id":"https:\/\/progettotouring.it\/radiotouring104\/2024\/01\/18\/partito-del-sud-denuncia-deviazione-dal-sud-al-nord-dei-fondi-di-coesione\/#article","isPartOf":{"@id":"https:\/\/progettotouring.it\/radiotouring104\/2024\/01\/18\/partito-del-sud-denuncia-deviazione-dal-sud-al-nord-dei-fondi-di-coesione\/"},"author":{"name":"Sebastiano Plutino","@id":"https:\/\/progettotouring.it\/radiotouring104\/#\/schema\/person\/78613917f1851f041f7483f5af1d422e"},"headline":"Partito del Sud denuncia deviazione dal Sud al Nord dei Fondi di Coesione","datePublished":"2024-01-18T10:51:55+00:00","mainEntityOfPage":{"@id":"https:\/\/progettotouring.it\/radiotouring104\/2024\/01\/18\/partito-del-sud-denuncia-deviazione-dal-sud-al-nord-dei-fondi-di-coesione\/"},"wordCount":295,"publisher":{"@id":"https:\/\/progettotouring.it\/radiotouring104\/#organization"},"image":{"@id":"https:\/\/progettotouring.it\/radiotouring104\/2024\/01\/18\/partito-del-sud-denuncia-deviazione-dal-sud-al-nord-dei-fondi-di-coesione\/#primaryimage"},"thumbnailUrl":"https:\/\/progettotouring.it\/radiotouring104\/wp-content\/uploads\/sites\/6\/2023\/02\/partito-del-Sud.jpg","articleSection":["Calabria","Home","News"],"inLanguage":"it-IT"},{"@type":"WebPage","@id":"https:\/\/progettotouring.it\/radiotouring104\/2024\/01\/18\/partito-del-sud-denuncia-deviazione-dal-sud-al-nord-dei-fondi-di-coesione\/","url":"https:\/\/progettotouring.it\/radiotouring104\/2024\/01\/18\/partito-del-sud-denuncia-deviazione-dal-sud-al-nord-dei-fondi-di-coesione\/","name":"Partito del Sud denuncia deviazione dei Fondi di Coesione","isPartOf":{"@id":"https:\/\/progettotouring.it\/radiotouring104\/#website"},"primaryImageOfPage":{"@id":"https:\/\/progettotouring.it\/radiotouring104\/2024\/01\/18\/partito-del-sud-denuncia-deviazione-dal-sud-al-nord-dei-fondi-di-coesione\/#primaryimage"},"image":{"@id":"https:\/\/progettotouring.it\/radiotouring104\/2024\/01\/18\/partito-del-sud-denuncia-deviazione-dal-sud-al-nord-dei-fondi-di-coesione\/#primaryimage"},"thumbnailUrl":"https:\/\/progettotouring.it\/radiotouring104\/wp-content\/uploads\/sites\/6\/2023\/02\/partito-del-Sud.jpg","datePublished":"2024-01-18T10:51:55+00:00","description":"Duro comunicato stampa del Partito del Sud nel quale denuncia la deviazione dei Fondi di Coesione, destinati Sud verso il Nord","breadcrumb":{"@id":"https:\/\/progettotouring.it\/radiotouring104\/2024\/01\/18\/partito-del-sud-denuncia-deviazione-dal-sud-al-nord-dei-fondi-di-coesione\/#breadcrumb"},"inLanguage":"it-IT","potentialAction":[{"@type":"ReadAction","target":["https:\/\/progettotouring.it\/radiotouring104\/2024\/01\/18\/partito-del-sud-denuncia-deviazione-dal-sud-al-nord-dei-fondi-di-coesione\/"]}]},{"@type":"ImageObject","inLanguage":"it-IT","@id":"https:\/\/progettotouring.it\/radiotouring104\/2024\/01\/18\/partito-del-sud-denuncia-deviazione-dal-sud-al-nord-dei-fondi-di-coesione\/#primaryimage","url":"https:\/\/progettotouring.it\/radiotouring104\/wp-content\/uploads\/sites\/6\/2023\/02\/partito-del-Sud.jpg","contentUrl":"https:\/\/progettotouring.it\/radiotouring104\/wp-content\/uploads\/sites\/6\/2023\/02\/partito-del-Sud.jpg","width":960,"height":951},{"@type":"BreadcrumbList","@id":"https:\/\/progettotouring.it\/radiotouring104\/2024\/01\/18\/partito-del-sud-denuncia-deviazione-dal-sud-al-nord-dei-fondi-di-coesione\/#breadcrumb","itemListElement":[{"@type":"ListItem","position":1,"name":"Home","item":"https:\/\/progettotouring.it\/radiotouring104\/"},{"@type":"ListItem","position":2,"name":"Partito del Sud denuncia deviazione dal Sud al Nord dei Fondi di Coesione"}]},{"@type":"WebSite","@id":"https:\/\/progettotouring.it\/radiotouring104\/#website","url":"https:\/\/progettotouring.it\/radiotouring104\/","name":"Radio Touring 104","description":"La prima radio Reggina","publisher":{"@id":"https:\/\/progettotouring.it\/radiotouring104\/#organization"},"potentialAction":[{"@type":"SearchAction","target":{"@type":"EntryPoint","urlTemplate":"https:\/\/progettotouring.it\/radiotouring104\/?s={search_term_string}"},"query-input":{"@type":"PropertyValueSpecification","valueRequired":true,"valueName":"search_term_string"}}],"inLanguage":"it-IT"},{"@type":"Organization","@id":"https:\/\/progettotouring.it\/radiotouring104\/#organization","name":"Radio Touring 104","url":"https:\/\/progettotouring.it\/radiotouring104\/","logo":{"@type":"ImageObject","inLanguage":"it-IT","@id":"https:\/\/progettotouring.it\/radiotouring104\/#\/schema\/logo\/image\/","url":"https:\/\/progettotouring.it\/radiotouring104\/wp-content\/uploads\/sites\/6\/2022\/02\/cropped-logo-radio-touring-104.png","contentUrl":"https:\/\/progettotouring.it\/radiotouring104\/wp-content\/uploads\/sites\/6\/2022\/02\/cropped-logo-radio-touring-104.png","width":377,"height":182,"caption":"Radio Touring 104"},"image":{"@id":"https:\/\/progettotouring.it\/radiotouring104\/#\/schema\/logo\/image\/"}},{"@type":"Person","@id":"https:\/\/progettotouring.it\/radiotouring104\/#\/schema\/person\/78613917f1851f041f7483f5af1d422e","name":"Sebastiano Plutino","image":{"@type":"ImageObject","inLanguage":"it-IT","@id":"https:\/\/secure.gravatar.com\/avatar\/0546ffaa9b79224faf9f2a156b67a529ae861d3287c66c1d8ccfdf909bcba78d?s=96&d=mm&r=g","url":"https:\/\/secure.gravatar.com\/avatar\/0546ffaa9b79224faf9f2a156b67a529ae861d3287c66c1d8ccfdf909bcba78d?s=96&d=mm&r=g","contentUrl":"https:\/\/secure.gravatar.com\/avatar\/0546ffaa9b79224faf9f2a156b67a529ae861d3287c66c1d8ccfdf909bcba78d?s=96&d=mm&r=g","caption":"Sebastiano Plutino"},"url":"https:\/\/progettotouring.it\/radiotouring104\/author\/sebastiano\/"}]}},"jetpack_publicize_connections":[],"jetpack_featured_media_url":"https:\/\/progettotouring.it\/radiotouring104\/wp-content\/uploads\/sites\/6\/2023\/02\/partito-del-Sud.jpg","jetpack_sharing_enabled":true,"_links":{"self":[{"href":"https:\/\/progettotouring.it\/radiotouring104\/wp-json\/wp\/v2\/posts\/42905","targetHints":{"allow":["GET"]}}],"collection":[{"href":"https:\/\/progettotouring.it\/radiotouring104\/wp-json\/wp\/v2\/posts"}],"about":[{"href":"https:\/\/progettotouring.it\/radiotouring104\/wp-json\/wp\/v2\/types\/post"}],"author":[{"embeddable":true,"href":"https:\/\/progettotouring.it\/radiotouring104\/wp-json\/wp\/v2\/users\/12"}],"replies":[{"embeddable":true,"href":"https:\/\/progettotouring.it\/radiotouring104\/wp-json\/wp\/v2\/comments?post=42905"}],"version-history":[{"count":1,"href":"https:\/\/progettotouring.it\/radiotouring104\/wp-json\/wp\/v2\/posts\/42905\/revisions"}],"predecessor-version":[{"id":42906,"href":"https:\/\/progettotouring.it\/radiotouring104\/wp-json\/wp\/v2\/posts\/42905\/revisions\/42906"}],"wp:featuredmedia":[{"embeddable":true,"href":"https:\/\/progettotouring.it\/radiotouring104\/wp-json\/wp\/v2\/media\/18282"}],"wp:attachment":[{"href":"https:\/\/progettotouring.it\/radiotouring104\/wp-json\/wp\/v2\/media?parent=42905"}],"wp:term":[{"taxonomy":"category","embeddable":true,"href":"https:\/\/progettotouring.it\/radiotouring104\/wp-json\/wp\/v2\/categories?post=42905"},{"taxonomy":"post_tag","embeddable":true,"href":"https:\/\/progettotouring.it\/radiotouring104\/wp-json\/wp\/v2\/tags?post=42905"}],"curies":[{"name":"wp","href":"https:\/\/api.w.org\/{rel}","templated":true}]}}