{"id":42909,"date":"2024-01-18T12:16:55","date_gmt":"2024-01-18T11:16:55","guid":{"rendered":"https:\/\/progettotouring.it\/radiotouring104\/?p=42909"},"modified":"2024-01-18T12:16:55","modified_gmt":"2024-01-18T11:16:55","slug":"anpi-presentato-a-palazzo-alvaro-il-libro-antifascisti-adesso-del-presidente-pagliarulo","status":"publish","type":"post","link":"https:\/\/progettotouring.it\/radiotouring104\/2024\/01\/18\/anpi-presentato-a-palazzo-alvaro-il-libro-antifascisti-adesso-del-presidente-pagliarulo\/","title":{"rendered":"Anpi: presentato a Palazzo Alvaro il libro &#8220;Antifascisti adesso&#8221; del Presidente Pagliarulo"},"content":{"rendered":"<p style=\"text-align: justify\"><strong>Il sindaco metropolitano Giuseppe Falcomat\u00e0 ha preso parte alla presentazione del libro<\/strong><em> \u201cAntifascisti adesso. Perch\u00e9 non \u00e8 ancora finita<\/em>\u201d <strong>di Gianfranco Pagliarulo, presidente nazionale dell\u2019Anpi.<\/strong><\/p>\n<p style=\"text-align: justify\">Nella sala \u201cTrisolini\u201d di <strong>Palazzo Alvaro, insieme all\u2019autore ed al sindaco<\/strong>, erano<strong> presenti anche Elisabetta Tripodi,<\/strong> presidente dell\u2019Anpi reggina, <strong>Donatella Loprieno,<\/strong> costituzionalista e docente Unical, ed il giornalista<strong> Filippo Diano<\/strong> che hanno discusso di Antifascismo, Costituzione, autonomia differenziata e premierato.<\/p>\n<p style=\"text-align: justify\">Falcomat\u00e0, nel corso del suo intervento, \u00e8 andato subito al sodo: <em>\u00abL&#8217;autonomia differenziata \u00e8 un nuovo fascismo\u00bb<\/em>.<strong> Il sindaco ne \u00e8 convinto perch\u00e9,<\/strong><em> \u00abse \u00e8 vero che il fascismo toglie la libert\u00e0, non garantisce i diritti per tutti, non consente ai territori di poter crescere insieme e svilupparsi, possiamo tranquillamente affermare che, oggi, un nuovo fascismo \u00e8 rappresentato dalla riforma leghista\u00bb.<\/em><\/p>\n<p style=\"text-align: justify\">Il sindaco ha, quindi, parlato del libro di Pagliarulo e sottolineato \u00abl&#8217;importanza di un incontro culturale che diventa occasione per ricordare quelli che sono stati i danni causati dalla cultura fascista, dalle politiche e dalle oppressioni di un tremendo regime, ma anche opportunit\u00e0 per riflettere su quelli che possono essere definiti i nuovi fascismi\u00bb.<\/p>\n<p style=\"text-align: justify\">\u00abMomenti simili &#8211;<strong> ha aggiunto<\/strong> &#8211;<em> devono servire a fare riflettere per ribadire il nostro fermo no alla riforma Calderoli, per condannare quei &#8220;no silenti&#8221; da parte di chi, oggi, rappresentando le istituzioni calabresi, della Citt\u00e0 metropolitana o del Mezzogiorno nel Parlamento italiano, in maniera omissiva, sta consentendo questa idea leghista d&#8217;Italia che condanner\u00e0 i nostri territori al degrado ed il Paese ad andare a due velocit\u00e0\u00bb. \u00abL&#8217;autonomia differenziata<\/em> &#8211;<strong> ha concluso il sindaco Giuseppe Falcomat\u00e0 &#8211;<\/strong><em> sancir\u00e0 quella che, opportunamente, \u00e8 stata definita la secessione dei ricchi\u00bb<\/em>.<\/p>\n<div><\/div>\n","protected":false},"excerpt":{"rendered":"<p>Il sindaco metropolitano Giuseppe Falcomat\u00e0 ha preso parte alla presentazione del libro \u201cAntifascisti adesso. Perch\u00e9 non \u00e8 ancora finita\u201d di Gianfranco Pagliarulo, presidente nazionale dell\u2019Anpi. Nella sala \u201cTrisolini\u201d di Palazzo&hellip;<\/p>\n","protected":false},"author":12,"featured_media":42911,"comment_status":"closed","ping_status":"open","sticky":false,"template":"","format":"standard","meta":{"_jetpack_memberships_contains_paid_content":false,"footnotes":"","jetpack_publicize_message":"","jetpack_publicize_feature_enabled":true,"jetpack_social_post_already_shared":false,"jetpack_social_options":{"image_generator_settings":{"template":"highway","default_image_id":0,"font":"","enabled":false},"version":2}},"categories":[921,196,140],"tags":[2384,6518,26387,812,26484,739],"class_list":["post-42909","post","type-post","status-publish","format-standard","has-post-thumbnail","hentry","category-home","category-news","category-reggio-calabria","tag-anpi","tag-autonomia-differenziata","tag-gianfranco-pagliarulo","tag-giuseppe-falcomata","tag-libro-antifascisti-adesso","tag-palazzo-alvaro"],"yoast_head":"<!-- This site is optimized with the Yoast SEO plugin v27.2 - https:\/\/yoast.com\/product\/yoast-seo-wordpress\/ -->\n<title>Palazzo Alvaro: presentato libro &quot;Antifascisti adesso&quot; Pres. ANPI<\/title>\n<meta name=\"description\" content=\"&quot;Autonomia differenziata \u00e8 un nuovo fascismo, perch\u00e9 limita la libert\u00e0 e i diritti delle persone&quot;, dichiara il Sindaco Giuseppe Falcomat\u00e0\" \/>\n<meta name=\"robots\" content=\"index, follow, max-snippet:-1, max-image-preview:large, max-video-preview:-1\" \/>\n<link rel=\"canonical\" href=\"https:\/\/progettotouring.it\/radiotouring104\/2024\/01\/18\/anpi-presentato-a-palazzo-alvaro-il-libro-antifascisti-adesso-del-presidente-pagliarulo\/\" \/>\n<meta property=\"og:locale\" content=\"it_IT\" \/>\n<meta property=\"og:type\" content=\"article\" \/>\n<meta property=\"og:title\" content=\"Palazzo Alvaro: presentato libro &quot;Antifascisti adesso&quot; Pres. ANPI\" \/>\n<meta property=\"og:description\" content=\"&quot;Autonomia differenziata \u00e8 un nuovo fascismo, perch\u00e9 limita la libert\u00e0 e i diritti delle persone&quot;, dichiara il Sindaco Giuseppe Falcomat\u00e0\" \/>\n<meta property=\"og:url\" content=\"https:\/\/progettotouring.it\/radiotouring104\/2024\/01\/18\/anpi-presentato-a-palazzo-alvaro-il-libro-antifascisti-adesso-del-presidente-pagliarulo\/\" \/>\n<meta property=\"og:site_name\" content=\"Radio Touring 104\" \/>\n<meta property=\"article:published_time\" content=\"2024-01-18T11:16:55+00:00\" \/>\n<meta property=\"og:image\" content=\"https:\/\/progettotouring.it\/radiotouring104\/wp-content\/uploads\/sites\/6\/2024\/01\/Pagliarulo-Filippo-Diano-Elisabetta-Tripodi-Falcomata-Pal-Alvaro.jpeg\" \/>\n\t<meta property=\"og:image:width\" content=\"2000\" \/>\n\t<meta property=\"og:image:height\" content=\"1500\" \/>\n\t<meta property=\"og:image:type\" content=\"image\/jpeg\" \/>\n<meta name=\"author\" content=\"Sebastiano Plutino\" \/>\n<meta name=\"twitter:card\" content=\"summary_large_image\" \/>\n<meta name=\"twitter:label1\" content=\"Scritto da\" \/>\n\t<meta name=\"twitter:data1\" content=\"Sebastiano Plutino\" \/>\n\t<meta name=\"twitter:label2\" content=\"Tempo di lettura stimato\" \/>\n\t<meta name=\"twitter:data2\" content=\"1 minuto\" \/>\n<script type=\"application\/ld+json\" class=\"yoast-schema-graph\">{\"@context\":\"https:\/\/schema.org\",\"@graph\":[{\"@type\":\"Article\",\"@id\":\"https:\/\/progettotouring.it\/radiotouring104\/2024\/01\/18\/anpi-presentato-a-palazzo-alvaro-il-libro-antifascisti-adesso-del-presidente-pagliarulo\/#article\",\"isPartOf\":{\"@id\":\"https:\/\/progettotouring.it\/radiotouring104\/2024\/01\/18\/anpi-presentato-a-palazzo-alvaro-il-libro-antifascisti-adesso-del-presidente-pagliarulo\/\"},\"author\":{\"name\":\"Sebastiano Plutino\",\"@id\":\"https:\/\/progettotouring.it\/radiotouring104\/#\/schema\/person\/78613917f1851f041f7483f5af1d422e\"},\"headline\":\"Anpi: presentato a Palazzo Alvaro il libro &#8220;Antifascisti adesso&#8221; del Presidente Pagliarulo\",\"datePublished\":\"2024-01-18T11:16:55+00:00\",\"mainEntityOfPage\":{\"@id\":\"https:\/\/progettotouring.it\/radiotouring104\/2024\/01\/18\/anpi-presentato-a-palazzo-alvaro-il-libro-antifascisti-adesso-del-presidente-pagliarulo\/\"},\"wordCount\":276,\"publisher\":{\"@id\":\"https:\/\/progettotouring.it\/radiotouring104\/#organization\"},\"image\":{\"@id\":\"https:\/\/progettotouring.it\/radiotouring104\/2024\/01\/18\/anpi-presentato-a-palazzo-alvaro-il-libro-antifascisti-adesso-del-presidente-pagliarulo\/#primaryimage\"},\"thumbnailUrl\":\"https:\/\/progettotouring.it\/radiotouring104\/wp-content\/uploads\/sites\/6\/2024\/01\/Pagliarulo-Filippo-Diano-Elisabetta-Tripodi-Falcomata-Pal-Alvaro.jpeg\",\"keywords\":[\"ANPI\",\"autonomia differenziata\",\"Gianfranco Pagliarulo\",\"Giuseppe Falcomat\u00e0\",\"Libro Antifascisti adesso\",\"Palazzo Alvaro\"],\"articleSection\":[\"Home\",\"News\",\"Reggio Calabria\"],\"inLanguage\":\"it-IT\"},{\"@type\":\"WebPage\",\"@id\":\"https:\/\/progettotouring.it\/radiotouring104\/2024\/01\/18\/anpi-presentato-a-palazzo-alvaro-il-libro-antifascisti-adesso-del-presidente-pagliarulo\/\",\"url\":\"https:\/\/progettotouring.it\/radiotouring104\/2024\/01\/18\/anpi-presentato-a-palazzo-alvaro-il-libro-antifascisti-adesso-del-presidente-pagliarulo\/\",\"name\":\"Palazzo Alvaro: presentato libro \\\"Antifascisti adesso\\\" Pres. ANPI\",\"isPartOf\":{\"@id\":\"https:\/\/progettotouring.it\/radiotouring104\/#website\"},\"primaryImageOfPage\":{\"@id\":\"https:\/\/progettotouring.it\/radiotouring104\/2024\/01\/18\/anpi-presentato-a-palazzo-alvaro-il-libro-antifascisti-adesso-del-presidente-pagliarulo\/#primaryimage\"},\"image\":{\"@id\":\"https:\/\/progettotouring.it\/radiotouring104\/2024\/01\/18\/anpi-presentato-a-palazzo-alvaro-il-libro-antifascisti-adesso-del-presidente-pagliarulo\/#primaryimage\"},\"thumbnailUrl\":\"https:\/\/progettotouring.it\/radiotouring104\/wp-content\/uploads\/sites\/6\/2024\/01\/Pagliarulo-Filippo-Diano-Elisabetta-Tripodi-Falcomata-Pal-Alvaro.jpeg\",\"datePublished\":\"2024-01-18T11:16:55+00:00\",\"description\":\"\\\"Autonomia differenziata \u00e8 un nuovo fascismo, perch\u00e9 limita la libert\u00e0 e i diritti delle persone\\\", dichiara il Sindaco Giuseppe Falcomat\u00e0\",\"breadcrumb\":{\"@id\":\"https:\/\/progettotouring.it\/radiotouring104\/2024\/01\/18\/anpi-presentato-a-palazzo-alvaro-il-libro-antifascisti-adesso-del-presidente-pagliarulo\/#breadcrumb\"},\"inLanguage\":\"it-IT\",\"potentialAction\":[{\"@type\":\"ReadAction\",\"target\":[\"https:\/\/progettotouring.it\/radiotouring104\/2024\/01\/18\/anpi-presentato-a-palazzo-alvaro-il-libro-antifascisti-adesso-del-presidente-pagliarulo\/\"]}]},{\"@type\":\"ImageObject\",\"inLanguage\":\"it-IT\",\"@id\":\"https:\/\/progettotouring.it\/radiotouring104\/2024\/01\/18\/anpi-presentato-a-palazzo-alvaro-il-libro-antifascisti-adesso-del-presidente-pagliarulo\/#primaryimage\",\"url\":\"https:\/\/progettotouring.it\/radiotouring104\/wp-content\/uploads\/sites\/6\/2024\/01\/Pagliarulo-Filippo-Diano-Elisabetta-Tripodi-Falcomata-Pal-Alvaro.jpeg\",\"contentUrl\":\"https:\/\/progettotouring.it\/radiotouring104\/wp-content\/uploads\/sites\/6\/2024\/01\/Pagliarulo-Filippo-Diano-Elisabetta-Tripodi-Falcomata-Pal-Alvaro.jpeg\",\"width\":2000,\"height\":1500},{\"@type\":\"BreadcrumbList\",\"@id\":\"https:\/\/progettotouring.it\/radiotouring104\/2024\/01\/18\/anpi-presentato-a-palazzo-alvaro-il-libro-antifascisti-adesso-del-presidente-pagliarulo\/#breadcrumb\",\"itemListElement\":[{\"@type\":\"ListItem\",\"position\":1,\"name\":\"Home\",\"item\":\"https:\/\/progettotouring.it\/radiotouring104\/\"},{\"@type\":\"ListItem\",\"position\":2,\"name\":\"Anpi: presentato a Palazzo Alvaro il libro &#8220;Antifascisti adesso&#8221; del Presidente Pagliarulo\"}]},{\"@type\":\"WebSite\",\"@id\":\"https:\/\/progettotouring.it\/radiotouring104\/#website\",\"url\":\"https:\/\/progettotouring.it\/radiotouring104\/\",\"name\":\"Radio Touring 104\",\"description\":\"La prima radio Reggina\",\"publisher\":{\"@id\":\"https:\/\/progettotouring.it\/radiotouring104\/#organization\"},\"potentialAction\":[{\"@type\":\"SearchAction\",\"target\":{\"@type\":\"EntryPoint\",\"urlTemplate\":\"https:\/\/progettotouring.it\/radiotouring104\/?s={search_term_string}\"},\"query-input\":{\"@type\":\"PropertyValueSpecification\",\"valueRequired\":true,\"valueName\":\"search_term_string\"}}],\"inLanguage\":\"it-IT\"},{\"@type\":\"Organization\",\"@id\":\"https:\/\/progettotouring.it\/radiotouring104\/#organization\",\"name\":\"Radio Touring 104\",\"url\":\"https:\/\/progettotouring.it\/radiotouring104\/\",\"logo\":{\"@type\":\"ImageObject\",\"inLanguage\":\"it-IT\",\"@id\":\"https:\/\/progettotouring.it\/radiotouring104\/#\/schema\/logo\/image\/\",\"url\":\"https:\/\/progettotouring.it\/radiotouring104\/wp-content\/uploads\/sites\/6\/2022\/02\/cropped-logo-radio-touring-104.png\",\"contentUrl\":\"https:\/\/progettotouring.it\/radiotouring104\/wp-content\/uploads\/sites\/6\/2022\/02\/cropped-logo-radio-touring-104.png\",\"width\":377,\"height\":182,\"caption\":\"Radio Touring 104\"},\"image\":{\"@id\":\"https:\/\/progettotouring.it\/radiotouring104\/#\/schema\/logo\/image\/\"}},{\"@type\":\"Person\",\"@id\":\"https:\/\/progettotouring.it\/radiotouring104\/#\/schema\/person\/78613917f1851f041f7483f5af1d422e\",\"name\":\"Sebastiano Plutino\",\"image\":{\"@type\":\"ImageObject\",\"inLanguage\":\"it-IT\",\"@id\":\"https:\/\/secure.gravatar.com\/avatar\/0546ffaa9b79224faf9f2a156b67a529ae861d3287c66c1d8ccfdf909bcba78d?s=96&d=mm&r=g\",\"url\":\"https:\/\/secure.gravatar.com\/avatar\/0546ffaa9b79224faf9f2a156b67a529ae861d3287c66c1d8ccfdf909bcba78d?s=96&d=mm&r=g\",\"contentUrl\":\"https:\/\/secure.gravatar.com\/avatar\/0546ffaa9b79224faf9f2a156b67a529ae861d3287c66c1d8ccfdf909bcba78d?s=96&d=mm&r=g\",\"caption\":\"Sebastiano Plutino\"},\"url\":\"https:\/\/progettotouring.it\/radiotouring104\/author\/sebastiano\/\"}]}<\/script>\n<!-- \/ Yoast SEO plugin. -->","yoast_head_json":{"title":"Palazzo Alvaro: presentato libro \"Antifascisti adesso\" Pres. ANPI","description":"\"Autonomia differenziata \u00e8 un nuovo fascismo, perch\u00e9 limita la libert\u00e0 e i diritti delle persone\", dichiara il Sindaco Giuseppe Falcomat\u00e0","robots":{"index":"index","follow":"follow","max-snippet":"max-snippet:-1","max-image-preview":"max-image-preview:large","max-video-preview":"max-video-preview:-1"},"canonical":"https:\/\/progettotouring.it\/radiotouring104\/2024\/01\/18\/anpi-presentato-a-palazzo-alvaro-il-libro-antifascisti-adesso-del-presidente-pagliarulo\/","og_locale":"it_IT","og_type":"article","og_title":"Palazzo Alvaro: presentato libro \"Antifascisti adesso\" Pres. ANPI","og_description":"\"Autonomia differenziata \u00e8 un nuovo fascismo, perch\u00e9 limita la libert\u00e0 e i diritti delle persone\", dichiara il Sindaco Giuseppe Falcomat\u00e0","og_url":"https:\/\/progettotouring.it\/radiotouring104\/2024\/01\/18\/anpi-presentato-a-palazzo-alvaro-il-libro-antifascisti-adesso-del-presidente-pagliarulo\/","og_site_name":"Radio Touring 104","article_published_time":"2024-01-18T11:16:55+00:00","og_image":[{"width":2000,"height":1500,"url":"https:\/\/progettotouring.it\/radiotouring104\/wp-content\/uploads\/sites\/6\/2024\/01\/Pagliarulo-Filippo-Diano-Elisabetta-Tripodi-Falcomata-Pal-Alvaro.jpeg","type":"image\/jpeg"}],"author":"Sebastiano Plutino","twitter_card":"summary_large_image","twitter_misc":{"Scritto da":"Sebastiano Plutino","Tempo di lettura stimato":"1 minuto"},"schema":{"@context":"https:\/\/schema.org","@graph":[{"@type":"Article","@id":"https:\/\/progettotouring.it\/radiotouring104\/2024\/01\/18\/anpi-presentato-a-palazzo-alvaro-il-libro-antifascisti-adesso-del-presidente-pagliarulo\/#article","isPartOf":{"@id":"https:\/\/progettotouring.it\/radiotouring104\/2024\/01\/18\/anpi-presentato-a-palazzo-alvaro-il-libro-antifascisti-adesso-del-presidente-pagliarulo\/"},"author":{"name":"Sebastiano Plutino","@id":"https:\/\/progettotouring.it\/radiotouring104\/#\/schema\/person\/78613917f1851f041f7483f5af1d422e"},"headline":"Anpi: presentato a Palazzo Alvaro il libro &#8220;Antifascisti adesso&#8221; del Presidente Pagliarulo","datePublished":"2024-01-18T11:16:55+00:00","mainEntityOfPage":{"@id":"https:\/\/progettotouring.it\/radiotouring104\/2024\/01\/18\/anpi-presentato-a-palazzo-alvaro-il-libro-antifascisti-adesso-del-presidente-pagliarulo\/"},"wordCount":276,"publisher":{"@id":"https:\/\/progettotouring.it\/radiotouring104\/#organization"},"image":{"@id":"https:\/\/progettotouring.it\/radiotouring104\/2024\/01\/18\/anpi-presentato-a-palazzo-alvaro-il-libro-antifascisti-adesso-del-presidente-pagliarulo\/#primaryimage"},"thumbnailUrl":"https:\/\/progettotouring.it\/radiotouring104\/wp-content\/uploads\/sites\/6\/2024\/01\/Pagliarulo-Filippo-Diano-Elisabetta-Tripodi-Falcomata-Pal-Alvaro.jpeg","keywords":["ANPI","autonomia differenziata","Gianfranco Pagliarulo","Giuseppe Falcomat\u00e0","Libro Antifascisti adesso","Palazzo Alvaro"],"articleSection":["Home","News","Reggio Calabria"],"inLanguage":"it-IT"},{"@type":"WebPage","@id":"https:\/\/progettotouring.it\/radiotouring104\/2024\/01\/18\/anpi-presentato-a-palazzo-alvaro-il-libro-antifascisti-adesso-del-presidente-pagliarulo\/","url":"https:\/\/progettotouring.it\/radiotouring104\/2024\/01\/18\/anpi-presentato-a-palazzo-alvaro-il-libro-antifascisti-adesso-del-presidente-pagliarulo\/","name":"Palazzo Alvaro: presentato libro \"Antifascisti adesso\" Pres. ANPI","isPartOf":{"@id":"https:\/\/progettotouring.it\/radiotouring104\/#website"},"primaryImageOfPage":{"@id":"https:\/\/progettotouring.it\/radiotouring104\/2024\/01\/18\/anpi-presentato-a-palazzo-alvaro-il-libro-antifascisti-adesso-del-presidente-pagliarulo\/#primaryimage"},"image":{"@id":"https:\/\/progettotouring.it\/radiotouring104\/2024\/01\/18\/anpi-presentato-a-palazzo-alvaro-il-libro-antifascisti-adesso-del-presidente-pagliarulo\/#primaryimage"},"thumbnailUrl":"https:\/\/progettotouring.it\/radiotouring104\/wp-content\/uploads\/sites\/6\/2024\/01\/Pagliarulo-Filippo-Diano-Elisabetta-Tripodi-Falcomata-Pal-Alvaro.jpeg","datePublished":"2024-01-18T11:16:55+00:00","description":"\"Autonomia differenziata \u00e8 un nuovo fascismo, perch\u00e9 limita la libert\u00e0 e i diritti delle persone\", dichiara il Sindaco Giuseppe Falcomat\u00e0","breadcrumb":{"@id":"https:\/\/progettotouring.it\/radiotouring104\/2024\/01\/18\/anpi-presentato-a-palazzo-alvaro-il-libro-antifascisti-adesso-del-presidente-pagliarulo\/#breadcrumb"},"inLanguage":"it-IT","potentialAction":[{"@type":"ReadAction","target":["https:\/\/progettotouring.it\/radiotouring104\/2024\/01\/18\/anpi-presentato-a-palazzo-alvaro-il-libro-antifascisti-adesso-del-presidente-pagliarulo\/"]}]},{"@type":"ImageObject","inLanguage":"it-IT","@id":"https:\/\/progettotouring.it\/radiotouring104\/2024\/01\/18\/anpi-presentato-a-palazzo-alvaro-il-libro-antifascisti-adesso-del-presidente-pagliarulo\/#primaryimage","url":"https:\/\/progettotouring.it\/radiotouring104\/wp-content\/uploads\/sites\/6\/2024\/01\/Pagliarulo-Filippo-Diano-Elisabetta-Tripodi-Falcomata-Pal-Alvaro.jpeg","contentUrl":"https:\/\/progettotouring.it\/radiotouring104\/wp-content\/uploads\/sites\/6\/2024\/01\/Pagliarulo-Filippo-Diano-Elisabetta-Tripodi-Falcomata-Pal-Alvaro.jpeg","width":2000,"height":1500},{"@type":"BreadcrumbList","@id":"https:\/\/progettotouring.it\/radiotouring104\/2024\/01\/18\/anpi-presentato-a-palazzo-alvaro-il-libro-antifascisti-adesso-del-presidente-pagliarulo\/#breadcrumb","itemListElement":[{"@type":"ListItem","position":1,"name":"Home","item":"https:\/\/progettotouring.it\/radiotouring104\/"},{"@type":"ListItem","position":2,"name":"Anpi: presentato a Palazzo Alvaro il libro &#8220;Antifascisti adesso&#8221; del Presidente Pagliarulo"}]},{"@type":"WebSite","@id":"https:\/\/progettotouring.it\/radiotouring104\/#website","url":"https:\/\/progettotouring.it\/radiotouring104\/","name":"Radio Touring 104","description":"La prima radio Reggina","publisher":{"@id":"https:\/\/progettotouring.it\/radiotouring104\/#organization"},"potentialAction":[{"@type":"SearchAction","target":{"@type":"EntryPoint","urlTemplate":"https:\/\/progettotouring.it\/radiotouring104\/?s={search_term_string}"},"query-input":{"@type":"PropertyValueSpecification","valueRequired":true,"valueName":"search_term_string"}}],"inLanguage":"it-IT"},{"@type":"Organization","@id":"https:\/\/progettotouring.it\/radiotouring104\/#organization","name":"Radio Touring 104","url":"https:\/\/progettotouring.it\/radiotouring104\/","logo":{"@type":"ImageObject","inLanguage":"it-IT","@id":"https:\/\/progettotouring.it\/radiotouring104\/#\/schema\/logo\/image\/","url":"https:\/\/progettotouring.it\/radiotouring104\/wp-content\/uploads\/sites\/6\/2022\/02\/cropped-logo-radio-touring-104.png","contentUrl":"https:\/\/progettotouring.it\/radiotouring104\/wp-content\/uploads\/sites\/6\/2022\/02\/cropped-logo-radio-touring-104.png","width":377,"height":182,"caption":"Radio Touring 104"},"image":{"@id":"https:\/\/progettotouring.it\/radiotouring104\/#\/schema\/logo\/image\/"}},{"@type":"Person","@id":"https:\/\/progettotouring.it\/radiotouring104\/#\/schema\/person\/78613917f1851f041f7483f5af1d422e","name":"Sebastiano Plutino","image":{"@type":"ImageObject","inLanguage":"it-IT","@id":"https:\/\/secure.gravatar.com\/avatar\/0546ffaa9b79224faf9f2a156b67a529ae861d3287c66c1d8ccfdf909bcba78d?s=96&d=mm&r=g","url":"https:\/\/secure.gravatar.com\/avatar\/0546ffaa9b79224faf9f2a156b67a529ae861d3287c66c1d8ccfdf909bcba78d?s=96&d=mm&r=g","contentUrl":"https:\/\/secure.gravatar.com\/avatar\/0546ffaa9b79224faf9f2a156b67a529ae861d3287c66c1d8ccfdf909bcba78d?s=96&d=mm&r=g","caption":"Sebastiano Plutino"},"url":"https:\/\/progettotouring.it\/radiotouring104\/author\/sebastiano\/"}]}},"jetpack_publicize_connections":[],"jetpack_featured_media_url":"https:\/\/progettotouring.it\/radiotouring104\/wp-content\/uploads\/sites\/6\/2024\/01\/Pagliarulo-Filippo-Diano-Elisabetta-Tripodi-Falcomata-Pal-Alvaro.jpeg","jetpack_sharing_enabled":true,"_links":{"self":[{"href":"https:\/\/progettotouring.it\/radiotouring104\/wp-json\/wp\/v2\/posts\/42909","targetHints":{"allow":["GET"]}}],"collection":[{"href":"https:\/\/progettotouring.it\/radiotouring104\/wp-json\/wp\/v2\/posts"}],"about":[{"href":"https:\/\/progettotouring.it\/radiotouring104\/wp-json\/wp\/v2\/types\/post"}],"author":[{"embeddable":true,"href":"https:\/\/progettotouring.it\/radiotouring104\/wp-json\/wp\/v2\/users\/12"}],"replies":[{"embeddable":true,"href":"https:\/\/progettotouring.it\/radiotouring104\/wp-json\/wp\/v2\/comments?post=42909"}],"version-history":[{"count":2,"href":"https:\/\/progettotouring.it\/radiotouring104\/wp-json\/wp\/v2\/posts\/42909\/revisions"}],"predecessor-version":[{"id":42912,"href":"https:\/\/progettotouring.it\/radiotouring104\/wp-json\/wp\/v2\/posts\/42909\/revisions\/42912"}],"wp:featuredmedia":[{"embeddable":true,"href":"https:\/\/progettotouring.it\/radiotouring104\/wp-json\/wp\/v2\/media\/42911"}],"wp:attachment":[{"href":"https:\/\/progettotouring.it\/radiotouring104\/wp-json\/wp\/v2\/media?parent=42909"}],"wp:term":[{"taxonomy":"category","embeddable":true,"href":"https:\/\/progettotouring.it\/radiotouring104\/wp-json\/wp\/v2\/categories?post=42909"},{"taxonomy":"post_tag","embeddable":true,"href":"https:\/\/progettotouring.it\/radiotouring104\/wp-json\/wp\/v2\/tags?post=42909"}],"curies":[{"name":"wp","href":"https:\/\/api.w.org\/{rel}","templated":true}]}}