{"id":42919,"date":"2024-01-18T12:41:56","date_gmt":"2024-01-18T11:41:56","guid":{"rendered":"https:\/\/progettotouring.it\/radiotouring104\/?p=42919"},"modified":"2024-01-18T12:41:56","modified_gmt":"2024-01-18T11:41:56","slug":"fondazione-olivetti-e-camera-di-commercio-di-cosenza-istituiscono-il-premio-nazionale-adriano-olivetti","status":"publish","type":"post","link":"https:\/\/progettotouring.it\/radiotouring104\/2024\/01\/18\/fondazione-olivetti-e-camera-di-commercio-di-cosenza-istituiscono-il-premio-nazionale-adriano-olivetti\/","title":{"rendered":"Fondazione Olivetti e Camera di commercio di Cosenza istituiscono il \u201cPremio Nazionale Adriano Olivetti\u201d"},"content":{"rendered":"<div class=\"msg-view-text-cnt\">\n<div class=\"xam_msg_class\">\n<div dir=\"ltr\">\n<p class=\"xmprfx_MsoNormal\" style=\"text-align: justify\"><strong>La Fondazione Adriano Olivetti e la Camera di commercio di Cosenza hanno firmato<\/strong> ieri pomeriggio a Roma<strong> un Protocollo di intesa il cui oggetto \u00e8 quello di istituire un premio nazionale per promuovere<\/strong> tra le imprese e le scuole italiane<strong> i valori di cui \u00e8 portatrice la figura di Adriano Olivetti.<\/strong><\/p>\n<p class=\"xmprfx_MsoNormal\" style=\"text-align: justify\">La Camera di commercio di Cosenza interpreta la propria mission istituzionale, che \u00e8 quella di promuovere lo sviluppo del sistema imprese del proprio territorio, ponendo grande attenzione al modello sociale di sviluppo sostenibile di una comunit\u00e0 e alla funzione di responsabilit\u00e0 sociale dell\u2019impresa e dell\u2019imprenditore. Sono temi teorizzati e sperimentati con successo da un precursore della modernit\u00e0 come Adriano Olivetti, che \u00e8 per l\u2019ente cosentino, nelle parole del suo\u00a0<b>Presidente Klaus Algieri<\/b>\u00a0\u00abfonte continua di ispirazione nella programmazione delle politiche economiche da implementare per il nostro territorio ma anche nelle scelte che ci riguardano pi\u00f9 direttamente, perch\u00e9 siamo convinti che una Pubblica Amministrazione debba essere innanzitutto un modello da imitare\u00bb. \u00abIn questo senso \u2013 prosegue Algieri \u2013 siamo, ad esempio, tra le prime PA italiane ad essere entrate nel Global Compact dell\u2019ONU e siamo da tempo attivi sui temi della responsabilit\u00e0 sociale d\u2019impresa, rispetto ai quali abbiamo istituito un laboratorio permanente. \u00c8 per questo motivo che, insieme alla Fondazione Adriano Olivetti, abbiamo pensato di dare vita ad un \u201c<b>Premio nazionale Adriano Olivetti<\/b>\u201d con lo scopo di promuovere all\u2019interno delle imprese e delle scuole i valori di sostenibilit\u00e0, di comunit\u00e0, di ambiente e soprattutto di innovazione di cui \u00e8 portatore Adriano Olivetti\u00bb.<\/p>\n<p class=\"xmprfx_MsoNormal\" style=\"text-align: justify\">Attraverso l\u2019istituzione del Premio, la Camera e la Fondazione uniscono le loro forze per promuovere l\u2019impegno nell\u2019innovazione tramite iniziative di sostenibilit\u00e0 ambientale, welfare aziendale e radicamento sul territorio, garantendo il sostegno alla competitivit\u00e0 delle imprese attraverso la valorizzazione del patrimonio culturale nonch\u00e9 lo sviluppo e la promozione del turismo, l\u2019orientamento al lavoro e alle professioni e l\u2019alternanza scuola-lavoro, oltre che, per la Camera di commercio, lo sviluppo economico del territorio cosentino e del suo capitale intellettuale. Per\u00a0<b>Cinthia Bianconi, Presidente della Fondazione Adriano Olivetti<\/b>\u00a0si tratta di \u201cun impegno che a pieno titolo pu\u00f2 fregiarsi del\u00a0marchio &#8220;Adriano Olivetti \u00ae\u201d, che la Fondazione ha istituito, promosso e registrato in conformit\u00e0 ed esecuzione del proprio fine istituzionale volto principalmente a promuovere, sviluppare e coordinare, appunto, le iniziative e le attivit\u00e0 culturali che siano dirette a realizzare il benessere, l&#8217;istruzione e l&#8217;educazione dei cittadini, attraverso il progressivo diffondersi, in armonia con i principi della Costituzione, di forme comunitarie rispondenti alla configurazione urbanistica, produttiva, sociale, ambientale e culturale della collettivit\u00e0, secondo le idee di Adriano Olivetti.<\/p>\n<p class=\"xmprfx_MsoNormal\" style=\"text-align: justify\"><b>Da cosa nasce il binomio Fondazione Adriano Olivetti, Camera di Commercio di Cosenza.<\/b><\/p>\n<p class=\"xmprfx_MsoNormal\" style=\"text-align: justify\">La Fondazione Adriano Olivetti riconosce alla Camera di Commercio l\u2019impegno nello sviluppo di valori di ispirazione olivettiana che hanno contribuito a renderla un modello anche per la capacit\u00e0 organizzativa promossa. Gi\u00e0 nel 2019, del resto, su iniziativa proprio della Camera, \u00e8 stata avviata una collaborazione tra i due enti attraverso il programma \u201cLezioni Olivettiane\u201d attuato nelle scuole secondarie di Cosenza con il fine di promuovere il progetto imprenditoriale di Adriano Olivetti, in cui ricerca tecnologica, design, architettura, responsabilit\u00e0 sociale e responsabilit\u00e0 verso il territorio si sono integrate in un modello unico, innovativo e avanguardistico, di fare impresa. \u00abIn questo senso \u2013 dichiara Bianconi \u2013 pensiamo che sia particolarmente significativo che l\u2019idea alla base del Premio prenda forma e si sviluppi a partire da una realt\u00e0 del Mezzogiorno d\u2019Italia, visto il rilievo che questa parte del Paese ha rivestito nel pensiero e nell\u2019idea di sviluppo di Adriano Olivetti\u00bb.<\/p>\n<p class=\"xmprfx_MsoNormal\" style=\"text-align: justify\">Forte del successo delle Lezioni Olivettiane tra le scuole della provincia, <strong>la Camera di commercio di Cosenza ha pensato di coinvolgere in modo pi\u00f9 incisivo anche le imprese<\/strong> e di farlo sviluppando una progettualit\u00e0 dal respiro pi\u00f9 ampio, che si estendesse a tutto il territorio nazionale, perch\u00e9 \u00abanche noi \u2013 sottolinea Algieri \u2013 siamo convinti, con Adriano Olivetti, che una diversa idea di Sud sia non solo possibile ma necessaria per lo sviluppo dell\u2019intero Paese. Ne abbiamo discusso ampiamente nel corso del Primo Forum sul Mezzogiorno \u201cAntonio Serra\u201d, che la Camera di commercio di Cosenza ha organizzato a maggio 2023, e come Ente pubblico governato da corpi intermedi espressione delle imprese, sentiamo ogni giorno la responsabilit\u00e0 di impegnarci per costruire e raccontare il Mezzogiorno per quello che \u00e8: non un fanalino di coda ma un patrimonio da valorizzare. L\u2019istituzione del Premio nazionale Adriano Olivetti \u00e8 parte di questa inversione di rotta. Significa innalzare l\u2019asticella e dimostrare che \u00e8 possibile, a partire da una piccola citt\u00e0 meridionale, accendere i riflettori su esperienze e storie di imprese e scuole italiane che creano valore per le comunit\u00e0 dei loro territori e che meritano di essere raccontate\u00bb.<\/p>\n<p class=\"xmprfx_MsoNormal\" style=\"text-align: justify\"><b>I contenuti del protocollo e perch\u00e9 le imprese e le scuole dovrebbero partecipare al bando.<\/b><\/p>\n<p class=\"xmprfx_MsoNormal\" style=\"text-align: justify\">Il protocollo di intesa tra i due enti ha come oggetto principale proprio l\u2019istituzione del \u201cPremio nazionale Adriano Olivetti\u201d che sar\u00e0 organizzato annualmente dalla Camera di commercio di Cosenza, a cura della Camera stessa e della Fondazione Adriano Olivetti, e che sar\u00e0 rivolto alle imprese e scuole italiane che si sono impegnate o vorranno impegnarsi nella realizzazione di un progetto innovativo legato al tema proposto per quel determinato anno. La Fondazione e la Giunta camerale elaboreranno e approveranno ogni anno il bando e il regolamento, distinto nelle due sezioni dedicate alle imprese e alle scuole, evocando i valori a cui si ispirava Adriano Olivetti e prevedendo di volta in volta temi e ambiti differenti nei quali cimentare la propria innovativit\u00e0.<b><\/b><\/p>\n<p class=\"xmprfx_MsoNormal\" style=\"text-align: justify\">Il Premio avr\u00e0 sede presso la Camera di commercio di Cosenza ma potr\u00e0 essere svolto anche in forma itinerante sul territorio nazionale e internazionale. Per la sezione scuole, si punter\u00e0 sullo sviluppo di idee e di progetti per un modello di impresa sostenibile, sfruttando le risorse e il microambiente del territorio specifico dove si pone l&#8217;insediamento sia in termini produttivi, ma anche ai servizi di comunit\u00e0. Per quanto riguarda la sezione imprese, invece, saranno premiate esperienze e storie d&#8217;impresa, ma anche progetti futuri che mostrino l\u2019innovativit\u00e0 e\/o il rinnovamento di processi o di attivit\u00e0 produttive, da cui si generino vantaggi e ricadute positive sulla sostenibilit\u00e0 ambientale e sociale, apportando benefici diretti alla comunit\u00e0 di riferimento. Le imprese e le scuole che parteciperanno avranno l\u2019opportunit\u00e0 di poter associare alla loro esperienza il nome di Adriano Olivetti, marchio registrato di cui la Fondazione ha concesso l\u2019utilizzo alla Camera, e che \u00e8 di per s\u00e9 stesso particolarmente evocativo dei valori ai quali il Premio si ispira. Ove ne ricorrano i presupposti, inoltre,<strong> verr\u00e0 offerta la possibilit\u00e0 di supporto della Camera di commercio di Cosenza nel brevettare l\u2019innovazione presentata.<\/strong> \u00ab<em>In ogni caso<\/em> \u2013 conclude<strong> Klaus Algieri<\/strong> \u2013 <em>sar\u00e0 per tutti i soggetti coinvolti, l\u2019occasione per condividere la propria esperienza ed entrare a far parte di una comunit\u00e0 di innovatori che crescer\u00e0 di anno in anno contribuendo a propagare i principi olivettiani, la cui attualit\u00e0 \u00e8 oggi davvero, e direi finalmente, sotto gli occhi di tutti\u00bb.<\/em><\/p>\n<\/div>\n<\/div>\n<\/div>\n<div class=\"msg-view-attach-preview\">\n<div id=\"uiLogic_webmail__view_AttachmentsImageBlock_29\" class=\"attachmentsBlock\" role=\"group\"><\/div>\n<\/div>\n","protected":false},"excerpt":{"rendered":"<p>La Fondazione Adriano Olivetti e la Camera di commercio di Cosenza hanno firmato ieri pomeriggio a Roma un Protocollo di intesa il cui oggetto \u00e8 quello di istituire un premio&hellip;<\/p>\n","protected":false},"author":12,"featured_media":42920,"comment_status":"closed","ping_status":"open","sticky":false,"template":"","format":"standard","meta":{"_jetpack_memberships_contains_paid_content":false,"footnotes":"","jetpack_publicize_message":"","jetpack_publicize_feature_enabled":true,"jetpack_social_post_already_shared":false,"jetpack_social_options":{"image_generator_settings":{"template":"highway","default_image_id":0,"font":"","enabled":false},"version":2}},"categories":[142,921,196],"tags":[13074,24112,26487,591],"class_list":["post-42919","post","type-post","status-publish","format-standard","has-post-thumbnail","hentry","category-calabria","category-home","category-news","tag-camera-commercio-cosenza","tag-firmato-protocollo-intesa","tag-fondazione-oivetti","tag-roma"],"yoast_head":"<!-- This site is optimized with the Yoast SEO plugin v27.2 - https:\/\/yoast.com\/product\/yoast-seo-wordpress\/ -->\n<title>Fondazione e Camera Commercio istituiscono &quot;Premio Olivetti&quot;<\/title>\n<meta name=\"description\" content=\"Il Premio Nazionale istituito col fine di promuovere, tra imprese e scuole italiane, valori di cui \u00e8 portatrice la figura di Olivetti.\" \/>\n<meta name=\"robots\" content=\"index, follow, max-snippet:-1, max-image-preview:large, max-video-preview:-1\" \/>\n<link rel=\"canonical\" href=\"https:\/\/progettotouring.it\/radiotouring104\/2024\/01\/18\/fondazione-olivetti-e-camera-di-commercio-di-cosenza-istituiscono-il-premio-nazionale-adriano-olivetti\/\" \/>\n<meta property=\"og:locale\" content=\"it_IT\" \/>\n<meta property=\"og:type\" content=\"article\" \/>\n<meta property=\"og:title\" content=\"Fondazione e Camera Commercio istituiscono &quot;Premio Olivetti&quot;\" \/>\n<meta property=\"og:description\" content=\"Il Premio Nazionale istituito col fine di promuovere, tra imprese e scuole italiane, valori di cui \u00e8 portatrice la figura di Olivetti.\" \/>\n<meta property=\"og:url\" content=\"https:\/\/progettotouring.it\/radiotouring104\/2024\/01\/18\/fondazione-olivetti-e-camera-di-commercio-di-cosenza-istituiscono-il-premio-nazionale-adriano-olivetti\/\" \/>\n<meta property=\"og:site_name\" content=\"Radio Touring 104\" \/>\n<meta property=\"article:published_time\" content=\"2024-01-18T11:41:56+00:00\" \/>\n<meta property=\"og:image\" content=\"https:\/\/progettotouring.it\/radiotouring104\/wp-content\/uploads\/sites\/6\/2024\/01\/Protocollo-Premio-Olivetti-Algieri-Bianconi.jpeg\" \/>\n\t<meta property=\"og:image:width\" content=\"1536\" \/>\n\t<meta property=\"og:image:height\" content=\"1532\" \/>\n\t<meta property=\"og:image:type\" content=\"image\/jpeg\" \/>\n<meta name=\"author\" content=\"Sebastiano Plutino\" \/>\n<meta name=\"twitter:card\" content=\"summary_large_image\" \/>\n<meta name=\"twitter:label1\" content=\"Scritto da\" \/>\n\t<meta name=\"twitter:data1\" content=\"Sebastiano Plutino\" \/>\n\t<meta name=\"twitter:label2\" content=\"Tempo di lettura stimato\" \/>\n\t<meta name=\"twitter:data2\" content=\"6 minuti\" \/>\n<script type=\"application\/ld+json\" class=\"yoast-schema-graph\">{\"@context\":\"https:\/\/schema.org\",\"@graph\":[{\"@type\":\"Article\",\"@id\":\"https:\/\/progettotouring.it\/radiotouring104\/2024\/01\/18\/fondazione-olivetti-e-camera-di-commercio-di-cosenza-istituiscono-il-premio-nazionale-adriano-olivetti\/#article\",\"isPartOf\":{\"@id\":\"https:\/\/progettotouring.it\/radiotouring104\/2024\/01\/18\/fondazione-olivetti-e-camera-di-commercio-di-cosenza-istituiscono-il-premio-nazionale-adriano-olivetti\/\"},\"author\":{\"name\":\"Sebastiano Plutino\",\"@id\":\"https:\/\/progettotouring.it\/radiotouring104\/#\/schema\/person\/78613917f1851f041f7483f5af1d422e\"},\"headline\":\"Fondazione Olivetti e Camera di commercio di Cosenza istituiscono il \u201cPremio Nazionale Adriano Olivetti\u201d\",\"datePublished\":\"2024-01-18T11:41:56+00:00\",\"mainEntityOfPage\":{\"@id\":\"https:\/\/progettotouring.it\/radiotouring104\/2024\/01\/18\/fondazione-olivetti-e-camera-di-commercio-di-cosenza-istituiscono-il-premio-nazionale-adriano-olivetti\/\"},\"wordCount\":1170,\"publisher\":{\"@id\":\"https:\/\/progettotouring.it\/radiotouring104\/#organization\"},\"image\":{\"@id\":\"https:\/\/progettotouring.it\/radiotouring104\/2024\/01\/18\/fondazione-olivetti-e-camera-di-commercio-di-cosenza-istituiscono-il-premio-nazionale-adriano-olivetti\/#primaryimage\"},\"thumbnailUrl\":\"https:\/\/progettotouring.it\/radiotouring104\/wp-content\/uploads\/sites\/6\/2024\/01\/Protocollo-Premio-Olivetti-Algieri-Bianconi.jpeg\",\"keywords\":[\"camera commercio cosenza\",\"firmato protocollo intesa\",\"fondazione Oivetti\",\"Roma\"],\"articleSection\":[\"Calabria\",\"Home\",\"News\"],\"inLanguage\":\"it-IT\"},{\"@type\":\"WebPage\",\"@id\":\"https:\/\/progettotouring.it\/radiotouring104\/2024\/01\/18\/fondazione-olivetti-e-camera-di-commercio-di-cosenza-istituiscono-il-premio-nazionale-adriano-olivetti\/\",\"url\":\"https:\/\/progettotouring.it\/radiotouring104\/2024\/01\/18\/fondazione-olivetti-e-camera-di-commercio-di-cosenza-istituiscono-il-premio-nazionale-adriano-olivetti\/\",\"name\":\"Fondazione e Camera Commercio istituiscono \\\"Premio Olivetti\\\"\",\"isPartOf\":{\"@id\":\"https:\/\/progettotouring.it\/radiotouring104\/#website\"},\"primaryImageOfPage\":{\"@id\":\"https:\/\/progettotouring.it\/radiotouring104\/2024\/01\/18\/fondazione-olivetti-e-camera-di-commercio-di-cosenza-istituiscono-il-premio-nazionale-adriano-olivetti\/#primaryimage\"},\"image\":{\"@id\":\"https:\/\/progettotouring.it\/radiotouring104\/2024\/01\/18\/fondazione-olivetti-e-camera-di-commercio-di-cosenza-istituiscono-il-premio-nazionale-adriano-olivetti\/#primaryimage\"},\"thumbnailUrl\":\"https:\/\/progettotouring.it\/radiotouring104\/wp-content\/uploads\/sites\/6\/2024\/01\/Protocollo-Premio-Olivetti-Algieri-Bianconi.jpeg\",\"datePublished\":\"2024-01-18T11:41:56+00:00\",\"description\":\"Il Premio Nazionale istituito col fine di promuovere, tra imprese e scuole italiane, valori di cui \u00e8 portatrice la figura di Olivetti.\",\"breadcrumb\":{\"@id\":\"https:\/\/progettotouring.it\/radiotouring104\/2024\/01\/18\/fondazione-olivetti-e-camera-di-commercio-di-cosenza-istituiscono-il-premio-nazionale-adriano-olivetti\/#breadcrumb\"},\"inLanguage\":\"it-IT\",\"potentialAction\":[{\"@type\":\"ReadAction\",\"target\":[\"https:\/\/progettotouring.it\/radiotouring104\/2024\/01\/18\/fondazione-olivetti-e-camera-di-commercio-di-cosenza-istituiscono-il-premio-nazionale-adriano-olivetti\/\"]}]},{\"@type\":\"ImageObject\",\"inLanguage\":\"it-IT\",\"@id\":\"https:\/\/progettotouring.it\/radiotouring104\/2024\/01\/18\/fondazione-olivetti-e-camera-di-commercio-di-cosenza-istituiscono-il-premio-nazionale-adriano-olivetti\/#primaryimage\",\"url\":\"https:\/\/progettotouring.it\/radiotouring104\/wp-content\/uploads\/sites\/6\/2024\/01\/Protocollo-Premio-Olivetti-Algieri-Bianconi.jpeg\",\"contentUrl\":\"https:\/\/progettotouring.it\/radiotouring104\/wp-content\/uploads\/sites\/6\/2024\/01\/Protocollo-Premio-Olivetti-Algieri-Bianconi.jpeg\",\"width\":1536,\"height\":1532},{\"@type\":\"BreadcrumbList\",\"@id\":\"https:\/\/progettotouring.it\/radiotouring104\/2024\/01\/18\/fondazione-olivetti-e-camera-di-commercio-di-cosenza-istituiscono-il-premio-nazionale-adriano-olivetti\/#breadcrumb\",\"itemListElement\":[{\"@type\":\"ListItem\",\"position\":1,\"name\":\"Home\",\"item\":\"https:\/\/progettotouring.it\/radiotouring104\/\"},{\"@type\":\"ListItem\",\"position\":2,\"name\":\"Fondazione Olivetti e Camera di commercio di Cosenza istituiscono il \u201cPremio Nazionale Adriano Olivetti\u201d\"}]},{\"@type\":\"WebSite\",\"@id\":\"https:\/\/progettotouring.it\/radiotouring104\/#website\",\"url\":\"https:\/\/progettotouring.it\/radiotouring104\/\",\"name\":\"Radio Touring 104\",\"description\":\"La prima radio Reggina\",\"publisher\":{\"@id\":\"https:\/\/progettotouring.it\/radiotouring104\/#organization\"},\"potentialAction\":[{\"@type\":\"SearchAction\",\"target\":{\"@type\":\"EntryPoint\",\"urlTemplate\":\"https:\/\/progettotouring.it\/radiotouring104\/?s={search_term_string}\"},\"query-input\":{\"@type\":\"PropertyValueSpecification\",\"valueRequired\":true,\"valueName\":\"search_term_string\"}}],\"inLanguage\":\"it-IT\"},{\"@type\":\"Organization\",\"@id\":\"https:\/\/progettotouring.it\/radiotouring104\/#organization\",\"name\":\"Radio Touring 104\",\"url\":\"https:\/\/progettotouring.it\/radiotouring104\/\",\"logo\":{\"@type\":\"ImageObject\",\"inLanguage\":\"it-IT\",\"@id\":\"https:\/\/progettotouring.it\/radiotouring104\/#\/schema\/logo\/image\/\",\"url\":\"https:\/\/progettotouring.it\/radiotouring104\/wp-content\/uploads\/sites\/6\/2022\/02\/cropped-logo-radio-touring-104.png\",\"contentUrl\":\"https:\/\/progettotouring.it\/radiotouring104\/wp-content\/uploads\/sites\/6\/2022\/02\/cropped-logo-radio-touring-104.png\",\"width\":377,\"height\":182,\"caption\":\"Radio Touring 104\"},\"image\":{\"@id\":\"https:\/\/progettotouring.it\/radiotouring104\/#\/schema\/logo\/image\/\"}},{\"@type\":\"Person\",\"@id\":\"https:\/\/progettotouring.it\/radiotouring104\/#\/schema\/person\/78613917f1851f041f7483f5af1d422e\",\"name\":\"Sebastiano Plutino\",\"image\":{\"@type\":\"ImageObject\",\"inLanguage\":\"it-IT\",\"@id\":\"https:\/\/secure.gravatar.com\/avatar\/0546ffaa9b79224faf9f2a156b67a529ae861d3287c66c1d8ccfdf909bcba78d?s=96&d=mm&r=g\",\"url\":\"https:\/\/secure.gravatar.com\/avatar\/0546ffaa9b79224faf9f2a156b67a529ae861d3287c66c1d8ccfdf909bcba78d?s=96&d=mm&r=g\",\"contentUrl\":\"https:\/\/secure.gravatar.com\/avatar\/0546ffaa9b79224faf9f2a156b67a529ae861d3287c66c1d8ccfdf909bcba78d?s=96&d=mm&r=g\",\"caption\":\"Sebastiano Plutino\"},\"url\":\"https:\/\/progettotouring.it\/radiotouring104\/author\/sebastiano\/\"}]}<\/script>\n<!-- \/ Yoast SEO plugin. -->","yoast_head_json":{"title":"Fondazione e Camera Commercio istituiscono \"Premio Olivetti\"","description":"Il Premio Nazionale istituito col fine di promuovere, tra imprese e scuole italiane, valori di cui \u00e8 portatrice la figura di Olivetti.","robots":{"index":"index","follow":"follow","max-snippet":"max-snippet:-1","max-image-preview":"max-image-preview:large","max-video-preview":"max-video-preview:-1"},"canonical":"https:\/\/progettotouring.it\/radiotouring104\/2024\/01\/18\/fondazione-olivetti-e-camera-di-commercio-di-cosenza-istituiscono-il-premio-nazionale-adriano-olivetti\/","og_locale":"it_IT","og_type":"article","og_title":"Fondazione e Camera Commercio istituiscono \"Premio Olivetti\"","og_description":"Il Premio Nazionale istituito col fine di promuovere, tra imprese e scuole italiane, valori di cui \u00e8 portatrice la figura di Olivetti.","og_url":"https:\/\/progettotouring.it\/radiotouring104\/2024\/01\/18\/fondazione-olivetti-e-camera-di-commercio-di-cosenza-istituiscono-il-premio-nazionale-adriano-olivetti\/","og_site_name":"Radio Touring 104","article_published_time":"2024-01-18T11:41:56+00:00","og_image":[{"width":1536,"height":1532,"url":"https:\/\/progettotouring.it\/radiotouring104\/wp-content\/uploads\/sites\/6\/2024\/01\/Protocollo-Premio-Olivetti-Algieri-Bianconi.jpeg","type":"image\/jpeg"}],"author":"Sebastiano Plutino","twitter_card":"summary_large_image","twitter_misc":{"Scritto da":"Sebastiano Plutino","Tempo di lettura stimato":"6 minuti"},"schema":{"@context":"https:\/\/schema.org","@graph":[{"@type":"Article","@id":"https:\/\/progettotouring.it\/radiotouring104\/2024\/01\/18\/fondazione-olivetti-e-camera-di-commercio-di-cosenza-istituiscono-il-premio-nazionale-adriano-olivetti\/#article","isPartOf":{"@id":"https:\/\/progettotouring.it\/radiotouring104\/2024\/01\/18\/fondazione-olivetti-e-camera-di-commercio-di-cosenza-istituiscono-il-premio-nazionale-adriano-olivetti\/"},"author":{"name":"Sebastiano Plutino","@id":"https:\/\/progettotouring.it\/radiotouring104\/#\/schema\/person\/78613917f1851f041f7483f5af1d422e"},"headline":"Fondazione Olivetti e Camera di commercio di Cosenza istituiscono il \u201cPremio Nazionale Adriano Olivetti\u201d","datePublished":"2024-01-18T11:41:56+00:00","mainEntityOfPage":{"@id":"https:\/\/progettotouring.it\/radiotouring104\/2024\/01\/18\/fondazione-olivetti-e-camera-di-commercio-di-cosenza-istituiscono-il-premio-nazionale-adriano-olivetti\/"},"wordCount":1170,"publisher":{"@id":"https:\/\/progettotouring.it\/radiotouring104\/#organization"},"image":{"@id":"https:\/\/progettotouring.it\/radiotouring104\/2024\/01\/18\/fondazione-olivetti-e-camera-di-commercio-di-cosenza-istituiscono-il-premio-nazionale-adriano-olivetti\/#primaryimage"},"thumbnailUrl":"https:\/\/progettotouring.it\/radiotouring104\/wp-content\/uploads\/sites\/6\/2024\/01\/Protocollo-Premio-Olivetti-Algieri-Bianconi.jpeg","keywords":["camera commercio cosenza","firmato protocollo intesa","fondazione Oivetti","Roma"],"articleSection":["Calabria","Home","News"],"inLanguage":"it-IT"},{"@type":"WebPage","@id":"https:\/\/progettotouring.it\/radiotouring104\/2024\/01\/18\/fondazione-olivetti-e-camera-di-commercio-di-cosenza-istituiscono-il-premio-nazionale-adriano-olivetti\/","url":"https:\/\/progettotouring.it\/radiotouring104\/2024\/01\/18\/fondazione-olivetti-e-camera-di-commercio-di-cosenza-istituiscono-il-premio-nazionale-adriano-olivetti\/","name":"Fondazione e Camera Commercio istituiscono \"Premio Olivetti\"","isPartOf":{"@id":"https:\/\/progettotouring.it\/radiotouring104\/#website"},"primaryImageOfPage":{"@id":"https:\/\/progettotouring.it\/radiotouring104\/2024\/01\/18\/fondazione-olivetti-e-camera-di-commercio-di-cosenza-istituiscono-il-premio-nazionale-adriano-olivetti\/#primaryimage"},"image":{"@id":"https:\/\/progettotouring.it\/radiotouring104\/2024\/01\/18\/fondazione-olivetti-e-camera-di-commercio-di-cosenza-istituiscono-il-premio-nazionale-adriano-olivetti\/#primaryimage"},"thumbnailUrl":"https:\/\/progettotouring.it\/radiotouring104\/wp-content\/uploads\/sites\/6\/2024\/01\/Protocollo-Premio-Olivetti-Algieri-Bianconi.jpeg","datePublished":"2024-01-18T11:41:56+00:00","description":"Il Premio Nazionale istituito col fine di promuovere, tra imprese e scuole italiane, valori di cui \u00e8 portatrice la figura di Olivetti.","breadcrumb":{"@id":"https:\/\/progettotouring.it\/radiotouring104\/2024\/01\/18\/fondazione-olivetti-e-camera-di-commercio-di-cosenza-istituiscono-il-premio-nazionale-adriano-olivetti\/#breadcrumb"},"inLanguage":"it-IT","potentialAction":[{"@type":"ReadAction","target":["https:\/\/progettotouring.it\/radiotouring104\/2024\/01\/18\/fondazione-olivetti-e-camera-di-commercio-di-cosenza-istituiscono-il-premio-nazionale-adriano-olivetti\/"]}]},{"@type":"ImageObject","inLanguage":"it-IT","@id":"https:\/\/progettotouring.it\/radiotouring104\/2024\/01\/18\/fondazione-olivetti-e-camera-di-commercio-di-cosenza-istituiscono-il-premio-nazionale-adriano-olivetti\/#primaryimage","url":"https:\/\/progettotouring.it\/radiotouring104\/wp-content\/uploads\/sites\/6\/2024\/01\/Protocollo-Premio-Olivetti-Algieri-Bianconi.jpeg","contentUrl":"https:\/\/progettotouring.it\/radiotouring104\/wp-content\/uploads\/sites\/6\/2024\/01\/Protocollo-Premio-Olivetti-Algieri-Bianconi.jpeg","width":1536,"height":1532},{"@type":"BreadcrumbList","@id":"https:\/\/progettotouring.it\/radiotouring104\/2024\/01\/18\/fondazione-olivetti-e-camera-di-commercio-di-cosenza-istituiscono-il-premio-nazionale-adriano-olivetti\/#breadcrumb","itemListElement":[{"@type":"ListItem","position":1,"name":"Home","item":"https:\/\/progettotouring.it\/radiotouring104\/"},{"@type":"ListItem","position":2,"name":"Fondazione Olivetti e Camera di commercio di Cosenza istituiscono il \u201cPremio Nazionale Adriano Olivetti\u201d"}]},{"@type":"WebSite","@id":"https:\/\/progettotouring.it\/radiotouring104\/#website","url":"https:\/\/progettotouring.it\/radiotouring104\/","name":"Radio Touring 104","description":"La prima radio Reggina","publisher":{"@id":"https:\/\/progettotouring.it\/radiotouring104\/#organization"},"potentialAction":[{"@type":"SearchAction","target":{"@type":"EntryPoint","urlTemplate":"https:\/\/progettotouring.it\/radiotouring104\/?s={search_term_string}"},"query-input":{"@type":"PropertyValueSpecification","valueRequired":true,"valueName":"search_term_string"}}],"inLanguage":"it-IT"},{"@type":"Organization","@id":"https:\/\/progettotouring.it\/radiotouring104\/#organization","name":"Radio Touring 104","url":"https:\/\/progettotouring.it\/radiotouring104\/","logo":{"@type":"ImageObject","inLanguage":"it-IT","@id":"https:\/\/progettotouring.it\/radiotouring104\/#\/schema\/logo\/image\/","url":"https:\/\/progettotouring.it\/radiotouring104\/wp-content\/uploads\/sites\/6\/2022\/02\/cropped-logo-radio-touring-104.png","contentUrl":"https:\/\/progettotouring.it\/radiotouring104\/wp-content\/uploads\/sites\/6\/2022\/02\/cropped-logo-radio-touring-104.png","width":377,"height":182,"caption":"Radio Touring 104"},"image":{"@id":"https:\/\/progettotouring.it\/radiotouring104\/#\/schema\/logo\/image\/"}},{"@type":"Person","@id":"https:\/\/progettotouring.it\/radiotouring104\/#\/schema\/person\/78613917f1851f041f7483f5af1d422e","name":"Sebastiano Plutino","image":{"@type":"ImageObject","inLanguage":"it-IT","@id":"https:\/\/secure.gravatar.com\/avatar\/0546ffaa9b79224faf9f2a156b67a529ae861d3287c66c1d8ccfdf909bcba78d?s=96&d=mm&r=g","url":"https:\/\/secure.gravatar.com\/avatar\/0546ffaa9b79224faf9f2a156b67a529ae861d3287c66c1d8ccfdf909bcba78d?s=96&d=mm&r=g","contentUrl":"https:\/\/secure.gravatar.com\/avatar\/0546ffaa9b79224faf9f2a156b67a529ae861d3287c66c1d8ccfdf909bcba78d?s=96&d=mm&r=g","caption":"Sebastiano Plutino"},"url":"https:\/\/progettotouring.it\/radiotouring104\/author\/sebastiano\/"}]}},"jetpack_publicize_connections":[],"jetpack_featured_media_url":"https:\/\/progettotouring.it\/radiotouring104\/wp-content\/uploads\/sites\/6\/2024\/01\/Protocollo-Premio-Olivetti-Algieri-Bianconi.jpeg","jetpack_sharing_enabled":true,"_links":{"self":[{"href":"https:\/\/progettotouring.it\/radiotouring104\/wp-json\/wp\/v2\/posts\/42919","targetHints":{"allow":["GET"]}}],"collection":[{"href":"https:\/\/progettotouring.it\/radiotouring104\/wp-json\/wp\/v2\/posts"}],"about":[{"href":"https:\/\/progettotouring.it\/radiotouring104\/wp-json\/wp\/v2\/types\/post"}],"author":[{"embeddable":true,"href":"https:\/\/progettotouring.it\/radiotouring104\/wp-json\/wp\/v2\/users\/12"}],"replies":[{"embeddable":true,"href":"https:\/\/progettotouring.it\/radiotouring104\/wp-json\/wp\/v2\/comments?post=42919"}],"version-history":[{"count":1,"href":"https:\/\/progettotouring.it\/radiotouring104\/wp-json\/wp\/v2\/posts\/42919\/revisions"}],"predecessor-version":[{"id":42921,"href":"https:\/\/progettotouring.it\/radiotouring104\/wp-json\/wp\/v2\/posts\/42919\/revisions\/42921"}],"wp:featuredmedia":[{"embeddable":true,"href":"https:\/\/progettotouring.it\/radiotouring104\/wp-json\/wp\/v2\/media\/42920"}],"wp:attachment":[{"href":"https:\/\/progettotouring.it\/radiotouring104\/wp-json\/wp\/v2\/media?parent=42919"}],"wp:term":[{"taxonomy":"category","embeddable":true,"href":"https:\/\/progettotouring.it\/radiotouring104\/wp-json\/wp\/v2\/categories?post=42919"},{"taxonomy":"post_tag","embeddable":true,"href":"https:\/\/progettotouring.it\/radiotouring104\/wp-json\/wp\/v2\/tags?post=42919"}],"curies":[{"name":"wp","href":"https:\/\/api.w.org\/{rel}","templated":true}]}}