{"id":42932,"date":"2024-01-19T09:29:43","date_gmt":"2024-01-19T08:29:43","guid":{"rendered":"https:\/\/progettotouring.it\/radiotouring104\/?p=42932"},"modified":"2024-01-19T09:58:20","modified_gmt":"2024-01-19T08:58:20","slug":"gallico-gambarie-rush-finale-gallico-gambarie-rush-finale-per-strada-che-colleghera-mare-e-montagn","status":"publish","type":"post","link":"https:\/\/progettotouring.it\/radiotouring104\/2024\/01\/19\/gallico-gambarie-rush-finale-gallico-gambarie-rush-finale-per-strada-che-colleghera-mare-e-montagn\/","title":{"rendered":"Gallico &#8211; Gambarie: rush finale Gallico Gambarie: rush finale per strada che collegher\u00e0 mare e montagn"},"content":{"rendered":"<p style=\"text-align: justify\"><em>\u201cLa nuova strada a scorrimento veloce, Gallico-Gambarie, \u00e8 un\u2019infrastruttura straordinaria che unir\u00e0 il mare alla montagna, un\u2019opera di circa 65 milioni di euro, ai quali ne sono stati aggiunti ulteriori 9,5 milioni, dopo l\u2019ultima approvazione in Consiglio metropolitano di qualche settimana fa. Si tratta di un\u2019opera strategica, che rivoluzioner\u00e0 completamente il concetto di mobilit\u00e0 sul versante tirrenico, nell&#8217;area dello Stretto e nell&#8217;intero comprensorio metropolitano. Un&#8217;infrastruttura anche importante dal punto di vista ambientale, sostanzialmente a \u2018saldo zero\u2019, perch\u00e9 tutto il materiale sbancato viene recuperato all&#8217;interno dello stesso cantiere, senza costi di smaltimento, con un\u2019attenzione particolare anche all&#8217;aspetto naturalistico. Sono infatti previste diverse piantumazioni di alberi di ulivo, all\u2019epoca espiantati per l\u2019avvio dei lavori, ma che saranno riposizionati ai lati della carreggiata, creando diversi punti panoramici che di fatto accompagnano cittadini e visitatori verso l&#8217;ingresso del Parco Nazionale dell&#8217;Aspromonte\u201d<\/em>.<strong> Cos\u00ec il sindaco<\/strong> metropolitano di Reggio Calabria, <strong>Giuseppe Falcomat\u00e0<\/strong>,<strong> a conclusione di un sopralluogo<\/strong> <strong>nel cantiere della strada \u2018Gallico-Gambarie\u2019,<\/strong> effettuato insieme al vicesindaco metropolitano, <strong>Carmelo Versace<\/strong>, al consigliere metropolitano <strong>Giuseppe Marino,<\/strong> al dirigente del settore Viabilit\u00e0, <strong>Lorenzo Benestare<\/strong> e ai tecnici dell\u2019impresa che si sta occupando di realizzare l\u2019opera. Nel corso della visita erano presenti, inoltre, il presidente del Consiglio Comunale di Reggio Calabria,<strong> Vincenzo Marra<\/strong> e l\u2019ex consigliere regionale calabrese,<strong> Stefano Priolo,<\/strong> attuale presidente dell\u2019Associazione ex consiglieri regionali.<\/p>\n<p style=\"text-align: justify\"><em>\u201cLa nuova strada<\/em> \u2013<strong> aggiunge Falcomat\u00e0<\/strong> &#8211;<em> doveva fermarsi al tornante di Schindilif\u00e0, invece grazie ad una variante al progetto, concertata con la cittadinanza del territorio, adesso giunger\u00e0 fino a Podargoni, a poche centinaia di metri da Santo Stefano d\u2019Aspromonte\u201d. \u201cPi\u00f9 in generale<\/em> \u2013<strong> evidenzia il primo cittadino metropolitano<\/strong> &#8211; <em>l\u2019infrastruttura consentir\u00e0, inoltre, di evitare lo spopolamento delle nostre aree interne, ma allo stesso tempo favorir\u00e0 anche maggiore flusso turistico verso l\u2019Aspromonte per gli appassionati di natura e gli sportivi della neve e della montagna, in tutte le stagioni. Basti pensare che sul tratto di percorrenza precedente, da Gallico a Podargoni, servivano pi\u00f9 di 40 minuti, la nuova stima \u00e8 di circa 13 minuti. Quindi questo consentir\u00e0 davvero di unire il mare alla montagna, di collegare i centri collinari e montani alla citt\u00e0, di ripopolare quei Comuni di cittadini che intendono vivere in mezzo alla natura e continuare a lavorare in citt\u00e0\u201d.<\/em><\/p>\n<p style=\"text-align: justify\"><strong>Per il vicesindaco metropolitano con delega alla Viabilit\u00e0 Carmelo Versace<\/strong> <em>\u201csiamo ormai agli sgoccioli, al rush finale dell\u2019opera. Sono stati tanti i sopralluoghi che abbiamo fatto negli ultimi due anni, perch\u00e9 riteniamo che questa strada possa far rinascere un territorio importante. Si tratta di una grande infrastruttura<\/em> \u2013 <strong>aggiunge<\/strong> \u2013 <em>attesa da anni, da poche settimane abbiamo approvato l\u2019ultimo finanziamento proveniente dalla Regione Calabria. Per molti rappresenta un sogno che sta diventando realt\u00e0\u201d. \u201cEssere riusciti anche a migliorare il tracciato, con l\u2019ultima variante concordata con le associazioni del territorio, ci offre maggiore soddisfazione. Per questo<\/em> \u2013 <strong>evidenzia Versace<\/strong> &#8211; <em>ringrazio anche il sindaco Falcomat\u00e0 per la delega che mi ha voluto conferire. Ora occorre concluderla per consegnare a tutta la nostra area metropolitana un\u2019opera davvero importante\u201d.<\/em><\/p>\n<p style=\"text-align: justify\"><em>\u201cSiamo qui &#8211;<\/em> <strong>ha detto il consigliere metropolitano Giuseppe Marino<\/strong> &#8211; <em>per dimostrare, ancora una volta, grande attenzione per questo cantiere che rappresenta un\u2019opera straordinaria per la Citt\u00e0 metropolitana, per tutta la vallata del Gallico e per l\u2019Aspromonte in particolare. Questa strada \u2013<\/em><strong> aggiunge<\/strong> &#8211;<em> sar\u00e0 la via d\u2019accesso principale, non solo per Gambarie d\u2019Aspromonte, per Santo Stefano d&#8217;Aspromonte, ma per tutto il nostro stupendo Parco nazionale, che rappresenta sicuramente uno degli elementi naturalistici pi\u00f9 importanti della Calabria e del Mezzogiorno. Si tratta di un\u2019opera frutto della sinergia istituzionale attuata con la Regione. La Gallico-Gambarie \u2013<\/em> conclude Marino <em>&#8211; rappresenta anche un modello per i giovani, ossia \u00e8 una grande opera pubblica che pu\u00f2 realizzarsi sul nostro territorio e che presto potr\u00e0 essere inaugurata\u201d.<\/em><\/p>\n","protected":false},"excerpt":{"rendered":"<p>\u201cLa nuova strada a scorrimento veloce, Gallico-Gambarie, \u00e8 un\u2019infrastruttura straordinaria che unir\u00e0 il mare alla montagna, un\u2019opera di circa 65 milioni di euro, ai quali ne sono stati aggiunti ulteriori&hellip;<\/p>\n","protected":false},"author":12,"featured_media":42933,"comment_status":"closed","ping_status":"open","sticky":false,"template":"","format":"standard","meta":{"_jetpack_memberships_contains_paid_content":false,"footnotes":"","jetpack_publicize_message":"","jetpack_publicize_feature_enabled":true,"jetpack_social_post_already_shared":false,"jetpack_social_options":{"image_generator_settings":{"template":"highway","default_image_id":0,"font":"","enabled":false},"version":2}},"categories":[921,150,196,140],"tags":[22986,22366,812,3631,2190,26498,26497,26499],"class_list":["post-42932","post","type-post","status-publish","format-standard","has-post-thumbnail","hentry","category-home","category-in-primo-piano","category-news","category-reggio-calabria","tag-avv-carmelo-versace","tag-gallico-gambarie","tag-giuseppe-falcomata","tag-giuseppe-marino","tag-lorenzo-benestare","tag-proseguono-lavori-ultimo-tratto","tag-rush-finale","tag-stefano-priolo"],"yoast_head":"<!-- This site is optimized with the Yoast SEO plugin v27.2 - https:\/\/yoast.com\/product\/yoast-seo-wordpress\/ -->\n<title>La Gallico Gamberie al rush finale: proseguono lavori ultimo tratto<\/title>\n<meta name=\"description\" content=\"Sopralluogo al cantiere con progettisti tecnici dell&#039;impresa. Falcomat\u00e0: \u201cInfrastruttura straordinaria che unir\u00e0 il mare alla montagna\" \/>\n<meta name=\"robots\" content=\"index, follow, max-snippet:-1, max-image-preview:large, max-video-preview:-1\" \/>\n<link rel=\"canonical\" href=\"https:\/\/progettotouring.it\/radiotouring104\/2024\/01\/19\/gallico-gambarie-rush-finale-gallico-gambarie-rush-finale-per-strada-che-colleghera-mare-e-montagn\/\" \/>\n<meta property=\"og:locale\" content=\"it_IT\" \/>\n<meta property=\"og:type\" content=\"article\" \/>\n<meta property=\"og:title\" content=\"La Gallico Gamberie al rush finale: proseguono lavori ultimo tratto\" \/>\n<meta property=\"og:description\" content=\"Sopralluogo al cantiere con progettisti tecnici dell&#039;impresa. Falcomat\u00e0: \u201cInfrastruttura straordinaria che unir\u00e0 il mare alla montagna\" \/>\n<meta property=\"og:url\" content=\"https:\/\/progettotouring.it\/radiotouring104\/2024\/01\/19\/gallico-gambarie-rush-finale-gallico-gambarie-rush-finale-per-strada-che-colleghera-mare-e-montagn\/\" \/>\n<meta property=\"og:site_name\" content=\"Radio Touring 104\" \/>\n<meta property=\"article:published_time\" content=\"2024-01-19T08:29:43+00:00\" \/>\n<meta property=\"article:modified_time\" content=\"2024-01-19T08:58:20+00:00\" \/>\n<meta property=\"og:image\" content=\"https:\/\/progettotouring.it\/radiotouring104\/wp-content\/uploads\/sites\/6\/2024\/01\/gallico-gambarie-Falcomata.jpeg\" \/>\n\t<meta property=\"og:image:width\" content=\"2000\" \/>\n\t<meta property=\"og:image:height\" content=\"1126\" \/>\n\t<meta property=\"og:image:type\" content=\"image\/jpeg\" \/>\n<meta name=\"author\" content=\"Sebastiano Plutino\" \/>\n<meta name=\"twitter:card\" content=\"summary_large_image\" \/>\n<meta name=\"twitter:label1\" content=\"Scritto da\" \/>\n\t<meta name=\"twitter:data1\" content=\"Sebastiano Plutino\" \/>\n\t<meta name=\"twitter:label2\" content=\"Tempo di lettura stimato\" \/>\n\t<meta name=\"twitter:data2\" content=\"3 minuti\" \/>\n<script type=\"application\/ld+json\" class=\"yoast-schema-graph\">{\"@context\":\"https:\/\/schema.org\",\"@graph\":[{\"@type\":\"Article\",\"@id\":\"https:\/\/progettotouring.it\/radiotouring104\/2024\/01\/19\/gallico-gambarie-rush-finale-gallico-gambarie-rush-finale-per-strada-che-colleghera-mare-e-montagn\/#article\",\"isPartOf\":{\"@id\":\"https:\/\/progettotouring.it\/radiotouring104\/2024\/01\/19\/gallico-gambarie-rush-finale-gallico-gambarie-rush-finale-per-strada-che-colleghera-mare-e-montagn\/\"},\"author\":{\"name\":\"Sebastiano Plutino\",\"@id\":\"https:\/\/progettotouring.it\/radiotouring104\/#\/schema\/person\/78613917f1851f041f7483f5af1d422e\"},\"headline\":\"Gallico &#8211; Gambarie: rush finale Gallico Gambarie: rush finale per strada che collegher\u00e0 mare e montagn\",\"datePublished\":\"2024-01-19T08:29:43+00:00\",\"dateModified\":\"2024-01-19T08:58:20+00:00\",\"mainEntityOfPage\":{\"@id\":\"https:\/\/progettotouring.it\/radiotouring104\/2024\/01\/19\/gallico-gambarie-rush-finale-gallico-gambarie-rush-finale-per-strada-che-colleghera-mare-e-montagn\/\"},\"wordCount\":643,\"publisher\":{\"@id\":\"https:\/\/progettotouring.it\/radiotouring104\/#organization\"},\"image\":{\"@id\":\"https:\/\/progettotouring.it\/radiotouring104\/2024\/01\/19\/gallico-gambarie-rush-finale-gallico-gambarie-rush-finale-per-strada-che-colleghera-mare-e-montagn\/#primaryimage\"},\"thumbnailUrl\":\"https:\/\/progettotouring.it\/radiotouring104\/wp-content\/uploads\/sites\/6\/2024\/01\/gallico-gambarie-Falcomata.jpeg\",\"keywords\":[\"Avv. Carmelo Versace\",\"Gallico Gambarie\",\"Giuseppe Falcomat\u00e0\",\"Giuseppe Marino\",\"Lorenzo Benestare\",\"proseguono lavori ultimo tratto\",\"rush finale\",\"Stefano Priolo\"],\"articleSection\":[\"Home\",\"In primo piano\",\"News\",\"Reggio Calabria\"],\"inLanguage\":\"it-IT\"},{\"@type\":\"WebPage\",\"@id\":\"https:\/\/progettotouring.it\/radiotouring104\/2024\/01\/19\/gallico-gambarie-rush-finale-gallico-gambarie-rush-finale-per-strada-che-colleghera-mare-e-montagn\/\",\"url\":\"https:\/\/progettotouring.it\/radiotouring104\/2024\/01\/19\/gallico-gambarie-rush-finale-gallico-gambarie-rush-finale-per-strada-che-colleghera-mare-e-montagn\/\",\"name\":\"La Gallico Gamberie al rush finale: proseguono lavori ultimo tratto\",\"isPartOf\":{\"@id\":\"https:\/\/progettotouring.it\/radiotouring104\/#website\"},\"primaryImageOfPage\":{\"@id\":\"https:\/\/progettotouring.it\/radiotouring104\/2024\/01\/19\/gallico-gambarie-rush-finale-gallico-gambarie-rush-finale-per-strada-che-colleghera-mare-e-montagn\/#primaryimage\"},\"image\":{\"@id\":\"https:\/\/progettotouring.it\/radiotouring104\/2024\/01\/19\/gallico-gambarie-rush-finale-gallico-gambarie-rush-finale-per-strada-che-colleghera-mare-e-montagn\/#primaryimage\"},\"thumbnailUrl\":\"https:\/\/progettotouring.it\/radiotouring104\/wp-content\/uploads\/sites\/6\/2024\/01\/gallico-gambarie-Falcomata.jpeg\",\"datePublished\":\"2024-01-19T08:29:43+00:00\",\"dateModified\":\"2024-01-19T08:58:20+00:00\",\"description\":\"Sopralluogo al cantiere con progettisti tecnici dell'impresa. Falcomat\u00e0: \u201cInfrastruttura straordinaria che unir\u00e0 il mare alla montagna\",\"breadcrumb\":{\"@id\":\"https:\/\/progettotouring.it\/radiotouring104\/2024\/01\/19\/gallico-gambarie-rush-finale-gallico-gambarie-rush-finale-per-strada-che-colleghera-mare-e-montagn\/#breadcrumb\"},\"inLanguage\":\"it-IT\",\"potentialAction\":[{\"@type\":\"ReadAction\",\"target\":[\"https:\/\/progettotouring.it\/radiotouring104\/2024\/01\/19\/gallico-gambarie-rush-finale-gallico-gambarie-rush-finale-per-strada-che-colleghera-mare-e-montagn\/\"]}]},{\"@type\":\"ImageObject\",\"inLanguage\":\"it-IT\",\"@id\":\"https:\/\/progettotouring.it\/radiotouring104\/2024\/01\/19\/gallico-gambarie-rush-finale-gallico-gambarie-rush-finale-per-strada-che-colleghera-mare-e-montagn\/#primaryimage\",\"url\":\"https:\/\/progettotouring.it\/radiotouring104\/wp-content\/uploads\/sites\/6\/2024\/01\/gallico-gambarie-Falcomata.jpeg\",\"contentUrl\":\"https:\/\/progettotouring.it\/radiotouring104\/wp-content\/uploads\/sites\/6\/2024\/01\/gallico-gambarie-Falcomata.jpeg\",\"width\":2000,\"height\":1126},{\"@type\":\"BreadcrumbList\",\"@id\":\"https:\/\/progettotouring.it\/radiotouring104\/2024\/01\/19\/gallico-gambarie-rush-finale-gallico-gambarie-rush-finale-per-strada-che-colleghera-mare-e-montagn\/#breadcrumb\",\"itemListElement\":[{\"@type\":\"ListItem\",\"position\":1,\"name\":\"Home\",\"item\":\"https:\/\/progettotouring.it\/radiotouring104\/\"},{\"@type\":\"ListItem\",\"position\":2,\"name\":\"Gallico &#8211; Gambarie: rush finale Gallico Gambarie: rush finale per strada che collegher\u00e0 mare e montagn\"}]},{\"@type\":\"WebSite\",\"@id\":\"https:\/\/progettotouring.it\/radiotouring104\/#website\",\"url\":\"https:\/\/progettotouring.it\/radiotouring104\/\",\"name\":\"Radio Touring 104\",\"description\":\"La prima radio Reggina\",\"publisher\":{\"@id\":\"https:\/\/progettotouring.it\/radiotouring104\/#organization\"},\"potentialAction\":[{\"@type\":\"SearchAction\",\"target\":{\"@type\":\"EntryPoint\",\"urlTemplate\":\"https:\/\/progettotouring.it\/radiotouring104\/?s={search_term_string}\"},\"query-input\":{\"@type\":\"PropertyValueSpecification\",\"valueRequired\":true,\"valueName\":\"search_term_string\"}}],\"inLanguage\":\"it-IT\"},{\"@type\":\"Organization\",\"@id\":\"https:\/\/progettotouring.it\/radiotouring104\/#organization\",\"name\":\"Radio Touring 104\",\"url\":\"https:\/\/progettotouring.it\/radiotouring104\/\",\"logo\":{\"@type\":\"ImageObject\",\"inLanguage\":\"it-IT\",\"@id\":\"https:\/\/progettotouring.it\/radiotouring104\/#\/schema\/logo\/image\/\",\"url\":\"https:\/\/progettotouring.it\/radiotouring104\/wp-content\/uploads\/sites\/6\/2022\/02\/cropped-logo-radio-touring-104.png\",\"contentUrl\":\"https:\/\/progettotouring.it\/radiotouring104\/wp-content\/uploads\/sites\/6\/2022\/02\/cropped-logo-radio-touring-104.png\",\"width\":377,\"height\":182,\"caption\":\"Radio Touring 104\"},\"image\":{\"@id\":\"https:\/\/progettotouring.it\/radiotouring104\/#\/schema\/logo\/image\/\"}},{\"@type\":\"Person\",\"@id\":\"https:\/\/progettotouring.it\/radiotouring104\/#\/schema\/person\/78613917f1851f041f7483f5af1d422e\",\"name\":\"Sebastiano Plutino\",\"image\":{\"@type\":\"ImageObject\",\"inLanguage\":\"it-IT\",\"@id\":\"https:\/\/secure.gravatar.com\/avatar\/0546ffaa9b79224faf9f2a156b67a529ae861d3287c66c1d8ccfdf909bcba78d?s=96&d=mm&r=g\",\"url\":\"https:\/\/secure.gravatar.com\/avatar\/0546ffaa9b79224faf9f2a156b67a529ae861d3287c66c1d8ccfdf909bcba78d?s=96&d=mm&r=g\",\"contentUrl\":\"https:\/\/secure.gravatar.com\/avatar\/0546ffaa9b79224faf9f2a156b67a529ae861d3287c66c1d8ccfdf909bcba78d?s=96&d=mm&r=g\",\"caption\":\"Sebastiano Plutino\"},\"url\":\"https:\/\/progettotouring.it\/radiotouring104\/author\/sebastiano\/\"}]}<\/script>\n<!-- \/ Yoast SEO plugin. -->","yoast_head_json":{"title":"La Gallico Gamberie al rush finale: proseguono lavori ultimo tratto","description":"Sopralluogo al cantiere con progettisti tecnici dell'impresa. Falcomat\u00e0: \u201cInfrastruttura straordinaria che unir\u00e0 il mare alla montagna","robots":{"index":"index","follow":"follow","max-snippet":"max-snippet:-1","max-image-preview":"max-image-preview:large","max-video-preview":"max-video-preview:-1"},"canonical":"https:\/\/progettotouring.it\/radiotouring104\/2024\/01\/19\/gallico-gambarie-rush-finale-gallico-gambarie-rush-finale-per-strada-che-colleghera-mare-e-montagn\/","og_locale":"it_IT","og_type":"article","og_title":"La Gallico Gamberie al rush finale: proseguono lavori ultimo tratto","og_description":"Sopralluogo al cantiere con progettisti tecnici dell'impresa. Falcomat\u00e0: \u201cInfrastruttura straordinaria che unir\u00e0 il mare alla montagna","og_url":"https:\/\/progettotouring.it\/radiotouring104\/2024\/01\/19\/gallico-gambarie-rush-finale-gallico-gambarie-rush-finale-per-strada-che-colleghera-mare-e-montagn\/","og_site_name":"Radio Touring 104","article_published_time":"2024-01-19T08:29:43+00:00","article_modified_time":"2024-01-19T08:58:20+00:00","og_image":[{"width":2000,"height":1126,"url":"https:\/\/progettotouring.it\/radiotouring104\/wp-content\/uploads\/sites\/6\/2024\/01\/gallico-gambarie-Falcomata.jpeg","type":"image\/jpeg"}],"author":"Sebastiano Plutino","twitter_card":"summary_large_image","twitter_misc":{"Scritto da":"Sebastiano Plutino","Tempo di lettura stimato":"3 minuti"},"schema":{"@context":"https:\/\/schema.org","@graph":[{"@type":"Article","@id":"https:\/\/progettotouring.it\/radiotouring104\/2024\/01\/19\/gallico-gambarie-rush-finale-gallico-gambarie-rush-finale-per-strada-che-colleghera-mare-e-montagn\/#article","isPartOf":{"@id":"https:\/\/progettotouring.it\/radiotouring104\/2024\/01\/19\/gallico-gambarie-rush-finale-gallico-gambarie-rush-finale-per-strada-che-colleghera-mare-e-montagn\/"},"author":{"name":"Sebastiano Plutino","@id":"https:\/\/progettotouring.it\/radiotouring104\/#\/schema\/person\/78613917f1851f041f7483f5af1d422e"},"headline":"Gallico &#8211; Gambarie: rush finale Gallico Gambarie: rush finale per strada che collegher\u00e0 mare e montagn","datePublished":"2024-01-19T08:29:43+00:00","dateModified":"2024-01-19T08:58:20+00:00","mainEntityOfPage":{"@id":"https:\/\/progettotouring.it\/radiotouring104\/2024\/01\/19\/gallico-gambarie-rush-finale-gallico-gambarie-rush-finale-per-strada-che-colleghera-mare-e-montagn\/"},"wordCount":643,"publisher":{"@id":"https:\/\/progettotouring.it\/radiotouring104\/#organization"},"image":{"@id":"https:\/\/progettotouring.it\/radiotouring104\/2024\/01\/19\/gallico-gambarie-rush-finale-gallico-gambarie-rush-finale-per-strada-che-colleghera-mare-e-montagn\/#primaryimage"},"thumbnailUrl":"https:\/\/progettotouring.it\/radiotouring104\/wp-content\/uploads\/sites\/6\/2024\/01\/gallico-gambarie-Falcomata.jpeg","keywords":["Avv. Carmelo Versace","Gallico Gambarie","Giuseppe Falcomat\u00e0","Giuseppe Marino","Lorenzo Benestare","proseguono lavori ultimo tratto","rush finale","Stefano Priolo"],"articleSection":["Home","In primo piano","News","Reggio Calabria"],"inLanguage":"it-IT"},{"@type":"WebPage","@id":"https:\/\/progettotouring.it\/radiotouring104\/2024\/01\/19\/gallico-gambarie-rush-finale-gallico-gambarie-rush-finale-per-strada-che-colleghera-mare-e-montagn\/","url":"https:\/\/progettotouring.it\/radiotouring104\/2024\/01\/19\/gallico-gambarie-rush-finale-gallico-gambarie-rush-finale-per-strada-che-colleghera-mare-e-montagn\/","name":"La Gallico Gamberie al rush finale: proseguono lavori ultimo tratto","isPartOf":{"@id":"https:\/\/progettotouring.it\/radiotouring104\/#website"},"primaryImageOfPage":{"@id":"https:\/\/progettotouring.it\/radiotouring104\/2024\/01\/19\/gallico-gambarie-rush-finale-gallico-gambarie-rush-finale-per-strada-che-colleghera-mare-e-montagn\/#primaryimage"},"image":{"@id":"https:\/\/progettotouring.it\/radiotouring104\/2024\/01\/19\/gallico-gambarie-rush-finale-gallico-gambarie-rush-finale-per-strada-che-colleghera-mare-e-montagn\/#primaryimage"},"thumbnailUrl":"https:\/\/progettotouring.it\/radiotouring104\/wp-content\/uploads\/sites\/6\/2024\/01\/gallico-gambarie-Falcomata.jpeg","datePublished":"2024-01-19T08:29:43+00:00","dateModified":"2024-01-19T08:58:20+00:00","description":"Sopralluogo al cantiere con progettisti tecnici dell'impresa. Falcomat\u00e0: \u201cInfrastruttura straordinaria che unir\u00e0 il mare alla montagna","breadcrumb":{"@id":"https:\/\/progettotouring.it\/radiotouring104\/2024\/01\/19\/gallico-gambarie-rush-finale-gallico-gambarie-rush-finale-per-strada-che-colleghera-mare-e-montagn\/#breadcrumb"},"inLanguage":"it-IT","potentialAction":[{"@type":"ReadAction","target":["https:\/\/progettotouring.it\/radiotouring104\/2024\/01\/19\/gallico-gambarie-rush-finale-gallico-gambarie-rush-finale-per-strada-che-colleghera-mare-e-montagn\/"]}]},{"@type":"ImageObject","inLanguage":"it-IT","@id":"https:\/\/progettotouring.it\/radiotouring104\/2024\/01\/19\/gallico-gambarie-rush-finale-gallico-gambarie-rush-finale-per-strada-che-colleghera-mare-e-montagn\/#primaryimage","url":"https:\/\/progettotouring.it\/radiotouring104\/wp-content\/uploads\/sites\/6\/2024\/01\/gallico-gambarie-Falcomata.jpeg","contentUrl":"https:\/\/progettotouring.it\/radiotouring104\/wp-content\/uploads\/sites\/6\/2024\/01\/gallico-gambarie-Falcomata.jpeg","width":2000,"height":1126},{"@type":"BreadcrumbList","@id":"https:\/\/progettotouring.it\/radiotouring104\/2024\/01\/19\/gallico-gambarie-rush-finale-gallico-gambarie-rush-finale-per-strada-che-colleghera-mare-e-montagn\/#breadcrumb","itemListElement":[{"@type":"ListItem","position":1,"name":"Home","item":"https:\/\/progettotouring.it\/radiotouring104\/"},{"@type":"ListItem","position":2,"name":"Gallico &#8211; Gambarie: rush finale Gallico Gambarie: rush finale per strada che collegher\u00e0 mare e montagn"}]},{"@type":"WebSite","@id":"https:\/\/progettotouring.it\/radiotouring104\/#website","url":"https:\/\/progettotouring.it\/radiotouring104\/","name":"Radio Touring 104","description":"La prima radio Reggina","publisher":{"@id":"https:\/\/progettotouring.it\/radiotouring104\/#organization"},"potentialAction":[{"@type":"SearchAction","target":{"@type":"EntryPoint","urlTemplate":"https:\/\/progettotouring.it\/radiotouring104\/?s={search_term_string}"},"query-input":{"@type":"PropertyValueSpecification","valueRequired":true,"valueName":"search_term_string"}}],"inLanguage":"it-IT"},{"@type":"Organization","@id":"https:\/\/progettotouring.it\/radiotouring104\/#organization","name":"Radio Touring 104","url":"https:\/\/progettotouring.it\/radiotouring104\/","logo":{"@type":"ImageObject","inLanguage":"it-IT","@id":"https:\/\/progettotouring.it\/radiotouring104\/#\/schema\/logo\/image\/","url":"https:\/\/progettotouring.it\/radiotouring104\/wp-content\/uploads\/sites\/6\/2022\/02\/cropped-logo-radio-touring-104.png","contentUrl":"https:\/\/progettotouring.it\/radiotouring104\/wp-content\/uploads\/sites\/6\/2022\/02\/cropped-logo-radio-touring-104.png","width":377,"height":182,"caption":"Radio Touring 104"},"image":{"@id":"https:\/\/progettotouring.it\/radiotouring104\/#\/schema\/logo\/image\/"}},{"@type":"Person","@id":"https:\/\/progettotouring.it\/radiotouring104\/#\/schema\/person\/78613917f1851f041f7483f5af1d422e","name":"Sebastiano Plutino","image":{"@type":"ImageObject","inLanguage":"it-IT","@id":"https:\/\/secure.gravatar.com\/avatar\/0546ffaa9b79224faf9f2a156b67a529ae861d3287c66c1d8ccfdf909bcba78d?s=96&d=mm&r=g","url":"https:\/\/secure.gravatar.com\/avatar\/0546ffaa9b79224faf9f2a156b67a529ae861d3287c66c1d8ccfdf909bcba78d?s=96&d=mm&r=g","contentUrl":"https:\/\/secure.gravatar.com\/avatar\/0546ffaa9b79224faf9f2a156b67a529ae861d3287c66c1d8ccfdf909bcba78d?s=96&d=mm&r=g","caption":"Sebastiano Plutino"},"url":"https:\/\/progettotouring.it\/radiotouring104\/author\/sebastiano\/"}]}},"jetpack_publicize_connections":[],"jetpack_featured_media_url":"https:\/\/progettotouring.it\/radiotouring104\/wp-content\/uploads\/sites\/6\/2024\/01\/gallico-gambarie-Falcomata.jpeg","jetpack_sharing_enabled":true,"_links":{"self":[{"href":"https:\/\/progettotouring.it\/radiotouring104\/wp-json\/wp\/v2\/posts\/42932","targetHints":{"allow":["GET"]}}],"collection":[{"href":"https:\/\/progettotouring.it\/radiotouring104\/wp-json\/wp\/v2\/posts"}],"about":[{"href":"https:\/\/progettotouring.it\/radiotouring104\/wp-json\/wp\/v2\/types\/post"}],"author":[{"embeddable":true,"href":"https:\/\/progettotouring.it\/radiotouring104\/wp-json\/wp\/v2\/users\/12"}],"replies":[{"embeddable":true,"href":"https:\/\/progettotouring.it\/radiotouring104\/wp-json\/wp\/v2\/comments?post=42932"}],"version-history":[{"count":3,"href":"https:\/\/progettotouring.it\/radiotouring104\/wp-json\/wp\/v2\/posts\/42932\/revisions"}],"predecessor-version":[{"id":42936,"href":"https:\/\/progettotouring.it\/radiotouring104\/wp-json\/wp\/v2\/posts\/42932\/revisions\/42936"}],"wp:featuredmedia":[{"embeddable":true,"href":"https:\/\/progettotouring.it\/radiotouring104\/wp-json\/wp\/v2\/media\/42933"}],"wp:attachment":[{"href":"https:\/\/progettotouring.it\/radiotouring104\/wp-json\/wp\/v2\/media?parent=42932"}],"wp:term":[{"taxonomy":"category","embeddable":true,"href":"https:\/\/progettotouring.it\/radiotouring104\/wp-json\/wp\/v2\/categories?post=42932"},{"taxonomy":"post_tag","embeddable":true,"href":"https:\/\/progettotouring.it\/radiotouring104\/wp-json\/wp\/v2\/tags?post=42932"}],"curies":[{"name":"wp","href":"https:\/\/api.w.org\/{rel}","templated":true}]}}