{"id":43039,"date":"2024-01-19T17:13:52","date_gmt":"2024-01-19T16:13:52","guid":{"rendered":"https:\/\/progettotouring.it\/radiotouring104\/?p=43039"},"modified":"2024-01-19T17:30:45","modified_gmt":"2024-01-19T16:30:45","slug":"reggio-calabria-il-pd-difende-falcomata-la-gallico-gambarie-e-unopera-strategica","status":"publish","type":"post","link":"https:\/\/progettotouring.it\/radiotouring104\/2024\/01\/19\/reggio-calabria-il-pd-difende-falcomata-la-gallico-gambarie-e-unopera-strategica\/","title":{"rendered":"Reggio Calabria, il PD difende Falcomat\u00e0: &#8220;La Gallico-Gambarie \u00e8 un\u2019opera strategica&#8221;"},"content":{"rendered":"<p style=\"text-align: justify\">Dopo le polemiche sulla strada a scorrimento veloce, il Partito Democratico chiarisce la propria posizione definendo il percorso storico che ha consentito l&#8217;avvio dell&#8217;ultimo tratto e la sua imminente ultimazione. &#8220;<em>Nessuno rivendichi primogeniture, il completamento sar\u00e0 una vittoria di tutti. Semmai ci si interroghi sui ritardi decennali&#8221;<\/em><\/p>\n<p><em><strong>&#8220;La Gallico-Gambarie \u00e8 un\u2019opera strategica,<\/strong> rivoluzionaria per l\u2019intero territorio reggino, formidabile per la capacit\u00e0 di accorciare i tempi di percorrenza dal litorale al paesaggio aspromontano. Il suo completamento sar\u00e0 una vittoria di tutti e per tutti. E\u2019 un&#8217;indecenza avallare o presumere primogeniture sulla sua realizzazione. Piuttosto, si facciano i conti con gli storici ritardi che hanno sempre rinviato, anno dopo anno, il suo completamento. E che oggi potrebbero finalmente lasciare il passo alla storica apertura della strada, con una vittoria che \u00e8 anzitutto del territorio, fuori da qualsiasi genere di rivendicazione&#8221;.<\/em> E\u2019 quanto afferma in una nota la Federazione metropolitana del Partito Democratico di Reggio Calabria sottolineando il valore del recente sopralluogo in cantiere del sindaco Giuseppe Falcomat\u00e0, e che \u00e8 servito <em>&#8220;non certo ad affermare i propri meriti, ma semplicemente a notiziare i cittadini rispetto ai tempi di ultimazione della strada a scorrimento veloce&#8221;.<\/em><\/p>\n<p><em>&#8220;Un&#8217;attivit\u00e0 di rendiconto da parte del sindaco e degli amministratori che risulta quindi doverosa rispetto al valore di servizio dei nostri rappresentanti politici in seno alle istituzioni <\/em>\u2013 lo si legge nella nota del Pd \u2013<em> soprattutto in considerazione del fatto che le grandi infrastrutture sono concepite per unire le comunit\u00e0, non certo per dividerle. Renderle partecipi dei cambiamenti dei loro territori, non fa altro che fidelizzare il rapporto fra cittadini e istituzioni e rendere la comunit\u00e0 partecipe dei risultati e della programmazione in atto&#8221;.<\/em><\/p>\n<p>Per questo motivo, il <strong>Pd<\/strong> si dice &#8220;<em>fortemente critico rispetto al tentativo del deputato <strong>Francesco Cannizzaro<\/strong> di voler strumentalizzare l\u2019azione del sindaco e degli altri amministratori che, rappresentando democraticamente l<strong>\u2019Ente metropolitano,<\/strong> hanno voluto fare il punto sullo stato dell\u2019arte del cantiere pi\u00f9 importante, in termini di investimento e lavoro, della Citt\u00e0 Metropolitana. Non si tratta del primo, peraltro, e certamente non sar\u00e0 l&#8217;ultimo sopralluogo che gli Amministratori metropolitani faranno su quel cantiere, cosi come avviene giornalmente su centinaia di interventi che seguiamo in maniera attiva, sia in citt\u00e0 che sull&#8217;intero territorio metropolitano&#8221;.<\/em><\/p>\n<p><em>&#8220;E\u2019 davvero puerile <\/em>\u2013 commenta ancora il Pd \u2013 <em><strong>l\u2019atteggiamento di chi vuole,<\/strong> a tutti i costi, autocelebrare il proprio ruolo rispetto ad attivit\u00e0 che nulla hanno a che fare col proprio mandato. Piuttosto che rivendicare meriti o primogeniture, <strong>Cannizzaro<\/strong> farebbe bene ad interrogarsi sul perch\u00e9 ci siano voluti quasi 30 anni per completare un\u2019opera cos\u00ec importante. Rifletta sull\u2019azione dei Governi che si sono succeduti, analizzi i fatti per ci\u00f2 che sono stati realmente, ricordi che il futuro si costruisce tenendo a mente il passato&#8221;.<\/em><\/p>\n<p><em>&#8220;La memoria <\/em>\u2013 ha continuato \u2013 <em>va coltivata con esercizio e fatica. Ricordo, infatti, che fu il governo di centrosinistra a stanziare <strong>108 milioni di euro<\/strong> suddivisi in 3 annualit\u00e0, due delle quali ritirate dal successivo <strong>Governo<\/strong> <strong>Berlusconi<\/strong> e dall\u2019allora ministro Tremonti. Preso atto delle difficolt\u00e0, l\u2019allora Presidente della Provincia Giuseppe Morabito chiese e ottenne, dalla giunta regionale del<strong> Governatore Loiero,<\/strong> lo stanziamento di 51 milioni di euro da attingere ai fondi <strong>Por e Fas,<\/strong> aggiungendone ulteriori 16 milioni per riuscire ad assegnare, finalmente, l\u2019appalto integrato. Finanziamenti, successivamente, rimessi nel congelatore dal nuovo esecutivo regionale di centrodestra, uscito vincente dalle elezioni del 2010, per verificare la salute dei conti regionali e, eventualmente, riparametrare alcuni indirizzi riguardanti i fondi Por e Fers. Ci sono poi voluti altri anni e altri esecutivi, di centrosinistra e centrodestra, per riuscire a vedere, una volta per tutte, cantierizzato e finalmente quasi ultimato anche l\u2019ultimo lotto della Gallico-Gambarie. Nessuno quindi pu\u00f2 chiamarsi fuori da queste vicende, n\u00e8 alcuno pu\u00f2 rivendicare paternit\u00e0 e proporre alcun tipo di appartenenza territoriale&#8221;.<\/em><\/p>\n<p><em>&#8220;Chiaro come il sole dunque <\/em>\u2013 ha proseguito il Pd \u2013 <em>che nessuno pu\u00f2 accaparrarsi il merito per la realizzazione di un\u2019opera che aspetta d\u2019essere realizzata da quasi un trentennio. La <strong>Provincia, oggi Citt\u00e0 Metropolitana,<\/strong> ha costantemente tenuto sotto esame e stimolato gli organismi direttamente superiori a non recedere dall\u2019idea di voler realizzare un\u2019opera da sempre ritenuta strategica ed essenziale. Si \u00e8 fatto, in parole povere, quello che avrebbe dovuto fare qualsiasi amministrazione che ha a cuore lo sviluppo delle proprie comunit\u00e0, a prescindere dal colore politico di appartenenza&#8221;.<\/em><\/p>\n<p><em>&#8220;Ci auguriamo \u2013 <\/em>conclude la nota del Pd \u2013<em> che questo breve excursus storico posso servire a far riflettere l\u2019esponente di Forza Italia. Cannizzaro, infatti, dovrebbe avere un approccio meno ideologico rispetto alla realizzazione di infrastrutture cos\u00ec fondamentali per le nostre comunit\u00e0. La Gallico-Gambarie \u00e8 solo per le comunit\u00e0 e per nessun altro. Lo dovrebbe comprendere anche il deputato che dovrebbe essere felice del fatto che i lavori stiano proseguendo senza particolari intoppi, per come puntualmente ed opportunamente documentato dal sindaco <strong>Giuseppe Falcomat\u00e0&#8221;.<\/strong><\/em><\/p>\n","protected":false},"excerpt":{"rendered":"<p>Dopo le polemiche sulla strada a scorrimento veloce, il Partito Democratico chiarisce la propria posizione definendo il percorso storico che ha consentito l&#8217;avvio dell&#8217;ultimo tratto e la sua imminente ultimazione.&hellip;<\/p>\n","protected":false},"author":8,"featured_media":0,"comment_status":"closed","ping_status":"open","sticky":false,"template":"","format":"standard","meta":{"_jetpack_memberships_contains_paid_content":false,"footnotes":"","jetpack_publicize_message":"","jetpack_publicize_feature_enabled":true,"jetpack_social_post_already_shared":false,"jetpack_social_options":{"image_generator_settings":{"template":"highway","default_image_id":0,"font":"","enabled":false},"version":2}},"categories":[921,196,195,140],"tags":[26542,4451,1770,22366,3208,236],"class_list":["post-43039","post","type-post","status-publish","format-standard","hentry","category-home","category-news","category-politica","category-reggio-calabria","tag-ente-metropolitano","tag-cannizzaro","tag-falcomata","tag-gallico-gambarie","tag-partito-democratico","tag-reggio-calabria"],"yoast_head":"<!-- This site is optimized with the Yoast SEO plugin v27.2 - https:\/\/yoast.com\/product\/yoast-seo-wordpress\/ -->\n<title>Reggio Calabria, il PD difende Falcomat\u00e0: &quot;La Gallico-Gambarie \u00e8 un\u2019opera strategica&quot; - Radio Touring 104<\/title>\n<meta name=\"description\" content=\"Il PD chiarisce la propria posizione definendo il percorso storico che ha consentito l&#039;avvio dell&#039;ultimo tratto della Gallico-Gambarie\" \/>\n<meta name=\"robots\" content=\"index, follow, max-snippet:-1, max-image-preview:large, max-video-preview:-1\" \/>\n<link rel=\"canonical\" href=\"https:\/\/progettotouring.it\/radiotouring104\/2024\/01\/19\/reggio-calabria-il-pd-difende-falcomata-la-gallico-gambarie-e-unopera-strategica\/\" \/>\n<meta property=\"og:locale\" content=\"it_IT\" \/>\n<meta property=\"og:type\" content=\"article\" \/>\n<meta property=\"og:title\" content=\"Reggio Calabria, il PD difende Falcomat\u00e0: &quot;La Gallico-Gambarie \u00e8 un\u2019opera strategica&quot; - Radio Touring 104\" \/>\n<meta property=\"og:description\" content=\"Il PD chiarisce la propria posizione definendo il percorso storico che ha consentito l&#039;avvio dell&#039;ultimo tratto della Gallico-Gambarie\" \/>\n<meta property=\"og:url\" content=\"https:\/\/progettotouring.it\/radiotouring104\/2024\/01\/19\/reggio-calabria-il-pd-difende-falcomata-la-gallico-gambarie-e-unopera-strategica\/\" \/>\n<meta property=\"og:site_name\" content=\"Radio Touring 104\" \/>\n<meta property=\"article:published_time\" content=\"2024-01-19T16:13:52+00:00\" \/>\n<meta property=\"article:modified_time\" content=\"2024-01-19T16:30:45+00:00\" \/>\n<meta property=\"og:image\" content=\"https:\/\/progettotouring.it\/radiotouring104\/wp-content\/uploads\/sites\/6\/2022\/06\/pd-calabria.png\" \/>\n\t<meta property=\"og:image:width\" content=\"225\" \/>\n\t<meta property=\"og:image:height\" content=\"225\" \/>\n\t<meta property=\"og:image:type\" content=\"image\/png\" \/>\n<meta name=\"author\" content=\"Filippo Francesco Idone\" \/>\n<meta name=\"twitter:card\" content=\"summary_large_image\" \/>\n<meta name=\"twitter:label1\" content=\"Scritto da\" \/>\n\t<meta name=\"twitter:data1\" content=\"Filippo Francesco Idone\" \/>\n\t<meta name=\"twitter:label2\" content=\"Tempo di lettura stimato\" \/>\n\t<meta name=\"twitter:data2\" content=\"4 minuti\" \/>\n<script type=\"application\/ld+json\" class=\"yoast-schema-graph\">{\"@context\":\"https:\/\/schema.org\",\"@graph\":[{\"@type\":\"Article\",\"@id\":\"https:\/\/progettotouring.it\/radiotouring104\/2024\/01\/19\/reggio-calabria-il-pd-difende-falcomata-la-gallico-gambarie-e-unopera-strategica\/#article\",\"isPartOf\":{\"@id\":\"https:\/\/progettotouring.it\/radiotouring104\/2024\/01\/19\/reggio-calabria-il-pd-difende-falcomata-la-gallico-gambarie-e-unopera-strategica\/\"},\"author\":{\"name\":\"Filippo Francesco Idone\",\"@id\":\"https:\/\/progettotouring.it\/radiotouring104\/#\/schema\/person\/4a82259ca52ac8702ad1a8f9e5a3120b\"},\"headline\":\"Reggio Calabria, il PD difende Falcomat\u00e0: &#8220;La Gallico-Gambarie \u00e8 un\u2019opera strategica&#8221;\",\"datePublished\":\"2024-01-19T16:13:52+00:00\",\"dateModified\":\"2024-01-19T16:30:45+00:00\",\"mainEntityOfPage\":{\"@id\":\"https:\/\/progettotouring.it\/radiotouring104\/2024\/01\/19\/reggio-calabria-il-pd-difende-falcomata-la-gallico-gambarie-e-unopera-strategica\/\"},\"wordCount\":805,\"publisher\":{\"@id\":\"https:\/\/progettotouring.it\/radiotouring104\/#organization\"},\"keywords\":[\"\u2019Ente metropolitano\",\"cannizzaro\",\"Falcomat\u00e0\",\"Gallico Gambarie\",\"Partito Democratico\",\"reggio calabria\"],\"articleSection\":[\"Home\",\"News\",\"Politica\",\"Reggio Calabria\"],\"inLanguage\":\"it-IT\"},{\"@type\":\"WebPage\",\"@id\":\"https:\/\/progettotouring.it\/radiotouring104\/2024\/01\/19\/reggio-calabria-il-pd-difende-falcomata-la-gallico-gambarie-e-unopera-strategica\/\",\"url\":\"https:\/\/progettotouring.it\/radiotouring104\/2024\/01\/19\/reggio-calabria-il-pd-difende-falcomata-la-gallico-gambarie-e-unopera-strategica\/\",\"name\":\"Reggio Calabria, il PD difende Falcomat\u00e0: \\\"La Gallico-Gambarie \u00e8 un\u2019opera strategica\\\" - Radio Touring 104\",\"isPartOf\":{\"@id\":\"https:\/\/progettotouring.it\/radiotouring104\/#website\"},\"datePublished\":\"2024-01-19T16:13:52+00:00\",\"dateModified\":\"2024-01-19T16:30:45+00:00\",\"description\":\"Il PD chiarisce la propria posizione definendo il percorso storico che ha consentito l'avvio dell'ultimo tratto della Gallico-Gambarie\",\"breadcrumb\":{\"@id\":\"https:\/\/progettotouring.it\/radiotouring104\/2024\/01\/19\/reggio-calabria-il-pd-difende-falcomata-la-gallico-gambarie-e-unopera-strategica\/#breadcrumb\"},\"inLanguage\":\"it-IT\",\"potentialAction\":[{\"@type\":\"ReadAction\",\"target\":[\"https:\/\/progettotouring.it\/radiotouring104\/2024\/01\/19\/reggio-calabria-il-pd-difende-falcomata-la-gallico-gambarie-e-unopera-strategica\/\"]}]},{\"@type\":\"BreadcrumbList\",\"@id\":\"https:\/\/progettotouring.it\/radiotouring104\/2024\/01\/19\/reggio-calabria-il-pd-difende-falcomata-la-gallico-gambarie-e-unopera-strategica\/#breadcrumb\",\"itemListElement\":[{\"@type\":\"ListItem\",\"position\":1,\"name\":\"Home\",\"item\":\"https:\/\/progettotouring.it\/radiotouring104\/\"},{\"@type\":\"ListItem\",\"position\":2,\"name\":\"Reggio Calabria, il PD difende Falcomat\u00e0: &#8220;La Gallico-Gambarie \u00e8 un\u2019opera strategica&#8221;\"}]},{\"@type\":\"WebSite\",\"@id\":\"https:\/\/progettotouring.it\/radiotouring104\/#website\",\"url\":\"https:\/\/progettotouring.it\/radiotouring104\/\",\"name\":\"Radio Touring 104\",\"description\":\"La prima radio Reggina\",\"publisher\":{\"@id\":\"https:\/\/progettotouring.it\/radiotouring104\/#organization\"},\"potentialAction\":[{\"@type\":\"SearchAction\",\"target\":{\"@type\":\"EntryPoint\",\"urlTemplate\":\"https:\/\/progettotouring.it\/radiotouring104\/?s={search_term_string}\"},\"query-input\":{\"@type\":\"PropertyValueSpecification\",\"valueRequired\":true,\"valueName\":\"search_term_string\"}}],\"inLanguage\":\"it-IT\"},{\"@type\":\"Organization\",\"@id\":\"https:\/\/progettotouring.it\/radiotouring104\/#organization\",\"name\":\"Radio Touring 104\",\"url\":\"https:\/\/progettotouring.it\/radiotouring104\/\",\"logo\":{\"@type\":\"ImageObject\",\"inLanguage\":\"it-IT\",\"@id\":\"https:\/\/progettotouring.it\/radiotouring104\/#\/schema\/logo\/image\/\",\"url\":\"https:\/\/progettotouring.it\/radiotouring104\/wp-content\/uploads\/sites\/6\/2022\/02\/cropped-logo-radio-touring-104.png\",\"contentUrl\":\"https:\/\/progettotouring.it\/radiotouring104\/wp-content\/uploads\/sites\/6\/2022\/02\/cropped-logo-radio-touring-104.png\",\"width\":377,\"height\":182,\"caption\":\"Radio Touring 104\"},\"image\":{\"@id\":\"https:\/\/progettotouring.it\/radiotouring104\/#\/schema\/logo\/image\/\"}},{\"@type\":\"Person\",\"@id\":\"https:\/\/progettotouring.it\/radiotouring104\/#\/schema\/person\/4a82259ca52ac8702ad1a8f9e5a3120b\",\"name\":\"Filippo Francesco Idone\",\"image\":{\"@type\":\"ImageObject\",\"inLanguage\":\"it-IT\",\"@id\":\"https:\/\/secure.gravatar.com\/avatar\/7268715d2366395c3dd314385670e6484117d44f5c442e61e230f7008b7b62d3?s=96&d=mm&r=g\",\"url\":\"https:\/\/secure.gravatar.com\/avatar\/7268715d2366395c3dd314385670e6484117d44f5c442e61e230f7008b7b62d3?s=96&d=mm&r=g\",\"contentUrl\":\"https:\/\/secure.gravatar.com\/avatar\/7268715d2366395c3dd314385670e6484117d44f5c442e61e230f7008b7b62d3?s=96&d=mm&r=g\",\"caption\":\"Filippo Francesco Idone\"},\"url\":\"https:\/\/progettotouring.it\/radiotouring104\/author\/filippoidone\/\"}]}<\/script>\n<!-- \/ Yoast SEO plugin. -->","yoast_head_json":{"title":"Reggio Calabria, il PD difende Falcomat\u00e0: \"La Gallico-Gambarie \u00e8 un\u2019opera strategica\" - Radio Touring 104","description":"Il PD chiarisce la propria posizione definendo il percorso storico che ha consentito l'avvio dell'ultimo tratto della Gallico-Gambarie","robots":{"index":"index","follow":"follow","max-snippet":"max-snippet:-1","max-image-preview":"max-image-preview:large","max-video-preview":"max-video-preview:-1"},"canonical":"https:\/\/progettotouring.it\/radiotouring104\/2024\/01\/19\/reggio-calabria-il-pd-difende-falcomata-la-gallico-gambarie-e-unopera-strategica\/","og_locale":"it_IT","og_type":"article","og_title":"Reggio Calabria, il PD difende Falcomat\u00e0: \"La Gallico-Gambarie \u00e8 un\u2019opera strategica\" - Radio Touring 104","og_description":"Il PD chiarisce la propria posizione definendo il percorso storico che ha consentito l'avvio dell'ultimo tratto della Gallico-Gambarie","og_url":"https:\/\/progettotouring.it\/radiotouring104\/2024\/01\/19\/reggio-calabria-il-pd-difende-falcomata-la-gallico-gambarie-e-unopera-strategica\/","og_site_name":"Radio Touring 104","article_published_time":"2024-01-19T16:13:52+00:00","article_modified_time":"2024-01-19T16:30:45+00:00","og_image":[{"width":225,"height":225,"url":"https:\/\/progettotouring.it\/radiotouring104\/wp-content\/uploads\/sites\/6\/2022\/06\/pd-calabria.png","type":"image\/png"}],"author":"Filippo Francesco Idone","twitter_card":"summary_large_image","twitter_misc":{"Scritto da":"Filippo Francesco Idone","Tempo di lettura stimato":"4 minuti"},"schema":{"@context":"https:\/\/schema.org","@graph":[{"@type":"Article","@id":"https:\/\/progettotouring.it\/radiotouring104\/2024\/01\/19\/reggio-calabria-il-pd-difende-falcomata-la-gallico-gambarie-e-unopera-strategica\/#article","isPartOf":{"@id":"https:\/\/progettotouring.it\/radiotouring104\/2024\/01\/19\/reggio-calabria-il-pd-difende-falcomata-la-gallico-gambarie-e-unopera-strategica\/"},"author":{"name":"Filippo Francesco Idone","@id":"https:\/\/progettotouring.it\/radiotouring104\/#\/schema\/person\/4a82259ca52ac8702ad1a8f9e5a3120b"},"headline":"Reggio Calabria, il PD difende Falcomat\u00e0: &#8220;La Gallico-Gambarie \u00e8 un\u2019opera strategica&#8221;","datePublished":"2024-01-19T16:13:52+00:00","dateModified":"2024-01-19T16:30:45+00:00","mainEntityOfPage":{"@id":"https:\/\/progettotouring.it\/radiotouring104\/2024\/01\/19\/reggio-calabria-il-pd-difende-falcomata-la-gallico-gambarie-e-unopera-strategica\/"},"wordCount":805,"publisher":{"@id":"https:\/\/progettotouring.it\/radiotouring104\/#organization"},"keywords":["\u2019Ente metropolitano","cannizzaro","Falcomat\u00e0","Gallico Gambarie","Partito Democratico","reggio calabria"],"articleSection":["Home","News","Politica","Reggio Calabria"],"inLanguage":"it-IT"},{"@type":"WebPage","@id":"https:\/\/progettotouring.it\/radiotouring104\/2024\/01\/19\/reggio-calabria-il-pd-difende-falcomata-la-gallico-gambarie-e-unopera-strategica\/","url":"https:\/\/progettotouring.it\/radiotouring104\/2024\/01\/19\/reggio-calabria-il-pd-difende-falcomata-la-gallico-gambarie-e-unopera-strategica\/","name":"Reggio Calabria, il PD difende Falcomat\u00e0: \"La Gallico-Gambarie \u00e8 un\u2019opera strategica\" - Radio Touring 104","isPartOf":{"@id":"https:\/\/progettotouring.it\/radiotouring104\/#website"},"datePublished":"2024-01-19T16:13:52+00:00","dateModified":"2024-01-19T16:30:45+00:00","description":"Il PD chiarisce la propria posizione definendo il percorso storico che ha consentito l'avvio dell'ultimo tratto della Gallico-Gambarie","breadcrumb":{"@id":"https:\/\/progettotouring.it\/radiotouring104\/2024\/01\/19\/reggio-calabria-il-pd-difende-falcomata-la-gallico-gambarie-e-unopera-strategica\/#breadcrumb"},"inLanguage":"it-IT","potentialAction":[{"@type":"ReadAction","target":["https:\/\/progettotouring.it\/radiotouring104\/2024\/01\/19\/reggio-calabria-il-pd-difende-falcomata-la-gallico-gambarie-e-unopera-strategica\/"]}]},{"@type":"BreadcrumbList","@id":"https:\/\/progettotouring.it\/radiotouring104\/2024\/01\/19\/reggio-calabria-il-pd-difende-falcomata-la-gallico-gambarie-e-unopera-strategica\/#breadcrumb","itemListElement":[{"@type":"ListItem","position":1,"name":"Home","item":"https:\/\/progettotouring.it\/radiotouring104\/"},{"@type":"ListItem","position":2,"name":"Reggio Calabria, il PD difende Falcomat\u00e0: &#8220;La Gallico-Gambarie \u00e8 un\u2019opera strategica&#8221;"}]},{"@type":"WebSite","@id":"https:\/\/progettotouring.it\/radiotouring104\/#website","url":"https:\/\/progettotouring.it\/radiotouring104\/","name":"Radio Touring 104","description":"La prima radio Reggina","publisher":{"@id":"https:\/\/progettotouring.it\/radiotouring104\/#organization"},"potentialAction":[{"@type":"SearchAction","target":{"@type":"EntryPoint","urlTemplate":"https:\/\/progettotouring.it\/radiotouring104\/?s={search_term_string}"},"query-input":{"@type":"PropertyValueSpecification","valueRequired":true,"valueName":"search_term_string"}}],"inLanguage":"it-IT"},{"@type":"Organization","@id":"https:\/\/progettotouring.it\/radiotouring104\/#organization","name":"Radio Touring 104","url":"https:\/\/progettotouring.it\/radiotouring104\/","logo":{"@type":"ImageObject","inLanguage":"it-IT","@id":"https:\/\/progettotouring.it\/radiotouring104\/#\/schema\/logo\/image\/","url":"https:\/\/progettotouring.it\/radiotouring104\/wp-content\/uploads\/sites\/6\/2022\/02\/cropped-logo-radio-touring-104.png","contentUrl":"https:\/\/progettotouring.it\/radiotouring104\/wp-content\/uploads\/sites\/6\/2022\/02\/cropped-logo-radio-touring-104.png","width":377,"height":182,"caption":"Radio Touring 104"},"image":{"@id":"https:\/\/progettotouring.it\/radiotouring104\/#\/schema\/logo\/image\/"}},{"@type":"Person","@id":"https:\/\/progettotouring.it\/radiotouring104\/#\/schema\/person\/4a82259ca52ac8702ad1a8f9e5a3120b","name":"Filippo Francesco Idone","image":{"@type":"ImageObject","inLanguage":"it-IT","@id":"https:\/\/secure.gravatar.com\/avatar\/7268715d2366395c3dd314385670e6484117d44f5c442e61e230f7008b7b62d3?s=96&d=mm&r=g","url":"https:\/\/secure.gravatar.com\/avatar\/7268715d2366395c3dd314385670e6484117d44f5c442e61e230f7008b7b62d3?s=96&d=mm&r=g","contentUrl":"https:\/\/secure.gravatar.com\/avatar\/7268715d2366395c3dd314385670e6484117d44f5c442e61e230f7008b7b62d3?s=96&d=mm&r=g","caption":"Filippo Francesco Idone"},"url":"https:\/\/progettotouring.it\/radiotouring104\/author\/filippoidone\/"}]}},"jetpack_publicize_connections":[],"jetpack_featured_media_url":"","jetpack_sharing_enabled":true,"_links":{"self":[{"href":"https:\/\/progettotouring.it\/radiotouring104\/wp-json\/wp\/v2\/posts\/43039","targetHints":{"allow":["GET"]}}],"collection":[{"href":"https:\/\/progettotouring.it\/radiotouring104\/wp-json\/wp\/v2\/posts"}],"about":[{"href":"https:\/\/progettotouring.it\/radiotouring104\/wp-json\/wp\/v2\/types\/post"}],"author":[{"embeddable":true,"href":"https:\/\/progettotouring.it\/radiotouring104\/wp-json\/wp\/v2\/users\/8"}],"replies":[{"embeddable":true,"href":"https:\/\/progettotouring.it\/radiotouring104\/wp-json\/wp\/v2\/comments?post=43039"}],"version-history":[{"count":1,"href":"https:\/\/progettotouring.it\/radiotouring104\/wp-json\/wp\/v2\/posts\/43039\/revisions"}],"predecessor-version":[{"id":43040,"href":"https:\/\/progettotouring.it\/radiotouring104\/wp-json\/wp\/v2\/posts\/43039\/revisions\/43040"}],"wp:attachment":[{"href":"https:\/\/progettotouring.it\/radiotouring104\/wp-json\/wp\/v2\/media?parent=43039"}],"wp:term":[{"taxonomy":"category","embeddable":true,"href":"https:\/\/progettotouring.it\/radiotouring104\/wp-json\/wp\/v2\/categories?post=43039"},{"taxonomy":"post_tag","embeddable":true,"href":"https:\/\/progettotouring.it\/radiotouring104\/wp-json\/wp\/v2\/tags?post=43039"}],"curies":[{"name":"wp","href":"https:\/\/api.w.org\/{rel}","templated":true}]}}