{"id":43042,"date":"2024-01-19T17:20:08","date_gmt":"2024-01-19T16:20:08","guid":{"rendered":"https:\/\/progettotouring.it\/radiotouring104\/?p=43042"},"modified":"2024-01-19T17:37:48","modified_gmt":"2024-01-19T16:37:48","slug":"reggio-calabria-falcomata-presente-alle-celebrazioni-dedicate-a-san-sebastiano-martire","status":"publish","type":"post","link":"https:\/\/progettotouring.it\/radiotouring104\/2024\/01\/19\/reggio-calabria-falcomata-presente-alle-celebrazioni-dedicate-a-san-sebastiano-martire\/","title":{"rendered":"Reggio Calabria: Falcomat\u00e0 presente alle celebrazioni dedicate a San Sebastiano Martire"},"content":{"rendered":"<p style=\"text-align: justify\"><em>&#8220;\u00c8 un momento molto importante per tutti noi, alla vigilia di <strong>San Sebastiano e della festa della Polizia Locale<\/strong>. Viviamo questa giornata con grande emozione e commozione, in un momento di cambiamenti storici importanti per la nostra citt\u00e0 che ci fanno guardare con maggiore fiducia al futuro&#8221;.<\/em>\u00a0E&#8217; quanto ha affermato il sindaco <strong>Giuseppe<\/strong> <strong>Falcomat\u00e0<\/strong> nel corso della celebrazione ufficiale tenutasi alla<strong> Chiesa di\u00a0San Sebastiano Martire al Crocefisso,<\/strong>\u00a0alla presenza dell&#8217;Arcivescovo di Reggio Calabria &#8211; Bova Fortunato Morrone, dedicata al Santo patrono della<strong> Polizia Locale San Sebastiano.<\/strong><\/p>\n<p><em>&#8220;Allo stesso tempo <\/em>&#8211; ha aggiunto il sindaco &#8211;<em> non possiamo dimenticare le difficolt\u00e0 di questi anni: spesso dico che sono stati anni in cui abbiamo attraversato il deserto e questo vale ancor di pi\u00f9 per il Corpo di Polizia Locale che probabilmente \u00e8 stato quello che ha sofferto di pi\u00f9 di queste difficolt\u00e0. Ci sono stati anni in cui siamo stati senza una guida, in cui il personale era risicato, le strumentazioni per svolgere il servizio erano poche, non all&#8217;avanguardia e non di qualit\u00e0. Ecco perch\u00e9 mi sento di ringraziare i nostri agenti che, in questi anni, non hanno fatto mai mancare il loro servizio per i cittadini di <strong>Reggio<\/strong>. Guardiamo con fiducia al futuro: il nostro corpo di <strong>Polizia<\/strong><strong>locale<\/strong> si \u00e8 trovato nei numeri e nella qualit\u00e0 per fare gli auguri di buon lavoro agli ultimi nuovi 18 assunti, e anche nelle strumentazioni all&#8217;avanguardia e in sinergia con le attivit\u00e0 delle altre forze di polizia e delle forze dell&#8217;ordine. In questo momento ci sentiamo come Amministrazione di poter fare di pi\u00f9, di poter chiedere alla nostra polizia di fare di pi\u00f9. Un lavoro al servizio non soltanto rispetto alle tematiche del ripristino e del mantenimento delle legalit\u00e0 sul territorio, un lavoro svolto non solo a garanzia della sicurezza dei concittadini ma anche un&#8217;attivit\u00e0 volta al recupero e mantenimento del decoro urbano e quindi alla salvaguardia dei nostri beni comuni. Con questo auspicio auguro a tutti noi una buona festa della <strong>Polizia locale<\/strong>&#8220;.<\/em><\/p>\n","protected":false},"excerpt":{"rendered":"<p>&#8220;\u00c8 un momento molto importante per tutti noi, alla vigilia di San Sebastiano e della festa della Polizia Locale. Viviamo questa giornata con grande emozione e commozione, in un momento&hellip;<\/p>\n","protected":false},"author":8,"featured_media":43043,"comment_status":"closed","ping_status":"open","sticky":false,"template":"","format":"standard","meta":{"_jetpack_memberships_contains_paid_content":false,"footnotes":"","jetpack_publicize_message":"","jetpack_publicize_feature_enabled":true,"jetpack_social_post_already_shared":false,"jetpack_social_options":{"image_generator_settings":{"template":"highway","default_image_id":0,"font":"","enabled":false},"version":2}},"categories":[921,196,140],"tags":[1770,3058,236,26543],"class_list":["post-43042","post","type-post","status-publish","format-standard","has-post-thumbnail","hentry","category-home","category-news","category-reggio-calabria","tag-falcomata","tag-polizia-locale","tag-reggio-calabria","tag-san-sebastiano"],"yoast_head":"<!-- This site is optimized with the Yoast SEO plugin v27.2 - https:\/\/yoast.com\/product\/yoast-seo-wordpress\/ -->\n<title>Reggio Calabria: Falcomat\u00e0 presente alle celebrazioni dedicate a San Sebastiano Martire - Radio Touring 104<\/title>\n<meta name=\"description\" content=\"Falcomat\u00e0 presente alla celebrazione svolta alla Chiesa di\u00a0S. Sebastiano Martire al Crocefisso dedicata al Santo patrono della Polizia Locale\" \/>\n<meta name=\"robots\" content=\"index, follow, max-snippet:-1, max-image-preview:large, max-video-preview:-1\" \/>\n<link rel=\"canonical\" href=\"https:\/\/progettotouring.it\/radiotouring104\/2024\/01\/19\/reggio-calabria-falcomata-presente-alle-celebrazioni-dedicate-a-san-sebastiano-martire\/\" \/>\n<meta property=\"og:locale\" content=\"it_IT\" \/>\n<meta property=\"og:type\" content=\"article\" \/>\n<meta property=\"og:title\" content=\"Reggio Calabria: Falcomat\u00e0 presente alle celebrazioni dedicate a San Sebastiano Martire - Radio Touring 104\" \/>\n<meta property=\"og:description\" content=\"Falcomat\u00e0 presente alla celebrazione svolta alla Chiesa di\u00a0S. Sebastiano Martire al Crocefisso dedicata al Santo patrono della Polizia Locale\" \/>\n<meta property=\"og:url\" content=\"https:\/\/progettotouring.it\/radiotouring104\/2024\/01\/19\/reggio-calabria-falcomata-presente-alle-celebrazioni-dedicate-a-san-sebastiano-martire\/\" \/>\n<meta property=\"og:site_name\" content=\"Radio Touring 104\" \/>\n<meta property=\"article:published_time\" content=\"2024-01-19T16:20:08+00:00\" \/>\n<meta property=\"article:modified_time\" content=\"2024-01-19T16:37:48+00:00\" \/>\n<meta property=\"og:image\" content=\"https:\/\/progettotouring.it\/radiotouring104\/wp-content\/uploads\/sites\/6\/2024\/01\/san-sebastiano-3.jpeg\" \/>\n\t<meta property=\"og:image:width\" content=\"1600\" \/>\n\t<meta property=\"og:image:height\" content=\"900\" \/>\n\t<meta property=\"og:image:type\" content=\"image\/jpeg\" \/>\n<meta name=\"author\" content=\"Filippo Francesco Idone\" \/>\n<meta name=\"twitter:card\" content=\"summary_large_image\" \/>\n<meta name=\"twitter:label1\" content=\"Scritto da\" \/>\n\t<meta name=\"twitter:data1\" content=\"Filippo Francesco Idone\" \/>\n\t<meta name=\"twitter:label2\" content=\"Tempo di lettura stimato\" \/>\n\t<meta name=\"twitter:data2\" content=\"2 minuti\" \/>\n<script type=\"application\/ld+json\" class=\"yoast-schema-graph\">{\"@context\":\"https:\/\/schema.org\",\"@graph\":[{\"@type\":\"Article\",\"@id\":\"https:\/\/progettotouring.it\/radiotouring104\/2024\/01\/19\/reggio-calabria-falcomata-presente-alle-celebrazioni-dedicate-a-san-sebastiano-martire\/#article\",\"isPartOf\":{\"@id\":\"https:\/\/progettotouring.it\/radiotouring104\/2024\/01\/19\/reggio-calabria-falcomata-presente-alle-celebrazioni-dedicate-a-san-sebastiano-martire\/\"},\"author\":{\"name\":\"Filippo Francesco Idone\",\"@id\":\"https:\/\/progettotouring.it\/radiotouring104\/#\/schema\/person\/4a82259ca52ac8702ad1a8f9e5a3120b\"},\"headline\":\"Reggio Calabria: Falcomat\u00e0 presente alle celebrazioni dedicate a San Sebastiano Martire\",\"datePublished\":\"2024-01-19T16:20:08+00:00\",\"dateModified\":\"2024-01-19T16:37:48+00:00\",\"mainEntityOfPage\":{\"@id\":\"https:\/\/progettotouring.it\/radiotouring104\/2024\/01\/19\/reggio-calabria-falcomata-presente-alle-celebrazioni-dedicate-a-san-sebastiano-martire\/\"},\"wordCount\":340,\"publisher\":{\"@id\":\"https:\/\/progettotouring.it\/radiotouring104\/#organization\"},\"image\":{\"@id\":\"https:\/\/progettotouring.it\/radiotouring104\/2024\/01\/19\/reggio-calabria-falcomata-presente-alle-celebrazioni-dedicate-a-san-sebastiano-martire\/#primaryimage\"},\"thumbnailUrl\":\"https:\/\/progettotouring.it\/radiotouring104\/wp-content\/uploads\/sites\/6\/2024\/01\/san-sebastiano-3.jpeg\",\"keywords\":[\"Falcomat\u00e0\",\"polizia locale\",\"reggio calabria\",\"san sebastiano\"],\"articleSection\":[\"Home\",\"News\",\"Reggio Calabria\"],\"inLanguage\":\"it-IT\"},{\"@type\":\"WebPage\",\"@id\":\"https:\/\/progettotouring.it\/radiotouring104\/2024\/01\/19\/reggio-calabria-falcomata-presente-alle-celebrazioni-dedicate-a-san-sebastiano-martire\/\",\"url\":\"https:\/\/progettotouring.it\/radiotouring104\/2024\/01\/19\/reggio-calabria-falcomata-presente-alle-celebrazioni-dedicate-a-san-sebastiano-martire\/\",\"name\":\"Reggio Calabria: Falcomat\u00e0 presente alle celebrazioni dedicate a San Sebastiano Martire - Radio Touring 104\",\"isPartOf\":{\"@id\":\"https:\/\/progettotouring.it\/radiotouring104\/#website\"},\"primaryImageOfPage\":{\"@id\":\"https:\/\/progettotouring.it\/radiotouring104\/2024\/01\/19\/reggio-calabria-falcomata-presente-alle-celebrazioni-dedicate-a-san-sebastiano-martire\/#primaryimage\"},\"image\":{\"@id\":\"https:\/\/progettotouring.it\/radiotouring104\/2024\/01\/19\/reggio-calabria-falcomata-presente-alle-celebrazioni-dedicate-a-san-sebastiano-martire\/#primaryimage\"},\"thumbnailUrl\":\"https:\/\/progettotouring.it\/radiotouring104\/wp-content\/uploads\/sites\/6\/2024\/01\/san-sebastiano-3.jpeg\",\"datePublished\":\"2024-01-19T16:20:08+00:00\",\"dateModified\":\"2024-01-19T16:37:48+00:00\",\"description\":\"Falcomat\u00e0 presente alla celebrazione svolta alla Chiesa di\u00a0S. Sebastiano Martire al Crocefisso dedicata al Santo patrono della Polizia Locale\",\"breadcrumb\":{\"@id\":\"https:\/\/progettotouring.it\/radiotouring104\/2024\/01\/19\/reggio-calabria-falcomata-presente-alle-celebrazioni-dedicate-a-san-sebastiano-martire\/#breadcrumb\"},\"inLanguage\":\"it-IT\",\"potentialAction\":[{\"@type\":\"ReadAction\",\"target\":[\"https:\/\/progettotouring.it\/radiotouring104\/2024\/01\/19\/reggio-calabria-falcomata-presente-alle-celebrazioni-dedicate-a-san-sebastiano-martire\/\"]}]},{\"@type\":\"ImageObject\",\"inLanguage\":\"it-IT\",\"@id\":\"https:\/\/progettotouring.it\/radiotouring104\/2024\/01\/19\/reggio-calabria-falcomata-presente-alle-celebrazioni-dedicate-a-san-sebastiano-martire\/#primaryimage\",\"url\":\"https:\/\/progettotouring.it\/radiotouring104\/wp-content\/uploads\/sites\/6\/2024\/01\/san-sebastiano-3.jpeg\",\"contentUrl\":\"https:\/\/progettotouring.it\/radiotouring104\/wp-content\/uploads\/sites\/6\/2024\/01\/san-sebastiano-3.jpeg\",\"width\":1600,\"height\":900},{\"@type\":\"BreadcrumbList\",\"@id\":\"https:\/\/progettotouring.it\/radiotouring104\/2024\/01\/19\/reggio-calabria-falcomata-presente-alle-celebrazioni-dedicate-a-san-sebastiano-martire\/#breadcrumb\",\"itemListElement\":[{\"@type\":\"ListItem\",\"position\":1,\"name\":\"Home\",\"item\":\"https:\/\/progettotouring.it\/radiotouring104\/\"},{\"@type\":\"ListItem\",\"position\":2,\"name\":\"Reggio Calabria: Falcomat\u00e0 presente alle celebrazioni dedicate a San Sebastiano Martire\"}]},{\"@type\":\"WebSite\",\"@id\":\"https:\/\/progettotouring.it\/radiotouring104\/#website\",\"url\":\"https:\/\/progettotouring.it\/radiotouring104\/\",\"name\":\"Radio Touring 104\",\"description\":\"La prima radio Reggina\",\"publisher\":{\"@id\":\"https:\/\/progettotouring.it\/radiotouring104\/#organization\"},\"potentialAction\":[{\"@type\":\"SearchAction\",\"target\":{\"@type\":\"EntryPoint\",\"urlTemplate\":\"https:\/\/progettotouring.it\/radiotouring104\/?s={search_term_string}\"},\"query-input\":{\"@type\":\"PropertyValueSpecification\",\"valueRequired\":true,\"valueName\":\"search_term_string\"}}],\"inLanguage\":\"it-IT\"},{\"@type\":\"Organization\",\"@id\":\"https:\/\/progettotouring.it\/radiotouring104\/#organization\",\"name\":\"Radio Touring 104\",\"url\":\"https:\/\/progettotouring.it\/radiotouring104\/\",\"logo\":{\"@type\":\"ImageObject\",\"inLanguage\":\"it-IT\",\"@id\":\"https:\/\/progettotouring.it\/radiotouring104\/#\/schema\/logo\/image\/\",\"url\":\"https:\/\/progettotouring.it\/radiotouring104\/wp-content\/uploads\/sites\/6\/2022\/02\/cropped-logo-radio-touring-104.png\",\"contentUrl\":\"https:\/\/progettotouring.it\/radiotouring104\/wp-content\/uploads\/sites\/6\/2022\/02\/cropped-logo-radio-touring-104.png\",\"width\":377,\"height\":182,\"caption\":\"Radio Touring 104\"},\"image\":{\"@id\":\"https:\/\/progettotouring.it\/radiotouring104\/#\/schema\/logo\/image\/\"}},{\"@type\":\"Person\",\"@id\":\"https:\/\/progettotouring.it\/radiotouring104\/#\/schema\/person\/4a82259ca52ac8702ad1a8f9e5a3120b\",\"name\":\"Filippo Francesco Idone\",\"image\":{\"@type\":\"ImageObject\",\"inLanguage\":\"it-IT\",\"@id\":\"https:\/\/secure.gravatar.com\/avatar\/7268715d2366395c3dd314385670e6484117d44f5c442e61e230f7008b7b62d3?s=96&d=mm&r=g\",\"url\":\"https:\/\/secure.gravatar.com\/avatar\/7268715d2366395c3dd314385670e6484117d44f5c442e61e230f7008b7b62d3?s=96&d=mm&r=g\",\"contentUrl\":\"https:\/\/secure.gravatar.com\/avatar\/7268715d2366395c3dd314385670e6484117d44f5c442e61e230f7008b7b62d3?s=96&d=mm&r=g\",\"caption\":\"Filippo Francesco Idone\"},\"url\":\"https:\/\/progettotouring.it\/radiotouring104\/author\/filippoidone\/\"}]}<\/script>\n<!-- \/ Yoast SEO plugin. -->","yoast_head_json":{"title":"Reggio Calabria: Falcomat\u00e0 presente alle celebrazioni dedicate a San Sebastiano Martire - Radio Touring 104","description":"Falcomat\u00e0 presente alla celebrazione svolta alla Chiesa di\u00a0S. Sebastiano Martire al Crocefisso dedicata al Santo patrono della Polizia Locale","robots":{"index":"index","follow":"follow","max-snippet":"max-snippet:-1","max-image-preview":"max-image-preview:large","max-video-preview":"max-video-preview:-1"},"canonical":"https:\/\/progettotouring.it\/radiotouring104\/2024\/01\/19\/reggio-calabria-falcomata-presente-alle-celebrazioni-dedicate-a-san-sebastiano-martire\/","og_locale":"it_IT","og_type":"article","og_title":"Reggio Calabria: Falcomat\u00e0 presente alle celebrazioni dedicate a San Sebastiano Martire - Radio Touring 104","og_description":"Falcomat\u00e0 presente alla celebrazione svolta alla Chiesa di\u00a0S. Sebastiano Martire al Crocefisso dedicata al Santo patrono della Polizia Locale","og_url":"https:\/\/progettotouring.it\/radiotouring104\/2024\/01\/19\/reggio-calabria-falcomata-presente-alle-celebrazioni-dedicate-a-san-sebastiano-martire\/","og_site_name":"Radio Touring 104","article_published_time":"2024-01-19T16:20:08+00:00","article_modified_time":"2024-01-19T16:37:48+00:00","og_image":[{"width":1600,"height":900,"url":"https:\/\/progettotouring.it\/radiotouring104\/wp-content\/uploads\/sites\/6\/2024\/01\/san-sebastiano-3.jpeg","type":"image\/jpeg"}],"author":"Filippo Francesco Idone","twitter_card":"summary_large_image","twitter_misc":{"Scritto da":"Filippo Francesco Idone","Tempo di lettura stimato":"2 minuti"},"schema":{"@context":"https:\/\/schema.org","@graph":[{"@type":"Article","@id":"https:\/\/progettotouring.it\/radiotouring104\/2024\/01\/19\/reggio-calabria-falcomata-presente-alle-celebrazioni-dedicate-a-san-sebastiano-martire\/#article","isPartOf":{"@id":"https:\/\/progettotouring.it\/radiotouring104\/2024\/01\/19\/reggio-calabria-falcomata-presente-alle-celebrazioni-dedicate-a-san-sebastiano-martire\/"},"author":{"name":"Filippo Francesco Idone","@id":"https:\/\/progettotouring.it\/radiotouring104\/#\/schema\/person\/4a82259ca52ac8702ad1a8f9e5a3120b"},"headline":"Reggio Calabria: Falcomat\u00e0 presente alle celebrazioni dedicate a San Sebastiano Martire","datePublished":"2024-01-19T16:20:08+00:00","dateModified":"2024-01-19T16:37:48+00:00","mainEntityOfPage":{"@id":"https:\/\/progettotouring.it\/radiotouring104\/2024\/01\/19\/reggio-calabria-falcomata-presente-alle-celebrazioni-dedicate-a-san-sebastiano-martire\/"},"wordCount":340,"publisher":{"@id":"https:\/\/progettotouring.it\/radiotouring104\/#organization"},"image":{"@id":"https:\/\/progettotouring.it\/radiotouring104\/2024\/01\/19\/reggio-calabria-falcomata-presente-alle-celebrazioni-dedicate-a-san-sebastiano-martire\/#primaryimage"},"thumbnailUrl":"https:\/\/progettotouring.it\/radiotouring104\/wp-content\/uploads\/sites\/6\/2024\/01\/san-sebastiano-3.jpeg","keywords":["Falcomat\u00e0","polizia locale","reggio calabria","san sebastiano"],"articleSection":["Home","News","Reggio Calabria"],"inLanguage":"it-IT"},{"@type":"WebPage","@id":"https:\/\/progettotouring.it\/radiotouring104\/2024\/01\/19\/reggio-calabria-falcomata-presente-alle-celebrazioni-dedicate-a-san-sebastiano-martire\/","url":"https:\/\/progettotouring.it\/radiotouring104\/2024\/01\/19\/reggio-calabria-falcomata-presente-alle-celebrazioni-dedicate-a-san-sebastiano-martire\/","name":"Reggio Calabria: Falcomat\u00e0 presente alle celebrazioni dedicate a San Sebastiano Martire - Radio Touring 104","isPartOf":{"@id":"https:\/\/progettotouring.it\/radiotouring104\/#website"},"primaryImageOfPage":{"@id":"https:\/\/progettotouring.it\/radiotouring104\/2024\/01\/19\/reggio-calabria-falcomata-presente-alle-celebrazioni-dedicate-a-san-sebastiano-martire\/#primaryimage"},"image":{"@id":"https:\/\/progettotouring.it\/radiotouring104\/2024\/01\/19\/reggio-calabria-falcomata-presente-alle-celebrazioni-dedicate-a-san-sebastiano-martire\/#primaryimage"},"thumbnailUrl":"https:\/\/progettotouring.it\/radiotouring104\/wp-content\/uploads\/sites\/6\/2024\/01\/san-sebastiano-3.jpeg","datePublished":"2024-01-19T16:20:08+00:00","dateModified":"2024-01-19T16:37:48+00:00","description":"Falcomat\u00e0 presente alla celebrazione svolta alla Chiesa di\u00a0S. Sebastiano Martire al Crocefisso dedicata al Santo patrono della Polizia Locale","breadcrumb":{"@id":"https:\/\/progettotouring.it\/radiotouring104\/2024\/01\/19\/reggio-calabria-falcomata-presente-alle-celebrazioni-dedicate-a-san-sebastiano-martire\/#breadcrumb"},"inLanguage":"it-IT","potentialAction":[{"@type":"ReadAction","target":["https:\/\/progettotouring.it\/radiotouring104\/2024\/01\/19\/reggio-calabria-falcomata-presente-alle-celebrazioni-dedicate-a-san-sebastiano-martire\/"]}]},{"@type":"ImageObject","inLanguage":"it-IT","@id":"https:\/\/progettotouring.it\/radiotouring104\/2024\/01\/19\/reggio-calabria-falcomata-presente-alle-celebrazioni-dedicate-a-san-sebastiano-martire\/#primaryimage","url":"https:\/\/progettotouring.it\/radiotouring104\/wp-content\/uploads\/sites\/6\/2024\/01\/san-sebastiano-3.jpeg","contentUrl":"https:\/\/progettotouring.it\/radiotouring104\/wp-content\/uploads\/sites\/6\/2024\/01\/san-sebastiano-3.jpeg","width":1600,"height":900},{"@type":"BreadcrumbList","@id":"https:\/\/progettotouring.it\/radiotouring104\/2024\/01\/19\/reggio-calabria-falcomata-presente-alle-celebrazioni-dedicate-a-san-sebastiano-martire\/#breadcrumb","itemListElement":[{"@type":"ListItem","position":1,"name":"Home","item":"https:\/\/progettotouring.it\/radiotouring104\/"},{"@type":"ListItem","position":2,"name":"Reggio Calabria: Falcomat\u00e0 presente alle celebrazioni dedicate a San Sebastiano Martire"}]},{"@type":"WebSite","@id":"https:\/\/progettotouring.it\/radiotouring104\/#website","url":"https:\/\/progettotouring.it\/radiotouring104\/","name":"Radio Touring 104","description":"La prima radio Reggina","publisher":{"@id":"https:\/\/progettotouring.it\/radiotouring104\/#organization"},"potentialAction":[{"@type":"SearchAction","target":{"@type":"EntryPoint","urlTemplate":"https:\/\/progettotouring.it\/radiotouring104\/?s={search_term_string}"},"query-input":{"@type":"PropertyValueSpecification","valueRequired":true,"valueName":"search_term_string"}}],"inLanguage":"it-IT"},{"@type":"Organization","@id":"https:\/\/progettotouring.it\/radiotouring104\/#organization","name":"Radio Touring 104","url":"https:\/\/progettotouring.it\/radiotouring104\/","logo":{"@type":"ImageObject","inLanguage":"it-IT","@id":"https:\/\/progettotouring.it\/radiotouring104\/#\/schema\/logo\/image\/","url":"https:\/\/progettotouring.it\/radiotouring104\/wp-content\/uploads\/sites\/6\/2022\/02\/cropped-logo-radio-touring-104.png","contentUrl":"https:\/\/progettotouring.it\/radiotouring104\/wp-content\/uploads\/sites\/6\/2022\/02\/cropped-logo-radio-touring-104.png","width":377,"height":182,"caption":"Radio Touring 104"},"image":{"@id":"https:\/\/progettotouring.it\/radiotouring104\/#\/schema\/logo\/image\/"}},{"@type":"Person","@id":"https:\/\/progettotouring.it\/radiotouring104\/#\/schema\/person\/4a82259ca52ac8702ad1a8f9e5a3120b","name":"Filippo Francesco Idone","image":{"@type":"ImageObject","inLanguage":"it-IT","@id":"https:\/\/secure.gravatar.com\/avatar\/7268715d2366395c3dd314385670e6484117d44f5c442e61e230f7008b7b62d3?s=96&d=mm&r=g","url":"https:\/\/secure.gravatar.com\/avatar\/7268715d2366395c3dd314385670e6484117d44f5c442e61e230f7008b7b62d3?s=96&d=mm&r=g","contentUrl":"https:\/\/secure.gravatar.com\/avatar\/7268715d2366395c3dd314385670e6484117d44f5c442e61e230f7008b7b62d3?s=96&d=mm&r=g","caption":"Filippo Francesco Idone"},"url":"https:\/\/progettotouring.it\/radiotouring104\/author\/filippoidone\/"}]}},"jetpack_publicize_connections":[],"jetpack_featured_media_url":"https:\/\/progettotouring.it\/radiotouring104\/wp-content\/uploads\/sites\/6\/2024\/01\/san-sebastiano-3.jpeg","jetpack_sharing_enabled":true,"_links":{"self":[{"href":"https:\/\/progettotouring.it\/radiotouring104\/wp-json\/wp\/v2\/posts\/43042","targetHints":{"allow":["GET"]}}],"collection":[{"href":"https:\/\/progettotouring.it\/radiotouring104\/wp-json\/wp\/v2\/posts"}],"about":[{"href":"https:\/\/progettotouring.it\/radiotouring104\/wp-json\/wp\/v2\/types\/post"}],"author":[{"embeddable":true,"href":"https:\/\/progettotouring.it\/radiotouring104\/wp-json\/wp\/v2\/users\/8"}],"replies":[{"embeddable":true,"href":"https:\/\/progettotouring.it\/radiotouring104\/wp-json\/wp\/v2\/comments?post=43042"}],"version-history":[{"count":1,"href":"https:\/\/progettotouring.it\/radiotouring104\/wp-json\/wp\/v2\/posts\/43042\/revisions"}],"predecessor-version":[{"id":43044,"href":"https:\/\/progettotouring.it\/radiotouring104\/wp-json\/wp\/v2\/posts\/43042\/revisions\/43044"}],"wp:featuredmedia":[{"embeddable":true,"href":"https:\/\/progettotouring.it\/radiotouring104\/wp-json\/wp\/v2\/media\/43043"}],"wp:attachment":[{"href":"https:\/\/progettotouring.it\/radiotouring104\/wp-json\/wp\/v2\/media?parent=43042"}],"wp:term":[{"taxonomy":"category","embeddable":true,"href":"https:\/\/progettotouring.it\/radiotouring104\/wp-json\/wp\/v2\/categories?post=43042"},{"taxonomy":"post_tag","embeddable":true,"href":"https:\/\/progettotouring.it\/radiotouring104\/wp-json\/wp\/v2\/tags?post=43042"}],"curies":[{"name":"wp","href":"https:\/\/api.w.org\/{rel}","templated":true}]}}