{"id":43049,"date":"2024-01-20T10:36:00","date_gmt":"2024-01-20T09:36:00","guid":{"rendered":"https:\/\/progettotouring.it\/radiotouring104\/?p=43049"},"modified":"2024-01-20T11:08:00","modified_gmt":"2024-01-20T10:08:00","slug":"reggio-calabria-la-senatrice-barbara-floridia-ospite-del-liceo-scientifico-alessandro-volta","status":"publish","type":"post","link":"https:\/\/progettotouring.it\/radiotouring104\/2024\/01\/20\/reggio-calabria-la-senatrice-barbara-floridia-ospite-del-liceo-scientifico-alessandro-volta\/","title":{"rendered":"Reggio Calabria: la senatrice Barbara Floridia ospite del Liceo Scientifico \u201cAlessandro Volta\u201d"},"content":{"rendered":"<p style=\"text-align: justify\">La presidente della commissione parlamentare di vigilanza Rai, senatrice <strong>Barbara<\/strong> <strong>Floridia<\/strong>, luned\u00ec 22 Gennaio alle ore 10 ospite del Liceo Scientifico \u201cAlessandro Volta\u201d di Reggio Calabria. L\u2019occasione \u00e8 offerta dall\u2019incontro che si terr\u00e0 in aula Socrates nell\u2019ambito dell\u2019ampliamento dell\u2019offerta dell\u2019Istituto, guidato dalla dirigente scolastica <strong>Maria Rosa Monterosso<\/strong>, e del potenziamento delle competenze di cittadinanza e digitali. Il seminario <strong>\u201cDigitale e Carriere STEM:<\/strong> una sfida per la scuola\u201d si configura come un confronto tra scuola e istituzioni sul tema dell\u2019innovazione e della comunicazione in un momento in cui \u00e8 necessario accogliere gli stimoli della societ\u00e0 e del futuro senza dimenticare tradizione e identit\u00e0.<\/p>\n<p style=\"text-align: justify\">La presenza della senatrice <strong>Barbara Floridia<\/strong>, gi\u00e0 sottosegretaria di Stato al Ministero dell&#8217;istruzione del governo <strong>Draghi<\/strong> e docente di Italiano e Latino, vuole sottolineare una partecipazione attiva e di confronto delle istituzioni all&#8217;interno della comunit\u00e0 scolastica, su un tema quale quello dell&#8217;innovazione e comunicazione, in cui la cooperazione fra le istituzioni e la scuola deve essere solida, seria e costante. Un momento di approfondimento e di dibattito che vuole far accrescere la consapevolezza di una scuola in continuo movimento, che cambia pelle e si trasforma, in cui la presenza di un rappresentante istituzionale come la senatrice <strong>Floridia<\/strong> intende arricchire la discussione attraverso una particolare attenzione sul tema e sul ruolo che gli attuali mezzi digitali hanno riguardo lo sviluppo e l&#8217;evoluzione della scuola, in una veste del tutto nuova rispetto a come abbiamo imparato a conoscerli fino ad oggi.<\/p>\n","protected":false},"excerpt":{"rendered":"<p>La presidente della commissione parlamentare di vigilanza Rai, senatrice Barbara Floridia, luned\u00ec 22 Gennaio alle ore 10 ospite del Liceo Scientifico \u201cAlessandro Volta\u201d di Reggio Calabria. L\u2019occasione \u00e8 offerta dall\u2019incontro&hellip;<\/p>\n","protected":false},"author":8,"featured_media":43050,"comment_status":"closed","ping_status":"open","sticky":false,"template":"","format":"standard","meta":{"_jetpack_memberships_contains_paid_content":false,"footnotes":"","jetpack_publicize_message":"","jetpack_publicize_feature_enabled":true,"jetpack_social_post_already_shared":false,"jetpack_social_options":{"image_generator_settings":{"template":"highway","default_image_id":0,"font":"","enabled":false},"version":2}},"categories":[921,196,140],"tags":[26545,2952,236,26546],"class_list":["post-43049","post","type-post","status-publish","format-standard","has-post-thumbnail","hentry","category-home","category-news","category-reggio-calabria","tag-barbara-floridia","tag-rai","tag-reggio-calabria","tag-volta"],"yoast_head":"<!-- This site is optimized with the Yoast SEO plugin v27.2 - https:\/\/yoast.com\/product\/yoast-seo-wordpress\/ -->\n<title>Reggio Calabria: la senatrice Barbara Floridia ospite del Liceo Scientifico \u201cAlessandro Volta\u201d - Radio Touring 104<\/title>\n<meta name=\"description\" content=\"La presidente della commissione parlamentare di vigilanza Rai e senatrice Barbara Floridia sar\u00e0 ospite del Liceo Scientifico Volta\" \/>\n<meta name=\"robots\" content=\"index, follow, max-snippet:-1, max-image-preview:large, max-video-preview:-1\" \/>\n<link rel=\"canonical\" href=\"https:\/\/progettotouring.it\/radiotouring104\/2024\/01\/20\/reggio-calabria-la-senatrice-barbara-floridia-ospite-del-liceo-scientifico-alessandro-volta\/\" \/>\n<meta property=\"og:locale\" content=\"it_IT\" \/>\n<meta property=\"og:type\" content=\"article\" \/>\n<meta property=\"og:title\" content=\"Reggio Calabria: la senatrice Barbara Floridia ospite del Liceo Scientifico \u201cAlessandro Volta\u201d - Radio Touring 104\" \/>\n<meta property=\"og:description\" content=\"La presidente della commissione parlamentare di vigilanza Rai e senatrice Barbara Floridia sar\u00e0 ospite del Liceo Scientifico Volta\" \/>\n<meta property=\"og:url\" content=\"https:\/\/progettotouring.it\/radiotouring104\/2024\/01\/20\/reggio-calabria-la-senatrice-barbara-floridia-ospite-del-liceo-scientifico-alessandro-volta\/\" \/>\n<meta property=\"og:site_name\" content=\"Radio Touring 104\" \/>\n<meta property=\"article:published_time\" content=\"2024-01-20T09:36:00+00:00\" \/>\n<meta property=\"article:modified_time\" content=\"2024-01-20T10:08:00+00:00\" \/>\n<meta property=\"og:image\" content=\"https:\/\/progettotouring.it\/radiotouring104\/wp-content\/uploads\/sites\/6\/2024\/01\/Barbara-Floridia.jpg\" \/>\n\t<meta property=\"og:image:width\" content=\"1002\" \/>\n\t<meta property=\"og:image:height\" content=\"960\" \/>\n\t<meta property=\"og:image:type\" content=\"image\/jpeg\" \/>\n<meta name=\"author\" content=\"Filippo Francesco Idone\" \/>\n<meta name=\"twitter:card\" content=\"summary_large_image\" \/>\n<meta name=\"twitter:label1\" content=\"Scritto da\" \/>\n\t<meta name=\"twitter:data1\" content=\"Filippo Francesco Idone\" \/>\n\t<meta name=\"twitter:label2\" content=\"Tempo di lettura stimato\" \/>\n\t<meta name=\"twitter:data2\" content=\"1 minuto\" \/>\n<script type=\"application\/ld+json\" class=\"yoast-schema-graph\">{\"@context\":\"https:\/\/schema.org\",\"@graph\":[{\"@type\":\"Article\",\"@id\":\"https:\/\/progettotouring.it\/radiotouring104\/2024\/01\/20\/reggio-calabria-la-senatrice-barbara-floridia-ospite-del-liceo-scientifico-alessandro-volta\/#article\",\"isPartOf\":{\"@id\":\"https:\/\/progettotouring.it\/radiotouring104\/2024\/01\/20\/reggio-calabria-la-senatrice-barbara-floridia-ospite-del-liceo-scientifico-alessandro-volta\/\"},\"author\":{\"name\":\"Filippo Francesco Idone\",\"@id\":\"https:\/\/progettotouring.it\/radiotouring104\/#\/schema\/person\/4a82259ca52ac8702ad1a8f9e5a3120b\"},\"headline\":\"Reggio Calabria: la senatrice Barbara Floridia ospite del Liceo Scientifico \u201cAlessandro Volta\u201d\",\"datePublished\":\"2024-01-20T09:36:00+00:00\",\"dateModified\":\"2024-01-20T10:08:00+00:00\",\"mainEntityOfPage\":{\"@id\":\"https:\/\/progettotouring.it\/radiotouring104\/2024\/01\/20\/reggio-calabria-la-senatrice-barbara-floridia-ospite-del-liceo-scientifico-alessandro-volta\/\"},\"wordCount\":256,\"publisher\":{\"@id\":\"https:\/\/progettotouring.it\/radiotouring104\/#organization\"},\"image\":{\"@id\":\"https:\/\/progettotouring.it\/radiotouring104\/2024\/01\/20\/reggio-calabria-la-senatrice-barbara-floridia-ospite-del-liceo-scientifico-alessandro-volta\/#primaryimage\"},\"thumbnailUrl\":\"https:\/\/progettotouring.it\/radiotouring104\/wp-content\/uploads\/sites\/6\/2024\/01\/Barbara-Floridia.jpg\",\"keywords\":[\"Barbara Floridia\",\"rai\",\"reggio calabria\",\"volta\"],\"articleSection\":[\"Home\",\"News\",\"Reggio Calabria\"],\"inLanguage\":\"it-IT\"},{\"@type\":\"WebPage\",\"@id\":\"https:\/\/progettotouring.it\/radiotouring104\/2024\/01\/20\/reggio-calabria-la-senatrice-barbara-floridia-ospite-del-liceo-scientifico-alessandro-volta\/\",\"url\":\"https:\/\/progettotouring.it\/radiotouring104\/2024\/01\/20\/reggio-calabria-la-senatrice-barbara-floridia-ospite-del-liceo-scientifico-alessandro-volta\/\",\"name\":\"Reggio Calabria: la senatrice Barbara Floridia ospite del Liceo Scientifico \u201cAlessandro Volta\u201d - Radio Touring 104\",\"isPartOf\":{\"@id\":\"https:\/\/progettotouring.it\/radiotouring104\/#website\"},\"primaryImageOfPage\":{\"@id\":\"https:\/\/progettotouring.it\/radiotouring104\/2024\/01\/20\/reggio-calabria-la-senatrice-barbara-floridia-ospite-del-liceo-scientifico-alessandro-volta\/#primaryimage\"},\"image\":{\"@id\":\"https:\/\/progettotouring.it\/radiotouring104\/2024\/01\/20\/reggio-calabria-la-senatrice-barbara-floridia-ospite-del-liceo-scientifico-alessandro-volta\/#primaryimage\"},\"thumbnailUrl\":\"https:\/\/progettotouring.it\/radiotouring104\/wp-content\/uploads\/sites\/6\/2024\/01\/Barbara-Floridia.jpg\",\"datePublished\":\"2024-01-20T09:36:00+00:00\",\"dateModified\":\"2024-01-20T10:08:00+00:00\",\"description\":\"La presidente della commissione parlamentare di vigilanza Rai e senatrice Barbara Floridia sar\u00e0 ospite del Liceo Scientifico Volta\",\"breadcrumb\":{\"@id\":\"https:\/\/progettotouring.it\/radiotouring104\/2024\/01\/20\/reggio-calabria-la-senatrice-barbara-floridia-ospite-del-liceo-scientifico-alessandro-volta\/#breadcrumb\"},\"inLanguage\":\"it-IT\",\"potentialAction\":[{\"@type\":\"ReadAction\",\"target\":[\"https:\/\/progettotouring.it\/radiotouring104\/2024\/01\/20\/reggio-calabria-la-senatrice-barbara-floridia-ospite-del-liceo-scientifico-alessandro-volta\/\"]}]},{\"@type\":\"ImageObject\",\"inLanguage\":\"it-IT\",\"@id\":\"https:\/\/progettotouring.it\/radiotouring104\/2024\/01\/20\/reggio-calabria-la-senatrice-barbara-floridia-ospite-del-liceo-scientifico-alessandro-volta\/#primaryimage\",\"url\":\"https:\/\/progettotouring.it\/radiotouring104\/wp-content\/uploads\/sites\/6\/2024\/01\/Barbara-Floridia.jpg\",\"contentUrl\":\"https:\/\/progettotouring.it\/radiotouring104\/wp-content\/uploads\/sites\/6\/2024\/01\/Barbara-Floridia.jpg\",\"width\":1002,\"height\":960},{\"@type\":\"BreadcrumbList\",\"@id\":\"https:\/\/progettotouring.it\/radiotouring104\/2024\/01\/20\/reggio-calabria-la-senatrice-barbara-floridia-ospite-del-liceo-scientifico-alessandro-volta\/#breadcrumb\",\"itemListElement\":[{\"@type\":\"ListItem\",\"position\":1,\"name\":\"Home\",\"item\":\"https:\/\/progettotouring.it\/radiotouring104\/\"},{\"@type\":\"ListItem\",\"position\":2,\"name\":\"Reggio Calabria: la senatrice Barbara Floridia ospite del Liceo Scientifico \u201cAlessandro Volta\u201d\"}]},{\"@type\":\"WebSite\",\"@id\":\"https:\/\/progettotouring.it\/radiotouring104\/#website\",\"url\":\"https:\/\/progettotouring.it\/radiotouring104\/\",\"name\":\"Radio Touring 104\",\"description\":\"La prima radio Reggina\",\"publisher\":{\"@id\":\"https:\/\/progettotouring.it\/radiotouring104\/#organization\"},\"potentialAction\":[{\"@type\":\"SearchAction\",\"target\":{\"@type\":\"EntryPoint\",\"urlTemplate\":\"https:\/\/progettotouring.it\/radiotouring104\/?s={search_term_string}\"},\"query-input\":{\"@type\":\"PropertyValueSpecification\",\"valueRequired\":true,\"valueName\":\"search_term_string\"}}],\"inLanguage\":\"it-IT\"},{\"@type\":\"Organization\",\"@id\":\"https:\/\/progettotouring.it\/radiotouring104\/#organization\",\"name\":\"Radio Touring 104\",\"url\":\"https:\/\/progettotouring.it\/radiotouring104\/\",\"logo\":{\"@type\":\"ImageObject\",\"inLanguage\":\"it-IT\",\"@id\":\"https:\/\/progettotouring.it\/radiotouring104\/#\/schema\/logo\/image\/\",\"url\":\"https:\/\/progettotouring.it\/radiotouring104\/wp-content\/uploads\/sites\/6\/2022\/02\/cropped-logo-radio-touring-104.png\",\"contentUrl\":\"https:\/\/progettotouring.it\/radiotouring104\/wp-content\/uploads\/sites\/6\/2022\/02\/cropped-logo-radio-touring-104.png\",\"width\":377,\"height\":182,\"caption\":\"Radio Touring 104\"},\"image\":{\"@id\":\"https:\/\/progettotouring.it\/radiotouring104\/#\/schema\/logo\/image\/\"}},{\"@type\":\"Person\",\"@id\":\"https:\/\/progettotouring.it\/radiotouring104\/#\/schema\/person\/4a82259ca52ac8702ad1a8f9e5a3120b\",\"name\":\"Filippo Francesco Idone\",\"image\":{\"@type\":\"ImageObject\",\"inLanguage\":\"it-IT\",\"@id\":\"https:\/\/secure.gravatar.com\/avatar\/7268715d2366395c3dd314385670e6484117d44f5c442e61e230f7008b7b62d3?s=96&d=mm&r=g\",\"url\":\"https:\/\/secure.gravatar.com\/avatar\/7268715d2366395c3dd314385670e6484117d44f5c442e61e230f7008b7b62d3?s=96&d=mm&r=g\",\"contentUrl\":\"https:\/\/secure.gravatar.com\/avatar\/7268715d2366395c3dd314385670e6484117d44f5c442e61e230f7008b7b62d3?s=96&d=mm&r=g\",\"caption\":\"Filippo Francesco Idone\"},\"url\":\"https:\/\/progettotouring.it\/radiotouring104\/author\/filippoidone\/\"}]}<\/script>\n<!-- \/ Yoast SEO plugin. -->","yoast_head_json":{"title":"Reggio Calabria: la senatrice Barbara Floridia ospite del Liceo Scientifico \u201cAlessandro Volta\u201d - Radio Touring 104","description":"La presidente della commissione parlamentare di vigilanza Rai e senatrice Barbara Floridia sar\u00e0 ospite del Liceo Scientifico Volta","robots":{"index":"index","follow":"follow","max-snippet":"max-snippet:-1","max-image-preview":"max-image-preview:large","max-video-preview":"max-video-preview:-1"},"canonical":"https:\/\/progettotouring.it\/radiotouring104\/2024\/01\/20\/reggio-calabria-la-senatrice-barbara-floridia-ospite-del-liceo-scientifico-alessandro-volta\/","og_locale":"it_IT","og_type":"article","og_title":"Reggio Calabria: la senatrice Barbara Floridia ospite del Liceo Scientifico \u201cAlessandro Volta\u201d - Radio Touring 104","og_description":"La presidente della commissione parlamentare di vigilanza Rai e senatrice Barbara Floridia sar\u00e0 ospite del Liceo Scientifico Volta","og_url":"https:\/\/progettotouring.it\/radiotouring104\/2024\/01\/20\/reggio-calabria-la-senatrice-barbara-floridia-ospite-del-liceo-scientifico-alessandro-volta\/","og_site_name":"Radio Touring 104","article_published_time":"2024-01-20T09:36:00+00:00","article_modified_time":"2024-01-20T10:08:00+00:00","og_image":[{"width":1002,"height":960,"url":"https:\/\/progettotouring.it\/radiotouring104\/wp-content\/uploads\/sites\/6\/2024\/01\/Barbara-Floridia.jpg","type":"image\/jpeg"}],"author":"Filippo Francesco Idone","twitter_card":"summary_large_image","twitter_misc":{"Scritto da":"Filippo Francesco Idone","Tempo di lettura stimato":"1 minuto"},"schema":{"@context":"https:\/\/schema.org","@graph":[{"@type":"Article","@id":"https:\/\/progettotouring.it\/radiotouring104\/2024\/01\/20\/reggio-calabria-la-senatrice-barbara-floridia-ospite-del-liceo-scientifico-alessandro-volta\/#article","isPartOf":{"@id":"https:\/\/progettotouring.it\/radiotouring104\/2024\/01\/20\/reggio-calabria-la-senatrice-barbara-floridia-ospite-del-liceo-scientifico-alessandro-volta\/"},"author":{"name":"Filippo Francesco Idone","@id":"https:\/\/progettotouring.it\/radiotouring104\/#\/schema\/person\/4a82259ca52ac8702ad1a8f9e5a3120b"},"headline":"Reggio Calabria: la senatrice Barbara Floridia ospite del Liceo Scientifico \u201cAlessandro Volta\u201d","datePublished":"2024-01-20T09:36:00+00:00","dateModified":"2024-01-20T10:08:00+00:00","mainEntityOfPage":{"@id":"https:\/\/progettotouring.it\/radiotouring104\/2024\/01\/20\/reggio-calabria-la-senatrice-barbara-floridia-ospite-del-liceo-scientifico-alessandro-volta\/"},"wordCount":256,"publisher":{"@id":"https:\/\/progettotouring.it\/radiotouring104\/#organization"},"image":{"@id":"https:\/\/progettotouring.it\/radiotouring104\/2024\/01\/20\/reggio-calabria-la-senatrice-barbara-floridia-ospite-del-liceo-scientifico-alessandro-volta\/#primaryimage"},"thumbnailUrl":"https:\/\/progettotouring.it\/radiotouring104\/wp-content\/uploads\/sites\/6\/2024\/01\/Barbara-Floridia.jpg","keywords":["Barbara Floridia","rai","reggio calabria","volta"],"articleSection":["Home","News","Reggio Calabria"],"inLanguage":"it-IT"},{"@type":"WebPage","@id":"https:\/\/progettotouring.it\/radiotouring104\/2024\/01\/20\/reggio-calabria-la-senatrice-barbara-floridia-ospite-del-liceo-scientifico-alessandro-volta\/","url":"https:\/\/progettotouring.it\/radiotouring104\/2024\/01\/20\/reggio-calabria-la-senatrice-barbara-floridia-ospite-del-liceo-scientifico-alessandro-volta\/","name":"Reggio Calabria: la senatrice Barbara Floridia ospite del Liceo Scientifico \u201cAlessandro Volta\u201d - Radio Touring 104","isPartOf":{"@id":"https:\/\/progettotouring.it\/radiotouring104\/#website"},"primaryImageOfPage":{"@id":"https:\/\/progettotouring.it\/radiotouring104\/2024\/01\/20\/reggio-calabria-la-senatrice-barbara-floridia-ospite-del-liceo-scientifico-alessandro-volta\/#primaryimage"},"image":{"@id":"https:\/\/progettotouring.it\/radiotouring104\/2024\/01\/20\/reggio-calabria-la-senatrice-barbara-floridia-ospite-del-liceo-scientifico-alessandro-volta\/#primaryimage"},"thumbnailUrl":"https:\/\/progettotouring.it\/radiotouring104\/wp-content\/uploads\/sites\/6\/2024\/01\/Barbara-Floridia.jpg","datePublished":"2024-01-20T09:36:00+00:00","dateModified":"2024-01-20T10:08:00+00:00","description":"La presidente della commissione parlamentare di vigilanza Rai e senatrice Barbara Floridia sar\u00e0 ospite del Liceo Scientifico Volta","breadcrumb":{"@id":"https:\/\/progettotouring.it\/radiotouring104\/2024\/01\/20\/reggio-calabria-la-senatrice-barbara-floridia-ospite-del-liceo-scientifico-alessandro-volta\/#breadcrumb"},"inLanguage":"it-IT","potentialAction":[{"@type":"ReadAction","target":["https:\/\/progettotouring.it\/radiotouring104\/2024\/01\/20\/reggio-calabria-la-senatrice-barbara-floridia-ospite-del-liceo-scientifico-alessandro-volta\/"]}]},{"@type":"ImageObject","inLanguage":"it-IT","@id":"https:\/\/progettotouring.it\/radiotouring104\/2024\/01\/20\/reggio-calabria-la-senatrice-barbara-floridia-ospite-del-liceo-scientifico-alessandro-volta\/#primaryimage","url":"https:\/\/progettotouring.it\/radiotouring104\/wp-content\/uploads\/sites\/6\/2024\/01\/Barbara-Floridia.jpg","contentUrl":"https:\/\/progettotouring.it\/radiotouring104\/wp-content\/uploads\/sites\/6\/2024\/01\/Barbara-Floridia.jpg","width":1002,"height":960},{"@type":"BreadcrumbList","@id":"https:\/\/progettotouring.it\/radiotouring104\/2024\/01\/20\/reggio-calabria-la-senatrice-barbara-floridia-ospite-del-liceo-scientifico-alessandro-volta\/#breadcrumb","itemListElement":[{"@type":"ListItem","position":1,"name":"Home","item":"https:\/\/progettotouring.it\/radiotouring104\/"},{"@type":"ListItem","position":2,"name":"Reggio Calabria: la senatrice Barbara Floridia ospite del Liceo Scientifico \u201cAlessandro Volta\u201d"}]},{"@type":"WebSite","@id":"https:\/\/progettotouring.it\/radiotouring104\/#website","url":"https:\/\/progettotouring.it\/radiotouring104\/","name":"Radio Touring 104","description":"La prima radio Reggina","publisher":{"@id":"https:\/\/progettotouring.it\/radiotouring104\/#organization"},"potentialAction":[{"@type":"SearchAction","target":{"@type":"EntryPoint","urlTemplate":"https:\/\/progettotouring.it\/radiotouring104\/?s={search_term_string}"},"query-input":{"@type":"PropertyValueSpecification","valueRequired":true,"valueName":"search_term_string"}}],"inLanguage":"it-IT"},{"@type":"Organization","@id":"https:\/\/progettotouring.it\/radiotouring104\/#organization","name":"Radio Touring 104","url":"https:\/\/progettotouring.it\/radiotouring104\/","logo":{"@type":"ImageObject","inLanguage":"it-IT","@id":"https:\/\/progettotouring.it\/radiotouring104\/#\/schema\/logo\/image\/","url":"https:\/\/progettotouring.it\/radiotouring104\/wp-content\/uploads\/sites\/6\/2022\/02\/cropped-logo-radio-touring-104.png","contentUrl":"https:\/\/progettotouring.it\/radiotouring104\/wp-content\/uploads\/sites\/6\/2022\/02\/cropped-logo-radio-touring-104.png","width":377,"height":182,"caption":"Radio Touring 104"},"image":{"@id":"https:\/\/progettotouring.it\/radiotouring104\/#\/schema\/logo\/image\/"}},{"@type":"Person","@id":"https:\/\/progettotouring.it\/radiotouring104\/#\/schema\/person\/4a82259ca52ac8702ad1a8f9e5a3120b","name":"Filippo Francesco Idone","image":{"@type":"ImageObject","inLanguage":"it-IT","@id":"https:\/\/secure.gravatar.com\/avatar\/7268715d2366395c3dd314385670e6484117d44f5c442e61e230f7008b7b62d3?s=96&d=mm&r=g","url":"https:\/\/secure.gravatar.com\/avatar\/7268715d2366395c3dd314385670e6484117d44f5c442e61e230f7008b7b62d3?s=96&d=mm&r=g","contentUrl":"https:\/\/secure.gravatar.com\/avatar\/7268715d2366395c3dd314385670e6484117d44f5c442e61e230f7008b7b62d3?s=96&d=mm&r=g","caption":"Filippo Francesco Idone"},"url":"https:\/\/progettotouring.it\/radiotouring104\/author\/filippoidone\/"}]}},"jetpack_publicize_connections":[],"jetpack_featured_media_url":"https:\/\/progettotouring.it\/radiotouring104\/wp-content\/uploads\/sites\/6\/2024\/01\/Barbara-Floridia.jpg","jetpack_sharing_enabled":true,"_links":{"self":[{"href":"https:\/\/progettotouring.it\/radiotouring104\/wp-json\/wp\/v2\/posts\/43049","targetHints":{"allow":["GET"]}}],"collection":[{"href":"https:\/\/progettotouring.it\/radiotouring104\/wp-json\/wp\/v2\/posts"}],"about":[{"href":"https:\/\/progettotouring.it\/radiotouring104\/wp-json\/wp\/v2\/types\/post"}],"author":[{"embeddable":true,"href":"https:\/\/progettotouring.it\/radiotouring104\/wp-json\/wp\/v2\/users\/8"}],"replies":[{"embeddable":true,"href":"https:\/\/progettotouring.it\/radiotouring104\/wp-json\/wp\/v2\/comments?post=43049"}],"version-history":[{"count":1,"href":"https:\/\/progettotouring.it\/radiotouring104\/wp-json\/wp\/v2\/posts\/43049\/revisions"}],"predecessor-version":[{"id":43051,"href":"https:\/\/progettotouring.it\/radiotouring104\/wp-json\/wp\/v2\/posts\/43049\/revisions\/43051"}],"wp:featuredmedia":[{"embeddable":true,"href":"https:\/\/progettotouring.it\/radiotouring104\/wp-json\/wp\/v2\/media\/43050"}],"wp:attachment":[{"href":"https:\/\/progettotouring.it\/radiotouring104\/wp-json\/wp\/v2\/media?parent=43049"}],"wp:term":[{"taxonomy":"category","embeddable":true,"href":"https:\/\/progettotouring.it\/radiotouring104\/wp-json\/wp\/v2\/categories?post=43049"},{"taxonomy":"post_tag","embeddable":true,"href":"https:\/\/progettotouring.it\/radiotouring104\/wp-json\/wp\/v2\/tags?post=43049"}],"curies":[{"name":"wp","href":"https:\/\/api.w.org\/{rel}","templated":true}]}}