{"id":43052,"date":"2024-01-20T10:44:14","date_gmt":"2024-01-20T09:44:14","guid":{"rendered":"https:\/\/progettotouring.it\/radiotouring104\/?p=43052"},"modified":"2024-01-20T11:12:53","modified_gmt":"2024-01-20T10:12:53","slug":"catanzaro-mancuso-la-festa-regionale-della-polizia-locale-da-lopportunita-di-rinforzare-lo-spirito-di-coesione","status":"publish","type":"post","link":"https:\/\/progettotouring.it\/radiotouring104\/2024\/01\/20\/catanzaro-mancuso-la-festa-regionale-della-polizia-locale-da-lopportunita-di-rinforzare-lo-spirito-di-coesione\/","title":{"rendered":"Catanzaro, Mancuso: &#8220;La Festa regionale della Polizia locale d\u00e0 l\u2019opportunit\u00e0 di rinforzare lo spirito di coesione&#8221;"},"content":{"rendered":"<p style=\"text-align: justify\"><em>\u201cLa Festa regionale della <strong>Polizia<\/strong> <strong>locale<\/strong> d\u00e0 l\u2019opportunit\u00e0 di rinforzare lo spirito di coesione di donne e uomini che quotidianamente dispiegano un impegno gravoso nelle citt\u00e0 e nei paesi della Calabria, nonostante i gravi e croniche carenze di organico, oggi del tutto insufficiente ad affrontare le necessit\u00e0. Un problema, quest\u2019ultimo, a cui occorre dare adeguate risposte\u201d.\u00a0<\/em>L\u2019ha detto il Presidente del <strong>Consiglio regionale<\/strong>, intervenendo a <strong>Catanzaro<\/strong> in occasione della ricorrenza annuale (la seconda, la prima si \u00e8 svolta a <strong>Reggio Calabria<\/strong> lo scorso anno) della Polizia locale di cui <strong>Filippo Mancuso<\/strong> presiede l\u2019Ufficio di Coordinamento istituito con legge regionale.<\/p>\n<p style=\"text-align: justify\"><em>\u201c<strong>Credo si stia facendo assieme, il Coordinamento<\/strong>, l\u2019assessore per la sicurezza della Giunta regionale <strong>Filippo<\/strong> <strong>Pietropaolo<\/strong> e i rappresentanti della Polizia locale, un ottimo lavoro<\/em> &#8211; ha sottolineato Mancuso <em>&#8211; per innovare e rendere ulteriormente efficace la Polizia locale, attraverso l\u2019istituzione di corsi di formazione professionali specializzanti, la standardizzazione di mezzi di servizio e uniformi e segni distintivi e \u00a0l\u2019individuazione di criteri e sistemi di selezione omogenei su base regionale per l\u2019accesso al ruolo di agenti ed ufficiali. L\u2019obiettivo \u00e8 assicurare omogeneit\u00e0 e uniformit\u00e0 alle polizie municipali sul territorio calabrese\u201d.<\/em><\/p>\n<p style=\"text-align: justify\">Inoltre, il presidente <strong>Mancuso<\/strong>, dopo aver augurato <em>\u201cbuon lavoro al nuovo comandante della <strong>Polizia<\/strong> <strong>locale<\/strong> del capoluogo Vincenzo Ruocco\u201d,<\/em> ha affermato: <em><strong>\u201cLa sicurezza urbana rappresenta una delle condizioni primarie<\/strong> per un ordinato svolgimento della vita\u00a0civile; perci\u00f2,\u00a0colgo l\u2019occasione per esprimere la solidariet\u00e0 mia e del Consiglio regionale agli agenti di Polizia municipale di Catanzaro recentemente vittime di una gravissima aggressione\u201d.<\/em><\/p>\n<p>&nbsp;<\/p>\n","protected":false},"excerpt":{"rendered":"<p>\u201cLa Festa regionale della Polizia locale d\u00e0 l\u2019opportunit\u00e0 di rinforzare lo spirito di coesione di donne e uomini che quotidianamente dispiegano un impegno gravoso nelle citt\u00e0 e nei paesi della&hellip;<\/p>\n","protected":false},"author":8,"featured_media":43053,"comment_status":"closed","ping_status":"open","sticky":false,"template":"","format":"standard","meta":{"_jetpack_memberships_contains_paid_content":false,"footnotes":"","jetpack_publicize_message":"","jetpack_publicize_feature_enabled":true,"jetpack_social_post_already_shared":false,"jetpack_social_options":{"image_generator_settings":{"template":"highway","default_image_id":0,"font":"","enabled":false},"version":2}},"categories":[142,921,196,195],"tags":[586,594,3058],"class_list":["post-43052","post","type-post","status-publish","format-standard","has-post-thumbnail","hentry","category-calabria","category-home","category-news","category-politica","tag-calabria","tag-filippo-mancuso","tag-polizia-locale"],"yoast_head":"<!-- This site is optimized with the Yoast SEO plugin v27.2 - https:\/\/yoast.com\/product\/yoast-seo-wordpress\/ -->\n<title>Catanzaro, Mancuso: &quot;La Festa regionale della Polizia locale d\u00e0 l\u2019opportunit\u00e0 di rinforzare lo spirito di coesione&quot; - Radio Touring 104<\/title>\n<meta name=\"description\" content=\"Il Presidente del Consiglio regionale, Mancuso, \u00e8 intervenuto a Catanzaro in occasione della Festa regionale della Polizia locale\" \/>\n<meta name=\"robots\" content=\"index, follow, max-snippet:-1, max-image-preview:large, max-video-preview:-1\" \/>\n<link rel=\"canonical\" href=\"https:\/\/progettotouring.it\/radiotouring104\/2024\/01\/20\/catanzaro-mancuso-la-festa-regionale-della-polizia-locale-da-lopportunita-di-rinforzare-lo-spirito-di-coesione\/\" \/>\n<meta property=\"og:locale\" content=\"it_IT\" \/>\n<meta property=\"og:type\" content=\"article\" \/>\n<meta property=\"og:title\" content=\"Catanzaro, Mancuso: &quot;La Festa regionale della Polizia locale d\u00e0 l\u2019opportunit\u00e0 di rinforzare lo spirito di coesione&quot; - Radio Touring 104\" \/>\n<meta property=\"og:description\" content=\"Il Presidente del Consiglio regionale, Mancuso, \u00e8 intervenuto a Catanzaro in occasione della Festa regionale della Polizia locale\" \/>\n<meta property=\"og:url\" content=\"https:\/\/progettotouring.it\/radiotouring104\/2024\/01\/20\/catanzaro-mancuso-la-festa-regionale-della-polizia-locale-da-lopportunita-di-rinforzare-lo-spirito-di-coesione\/\" \/>\n<meta property=\"og:site_name\" content=\"Radio Touring 104\" \/>\n<meta property=\"article:published_time\" content=\"2024-01-20T09:44:14+00:00\" \/>\n<meta property=\"article:modified_time\" content=\"2024-01-20T10:12:53+00:00\" \/>\n<meta property=\"og:image\" content=\"https:\/\/progettotouring.it\/radiotouring104\/wp-content\/uploads\/sites\/6\/2024\/01\/mancuso.jpeg\" \/>\n\t<meta property=\"og:image:width\" content=\"1753\" \/>\n\t<meta property=\"og:image:height\" content=\"1097\" \/>\n\t<meta property=\"og:image:type\" content=\"image\/jpeg\" \/>\n<meta name=\"author\" content=\"Filippo Francesco Idone\" \/>\n<meta name=\"twitter:card\" content=\"summary_large_image\" \/>\n<meta name=\"twitter:label1\" content=\"Scritto da\" \/>\n\t<meta name=\"twitter:data1\" content=\"Filippo Francesco Idone\" \/>\n\t<meta name=\"twitter:label2\" content=\"Tempo di lettura stimato\" \/>\n\t<meta name=\"twitter:data2\" content=\"1 minuto\" \/>\n<script type=\"application\/ld+json\" class=\"yoast-schema-graph\">{\"@context\":\"https:\/\/schema.org\",\"@graph\":[{\"@type\":\"Article\",\"@id\":\"https:\/\/progettotouring.it\/radiotouring104\/2024\/01\/20\/catanzaro-mancuso-la-festa-regionale-della-polizia-locale-da-lopportunita-di-rinforzare-lo-spirito-di-coesione\/#article\",\"isPartOf\":{\"@id\":\"https:\/\/progettotouring.it\/radiotouring104\/2024\/01\/20\/catanzaro-mancuso-la-festa-regionale-della-polizia-locale-da-lopportunita-di-rinforzare-lo-spirito-di-coesione\/\"},\"author\":{\"name\":\"Filippo Francesco Idone\",\"@id\":\"https:\/\/progettotouring.it\/radiotouring104\/#\/schema\/person\/4a82259ca52ac8702ad1a8f9e5a3120b\"},\"headline\":\"Catanzaro, Mancuso: &#8220;La Festa regionale della Polizia locale d\u00e0 l\u2019opportunit\u00e0 di rinforzare lo spirito di coesione&#8221;\",\"datePublished\":\"2024-01-20T09:44:14+00:00\",\"dateModified\":\"2024-01-20T10:12:53+00:00\",\"mainEntityOfPage\":{\"@id\":\"https:\/\/progettotouring.it\/radiotouring104\/2024\/01\/20\/catanzaro-mancuso-la-festa-regionale-della-polizia-locale-da-lopportunita-di-rinforzare-lo-spirito-di-coesione\/\"},\"wordCount\":276,\"publisher\":{\"@id\":\"https:\/\/progettotouring.it\/radiotouring104\/#organization\"},\"image\":{\"@id\":\"https:\/\/progettotouring.it\/radiotouring104\/2024\/01\/20\/catanzaro-mancuso-la-festa-regionale-della-polizia-locale-da-lopportunita-di-rinforzare-lo-spirito-di-coesione\/#primaryimage\"},\"thumbnailUrl\":\"https:\/\/progettotouring.it\/radiotouring104\/wp-content\/uploads\/sites\/6\/2024\/01\/mancuso.jpeg\",\"keywords\":[\"calabria\",\"Filippo Mancuso\",\"polizia locale\"],\"articleSection\":[\"Calabria\",\"Home\",\"News\",\"Politica\"],\"inLanguage\":\"it-IT\"},{\"@type\":\"WebPage\",\"@id\":\"https:\/\/progettotouring.it\/radiotouring104\/2024\/01\/20\/catanzaro-mancuso-la-festa-regionale-della-polizia-locale-da-lopportunita-di-rinforzare-lo-spirito-di-coesione\/\",\"url\":\"https:\/\/progettotouring.it\/radiotouring104\/2024\/01\/20\/catanzaro-mancuso-la-festa-regionale-della-polizia-locale-da-lopportunita-di-rinforzare-lo-spirito-di-coesione\/\",\"name\":\"Catanzaro, Mancuso: \\\"La Festa regionale della Polizia locale d\u00e0 l\u2019opportunit\u00e0 di rinforzare lo spirito di coesione\\\" - Radio Touring 104\",\"isPartOf\":{\"@id\":\"https:\/\/progettotouring.it\/radiotouring104\/#website\"},\"primaryImageOfPage\":{\"@id\":\"https:\/\/progettotouring.it\/radiotouring104\/2024\/01\/20\/catanzaro-mancuso-la-festa-regionale-della-polizia-locale-da-lopportunita-di-rinforzare-lo-spirito-di-coesione\/#primaryimage\"},\"image\":{\"@id\":\"https:\/\/progettotouring.it\/radiotouring104\/2024\/01\/20\/catanzaro-mancuso-la-festa-regionale-della-polizia-locale-da-lopportunita-di-rinforzare-lo-spirito-di-coesione\/#primaryimage\"},\"thumbnailUrl\":\"https:\/\/progettotouring.it\/radiotouring104\/wp-content\/uploads\/sites\/6\/2024\/01\/mancuso.jpeg\",\"datePublished\":\"2024-01-20T09:44:14+00:00\",\"dateModified\":\"2024-01-20T10:12:53+00:00\",\"description\":\"Il Presidente del Consiglio regionale, Mancuso, \u00e8 intervenuto a Catanzaro in occasione della Festa regionale della Polizia locale\",\"breadcrumb\":{\"@id\":\"https:\/\/progettotouring.it\/radiotouring104\/2024\/01\/20\/catanzaro-mancuso-la-festa-regionale-della-polizia-locale-da-lopportunita-di-rinforzare-lo-spirito-di-coesione\/#breadcrumb\"},\"inLanguage\":\"it-IT\",\"potentialAction\":[{\"@type\":\"ReadAction\",\"target\":[\"https:\/\/progettotouring.it\/radiotouring104\/2024\/01\/20\/catanzaro-mancuso-la-festa-regionale-della-polizia-locale-da-lopportunita-di-rinforzare-lo-spirito-di-coesione\/\"]}]},{\"@type\":\"ImageObject\",\"inLanguage\":\"it-IT\",\"@id\":\"https:\/\/progettotouring.it\/radiotouring104\/2024\/01\/20\/catanzaro-mancuso-la-festa-regionale-della-polizia-locale-da-lopportunita-di-rinforzare-lo-spirito-di-coesione\/#primaryimage\",\"url\":\"https:\/\/progettotouring.it\/radiotouring104\/wp-content\/uploads\/sites\/6\/2024\/01\/mancuso.jpeg\",\"contentUrl\":\"https:\/\/progettotouring.it\/radiotouring104\/wp-content\/uploads\/sites\/6\/2024\/01\/mancuso.jpeg\",\"width\":1753,\"height\":1097},{\"@type\":\"BreadcrumbList\",\"@id\":\"https:\/\/progettotouring.it\/radiotouring104\/2024\/01\/20\/catanzaro-mancuso-la-festa-regionale-della-polizia-locale-da-lopportunita-di-rinforzare-lo-spirito-di-coesione\/#breadcrumb\",\"itemListElement\":[{\"@type\":\"ListItem\",\"position\":1,\"name\":\"Home\",\"item\":\"https:\/\/progettotouring.it\/radiotouring104\/\"},{\"@type\":\"ListItem\",\"position\":2,\"name\":\"Catanzaro, Mancuso: &#8220;La Festa regionale della Polizia locale d\u00e0 l\u2019opportunit\u00e0 di rinforzare lo spirito di coesione&#8221;\"}]},{\"@type\":\"WebSite\",\"@id\":\"https:\/\/progettotouring.it\/radiotouring104\/#website\",\"url\":\"https:\/\/progettotouring.it\/radiotouring104\/\",\"name\":\"Radio Touring 104\",\"description\":\"La prima radio Reggina\",\"publisher\":{\"@id\":\"https:\/\/progettotouring.it\/radiotouring104\/#organization\"},\"potentialAction\":[{\"@type\":\"SearchAction\",\"target\":{\"@type\":\"EntryPoint\",\"urlTemplate\":\"https:\/\/progettotouring.it\/radiotouring104\/?s={search_term_string}\"},\"query-input\":{\"@type\":\"PropertyValueSpecification\",\"valueRequired\":true,\"valueName\":\"search_term_string\"}}],\"inLanguage\":\"it-IT\"},{\"@type\":\"Organization\",\"@id\":\"https:\/\/progettotouring.it\/radiotouring104\/#organization\",\"name\":\"Radio Touring 104\",\"url\":\"https:\/\/progettotouring.it\/radiotouring104\/\",\"logo\":{\"@type\":\"ImageObject\",\"inLanguage\":\"it-IT\",\"@id\":\"https:\/\/progettotouring.it\/radiotouring104\/#\/schema\/logo\/image\/\",\"url\":\"https:\/\/progettotouring.it\/radiotouring104\/wp-content\/uploads\/sites\/6\/2022\/02\/cropped-logo-radio-touring-104.png\",\"contentUrl\":\"https:\/\/progettotouring.it\/radiotouring104\/wp-content\/uploads\/sites\/6\/2022\/02\/cropped-logo-radio-touring-104.png\",\"width\":377,\"height\":182,\"caption\":\"Radio Touring 104\"},\"image\":{\"@id\":\"https:\/\/progettotouring.it\/radiotouring104\/#\/schema\/logo\/image\/\"}},{\"@type\":\"Person\",\"@id\":\"https:\/\/progettotouring.it\/radiotouring104\/#\/schema\/person\/4a82259ca52ac8702ad1a8f9e5a3120b\",\"name\":\"Filippo Francesco Idone\",\"image\":{\"@type\":\"ImageObject\",\"inLanguage\":\"it-IT\",\"@id\":\"https:\/\/secure.gravatar.com\/avatar\/7268715d2366395c3dd314385670e6484117d44f5c442e61e230f7008b7b62d3?s=96&d=mm&r=g\",\"url\":\"https:\/\/secure.gravatar.com\/avatar\/7268715d2366395c3dd314385670e6484117d44f5c442e61e230f7008b7b62d3?s=96&d=mm&r=g\",\"contentUrl\":\"https:\/\/secure.gravatar.com\/avatar\/7268715d2366395c3dd314385670e6484117d44f5c442e61e230f7008b7b62d3?s=96&d=mm&r=g\",\"caption\":\"Filippo Francesco Idone\"},\"url\":\"https:\/\/progettotouring.it\/radiotouring104\/author\/filippoidone\/\"}]}<\/script>\n<!-- \/ Yoast SEO plugin. -->","yoast_head_json":{"title":"Catanzaro, Mancuso: \"La Festa regionale della Polizia locale d\u00e0 l\u2019opportunit\u00e0 di rinforzare lo spirito di coesione\" - Radio Touring 104","description":"Il Presidente del Consiglio regionale, Mancuso, \u00e8 intervenuto a Catanzaro in occasione della Festa regionale della Polizia locale","robots":{"index":"index","follow":"follow","max-snippet":"max-snippet:-1","max-image-preview":"max-image-preview:large","max-video-preview":"max-video-preview:-1"},"canonical":"https:\/\/progettotouring.it\/radiotouring104\/2024\/01\/20\/catanzaro-mancuso-la-festa-regionale-della-polizia-locale-da-lopportunita-di-rinforzare-lo-spirito-di-coesione\/","og_locale":"it_IT","og_type":"article","og_title":"Catanzaro, Mancuso: \"La Festa regionale della Polizia locale d\u00e0 l\u2019opportunit\u00e0 di rinforzare lo spirito di coesione\" - Radio Touring 104","og_description":"Il Presidente del Consiglio regionale, Mancuso, \u00e8 intervenuto a Catanzaro in occasione della Festa regionale della Polizia locale","og_url":"https:\/\/progettotouring.it\/radiotouring104\/2024\/01\/20\/catanzaro-mancuso-la-festa-regionale-della-polizia-locale-da-lopportunita-di-rinforzare-lo-spirito-di-coesione\/","og_site_name":"Radio Touring 104","article_published_time":"2024-01-20T09:44:14+00:00","article_modified_time":"2024-01-20T10:12:53+00:00","og_image":[{"width":1753,"height":1097,"url":"https:\/\/progettotouring.it\/radiotouring104\/wp-content\/uploads\/sites\/6\/2024\/01\/mancuso.jpeg","type":"image\/jpeg"}],"author":"Filippo Francesco Idone","twitter_card":"summary_large_image","twitter_misc":{"Scritto da":"Filippo Francesco Idone","Tempo di lettura stimato":"1 minuto"},"schema":{"@context":"https:\/\/schema.org","@graph":[{"@type":"Article","@id":"https:\/\/progettotouring.it\/radiotouring104\/2024\/01\/20\/catanzaro-mancuso-la-festa-regionale-della-polizia-locale-da-lopportunita-di-rinforzare-lo-spirito-di-coesione\/#article","isPartOf":{"@id":"https:\/\/progettotouring.it\/radiotouring104\/2024\/01\/20\/catanzaro-mancuso-la-festa-regionale-della-polizia-locale-da-lopportunita-di-rinforzare-lo-spirito-di-coesione\/"},"author":{"name":"Filippo Francesco Idone","@id":"https:\/\/progettotouring.it\/radiotouring104\/#\/schema\/person\/4a82259ca52ac8702ad1a8f9e5a3120b"},"headline":"Catanzaro, Mancuso: &#8220;La Festa regionale della Polizia locale d\u00e0 l\u2019opportunit\u00e0 di rinforzare lo spirito di coesione&#8221;","datePublished":"2024-01-20T09:44:14+00:00","dateModified":"2024-01-20T10:12:53+00:00","mainEntityOfPage":{"@id":"https:\/\/progettotouring.it\/radiotouring104\/2024\/01\/20\/catanzaro-mancuso-la-festa-regionale-della-polizia-locale-da-lopportunita-di-rinforzare-lo-spirito-di-coesione\/"},"wordCount":276,"publisher":{"@id":"https:\/\/progettotouring.it\/radiotouring104\/#organization"},"image":{"@id":"https:\/\/progettotouring.it\/radiotouring104\/2024\/01\/20\/catanzaro-mancuso-la-festa-regionale-della-polizia-locale-da-lopportunita-di-rinforzare-lo-spirito-di-coesione\/#primaryimage"},"thumbnailUrl":"https:\/\/progettotouring.it\/radiotouring104\/wp-content\/uploads\/sites\/6\/2024\/01\/mancuso.jpeg","keywords":["calabria","Filippo Mancuso","polizia locale"],"articleSection":["Calabria","Home","News","Politica"],"inLanguage":"it-IT"},{"@type":"WebPage","@id":"https:\/\/progettotouring.it\/radiotouring104\/2024\/01\/20\/catanzaro-mancuso-la-festa-regionale-della-polizia-locale-da-lopportunita-di-rinforzare-lo-spirito-di-coesione\/","url":"https:\/\/progettotouring.it\/radiotouring104\/2024\/01\/20\/catanzaro-mancuso-la-festa-regionale-della-polizia-locale-da-lopportunita-di-rinforzare-lo-spirito-di-coesione\/","name":"Catanzaro, Mancuso: \"La Festa regionale della Polizia locale d\u00e0 l\u2019opportunit\u00e0 di rinforzare lo spirito di coesione\" - Radio Touring 104","isPartOf":{"@id":"https:\/\/progettotouring.it\/radiotouring104\/#website"},"primaryImageOfPage":{"@id":"https:\/\/progettotouring.it\/radiotouring104\/2024\/01\/20\/catanzaro-mancuso-la-festa-regionale-della-polizia-locale-da-lopportunita-di-rinforzare-lo-spirito-di-coesione\/#primaryimage"},"image":{"@id":"https:\/\/progettotouring.it\/radiotouring104\/2024\/01\/20\/catanzaro-mancuso-la-festa-regionale-della-polizia-locale-da-lopportunita-di-rinforzare-lo-spirito-di-coesione\/#primaryimage"},"thumbnailUrl":"https:\/\/progettotouring.it\/radiotouring104\/wp-content\/uploads\/sites\/6\/2024\/01\/mancuso.jpeg","datePublished":"2024-01-20T09:44:14+00:00","dateModified":"2024-01-20T10:12:53+00:00","description":"Il Presidente del Consiglio regionale, Mancuso, \u00e8 intervenuto a Catanzaro in occasione della Festa regionale della Polizia locale","breadcrumb":{"@id":"https:\/\/progettotouring.it\/radiotouring104\/2024\/01\/20\/catanzaro-mancuso-la-festa-regionale-della-polizia-locale-da-lopportunita-di-rinforzare-lo-spirito-di-coesione\/#breadcrumb"},"inLanguage":"it-IT","potentialAction":[{"@type":"ReadAction","target":["https:\/\/progettotouring.it\/radiotouring104\/2024\/01\/20\/catanzaro-mancuso-la-festa-regionale-della-polizia-locale-da-lopportunita-di-rinforzare-lo-spirito-di-coesione\/"]}]},{"@type":"ImageObject","inLanguage":"it-IT","@id":"https:\/\/progettotouring.it\/radiotouring104\/2024\/01\/20\/catanzaro-mancuso-la-festa-regionale-della-polizia-locale-da-lopportunita-di-rinforzare-lo-spirito-di-coesione\/#primaryimage","url":"https:\/\/progettotouring.it\/radiotouring104\/wp-content\/uploads\/sites\/6\/2024\/01\/mancuso.jpeg","contentUrl":"https:\/\/progettotouring.it\/radiotouring104\/wp-content\/uploads\/sites\/6\/2024\/01\/mancuso.jpeg","width":1753,"height":1097},{"@type":"BreadcrumbList","@id":"https:\/\/progettotouring.it\/radiotouring104\/2024\/01\/20\/catanzaro-mancuso-la-festa-regionale-della-polizia-locale-da-lopportunita-di-rinforzare-lo-spirito-di-coesione\/#breadcrumb","itemListElement":[{"@type":"ListItem","position":1,"name":"Home","item":"https:\/\/progettotouring.it\/radiotouring104\/"},{"@type":"ListItem","position":2,"name":"Catanzaro, Mancuso: &#8220;La Festa regionale della Polizia locale d\u00e0 l\u2019opportunit\u00e0 di rinforzare lo spirito di coesione&#8221;"}]},{"@type":"WebSite","@id":"https:\/\/progettotouring.it\/radiotouring104\/#website","url":"https:\/\/progettotouring.it\/radiotouring104\/","name":"Radio Touring 104","description":"La prima radio Reggina","publisher":{"@id":"https:\/\/progettotouring.it\/radiotouring104\/#organization"},"potentialAction":[{"@type":"SearchAction","target":{"@type":"EntryPoint","urlTemplate":"https:\/\/progettotouring.it\/radiotouring104\/?s={search_term_string}"},"query-input":{"@type":"PropertyValueSpecification","valueRequired":true,"valueName":"search_term_string"}}],"inLanguage":"it-IT"},{"@type":"Organization","@id":"https:\/\/progettotouring.it\/radiotouring104\/#organization","name":"Radio Touring 104","url":"https:\/\/progettotouring.it\/radiotouring104\/","logo":{"@type":"ImageObject","inLanguage":"it-IT","@id":"https:\/\/progettotouring.it\/radiotouring104\/#\/schema\/logo\/image\/","url":"https:\/\/progettotouring.it\/radiotouring104\/wp-content\/uploads\/sites\/6\/2022\/02\/cropped-logo-radio-touring-104.png","contentUrl":"https:\/\/progettotouring.it\/radiotouring104\/wp-content\/uploads\/sites\/6\/2022\/02\/cropped-logo-radio-touring-104.png","width":377,"height":182,"caption":"Radio Touring 104"},"image":{"@id":"https:\/\/progettotouring.it\/radiotouring104\/#\/schema\/logo\/image\/"}},{"@type":"Person","@id":"https:\/\/progettotouring.it\/radiotouring104\/#\/schema\/person\/4a82259ca52ac8702ad1a8f9e5a3120b","name":"Filippo Francesco Idone","image":{"@type":"ImageObject","inLanguage":"it-IT","@id":"https:\/\/secure.gravatar.com\/avatar\/7268715d2366395c3dd314385670e6484117d44f5c442e61e230f7008b7b62d3?s=96&d=mm&r=g","url":"https:\/\/secure.gravatar.com\/avatar\/7268715d2366395c3dd314385670e6484117d44f5c442e61e230f7008b7b62d3?s=96&d=mm&r=g","contentUrl":"https:\/\/secure.gravatar.com\/avatar\/7268715d2366395c3dd314385670e6484117d44f5c442e61e230f7008b7b62d3?s=96&d=mm&r=g","caption":"Filippo Francesco Idone"},"url":"https:\/\/progettotouring.it\/radiotouring104\/author\/filippoidone\/"}]}},"jetpack_publicize_connections":[],"jetpack_featured_media_url":"https:\/\/progettotouring.it\/radiotouring104\/wp-content\/uploads\/sites\/6\/2024\/01\/mancuso.jpeg","jetpack_sharing_enabled":true,"_links":{"self":[{"href":"https:\/\/progettotouring.it\/radiotouring104\/wp-json\/wp\/v2\/posts\/43052","targetHints":{"allow":["GET"]}}],"collection":[{"href":"https:\/\/progettotouring.it\/radiotouring104\/wp-json\/wp\/v2\/posts"}],"about":[{"href":"https:\/\/progettotouring.it\/radiotouring104\/wp-json\/wp\/v2\/types\/post"}],"author":[{"embeddable":true,"href":"https:\/\/progettotouring.it\/radiotouring104\/wp-json\/wp\/v2\/users\/8"}],"replies":[{"embeddable":true,"href":"https:\/\/progettotouring.it\/radiotouring104\/wp-json\/wp\/v2\/comments?post=43052"}],"version-history":[{"count":1,"href":"https:\/\/progettotouring.it\/radiotouring104\/wp-json\/wp\/v2\/posts\/43052\/revisions"}],"predecessor-version":[{"id":43054,"href":"https:\/\/progettotouring.it\/radiotouring104\/wp-json\/wp\/v2\/posts\/43052\/revisions\/43054"}],"wp:featuredmedia":[{"embeddable":true,"href":"https:\/\/progettotouring.it\/radiotouring104\/wp-json\/wp\/v2\/media\/43053"}],"wp:attachment":[{"href":"https:\/\/progettotouring.it\/radiotouring104\/wp-json\/wp\/v2\/media?parent=43052"}],"wp:term":[{"taxonomy":"category","embeddable":true,"href":"https:\/\/progettotouring.it\/radiotouring104\/wp-json\/wp\/v2\/categories?post=43052"},{"taxonomy":"post_tag","embeddable":true,"href":"https:\/\/progettotouring.it\/radiotouring104\/wp-json\/wp\/v2\/tags?post=43052"}],"curies":[{"name":"wp","href":"https:\/\/api.w.org\/{rel}","templated":true}]}}