{"id":43062,"date":"2024-01-20T12:01:16","date_gmt":"2024-01-20T11:01:16","guid":{"rendered":"https:\/\/progettotouring.it\/radiotouring104\/?p=43062"},"modified":"2024-01-20T12:01:16","modified_gmt":"2024-01-20T11:01:16","slug":"palmi-realizzato-lopen-day-al-liceo-alvaro","status":"publish","type":"post","link":"https:\/\/progettotouring.it\/radiotouring104\/2024\/01\/20\/palmi-realizzato-lopen-day-al-liceo-alvaro\/","title":{"rendered":"Palmi: realizzato l&#8217;Open Day al Liceo Alvaro"},"content":{"rendered":"<p style=\"text-align: justify\">Lo scorso 17 gennaio gli studenti del Liceo \u201cAlvaro\u201d hanno dato vita al secondo <strong>Open Day,<\/strong> dopo quello del 14 dicembre, grazie al coinvolgimento delle studentesse e degli studenti dei vari indirizzi del Liceo (scienze umane, linguistico, economico-sociale), alla presenza di una nutrita rappresentanza di allievi delle scuole secondarie di primo grado del territorio, e all\u2019efficace coordinamento delle molteplici iniziative da parte dei docenti. La giornata, fortemente voluta dalla Dirigente scolastica <strong>Eva Raffaella Nicol\u00f2<\/strong>, ha visto avvicendarsi una serie di attivit\u00e0 che, al momento informativo, hanno affiancato il fattore artistico, ludico e di socializzazione. Significativa la presenza di stand a tema dedicati ai vari indirizzi, con i banchetti dedicati alle scienze umane e alle lingue straniere, cos\u00ec come l\u2019esposizione di riproduzioni a tema storico e geografico realizzate dagli studenti. Ad allietare il tutto, le note rock e pop dell\u2019aula di musica, dove gli studenti hanno dato prova della loro maestria nella chitarra, nel basso e nella batteria, ma non sono mancate virtuose performance al violino.<\/p>\n<p style=\"text-align: justify\">I momenti laboratoriali hanno poi suscitato gradissimo apprezzamento tra gli studenti e i genitori in vista al liceo. Tra questi segnaliamo <strong>\u201cL\u2019isola che non c\u2019\u00e8\u201d<\/strong>, laboratorio sulla crescita personale e la scoperta della propria identit\u00e0 ispirato a Peter Pan, il \u201c<strong>Calderone delle emozioni\u201d<\/strong>, ispirato alle pozioni magiche di Harry Potter e centrato sull\u2019intelligenza emotiva<strong>, \u201cAlice allo specchio\u201d,<\/strong> ispirato ad Alice nel Paese delle Meraviglie e dedicato all\u2019espressione delle emozioni. Tutte le iniziative realizzate hanno evidenziato l\u2019abilit\u00e0 degli studenti e la loro capacit\u00e0 di mettersi in gioco, da veri protagonisti del progetto educativo e della comunit\u00e0 scolastica nel suo insieme.<\/p>\n","protected":false},"excerpt":{"rendered":"<p>Lo scorso 17 gennaio gli studenti del Liceo \u201cAlvaro\u201d hanno dato vita al secondo Open Day, dopo quello del 14 dicembre, grazie al coinvolgimento delle studentesse e degli studenti dei&hellip;<\/p>\n","protected":false},"author":8,"featured_media":43063,"comment_status":"closed","ping_status":"open","sticky":false,"template":"","format":"standard","meta":{"_jetpack_memberships_contains_paid_content":false,"footnotes":"","jetpack_publicize_message":"","jetpack_publicize_feature_enabled":true,"jetpack_social_post_already_shared":false,"jetpack_social_options":{"image_generator_settings":{"template":"highway","default_image_id":0,"font":"","enabled":false},"version":2}},"categories":[921,196,140],"tags":[25593,8233,464],"class_list":["post-43062","post","type-post","status-publish","format-standard","has-post-thumbnail","hentry","category-home","category-news","category-reggio-calabria","tag-liceo-alvaro","tag-open-day","tag-palmi"],"yoast_head":"<!-- This site is optimized with the Yoast SEO plugin v27.2 - https:\/\/yoast.com\/product\/yoast-seo-wordpress\/ -->\n<title>Palmi: realizzato l&#039;Open Day al Liceo Alvaro - Radio Touring 104<\/title>\n<meta name=\"description\" content=\"Realizzato l&#039;Open Day al Liceo Alvaro di Palmi: resta vivo l&#039;interesse e partecipazione da parte degli studenti e docenti\" \/>\n<meta name=\"robots\" content=\"index, follow, max-snippet:-1, max-image-preview:large, max-video-preview:-1\" \/>\n<link rel=\"canonical\" href=\"https:\/\/progettotouring.it\/radiotouring104\/2024\/01\/20\/palmi-realizzato-lopen-day-al-liceo-alvaro\/\" \/>\n<meta property=\"og:locale\" content=\"it_IT\" \/>\n<meta property=\"og:type\" content=\"article\" \/>\n<meta property=\"og:title\" content=\"Palmi: realizzato l&#039;Open Day al Liceo Alvaro - Radio Touring 104\" \/>\n<meta property=\"og:description\" content=\"Realizzato l&#039;Open Day al Liceo Alvaro di Palmi: resta vivo l&#039;interesse e partecipazione da parte degli studenti e docenti\" \/>\n<meta property=\"og:url\" content=\"https:\/\/progettotouring.it\/radiotouring104\/2024\/01\/20\/palmi-realizzato-lopen-day-al-liceo-alvaro\/\" \/>\n<meta property=\"og:site_name\" content=\"Radio Touring 104\" \/>\n<meta property=\"article:published_time\" content=\"2024-01-20T11:01:16+00:00\" \/>\n<meta property=\"og:image\" content=\"https:\/\/progettotouring.it\/radiotouring104\/wp-content\/uploads\/sites\/6\/2024\/01\/liceo-alvaro-open-day.jpeg\" \/>\n\t<meta property=\"og:image:width\" content=\"2048\" \/>\n\t<meta property=\"og:image:height\" content=\"1536\" \/>\n\t<meta property=\"og:image:type\" content=\"image\/jpeg\" \/>\n<meta name=\"author\" content=\"Filippo Francesco Idone\" \/>\n<meta name=\"twitter:card\" content=\"summary_large_image\" \/>\n<meta name=\"twitter:label1\" content=\"Scritto da\" \/>\n\t<meta name=\"twitter:data1\" content=\"Filippo Francesco Idone\" \/>\n\t<meta name=\"twitter:label2\" content=\"Tempo di lettura stimato\" \/>\n\t<meta name=\"twitter:data2\" content=\"1 minuto\" \/>\n<script type=\"application\/ld+json\" class=\"yoast-schema-graph\">{\"@context\":\"https:\/\/schema.org\",\"@graph\":[{\"@type\":\"Article\",\"@id\":\"https:\/\/progettotouring.it\/radiotouring104\/2024\/01\/20\/palmi-realizzato-lopen-day-al-liceo-alvaro\/#article\",\"isPartOf\":{\"@id\":\"https:\/\/progettotouring.it\/radiotouring104\/2024\/01\/20\/palmi-realizzato-lopen-day-al-liceo-alvaro\/\"},\"author\":{\"name\":\"Filippo Francesco Idone\",\"@id\":\"https:\/\/progettotouring.it\/radiotouring104\/#\/schema\/person\/4a82259ca52ac8702ad1a8f9e5a3120b\"},\"headline\":\"Palmi: realizzato l&#8217;Open Day al Liceo Alvaro\",\"datePublished\":\"2024-01-20T11:01:16+00:00\",\"mainEntityOfPage\":{\"@id\":\"https:\/\/progettotouring.it\/radiotouring104\/2024\/01\/20\/palmi-realizzato-lopen-day-al-liceo-alvaro\/\"},\"wordCount\":276,\"publisher\":{\"@id\":\"https:\/\/progettotouring.it\/radiotouring104\/#organization\"},\"image\":{\"@id\":\"https:\/\/progettotouring.it\/radiotouring104\/2024\/01\/20\/palmi-realizzato-lopen-day-al-liceo-alvaro\/#primaryimage\"},\"thumbnailUrl\":\"https:\/\/progettotouring.it\/radiotouring104\/wp-content\/uploads\/sites\/6\/2024\/01\/liceo-alvaro-open-day.jpeg\",\"keywords\":[\"Liceo \u201cAlvaro\u201d\",\"open day\",\"Palmi\"],\"articleSection\":[\"Home\",\"News\",\"Reggio Calabria\"],\"inLanguage\":\"it-IT\"},{\"@type\":\"WebPage\",\"@id\":\"https:\/\/progettotouring.it\/radiotouring104\/2024\/01\/20\/palmi-realizzato-lopen-day-al-liceo-alvaro\/\",\"url\":\"https:\/\/progettotouring.it\/radiotouring104\/2024\/01\/20\/palmi-realizzato-lopen-day-al-liceo-alvaro\/\",\"name\":\"Palmi: realizzato l'Open Day al Liceo Alvaro - Radio Touring 104\",\"isPartOf\":{\"@id\":\"https:\/\/progettotouring.it\/radiotouring104\/#website\"},\"primaryImageOfPage\":{\"@id\":\"https:\/\/progettotouring.it\/radiotouring104\/2024\/01\/20\/palmi-realizzato-lopen-day-al-liceo-alvaro\/#primaryimage\"},\"image\":{\"@id\":\"https:\/\/progettotouring.it\/radiotouring104\/2024\/01\/20\/palmi-realizzato-lopen-day-al-liceo-alvaro\/#primaryimage\"},\"thumbnailUrl\":\"https:\/\/progettotouring.it\/radiotouring104\/wp-content\/uploads\/sites\/6\/2024\/01\/liceo-alvaro-open-day.jpeg\",\"datePublished\":\"2024-01-20T11:01:16+00:00\",\"description\":\"Realizzato l'Open Day al Liceo Alvaro di Palmi: resta vivo l'interesse e partecipazione da parte degli studenti e docenti\",\"breadcrumb\":{\"@id\":\"https:\/\/progettotouring.it\/radiotouring104\/2024\/01\/20\/palmi-realizzato-lopen-day-al-liceo-alvaro\/#breadcrumb\"},\"inLanguage\":\"it-IT\",\"potentialAction\":[{\"@type\":\"ReadAction\",\"target\":[\"https:\/\/progettotouring.it\/radiotouring104\/2024\/01\/20\/palmi-realizzato-lopen-day-al-liceo-alvaro\/\"]}]},{\"@type\":\"ImageObject\",\"inLanguage\":\"it-IT\",\"@id\":\"https:\/\/progettotouring.it\/radiotouring104\/2024\/01\/20\/palmi-realizzato-lopen-day-al-liceo-alvaro\/#primaryimage\",\"url\":\"https:\/\/progettotouring.it\/radiotouring104\/wp-content\/uploads\/sites\/6\/2024\/01\/liceo-alvaro-open-day.jpeg\",\"contentUrl\":\"https:\/\/progettotouring.it\/radiotouring104\/wp-content\/uploads\/sites\/6\/2024\/01\/liceo-alvaro-open-day.jpeg\",\"width\":2048,\"height\":1536},{\"@type\":\"BreadcrumbList\",\"@id\":\"https:\/\/progettotouring.it\/radiotouring104\/2024\/01\/20\/palmi-realizzato-lopen-day-al-liceo-alvaro\/#breadcrumb\",\"itemListElement\":[{\"@type\":\"ListItem\",\"position\":1,\"name\":\"Home\",\"item\":\"https:\/\/progettotouring.it\/radiotouring104\/\"},{\"@type\":\"ListItem\",\"position\":2,\"name\":\"Palmi: realizzato l&#8217;Open Day al Liceo Alvaro\"}]},{\"@type\":\"WebSite\",\"@id\":\"https:\/\/progettotouring.it\/radiotouring104\/#website\",\"url\":\"https:\/\/progettotouring.it\/radiotouring104\/\",\"name\":\"Radio Touring 104\",\"description\":\"La prima radio Reggina\",\"publisher\":{\"@id\":\"https:\/\/progettotouring.it\/radiotouring104\/#organization\"},\"potentialAction\":[{\"@type\":\"SearchAction\",\"target\":{\"@type\":\"EntryPoint\",\"urlTemplate\":\"https:\/\/progettotouring.it\/radiotouring104\/?s={search_term_string}\"},\"query-input\":{\"@type\":\"PropertyValueSpecification\",\"valueRequired\":true,\"valueName\":\"search_term_string\"}}],\"inLanguage\":\"it-IT\"},{\"@type\":\"Organization\",\"@id\":\"https:\/\/progettotouring.it\/radiotouring104\/#organization\",\"name\":\"Radio Touring 104\",\"url\":\"https:\/\/progettotouring.it\/radiotouring104\/\",\"logo\":{\"@type\":\"ImageObject\",\"inLanguage\":\"it-IT\",\"@id\":\"https:\/\/progettotouring.it\/radiotouring104\/#\/schema\/logo\/image\/\",\"url\":\"https:\/\/progettotouring.it\/radiotouring104\/wp-content\/uploads\/sites\/6\/2022\/02\/cropped-logo-radio-touring-104.png\",\"contentUrl\":\"https:\/\/progettotouring.it\/radiotouring104\/wp-content\/uploads\/sites\/6\/2022\/02\/cropped-logo-radio-touring-104.png\",\"width\":377,\"height\":182,\"caption\":\"Radio Touring 104\"},\"image\":{\"@id\":\"https:\/\/progettotouring.it\/radiotouring104\/#\/schema\/logo\/image\/\"}},{\"@type\":\"Person\",\"@id\":\"https:\/\/progettotouring.it\/radiotouring104\/#\/schema\/person\/4a82259ca52ac8702ad1a8f9e5a3120b\",\"name\":\"Filippo Francesco Idone\",\"image\":{\"@type\":\"ImageObject\",\"inLanguage\":\"it-IT\",\"@id\":\"https:\/\/secure.gravatar.com\/avatar\/7268715d2366395c3dd314385670e6484117d44f5c442e61e230f7008b7b62d3?s=96&d=mm&r=g\",\"url\":\"https:\/\/secure.gravatar.com\/avatar\/7268715d2366395c3dd314385670e6484117d44f5c442e61e230f7008b7b62d3?s=96&d=mm&r=g\",\"contentUrl\":\"https:\/\/secure.gravatar.com\/avatar\/7268715d2366395c3dd314385670e6484117d44f5c442e61e230f7008b7b62d3?s=96&d=mm&r=g\",\"caption\":\"Filippo Francesco Idone\"},\"url\":\"https:\/\/progettotouring.it\/radiotouring104\/author\/filippoidone\/\"}]}<\/script>\n<!-- \/ Yoast SEO plugin. -->","yoast_head_json":{"title":"Palmi: realizzato l'Open Day al Liceo Alvaro - Radio Touring 104","description":"Realizzato l'Open Day al Liceo Alvaro di Palmi: resta vivo l'interesse e partecipazione da parte degli studenti e docenti","robots":{"index":"index","follow":"follow","max-snippet":"max-snippet:-1","max-image-preview":"max-image-preview:large","max-video-preview":"max-video-preview:-1"},"canonical":"https:\/\/progettotouring.it\/radiotouring104\/2024\/01\/20\/palmi-realizzato-lopen-day-al-liceo-alvaro\/","og_locale":"it_IT","og_type":"article","og_title":"Palmi: realizzato l'Open Day al Liceo Alvaro - Radio Touring 104","og_description":"Realizzato l'Open Day al Liceo Alvaro di Palmi: resta vivo l'interesse e partecipazione da parte degli studenti e docenti","og_url":"https:\/\/progettotouring.it\/radiotouring104\/2024\/01\/20\/palmi-realizzato-lopen-day-al-liceo-alvaro\/","og_site_name":"Radio Touring 104","article_published_time":"2024-01-20T11:01:16+00:00","og_image":[{"width":2048,"height":1536,"url":"https:\/\/progettotouring.it\/radiotouring104\/wp-content\/uploads\/sites\/6\/2024\/01\/liceo-alvaro-open-day.jpeg","type":"image\/jpeg"}],"author":"Filippo Francesco Idone","twitter_card":"summary_large_image","twitter_misc":{"Scritto da":"Filippo Francesco Idone","Tempo di lettura stimato":"1 minuto"},"schema":{"@context":"https:\/\/schema.org","@graph":[{"@type":"Article","@id":"https:\/\/progettotouring.it\/radiotouring104\/2024\/01\/20\/palmi-realizzato-lopen-day-al-liceo-alvaro\/#article","isPartOf":{"@id":"https:\/\/progettotouring.it\/radiotouring104\/2024\/01\/20\/palmi-realizzato-lopen-day-al-liceo-alvaro\/"},"author":{"name":"Filippo Francesco Idone","@id":"https:\/\/progettotouring.it\/radiotouring104\/#\/schema\/person\/4a82259ca52ac8702ad1a8f9e5a3120b"},"headline":"Palmi: realizzato l&#8217;Open Day al Liceo Alvaro","datePublished":"2024-01-20T11:01:16+00:00","mainEntityOfPage":{"@id":"https:\/\/progettotouring.it\/radiotouring104\/2024\/01\/20\/palmi-realizzato-lopen-day-al-liceo-alvaro\/"},"wordCount":276,"publisher":{"@id":"https:\/\/progettotouring.it\/radiotouring104\/#organization"},"image":{"@id":"https:\/\/progettotouring.it\/radiotouring104\/2024\/01\/20\/palmi-realizzato-lopen-day-al-liceo-alvaro\/#primaryimage"},"thumbnailUrl":"https:\/\/progettotouring.it\/radiotouring104\/wp-content\/uploads\/sites\/6\/2024\/01\/liceo-alvaro-open-day.jpeg","keywords":["Liceo \u201cAlvaro\u201d","open day","Palmi"],"articleSection":["Home","News","Reggio Calabria"],"inLanguage":"it-IT"},{"@type":"WebPage","@id":"https:\/\/progettotouring.it\/radiotouring104\/2024\/01\/20\/palmi-realizzato-lopen-day-al-liceo-alvaro\/","url":"https:\/\/progettotouring.it\/radiotouring104\/2024\/01\/20\/palmi-realizzato-lopen-day-al-liceo-alvaro\/","name":"Palmi: realizzato l'Open Day al Liceo Alvaro - Radio Touring 104","isPartOf":{"@id":"https:\/\/progettotouring.it\/radiotouring104\/#website"},"primaryImageOfPage":{"@id":"https:\/\/progettotouring.it\/radiotouring104\/2024\/01\/20\/palmi-realizzato-lopen-day-al-liceo-alvaro\/#primaryimage"},"image":{"@id":"https:\/\/progettotouring.it\/radiotouring104\/2024\/01\/20\/palmi-realizzato-lopen-day-al-liceo-alvaro\/#primaryimage"},"thumbnailUrl":"https:\/\/progettotouring.it\/radiotouring104\/wp-content\/uploads\/sites\/6\/2024\/01\/liceo-alvaro-open-day.jpeg","datePublished":"2024-01-20T11:01:16+00:00","description":"Realizzato l'Open Day al Liceo Alvaro di Palmi: resta vivo l'interesse e partecipazione da parte degli studenti e docenti","breadcrumb":{"@id":"https:\/\/progettotouring.it\/radiotouring104\/2024\/01\/20\/palmi-realizzato-lopen-day-al-liceo-alvaro\/#breadcrumb"},"inLanguage":"it-IT","potentialAction":[{"@type":"ReadAction","target":["https:\/\/progettotouring.it\/radiotouring104\/2024\/01\/20\/palmi-realizzato-lopen-day-al-liceo-alvaro\/"]}]},{"@type":"ImageObject","inLanguage":"it-IT","@id":"https:\/\/progettotouring.it\/radiotouring104\/2024\/01\/20\/palmi-realizzato-lopen-day-al-liceo-alvaro\/#primaryimage","url":"https:\/\/progettotouring.it\/radiotouring104\/wp-content\/uploads\/sites\/6\/2024\/01\/liceo-alvaro-open-day.jpeg","contentUrl":"https:\/\/progettotouring.it\/radiotouring104\/wp-content\/uploads\/sites\/6\/2024\/01\/liceo-alvaro-open-day.jpeg","width":2048,"height":1536},{"@type":"BreadcrumbList","@id":"https:\/\/progettotouring.it\/radiotouring104\/2024\/01\/20\/palmi-realizzato-lopen-day-al-liceo-alvaro\/#breadcrumb","itemListElement":[{"@type":"ListItem","position":1,"name":"Home","item":"https:\/\/progettotouring.it\/radiotouring104\/"},{"@type":"ListItem","position":2,"name":"Palmi: realizzato l&#8217;Open Day al Liceo Alvaro"}]},{"@type":"WebSite","@id":"https:\/\/progettotouring.it\/radiotouring104\/#website","url":"https:\/\/progettotouring.it\/radiotouring104\/","name":"Radio Touring 104","description":"La prima radio Reggina","publisher":{"@id":"https:\/\/progettotouring.it\/radiotouring104\/#organization"},"potentialAction":[{"@type":"SearchAction","target":{"@type":"EntryPoint","urlTemplate":"https:\/\/progettotouring.it\/radiotouring104\/?s={search_term_string}"},"query-input":{"@type":"PropertyValueSpecification","valueRequired":true,"valueName":"search_term_string"}}],"inLanguage":"it-IT"},{"@type":"Organization","@id":"https:\/\/progettotouring.it\/radiotouring104\/#organization","name":"Radio Touring 104","url":"https:\/\/progettotouring.it\/radiotouring104\/","logo":{"@type":"ImageObject","inLanguage":"it-IT","@id":"https:\/\/progettotouring.it\/radiotouring104\/#\/schema\/logo\/image\/","url":"https:\/\/progettotouring.it\/radiotouring104\/wp-content\/uploads\/sites\/6\/2022\/02\/cropped-logo-radio-touring-104.png","contentUrl":"https:\/\/progettotouring.it\/radiotouring104\/wp-content\/uploads\/sites\/6\/2022\/02\/cropped-logo-radio-touring-104.png","width":377,"height":182,"caption":"Radio Touring 104"},"image":{"@id":"https:\/\/progettotouring.it\/radiotouring104\/#\/schema\/logo\/image\/"}},{"@type":"Person","@id":"https:\/\/progettotouring.it\/radiotouring104\/#\/schema\/person\/4a82259ca52ac8702ad1a8f9e5a3120b","name":"Filippo Francesco Idone","image":{"@type":"ImageObject","inLanguage":"it-IT","@id":"https:\/\/secure.gravatar.com\/avatar\/7268715d2366395c3dd314385670e6484117d44f5c442e61e230f7008b7b62d3?s=96&d=mm&r=g","url":"https:\/\/secure.gravatar.com\/avatar\/7268715d2366395c3dd314385670e6484117d44f5c442e61e230f7008b7b62d3?s=96&d=mm&r=g","contentUrl":"https:\/\/secure.gravatar.com\/avatar\/7268715d2366395c3dd314385670e6484117d44f5c442e61e230f7008b7b62d3?s=96&d=mm&r=g","caption":"Filippo Francesco Idone"},"url":"https:\/\/progettotouring.it\/radiotouring104\/author\/filippoidone\/"}]}},"jetpack_publicize_connections":[],"jetpack_featured_media_url":"https:\/\/progettotouring.it\/radiotouring104\/wp-content\/uploads\/sites\/6\/2024\/01\/liceo-alvaro-open-day.jpeg","jetpack_sharing_enabled":true,"_links":{"self":[{"href":"https:\/\/progettotouring.it\/radiotouring104\/wp-json\/wp\/v2\/posts\/43062","targetHints":{"allow":["GET"]}}],"collection":[{"href":"https:\/\/progettotouring.it\/radiotouring104\/wp-json\/wp\/v2\/posts"}],"about":[{"href":"https:\/\/progettotouring.it\/radiotouring104\/wp-json\/wp\/v2\/types\/post"}],"author":[{"embeddable":true,"href":"https:\/\/progettotouring.it\/radiotouring104\/wp-json\/wp\/v2\/users\/8"}],"replies":[{"embeddable":true,"href":"https:\/\/progettotouring.it\/radiotouring104\/wp-json\/wp\/v2\/comments?post=43062"}],"version-history":[{"count":1,"href":"https:\/\/progettotouring.it\/radiotouring104\/wp-json\/wp\/v2\/posts\/43062\/revisions"}],"predecessor-version":[{"id":43064,"href":"https:\/\/progettotouring.it\/radiotouring104\/wp-json\/wp\/v2\/posts\/43062\/revisions\/43064"}],"wp:featuredmedia":[{"embeddable":true,"href":"https:\/\/progettotouring.it\/radiotouring104\/wp-json\/wp\/v2\/media\/43063"}],"wp:attachment":[{"href":"https:\/\/progettotouring.it\/radiotouring104\/wp-json\/wp\/v2\/media?parent=43062"}],"wp:term":[{"taxonomy":"category","embeddable":true,"href":"https:\/\/progettotouring.it\/radiotouring104\/wp-json\/wp\/v2\/categories?post=43062"},{"taxonomy":"post_tag","embeddable":true,"href":"https:\/\/progettotouring.it\/radiotouring104\/wp-json\/wp\/v2\/tags?post=43062"}],"curies":[{"name":"wp","href":"https:\/\/api.w.org\/{rel}","templated":true}]}}