{"id":43070,"date":"2024-01-20T12:49:23","date_gmt":"2024-01-20T11:49:23","guid":{"rendered":"https:\/\/progettotouring.it\/radiotouring104\/?p=43070"},"modified":"2024-01-20T12:49:23","modified_gmt":"2024-01-20T11:49:23","slug":"reggio-calabria-saccomanno-ringrazia-salvini-per-lintervento-sullaeroporto","status":"publish","type":"post","link":"https:\/\/progettotouring.it\/radiotouring104\/2024\/01\/20\/reggio-calabria-saccomanno-ringrazia-salvini-per-lintervento-sullaeroporto\/","title":{"rendered":"Reggio Calabria: Saccomanno ringrazia Salvini per l&#8217;intervento sull&#8217;Aeroporto"},"content":{"rendered":"<p class=\"xmprfx_p3\" style=\"text-align: justify\"><em><span class=\"xmprfx_s2\">&#8220;Il Vicepremier e Ministro delle Infrastrutture e dei Trasporti, <strong>Matteo<\/strong> <strong>Salvini<\/strong>, ha annunciato che \u00e8 stata elaborata una nuova procedura di volo per migliorare <strong>l&#8217;operativit\u00e0<\/strong> <strong>dell&#8217;aeroporto<\/strong> <strong>di Reggio Calabria<\/strong>. Questo scalo presenta delle caratteristiche che impediscono l&#8217;adozione di procedure di avvicinamento standard, quindi \u00e8 stato chiesto all&#8217;Enav di progettare una procedura innovativa per mitigare tali limitazioni. <\/span><\/em><em><span class=\"xmprfx_s2\"><strong>L&#8217;Enac<\/strong> ha valutato positivamente la nuova procedura di avvicinamento chiamata <strong>Required Navigation Performance Authorization Required<\/strong> <strong>per la pista 33 di Reggio<\/strong> <strong>Calabria<\/strong>. Una volta che questa procedura sar\u00e0 pubblicata nelle documentazioni operative adottate dalle compagnie aeree, consentir\u00e0 una migliore fruibilit\u00e0 dell&#8217;aeroporto calabrese, previa formazione dei piloti con simulatore. La limitazione al volo notturno \u00e8 temporanea e sar\u00e0 rimossa una volta che il gestore aeroportuale SACAL avr\u00e0 segnalato alcuni manufatti&#8221;.<\/span><\/em><\/p>\n<p class=\"xmprfx_p3\" style=\"text-align: justify\"><em><span class=\"xmprfx_s2\">&#8220;Questa nuova procedura \u00e8 compatibile con il percorso attivato dalla <strong>Regione Calabria<\/strong> per sostenere economicamente l&#8217;avvio di nuovi collegamenti da e per l&#8217;aeroporto di <strong>Reggio<\/strong> <strong>Calabria<\/strong>. Il Ministero delle Infrastrutture e dei Trasporti ha reso nota questa notizia, sottolineando che &#8220;alle promesse seguono risultati concreti&#8221;. <strong>Salvini<\/strong> ha personalmente garantito il suo impegno per migliorare l&#8217;operativit\u00e0 dello scalo e si \u00e8 mostrato soddisfatto di poter dare una buona notizia. Tuttavia, \u00e8 importante sottolineare che le procedure relative agli aeroporti devono seguire rigidi protocolli per garantire la sicurezza dei passeggeri e degli operatori. <\/span><\/em><span class=\"xmprfx_s2\"><em>Salvini ha anche ribadito la sua volont\u00e0 di accompagnare al meglio lo sviluppo dell&#8217;aeroporto di Reggio Calabria. Questa nuova procedura di volo rappresenta un passo avanti significativo per migliorare l&#8217;efficienza e l&#8217;accessibilit\u00e0 dell&#8217;aeroporto, favorendo lo sviluppo economico della regione&#8221;<\/em>. <\/span><span class=\"xmprfx_s2\">Lo dichiara Giacomo Francesco Saccomanno, <\/span><span class=\"xmprfx_s2\">Commissario Lega Calabria<span class=\"xmprfx_Apple-converted-space\">\u00a0<\/span><\/span><\/p>\n","protected":false},"excerpt":{"rendered":"<p>&#8220;Il Vicepremier e Ministro delle Infrastrutture e dei Trasporti, Matteo Salvini, ha annunciato che \u00e8 stata elaborata una nuova procedura di volo per migliorare l&#8217;operativit\u00e0 dell&#8217;aeroporto di Reggio Calabria. Questo&hellip;<\/p>\n","protected":false},"author":8,"featured_media":43071,"comment_status":"closed","ping_status":"open","sticky":false,"template":"","format":"standard","meta":{"_jetpack_memberships_contains_paid_content":false,"footnotes":"","jetpack_publicize_message":"","jetpack_publicize_feature_enabled":true,"jetpack_social_post_already_shared":false,"jetpack_social_options":{"image_generator_settings":{"template":"highway","default_image_id":0,"font":"","enabled":false},"version":2}},"categories":[921,196,195,140],"tags":[4775,4464,5253],"class_list":["post-43070","post","type-post","status-publish","format-standard","has-post-thumbnail","hentry","category-home","category-news","category-politica","category-reggio-calabria","tag-aereoporto","tag-saccomanno","tag-salvini"],"yoast_head":"<!-- This site is optimized with the Yoast SEO plugin v27.2 - https:\/\/yoast.com\/product\/yoast-seo-wordpress\/ -->\n<title>Reggio Calabria: Saccomanno ringrazia Salvini per l&#039;intervento sull&#039;Aeroporto - Radio Touring 104<\/title>\n<meta name=\"description\" content=\"Saccomanno, Commissario della Lega Calabria, ha ringraziato il Vicepremier Salvini per le opere di miglioria per l&#039;Aeroporto reggino\" \/>\n<meta name=\"robots\" content=\"index, follow, max-snippet:-1, max-image-preview:large, max-video-preview:-1\" \/>\n<link rel=\"canonical\" href=\"https:\/\/progettotouring.it\/radiotouring104\/2024\/01\/20\/reggio-calabria-saccomanno-ringrazia-salvini-per-lintervento-sullaeroporto\/\" \/>\n<meta property=\"og:locale\" content=\"it_IT\" \/>\n<meta property=\"og:type\" content=\"article\" \/>\n<meta property=\"og:title\" content=\"Reggio Calabria: Saccomanno ringrazia Salvini per l&#039;intervento sull&#039;Aeroporto - Radio Touring 104\" \/>\n<meta property=\"og:description\" content=\"Saccomanno, Commissario della Lega Calabria, ha ringraziato il Vicepremier Salvini per le opere di miglioria per l&#039;Aeroporto reggino\" \/>\n<meta property=\"og:url\" content=\"https:\/\/progettotouring.it\/radiotouring104\/2024\/01\/20\/reggio-calabria-saccomanno-ringrazia-salvini-per-lintervento-sullaeroporto\/\" \/>\n<meta property=\"og:site_name\" content=\"Radio Touring 104\" \/>\n<meta property=\"article:published_time\" content=\"2024-01-20T11:49:23+00:00\" \/>\n<meta property=\"og:image\" content=\"https:\/\/progettotouring.it\/radiotouring104\/wp-content\/uploads\/sites\/6\/2024\/01\/aereoporto.jpeg\" \/>\n\t<meta property=\"og:image:width\" content=\"450\" \/>\n\t<meta property=\"og:image:height\" content=\"245\" \/>\n\t<meta property=\"og:image:type\" content=\"image\/jpeg\" \/>\n<meta name=\"author\" content=\"Filippo Francesco Idone\" \/>\n<meta name=\"twitter:card\" content=\"summary_large_image\" \/>\n<meta name=\"twitter:label1\" content=\"Scritto da\" \/>\n\t<meta name=\"twitter:data1\" content=\"Filippo Francesco Idone\" \/>\n\t<meta name=\"twitter:label2\" content=\"Tempo di lettura stimato\" \/>\n\t<meta name=\"twitter:data2\" content=\"1 minuto\" \/>\n<script type=\"application\/ld+json\" class=\"yoast-schema-graph\">{\"@context\":\"https:\/\/schema.org\",\"@graph\":[{\"@type\":\"Article\",\"@id\":\"https:\/\/progettotouring.it\/radiotouring104\/2024\/01\/20\/reggio-calabria-saccomanno-ringrazia-salvini-per-lintervento-sullaeroporto\/#article\",\"isPartOf\":{\"@id\":\"https:\/\/progettotouring.it\/radiotouring104\/2024\/01\/20\/reggio-calabria-saccomanno-ringrazia-salvini-per-lintervento-sullaeroporto\/\"},\"author\":{\"name\":\"Filippo Francesco Idone\",\"@id\":\"https:\/\/progettotouring.it\/radiotouring104\/#\/schema\/person\/4a82259ca52ac8702ad1a8f9e5a3120b\"},\"headline\":\"Reggio Calabria: Saccomanno ringrazia Salvini per l&#8217;intervento sull&#8217;Aeroporto\",\"datePublished\":\"2024-01-20T11:49:23+00:00\",\"mainEntityOfPage\":{\"@id\":\"https:\/\/progettotouring.it\/radiotouring104\/2024\/01\/20\/reggio-calabria-saccomanno-ringrazia-salvini-per-lintervento-sullaeroporto\/\"},\"wordCount\":264,\"publisher\":{\"@id\":\"https:\/\/progettotouring.it\/radiotouring104\/#organization\"},\"image\":{\"@id\":\"https:\/\/progettotouring.it\/radiotouring104\/2024\/01\/20\/reggio-calabria-saccomanno-ringrazia-salvini-per-lintervento-sullaeroporto\/#primaryimage\"},\"thumbnailUrl\":\"https:\/\/progettotouring.it\/radiotouring104\/wp-content\/uploads\/sites\/6\/2024\/01\/aereoporto.jpeg\",\"keywords\":[\"aereoporto\",\"Saccomanno\",\"salvini\"],\"articleSection\":[\"Home\",\"News\",\"Politica\",\"Reggio Calabria\"],\"inLanguage\":\"it-IT\"},{\"@type\":\"WebPage\",\"@id\":\"https:\/\/progettotouring.it\/radiotouring104\/2024\/01\/20\/reggio-calabria-saccomanno-ringrazia-salvini-per-lintervento-sullaeroporto\/\",\"url\":\"https:\/\/progettotouring.it\/radiotouring104\/2024\/01\/20\/reggio-calabria-saccomanno-ringrazia-salvini-per-lintervento-sullaeroporto\/\",\"name\":\"Reggio Calabria: Saccomanno ringrazia Salvini per l'intervento sull'Aeroporto - Radio Touring 104\",\"isPartOf\":{\"@id\":\"https:\/\/progettotouring.it\/radiotouring104\/#website\"},\"primaryImageOfPage\":{\"@id\":\"https:\/\/progettotouring.it\/radiotouring104\/2024\/01\/20\/reggio-calabria-saccomanno-ringrazia-salvini-per-lintervento-sullaeroporto\/#primaryimage\"},\"image\":{\"@id\":\"https:\/\/progettotouring.it\/radiotouring104\/2024\/01\/20\/reggio-calabria-saccomanno-ringrazia-salvini-per-lintervento-sullaeroporto\/#primaryimage\"},\"thumbnailUrl\":\"https:\/\/progettotouring.it\/radiotouring104\/wp-content\/uploads\/sites\/6\/2024\/01\/aereoporto.jpeg\",\"datePublished\":\"2024-01-20T11:49:23+00:00\",\"description\":\"Saccomanno, Commissario della Lega Calabria, ha ringraziato il Vicepremier Salvini per le opere di miglioria per l'Aeroporto reggino\",\"breadcrumb\":{\"@id\":\"https:\/\/progettotouring.it\/radiotouring104\/2024\/01\/20\/reggio-calabria-saccomanno-ringrazia-salvini-per-lintervento-sullaeroporto\/#breadcrumb\"},\"inLanguage\":\"it-IT\",\"potentialAction\":[{\"@type\":\"ReadAction\",\"target\":[\"https:\/\/progettotouring.it\/radiotouring104\/2024\/01\/20\/reggio-calabria-saccomanno-ringrazia-salvini-per-lintervento-sullaeroporto\/\"]}]},{\"@type\":\"ImageObject\",\"inLanguage\":\"it-IT\",\"@id\":\"https:\/\/progettotouring.it\/radiotouring104\/2024\/01\/20\/reggio-calabria-saccomanno-ringrazia-salvini-per-lintervento-sullaeroporto\/#primaryimage\",\"url\":\"https:\/\/progettotouring.it\/radiotouring104\/wp-content\/uploads\/sites\/6\/2024\/01\/aereoporto.jpeg\",\"contentUrl\":\"https:\/\/progettotouring.it\/radiotouring104\/wp-content\/uploads\/sites\/6\/2024\/01\/aereoporto.jpeg\",\"width\":450,\"height\":245},{\"@type\":\"BreadcrumbList\",\"@id\":\"https:\/\/progettotouring.it\/radiotouring104\/2024\/01\/20\/reggio-calabria-saccomanno-ringrazia-salvini-per-lintervento-sullaeroporto\/#breadcrumb\",\"itemListElement\":[{\"@type\":\"ListItem\",\"position\":1,\"name\":\"Home\",\"item\":\"https:\/\/progettotouring.it\/radiotouring104\/\"},{\"@type\":\"ListItem\",\"position\":2,\"name\":\"Reggio Calabria: Saccomanno ringrazia Salvini per l&#8217;intervento sull&#8217;Aeroporto\"}]},{\"@type\":\"WebSite\",\"@id\":\"https:\/\/progettotouring.it\/radiotouring104\/#website\",\"url\":\"https:\/\/progettotouring.it\/radiotouring104\/\",\"name\":\"Radio Touring 104\",\"description\":\"La prima radio Reggina\",\"publisher\":{\"@id\":\"https:\/\/progettotouring.it\/radiotouring104\/#organization\"},\"potentialAction\":[{\"@type\":\"SearchAction\",\"target\":{\"@type\":\"EntryPoint\",\"urlTemplate\":\"https:\/\/progettotouring.it\/radiotouring104\/?s={search_term_string}\"},\"query-input\":{\"@type\":\"PropertyValueSpecification\",\"valueRequired\":true,\"valueName\":\"search_term_string\"}}],\"inLanguage\":\"it-IT\"},{\"@type\":\"Organization\",\"@id\":\"https:\/\/progettotouring.it\/radiotouring104\/#organization\",\"name\":\"Radio Touring 104\",\"url\":\"https:\/\/progettotouring.it\/radiotouring104\/\",\"logo\":{\"@type\":\"ImageObject\",\"inLanguage\":\"it-IT\",\"@id\":\"https:\/\/progettotouring.it\/radiotouring104\/#\/schema\/logo\/image\/\",\"url\":\"https:\/\/progettotouring.it\/radiotouring104\/wp-content\/uploads\/sites\/6\/2022\/02\/cropped-logo-radio-touring-104.png\",\"contentUrl\":\"https:\/\/progettotouring.it\/radiotouring104\/wp-content\/uploads\/sites\/6\/2022\/02\/cropped-logo-radio-touring-104.png\",\"width\":377,\"height\":182,\"caption\":\"Radio Touring 104\"},\"image\":{\"@id\":\"https:\/\/progettotouring.it\/radiotouring104\/#\/schema\/logo\/image\/\"}},{\"@type\":\"Person\",\"@id\":\"https:\/\/progettotouring.it\/radiotouring104\/#\/schema\/person\/4a82259ca52ac8702ad1a8f9e5a3120b\",\"name\":\"Filippo Francesco Idone\",\"image\":{\"@type\":\"ImageObject\",\"inLanguage\":\"it-IT\",\"@id\":\"https:\/\/secure.gravatar.com\/avatar\/7268715d2366395c3dd314385670e6484117d44f5c442e61e230f7008b7b62d3?s=96&d=mm&r=g\",\"url\":\"https:\/\/secure.gravatar.com\/avatar\/7268715d2366395c3dd314385670e6484117d44f5c442e61e230f7008b7b62d3?s=96&d=mm&r=g\",\"contentUrl\":\"https:\/\/secure.gravatar.com\/avatar\/7268715d2366395c3dd314385670e6484117d44f5c442e61e230f7008b7b62d3?s=96&d=mm&r=g\",\"caption\":\"Filippo Francesco Idone\"},\"url\":\"https:\/\/progettotouring.it\/radiotouring104\/author\/filippoidone\/\"}]}<\/script>\n<!-- \/ Yoast SEO plugin. -->","yoast_head_json":{"title":"Reggio Calabria: Saccomanno ringrazia Salvini per l'intervento sull'Aeroporto - Radio Touring 104","description":"Saccomanno, Commissario della Lega Calabria, ha ringraziato il Vicepremier Salvini per le opere di miglioria per l'Aeroporto reggino","robots":{"index":"index","follow":"follow","max-snippet":"max-snippet:-1","max-image-preview":"max-image-preview:large","max-video-preview":"max-video-preview:-1"},"canonical":"https:\/\/progettotouring.it\/radiotouring104\/2024\/01\/20\/reggio-calabria-saccomanno-ringrazia-salvini-per-lintervento-sullaeroporto\/","og_locale":"it_IT","og_type":"article","og_title":"Reggio Calabria: Saccomanno ringrazia Salvini per l'intervento sull'Aeroporto - Radio Touring 104","og_description":"Saccomanno, Commissario della Lega Calabria, ha ringraziato il Vicepremier Salvini per le opere di miglioria per l'Aeroporto reggino","og_url":"https:\/\/progettotouring.it\/radiotouring104\/2024\/01\/20\/reggio-calabria-saccomanno-ringrazia-salvini-per-lintervento-sullaeroporto\/","og_site_name":"Radio Touring 104","article_published_time":"2024-01-20T11:49:23+00:00","og_image":[{"width":450,"height":245,"url":"https:\/\/progettotouring.it\/radiotouring104\/wp-content\/uploads\/sites\/6\/2024\/01\/aereoporto.jpeg","type":"image\/jpeg"}],"author":"Filippo Francesco Idone","twitter_card":"summary_large_image","twitter_misc":{"Scritto da":"Filippo Francesco Idone","Tempo di lettura stimato":"1 minuto"},"schema":{"@context":"https:\/\/schema.org","@graph":[{"@type":"Article","@id":"https:\/\/progettotouring.it\/radiotouring104\/2024\/01\/20\/reggio-calabria-saccomanno-ringrazia-salvini-per-lintervento-sullaeroporto\/#article","isPartOf":{"@id":"https:\/\/progettotouring.it\/radiotouring104\/2024\/01\/20\/reggio-calabria-saccomanno-ringrazia-salvini-per-lintervento-sullaeroporto\/"},"author":{"name":"Filippo Francesco Idone","@id":"https:\/\/progettotouring.it\/radiotouring104\/#\/schema\/person\/4a82259ca52ac8702ad1a8f9e5a3120b"},"headline":"Reggio Calabria: Saccomanno ringrazia Salvini per l&#8217;intervento sull&#8217;Aeroporto","datePublished":"2024-01-20T11:49:23+00:00","mainEntityOfPage":{"@id":"https:\/\/progettotouring.it\/radiotouring104\/2024\/01\/20\/reggio-calabria-saccomanno-ringrazia-salvini-per-lintervento-sullaeroporto\/"},"wordCount":264,"publisher":{"@id":"https:\/\/progettotouring.it\/radiotouring104\/#organization"},"image":{"@id":"https:\/\/progettotouring.it\/radiotouring104\/2024\/01\/20\/reggio-calabria-saccomanno-ringrazia-salvini-per-lintervento-sullaeroporto\/#primaryimage"},"thumbnailUrl":"https:\/\/progettotouring.it\/radiotouring104\/wp-content\/uploads\/sites\/6\/2024\/01\/aereoporto.jpeg","keywords":["aereoporto","Saccomanno","salvini"],"articleSection":["Home","News","Politica","Reggio Calabria"],"inLanguage":"it-IT"},{"@type":"WebPage","@id":"https:\/\/progettotouring.it\/radiotouring104\/2024\/01\/20\/reggio-calabria-saccomanno-ringrazia-salvini-per-lintervento-sullaeroporto\/","url":"https:\/\/progettotouring.it\/radiotouring104\/2024\/01\/20\/reggio-calabria-saccomanno-ringrazia-salvini-per-lintervento-sullaeroporto\/","name":"Reggio Calabria: Saccomanno ringrazia Salvini per l'intervento sull'Aeroporto - Radio Touring 104","isPartOf":{"@id":"https:\/\/progettotouring.it\/radiotouring104\/#website"},"primaryImageOfPage":{"@id":"https:\/\/progettotouring.it\/radiotouring104\/2024\/01\/20\/reggio-calabria-saccomanno-ringrazia-salvini-per-lintervento-sullaeroporto\/#primaryimage"},"image":{"@id":"https:\/\/progettotouring.it\/radiotouring104\/2024\/01\/20\/reggio-calabria-saccomanno-ringrazia-salvini-per-lintervento-sullaeroporto\/#primaryimage"},"thumbnailUrl":"https:\/\/progettotouring.it\/radiotouring104\/wp-content\/uploads\/sites\/6\/2024\/01\/aereoporto.jpeg","datePublished":"2024-01-20T11:49:23+00:00","description":"Saccomanno, Commissario della Lega Calabria, ha ringraziato il Vicepremier Salvini per le opere di miglioria per l'Aeroporto reggino","breadcrumb":{"@id":"https:\/\/progettotouring.it\/radiotouring104\/2024\/01\/20\/reggio-calabria-saccomanno-ringrazia-salvini-per-lintervento-sullaeroporto\/#breadcrumb"},"inLanguage":"it-IT","potentialAction":[{"@type":"ReadAction","target":["https:\/\/progettotouring.it\/radiotouring104\/2024\/01\/20\/reggio-calabria-saccomanno-ringrazia-salvini-per-lintervento-sullaeroporto\/"]}]},{"@type":"ImageObject","inLanguage":"it-IT","@id":"https:\/\/progettotouring.it\/radiotouring104\/2024\/01\/20\/reggio-calabria-saccomanno-ringrazia-salvini-per-lintervento-sullaeroporto\/#primaryimage","url":"https:\/\/progettotouring.it\/radiotouring104\/wp-content\/uploads\/sites\/6\/2024\/01\/aereoporto.jpeg","contentUrl":"https:\/\/progettotouring.it\/radiotouring104\/wp-content\/uploads\/sites\/6\/2024\/01\/aereoporto.jpeg","width":450,"height":245},{"@type":"BreadcrumbList","@id":"https:\/\/progettotouring.it\/radiotouring104\/2024\/01\/20\/reggio-calabria-saccomanno-ringrazia-salvini-per-lintervento-sullaeroporto\/#breadcrumb","itemListElement":[{"@type":"ListItem","position":1,"name":"Home","item":"https:\/\/progettotouring.it\/radiotouring104\/"},{"@type":"ListItem","position":2,"name":"Reggio Calabria: Saccomanno ringrazia Salvini per l&#8217;intervento sull&#8217;Aeroporto"}]},{"@type":"WebSite","@id":"https:\/\/progettotouring.it\/radiotouring104\/#website","url":"https:\/\/progettotouring.it\/radiotouring104\/","name":"Radio Touring 104","description":"La prima radio Reggina","publisher":{"@id":"https:\/\/progettotouring.it\/radiotouring104\/#organization"},"potentialAction":[{"@type":"SearchAction","target":{"@type":"EntryPoint","urlTemplate":"https:\/\/progettotouring.it\/radiotouring104\/?s={search_term_string}"},"query-input":{"@type":"PropertyValueSpecification","valueRequired":true,"valueName":"search_term_string"}}],"inLanguage":"it-IT"},{"@type":"Organization","@id":"https:\/\/progettotouring.it\/radiotouring104\/#organization","name":"Radio Touring 104","url":"https:\/\/progettotouring.it\/radiotouring104\/","logo":{"@type":"ImageObject","inLanguage":"it-IT","@id":"https:\/\/progettotouring.it\/radiotouring104\/#\/schema\/logo\/image\/","url":"https:\/\/progettotouring.it\/radiotouring104\/wp-content\/uploads\/sites\/6\/2022\/02\/cropped-logo-radio-touring-104.png","contentUrl":"https:\/\/progettotouring.it\/radiotouring104\/wp-content\/uploads\/sites\/6\/2022\/02\/cropped-logo-radio-touring-104.png","width":377,"height":182,"caption":"Radio Touring 104"},"image":{"@id":"https:\/\/progettotouring.it\/radiotouring104\/#\/schema\/logo\/image\/"}},{"@type":"Person","@id":"https:\/\/progettotouring.it\/radiotouring104\/#\/schema\/person\/4a82259ca52ac8702ad1a8f9e5a3120b","name":"Filippo Francesco Idone","image":{"@type":"ImageObject","inLanguage":"it-IT","@id":"https:\/\/secure.gravatar.com\/avatar\/7268715d2366395c3dd314385670e6484117d44f5c442e61e230f7008b7b62d3?s=96&d=mm&r=g","url":"https:\/\/secure.gravatar.com\/avatar\/7268715d2366395c3dd314385670e6484117d44f5c442e61e230f7008b7b62d3?s=96&d=mm&r=g","contentUrl":"https:\/\/secure.gravatar.com\/avatar\/7268715d2366395c3dd314385670e6484117d44f5c442e61e230f7008b7b62d3?s=96&d=mm&r=g","caption":"Filippo Francesco Idone"},"url":"https:\/\/progettotouring.it\/radiotouring104\/author\/filippoidone\/"}]}},"jetpack_publicize_connections":[],"jetpack_featured_media_url":"https:\/\/progettotouring.it\/radiotouring104\/wp-content\/uploads\/sites\/6\/2024\/01\/aereoporto.jpeg","jetpack_sharing_enabled":true,"_links":{"self":[{"href":"https:\/\/progettotouring.it\/radiotouring104\/wp-json\/wp\/v2\/posts\/43070","targetHints":{"allow":["GET"]}}],"collection":[{"href":"https:\/\/progettotouring.it\/radiotouring104\/wp-json\/wp\/v2\/posts"}],"about":[{"href":"https:\/\/progettotouring.it\/radiotouring104\/wp-json\/wp\/v2\/types\/post"}],"author":[{"embeddable":true,"href":"https:\/\/progettotouring.it\/radiotouring104\/wp-json\/wp\/v2\/users\/8"}],"replies":[{"embeddable":true,"href":"https:\/\/progettotouring.it\/radiotouring104\/wp-json\/wp\/v2\/comments?post=43070"}],"version-history":[{"count":1,"href":"https:\/\/progettotouring.it\/radiotouring104\/wp-json\/wp\/v2\/posts\/43070\/revisions"}],"predecessor-version":[{"id":43072,"href":"https:\/\/progettotouring.it\/radiotouring104\/wp-json\/wp\/v2\/posts\/43070\/revisions\/43072"}],"wp:featuredmedia":[{"embeddable":true,"href":"https:\/\/progettotouring.it\/radiotouring104\/wp-json\/wp\/v2\/media\/43071"}],"wp:attachment":[{"href":"https:\/\/progettotouring.it\/radiotouring104\/wp-json\/wp\/v2\/media?parent=43070"}],"wp:term":[{"taxonomy":"category","embeddable":true,"href":"https:\/\/progettotouring.it\/radiotouring104\/wp-json\/wp\/v2\/categories?post=43070"},{"taxonomy":"post_tag","embeddable":true,"href":"https:\/\/progettotouring.it\/radiotouring104\/wp-json\/wp\/v2\/tags?post=43070"}],"curies":[{"name":"wp","href":"https:\/\/api.w.org\/{rel}","templated":true}]}}