{"id":43078,"date":"2024-01-20T16:31:18","date_gmt":"2024-01-20T15:31:18","guid":{"rendered":"https:\/\/progettotouring.it\/radiotouring104\/?p=43078"},"modified":"2024-01-20T16:31:26","modified_gmt":"2024-01-20T15:31:26","slug":"aeroporto-dello-stretto-la-soddisfazione-di-minasi-sono-estremamente-felice-per-le-notizie-che-arrivano-dal-ministero-dei-trasporti","status":"publish","type":"post","link":"https:\/\/progettotouring.it\/radiotouring104\/2024\/01\/20\/aeroporto-dello-stretto-la-soddisfazione-di-minasi-sono-estremamente-felice-per-le-notizie-che-arrivano-dal-ministero-dei-trasporti\/","title":{"rendered":"Aeroporto dello Stretto, la soddisfazione di Minasi: &#8220;Sono estremamente felice per le notizie che arrivano dal Ministero dei Trasporti&#8221;"},"content":{"rendered":"<p style=\"text-align: justify\"><em>&#8220;Sono estremamente felice per le notizie che arrivano dal <strong>Ministero dei Trasporti: per l\u2019Aeroporto di Reggio<\/strong> \u00e8 stata elaborata una nuova procedura di volo per la pista 33, sulla quale <strong>l\u2019Enac<\/strong> ha appena espresso parere positivo, dunque vengono definitamente a cadere le limitazioni che per anni sono state imposte ai piloti che volavano sul <strong>Tito<\/strong> <strong>Minniti<\/strong>, a conferma ulteriore, se ce ne fosse ancora bisogno, che si trattava solo di un vergognoso alibi per legittimare l\u2019immobilismo dell\u2019Infrastruttura&#8221;. <\/em>La Senatrice della<strong> Lega, Tilde Minasi,<\/strong> interviene sulla nota con cui il Mit ha reso noto l\u2019ok di Enac alla nuova procedura chiamata Required Navigation Performance Authorization Required, grazie alla quale potr\u00e0 essere ampliata la rosa di vettori abilitati a operare sull\u2019aeroporto reggino.<\/p>\n<p style=\"text-align: justify\">&#8220;<em>La <strong>Lega<\/strong> ha mantenuto un\u2019altra promessa, come ha gi\u00e0 avuto modo di dire il Ministro Salvini, peraltro su una materia di vitale importanza per il nostro territorio. Ne sono ancora pi\u00f9 orgogliosa perch\u00e9 ero stata proprio io a mettere gli enti competenti di fronte alle loro responsabilit\u00e0, quando lo scorso luglio, per un incendio che aveva costretto alla chiusura l\u2019aeroporto di <strong>Catania<\/strong>, molti voli erano stati dirottati su <strong>Reggio<\/strong>, nonostante le consolidate limitazioni di operativit\u00e0 dello stesso scalo, giustificate da sempre con ragioni di sicurezza. Quegli eventi casuali avevano, dunque, dimostrato come le limitazioni applicate al nostro Aeroporto non fossero che un alibi, forse per bloccare la crescita dell\u2019Infrastruttura a favore di altri territori, dunque avevo subito sottoposto la questione al Ministro Salvini, che immediatamente si era attivato, convocando, in 24 ore, un tavolo tecnico con Enac, <strong>Enav<\/strong> e <strong>Sacal<\/strong> per chiedere loro conto di quanto stesse accadendo e trovare finalmente una soluzione&#8221;.<\/em><\/p>\n<p style=\"text-align: justify\"><em>&#8220;Da l\u00ec tutto \u00e8 partito e, adesso, dopo che la nuova procedura di volo sar\u00e0 pubblicata sulle documentazioni operative delle compagnie aeree e previa formazione dei piloti con simulatore, seguendo ovviamente i rigidi protocolli di cui ha parlato lo stesso Salvini perch\u00e9 sia garantita la massima sicurezza di passeggeri e operatori, il Tito Minniti potr\u00e0 finalmente \u201cdecollare\u201d, anche grazie all\u2019impegno della <strong>Regione<\/strong> <strong>Calabria<\/strong> che sta sostenendo economicamente l\u2019attivazione di nuove tratte. Non posso, dunque, che ringraziare il Ministro per la sua sollecitudine nel rispondere allora alle mie sollecitazioni e nell\u2019intervenire a strettissimo giro, mostrando, peraltro, ancora una volta, di credere in noi, nella nostra <strong>Calabria<\/strong>, nella nostra <strong>Reggio<\/strong>, pi\u00f9 di qualunque altro predecessore, e smentendo definitivamente chi, ancora in questi giorni, continua a parlare a sproposito di una <strong>Lega<\/strong> nord-centrica e di un governo che, con l\u2019autonomia differenziata e con le loro politiche, deprederebbero il <strong>Sud<\/strong> a favore del <strong>Nord&#8221;<\/strong>.<\/em><\/p>\n<p style=\"text-align: justify\"><em>&#8220;L\u2019impegno e i risultati sull\u2019Aeroporto di Reggio sono la pi\u00f9 chiara dimostrazione del contrario, proprio la Lega sta riuscendo l\u00ec dove nessun altro partito, che si predicava paladino dei nostri interessi, era finora riuscito. Non bastano le parole, a parlare sono i fatti. E i fatti, anche in questo caso, ci danno ragione, confermando la bont\u00e0 del nostro lavoro a favore di <strong>Reggio<\/strong> e della <strong>Calabria<\/strong>!&#8221;.<\/em><\/p>\n","protected":false},"excerpt":{"rendered":"<p>&#8220;Sono estremamente felice per le notizie che arrivano dal Ministero dei Trasporti: per l\u2019Aeroporto di Reggio \u00e8 stata elaborata una nuova procedura di volo per la pista 33, sulla quale&hellip;<\/p>\n","protected":false},"author":8,"featured_media":10212,"comment_status":"closed","ping_status":"open","sticky":false,"template":"","format":"standard","meta":{"_jetpack_memberships_contains_paid_content":false,"footnotes":"","jetpack_publicize_message":"","jetpack_publicize_feature_enabled":true,"jetpack_social_post_already_shared":false,"jetpack_social_options":{"image_generator_settings":{"template":"highway","default_image_id":0,"font":"","enabled":false},"version":2}},"categories":[921,196,195,140],"tags":[4776,5993,1412],"class_list":["post-43078","post","type-post","status-publish","format-standard","has-post-thumbnail","hentry","category-home","category-news","category-politica","category-reggio-calabria","tag-aereoporto-dello-stretto","tag-lega","tag-tilde-minasi"],"yoast_head":"<!-- This site is optimized with the Yoast SEO plugin v27.2 - https:\/\/yoast.com\/product\/yoast-seo-wordpress\/ -->\n<title>Aeroporto dello Stretto, la soddisfazione di Minasi: &quot;Sono estremamente felice per le notizie che arrivano dal Ministero dei Trasporti&quot; - Radio Touring 104<\/title>\n<meta name=\"description\" content=\"La Senatrice Minasi ha parlato del Mit che ha reso noto l\u2019ok da parte di Enac per la nuova procedura riguardante l&#039;Aeroporto dello Stretto\" \/>\n<meta name=\"robots\" content=\"index, follow, max-snippet:-1, max-image-preview:large, max-video-preview:-1\" \/>\n<link rel=\"canonical\" href=\"https:\/\/progettotouring.it\/radiotouring104\/2024\/01\/20\/aeroporto-dello-stretto-la-soddisfazione-di-minasi-sono-estremamente-felice-per-le-notizie-che-arrivano-dal-ministero-dei-trasporti\/\" \/>\n<meta property=\"og:locale\" content=\"it_IT\" \/>\n<meta property=\"og:type\" content=\"article\" \/>\n<meta property=\"og:title\" content=\"Aeroporto dello Stretto, la soddisfazione di Minasi: &quot;Sono estremamente felice per le notizie che arrivano dal Ministero dei Trasporti&quot; - Radio Touring 104\" \/>\n<meta property=\"og:description\" content=\"La Senatrice Minasi ha parlato del Mit che ha reso noto l\u2019ok da parte di Enac per la nuova procedura riguardante l&#039;Aeroporto dello Stretto\" \/>\n<meta property=\"og:url\" content=\"https:\/\/progettotouring.it\/radiotouring104\/2024\/01\/20\/aeroporto-dello-stretto-la-soddisfazione-di-minasi-sono-estremamente-felice-per-le-notizie-che-arrivano-dal-ministero-dei-trasporti\/\" \/>\n<meta property=\"og:site_name\" content=\"Radio Touring 104\" \/>\n<meta property=\"article:published_time\" content=\"2024-01-20T15:31:18+00:00\" \/>\n<meta property=\"article:modified_time\" content=\"2024-01-20T15:31:26+00:00\" \/>\n<meta property=\"og:image\" content=\"https:\/\/progettotouring.it\/radiotouring104\/wp-content\/uploads\/sites\/6\/2022\/10\/tilde-minasi.jpg\" \/>\n\t<meta property=\"og:image:width\" content=\"932\" \/>\n\t<meta property=\"og:image:height\" content=\"716\" \/>\n\t<meta property=\"og:image:type\" content=\"image\/jpeg\" \/>\n<meta name=\"author\" content=\"Filippo Francesco Idone\" \/>\n<meta name=\"twitter:card\" content=\"summary_large_image\" \/>\n<meta name=\"twitter:label1\" content=\"Scritto da\" \/>\n\t<meta name=\"twitter:data1\" content=\"Filippo Francesco Idone\" \/>\n\t<meta name=\"twitter:label2\" content=\"Tempo di lettura stimato\" \/>\n\t<meta name=\"twitter:data2\" content=\"3 minuti\" \/>\n<script type=\"application\/ld+json\" class=\"yoast-schema-graph\">{\"@context\":\"https:\/\/schema.org\",\"@graph\":[{\"@type\":\"Article\",\"@id\":\"https:\/\/progettotouring.it\/radiotouring104\/2024\/01\/20\/aeroporto-dello-stretto-la-soddisfazione-di-minasi-sono-estremamente-felice-per-le-notizie-che-arrivano-dal-ministero-dei-trasporti\/#article\",\"isPartOf\":{\"@id\":\"https:\/\/progettotouring.it\/radiotouring104\/2024\/01\/20\/aeroporto-dello-stretto-la-soddisfazione-di-minasi-sono-estremamente-felice-per-le-notizie-che-arrivano-dal-ministero-dei-trasporti\/\"},\"author\":{\"name\":\"Filippo Francesco Idone\",\"@id\":\"https:\/\/progettotouring.it\/radiotouring104\/#\/schema\/person\/4a82259ca52ac8702ad1a8f9e5a3120b\"},\"headline\":\"Aeroporto dello Stretto, la soddisfazione di Minasi: &#8220;Sono estremamente felice per le notizie che arrivano dal Ministero dei Trasporti&#8221;\",\"datePublished\":\"2024-01-20T15:31:18+00:00\",\"dateModified\":\"2024-01-20T15:31:26+00:00\",\"mainEntityOfPage\":{\"@id\":\"https:\/\/progettotouring.it\/radiotouring104\/2024\/01\/20\/aeroporto-dello-stretto-la-soddisfazione-di-minasi-sono-estremamente-felice-per-le-notizie-che-arrivano-dal-ministero-dei-trasporti\/\"},\"wordCount\":519,\"publisher\":{\"@id\":\"https:\/\/progettotouring.it\/radiotouring104\/#organization\"},\"image\":{\"@id\":\"https:\/\/progettotouring.it\/radiotouring104\/2024\/01\/20\/aeroporto-dello-stretto-la-soddisfazione-di-minasi-sono-estremamente-felice-per-le-notizie-che-arrivano-dal-ministero-dei-trasporti\/#primaryimage\"},\"thumbnailUrl\":\"https:\/\/progettotouring.it\/radiotouring104\/wp-content\/uploads\/sites\/6\/2022\/10\/tilde-minasi.jpg\",\"keywords\":[\"aereoporto dello stretto\",\"lega\",\"Tilde Minasi\"],\"articleSection\":[\"Home\",\"News\",\"Politica\",\"Reggio Calabria\"],\"inLanguage\":\"it-IT\"},{\"@type\":\"WebPage\",\"@id\":\"https:\/\/progettotouring.it\/radiotouring104\/2024\/01\/20\/aeroporto-dello-stretto-la-soddisfazione-di-minasi-sono-estremamente-felice-per-le-notizie-che-arrivano-dal-ministero-dei-trasporti\/\",\"url\":\"https:\/\/progettotouring.it\/radiotouring104\/2024\/01\/20\/aeroporto-dello-stretto-la-soddisfazione-di-minasi-sono-estremamente-felice-per-le-notizie-che-arrivano-dal-ministero-dei-trasporti\/\",\"name\":\"Aeroporto dello Stretto, la soddisfazione di Minasi: \\\"Sono estremamente felice per le notizie che arrivano dal Ministero dei Trasporti\\\" - Radio Touring 104\",\"isPartOf\":{\"@id\":\"https:\/\/progettotouring.it\/radiotouring104\/#website\"},\"primaryImageOfPage\":{\"@id\":\"https:\/\/progettotouring.it\/radiotouring104\/2024\/01\/20\/aeroporto-dello-stretto-la-soddisfazione-di-minasi-sono-estremamente-felice-per-le-notizie-che-arrivano-dal-ministero-dei-trasporti\/#primaryimage\"},\"image\":{\"@id\":\"https:\/\/progettotouring.it\/radiotouring104\/2024\/01\/20\/aeroporto-dello-stretto-la-soddisfazione-di-minasi-sono-estremamente-felice-per-le-notizie-che-arrivano-dal-ministero-dei-trasporti\/#primaryimage\"},\"thumbnailUrl\":\"https:\/\/progettotouring.it\/radiotouring104\/wp-content\/uploads\/sites\/6\/2022\/10\/tilde-minasi.jpg\",\"datePublished\":\"2024-01-20T15:31:18+00:00\",\"dateModified\":\"2024-01-20T15:31:26+00:00\",\"description\":\"La Senatrice Minasi ha parlato del Mit che ha reso noto l\u2019ok da parte di Enac per la nuova procedura riguardante l'Aeroporto dello Stretto\",\"breadcrumb\":{\"@id\":\"https:\/\/progettotouring.it\/radiotouring104\/2024\/01\/20\/aeroporto-dello-stretto-la-soddisfazione-di-minasi-sono-estremamente-felice-per-le-notizie-che-arrivano-dal-ministero-dei-trasporti\/#breadcrumb\"},\"inLanguage\":\"it-IT\",\"potentialAction\":[{\"@type\":\"ReadAction\",\"target\":[\"https:\/\/progettotouring.it\/radiotouring104\/2024\/01\/20\/aeroporto-dello-stretto-la-soddisfazione-di-minasi-sono-estremamente-felice-per-le-notizie-che-arrivano-dal-ministero-dei-trasporti\/\"]}]},{\"@type\":\"ImageObject\",\"inLanguage\":\"it-IT\",\"@id\":\"https:\/\/progettotouring.it\/radiotouring104\/2024\/01\/20\/aeroporto-dello-stretto-la-soddisfazione-di-minasi-sono-estremamente-felice-per-le-notizie-che-arrivano-dal-ministero-dei-trasporti\/#primaryimage\",\"url\":\"https:\/\/progettotouring.it\/radiotouring104\/wp-content\/uploads\/sites\/6\/2022\/10\/tilde-minasi.jpg\",\"contentUrl\":\"https:\/\/progettotouring.it\/radiotouring104\/wp-content\/uploads\/sites\/6\/2022\/10\/tilde-minasi.jpg\",\"width\":932,\"height\":716},{\"@type\":\"BreadcrumbList\",\"@id\":\"https:\/\/progettotouring.it\/radiotouring104\/2024\/01\/20\/aeroporto-dello-stretto-la-soddisfazione-di-minasi-sono-estremamente-felice-per-le-notizie-che-arrivano-dal-ministero-dei-trasporti\/#breadcrumb\",\"itemListElement\":[{\"@type\":\"ListItem\",\"position\":1,\"name\":\"Home\",\"item\":\"https:\/\/progettotouring.it\/radiotouring104\/\"},{\"@type\":\"ListItem\",\"position\":2,\"name\":\"Aeroporto dello Stretto, la soddisfazione di Minasi: &#8220;Sono estremamente felice per le notizie che arrivano dal Ministero dei Trasporti&#8221;\"}]},{\"@type\":\"WebSite\",\"@id\":\"https:\/\/progettotouring.it\/radiotouring104\/#website\",\"url\":\"https:\/\/progettotouring.it\/radiotouring104\/\",\"name\":\"Radio Touring 104\",\"description\":\"La prima radio Reggina\",\"publisher\":{\"@id\":\"https:\/\/progettotouring.it\/radiotouring104\/#organization\"},\"potentialAction\":[{\"@type\":\"SearchAction\",\"target\":{\"@type\":\"EntryPoint\",\"urlTemplate\":\"https:\/\/progettotouring.it\/radiotouring104\/?s={search_term_string}\"},\"query-input\":{\"@type\":\"PropertyValueSpecification\",\"valueRequired\":true,\"valueName\":\"search_term_string\"}}],\"inLanguage\":\"it-IT\"},{\"@type\":\"Organization\",\"@id\":\"https:\/\/progettotouring.it\/radiotouring104\/#organization\",\"name\":\"Radio Touring 104\",\"url\":\"https:\/\/progettotouring.it\/radiotouring104\/\",\"logo\":{\"@type\":\"ImageObject\",\"inLanguage\":\"it-IT\",\"@id\":\"https:\/\/progettotouring.it\/radiotouring104\/#\/schema\/logo\/image\/\",\"url\":\"https:\/\/progettotouring.it\/radiotouring104\/wp-content\/uploads\/sites\/6\/2022\/02\/cropped-logo-radio-touring-104.png\",\"contentUrl\":\"https:\/\/progettotouring.it\/radiotouring104\/wp-content\/uploads\/sites\/6\/2022\/02\/cropped-logo-radio-touring-104.png\",\"width\":377,\"height\":182,\"caption\":\"Radio Touring 104\"},\"image\":{\"@id\":\"https:\/\/progettotouring.it\/radiotouring104\/#\/schema\/logo\/image\/\"}},{\"@type\":\"Person\",\"@id\":\"https:\/\/progettotouring.it\/radiotouring104\/#\/schema\/person\/4a82259ca52ac8702ad1a8f9e5a3120b\",\"name\":\"Filippo Francesco Idone\",\"image\":{\"@type\":\"ImageObject\",\"inLanguage\":\"it-IT\",\"@id\":\"https:\/\/secure.gravatar.com\/avatar\/7268715d2366395c3dd314385670e6484117d44f5c442e61e230f7008b7b62d3?s=96&d=mm&r=g\",\"url\":\"https:\/\/secure.gravatar.com\/avatar\/7268715d2366395c3dd314385670e6484117d44f5c442e61e230f7008b7b62d3?s=96&d=mm&r=g\",\"contentUrl\":\"https:\/\/secure.gravatar.com\/avatar\/7268715d2366395c3dd314385670e6484117d44f5c442e61e230f7008b7b62d3?s=96&d=mm&r=g\",\"caption\":\"Filippo Francesco Idone\"},\"url\":\"https:\/\/progettotouring.it\/radiotouring104\/author\/filippoidone\/\"}]}<\/script>\n<!-- \/ Yoast SEO plugin. -->","yoast_head_json":{"title":"Aeroporto dello Stretto, la soddisfazione di Minasi: \"Sono estremamente felice per le notizie che arrivano dal Ministero dei Trasporti\" - Radio Touring 104","description":"La Senatrice Minasi ha parlato del Mit che ha reso noto l\u2019ok da parte di Enac per la nuova procedura riguardante l'Aeroporto dello Stretto","robots":{"index":"index","follow":"follow","max-snippet":"max-snippet:-1","max-image-preview":"max-image-preview:large","max-video-preview":"max-video-preview:-1"},"canonical":"https:\/\/progettotouring.it\/radiotouring104\/2024\/01\/20\/aeroporto-dello-stretto-la-soddisfazione-di-minasi-sono-estremamente-felice-per-le-notizie-che-arrivano-dal-ministero-dei-trasporti\/","og_locale":"it_IT","og_type":"article","og_title":"Aeroporto dello Stretto, la soddisfazione di Minasi: \"Sono estremamente felice per le notizie che arrivano dal Ministero dei Trasporti\" - Radio Touring 104","og_description":"La Senatrice Minasi ha parlato del Mit che ha reso noto l\u2019ok da parte di Enac per la nuova procedura riguardante l'Aeroporto dello Stretto","og_url":"https:\/\/progettotouring.it\/radiotouring104\/2024\/01\/20\/aeroporto-dello-stretto-la-soddisfazione-di-minasi-sono-estremamente-felice-per-le-notizie-che-arrivano-dal-ministero-dei-trasporti\/","og_site_name":"Radio Touring 104","article_published_time":"2024-01-20T15:31:18+00:00","article_modified_time":"2024-01-20T15:31:26+00:00","og_image":[{"width":932,"height":716,"url":"https:\/\/progettotouring.it\/radiotouring104\/wp-content\/uploads\/sites\/6\/2022\/10\/tilde-minasi.jpg","type":"image\/jpeg"}],"author":"Filippo Francesco Idone","twitter_card":"summary_large_image","twitter_misc":{"Scritto da":"Filippo Francesco Idone","Tempo di lettura stimato":"3 minuti"},"schema":{"@context":"https:\/\/schema.org","@graph":[{"@type":"Article","@id":"https:\/\/progettotouring.it\/radiotouring104\/2024\/01\/20\/aeroporto-dello-stretto-la-soddisfazione-di-minasi-sono-estremamente-felice-per-le-notizie-che-arrivano-dal-ministero-dei-trasporti\/#article","isPartOf":{"@id":"https:\/\/progettotouring.it\/radiotouring104\/2024\/01\/20\/aeroporto-dello-stretto-la-soddisfazione-di-minasi-sono-estremamente-felice-per-le-notizie-che-arrivano-dal-ministero-dei-trasporti\/"},"author":{"name":"Filippo Francesco Idone","@id":"https:\/\/progettotouring.it\/radiotouring104\/#\/schema\/person\/4a82259ca52ac8702ad1a8f9e5a3120b"},"headline":"Aeroporto dello Stretto, la soddisfazione di Minasi: &#8220;Sono estremamente felice per le notizie che arrivano dal Ministero dei Trasporti&#8221;","datePublished":"2024-01-20T15:31:18+00:00","dateModified":"2024-01-20T15:31:26+00:00","mainEntityOfPage":{"@id":"https:\/\/progettotouring.it\/radiotouring104\/2024\/01\/20\/aeroporto-dello-stretto-la-soddisfazione-di-minasi-sono-estremamente-felice-per-le-notizie-che-arrivano-dal-ministero-dei-trasporti\/"},"wordCount":519,"publisher":{"@id":"https:\/\/progettotouring.it\/radiotouring104\/#organization"},"image":{"@id":"https:\/\/progettotouring.it\/radiotouring104\/2024\/01\/20\/aeroporto-dello-stretto-la-soddisfazione-di-minasi-sono-estremamente-felice-per-le-notizie-che-arrivano-dal-ministero-dei-trasporti\/#primaryimage"},"thumbnailUrl":"https:\/\/progettotouring.it\/radiotouring104\/wp-content\/uploads\/sites\/6\/2022\/10\/tilde-minasi.jpg","keywords":["aereoporto dello stretto","lega","Tilde Minasi"],"articleSection":["Home","News","Politica","Reggio Calabria"],"inLanguage":"it-IT"},{"@type":"WebPage","@id":"https:\/\/progettotouring.it\/radiotouring104\/2024\/01\/20\/aeroporto-dello-stretto-la-soddisfazione-di-minasi-sono-estremamente-felice-per-le-notizie-che-arrivano-dal-ministero-dei-trasporti\/","url":"https:\/\/progettotouring.it\/radiotouring104\/2024\/01\/20\/aeroporto-dello-stretto-la-soddisfazione-di-minasi-sono-estremamente-felice-per-le-notizie-che-arrivano-dal-ministero-dei-trasporti\/","name":"Aeroporto dello Stretto, la soddisfazione di Minasi: \"Sono estremamente felice per le notizie che arrivano dal Ministero dei Trasporti\" - Radio Touring 104","isPartOf":{"@id":"https:\/\/progettotouring.it\/radiotouring104\/#website"},"primaryImageOfPage":{"@id":"https:\/\/progettotouring.it\/radiotouring104\/2024\/01\/20\/aeroporto-dello-stretto-la-soddisfazione-di-minasi-sono-estremamente-felice-per-le-notizie-che-arrivano-dal-ministero-dei-trasporti\/#primaryimage"},"image":{"@id":"https:\/\/progettotouring.it\/radiotouring104\/2024\/01\/20\/aeroporto-dello-stretto-la-soddisfazione-di-minasi-sono-estremamente-felice-per-le-notizie-che-arrivano-dal-ministero-dei-trasporti\/#primaryimage"},"thumbnailUrl":"https:\/\/progettotouring.it\/radiotouring104\/wp-content\/uploads\/sites\/6\/2022\/10\/tilde-minasi.jpg","datePublished":"2024-01-20T15:31:18+00:00","dateModified":"2024-01-20T15:31:26+00:00","description":"La Senatrice Minasi ha parlato del Mit che ha reso noto l\u2019ok da parte di Enac per la nuova procedura riguardante l'Aeroporto dello Stretto","breadcrumb":{"@id":"https:\/\/progettotouring.it\/radiotouring104\/2024\/01\/20\/aeroporto-dello-stretto-la-soddisfazione-di-minasi-sono-estremamente-felice-per-le-notizie-che-arrivano-dal-ministero-dei-trasporti\/#breadcrumb"},"inLanguage":"it-IT","potentialAction":[{"@type":"ReadAction","target":["https:\/\/progettotouring.it\/radiotouring104\/2024\/01\/20\/aeroporto-dello-stretto-la-soddisfazione-di-minasi-sono-estremamente-felice-per-le-notizie-che-arrivano-dal-ministero-dei-trasporti\/"]}]},{"@type":"ImageObject","inLanguage":"it-IT","@id":"https:\/\/progettotouring.it\/radiotouring104\/2024\/01\/20\/aeroporto-dello-stretto-la-soddisfazione-di-minasi-sono-estremamente-felice-per-le-notizie-che-arrivano-dal-ministero-dei-trasporti\/#primaryimage","url":"https:\/\/progettotouring.it\/radiotouring104\/wp-content\/uploads\/sites\/6\/2022\/10\/tilde-minasi.jpg","contentUrl":"https:\/\/progettotouring.it\/radiotouring104\/wp-content\/uploads\/sites\/6\/2022\/10\/tilde-minasi.jpg","width":932,"height":716},{"@type":"BreadcrumbList","@id":"https:\/\/progettotouring.it\/radiotouring104\/2024\/01\/20\/aeroporto-dello-stretto-la-soddisfazione-di-minasi-sono-estremamente-felice-per-le-notizie-che-arrivano-dal-ministero-dei-trasporti\/#breadcrumb","itemListElement":[{"@type":"ListItem","position":1,"name":"Home","item":"https:\/\/progettotouring.it\/radiotouring104\/"},{"@type":"ListItem","position":2,"name":"Aeroporto dello Stretto, la soddisfazione di Minasi: &#8220;Sono estremamente felice per le notizie che arrivano dal Ministero dei Trasporti&#8221;"}]},{"@type":"WebSite","@id":"https:\/\/progettotouring.it\/radiotouring104\/#website","url":"https:\/\/progettotouring.it\/radiotouring104\/","name":"Radio Touring 104","description":"La prima radio Reggina","publisher":{"@id":"https:\/\/progettotouring.it\/radiotouring104\/#organization"},"potentialAction":[{"@type":"SearchAction","target":{"@type":"EntryPoint","urlTemplate":"https:\/\/progettotouring.it\/radiotouring104\/?s={search_term_string}"},"query-input":{"@type":"PropertyValueSpecification","valueRequired":true,"valueName":"search_term_string"}}],"inLanguage":"it-IT"},{"@type":"Organization","@id":"https:\/\/progettotouring.it\/radiotouring104\/#organization","name":"Radio Touring 104","url":"https:\/\/progettotouring.it\/radiotouring104\/","logo":{"@type":"ImageObject","inLanguage":"it-IT","@id":"https:\/\/progettotouring.it\/radiotouring104\/#\/schema\/logo\/image\/","url":"https:\/\/progettotouring.it\/radiotouring104\/wp-content\/uploads\/sites\/6\/2022\/02\/cropped-logo-radio-touring-104.png","contentUrl":"https:\/\/progettotouring.it\/radiotouring104\/wp-content\/uploads\/sites\/6\/2022\/02\/cropped-logo-radio-touring-104.png","width":377,"height":182,"caption":"Radio Touring 104"},"image":{"@id":"https:\/\/progettotouring.it\/radiotouring104\/#\/schema\/logo\/image\/"}},{"@type":"Person","@id":"https:\/\/progettotouring.it\/radiotouring104\/#\/schema\/person\/4a82259ca52ac8702ad1a8f9e5a3120b","name":"Filippo Francesco Idone","image":{"@type":"ImageObject","inLanguage":"it-IT","@id":"https:\/\/secure.gravatar.com\/avatar\/7268715d2366395c3dd314385670e6484117d44f5c442e61e230f7008b7b62d3?s=96&d=mm&r=g","url":"https:\/\/secure.gravatar.com\/avatar\/7268715d2366395c3dd314385670e6484117d44f5c442e61e230f7008b7b62d3?s=96&d=mm&r=g","contentUrl":"https:\/\/secure.gravatar.com\/avatar\/7268715d2366395c3dd314385670e6484117d44f5c442e61e230f7008b7b62d3?s=96&d=mm&r=g","caption":"Filippo Francesco Idone"},"url":"https:\/\/progettotouring.it\/radiotouring104\/author\/filippoidone\/"}]}},"jetpack_publicize_connections":[],"jetpack_featured_media_url":"https:\/\/progettotouring.it\/radiotouring104\/wp-content\/uploads\/sites\/6\/2022\/10\/tilde-minasi.jpg","jetpack_sharing_enabled":true,"_links":{"self":[{"href":"https:\/\/progettotouring.it\/radiotouring104\/wp-json\/wp\/v2\/posts\/43078","targetHints":{"allow":["GET"]}}],"collection":[{"href":"https:\/\/progettotouring.it\/radiotouring104\/wp-json\/wp\/v2\/posts"}],"about":[{"href":"https:\/\/progettotouring.it\/radiotouring104\/wp-json\/wp\/v2\/types\/post"}],"author":[{"embeddable":true,"href":"https:\/\/progettotouring.it\/radiotouring104\/wp-json\/wp\/v2\/users\/8"}],"replies":[{"embeddable":true,"href":"https:\/\/progettotouring.it\/radiotouring104\/wp-json\/wp\/v2\/comments?post=43078"}],"version-history":[{"count":2,"href":"https:\/\/progettotouring.it\/radiotouring104\/wp-json\/wp\/v2\/posts\/43078\/revisions"}],"predecessor-version":[{"id":43080,"href":"https:\/\/progettotouring.it\/radiotouring104\/wp-json\/wp\/v2\/posts\/43078\/revisions\/43080"}],"wp:featuredmedia":[{"embeddable":true,"href":"https:\/\/progettotouring.it\/radiotouring104\/wp-json\/wp\/v2\/media\/10212"}],"wp:attachment":[{"href":"https:\/\/progettotouring.it\/radiotouring104\/wp-json\/wp\/v2\/media?parent=43078"}],"wp:term":[{"taxonomy":"category","embeddable":true,"href":"https:\/\/progettotouring.it\/radiotouring104\/wp-json\/wp\/v2\/categories?post=43078"},{"taxonomy":"post_tag","embeddable":true,"href":"https:\/\/progettotouring.it\/radiotouring104\/wp-json\/wp\/v2\/tags?post=43078"}],"curies":[{"name":"wp","href":"https:\/\/api.w.org\/{rel}","templated":true}]}}