{"id":43083,"date":"2024-01-20T16:51:22","date_gmt":"2024-01-20T15:51:22","guid":{"rendered":"https:\/\/progettotouring.it\/radiotouring104\/?p=43083"},"modified":"2024-01-20T21:03:35","modified_gmt":"2024-01-20T20:03:35","slug":"trebisacce-laccademia-musicale-gustav-mahler-terra-un-un-concerto-convegno","status":"publish","type":"post","link":"https:\/\/progettotouring.it\/radiotouring104\/2024\/01\/20\/trebisacce-laccademia-musicale-gustav-mahler-terra-un-un-concerto-convegno\/","title":{"rendered":"Trebisacce: l\u2019Accademia Musicale Gustav Mahler terr\u00e0 un un concerto-convegno"},"content":{"rendered":"<p class=\"xmprfx_MsoNormal\" style=\"text-align: justify\"><strong>\u201cGiovani, musica e futuro &#8211; Raccontare la realt\u00e0 con le note\u201d:<\/strong> \u00e8 questo il titolo del concerto-convegno dedicato al mondo e alla cultura della musica, organizzato <strong>dall\u2019Accademia Musicale Gustav Mahler,<\/strong> che si terr\u00e0 domenica 21 gennaio alle ore 18.00 presso l\u2019auditorium<strong> La Fornace di Trebisacce<\/strong>. Un evento, quello posto in essere dalla prestigiosa Accademia Gustav Mahler, diretta dal Maestro Francesco Martino, che si pone come obiettivo, ancora una volta, quello di puntare i riflettori sul mondo della musica, sulla valenza educativa, sociale e comunicativa che ad essa appartiene e che gli \u00e8 propria, senza dimenticare l\u2019importanza professionale che un percorso musicale assegna a chi \u00e8 capace di trasformare una passione in un percorso lavorativo. L\u2019evento si comporr\u00e0 di due distinti ma interconnessi momenti.<\/p>\n<p class=\"xmprfx_MsoNormal\" style=\"text-align: justify\">La serata si aprir\u00e0 con una prima fase convegnista, durante la quale con il contribuito di illustri esperti dell\u2019universo della musica (Tra i quali il Maestro Valentina Currenti, Direttore <strong>Conservatorio Statale<\/strong> <strong>Tchaikovsky<\/strong> di Nocera Terinese, il Maestro Antonella Barbarossa, Ordinario di Pianoforte presso il Conservatorio di Musica \u201cStanislao Giacomantonio di Cosenza e gi\u00e0 Direttore del Conservatorio \u201cFausto Torrefranca di Vibo Valenia, il Maestro Filippo Arlia Ordinario di Pianoforte e fondatore del <strong>Conservatorio Statale<\/strong> <strong>Tchaikovsky<\/strong> di Nocera Terinese, il Maestro Francesco Perri Direttore del Conservatorio di Musica \u201cStanislao Giacomantonio\u201d di Cosenza, Loredana Giannicola, Provveditore agli Studi della provincia di Cosenza) si discuter\u00e0, con leggerezza calviniana, del ruolo della musica nella societ\u00e0 moderna. Dopo gli interventi degli ospiti sar\u00e0 la musica a parlare, attraverso note, suoni, melodie in un concerto dai brani evocativi. L\u2019iniziativa, forte del patrocinio del Comune di <strong>Trebisacce<\/strong>, oltre a celebrare l\u2019apertura dell\u2019Anno accademico 2024 dell\u2019Accademia Musicale Gustav Mahler e la nascita del sodalizio con il <strong>Conservatorio Statale Tchaikovsky<\/strong>, conferma l\u2019impegno dell\u2019importante realt\u00e0 ionica, finalizzata alla crescita della Cultura della Musica in Calabria.<\/p>\n","protected":false},"excerpt":{"rendered":"<p>\u201cGiovani, musica e futuro &#8211; Raccontare la realt\u00e0 con le note\u201d: \u00e8 questo il titolo del concerto-convegno dedicato al mondo e alla cultura della musica, organizzato dall\u2019Accademia Musicale Gustav Mahler,&hellip;<\/p>\n","protected":false},"author":8,"featured_media":43084,"comment_status":"closed","ping_status":"open","sticky":false,"template":"","format":"standard","meta":{"_jetpack_memberships_contains_paid_content":false,"footnotes":"","jetpack_publicize_message":"","jetpack_publicize_feature_enabled":true,"jetpack_social_post_already_shared":false,"jetpack_social_options":{"image_generator_settings":{"template":"highway","default_image_id":0,"font":"","enabled":false},"version":2}},"categories":[142,921,196,147],"tags":[26554,26553,5212],"class_list":["post-43083","post","type-post","status-publish","format-standard","has-post-thumbnail","hentry","category-calabria","category-home","category-news","category-spettacoli","tag-accademia-musicale-gustav-mahler","tag-conservatorio-statale-tchaikovsky","tag-trebisacce"],"yoast_head":"<!-- This site is optimized with the Yoast SEO plugin v27.2 - https:\/\/yoast.com\/product\/yoast-seo-wordpress\/ -->\n<title>Trebisacce: l\u2019Accademia Musicale Gustav Mahler terr\u00e0 un un concerto-convegno - Radio Touring 104<\/title>\n<meta name=\"description\" content=\"L\u2019Accademia Musicale Gustav Mahler terr\u00e0 presso l\u2019auditorium La Fornace di Trebisacce un concerto-convegno dedicato alla musica\" \/>\n<meta name=\"robots\" content=\"index, follow, max-snippet:-1, max-image-preview:large, max-video-preview:-1\" \/>\n<link rel=\"canonical\" href=\"https:\/\/progettotouring.it\/radiotouring104\/2024\/01\/20\/trebisacce-laccademia-musicale-gustav-mahler-terra-un-un-concerto-convegno\/\" \/>\n<meta property=\"og:locale\" content=\"it_IT\" \/>\n<meta property=\"og:type\" content=\"article\" \/>\n<meta property=\"og:title\" content=\"Trebisacce: l\u2019Accademia Musicale Gustav Mahler terr\u00e0 un un concerto-convegno - Radio Touring 104\" \/>\n<meta property=\"og:description\" content=\"L\u2019Accademia Musicale Gustav Mahler terr\u00e0 presso l\u2019auditorium La Fornace di Trebisacce un concerto-convegno dedicato alla musica\" \/>\n<meta property=\"og:url\" content=\"https:\/\/progettotouring.it\/radiotouring104\/2024\/01\/20\/trebisacce-laccademia-musicale-gustav-mahler-terra-un-un-concerto-convegno\/\" \/>\n<meta property=\"og:site_name\" content=\"Radio Touring 104\" \/>\n<meta property=\"article:published_time\" content=\"2024-01-20T15:51:22+00:00\" \/>\n<meta property=\"article:modified_time\" content=\"2024-01-20T20:03:35+00:00\" \/>\n<meta property=\"og:image\" content=\"https:\/\/progettotouring.it\/radiotouring104\/wp-content\/uploads\/sites\/6\/2024\/01\/ACCADEMIA-MUSICALE-GUSTAV-MAHLER.jpg\" \/>\n\t<meta property=\"og:image:width\" content=\"2048\" \/>\n\t<meta property=\"og:image:height\" content=\"2048\" \/>\n\t<meta property=\"og:image:type\" content=\"image\/jpeg\" \/>\n<meta name=\"author\" content=\"Filippo Francesco Idone\" \/>\n<meta name=\"twitter:card\" content=\"summary_large_image\" \/>\n<meta name=\"twitter:label1\" content=\"Scritto da\" \/>\n\t<meta name=\"twitter:data1\" content=\"Filippo Francesco Idone\" \/>\n\t<meta name=\"twitter:label2\" content=\"Tempo di lettura stimato\" \/>\n\t<meta name=\"twitter:data2\" content=\"2 minuti\" \/>\n<script type=\"application\/ld+json\" class=\"yoast-schema-graph\">{\"@context\":\"https:\/\/schema.org\",\"@graph\":[{\"@type\":\"Article\",\"@id\":\"https:\/\/progettotouring.it\/radiotouring104\/2024\/01\/20\/trebisacce-laccademia-musicale-gustav-mahler-terra-un-un-concerto-convegno\/#article\",\"isPartOf\":{\"@id\":\"https:\/\/progettotouring.it\/radiotouring104\/2024\/01\/20\/trebisacce-laccademia-musicale-gustav-mahler-terra-un-un-concerto-convegno\/\"},\"author\":{\"name\":\"Filippo Francesco Idone\",\"@id\":\"https:\/\/progettotouring.it\/radiotouring104\/#\/schema\/person\/4a82259ca52ac8702ad1a8f9e5a3120b\"},\"headline\":\"Trebisacce: l\u2019Accademia Musicale Gustav Mahler terr\u00e0 un un concerto-convegno\",\"datePublished\":\"2024-01-20T15:51:22+00:00\",\"dateModified\":\"2024-01-20T20:03:35+00:00\",\"mainEntityOfPage\":{\"@id\":\"https:\/\/progettotouring.it\/radiotouring104\/2024\/01\/20\/trebisacce-laccademia-musicale-gustav-mahler-terra-un-un-concerto-convegno\/\"},\"wordCount\":312,\"publisher\":{\"@id\":\"https:\/\/progettotouring.it\/radiotouring104\/#organization\"},\"image\":{\"@id\":\"https:\/\/progettotouring.it\/radiotouring104\/2024\/01\/20\/trebisacce-laccademia-musicale-gustav-mahler-terra-un-un-concerto-convegno\/#primaryimage\"},\"thumbnailUrl\":\"https:\/\/progettotouring.it\/radiotouring104\/wp-content\/uploads\/sites\/6\/2024\/01\/ACCADEMIA-MUSICALE-GUSTAV-MAHLER.jpg\",\"keywords\":[\"Accademia Musicale Gustav Mahler\",\"Conservatorio Statale Tchaikovsky\",\"Trebisacce\"],\"articleSection\":[\"Calabria\",\"Home\",\"News\",\"Spettacoli\"],\"inLanguage\":\"it-IT\"},{\"@type\":\"WebPage\",\"@id\":\"https:\/\/progettotouring.it\/radiotouring104\/2024\/01\/20\/trebisacce-laccademia-musicale-gustav-mahler-terra-un-un-concerto-convegno\/\",\"url\":\"https:\/\/progettotouring.it\/radiotouring104\/2024\/01\/20\/trebisacce-laccademia-musicale-gustav-mahler-terra-un-un-concerto-convegno\/\",\"name\":\"Trebisacce: l\u2019Accademia Musicale Gustav Mahler terr\u00e0 un un concerto-convegno - Radio Touring 104\",\"isPartOf\":{\"@id\":\"https:\/\/progettotouring.it\/radiotouring104\/#website\"},\"primaryImageOfPage\":{\"@id\":\"https:\/\/progettotouring.it\/radiotouring104\/2024\/01\/20\/trebisacce-laccademia-musicale-gustav-mahler-terra-un-un-concerto-convegno\/#primaryimage\"},\"image\":{\"@id\":\"https:\/\/progettotouring.it\/radiotouring104\/2024\/01\/20\/trebisacce-laccademia-musicale-gustav-mahler-terra-un-un-concerto-convegno\/#primaryimage\"},\"thumbnailUrl\":\"https:\/\/progettotouring.it\/radiotouring104\/wp-content\/uploads\/sites\/6\/2024\/01\/ACCADEMIA-MUSICALE-GUSTAV-MAHLER.jpg\",\"datePublished\":\"2024-01-20T15:51:22+00:00\",\"dateModified\":\"2024-01-20T20:03:35+00:00\",\"description\":\"L\u2019Accademia Musicale Gustav Mahler terr\u00e0 presso l\u2019auditorium La Fornace di Trebisacce un concerto-convegno dedicato alla musica\",\"breadcrumb\":{\"@id\":\"https:\/\/progettotouring.it\/radiotouring104\/2024\/01\/20\/trebisacce-laccademia-musicale-gustav-mahler-terra-un-un-concerto-convegno\/#breadcrumb\"},\"inLanguage\":\"it-IT\",\"potentialAction\":[{\"@type\":\"ReadAction\",\"target\":[\"https:\/\/progettotouring.it\/radiotouring104\/2024\/01\/20\/trebisacce-laccademia-musicale-gustav-mahler-terra-un-un-concerto-convegno\/\"]}]},{\"@type\":\"ImageObject\",\"inLanguage\":\"it-IT\",\"@id\":\"https:\/\/progettotouring.it\/radiotouring104\/2024\/01\/20\/trebisacce-laccademia-musicale-gustav-mahler-terra-un-un-concerto-convegno\/#primaryimage\",\"url\":\"https:\/\/progettotouring.it\/radiotouring104\/wp-content\/uploads\/sites\/6\/2024\/01\/ACCADEMIA-MUSICALE-GUSTAV-MAHLER.jpg\",\"contentUrl\":\"https:\/\/progettotouring.it\/radiotouring104\/wp-content\/uploads\/sites\/6\/2024\/01\/ACCADEMIA-MUSICALE-GUSTAV-MAHLER.jpg\",\"width\":2048,\"height\":2048},{\"@type\":\"BreadcrumbList\",\"@id\":\"https:\/\/progettotouring.it\/radiotouring104\/2024\/01\/20\/trebisacce-laccademia-musicale-gustav-mahler-terra-un-un-concerto-convegno\/#breadcrumb\",\"itemListElement\":[{\"@type\":\"ListItem\",\"position\":1,\"name\":\"Home\",\"item\":\"https:\/\/progettotouring.it\/radiotouring104\/\"},{\"@type\":\"ListItem\",\"position\":2,\"name\":\"Trebisacce: l\u2019Accademia Musicale Gustav Mahler terr\u00e0 un un concerto-convegno\"}]},{\"@type\":\"WebSite\",\"@id\":\"https:\/\/progettotouring.it\/radiotouring104\/#website\",\"url\":\"https:\/\/progettotouring.it\/radiotouring104\/\",\"name\":\"Radio Touring 104\",\"description\":\"La prima radio Reggina\",\"publisher\":{\"@id\":\"https:\/\/progettotouring.it\/radiotouring104\/#organization\"},\"potentialAction\":[{\"@type\":\"SearchAction\",\"target\":{\"@type\":\"EntryPoint\",\"urlTemplate\":\"https:\/\/progettotouring.it\/radiotouring104\/?s={search_term_string}\"},\"query-input\":{\"@type\":\"PropertyValueSpecification\",\"valueRequired\":true,\"valueName\":\"search_term_string\"}}],\"inLanguage\":\"it-IT\"},{\"@type\":\"Organization\",\"@id\":\"https:\/\/progettotouring.it\/radiotouring104\/#organization\",\"name\":\"Radio Touring 104\",\"url\":\"https:\/\/progettotouring.it\/radiotouring104\/\",\"logo\":{\"@type\":\"ImageObject\",\"inLanguage\":\"it-IT\",\"@id\":\"https:\/\/progettotouring.it\/radiotouring104\/#\/schema\/logo\/image\/\",\"url\":\"https:\/\/progettotouring.it\/radiotouring104\/wp-content\/uploads\/sites\/6\/2022\/02\/cropped-logo-radio-touring-104.png\",\"contentUrl\":\"https:\/\/progettotouring.it\/radiotouring104\/wp-content\/uploads\/sites\/6\/2022\/02\/cropped-logo-radio-touring-104.png\",\"width\":377,\"height\":182,\"caption\":\"Radio Touring 104\"},\"image\":{\"@id\":\"https:\/\/progettotouring.it\/radiotouring104\/#\/schema\/logo\/image\/\"}},{\"@type\":\"Person\",\"@id\":\"https:\/\/progettotouring.it\/radiotouring104\/#\/schema\/person\/4a82259ca52ac8702ad1a8f9e5a3120b\",\"name\":\"Filippo Francesco Idone\",\"image\":{\"@type\":\"ImageObject\",\"inLanguage\":\"it-IT\",\"@id\":\"https:\/\/secure.gravatar.com\/avatar\/7268715d2366395c3dd314385670e6484117d44f5c442e61e230f7008b7b62d3?s=96&d=mm&r=g\",\"url\":\"https:\/\/secure.gravatar.com\/avatar\/7268715d2366395c3dd314385670e6484117d44f5c442e61e230f7008b7b62d3?s=96&d=mm&r=g\",\"contentUrl\":\"https:\/\/secure.gravatar.com\/avatar\/7268715d2366395c3dd314385670e6484117d44f5c442e61e230f7008b7b62d3?s=96&d=mm&r=g\",\"caption\":\"Filippo Francesco Idone\"},\"url\":\"https:\/\/progettotouring.it\/radiotouring104\/author\/filippoidone\/\"}]}<\/script>\n<!-- \/ Yoast SEO plugin. -->","yoast_head_json":{"title":"Trebisacce: l\u2019Accademia Musicale Gustav Mahler terr\u00e0 un un concerto-convegno - Radio Touring 104","description":"L\u2019Accademia Musicale Gustav Mahler terr\u00e0 presso l\u2019auditorium La Fornace di Trebisacce un concerto-convegno dedicato alla musica","robots":{"index":"index","follow":"follow","max-snippet":"max-snippet:-1","max-image-preview":"max-image-preview:large","max-video-preview":"max-video-preview:-1"},"canonical":"https:\/\/progettotouring.it\/radiotouring104\/2024\/01\/20\/trebisacce-laccademia-musicale-gustav-mahler-terra-un-un-concerto-convegno\/","og_locale":"it_IT","og_type":"article","og_title":"Trebisacce: l\u2019Accademia Musicale Gustav Mahler terr\u00e0 un un concerto-convegno - Radio Touring 104","og_description":"L\u2019Accademia Musicale Gustav Mahler terr\u00e0 presso l\u2019auditorium La Fornace di Trebisacce un concerto-convegno dedicato alla musica","og_url":"https:\/\/progettotouring.it\/radiotouring104\/2024\/01\/20\/trebisacce-laccademia-musicale-gustav-mahler-terra-un-un-concerto-convegno\/","og_site_name":"Radio Touring 104","article_published_time":"2024-01-20T15:51:22+00:00","article_modified_time":"2024-01-20T20:03:35+00:00","og_image":[{"width":2048,"height":2048,"url":"https:\/\/progettotouring.it\/radiotouring104\/wp-content\/uploads\/sites\/6\/2024\/01\/ACCADEMIA-MUSICALE-GUSTAV-MAHLER.jpg","type":"image\/jpeg"}],"author":"Filippo Francesco Idone","twitter_card":"summary_large_image","twitter_misc":{"Scritto da":"Filippo Francesco Idone","Tempo di lettura stimato":"2 minuti"},"schema":{"@context":"https:\/\/schema.org","@graph":[{"@type":"Article","@id":"https:\/\/progettotouring.it\/radiotouring104\/2024\/01\/20\/trebisacce-laccademia-musicale-gustav-mahler-terra-un-un-concerto-convegno\/#article","isPartOf":{"@id":"https:\/\/progettotouring.it\/radiotouring104\/2024\/01\/20\/trebisacce-laccademia-musicale-gustav-mahler-terra-un-un-concerto-convegno\/"},"author":{"name":"Filippo Francesco Idone","@id":"https:\/\/progettotouring.it\/radiotouring104\/#\/schema\/person\/4a82259ca52ac8702ad1a8f9e5a3120b"},"headline":"Trebisacce: l\u2019Accademia Musicale Gustav Mahler terr\u00e0 un un concerto-convegno","datePublished":"2024-01-20T15:51:22+00:00","dateModified":"2024-01-20T20:03:35+00:00","mainEntityOfPage":{"@id":"https:\/\/progettotouring.it\/radiotouring104\/2024\/01\/20\/trebisacce-laccademia-musicale-gustav-mahler-terra-un-un-concerto-convegno\/"},"wordCount":312,"publisher":{"@id":"https:\/\/progettotouring.it\/radiotouring104\/#organization"},"image":{"@id":"https:\/\/progettotouring.it\/radiotouring104\/2024\/01\/20\/trebisacce-laccademia-musicale-gustav-mahler-terra-un-un-concerto-convegno\/#primaryimage"},"thumbnailUrl":"https:\/\/progettotouring.it\/radiotouring104\/wp-content\/uploads\/sites\/6\/2024\/01\/ACCADEMIA-MUSICALE-GUSTAV-MAHLER.jpg","keywords":["Accademia Musicale Gustav Mahler","Conservatorio Statale Tchaikovsky","Trebisacce"],"articleSection":["Calabria","Home","News","Spettacoli"],"inLanguage":"it-IT"},{"@type":"WebPage","@id":"https:\/\/progettotouring.it\/radiotouring104\/2024\/01\/20\/trebisacce-laccademia-musicale-gustav-mahler-terra-un-un-concerto-convegno\/","url":"https:\/\/progettotouring.it\/radiotouring104\/2024\/01\/20\/trebisacce-laccademia-musicale-gustav-mahler-terra-un-un-concerto-convegno\/","name":"Trebisacce: l\u2019Accademia Musicale Gustav Mahler terr\u00e0 un un concerto-convegno - Radio Touring 104","isPartOf":{"@id":"https:\/\/progettotouring.it\/radiotouring104\/#website"},"primaryImageOfPage":{"@id":"https:\/\/progettotouring.it\/radiotouring104\/2024\/01\/20\/trebisacce-laccademia-musicale-gustav-mahler-terra-un-un-concerto-convegno\/#primaryimage"},"image":{"@id":"https:\/\/progettotouring.it\/radiotouring104\/2024\/01\/20\/trebisacce-laccademia-musicale-gustav-mahler-terra-un-un-concerto-convegno\/#primaryimage"},"thumbnailUrl":"https:\/\/progettotouring.it\/radiotouring104\/wp-content\/uploads\/sites\/6\/2024\/01\/ACCADEMIA-MUSICALE-GUSTAV-MAHLER.jpg","datePublished":"2024-01-20T15:51:22+00:00","dateModified":"2024-01-20T20:03:35+00:00","description":"L\u2019Accademia Musicale Gustav Mahler terr\u00e0 presso l\u2019auditorium La Fornace di Trebisacce un concerto-convegno dedicato alla musica","breadcrumb":{"@id":"https:\/\/progettotouring.it\/radiotouring104\/2024\/01\/20\/trebisacce-laccademia-musicale-gustav-mahler-terra-un-un-concerto-convegno\/#breadcrumb"},"inLanguage":"it-IT","potentialAction":[{"@type":"ReadAction","target":["https:\/\/progettotouring.it\/radiotouring104\/2024\/01\/20\/trebisacce-laccademia-musicale-gustav-mahler-terra-un-un-concerto-convegno\/"]}]},{"@type":"ImageObject","inLanguage":"it-IT","@id":"https:\/\/progettotouring.it\/radiotouring104\/2024\/01\/20\/trebisacce-laccademia-musicale-gustav-mahler-terra-un-un-concerto-convegno\/#primaryimage","url":"https:\/\/progettotouring.it\/radiotouring104\/wp-content\/uploads\/sites\/6\/2024\/01\/ACCADEMIA-MUSICALE-GUSTAV-MAHLER.jpg","contentUrl":"https:\/\/progettotouring.it\/radiotouring104\/wp-content\/uploads\/sites\/6\/2024\/01\/ACCADEMIA-MUSICALE-GUSTAV-MAHLER.jpg","width":2048,"height":2048},{"@type":"BreadcrumbList","@id":"https:\/\/progettotouring.it\/radiotouring104\/2024\/01\/20\/trebisacce-laccademia-musicale-gustav-mahler-terra-un-un-concerto-convegno\/#breadcrumb","itemListElement":[{"@type":"ListItem","position":1,"name":"Home","item":"https:\/\/progettotouring.it\/radiotouring104\/"},{"@type":"ListItem","position":2,"name":"Trebisacce: l\u2019Accademia Musicale Gustav Mahler terr\u00e0 un un concerto-convegno"}]},{"@type":"WebSite","@id":"https:\/\/progettotouring.it\/radiotouring104\/#website","url":"https:\/\/progettotouring.it\/radiotouring104\/","name":"Radio Touring 104","description":"La prima radio Reggina","publisher":{"@id":"https:\/\/progettotouring.it\/radiotouring104\/#organization"},"potentialAction":[{"@type":"SearchAction","target":{"@type":"EntryPoint","urlTemplate":"https:\/\/progettotouring.it\/radiotouring104\/?s={search_term_string}"},"query-input":{"@type":"PropertyValueSpecification","valueRequired":true,"valueName":"search_term_string"}}],"inLanguage":"it-IT"},{"@type":"Organization","@id":"https:\/\/progettotouring.it\/radiotouring104\/#organization","name":"Radio Touring 104","url":"https:\/\/progettotouring.it\/radiotouring104\/","logo":{"@type":"ImageObject","inLanguage":"it-IT","@id":"https:\/\/progettotouring.it\/radiotouring104\/#\/schema\/logo\/image\/","url":"https:\/\/progettotouring.it\/radiotouring104\/wp-content\/uploads\/sites\/6\/2022\/02\/cropped-logo-radio-touring-104.png","contentUrl":"https:\/\/progettotouring.it\/radiotouring104\/wp-content\/uploads\/sites\/6\/2022\/02\/cropped-logo-radio-touring-104.png","width":377,"height":182,"caption":"Radio Touring 104"},"image":{"@id":"https:\/\/progettotouring.it\/radiotouring104\/#\/schema\/logo\/image\/"}},{"@type":"Person","@id":"https:\/\/progettotouring.it\/radiotouring104\/#\/schema\/person\/4a82259ca52ac8702ad1a8f9e5a3120b","name":"Filippo Francesco Idone","image":{"@type":"ImageObject","inLanguage":"it-IT","@id":"https:\/\/secure.gravatar.com\/avatar\/7268715d2366395c3dd314385670e6484117d44f5c442e61e230f7008b7b62d3?s=96&d=mm&r=g","url":"https:\/\/secure.gravatar.com\/avatar\/7268715d2366395c3dd314385670e6484117d44f5c442e61e230f7008b7b62d3?s=96&d=mm&r=g","contentUrl":"https:\/\/secure.gravatar.com\/avatar\/7268715d2366395c3dd314385670e6484117d44f5c442e61e230f7008b7b62d3?s=96&d=mm&r=g","caption":"Filippo Francesco Idone"},"url":"https:\/\/progettotouring.it\/radiotouring104\/author\/filippoidone\/"}]}},"jetpack_publicize_connections":[],"jetpack_featured_media_url":"https:\/\/progettotouring.it\/radiotouring104\/wp-content\/uploads\/sites\/6\/2024\/01\/ACCADEMIA-MUSICALE-GUSTAV-MAHLER.jpg","jetpack_sharing_enabled":true,"_links":{"self":[{"href":"https:\/\/progettotouring.it\/radiotouring104\/wp-json\/wp\/v2\/posts\/43083","targetHints":{"allow":["GET"]}}],"collection":[{"href":"https:\/\/progettotouring.it\/radiotouring104\/wp-json\/wp\/v2\/posts"}],"about":[{"href":"https:\/\/progettotouring.it\/radiotouring104\/wp-json\/wp\/v2\/types\/post"}],"author":[{"embeddable":true,"href":"https:\/\/progettotouring.it\/radiotouring104\/wp-json\/wp\/v2\/users\/8"}],"replies":[{"embeddable":true,"href":"https:\/\/progettotouring.it\/radiotouring104\/wp-json\/wp\/v2\/comments?post=43083"}],"version-history":[{"count":1,"href":"https:\/\/progettotouring.it\/radiotouring104\/wp-json\/wp\/v2\/posts\/43083\/revisions"}],"predecessor-version":[{"id":43085,"href":"https:\/\/progettotouring.it\/radiotouring104\/wp-json\/wp\/v2\/posts\/43083\/revisions\/43085"}],"wp:featuredmedia":[{"embeddable":true,"href":"https:\/\/progettotouring.it\/radiotouring104\/wp-json\/wp\/v2\/media\/43084"}],"wp:attachment":[{"href":"https:\/\/progettotouring.it\/radiotouring104\/wp-json\/wp\/v2\/media?parent=43083"}],"wp:term":[{"taxonomy":"category","embeddable":true,"href":"https:\/\/progettotouring.it\/radiotouring104\/wp-json\/wp\/v2\/categories?post=43083"},{"taxonomy":"post_tag","embeddable":true,"href":"https:\/\/progettotouring.it\/radiotouring104\/wp-json\/wp\/v2\/tags?post=43083"}],"curies":[{"name":"wp","href":"https:\/\/api.w.org\/{rel}","templated":true}]}}