{"id":43099,"date":"2024-01-21T12:26:23","date_gmt":"2024-01-21T11:26:23","guid":{"rendered":"https:\/\/progettotouring.it\/radiotouring104\/?p=43099"},"modified":"2024-01-21T13:31:24","modified_gmt":"2024-01-21T12:31:24","slug":"falcomata-presente-al-la-notte-del-liceo-al-classico-campanella-si-puo-governare-con-una-preparazione-culturale","status":"publish","type":"post","link":"https:\/\/progettotouring.it\/radiotouring104\/2024\/01\/21\/falcomata-presente-al-la-notte-del-liceo-al-classico-campanella-si-puo-governare-con-una-preparazione-culturale\/","title":{"rendered":"Falcomat\u00e0 presente al &#8220;La notte del Liceo&#8221; al Classico Campanella: &#8220;Si pu\u00f2 governare con una preparazione culturale&#8221;"},"content":{"rendered":"<p style=\"text-align: justify\">Il sindaco<strong> Giuseppe Falcomat\u00e0<\/strong> \u00e8 intervenuto all\u2019evento \u201c<strong>La notte al Liceo<\/strong>\u201d, promosso dal Classico \u201cTommaso Campanella\u201d sul tema \u201cDa Omero all\u2019intelligenza artificiale\u201d. All\u2019iniziativa era presente anche il consigliere metropolitano delegato alla Cultura, <strong>FIlippo<\/strong> <strong>Quartuccio<\/strong>. Nel ringraziare la dirigente scolastica Carmen Lucisano e dopo aver apprezzato gli interventi di Michele Ammendola, medico e docente UniCz, studioso del Metaverso applicato alla chirurgia, di Daniele Cananzi, professore di Bioetica alla facolt\u00e0 di Giurisprudenza dell\u2019UniRc, e del rettore della \u201cMediterranea\u201d Giuseppe Zimbalatti, il sindaco si \u00e8 rivolto ai ragazzi del liceo sottolineando &#8220;<em>il grande fascino dell&#8217;intelligenza artificiale che va, comunque, maneggiato con cura&#8221;.<\/em><\/p>\n<p style=\"text-align: justify\"><strong><em>&#8220;Alcuni studi<\/em> <\/strong>&#8211; ha spiegato Falcomat\u00e0 &#8211;<em><strong> indicano come, nel breve volgere di pochi anni<\/strong>, oltre il 50% delle competenze fino ad oggi acquisite nelle varie professioni, diventeranno obsolete per l\u2019avvento dell\u2019intelligenza artificiale. Sopravviveranno, quindi, quanti riusciranno a dimostrare maggiore capacit\u00e0 di adattamento a questo cambiamento epocale. Atteso che questo percorso non possiamo n\u00e9 allontanarlo n\u00e9 subirlo, bisogna riuscire a governarlo&#8221;<\/em>.<\/p>\n<p style=\"text-align: justify\"><em><strong>&#8220;Si pu\u00f2 governare<\/strong> &#8211;<\/em> ha aggiunto il sindaco <em>&#8211; solo con una preparazione culturale ed un approccio umanistico ad un percorso di sviluppo e innovazione che interessa le diverse arti od i mestieri. I liceo classici riescono a coniugare questi due aspetti fondamentali che sono la tradizione e l\u2019innovazione. Anzi, l\u2019innovazione nella tradizione&#8221;. <\/em>Fattore, quest\u2019ultimo, tenuto in forte considerazione nel pi\u00f9 complesso schema di Dimensionamento scolastico licenziato dal Consiglio metropolitano: &#8220;<em>In <strong>Consiglio metropolitano<\/strong>, anche grazie al lavoro del vicesindaco <strong>Carmelo<\/strong><strong>Versace<\/strong>, abbiamo voluto rispondere a questo senso di responsabilit\u00e0. Sul territorio c\u2019erano tanti istituti che avevano una loro specificit\u00e0 o qualche elemento di differenziazione, ma l\u2019indirizzo politico \u00e8 stato chiaro e deciso nel riconoscere, al <strong>Liceo<\/strong><strong>Classico<\/strong>, qualcosa che nessun altro istituto, per sua natura, pu\u00f2 avere: quella formazione umanistica che consente di avere le porte aperte rispetto a tutto ci\u00f2 che ognuno immagina di poter fare nel proprio futuro. Questa \u00e8 la peculiarit\u00e0 che dobbiamo salvaguardare e promuovere in un mondo che si sta aprendo all\u2019intelligenza artificiale ed ai suoi vari e diversi utilizzi&#8221;.<\/em><\/p>\n<div><\/div>\n","protected":false},"excerpt":{"rendered":"<p>Il sindaco Giuseppe Falcomat\u00e0 \u00e8 intervenuto all\u2019evento \u201cLa notte al Liceo\u201d, promosso dal Classico \u201cTommaso Campanella\u201d sul tema \u201cDa Omero all\u2019intelligenza artificiale\u201d. All\u2019iniziativa era presente anche il consigliere metropolitano delegato&hellip;<\/p>\n","protected":false},"author":8,"featured_media":43100,"comment_status":"closed","ping_status":"open","sticky":false,"template":"","format":"standard","meta":{"_jetpack_memberships_contains_paid_content":false,"footnotes":"","jetpack_publicize_message":"","jetpack_publicize_feature_enabled":true,"jetpack_social_post_already_shared":false,"jetpack_social_options":{"image_generator_settings":{"template":"highway","default_image_id":0,"font":"","enabled":false},"version":2}},"categories":[921,196,140],"tags":[239,1770,468,26561,236],"class_list":["post-43099","post","type-post","status-publish","format-standard","has-post-thumbnail","hentry","category-home","category-news","category-reggio-calabria","tag-carmelo-versace","tag-falcomata","tag-filippo-quartuccio","tag-la-notte-al-liceo","tag-reggio-calabria"],"yoast_head":"<!-- This site is optimized with the Yoast SEO plugin v27.2 - https:\/\/yoast.com\/product\/yoast-seo-wordpress\/ -->\n<title>Falcomat\u00e0 presente al &quot;La notte del Liceo&quot; al Classico Campanella: &quot;Si pu\u00f2 governare con una preparazione culturale&quot; - Radio Touring 104<\/title>\n<meta name=\"description\" content=\"Il sindaco di Reggio Calabria, Giuseppe Falcomat\u00e0, \u00e8 intervenuto all\u2019evento \u201cLa notte al Liceo\u201d, promosso dal Classico \u201cTommaso Campanella\u201d\" \/>\n<meta name=\"robots\" content=\"index, follow, max-snippet:-1, max-image-preview:large, max-video-preview:-1\" \/>\n<link rel=\"canonical\" href=\"https:\/\/progettotouring.it\/radiotouring104\/2024\/01\/21\/falcomata-presente-al-la-notte-del-liceo-al-classico-campanella-si-puo-governare-con-una-preparazione-culturale\/\" \/>\n<meta property=\"og:locale\" content=\"it_IT\" \/>\n<meta property=\"og:type\" content=\"article\" \/>\n<meta property=\"og:title\" content=\"Falcomat\u00e0 presente al &quot;La notte del Liceo&quot; al Classico Campanella: &quot;Si pu\u00f2 governare con una preparazione culturale&quot; - Radio Touring 104\" \/>\n<meta property=\"og:description\" content=\"Il sindaco di Reggio Calabria, Giuseppe Falcomat\u00e0, \u00e8 intervenuto all\u2019evento \u201cLa notte al Liceo\u201d, promosso dal Classico \u201cTommaso Campanella\u201d\" \/>\n<meta property=\"og:url\" content=\"https:\/\/progettotouring.it\/radiotouring104\/2024\/01\/21\/falcomata-presente-al-la-notte-del-liceo-al-classico-campanella-si-puo-governare-con-una-preparazione-culturale\/\" \/>\n<meta property=\"og:site_name\" content=\"Radio Touring 104\" \/>\n<meta property=\"article:published_time\" content=\"2024-01-21T11:26:23+00:00\" \/>\n<meta property=\"article:modified_time\" content=\"2024-01-21T12:31:24+00:00\" \/>\n<meta property=\"og:image\" content=\"https:\/\/progettotouring.it\/radiotouring104\/wp-content\/uploads\/sites\/6\/2024\/01\/notte-del-liceo-falcomata.jpeg\" \/>\n\t<meta property=\"og:image:width\" content=\"1600\" \/>\n\t<meta property=\"og:image:height\" content=\"1200\" \/>\n\t<meta property=\"og:image:type\" content=\"image\/jpeg\" \/>\n<meta name=\"author\" content=\"Filippo Francesco Idone\" \/>\n<meta name=\"twitter:card\" content=\"summary_large_image\" \/>\n<meta name=\"twitter:label1\" content=\"Scritto da\" \/>\n\t<meta name=\"twitter:data1\" content=\"Filippo Francesco Idone\" \/>\n\t<meta name=\"twitter:label2\" content=\"Tempo di lettura stimato\" \/>\n\t<meta name=\"twitter:data2\" content=\"2 minuti\" \/>\n<script type=\"application\/ld+json\" class=\"yoast-schema-graph\">{\"@context\":\"https:\/\/schema.org\",\"@graph\":[{\"@type\":\"Article\",\"@id\":\"https:\/\/progettotouring.it\/radiotouring104\/2024\/01\/21\/falcomata-presente-al-la-notte-del-liceo-al-classico-campanella-si-puo-governare-con-una-preparazione-culturale\/#article\",\"isPartOf\":{\"@id\":\"https:\/\/progettotouring.it\/radiotouring104\/2024\/01\/21\/falcomata-presente-al-la-notte-del-liceo-al-classico-campanella-si-puo-governare-con-una-preparazione-culturale\/\"},\"author\":{\"name\":\"Filippo Francesco Idone\",\"@id\":\"https:\/\/progettotouring.it\/radiotouring104\/#\/schema\/person\/4a82259ca52ac8702ad1a8f9e5a3120b\"},\"headline\":\"Falcomat\u00e0 presente al &#8220;La notte del Liceo&#8221; al Classico Campanella: &#8220;Si pu\u00f2 governare con una preparazione culturale&#8221;\",\"datePublished\":\"2024-01-21T11:26:23+00:00\",\"dateModified\":\"2024-01-21T12:31:24+00:00\",\"mainEntityOfPage\":{\"@id\":\"https:\/\/progettotouring.it\/radiotouring104\/2024\/01\/21\/falcomata-presente-al-la-notte-del-liceo-al-classico-campanella-si-puo-governare-con-una-preparazione-culturale\/\"},\"wordCount\":359,\"publisher\":{\"@id\":\"https:\/\/progettotouring.it\/radiotouring104\/#organization\"},\"image\":{\"@id\":\"https:\/\/progettotouring.it\/radiotouring104\/2024\/01\/21\/falcomata-presente-al-la-notte-del-liceo-al-classico-campanella-si-puo-governare-con-una-preparazione-culturale\/#primaryimage\"},\"thumbnailUrl\":\"https:\/\/progettotouring.it\/radiotouring104\/wp-content\/uploads\/sites\/6\/2024\/01\/notte-del-liceo-falcomata.jpeg\",\"keywords\":[\"carmelo versace\",\"Falcomat\u00e0\",\"filippo quartuccio\",\"La notte al Liceo\",\"reggio calabria\"],\"articleSection\":[\"Home\",\"News\",\"Reggio Calabria\"],\"inLanguage\":\"it-IT\"},{\"@type\":\"WebPage\",\"@id\":\"https:\/\/progettotouring.it\/radiotouring104\/2024\/01\/21\/falcomata-presente-al-la-notte-del-liceo-al-classico-campanella-si-puo-governare-con-una-preparazione-culturale\/\",\"url\":\"https:\/\/progettotouring.it\/radiotouring104\/2024\/01\/21\/falcomata-presente-al-la-notte-del-liceo-al-classico-campanella-si-puo-governare-con-una-preparazione-culturale\/\",\"name\":\"Falcomat\u00e0 presente al \\\"La notte del Liceo\\\" al Classico Campanella: \\\"Si pu\u00f2 governare con una preparazione culturale\\\" - Radio Touring 104\",\"isPartOf\":{\"@id\":\"https:\/\/progettotouring.it\/radiotouring104\/#website\"},\"primaryImageOfPage\":{\"@id\":\"https:\/\/progettotouring.it\/radiotouring104\/2024\/01\/21\/falcomata-presente-al-la-notte-del-liceo-al-classico-campanella-si-puo-governare-con-una-preparazione-culturale\/#primaryimage\"},\"image\":{\"@id\":\"https:\/\/progettotouring.it\/radiotouring104\/2024\/01\/21\/falcomata-presente-al-la-notte-del-liceo-al-classico-campanella-si-puo-governare-con-una-preparazione-culturale\/#primaryimage\"},\"thumbnailUrl\":\"https:\/\/progettotouring.it\/radiotouring104\/wp-content\/uploads\/sites\/6\/2024\/01\/notte-del-liceo-falcomata.jpeg\",\"datePublished\":\"2024-01-21T11:26:23+00:00\",\"dateModified\":\"2024-01-21T12:31:24+00:00\",\"description\":\"Il sindaco di Reggio Calabria, Giuseppe Falcomat\u00e0, \u00e8 intervenuto all\u2019evento \u201cLa notte al Liceo\u201d, promosso dal Classico \u201cTommaso Campanella\u201d\",\"breadcrumb\":{\"@id\":\"https:\/\/progettotouring.it\/radiotouring104\/2024\/01\/21\/falcomata-presente-al-la-notte-del-liceo-al-classico-campanella-si-puo-governare-con-una-preparazione-culturale\/#breadcrumb\"},\"inLanguage\":\"it-IT\",\"potentialAction\":[{\"@type\":\"ReadAction\",\"target\":[\"https:\/\/progettotouring.it\/radiotouring104\/2024\/01\/21\/falcomata-presente-al-la-notte-del-liceo-al-classico-campanella-si-puo-governare-con-una-preparazione-culturale\/\"]}]},{\"@type\":\"ImageObject\",\"inLanguage\":\"it-IT\",\"@id\":\"https:\/\/progettotouring.it\/radiotouring104\/2024\/01\/21\/falcomata-presente-al-la-notte-del-liceo-al-classico-campanella-si-puo-governare-con-una-preparazione-culturale\/#primaryimage\",\"url\":\"https:\/\/progettotouring.it\/radiotouring104\/wp-content\/uploads\/sites\/6\/2024\/01\/notte-del-liceo-falcomata.jpeg\",\"contentUrl\":\"https:\/\/progettotouring.it\/radiotouring104\/wp-content\/uploads\/sites\/6\/2024\/01\/notte-del-liceo-falcomata.jpeg\",\"width\":1600,\"height\":1200},{\"@type\":\"BreadcrumbList\",\"@id\":\"https:\/\/progettotouring.it\/radiotouring104\/2024\/01\/21\/falcomata-presente-al-la-notte-del-liceo-al-classico-campanella-si-puo-governare-con-una-preparazione-culturale\/#breadcrumb\",\"itemListElement\":[{\"@type\":\"ListItem\",\"position\":1,\"name\":\"Home\",\"item\":\"https:\/\/progettotouring.it\/radiotouring104\/\"},{\"@type\":\"ListItem\",\"position\":2,\"name\":\"Falcomat\u00e0 presente al &#8220;La notte del Liceo&#8221; al Classico Campanella: &#8220;Si pu\u00f2 governare con una preparazione culturale&#8221;\"}]},{\"@type\":\"WebSite\",\"@id\":\"https:\/\/progettotouring.it\/radiotouring104\/#website\",\"url\":\"https:\/\/progettotouring.it\/radiotouring104\/\",\"name\":\"Radio Touring 104\",\"description\":\"La prima radio Reggina\",\"publisher\":{\"@id\":\"https:\/\/progettotouring.it\/radiotouring104\/#organization\"},\"potentialAction\":[{\"@type\":\"SearchAction\",\"target\":{\"@type\":\"EntryPoint\",\"urlTemplate\":\"https:\/\/progettotouring.it\/radiotouring104\/?s={search_term_string}\"},\"query-input\":{\"@type\":\"PropertyValueSpecification\",\"valueRequired\":true,\"valueName\":\"search_term_string\"}}],\"inLanguage\":\"it-IT\"},{\"@type\":\"Organization\",\"@id\":\"https:\/\/progettotouring.it\/radiotouring104\/#organization\",\"name\":\"Radio Touring 104\",\"url\":\"https:\/\/progettotouring.it\/radiotouring104\/\",\"logo\":{\"@type\":\"ImageObject\",\"inLanguage\":\"it-IT\",\"@id\":\"https:\/\/progettotouring.it\/radiotouring104\/#\/schema\/logo\/image\/\",\"url\":\"https:\/\/progettotouring.it\/radiotouring104\/wp-content\/uploads\/sites\/6\/2022\/02\/cropped-logo-radio-touring-104.png\",\"contentUrl\":\"https:\/\/progettotouring.it\/radiotouring104\/wp-content\/uploads\/sites\/6\/2022\/02\/cropped-logo-radio-touring-104.png\",\"width\":377,\"height\":182,\"caption\":\"Radio Touring 104\"},\"image\":{\"@id\":\"https:\/\/progettotouring.it\/radiotouring104\/#\/schema\/logo\/image\/\"}},{\"@type\":\"Person\",\"@id\":\"https:\/\/progettotouring.it\/radiotouring104\/#\/schema\/person\/4a82259ca52ac8702ad1a8f9e5a3120b\",\"name\":\"Filippo Francesco Idone\",\"image\":{\"@type\":\"ImageObject\",\"inLanguage\":\"it-IT\",\"@id\":\"https:\/\/secure.gravatar.com\/avatar\/7268715d2366395c3dd314385670e6484117d44f5c442e61e230f7008b7b62d3?s=96&d=mm&r=g\",\"url\":\"https:\/\/secure.gravatar.com\/avatar\/7268715d2366395c3dd314385670e6484117d44f5c442e61e230f7008b7b62d3?s=96&d=mm&r=g\",\"contentUrl\":\"https:\/\/secure.gravatar.com\/avatar\/7268715d2366395c3dd314385670e6484117d44f5c442e61e230f7008b7b62d3?s=96&d=mm&r=g\",\"caption\":\"Filippo Francesco Idone\"},\"url\":\"https:\/\/progettotouring.it\/radiotouring104\/author\/filippoidone\/\"}]}<\/script>\n<!-- \/ Yoast SEO plugin. -->","yoast_head_json":{"title":"Falcomat\u00e0 presente al \"La notte del Liceo\" al Classico Campanella: \"Si pu\u00f2 governare con una preparazione culturale\" - Radio Touring 104","description":"Il sindaco di Reggio Calabria, Giuseppe Falcomat\u00e0, \u00e8 intervenuto all\u2019evento \u201cLa notte al Liceo\u201d, promosso dal Classico \u201cTommaso Campanella\u201d","robots":{"index":"index","follow":"follow","max-snippet":"max-snippet:-1","max-image-preview":"max-image-preview:large","max-video-preview":"max-video-preview:-1"},"canonical":"https:\/\/progettotouring.it\/radiotouring104\/2024\/01\/21\/falcomata-presente-al-la-notte-del-liceo-al-classico-campanella-si-puo-governare-con-una-preparazione-culturale\/","og_locale":"it_IT","og_type":"article","og_title":"Falcomat\u00e0 presente al \"La notte del Liceo\" al Classico Campanella: \"Si pu\u00f2 governare con una preparazione culturale\" - Radio Touring 104","og_description":"Il sindaco di Reggio Calabria, Giuseppe Falcomat\u00e0, \u00e8 intervenuto all\u2019evento \u201cLa notte al Liceo\u201d, promosso dal Classico \u201cTommaso Campanella\u201d","og_url":"https:\/\/progettotouring.it\/radiotouring104\/2024\/01\/21\/falcomata-presente-al-la-notte-del-liceo-al-classico-campanella-si-puo-governare-con-una-preparazione-culturale\/","og_site_name":"Radio Touring 104","article_published_time":"2024-01-21T11:26:23+00:00","article_modified_time":"2024-01-21T12:31:24+00:00","og_image":[{"width":1600,"height":1200,"url":"https:\/\/progettotouring.it\/radiotouring104\/wp-content\/uploads\/sites\/6\/2024\/01\/notte-del-liceo-falcomata.jpeg","type":"image\/jpeg"}],"author":"Filippo Francesco Idone","twitter_card":"summary_large_image","twitter_misc":{"Scritto da":"Filippo Francesco Idone","Tempo di lettura stimato":"2 minuti"},"schema":{"@context":"https:\/\/schema.org","@graph":[{"@type":"Article","@id":"https:\/\/progettotouring.it\/radiotouring104\/2024\/01\/21\/falcomata-presente-al-la-notte-del-liceo-al-classico-campanella-si-puo-governare-con-una-preparazione-culturale\/#article","isPartOf":{"@id":"https:\/\/progettotouring.it\/radiotouring104\/2024\/01\/21\/falcomata-presente-al-la-notte-del-liceo-al-classico-campanella-si-puo-governare-con-una-preparazione-culturale\/"},"author":{"name":"Filippo Francesco Idone","@id":"https:\/\/progettotouring.it\/radiotouring104\/#\/schema\/person\/4a82259ca52ac8702ad1a8f9e5a3120b"},"headline":"Falcomat\u00e0 presente al &#8220;La notte del Liceo&#8221; al Classico Campanella: &#8220;Si pu\u00f2 governare con una preparazione culturale&#8221;","datePublished":"2024-01-21T11:26:23+00:00","dateModified":"2024-01-21T12:31:24+00:00","mainEntityOfPage":{"@id":"https:\/\/progettotouring.it\/radiotouring104\/2024\/01\/21\/falcomata-presente-al-la-notte-del-liceo-al-classico-campanella-si-puo-governare-con-una-preparazione-culturale\/"},"wordCount":359,"publisher":{"@id":"https:\/\/progettotouring.it\/radiotouring104\/#organization"},"image":{"@id":"https:\/\/progettotouring.it\/radiotouring104\/2024\/01\/21\/falcomata-presente-al-la-notte-del-liceo-al-classico-campanella-si-puo-governare-con-una-preparazione-culturale\/#primaryimage"},"thumbnailUrl":"https:\/\/progettotouring.it\/radiotouring104\/wp-content\/uploads\/sites\/6\/2024\/01\/notte-del-liceo-falcomata.jpeg","keywords":["carmelo versace","Falcomat\u00e0","filippo quartuccio","La notte al Liceo","reggio calabria"],"articleSection":["Home","News","Reggio Calabria"],"inLanguage":"it-IT"},{"@type":"WebPage","@id":"https:\/\/progettotouring.it\/radiotouring104\/2024\/01\/21\/falcomata-presente-al-la-notte-del-liceo-al-classico-campanella-si-puo-governare-con-una-preparazione-culturale\/","url":"https:\/\/progettotouring.it\/radiotouring104\/2024\/01\/21\/falcomata-presente-al-la-notte-del-liceo-al-classico-campanella-si-puo-governare-con-una-preparazione-culturale\/","name":"Falcomat\u00e0 presente al \"La notte del Liceo\" al Classico Campanella: \"Si pu\u00f2 governare con una preparazione culturale\" - Radio Touring 104","isPartOf":{"@id":"https:\/\/progettotouring.it\/radiotouring104\/#website"},"primaryImageOfPage":{"@id":"https:\/\/progettotouring.it\/radiotouring104\/2024\/01\/21\/falcomata-presente-al-la-notte-del-liceo-al-classico-campanella-si-puo-governare-con-una-preparazione-culturale\/#primaryimage"},"image":{"@id":"https:\/\/progettotouring.it\/radiotouring104\/2024\/01\/21\/falcomata-presente-al-la-notte-del-liceo-al-classico-campanella-si-puo-governare-con-una-preparazione-culturale\/#primaryimage"},"thumbnailUrl":"https:\/\/progettotouring.it\/radiotouring104\/wp-content\/uploads\/sites\/6\/2024\/01\/notte-del-liceo-falcomata.jpeg","datePublished":"2024-01-21T11:26:23+00:00","dateModified":"2024-01-21T12:31:24+00:00","description":"Il sindaco di Reggio Calabria, Giuseppe Falcomat\u00e0, \u00e8 intervenuto all\u2019evento \u201cLa notte al Liceo\u201d, promosso dal Classico \u201cTommaso Campanella\u201d","breadcrumb":{"@id":"https:\/\/progettotouring.it\/radiotouring104\/2024\/01\/21\/falcomata-presente-al-la-notte-del-liceo-al-classico-campanella-si-puo-governare-con-una-preparazione-culturale\/#breadcrumb"},"inLanguage":"it-IT","potentialAction":[{"@type":"ReadAction","target":["https:\/\/progettotouring.it\/radiotouring104\/2024\/01\/21\/falcomata-presente-al-la-notte-del-liceo-al-classico-campanella-si-puo-governare-con-una-preparazione-culturale\/"]}]},{"@type":"ImageObject","inLanguage":"it-IT","@id":"https:\/\/progettotouring.it\/radiotouring104\/2024\/01\/21\/falcomata-presente-al-la-notte-del-liceo-al-classico-campanella-si-puo-governare-con-una-preparazione-culturale\/#primaryimage","url":"https:\/\/progettotouring.it\/radiotouring104\/wp-content\/uploads\/sites\/6\/2024\/01\/notte-del-liceo-falcomata.jpeg","contentUrl":"https:\/\/progettotouring.it\/radiotouring104\/wp-content\/uploads\/sites\/6\/2024\/01\/notte-del-liceo-falcomata.jpeg","width":1600,"height":1200},{"@type":"BreadcrumbList","@id":"https:\/\/progettotouring.it\/radiotouring104\/2024\/01\/21\/falcomata-presente-al-la-notte-del-liceo-al-classico-campanella-si-puo-governare-con-una-preparazione-culturale\/#breadcrumb","itemListElement":[{"@type":"ListItem","position":1,"name":"Home","item":"https:\/\/progettotouring.it\/radiotouring104\/"},{"@type":"ListItem","position":2,"name":"Falcomat\u00e0 presente al &#8220;La notte del Liceo&#8221; al Classico Campanella: &#8220;Si pu\u00f2 governare con una preparazione culturale&#8221;"}]},{"@type":"WebSite","@id":"https:\/\/progettotouring.it\/radiotouring104\/#website","url":"https:\/\/progettotouring.it\/radiotouring104\/","name":"Radio Touring 104","description":"La prima radio Reggina","publisher":{"@id":"https:\/\/progettotouring.it\/radiotouring104\/#organization"},"potentialAction":[{"@type":"SearchAction","target":{"@type":"EntryPoint","urlTemplate":"https:\/\/progettotouring.it\/radiotouring104\/?s={search_term_string}"},"query-input":{"@type":"PropertyValueSpecification","valueRequired":true,"valueName":"search_term_string"}}],"inLanguage":"it-IT"},{"@type":"Organization","@id":"https:\/\/progettotouring.it\/radiotouring104\/#organization","name":"Radio Touring 104","url":"https:\/\/progettotouring.it\/radiotouring104\/","logo":{"@type":"ImageObject","inLanguage":"it-IT","@id":"https:\/\/progettotouring.it\/radiotouring104\/#\/schema\/logo\/image\/","url":"https:\/\/progettotouring.it\/radiotouring104\/wp-content\/uploads\/sites\/6\/2022\/02\/cropped-logo-radio-touring-104.png","contentUrl":"https:\/\/progettotouring.it\/radiotouring104\/wp-content\/uploads\/sites\/6\/2022\/02\/cropped-logo-radio-touring-104.png","width":377,"height":182,"caption":"Radio Touring 104"},"image":{"@id":"https:\/\/progettotouring.it\/radiotouring104\/#\/schema\/logo\/image\/"}},{"@type":"Person","@id":"https:\/\/progettotouring.it\/radiotouring104\/#\/schema\/person\/4a82259ca52ac8702ad1a8f9e5a3120b","name":"Filippo Francesco Idone","image":{"@type":"ImageObject","inLanguage":"it-IT","@id":"https:\/\/secure.gravatar.com\/avatar\/7268715d2366395c3dd314385670e6484117d44f5c442e61e230f7008b7b62d3?s=96&d=mm&r=g","url":"https:\/\/secure.gravatar.com\/avatar\/7268715d2366395c3dd314385670e6484117d44f5c442e61e230f7008b7b62d3?s=96&d=mm&r=g","contentUrl":"https:\/\/secure.gravatar.com\/avatar\/7268715d2366395c3dd314385670e6484117d44f5c442e61e230f7008b7b62d3?s=96&d=mm&r=g","caption":"Filippo Francesco Idone"},"url":"https:\/\/progettotouring.it\/radiotouring104\/author\/filippoidone\/"}]}},"jetpack_publicize_connections":[],"jetpack_featured_media_url":"https:\/\/progettotouring.it\/radiotouring104\/wp-content\/uploads\/sites\/6\/2024\/01\/notte-del-liceo-falcomata.jpeg","jetpack_sharing_enabled":true,"_links":{"self":[{"href":"https:\/\/progettotouring.it\/radiotouring104\/wp-json\/wp\/v2\/posts\/43099","targetHints":{"allow":["GET"]}}],"collection":[{"href":"https:\/\/progettotouring.it\/radiotouring104\/wp-json\/wp\/v2\/posts"}],"about":[{"href":"https:\/\/progettotouring.it\/radiotouring104\/wp-json\/wp\/v2\/types\/post"}],"author":[{"embeddable":true,"href":"https:\/\/progettotouring.it\/radiotouring104\/wp-json\/wp\/v2\/users\/8"}],"replies":[{"embeddable":true,"href":"https:\/\/progettotouring.it\/radiotouring104\/wp-json\/wp\/v2\/comments?post=43099"}],"version-history":[{"count":2,"href":"https:\/\/progettotouring.it\/radiotouring104\/wp-json\/wp\/v2\/posts\/43099\/revisions"}],"predecessor-version":[{"id":43102,"href":"https:\/\/progettotouring.it\/radiotouring104\/wp-json\/wp\/v2\/posts\/43099\/revisions\/43102"}],"wp:featuredmedia":[{"embeddable":true,"href":"https:\/\/progettotouring.it\/radiotouring104\/wp-json\/wp\/v2\/media\/43100"}],"wp:attachment":[{"href":"https:\/\/progettotouring.it\/radiotouring104\/wp-json\/wp\/v2\/media?parent=43099"}],"wp:term":[{"taxonomy":"category","embeddable":true,"href":"https:\/\/progettotouring.it\/radiotouring104\/wp-json\/wp\/v2\/categories?post=43099"},{"taxonomy":"post_tag","embeddable":true,"href":"https:\/\/progettotouring.it\/radiotouring104\/wp-json\/wp\/v2\/tags?post=43099"}],"curies":[{"name":"wp","href":"https:\/\/api.w.org\/{rel}","templated":true}]}}