{"id":43106,"date":"2024-01-21T12:34:27","date_gmt":"2024-01-21T11:34:27","guid":{"rendered":"https:\/\/progettotouring.it\/radiotouring104\/?p=43106"},"modified":"2024-01-21T13:37:43","modified_gmt":"2024-01-21T12:37:43","slug":"alecci-analizza-annullamento-della-selezione-dei-direttori-asp-vibo","status":"publish","type":"post","link":"https:\/\/progettotouring.it\/radiotouring104\/2024\/01\/21\/alecci-analizza-annullamento-della-selezione-dei-direttori-asp-vibo\/","title":{"rendered":"Alecci analizza annullamento della selezione dei direttori Asp Vibo"},"content":{"rendered":"<p style=\"text-align: justify\">L\u2019annullamento delle procedure di selezione per l\u2019individuazione dei direttori generali dell\u2019<strong>Asp di Vibo Valentia<\/strong>, e delle aziende ospedaliere di <strong>Cosenza e del Gom di Reggio Calabria<\/strong> \u00e8 un fatto gravissimo, che sottolinea ancora una volta la mancanza di visione e di programmazione da parte della struttura commissariale guidata dal Presidente<strong> Roberto Occhiuto.<\/strong> Proprio il Presidente, infatti, pi\u00f9 volte da quando \u00e8 alla guida della Sanit\u00e0 calabrese ha sottolineato la necessit\u00e0 di non perdere tempo e di dare stabilit\u00e0 ad un comparto \u201cin coma\u201d, attraverso il reclutamento delle migliori risorse umane, capaci di spendere sui territori in maniera efficiente ed efficace le grandi risorse economiche attualmente disponibili. Ebbene, il procedimento in questione, dopo mesi di attesa (era stato avviato l\u2019estate scorsa) doveva portare finalmente alla nomina di nuovi direttori, per dare stabilit\u00e0 a quel percorso di rinnovamento e ristrutturazione di cui la Sanit\u00e0 ha fortemente bisogno, e, invece, ci troviamo al punto di partenza, avendo atteso mesi per un altro nulla di fatto.<\/p>\n<p style=\"text-align: justify\">La sensazione \u00e8 che non ci sia un vero piano programmatico alla base delle azioni della struttura commissariale, che si \u201cnavighi a vista\u201d. Anche la grande protagonista di questo nuovo corso, la famigerata \u201c<strong>Azienda<\/strong> <strong>Zero<\/strong>\u201d, dopo la sua istituzione (ricordiamo che esiste almeno sulla carta da dicembre 2021) \u00e8 stata gi\u00e0 pi\u00f9 volte riorganizzata e non ha ancora avviato nessuna azione di rilievo. Cos\u00ec, a pi\u00f9 di 2 anni dal commissariamento Occhiuto, si registrano ancora gravi carenze sia per quanto riguarda le strutture ospedaliere che la medicina territoriale. Come abbiamo pi\u00f9 volte evidenziato, i nostri ospedali, nonostante i grandi sacrifici del personale, continuano ad utilizzare macchinari obsoleti, a non garantire i livelli essenziali di assistenza, le liste d\u2019attesa aumentano, la migrazione sanitaria \u00e8 sempre pi\u00f9 preoccupante. Ci troviamo quasi alla soglia di met\u00e0 mandato per questa legislatura ed al netto dei tanti proclami non si registra nessun cambio di marcia per la sanit\u00e0 calabrese.<\/p>\n","protected":false},"excerpt":{"rendered":"<p>L\u2019annullamento delle procedure di selezione per l\u2019individuazione dei direttori generali dell\u2019Asp di Vibo Valentia, e delle aziende ospedaliere di Cosenza e del Gom di Reggio Calabria \u00e8 un fatto gravissimo,&hellip;<\/p>\n","protected":false},"author":8,"featured_media":18247,"comment_status":"closed","ping_status":"open","sticky":false,"template":"","format":"standard","meta":{"_jetpack_memberships_contains_paid_content":false,"footnotes":"","jetpack_publicize_message":"","jetpack_publicize_feature_enabled":true,"jetpack_social_post_already_shared":false,"jetpack_social_options":{"image_generator_settings":{"template":"highway","default_image_id":0,"font":"","enabled":false},"version":2}},"categories":[142,921,196,195],"tags":[6091,26564,586,354,702,236,1235],"class_list":["post-43106","post","type-post","status-publish","format-standard","has-post-thumbnail","hentry","category-calabria","category-home","category-news","category-politica","tag-alecci","tag-asp-vibo-valentia","tag-calabria","tag-cosenza","tag-gom","tag-reggio-calabria","tag-roberto-occhiuto"],"yoast_head":"<!-- This site is optimized with the Yoast SEO plugin v27.2 - https:\/\/yoast.com\/product\/yoast-seo-wordpress\/ -->\n<title>Alecci analizza annullamento della selezione dei direttori Asp Vibo - Radio Touring 104<\/title>\n<meta name=\"description\" content=\"Il consigliere Alecci ha analizzato l&#039;annullamento della selezione dei direttori Asp Vibo e delle aziende ospedaliere Cosenza e Reggio\" \/>\n<meta name=\"robots\" content=\"index, follow, max-snippet:-1, max-image-preview:large, max-video-preview:-1\" \/>\n<link rel=\"canonical\" href=\"https:\/\/progettotouring.it\/radiotouring104\/2024\/01\/21\/alecci-analizza-annullamento-della-selezione-dei-direttori-asp-vibo\/\" \/>\n<meta property=\"og:locale\" content=\"it_IT\" \/>\n<meta property=\"og:type\" content=\"article\" \/>\n<meta property=\"og:title\" content=\"Alecci analizza annullamento della selezione dei direttori Asp Vibo - Radio Touring 104\" \/>\n<meta property=\"og:description\" content=\"Il consigliere Alecci ha analizzato l&#039;annullamento della selezione dei direttori Asp Vibo e delle aziende ospedaliere Cosenza e Reggio\" \/>\n<meta property=\"og:url\" content=\"https:\/\/progettotouring.it\/radiotouring104\/2024\/01\/21\/alecci-analizza-annullamento-della-selezione-dei-direttori-asp-vibo\/\" \/>\n<meta property=\"og:site_name\" content=\"Radio Touring 104\" \/>\n<meta property=\"article:published_time\" content=\"2024-01-21T11:34:27+00:00\" \/>\n<meta property=\"article:modified_time\" content=\"2024-01-21T12:37:43+00:00\" \/>\n<meta property=\"og:image\" content=\"https:\/\/progettotouring.it\/radiotouring104\/wp-content\/uploads\/sites\/6\/2023\/02\/ernesto-alecci.jpg\" \/>\n\t<meta property=\"og:image:width\" content=\"1319\" \/>\n\t<meta property=\"og:image:height\" content=\"1600\" \/>\n\t<meta property=\"og:image:type\" content=\"image\/jpeg\" \/>\n<meta name=\"author\" content=\"Filippo Francesco Idone\" \/>\n<meta name=\"twitter:card\" content=\"summary_large_image\" \/>\n<meta name=\"twitter:label1\" content=\"Scritto da\" \/>\n\t<meta name=\"twitter:data1\" content=\"Filippo Francesco Idone\" \/>\n\t<meta name=\"twitter:label2\" content=\"Tempo di lettura stimato\" \/>\n\t<meta name=\"twitter:data2\" content=\"2 minuti\" \/>\n<script type=\"application\/ld+json\" class=\"yoast-schema-graph\">{\"@context\":\"https:\/\/schema.org\",\"@graph\":[{\"@type\":\"Article\",\"@id\":\"https:\/\/progettotouring.it\/radiotouring104\/2024\/01\/21\/alecci-analizza-annullamento-della-selezione-dei-direttori-asp-vibo\/#article\",\"isPartOf\":{\"@id\":\"https:\/\/progettotouring.it\/radiotouring104\/2024\/01\/21\/alecci-analizza-annullamento-della-selezione-dei-direttori-asp-vibo\/\"},\"author\":{\"name\":\"Filippo Francesco Idone\",\"@id\":\"https:\/\/progettotouring.it\/radiotouring104\/#\/schema\/person\/4a82259ca52ac8702ad1a8f9e5a3120b\"},\"headline\":\"Alecci analizza annullamento della selezione dei direttori Asp Vibo\",\"datePublished\":\"2024-01-21T11:34:27+00:00\",\"dateModified\":\"2024-01-21T12:37:43+00:00\",\"mainEntityOfPage\":{\"@id\":\"https:\/\/progettotouring.it\/radiotouring104\/2024\/01\/21\/alecci-analizza-annullamento-della-selezione-dei-direttori-asp-vibo\/\"},\"wordCount\":323,\"publisher\":{\"@id\":\"https:\/\/progettotouring.it\/radiotouring104\/#organization\"},\"image\":{\"@id\":\"https:\/\/progettotouring.it\/radiotouring104\/2024\/01\/21\/alecci-analizza-annullamento-della-selezione-dei-direttori-asp-vibo\/#primaryimage\"},\"thumbnailUrl\":\"https:\/\/progettotouring.it\/radiotouring104\/wp-content\/uploads\/sites\/6\/2023\/02\/ernesto-alecci.jpg\",\"keywords\":[\"alecci\",\"asp vibo valentia\",\"calabria\",\"Cosenza\",\"gom\",\"reggio calabria\",\"roberto occhiuto\"],\"articleSection\":[\"Calabria\",\"Home\",\"News\",\"Politica\"],\"inLanguage\":\"it-IT\"},{\"@type\":\"WebPage\",\"@id\":\"https:\/\/progettotouring.it\/radiotouring104\/2024\/01\/21\/alecci-analizza-annullamento-della-selezione-dei-direttori-asp-vibo\/\",\"url\":\"https:\/\/progettotouring.it\/radiotouring104\/2024\/01\/21\/alecci-analizza-annullamento-della-selezione-dei-direttori-asp-vibo\/\",\"name\":\"Alecci analizza annullamento della selezione dei direttori Asp Vibo - Radio Touring 104\",\"isPartOf\":{\"@id\":\"https:\/\/progettotouring.it\/radiotouring104\/#website\"},\"primaryImageOfPage\":{\"@id\":\"https:\/\/progettotouring.it\/radiotouring104\/2024\/01\/21\/alecci-analizza-annullamento-della-selezione-dei-direttori-asp-vibo\/#primaryimage\"},\"image\":{\"@id\":\"https:\/\/progettotouring.it\/radiotouring104\/2024\/01\/21\/alecci-analizza-annullamento-della-selezione-dei-direttori-asp-vibo\/#primaryimage\"},\"thumbnailUrl\":\"https:\/\/progettotouring.it\/radiotouring104\/wp-content\/uploads\/sites\/6\/2023\/02\/ernesto-alecci.jpg\",\"datePublished\":\"2024-01-21T11:34:27+00:00\",\"dateModified\":\"2024-01-21T12:37:43+00:00\",\"description\":\"Il consigliere Alecci ha analizzato l'annullamento della selezione dei direttori Asp Vibo e delle aziende ospedaliere Cosenza e Reggio\",\"breadcrumb\":{\"@id\":\"https:\/\/progettotouring.it\/radiotouring104\/2024\/01\/21\/alecci-analizza-annullamento-della-selezione-dei-direttori-asp-vibo\/#breadcrumb\"},\"inLanguage\":\"it-IT\",\"potentialAction\":[{\"@type\":\"ReadAction\",\"target\":[\"https:\/\/progettotouring.it\/radiotouring104\/2024\/01\/21\/alecci-analizza-annullamento-della-selezione-dei-direttori-asp-vibo\/\"]}]},{\"@type\":\"ImageObject\",\"inLanguage\":\"it-IT\",\"@id\":\"https:\/\/progettotouring.it\/radiotouring104\/2024\/01\/21\/alecci-analizza-annullamento-della-selezione-dei-direttori-asp-vibo\/#primaryimage\",\"url\":\"https:\/\/progettotouring.it\/radiotouring104\/wp-content\/uploads\/sites\/6\/2023\/02\/ernesto-alecci.jpg\",\"contentUrl\":\"https:\/\/progettotouring.it\/radiotouring104\/wp-content\/uploads\/sites\/6\/2023\/02\/ernesto-alecci.jpg\",\"width\":1319,\"height\":1600},{\"@type\":\"BreadcrumbList\",\"@id\":\"https:\/\/progettotouring.it\/radiotouring104\/2024\/01\/21\/alecci-analizza-annullamento-della-selezione-dei-direttori-asp-vibo\/#breadcrumb\",\"itemListElement\":[{\"@type\":\"ListItem\",\"position\":1,\"name\":\"Home\",\"item\":\"https:\/\/progettotouring.it\/radiotouring104\/\"},{\"@type\":\"ListItem\",\"position\":2,\"name\":\"Alecci analizza annullamento della selezione dei direttori Asp Vibo\"}]},{\"@type\":\"WebSite\",\"@id\":\"https:\/\/progettotouring.it\/radiotouring104\/#website\",\"url\":\"https:\/\/progettotouring.it\/radiotouring104\/\",\"name\":\"Radio Touring 104\",\"description\":\"La prima radio Reggina\",\"publisher\":{\"@id\":\"https:\/\/progettotouring.it\/radiotouring104\/#organization\"},\"potentialAction\":[{\"@type\":\"SearchAction\",\"target\":{\"@type\":\"EntryPoint\",\"urlTemplate\":\"https:\/\/progettotouring.it\/radiotouring104\/?s={search_term_string}\"},\"query-input\":{\"@type\":\"PropertyValueSpecification\",\"valueRequired\":true,\"valueName\":\"search_term_string\"}}],\"inLanguage\":\"it-IT\"},{\"@type\":\"Organization\",\"@id\":\"https:\/\/progettotouring.it\/radiotouring104\/#organization\",\"name\":\"Radio Touring 104\",\"url\":\"https:\/\/progettotouring.it\/radiotouring104\/\",\"logo\":{\"@type\":\"ImageObject\",\"inLanguage\":\"it-IT\",\"@id\":\"https:\/\/progettotouring.it\/radiotouring104\/#\/schema\/logo\/image\/\",\"url\":\"https:\/\/progettotouring.it\/radiotouring104\/wp-content\/uploads\/sites\/6\/2022\/02\/cropped-logo-radio-touring-104.png\",\"contentUrl\":\"https:\/\/progettotouring.it\/radiotouring104\/wp-content\/uploads\/sites\/6\/2022\/02\/cropped-logo-radio-touring-104.png\",\"width\":377,\"height\":182,\"caption\":\"Radio Touring 104\"},\"image\":{\"@id\":\"https:\/\/progettotouring.it\/radiotouring104\/#\/schema\/logo\/image\/\"}},{\"@type\":\"Person\",\"@id\":\"https:\/\/progettotouring.it\/radiotouring104\/#\/schema\/person\/4a82259ca52ac8702ad1a8f9e5a3120b\",\"name\":\"Filippo Francesco Idone\",\"image\":{\"@type\":\"ImageObject\",\"inLanguage\":\"it-IT\",\"@id\":\"https:\/\/secure.gravatar.com\/avatar\/7268715d2366395c3dd314385670e6484117d44f5c442e61e230f7008b7b62d3?s=96&d=mm&r=g\",\"url\":\"https:\/\/secure.gravatar.com\/avatar\/7268715d2366395c3dd314385670e6484117d44f5c442e61e230f7008b7b62d3?s=96&d=mm&r=g\",\"contentUrl\":\"https:\/\/secure.gravatar.com\/avatar\/7268715d2366395c3dd314385670e6484117d44f5c442e61e230f7008b7b62d3?s=96&d=mm&r=g\",\"caption\":\"Filippo Francesco Idone\"},\"url\":\"https:\/\/progettotouring.it\/radiotouring104\/author\/filippoidone\/\"}]}<\/script>\n<!-- \/ Yoast SEO plugin. -->","yoast_head_json":{"title":"Alecci analizza annullamento della selezione dei direttori Asp Vibo - Radio Touring 104","description":"Il consigliere Alecci ha analizzato l'annullamento della selezione dei direttori Asp Vibo e delle aziende ospedaliere Cosenza e Reggio","robots":{"index":"index","follow":"follow","max-snippet":"max-snippet:-1","max-image-preview":"max-image-preview:large","max-video-preview":"max-video-preview:-1"},"canonical":"https:\/\/progettotouring.it\/radiotouring104\/2024\/01\/21\/alecci-analizza-annullamento-della-selezione-dei-direttori-asp-vibo\/","og_locale":"it_IT","og_type":"article","og_title":"Alecci analizza annullamento della selezione dei direttori Asp Vibo - Radio Touring 104","og_description":"Il consigliere Alecci ha analizzato l'annullamento della selezione dei direttori Asp Vibo e delle aziende ospedaliere Cosenza e Reggio","og_url":"https:\/\/progettotouring.it\/radiotouring104\/2024\/01\/21\/alecci-analizza-annullamento-della-selezione-dei-direttori-asp-vibo\/","og_site_name":"Radio Touring 104","article_published_time":"2024-01-21T11:34:27+00:00","article_modified_time":"2024-01-21T12:37:43+00:00","og_image":[{"width":1319,"height":1600,"url":"https:\/\/progettotouring.it\/radiotouring104\/wp-content\/uploads\/sites\/6\/2023\/02\/ernesto-alecci.jpg","type":"image\/jpeg"}],"author":"Filippo Francesco Idone","twitter_card":"summary_large_image","twitter_misc":{"Scritto da":"Filippo Francesco Idone","Tempo di lettura stimato":"2 minuti"},"schema":{"@context":"https:\/\/schema.org","@graph":[{"@type":"Article","@id":"https:\/\/progettotouring.it\/radiotouring104\/2024\/01\/21\/alecci-analizza-annullamento-della-selezione-dei-direttori-asp-vibo\/#article","isPartOf":{"@id":"https:\/\/progettotouring.it\/radiotouring104\/2024\/01\/21\/alecci-analizza-annullamento-della-selezione-dei-direttori-asp-vibo\/"},"author":{"name":"Filippo Francesco Idone","@id":"https:\/\/progettotouring.it\/radiotouring104\/#\/schema\/person\/4a82259ca52ac8702ad1a8f9e5a3120b"},"headline":"Alecci analizza annullamento della selezione dei direttori Asp Vibo","datePublished":"2024-01-21T11:34:27+00:00","dateModified":"2024-01-21T12:37:43+00:00","mainEntityOfPage":{"@id":"https:\/\/progettotouring.it\/radiotouring104\/2024\/01\/21\/alecci-analizza-annullamento-della-selezione-dei-direttori-asp-vibo\/"},"wordCount":323,"publisher":{"@id":"https:\/\/progettotouring.it\/radiotouring104\/#organization"},"image":{"@id":"https:\/\/progettotouring.it\/radiotouring104\/2024\/01\/21\/alecci-analizza-annullamento-della-selezione-dei-direttori-asp-vibo\/#primaryimage"},"thumbnailUrl":"https:\/\/progettotouring.it\/radiotouring104\/wp-content\/uploads\/sites\/6\/2023\/02\/ernesto-alecci.jpg","keywords":["alecci","asp vibo valentia","calabria","Cosenza","gom","reggio calabria","roberto occhiuto"],"articleSection":["Calabria","Home","News","Politica"],"inLanguage":"it-IT"},{"@type":"WebPage","@id":"https:\/\/progettotouring.it\/radiotouring104\/2024\/01\/21\/alecci-analizza-annullamento-della-selezione-dei-direttori-asp-vibo\/","url":"https:\/\/progettotouring.it\/radiotouring104\/2024\/01\/21\/alecci-analizza-annullamento-della-selezione-dei-direttori-asp-vibo\/","name":"Alecci analizza annullamento della selezione dei direttori Asp Vibo - Radio Touring 104","isPartOf":{"@id":"https:\/\/progettotouring.it\/radiotouring104\/#website"},"primaryImageOfPage":{"@id":"https:\/\/progettotouring.it\/radiotouring104\/2024\/01\/21\/alecci-analizza-annullamento-della-selezione-dei-direttori-asp-vibo\/#primaryimage"},"image":{"@id":"https:\/\/progettotouring.it\/radiotouring104\/2024\/01\/21\/alecci-analizza-annullamento-della-selezione-dei-direttori-asp-vibo\/#primaryimage"},"thumbnailUrl":"https:\/\/progettotouring.it\/radiotouring104\/wp-content\/uploads\/sites\/6\/2023\/02\/ernesto-alecci.jpg","datePublished":"2024-01-21T11:34:27+00:00","dateModified":"2024-01-21T12:37:43+00:00","description":"Il consigliere Alecci ha analizzato l'annullamento della selezione dei direttori Asp Vibo e delle aziende ospedaliere Cosenza e Reggio","breadcrumb":{"@id":"https:\/\/progettotouring.it\/radiotouring104\/2024\/01\/21\/alecci-analizza-annullamento-della-selezione-dei-direttori-asp-vibo\/#breadcrumb"},"inLanguage":"it-IT","potentialAction":[{"@type":"ReadAction","target":["https:\/\/progettotouring.it\/radiotouring104\/2024\/01\/21\/alecci-analizza-annullamento-della-selezione-dei-direttori-asp-vibo\/"]}]},{"@type":"ImageObject","inLanguage":"it-IT","@id":"https:\/\/progettotouring.it\/radiotouring104\/2024\/01\/21\/alecci-analizza-annullamento-della-selezione-dei-direttori-asp-vibo\/#primaryimage","url":"https:\/\/progettotouring.it\/radiotouring104\/wp-content\/uploads\/sites\/6\/2023\/02\/ernesto-alecci.jpg","contentUrl":"https:\/\/progettotouring.it\/radiotouring104\/wp-content\/uploads\/sites\/6\/2023\/02\/ernesto-alecci.jpg","width":1319,"height":1600},{"@type":"BreadcrumbList","@id":"https:\/\/progettotouring.it\/radiotouring104\/2024\/01\/21\/alecci-analizza-annullamento-della-selezione-dei-direttori-asp-vibo\/#breadcrumb","itemListElement":[{"@type":"ListItem","position":1,"name":"Home","item":"https:\/\/progettotouring.it\/radiotouring104\/"},{"@type":"ListItem","position":2,"name":"Alecci analizza annullamento della selezione dei direttori Asp Vibo"}]},{"@type":"WebSite","@id":"https:\/\/progettotouring.it\/radiotouring104\/#website","url":"https:\/\/progettotouring.it\/radiotouring104\/","name":"Radio Touring 104","description":"La prima radio Reggina","publisher":{"@id":"https:\/\/progettotouring.it\/radiotouring104\/#organization"},"potentialAction":[{"@type":"SearchAction","target":{"@type":"EntryPoint","urlTemplate":"https:\/\/progettotouring.it\/radiotouring104\/?s={search_term_string}"},"query-input":{"@type":"PropertyValueSpecification","valueRequired":true,"valueName":"search_term_string"}}],"inLanguage":"it-IT"},{"@type":"Organization","@id":"https:\/\/progettotouring.it\/radiotouring104\/#organization","name":"Radio Touring 104","url":"https:\/\/progettotouring.it\/radiotouring104\/","logo":{"@type":"ImageObject","inLanguage":"it-IT","@id":"https:\/\/progettotouring.it\/radiotouring104\/#\/schema\/logo\/image\/","url":"https:\/\/progettotouring.it\/radiotouring104\/wp-content\/uploads\/sites\/6\/2022\/02\/cropped-logo-radio-touring-104.png","contentUrl":"https:\/\/progettotouring.it\/radiotouring104\/wp-content\/uploads\/sites\/6\/2022\/02\/cropped-logo-radio-touring-104.png","width":377,"height":182,"caption":"Radio Touring 104"},"image":{"@id":"https:\/\/progettotouring.it\/radiotouring104\/#\/schema\/logo\/image\/"}},{"@type":"Person","@id":"https:\/\/progettotouring.it\/radiotouring104\/#\/schema\/person\/4a82259ca52ac8702ad1a8f9e5a3120b","name":"Filippo Francesco Idone","image":{"@type":"ImageObject","inLanguage":"it-IT","@id":"https:\/\/secure.gravatar.com\/avatar\/7268715d2366395c3dd314385670e6484117d44f5c442e61e230f7008b7b62d3?s=96&d=mm&r=g","url":"https:\/\/secure.gravatar.com\/avatar\/7268715d2366395c3dd314385670e6484117d44f5c442e61e230f7008b7b62d3?s=96&d=mm&r=g","contentUrl":"https:\/\/secure.gravatar.com\/avatar\/7268715d2366395c3dd314385670e6484117d44f5c442e61e230f7008b7b62d3?s=96&d=mm&r=g","caption":"Filippo Francesco Idone"},"url":"https:\/\/progettotouring.it\/radiotouring104\/author\/filippoidone\/"}]}},"jetpack_publicize_connections":[],"jetpack_featured_media_url":"https:\/\/progettotouring.it\/radiotouring104\/wp-content\/uploads\/sites\/6\/2023\/02\/ernesto-alecci.jpg","jetpack_sharing_enabled":true,"_links":{"self":[{"href":"https:\/\/progettotouring.it\/radiotouring104\/wp-json\/wp\/v2\/posts\/43106","targetHints":{"allow":["GET"]}}],"collection":[{"href":"https:\/\/progettotouring.it\/radiotouring104\/wp-json\/wp\/v2\/posts"}],"about":[{"href":"https:\/\/progettotouring.it\/radiotouring104\/wp-json\/wp\/v2\/types\/post"}],"author":[{"embeddable":true,"href":"https:\/\/progettotouring.it\/radiotouring104\/wp-json\/wp\/v2\/users\/8"}],"replies":[{"embeddable":true,"href":"https:\/\/progettotouring.it\/radiotouring104\/wp-json\/wp\/v2\/comments?post=43106"}],"version-history":[{"count":1,"href":"https:\/\/progettotouring.it\/radiotouring104\/wp-json\/wp\/v2\/posts\/43106\/revisions"}],"predecessor-version":[{"id":43107,"href":"https:\/\/progettotouring.it\/radiotouring104\/wp-json\/wp\/v2\/posts\/43106\/revisions\/43107"}],"wp:featuredmedia":[{"embeddable":true,"href":"https:\/\/progettotouring.it\/radiotouring104\/wp-json\/wp\/v2\/media\/18247"}],"wp:attachment":[{"href":"https:\/\/progettotouring.it\/radiotouring104\/wp-json\/wp\/v2\/media?parent=43106"}],"wp:term":[{"taxonomy":"category","embeddable":true,"href":"https:\/\/progettotouring.it\/radiotouring104\/wp-json\/wp\/v2\/categories?post=43106"},{"taxonomy":"post_tag","embeddable":true,"href":"https:\/\/progettotouring.it\/radiotouring104\/wp-json\/wp\/v2\/tags?post=43106"}],"curies":[{"name":"wp","href":"https:\/\/api.w.org\/{rel}","templated":true}]}}