{"id":43121,"date":"2024-01-21T17:53:30","date_gmt":"2024-01-21T16:53:30","guid":{"rendered":"https:\/\/progettotouring.it\/radiotouring104\/?p=43121"},"modified":"2024-01-21T17:53:30","modified_gmt":"2024-01-21T16:53:30","slug":"lfa-reggio-calabria-trocini-amareggiato-per-il-pari-oggi-avremmo-strameritato","status":"publish","type":"post","link":"https:\/\/progettotouring.it\/radiotouring104\/2024\/01\/21\/lfa-reggio-calabria-trocini-amareggiato-per-il-pari-oggi-avremmo-strameritato\/","title":{"rendered":"LFA Reggio Calabria, Trocini amareggiato per il pari: &#8220;Oggi avremmo strameritato&#8221;"},"content":{"rendered":"<p style=\"text-align: justify\">Il derby &#8220;Metropolitano&#8221; tra la <strong>LFA Reggio Calabria<\/strong> e il <strong>San Luca<\/strong> \u00e8 terminato 1-1. In vantaggio sono andati in vantaggio con <strong>Pelle<\/strong> nei minuti finali del primo tempo subendo le iniziative nella prima parte di gara. Il pareggio degli amaranto \u00e8 arrivato nelle battute finali con una bella punizione di <strong>Perri.\u00a0<\/strong>In questi secondi 45 minuti gli amaranto hanno centrato una clamorosa traversa con <strong>Mungo <\/strong>e la squadra giallorossa \u00e8 stata salvata sulla linea da <strong>Iann\u00ec<\/strong> su un pregevole colpo di testa di <strong>Provazza.\u00a0<\/strong>Un pareggio che fa male alla classifica visto che la <strong>LFA Reggio Calabria<\/strong> ha 3 punti di vantaggio sul <strong>Citt\u00e0 di Sant&#8217;Agata,\u00a0<\/strong>ovvero la prima squadra fuori dai playoff. Il prossimo turno sar\u00e0 tosto visto che i reggini affronteranno il <strong>Siracusa<\/strong> in terra siciliana.<\/p>\n<p style=\"text-align: justify\">In conferenza stampa mister <strong>Trocini<\/strong> ha analizzato il pareggio della squadra amaranto contro il <strong>San<\/strong> <strong>Luca: <\/strong><em>&#8220;Ci \u00e8 mancato il gol. A questo punto della stagione in qualcosa pecchiamo e la dobbiamo migliorare. <strong>Fatico a commentare la partita oggi.<\/strong> <strong>Martinez<\/strong> non si far\u00e0 nemmeno la doccia perch\u00e9 abbiamo giocato per circa 80 minuti nella loro area di rigore creando una decina di palle gol. Ci \u00e8 mancata la zampata vincente, abbiamo toccato tanti palloni e queste partite al 99 volte su 100 le vinci e<strong> oggi avremmo strameritato. L&#8217;assenza di Barill\u00e0? Stiamo parlando di un giocatore decisivo e ci \u00e8 mancato tantissimo.<\/strong> La panchina corta ci ha messo in difficolt\u00e0 ed \u00e8 stato complicato a fare quel qualcosa in pi\u00f9. Personalmente sono per\u00f2 felice della crescita e oggi abbiamo creato tanto contro un avversario in salute. Oggi <strong>Bolzicco<\/strong> ha creato tanto e ha giocato contro due difensori. Mi aspettavo di pi\u00f9 si, ma non deve segnare solo il centravanti. <strong>Arriveranno i suoi gol.<\/strong> Fa un grosso lavoro e merita i miei pi\u00f9 sinceri complimenti&#8221;.<\/em><\/p>\n<p style=\"text-align: justify\">Il mister ha parlato dell&#8217;infortunio di <strong>Rosseti<\/strong>: &#8220;<em><strong>Pensavo che fosse un affaticamento, ma ho sbagliato.<\/strong> Ma dopo gli esami strumentali abbiamo scoperto che <strong>ha una piccola lesione al gemello che si sta cicatrizzando.<\/strong> Adesso sta molto meglio&#8221;.<\/em><\/p>\n<p style=\"text-align: justify\">L&#8217;allenatore amaranto ha poi parlato della prossima sfida col <strong>Siracusa<\/strong>: &#8220;<em>Arriviamo avvelenati perch\u00e9 volevamo vincere<\/em><em> oggi e abbiamo fatto di tutto per vincere. <strong>Siamo in condizione<\/strong> e siamo migliorati tanto e questa \u00e8 una convinzione che ci porteremo dentro fino alla fine della stagione&#8221;.\u00a0<\/em><\/p>\n","protected":false},"excerpt":{"rendered":"<p>Il derby &#8220;Metropolitano&#8221; tra la LFA Reggio Calabria e il San Luca \u00e8 terminato 1-1. In vantaggio sono andati in vantaggio con Pelle nei minuti finali del primo tempo subendo&hellip;<\/p>\n","protected":false},"author":8,"featured_media":0,"comment_status":"closed","ping_status":"open","sticky":false,"template":"","format":"standard","meta":{"_jetpack_memberships_contains_paid_content":false,"footnotes":"","jetpack_publicize_message":"","jetpack_publicize_feature_enabled":true,"jetpack_social_post_already_shared":false,"jetpack_social_options":{"image_generator_settings":{"template":"highway","default_image_id":0,"font":"","enabled":false},"version":2}},"categories":[196,140,144],"tags":[23109,214,21478,5404,21592,21479],"class_list":["post-43121","post","type-post","status-publish","format-standard","hentry","category-news","category-reggio-calabria","category-sport","tag-citta-di-santagata","tag-granillo","tag-lfa-reggio-calabria","tag-san-luca","tag-serie-d-girone-i","tag-trocini"],"yoast_head":"<!-- This site is optimized with the Yoast SEO plugin v27.2 - https:\/\/yoast.com\/product\/yoast-seo-wordpress\/ -->\n<title>LFA Reggio Calabria, Trocini amareggiato per il pari: &quot;Oggi avremmo strameritato&quot; - Radio Touring 104<\/title>\n<meta name=\"description\" content=\"In conferenza stampa mister Trocini ha analizzato il pareggio della LFA Reggio Calabria contro il San Luca\" \/>\n<meta name=\"robots\" content=\"index, follow, max-snippet:-1, max-image-preview:large, max-video-preview:-1\" \/>\n<link rel=\"canonical\" href=\"https:\/\/progettotouring.it\/radiotouring104\/2024\/01\/21\/lfa-reggio-calabria-trocini-amareggiato-per-il-pari-oggi-avremmo-strameritato\/\" \/>\n<meta property=\"og:locale\" content=\"it_IT\" \/>\n<meta property=\"og:type\" content=\"article\" \/>\n<meta property=\"og:title\" content=\"LFA Reggio Calabria, Trocini amareggiato per il pari: &quot;Oggi avremmo strameritato&quot; - Radio Touring 104\" \/>\n<meta property=\"og:description\" content=\"In conferenza stampa mister Trocini ha analizzato il pareggio della LFA Reggio Calabria contro il San Luca\" \/>\n<meta property=\"og:url\" content=\"https:\/\/progettotouring.it\/radiotouring104\/2024\/01\/21\/lfa-reggio-calabria-trocini-amareggiato-per-il-pari-oggi-avremmo-strameritato\/\" \/>\n<meta property=\"og:site_name\" content=\"Radio Touring 104\" \/>\n<meta property=\"article:published_time\" content=\"2024-01-21T16:53:30+00:00\" \/>\n<meta property=\"og:image\" content=\"https:\/\/progettotouring.it\/radiotouring104\/wp-content\/uploads\/sites\/6\/2023\/10\/trocini.png\" \/>\n\t<meta property=\"og:image:width\" content=\"907\" \/>\n\t<meta property=\"og:image:height\" content=\"427\" \/>\n\t<meta property=\"og:image:type\" content=\"image\/png\" \/>\n<meta name=\"author\" content=\"Filippo Francesco Idone\" \/>\n<meta name=\"twitter:card\" content=\"summary_large_image\" \/>\n<meta name=\"twitter:label1\" content=\"Scritto da\" \/>\n\t<meta name=\"twitter:data1\" content=\"Filippo Francesco Idone\" \/>\n\t<meta name=\"twitter:label2\" content=\"Tempo di lettura stimato\" \/>\n\t<meta name=\"twitter:data2\" content=\"2 minuti\" \/>\n<script type=\"application\/ld+json\" class=\"yoast-schema-graph\">{\"@context\":\"https:\/\/schema.org\",\"@graph\":[{\"@type\":\"Article\",\"@id\":\"https:\/\/progettotouring.it\/radiotouring104\/2024\/01\/21\/lfa-reggio-calabria-trocini-amareggiato-per-il-pari-oggi-avremmo-strameritato\/#article\",\"isPartOf\":{\"@id\":\"https:\/\/progettotouring.it\/radiotouring104\/2024\/01\/21\/lfa-reggio-calabria-trocini-amareggiato-per-il-pari-oggi-avremmo-strameritato\/\"},\"author\":{\"name\":\"Filippo Francesco Idone\",\"@id\":\"https:\/\/progettotouring.it\/radiotouring104\/#\/schema\/person\/4a82259ca52ac8702ad1a8f9e5a3120b\"},\"headline\":\"LFA Reggio Calabria, Trocini amareggiato per il pari: &#8220;Oggi avremmo strameritato&#8221;\",\"datePublished\":\"2024-01-21T16:53:30+00:00\",\"mainEntityOfPage\":{\"@id\":\"https:\/\/progettotouring.it\/radiotouring104\/2024\/01\/21\/lfa-reggio-calabria-trocini-amareggiato-per-il-pari-oggi-avremmo-strameritato\/\"},\"wordCount\":382,\"publisher\":{\"@id\":\"https:\/\/progettotouring.it\/radiotouring104\/#organization\"},\"keywords\":[\"Citt\u00e0 di Sant\u2019Agata\",\"granillo\",\"LFA Reggio Calabria\",\"San Luca\",\"Serie D Girone I\",\"trocini\"],\"articleSection\":[\"News\",\"Reggio Calabria\",\"Sport\"],\"inLanguage\":\"it-IT\"},{\"@type\":\"WebPage\",\"@id\":\"https:\/\/progettotouring.it\/radiotouring104\/2024\/01\/21\/lfa-reggio-calabria-trocini-amareggiato-per-il-pari-oggi-avremmo-strameritato\/\",\"url\":\"https:\/\/progettotouring.it\/radiotouring104\/2024\/01\/21\/lfa-reggio-calabria-trocini-amareggiato-per-il-pari-oggi-avremmo-strameritato\/\",\"name\":\"LFA Reggio Calabria, Trocini amareggiato per il pari: \\\"Oggi avremmo strameritato\\\" - Radio Touring 104\",\"isPartOf\":{\"@id\":\"https:\/\/progettotouring.it\/radiotouring104\/#website\"},\"datePublished\":\"2024-01-21T16:53:30+00:00\",\"description\":\"In conferenza stampa mister Trocini ha analizzato il pareggio della LFA Reggio Calabria contro il San Luca\",\"breadcrumb\":{\"@id\":\"https:\/\/progettotouring.it\/radiotouring104\/2024\/01\/21\/lfa-reggio-calabria-trocini-amareggiato-per-il-pari-oggi-avremmo-strameritato\/#breadcrumb\"},\"inLanguage\":\"it-IT\",\"potentialAction\":[{\"@type\":\"ReadAction\",\"target\":[\"https:\/\/progettotouring.it\/radiotouring104\/2024\/01\/21\/lfa-reggio-calabria-trocini-amareggiato-per-il-pari-oggi-avremmo-strameritato\/\"]}]},{\"@type\":\"BreadcrumbList\",\"@id\":\"https:\/\/progettotouring.it\/radiotouring104\/2024\/01\/21\/lfa-reggio-calabria-trocini-amareggiato-per-il-pari-oggi-avremmo-strameritato\/#breadcrumb\",\"itemListElement\":[{\"@type\":\"ListItem\",\"position\":1,\"name\":\"Home\",\"item\":\"https:\/\/progettotouring.it\/radiotouring104\/\"},{\"@type\":\"ListItem\",\"position\":2,\"name\":\"LFA Reggio Calabria, Trocini amareggiato per il pari: &#8220;Oggi avremmo strameritato&#8221;\"}]},{\"@type\":\"WebSite\",\"@id\":\"https:\/\/progettotouring.it\/radiotouring104\/#website\",\"url\":\"https:\/\/progettotouring.it\/radiotouring104\/\",\"name\":\"Radio Touring 104\",\"description\":\"La prima radio Reggina\",\"publisher\":{\"@id\":\"https:\/\/progettotouring.it\/radiotouring104\/#organization\"},\"potentialAction\":[{\"@type\":\"SearchAction\",\"target\":{\"@type\":\"EntryPoint\",\"urlTemplate\":\"https:\/\/progettotouring.it\/radiotouring104\/?s={search_term_string}\"},\"query-input\":{\"@type\":\"PropertyValueSpecification\",\"valueRequired\":true,\"valueName\":\"search_term_string\"}}],\"inLanguage\":\"it-IT\"},{\"@type\":\"Organization\",\"@id\":\"https:\/\/progettotouring.it\/radiotouring104\/#organization\",\"name\":\"Radio Touring 104\",\"url\":\"https:\/\/progettotouring.it\/radiotouring104\/\",\"logo\":{\"@type\":\"ImageObject\",\"inLanguage\":\"it-IT\",\"@id\":\"https:\/\/progettotouring.it\/radiotouring104\/#\/schema\/logo\/image\/\",\"url\":\"https:\/\/progettotouring.it\/radiotouring104\/wp-content\/uploads\/sites\/6\/2022\/02\/cropped-logo-radio-touring-104.png\",\"contentUrl\":\"https:\/\/progettotouring.it\/radiotouring104\/wp-content\/uploads\/sites\/6\/2022\/02\/cropped-logo-radio-touring-104.png\",\"width\":377,\"height\":182,\"caption\":\"Radio Touring 104\"},\"image\":{\"@id\":\"https:\/\/progettotouring.it\/radiotouring104\/#\/schema\/logo\/image\/\"}},{\"@type\":\"Person\",\"@id\":\"https:\/\/progettotouring.it\/radiotouring104\/#\/schema\/person\/4a82259ca52ac8702ad1a8f9e5a3120b\",\"name\":\"Filippo Francesco Idone\",\"image\":{\"@type\":\"ImageObject\",\"inLanguage\":\"it-IT\",\"@id\":\"https:\/\/secure.gravatar.com\/avatar\/7268715d2366395c3dd314385670e6484117d44f5c442e61e230f7008b7b62d3?s=96&d=mm&r=g\",\"url\":\"https:\/\/secure.gravatar.com\/avatar\/7268715d2366395c3dd314385670e6484117d44f5c442e61e230f7008b7b62d3?s=96&d=mm&r=g\",\"contentUrl\":\"https:\/\/secure.gravatar.com\/avatar\/7268715d2366395c3dd314385670e6484117d44f5c442e61e230f7008b7b62d3?s=96&d=mm&r=g\",\"caption\":\"Filippo Francesco Idone\"},\"url\":\"https:\/\/progettotouring.it\/radiotouring104\/author\/filippoidone\/\"}]}<\/script>\n<!-- \/ Yoast SEO plugin. -->","yoast_head_json":{"title":"LFA Reggio Calabria, Trocini amareggiato per il pari: \"Oggi avremmo strameritato\" - Radio Touring 104","description":"In conferenza stampa mister Trocini ha analizzato il pareggio della LFA Reggio Calabria contro il San Luca","robots":{"index":"index","follow":"follow","max-snippet":"max-snippet:-1","max-image-preview":"max-image-preview:large","max-video-preview":"max-video-preview:-1"},"canonical":"https:\/\/progettotouring.it\/radiotouring104\/2024\/01\/21\/lfa-reggio-calabria-trocini-amareggiato-per-il-pari-oggi-avremmo-strameritato\/","og_locale":"it_IT","og_type":"article","og_title":"LFA Reggio Calabria, Trocini amareggiato per il pari: \"Oggi avremmo strameritato\" - Radio Touring 104","og_description":"In conferenza stampa mister Trocini ha analizzato il pareggio della LFA Reggio Calabria contro il San Luca","og_url":"https:\/\/progettotouring.it\/radiotouring104\/2024\/01\/21\/lfa-reggio-calabria-trocini-amareggiato-per-il-pari-oggi-avremmo-strameritato\/","og_site_name":"Radio Touring 104","article_published_time":"2024-01-21T16:53:30+00:00","og_image":[{"width":907,"height":427,"url":"https:\/\/progettotouring.it\/radiotouring104\/wp-content\/uploads\/sites\/6\/2023\/10\/trocini.png","type":"image\/png"}],"author":"Filippo Francesco Idone","twitter_card":"summary_large_image","twitter_misc":{"Scritto da":"Filippo Francesco Idone","Tempo di lettura stimato":"2 minuti"},"schema":{"@context":"https:\/\/schema.org","@graph":[{"@type":"Article","@id":"https:\/\/progettotouring.it\/radiotouring104\/2024\/01\/21\/lfa-reggio-calabria-trocini-amareggiato-per-il-pari-oggi-avremmo-strameritato\/#article","isPartOf":{"@id":"https:\/\/progettotouring.it\/radiotouring104\/2024\/01\/21\/lfa-reggio-calabria-trocini-amareggiato-per-il-pari-oggi-avremmo-strameritato\/"},"author":{"name":"Filippo Francesco Idone","@id":"https:\/\/progettotouring.it\/radiotouring104\/#\/schema\/person\/4a82259ca52ac8702ad1a8f9e5a3120b"},"headline":"LFA Reggio Calabria, Trocini amareggiato per il pari: &#8220;Oggi avremmo strameritato&#8221;","datePublished":"2024-01-21T16:53:30+00:00","mainEntityOfPage":{"@id":"https:\/\/progettotouring.it\/radiotouring104\/2024\/01\/21\/lfa-reggio-calabria-trocini-amareggiato-per-il-pari-oggi-avremmo-strameritato\/"},"wordCount":382,"publisher":{"@id":"https:\/\/progettotouring.it\/radiotouring104\/#organization"},"keywords":["Citt\u00e0 di Sant\u2019Agata","granillo","LFA Reggio Calabria","San Luca","Serie D Girone I","trocini"],"articleSection":["News","Reggio Calabria","Sport"],"inLanguage":"it-IT"},{"@type":"WebPage","@id":"https:\/\/progettotouring.it\/radiotouring104\/2024\/01\/21\/lfa-reggio-calabria-trocini-amareggiato-per-il-pari-oggi-avremmo-strameritato\/","url":"https:\/\/progettotouring.it\/radiotouring104\/2024\/01\/21\/lfa-reggio-calabria-trocini-amareggiato-per-il-pari-oggi-avremmo-strameritato\/","name":"LFA Reggio Calabria, Trocini amareggiato per il pari: \"Oggi avremmo strameritato\" - Radio Touring 104","isPartOf":{"@id":"https:\/\/progettotouring.it\/radiotouring104\/#website"},"datePublished":"2024-01-21T16:53:30+00:00","description":"In conferenza stampa mister Trocini ha analizzato il pareggio della LFA Reggio Calabria contro il San Luca","breadcrumb":{"@id":"https:\/\/progettotouring.it\/radiotouring104\/2024\/01\/21\/lfa-reggio-calabria-trocini-amareggiato-per-il-pari-oggi-avremmo-strameritato\/#breadcrumb"},"inLanguage":"it-IT","potentialAction":[{"@type":"ReadAction","target":["https:\/\/progettotouring.it\/radiotouring104\/2024\/01\/21\/lfa-reggio-calabria-trocini-amareggiato-per-il-pari-oggi-avremmo-strameritato\/"]}]},{"@type":"BreadcrumbList","@id":"https:\/\/progettotouring.it\/radiotouring104\/2024\/01\/21\/lfa-reggio-calabria-trocini-amareggiato-per-il-pari-oggi-avremmo-strameritato\/#breadcrumb","itemListElement":[{"@type":"ListItem","position":1,"name":"Home","item":"https:\/\/progettotouring.it\/radiotouring104\/"},{"@type":"ListItem","position":2,"name":"LFA Reggio Calabria, Trocini amareggiato per il pari: &#8220;Oggi avremmo strameritato&#8221;"}]},{"@type":"WebSite","@id":"https:\/\/progettotouring.it\/radiotouring104\/#website","url":"https:\/\/progettotouring.it\/radiotouring104\/","name":"Radio Touring 104","description":"La prima radio Reggina","publisher":{"@id":"https:\/\/progettotouring.it\/radiotouring104\/#organization"},"potentialAction":[{"@type":"SearchAction","target":{"@type":"EntryPoint","urlTemplate":"https:\/\/progettotouring.it\/radiotouring104\/?s={search_term_string}"},"query-input":{"@type":"PropertyValueSpecification","valueRequired":true,"valueName":"search_term_string"}}],"inLanguage":"it-IT"},{"@type":"Organization","@id":"https:\/\/progettotouring.it\/radiotouring104\/#organization","name":"Radio Touring 104","url":"https:\/\/progettotouring.it\/radiotouring104\/","logo":{"@type":"ImageObject","inLanguage":"it-IT","@id":"https:\/\/progettotouring.it\/radiotouring104\/#\/schema\/logo\/image\/","url":"https:\/\/progettotouring.it\/radiotouring104\/wp-content\/uploads\/sites\/6\/2022\/02\/cropped-logo-radio-touring-104.png","contentUrl":"https:\/\/progettotouring.it\/radiotouring104\/wp-content\/uploads\/sites\/6\/2022\/02\/cropped-logo-radio-touring-104.png","width":377,"height":182,"caption":"Radio Touring 104"},"image":{"@id":"https:\/\/progettotouring.it\/radiotouring104\/#\/schema\/logo\/image\/"}},{"@type":"Person","@id":"https:\/\/progettotouring.it\/radiotouring104\/#\/schema\/person\/4a82259ca52ac8702ad1a8f9e5a3120b","name":"Filippo Francesco Idone","image":{"@type":"ImageObject","inLanguage":"it-IT","@id":"https:\/\/secure.gravatar.com\/avatar\/7268715d2366395c3dd314385670e6484117d44f5c442e61e230f7008b7b62d3?s=96&d=mm&r=g","url":"https:\/\/secure.gravatar.com\/avatar\/7268715d2366395c3dd314385670e6484117d44f5c442e61e230f7008b7b62d3?s=96&d=mm&r=g","contentUrl":"https:\/\/secure.gravatar.com\/avatar\/7268715d2366395c3dd314385670e6484117d44f5c442e61e230f7008b7b62d3?s=96&d=mm&r=g","caption":"Filippo Francesco Idone"},"url":"https:\/\/progettotouring.it\/radiotouring104\/author\/filippoidone\/"}]}},"jetpack_publicize_connections":[],"jetpack_featured_media_url":"","jetpack_sharing_enabled":true,"_links":{"self":[{"href":"https:\/\/progettotouring.it\/radiotouring104\/wp-json\/wp\/v2\/posts\/43121","targetHints":{"allow":["GET"]}}],"collection":[{"href":"https:\/\/progettotouring.it\/radiotouring104\/wp-json\/wp\/v2\/posts"}],"about":[{"href":"https:\/\/progettotouring.it\/radiotouring104\/wp-json\/wp\/v2\/types\/post"}],"author":[{"embeddable":true,"href":"https:\/\/progettotouring.it\/radiotouring104\/wp-json\/wp\/v2\/users\/8"}],"replies":[{"embeddable":true,"href":"https:\/\/progettotouring.it\/radiotouring104\/wp-json\/wp\/v2\/comments?post=43121"}],"version-history":[{"count":2,"href":"https:\/\/progettotouring.it\/radiotouring104\/wp-json\/wp\/v2\/posts\/43121\/revisions"}],"predecessor-version":[{"id":43129,"href":"https:\/\/progettotouring.it\/radiotouring104\/wp-json\/wp\/v2\/posts\/43121\/revisions\/43129"}],"wp:attachment":[{"href":"https:\/\/progettotouring.it\/radiotouring104\/wp-json\/wp\/v2\/media?parent=43121"}],"wp:term":[{"taxonomy":"category","embeddable":true,"href":"https:\/\/progettotouring.it\/radiotouring104\/wp-json\/wp\/v2\/categories?post=43121"},{"taxonomy":"post_tag","embeddable":true,"href":"https:\/\/progettotouring.it\/radiotouring104\/wp-json\/wp\/v2\/tags?post=43121"}],"curies":[{"name":"wp","href":"https:\/\/api.w.org\/{rel}","templated":true}]}}