{"id":43134,"date":"2024-01-22T09:38:47","date_gmt":"2024-01-22T08:38:47","guid":{"rendered":"https:\/\/progettotouring.it\/radiotouring104\/?p=43134"},"modified":"2024-01-22T09:38:47","modified_gmt":"2024-01-22T08:38:47","slug":"aeroporto-dello-stretto-ministro-salvini-verso-miglioramento-operativita-scalo","status":"publish","type":"post","link":"https:\/\/progettotouring.it\/radiotouring104\/2024\/01\/22\/aeroporto-dello-stretto-ministro-salvini-verso-miglioramento-operativita-scalo\/","title":{"rendered":"Aeroporto dello Stretto, Ministro Salvini: &#8220;Verso miglioramento operativit\u00e0 scalo&#8221;"},"content":{"rendered":"<p style=\"text-align: justify\"><strong>E&#8217; stata elaborata una nuova procedura di volo per consentire una migliore operativit\u00e0 sull&#8217;aeroporto &#8220;Tito Minniti&#8221; di Reggio Calabria,<\/strong> scalo che presenta caratteristiche che impediscono di adottare procedure di avvicinamento standard.<strong>\u00a0\u00a0\u00a0 <\/strong><\/p>\n<p style=\"text-align: justify\"><strong>Lo rende noto un comunicato del Ministero delle Infrastrutture e dei trasporti.<\/strong><\/p>\n<p style=\"text-align: justify\"><em>\u00a0&#8220;\u00c8 stato pertanto chiesto a Enav<\/em> &#8211;<strong> \u00e8 detto nel comunicato<\/strong> &#8211; <em>di progettare una procedura con caratteristiche innovative per mitigare tali limitazioni.<\/em><\/p>\n<p style=\"text-align: justify\"><strong>L&#8217; Enac ha valutato positivamente la nuova procedura di avvicinamento denominata Required Navigation Performance Authorization Required per la pista 33<\/strong> di Reggio Calabria.<\/p>\n<p style=\"text-align: justify\">La procedura una volta pubblicata sulle documentazioni operative adottate dalle compagnie aeree consentir\u00e0 una migliore fruibilit\u00e0 dello scalo calabrese, previa formazione dei piloti con simulatore&#8221;.<br \/>\n<em>&#8220;La limitazione al volo notturno &#8211;<\/em><strong> riporta ancora il comunicato<\/strong> <em>&#8211; \u00e8 da considerarsi temporanea e sar\u00e0 rimossa una volta che il gestore aeroportuale Sacal avr\u00e0 provveduto alla segnalazione di alcuni manufatti. La procedura \u00e8 compatibile con il percorso attivato dalla Regione Calabria per sostenere economicamente l&#8217;avvio di nuovi collegamenti da e per lo scalo di Reggio Calabria&#8221;.<\/em><\/p>\n<p style=\"text-align: justify\">&#8220;Alle promesse &#8211; <strong>afferma il vicepremier e ministro delle Infrastrutture e dei Trasporti Matteo Salvini &#8211;<\/strong> <em>seguono risultati concreti. Avevo personalmente garantito il mio impegno affinch\u00e9 si trovasse una soluzione per migliorare l&#8217;operativit\u00e0 dello scalo e oggi possiamo dare una buona notizia. \u00c8 chiaro che per garantire la sicurezza di passeggeri e operatori le procedure relative agli Aeroporti seguano rigidi protocolli&#8221;.<\/em><\/p>\n<p style=\"text-align: justify\"><em>&#8220;Resta ferma la mia volont\u00e0<\/em> &#8211;<strong> aggiunge Salvini<\/strong> &#8211;<em> di accompagnare al meglio lo sviluppo dell&#8217;Aeroporto di Reggio Calabria&#8221;.<\/em><\/p>\n","protected":false},"excerpt":{"rendered":"<p>E&#8217; stata elaborata una nuova procedura di volo per consentire una migliore operativit\u00e0 sull&#8217;aeroporto &#8220;Tito Minniti&#8221; di Reggio Calabria, scalo che presenta caratteristiche che impediscono di adottare procedure di avvicinamento&hellip;<\/p>\n","protected":false},"author":12,"featured_media":2521,"comment_status":"closed","ping_status":"open","sticky":false,"template":"","format":"standard","meta":{"_jetpack_memberships_contains_paid_content":false,"footnotes":"","jetpack_publicize_message":"","jetpack_publicize_feature_enabled":true,"jetpack_social_post_already_shared":false,"jetpack_social_options":{"image_generator_settings":{"template":"highway","default_image_id":0,"font":"","enabled":false},"version":2}},"categories":[921,196,140],"tags":[2413,8403,3953,6427,26565],"class_list":["post-43134","post","type-post","status-publish","format-standard","has-post-thumbnail","hentry","category-home","category-news","category-reggio-calabria","tag-aeroporto-dello-stretto","tag-enac","tag-matteo-salvini","tag-mit","tag-nuova-procedura-tito-minniti"],"yoast_head":"<!-- This site is optimized with the Yoast SEO plugin v27.2 - https:\/\/yoast.com\/product\/yoast-seo-wordpress\/ -->\n<title>Aeroporto Stretto, Salvini: &quot;Verso miglioramento operativit\u00e0 scalo&quot;<\/title>\n<meta name=\"description\" content=\"Il MIT rende noto, con un comunicato, l&#039;elaborazione di una nuova procedura di volo per consentire una migliore operativit\u00e0 sull&#039;aeroporto\" \/>\n<meta name=\"robots\" content=\"index, follow, max-snippet:-1, max-image-preview:large, max-video-preview:-1\" \/>\n<link rel=\"canonical\" href=\"https:\/\/progettotouring.it\/radiotouring104\/2024\/01\/22\/aeroporto-dello-stretto-ministro-salvini-verso-miglioramento-operativita-scalo\/\" \/>\n<meta property=\"og:locale\" content=\"it_IT\" \/>\n<meta property=\"og:type\" content=\"article\" \/>\n<meta property=\"og:title\" content=\"Aeroporto Stretto, Salvini: &quot;Verso miglioramento operativit\u00e0 scalo&quot;\" \/>\n<meta property=\"og:description\" content=\"Il MIT rende noto, con un comunicato, l&#039;elaborazione di una nuova procedura di volo per consentire una migliore operativit\u00e0 sull&#039;aeroporto\" \/>\n<meta property=\"og:url\" content=\"https:\/\/progettotouring.it\/radiotouring104\/2024\/01\/22\/aeroporto-dello-stretto-ministro-salvini-verso-miglioramento-operativita-scalo\/\" \/>\n<meta property=\"og:site_name\" content=\"Radio Touring 104\" \/>\n<meta property=\"article:published_time\" content=\"2024-01-22T08:38:47+00:00\" \/>\n<meta property=\"og:image\" content=\"https:\/\/progettotouring.it\/radiotouring104\/wp-content\/uploads\/sites\/6\/2022\/03\/Aeroporto.jpg\" \/>\n\t<meta property=\"og:image:width\" content=\"1920\" \/>\n\t<meta property=\"og:image:height\" content=\"1080\" \/>\n\t<meta property=\"og:image:type\" content=\"image\/jpeg\" \/>\n<meta name=\"author\" content=\"Sebastiano Plutino\" \/>\n<meta name=\"twitter:card\" content=\"summary_large_image\" \/>\n<meta name=\"twitter:label1\" content=\"Scritto da\" \/>\n\t<meta name=\"twitter:data1\" content=\"Sebastiano Plutino\" \/>\n\t<meta name=\"twitter:label2\" content=\"Tempo di lettura stimato\" \/>\n\t<meta name=\"twitter:data2\" content=\"1 minuto\" \/>\n<script type=\"application\/ld+json\" class=\"yoast-schema-graph\">{\"@context\":\"https:\/\/schema.org\",\"@graph\":[{\"@type\":\"Article\",\"@id\":\"https:\/\/progettotouring.it\/radiotouring104\/2024\/01\/22\/aeroporto-dello-stretto-ministro-salvini-verso-miglioramento-operativita-scalo\/#article\",\"isPartOf\":{\"@id\":\"https:\/\/progettotouring.it\/radiotouring104\/2024\/01\/22\/aeroporto-dello-stretto-ministro-salvini-verso-miglioramento-operativita-scalo\/\"},\"author\":{\"name\":\"Sebastiano Plutino\",\"@id\":\"https:\/\/progettotouring.it\/radiotouring104\/#\/schema\/person\/78613917f1851f041f7483f5af1d422e\"},\"headline\":\"Aeroporto dello Stretto, Ministro Salvini: &#8220;Verso miglioramento operativit\u00e0 scalo&#8221;\",\"datePublished\":\"2024-01-22T08:38:47+00:00\",\"mainEntityOfPage\":{\"@id\":\"https:\/\/progettotouring.it\/radiotouring104\/2024\/01\/22\/aeroporto-dello-stretto-ministro-salvini-verso-miglioramento-operativita-scalo\/\"},\"wordCount\":255,\"publisher\":{\"@id\":\"https:\/\/progettotouring.it\/radiotouring104\/#organization\"},\"image\":{\"@id\":\"https:\/\/progettotouring.it\/radiotouring104\/2024\/01\/22\/aeroporto-dello-stretto-ministro-salvini-verso-miglioramento-operativita-scalo\/#primaryimage\"},\"thumbnailUrl\":\"https:\/\/progettotouring.it\/radiotouring104\/wp-content\/uploads\/sites\/6\/2022\/03\/Aeroporto.jpg\",\"keywords\":[\"Aeroporto dello Stretto\",\"ENAC\",\"Matteo Salvini\",\"mit\",\"Nuova procedura Tito Minniti\"],\"articleSection\":[\"Home\",\"News\",\"Reggio Calabria\"],\"inLanguage\":\"it-IT\"},{\"@type\":\"WebPage\",\"@id\":\"https:\/\/progettotouring.it\/radiotouring104\/2024\/01\/22\/aeroporto-dello-stretto-ministro-salvini-verso-miglioramento-operativita-scalo\/\",\"url\":\"https:\/\/progettotouring.it\/radiotouring104\/2024\/01\/22\/aeroporto-dello-stretto-ministro-salvini-verso-miglioramento-operativita-scalo\/\",\"name\":\"Aeroporto Stretto, Salvini: \\\"Verso miglioramento operativit\u00e0 scalo\\\"\",\"isPartOf\":{\"@id\":\"https:\/\/progettotouring.it\/radiotouring104\/#website\"},\"primaryImageOfPage\":{\"@id\":\"https:\/\/progettotouring.it\/radiotouring104\/2024\/01\/22\/aeroporto-dello-stretto-ministro-salvini-verso-miglioramento-operativita-scalo\/#primaryimage\"},\"image\":{\"@id\":\"https:\/\/progettotouring.it\/radiotouring104\/2024\/01\/22\/aeroporto-dello-stretto-ministro-salvini-verso-miglioramento-operativita-scalo\/#primaryimage\"},\"thumbnailUrl\":\"https:\/\/progettotouring.it\/radiotouring104\/wp-content\/uploads\/sites\/6\/2022\/03\/Aeroporto.jpg\",\"datePublished\":\"2024-01-22T08:38:47+00:00\",\"description\":\"Il MIT rende noto, con un comunicato, l'elaborazione di una nuova procedura di volo per consentire una migliore operativit\u00e0 sull'aeroporto\",\"breadcrumb\":{\"@id\":\"https:\/\/progettotouring.it\/radiotouring104\/2024\/01\/22\/aeroporto-dello-stretto-ministro-salvini-verso-miglioramento-operativita-scalo\/#breadcrumb\"},\"inLanguage\":\"it-IT\",\"potentialAction\":[{\"@type\":\"ReadAction\",\"target\":[\"https:\/\/progettotouring.it\/radiotouring104\/2024\/01\/22\/aeroporto-dello-stretto-ministro-salvini-verso-miglioramento-operativita-scalo\/\"]}]},{\"@type\":\"ImageObject\",\"inLanguage\":\"it-IT\",\"@id\":\"https:\/\/progettotouring.it\/radiotouring104\/2024\/01\/22\/aeroporto-dello-stretto-ministro-salvini-verso-miglioramento-operativita-scalo\/#primaryimage\",\"url\":\"https:\/\/progettotouring.it\/radiotouring104\/wp-content\/uploads\/sites\/6\/2022\/03\/Aeroporto.jpg\",\"contentUrl\":\"https:\/\/progettotouring.it\/radiotouring104\/wp-content\/uploads\/sites\/6\/2022\/03\/Aeroporto.jpg\",\"width\":1920,\"height\":1080,\"caption\":\"aeroporto reggio calabria tito minniti\"},{\"@type\":\"BreadcrumbList\",\"@id\":\"https:\/\/progettotouring.it\/radiotouring104\/2024\/01\/22\/aeroporto-dello-stretto-ministro-salvini-verso-miglioramento-operativita-scalo\/#breadcrumb\",\"itemListElement\":[{\"@type\":\"ListItem\",\"position\":1,\"name\":\"Home\",\"item\":\"https:\/\/progettotouring.it\/radiotouring104\/\"},{\"@type\":\"ListItem\",\"position\":2,\"name\":\"Aeroporto dello Stretto, Ministro Salvini: &#8220;Verso miglioramento operativit\u00e0 scalo&#8221;\"}]},{\"@type\":\"WebSite\",\"@id\":\"https:\/\/progettotouring.it\/radiotouring104\/#website\",\"url\":\"https:\/\/progettotouring.it\/radiotouring104\/\",\"name\":\"Radio Touring 104\",\"description\":\"La prima radio Reggina\",\"publisher\":{\"@id\":\"https:\/\/progettotouring.it\/radiotouring104\/#organization\"},\"potentialAction\":[{\"@type\":\"SearchAction\",\"target\":{\"@type\":\"EntryPoint\",\"urlTemplate\":\"https:\/\/progettotouring.it\/radiotouring104\/?s={search_term_string}\"},\"query-input\":{\"@type\":\"PropertyValueSpecification\",\"valueRequired\":true,\"valueName\":\"search_term_string\"}}],\"inLanguage\":\"it-IT\"},{\"@type\":\"Organization\",\"@id\":\"https:\/\/progettotouring.it\/radiotouring104\/#organization\",\"name\":\"Radio Touring 104\",\"url\":\"https:\/\/progettotouring.it\/radiotouring104\/\",\"logo\":{\"@type\":\"ImageObject\",\"inLanguage\":\"it-IT\",\"@id\":\"https:\/\/progettotouring.it\/radiotouring104\/#\/schema\/logo\/image\/\",\"url\":\"https:\/\/progettotouring.it\/radiotouring104\/wp-content\/uploads\/sites\/6\/2022\/02\/cropped-logo-radio-touring-104.png\",\"contentUrl\":\"https:\/\/progettotouring.it\/radiotouring104\/wp-content\/uploads\/sites\/6\/2022\/02\/cropped-logo-radio-touring-104.png\",\"width\":377,\"height\":182,\"caption\":\"Radio Touring 104\"},\"image\":{\"@id\":\"https:\/\/progettotouring.it\/radiotouring104\/#\/schema\/logo\/image\/\"}},{\"@type\":\"Person\",\"@id\":\"https:\/\/progettotouring.it\/radiotouring104\/#\/schema\/person\/78613917f1851f041f7483f5af1d422e\",\"name\":\"Sebastiano Plutino\",\"image\":{\"@type\":\"ImageObject\",\"inLanguage\":\"it-IT\",\"@id\":\"https:\/\/secure.gravatar.com\/avatar\/0546ffaa9b79224faf9f2a156b67a529ae861d3287c66c1d8ccfdf909bcba78d?s=96&d=mm&r=g\",\"url\":\"https:\/\/secure.gravatar.com\/avatar\/0546ffaa9b79224faf9f2a156b67a529ae861d3287c66c1d8ccfdf909bcba78d?s=96&d=mm&r=g\",\"contentUrl\":\"https:\/\/secure.gravatar.com\/avatar\/0546ffaa9b79224faf9f2a156b67a529ae861d3287c66c1d8ccfdf909bcba78d?s=96&d=mm&r=g\",\"caption\":\"Sebastiano Plutino\"},\"url\":\"https:\/\/progettotouring.it\/radiotouring104\/author\/sebastiano\/\"}]}<\/script>\n<!-- \/ Yoast SEO plugin. -->","yoast_head_json":{"title":"Aeroporto Stretto, Salvini: \"Verso miglioramento operativit\u00e0 scalo\"","description":"Il MIT rende noto, con un comunicato, l'elaborazione di una nuova procedura di volo per consentire una migliore operativit\u00e0 sull'aeroporto","robots":{"index":"index","follow":"follow","max-snippet":"max-snippet:-1","max-image-preview":"max-image-preview:large","max-video-preview":"max-video-preview:-1"},"canonical":"https:\/\/progettotouring.it\/radiotouring104\/2024\/01\/22\/aeroporto-dello-stretto-ministro-salvini-verso-miglioramento-operativita-scalo\/","og_locale":"it_IT","og_type":"article","og_title":"Aeroporto Stretto, Salvini: \"Verso miglioramento operativit\u00e0 scalo\"","og_description":"Il MIT rende noto, con un comunicato, l'elaborazione di una nuova procedura di volo per consentire una migliore operativit\u00e0 sull'aeroporto","og_url":"https:\/\/progettotouring.it\/radiotouring104\/2024\/01\/22\/aeroporto-dello-stretto-ministro-salvini-verso-miglioramento-operativita-scalo\/","og_site_name":"Radio Touring 104","article_published_time":"2024-01-22T08:38:47+00:00","og_image":[{"width":1920,"height":1080,"url":"https:\/\/progettotouring.it\/radiotouring104\/wp-content\/uploads\/sites\/6\/2022\/03\/Aeroporto.jpg","type":"image\/jpeg"}],"author":"Sebastiano Plutino","twitter_card":"summary_large_image","twitter_misc":{"Scritto da":"Sebastiano Plutino","Tempo di lettura stimato":"1 minuto"},"schema":{"@context":"https:\/\/schema.org","@graph":[{"@type":"Article","@id":"https:\/\/progettotouring.it\/radiotouring104\/2024\/01\/22\/aeroporto-dello-stretto-ministro-salvini-verso-miglioramento-operativita-scalo\/#article","isPartOf":{"@id":"https:\/\/progettotouring.it\/radiotouring104\/2024\/01\/22\/aeroporto-dello-stretto-ministro-salvini-verso-miglioramento-operativita-scalo\/"},"author":{"name":"Sebastiano Plutino","@id":"https:\/\/progettotouring.it\/radiotouring104\/#\/schema\/person\/78613917f1851f041f7483f5af1d422e"},"headline":"Aeroporto dello Stretto, Ministro Salvini: &#8220;Verso miglioramento operativit\u00e0 scalo&#8221;","datePublished":"2024-01-22T08:38:47+00:00","mainEntityOfPage":{"@id":"https:\/\/progettotouring.it\/radiotouring104\/2024\/01\/22\/aeroporto-dello-stretto-ministro-salvini-verso-miglioramento-operativita-scalo\/"},"wordCount":255,"publisher":{"@id":"https:\/\/progettotouring.it\/radiotouring104\/#organization"},"image":{"@id":"https:\/\/progettotouring.it\/radiotouring104\/2024\/01\/22\/aeroporto-dello-stretto-ministro-salvini-verso-miglioramento-operativita-scalo\/#primaryimage"},"thumbnailUrl":"https:\/\/progettotouring.it\/radiotouring104\/wp-content\/uploads\/sites\/6\/2022\/03\/Aeroporto.jpg","keywords":["Aeroporto dello Stretto","ENAC","Matteo Salvini","mit","Nuova procedura Tito Minniti"],"articleSection":["Home","News","Reggio Calabria"],"inLanguage":"it-IT"},{"@type":"WebPage","@id":"https:\/\/progettotouring.it\/radiotouring104\/2024\/01\/22\/aeroporto-dello-stretto-ministro-salvini-verso-miglioramento-operativita-scalo\/","url":"https:\/\/progettotouring.it\/radiotouring104\/2024\/01\/22\/aeroporto-dello-stretto-ministro-salvini-verso-miglioramento-operativita-scalo\/","name":"Aeroporto Stretto, Salvini: \"Verso miglioramento operativit\u00e0 scalo\"","isPartOf":{"@id":"https:\/\/progettotouring.it\/radiotouring104\/#website"},"primaryImageOfPage":{"@id":"https:\/\/progettotouring.it\/radiotouring104\/2024\/01\/22\/aeroporto-dello-stretto-ministro-salvini-verso-miglioramento-operativita-scalo\/#primaryimage"},"image":{"@id":"https:\/\/progettotouring.it\/radiotouring104\/2024\/01\/22\/aeroporto-dello-stretto-ministro-salvini-verso-miglioramento-operativita-scalo\/#primaryimage"},"thumbnailUrl":"https:\/\/progettotouring.it\/radiotouring104\/wp-content\/uploads\/sites\/6\/2022\/03\/Aeroporto.jpg","datePublished":"2024-01-22T08:38:47+00:00","description":"Il MIT rende noto, con un comunicato, l'elaborazione di una nuova procedura di volo per consentire una migliore operativit\u00e0 sull'aeroporto","breadcrumb":{"@id":"https:\/\/progettotouring.it\/radiotouring104\/2024\/01\/22\/aeroporto-dello-stretto-ministro-salvini-verso-miglioramento-operativita-scalo\/#breadcrumb"},"inLanguage":"it-IT","potentialAction":[{"@type":"ReadAction","target":["https:\/\/progettotouring.it\/radiotouring104\/2024\/01\/22\/aeroporto-dello-stretto-ministro-salvini-verso-miglioramento-operativita-scalo\/"]}]},{"@type":"ImageObject","inLanguage":"it-IT","@id":"https:\/\/progettotouring.it\/radiotouring104\/2024\/01\/22\/aeroporto-dello-stretto-ministro-salvini-verso-miglioramento-operativita-scalo\/#primaryimage","url":"https:\/\/progettotouring.it\/radiotouring104\/wp-content\/uploads\/sites\/6\/2022\/03\/Aeroporto.jpg","contentUrl":"https:\/\/progettotouring.it\/radiotouring104\/wp-content\/uploads\/sites\/6\/2022\/03\/Aeroporto.jpg","width":1920,"height":1080,"caption":"aeroporto reggio calabria tito minniti"},{"@type":"BreadcrumbList","@id":"https:\/\/progettotouring.it\/radiotouring104\/2024\/01\/22\/aeroporto-dello-stretto-ministro-salvini-verso-miglioramento-operativita-scalo\/#breadcrumb","itemListElement":[{"@type":"ListItem","position":1,"name":"Home","item":"https:\/\/progettotouring.it\/radiotouring104\/"},{"@type":"ListItem","position":2,"name":"Aeroporto dello Stretto, Ministro Salvini: &#8220;Verso miglioramento operativit\u00e0 scalo&#8221;"}]},{"@type":"WebSite","@id":"https:\/\/progettotouring.it\/radiotouring104\/#website","url":"https:\/\/progettotouring.it\/radiotouring104\/","name":"Radio Touring 104","description":"La prima radio Reggina","publisher":{"@id":"https:\/\/progettotouring.it\/radiotouring104\/#organization"},"potentialAction":[{"@type":"SearchAction","target":{"@type":"EntryPoint","urlTemplate":"https:\/\/progettotouring.it\/radiotouring104\/?s={search_term_string}"},"query-input":{"@type":"PropertyValueSpecification","valueRequired":true,"valueName":"search_term_string"}}],"inLanguage":"it-IT"},{"@type":"Organization","@id":"https:\/\/progettotouring.it\/radiotouring104\/#organization","name":"Radio Touring 104","url":"https:\/\/progettotouring.it\/radiotouring104\/","logo":{"@type":"ImageObject","inLanguage":"it-IT","@id":"https:\/\/progettotouring.it\/radiotouring104\/#\/schema\/logo\/image\/","url":"https:\/\/progettotouring.it\/radiotouring104\/wp-content\/uploads\/sites\/6\/2022\/02\/cropped-logo-radio-touring-104.png","contentUrl":"https:\/\/progettotouring.it\/radiotouring104\/wp-content\/uploads\/sites\/6\/2022\/02\/cropped-logo-radio-touring-104.png","width":377,"height":182,"caption":"Radio Touring 104"},"image":{"@id":"https:\/\/progettotouring.it\/radiotouring104\/#\/schema\/logo\/image\/"}},{"@type":"Person","@id":"https:\/\/progettotouring.it\/radiotouring104\/#\/schema\/person\/78613917f1851f041f7483f5af1d422e","name":"Sebastiano Plutino","image":{"@type":"ImageObject","inLanguage":"it-IT","@id":"https:\/\/secure.gravatar.com\/avatar\/0546ffaa9b79224faf9f2a156b67a529ae861d3287c66c1d8ccfdf909bcba78d?s=96&d=mm&r=g","url":"https:\/\/secure.gravatar.com\/avatar\/0546ffaa9b79224faf9f2a156b67a529ae861d3287c66c1d8ccfdf909bcba78d?s=96&d=mm&r=g","contentUrl":"https:\/\/secure.gravatar.com\/avatar\/0546ffaa9b79224faf9f2a156b67a529ae861d3287c66c1d8ccfdf909bcba78d?s=96&d=mm&r=g","caption":"Sebastiano Plutino"},"url":"https:\/\/progettotouring.it\/radiotouring104\/author\/sebastiano\/"}]}},"jetpack_publicize_connections":[],"jetpack_featured_media_url":"https:\/\/progettotouring.it\/radiotouring104\/wp-content\/uploads\/sites\/6\/2022\/03\/Aeroporto.jpg","jetpack_sharing_enabled":true,"_links":{"self":[{"href":"https:\/\/progettotouring.it\/radiotouring104\/wp-json\/wp\/v2\/posts\/43134","targetHints":{"allow":["GET"]}}],"collection":[{"href":"https:\/\/progettotouring.it\/radiotouring104\/wp-json\/wp\/v2\/posts"}],"about":[{"href":"https:\/\/progettotouring.it\/radiotouring104\/wp-json\/wp\/v2\/types\/post"}],"author":[{"embeddable":true,"href":"https:\/\/progettotouring.it\/radiotouring104\/wp-json\/wp\/v2\/users\/12"}],"replies":[{"embeddable":true,"href":"https:\/\/progettotouring.it\/radiotouring104\/wp-json\/wp\/v2\/comments?post=43134"}],"version-history":[{"count":1,"href":"https:\/\/progettotouring.it\/radiotouring104\/wp-json\/wp\/v2\/posts\/43134\/revisions"}],"predecessor-version":[{"id":43135,"href":"https:\/\/progettotouring.it\/radiotouring104\/wp-json\/wp\/v2\/posts\/43134\/revisions\/43135"}],"wp:featuredmedia":[{"embeddable":true,"href":"https:\/\/progettotouring.it\/radiotouring104\/wp-json\/wp\/v2\/media\/2521"}],"wp:attachment":[{"href":"https:\/\/progettotouring.it\/radiotouring104\/wp-json\/wp\/v2\/media?parent=43134"}],"wp:term":[{"taxonomy":"category","embeddable":true,"href":"https:\/\/progettotouring.it\/radiotouring104\/wp-json\/wp\/v2\/categories?post=43134"},{"taxonomy":"post_tag","embeddable":true,"href":"https:\/\/progettotouring.it\/radiotouring104\/wp-json\/wp\/v2\/tags?post=43134"}],"curies":[{"name":"wp","href":"https:\/\/api.w.org\/{rel}","templated":true}]}}