{"id":43158,"date":"2024-01-22T12:43:05","date_gmt":"2024-01-22T11:43:05","guid":{"rendered":"https:\/\/progettotouring.it\/radiotouring104\/?p=43158"},"modified":"2024-01-22T12:45:12","modified_gmt":"2024-01-22T11:45:12","slug":"villa-san-giovanni-capogruppo-di-minoranza-accusa-presidente-commissione-territorio-di-inattivita","status":"publish","type":"post","link":"https:\/\/progettotouring.it\/radiotouring104\/2024\/01\/22\/villa-san-giovanni-capogruppo-di-minoranza-accusa-presidente-commissione-territorio-di-inattivita\/","title":{"rendered":"Villa San Giovanni: Capogruppo di minoranza accusa Presidente Commissione Territorio di &#8220;inattivit\u00e0&#8221;"},"content":{"rendered":"<p style=\"text-align: justify\"><strong>Il Presidente<\/strong> della Commissione consiliare di studio Territorio, Pietro Idone, \u00e8 chiamato in causa per la mancanza di attivazione della discussione con i membri della commissione, trascurando gli interessi della citt\u00e0 e privando i cittadini di un coinvolgimento attivo in un progetto di cruciale importanza per il territorio, un&#8217;attivit\u00e0 che era stata svolta egregiamente dalla precedente Commissione Ponte Piano Strategico.<\/p>\n<p style=\"text-align: justify\">L&#8217;assenza di convocazioni della Commissione consiliare di studio Territorio dopo l&#8217;incontro con l&#8217;Amministratore Delegato della Stretto di Messina, il Dott. Pietro Ciucci, \u00e8 solo la punta di un iceberg di immobilismo. Mentre il Governo Nazionale procede con decisioni pro ponte, l&#8217;Amministrazione Caminiti sembra preferire un atteggiamento di chiusura e mancanza di trasparenza.<\/p>\n<p style=\"text-align: justify\">A distanza di 18 mesi dall&#8217;insediamento dell&#8217;Amministrazione Caminiti, emergono preoccupazioni crescenti riguardo a una carenza di comunicazione e al mancato rispetto del programma politico dichiarato. Il Capogruppo Consigliare Marco Santoro esorta a un cambio di rotta immediato, a rispettare i principi di trasparenza e coinvolgimento.<\/p>\n<p style=\"text-align: justify\">L&#8217;opera del Ponte sullo Stretto rappresenta un&#8217;opportunit\u00e0 di sviluppo senza precedenti per la comunit\u00e0, e il silenzio dell&#8217;amministrazione mette a rischio questo futuro. \u00c8 necessario condividere scelte, scambiarsi opinioni e idee sul futuro del nostro territorio legato alla costruzione del Ponte sullo Stretto, perch\u00e9 nulla sar\u00e0 pi\u00f9 come prima, ed i benefici saranno principalmente per tutti i comuni dell\u2019Area dello Stretto.<\/p>\n<p style=\"text-align: justify\">\u00c8 ormai imminente l&#8217;approvazione del progetto definitivo del ponte e il conseguente avvio dei primi lavori nell\u2019estate 2024. Il Ponte \u00e8 tutto questo e tanto altro ancora, ma, affinch\u00e9 lo sia fino in fondo, dobbiamo darci da fare subito per farne un\u2019Opera territoriale, coinvolgendo e responsabilizzando le aziende e le organizzazioni locali, dai sindacati agli imprenditori, dai fornitori di beni e servizi ai commercianti e ai professionisti, sempre nel rispetto delle norme e della legalit\u00e0.<\/p>\n<p style=\"text-align: justify\">In questo momento critico, dove il progetto del Ponte pu\u00f2 essere il motore di crescita del territorio, \u00e8 inammissibile che l&#8217;Amministrazione Caminiti mostri segni di immobilismo e mancanza di coinvolgimento della Commissione consiliare di studio Territorio.<\/p>\n<p style=\"text-align: justify\">Se non si procede speditamente, viene meno il mandato politico dato a questa Amministrazione. La cittadinanza ha il diritto di essere informata e coinvolta nelle decisioni che plasmeranno il futuro della nostra citt\u00e0.<\/p>\n","protected":false},"excerpt":{"rendered":"<p>Il Presidente della Commissione consiliare di studio Territorio, Pietro Idone, \u00e8 chiamato in causa per la mancanza di attivazione della discussione con i membri della commissione, trascurando gli interessi della&hellip;<\/p>\n","protected":false},"author":12,"featured_media":43160,"comment_status":"closed","ping_status":"open","sticky":false,"template":"","format":"standard","meta":{"_jetpack_memberships_contains_paid_content":false,"footnotes":"","jetpack_publicize_message":"","jetpack_publicize_feature_enabled":true,"jetpack_social_post_already_shared":false,"jetpack_social_options":{"image_generator_settings":{"template":"highway","default_image_id":0,"font":"","enabled":false},"version":2}},"categories":[921,196,140],"tags":[26595,23128,23942,26594],"class_list":["post-43158","post","type-post","status-publish","format-standard","has-post-thumbnail","hentry","category-home","category-news","category-reggio-calabria","tag-accusa-di-inattvita","tag-comune-villa-san-giovanni","tag-dott-marco-santoro","tag-piero-idone"],"yoast_head":"<!-- This site is optimized with the Yoast SEO plugin v27.2 - https:\/\/yoast.com\/product\/yoast-seo-wordpress\/ -->\n<title>Villa: Capogruppo minoranza accusa Presidente Idone di&quot;inattivit\u00e0&quot;<\/title>\n<meta name=\"description\" content=\"Il Capogruppo di minoranza del Comune, Santoro. accusa Il Presidente della Commissione consiliare di studio Territorio, Idone di &quot;inattivit\u00e0&quot;\" \/>\n<meta name=\"robots\" content=\"index, follow, max-snippet:-1, max-image-preview:large, max-video-preview:-1\" \/>\n<link rel=\"canonical\" href=\"https:\/\/progettotouring.it\/radiotouring104\/2024\/01\/22\/villa-san-giovanni-capogruppo-di-minoranza-accusa-presidente-commissione-territorio-di-inattivita\/\" \/>\n<meta property=\"og:locale\" content=\"it_IT\" \/>\n<meta property=\"og:type\" content=\"article\" \/>\n<meta property=\"og:title\" content=\"Villa: Capogruppo minoranza accusa Presidente Idone di&quot;inattivit\u00e0&quot;\" \/>\n<meta property=\"og:description\" content=\"Il Capogruppo di minoranza del Comune, Santoro. accusa Il Presidente della Commissione consiliare di studio Territorio, Idone di &quot;inattivit\u00e0&quot;\" \/>\n<meta property=\"og:url\" content=\"https:\/\/progettotouring.it\/radiotouring104\/2024\/01\/22\/villa-san-giovanni-capogruppo-di-minoranza-accusa-presidente-commissione-territorio-di-inattivita\/\" \/>\n<meta property=\"og:site_name\" content=\"Radio Touring 104\" \/>\n<meta property=\"article:published_time\" content=\"2024-01-22T11:43:05+00:00\" \/>\n<meta property=\"article:modified_time\" content=\"2024-01-22T11:45:12+00:00\" \/>\n<meta property=\"og:image\" content=\"https:\/\/progettotouring.it\/radiotouring104\/wp-content\/uploads\/sites\/6\/2024\/01\/Ponte-sullo-Stretto-1.jpg\" \/>\n\t<meta property=\"og:image:width\" content=\"667\" \/>\n\t<meta property=\"og:image:height\" content=\"432\" \/>\n\t<meta property=\"og:image:type\" content=\"image\/jpeg\" \/>\n<meta name=\"author\" content=\"Sebastiano Plutino\" \/>\n<meta name=\"twitter:card\" content=\"summary_large_image\" \/>\n<meta name=\"twitter:label1\" content=\"Scritto da\" \/>\n\t<meta name=\"twitter:data1\" content=\"Sebastiano Plutino\" \/>\n\t<meta name=\"twitter:label2\" content=\"Tempo di lettura stimato\" \/>\n\t<meta name=\"twitter:data2\" content=\"2 minuti\" \/>\n<script type=\"application\/ld+json\" class=\"yoast-schema-graph\">{\"@context\":\"https:\/\/schema.org\",\"@graph\":[{\"@type\":\"Article\",\"@id\":\"https:\/\/progettotouring.it\/radiotouring104\/2024\/01\/22\/villa-san-giovanni-capogruppo-di-minoranza-accusa-presidente-commissione-territorio-di-inattivita\/#article\",\"isPartOf\":{\"@id\":\"https:\/\/progettotouring.it\/radiotouring104\/2024\/01\/22\/villa-san-giovanni-capogruppo-di-minoranza-accusa-presidente-commissione-territorio-di-inattivita\/\"},\"author\":{\"name\":\"Sebastiano Plutino\",\"@id\":\"https:\/\/progettotouring.it\/radiotouring104\/#\/schema\/person\/78613917f1851f041f7483f5af1d422e\"},\"headline\":\"Villa San Giovanni: Capogruppo di minoranza accusa Presidente Commissione Territorio di &#8220;inattivit\u00e0&#8221;\",\"datePublished\":\"2024-01-22T11:43:05+00:00\",\"dateModified\":\"2024-01-22T11:45:12+00:00\",\"mainEntityOfPage\":{\"@id\":\"https:\/\/progettotouring.it\/radiotouring104\/2024\/01\/22\/villa-san-giovanni-capogruppo-di-minoranza-accusa-presidente-commissione-territorio-di-inattivita\/\"},\"wordCount\":369,\"publisher\":{\"@id\":\"https:\/\/progettotouring.it\/radiotouring104\/#organization\"},\"image\":{\"@id\":\"https:\/\/progettotouring.it\/radiotouring104\/2024\/01\/22\/villa-san-giovanni-capogruppo-di-minoranza-accusa-presidente-commissione-territorio-di-inattivita\/#primaryimage\"},\"thumbnailUrl\":\"https:\/\/progettotouring.it\/radiotouring104\/wp-content\/uploads\/sites\/6\/2024\/01\/Ponte-sullo-Stretto-1.jpg\",\"keywords\":[\"accusa di \\\"inattvit\u00e0\\\"\",\"Comune Villa San Giovanni\",\"dott. Marco Santoro.\",\"piero idone\"],\"articleSection\":[\"Home\",\"News\",\"Reggio Calabria\"],\"inLanguage\":\"it-IT\"},{\"@type\":\"WebPage\",\"@id\":\"https:\/\/progettotouring.it\/radiotouring104\/2024\/01\/22\/villa-san-giovanni-capogruppo-di-minoranza-accusa-presidente-commissione-territorio-di-inattivita\/\",\"url\":\"https:\/\/progettotouring.it\/radiotouring104\/2024\/01\/22\/villa-san-giovanni-capogruppo-di-minoranza-accusa-presidente-commissione-territorio-di-inattivita\/\",\"name\":\"Villa: Capogruppo minoranza accusa Presidente Idone di\\\"inattivit\u00e0\\\"\",\"isPartOf\":{\"@id\":\"https:\/\/progettotouring.it\/radiotouring104\/#website\"},\"primaryImageOfPage\":{\"@id\":\"https:\/\/progettotouring.it\/radiotouring104\/2024\/01\/22\/villa-san-giovanni-capogruppo-di-minoranza-accusa-presidente-commissione-territorio-di-inattivita\/#primaryimage\"},\"image\":{\"@id\":\"https:\/\/progettotouring.it\/radiotouring104\/2024\/01\/22\/villa-san-giovanni-capogruppo-di-minoranza-accusa-presidente-commissione-territorio-di-inattivita\/#primaryimage\"},\"thumbnailUrl\":\"https:\/\/progettotouring.it\/radiotouring104\/wp-content\/uploads\/sites\/6\/2024\/01\/Ponte-sullo-Stretto-1.jpg\",\"datePublished\":\"2024-01-22T11:43:05+00:00\",\"dateModified\":\"2024-01-22T11:45:12+00:00\",\"description\":\"Il Capogruppo di minoranza del Comune, Santoro. accusa Il Presidente della Commissione consiliare di studio Territorio, Idone di \\\"inattivit\u00e0\\\"\",\"breadcrumb\":{\"@id\":\"https:\/\/progettotouring.it\/radiotouring104\/2024\/01\/22\/villa-san-giovanni-capogruppo-di-minoranza-accusa-presidente-commissione-territorio-di-inattivita\/#breadcrumb\"},\"inLanguage\":\"it-IT\",\"potentialAction\":[{\"@type\":\"ReadAction\",\"target\":[\"https:\/\/progettotouring.it\/radiotouring104\/2024\/01\/22\/villa-san-giovanni-capogruppo-di-minoranza-accusa-presidente-commissione-territorio-di-inattivita\/\"]}]},{\"@type\":\"ImageObject\",\"inLanguage\":\"it-IT\",\"@id\":\"https:\/\/progettotouring.it\/radiotouring104\/2024\/01\/22\/villa-san-giovanni-capogruppo-di-minoranza-accusa-presidente-commissione-territorio-di-inattivita\/#primaryimage\",\"url\":\"https:\/\/progettotouring.it\/radiotouring104\/wp-content\/uploads\/sites\/6\/2024\/01\/Ponte-sullo-Stretto-1.jpg\",\"contentUrl\":\"https:\/\/progettotouring.it\/radiotouring104\/wp-content\/uploads\/sites\/6\/2024\/01\/Ponte-sullo-Stretto-1.jpg\",\"width\":667,\"height\":432},{\"@type\":\"BreadcrumbList\",\"@id\":\"https:\/\/progettotouring.it\/radiotouring104\/2024\/01\/22\/villa-san-giovanni-capogruppo-di-minoranza-accusa-presidente-commissione-territorio-di-inattivita\/#breadcrumb\",\"itemListElement\":[{\"@type\":\"ListItem\",\"position\":1,\"name\":\"Home\",\"item\":\"https:\/\/progettotouring.it\/radiotouring104\/\"},{\"@type\":\"ListItem\",\"position\":2,\"name\":\"Villa San Giovanni: Capogruppo di minoranza accusa Presidente Commissione Territorio di &#8220;inattivit\u00e0&#8221;\"}]},{\"@type\":\"WebSite\",\"@id\":\"https:\/\/progettotouring.it\/radiotouring104\/#website\",\"url\":\"https:\/\/progettotouring.it\/radiotouring104\/\",\"name\":\"Radio Touring 104\",\"description\":\"La prima radio Reggina\",\"publisher\":{\"@id\":\"https:\/\/progettotouring.it\/radiotouring104\/#organization\"},\"potentialAction\":[{\"@type\":\"SearchAction\",\"target\":{\"@type\":\"EntryPoint\",\"urlTemplate\":\"https:\/\/progettotouring.it\/radiotouring104\/?s={search_term_string}\"},\"query-input\":{\"@type\":\"PropertyValueSpecification\",\"valueRequired\":true,\"valueName\":\"search_term_string\"}}],\"inLanguage\":\"it-IT\"},{\"@type\":\"Organization\",\"@id\":\"https:\/\/progettotouring.it\/radiotouring104\/#organization\",\"name\":\"Radio Touring 104\",\"url\":\"https:\/\/progettotouring.it\/radiotouring104\/\",\"logo\":{\"@type\":\"ImageObject\",\"inLanguage\":\"it-IT\",\"@id\":\"https:\/\/progettotouring.it\/radiotouring104\/#\/schema\/logo\/image\/\",\"url\":\"https:\/\/progettotouring.it\/radiotouring104\/wp-content\/uploads\/sites\/6\/2022\/02\/cropped-logo-radio-touring-104.png\",\"contentUrl\":\"https:\/\/progettotouring.it\/radiotouring104\/wp-content\/uploads\/sites\/6\/2022\/02\/cropped-logo-radio-touring-104.png\",\"width\":377,\"height\":182,\"caption\":\"Radio Touring 104\"},\"image\":{\"@id\":\"https:\/\/progettotouring.it\/radiotouring104\/#\/schema\/logo\/image\/\"}},{\"@type\":\"Person\",\"@id\":\"https:\/\/progettotouring.it\/radiotouring104\/#\/schema\/person\/78613917f1851f041f7483f5af1d422e\",\"name\":\"Sebastiano Plutino\",\"image\":{\"@type\":\"ImageObject\",\"inLanguage\":\"it-IT\",\"@id\":\"https:\/\/secure.gravatar.com\/avatar\/0546ffaa9b79224faf9f2a156b67a529ae861d3287c66c1d8ccfdf909bcba78d?s=96&d=mm&r=g\",\"url\":\"https:\/\/secure.gravatar.com\/avatar\/0546ffaa9b79224faf9f2a156b67a529ae861d3287c66c1d8ccfdf909bcba78d?s=96&d=mm&r=g\",\"contentUrl\":\"https:\/\/secure.gravatar.com\/avatar\/0546ffaa9b79224faf9f2a156b67a529ae861d3287c66c1d8ccfdf909bcba78d?s=96&d=mm&r=g\",\"caption\":\"Sebastiano Plutino\"},\"url\":\"https:\/\/progettotouring.it\/radiotouring104\/author\/sebastiano\/\"}]}<\/script>\n<!-- \/ Yoast SEO plugin. -->","yoast_head_json":{"title":"Villa: Capogruppo minoranza accusa Presidente Idone di\"inattivit\u00e0\"","description":"Il Capogruppo di minoranza del Comune, Santoro. accusa Il Presidente della Commissione consiliare di studio Territorio, Idone di \"inattivit\u00e0\"","robots":{"index":"index","follow":"follow","max-snippet":"max-snippet:-1","max-image-preview":"max-image-preview:large","max-video-preview":"max-video-preview:-1"},"canonical":"https:\/\/progettotouring.it\/radiotouring104\/2024\/01\/22\/villa-san-giovanni-capogruppo-di-minoranza-accusa-presidente-commissione-territorio-di-inattivita\/","og_locale":"it_IT","og_type":"article","og_title":"Villa: Capogruppo minoranza accusa Presidente Idone di\"inattivit\u00e0\"","og_description":"Il Capogruppo di minoranza del Comune, Santoro. accusa Il Presidente della Commissione consiliare di studio Territorio, Idone di \"inattivit\u00e0\"","og_url":"https:\/\/progettotouring.it\/radiotouring104\/2024\/01\/22\/villa-san-giovanni-capogruppo-di-minoranza-accusa-presidente-commissione-territorio-di-inattivita\/","og_site_name":"Radio Touring 104","article_published_time":"2024-01-22T11:43:05+00:00","article_modified_time":"2024-01-22T11:45:12+00:00","og_image":[{"width":667,"height":432,"url":"https:\/\/progettotouring.it\/radiotouring104\/wp-content\/uploads\/sites\/6\/2024\/01\/Ponte-sullo-Stretto-1.jpg","type":"image\/jpeg"}],"author":"Sebastiano Plutino","twitter_card":"summary_large_image","twitter_misc":{"Scritto da":"Sebastiano Plutino","Tempo di lettura stimato":"2 minuti"},"schema":{"@context":"https:\/\/schema.org","@graph":[{"@type":"Article","@id":"https:\/\/progettotouring.it\/radiotouring104\/2024\/01\/22\/villa-san-giovanni-capogruppo-di-minoranza-accusa-presidente-commissione-territorio-di-inattivita\/#article","isPartOf":{"@id":"https:\/\/progettotouring.it\/radiotouring104\/2024\/01\/22\/villa-san-giovanni-capogruppo-di-minoranza-accusa-presidente-commissione-territorio-di-inattivita\/"},"author":{"name":"Sebastiano Plutino","@id":"https:\/\/progettotouring.it\/radiotouring104\/#\/schema\/person\/78613917f1851f041f7483f5af1d422e"},"headline":"Villa San Giovanni: Capogruppo di minoranza accusa Presidente Commissione Territorio di &#8220;inattivit\u00e0&#8221;","datePublished":"2024-01-22T11:43:05+00:00","dateModified":"2024-01-22T11:45:12+00:00","mainEntityOfPage":{"@id":"https:\/\/progettotouring.it\/radiotouring104\/2024\/01\/22\/villa-san-giovanni-capogruppo-di-minoranza-accusa-presidente-commissione-territorio-di-inattivita\/"},"wordCount":369,"publisher":{"@id":"https:\/\/progettotouring.it\/radiotouring104\/#organization"},"image":{"@id":"https:\/\/progettotouring.it\/radiotouring104\/2024\/01\/22\/villa-san-giovanni-capogruppo-di-minoranza-accusa-presidente-commissione-territorio-di-inattivita\/#primaryimage"},"thumbnailUrl":"https:\/\/progettotouring.it\/radiotouring104\/wp-content\/uploads\/sites\/6\/2024\/01\/Ponte-sullo-Stretto-1.jpg","keywords":["accusa di \"inattvit\u00e0\"","Comune Villa San Giovanni","dott. Marco Santoro.","piero idone"],"articleSection":["Home","News","Reggio Calabria"],"inLanguage":"it-IT"},{"@type":"WebPage","@id":"https:\/\/progettotouring.it\/radiotouring104\/2024\/01\/22\/villa-san-giovanni-capogruppo-di-minoranza-accusa-presidente-commissione-territorio-di-inattivita\/","url":"https:\/\/progettotouring.it\/radiotouring104\/2024\/01\/22\/villa-san-giovanni-capogruppo-di-minoranza-accusa-presidente-commissione-territorio-di-inattivita\/","name":"Villa: Capogruppo minoranza accusa Presidente Idone di\"inattivit\u00e0\"","isPartOf":{"@id":"https:\/\/progettotouring.it\/radiotouring104\/#website"},"primaryImageOfPage":{"@id":"https:\/\/progettotouring.it\/radiotouring104\/2024\/01\/22\/villa-san-giovanni-capogruppo-di-minoranza-accusa-presidente-commissione-territorio-di-inattivita\/#primaryimage"},"image":{"@id":"https:\/\/progettotouring.it\/radiotouring104\/2024\/01\/22\/villa-san-giovanni-capogruppo-di-minoranza-accusa-presidente-commissione-territorio-di-inattivita\/#primaryimage"},"thumbnailUrl":"https:\/\/progettotouring.it\/radiotouring104\/wp-content\/uploads\/sites\/6\/2024\/01\/Ponte-sullo-Stretto-1.jpg","datePublished":"2024-01-22T11:43:05+00:00","dateModified":"2024-01-22T11:45:12+00:00","description":"Il Capogruppo di minoranza del Comune, Santoro. accusa Il Presidente della Commissione consiliare di studio Territorio, Idone di \"inattivit\u00e0\"","breadcrumb":{"@id":"https:\/\/progettotouring.it\/radiotouring104\/2024\/01\/22\/villa-san-giovanni-capogruppo-di-minoranza-accusa-presidente-commissione-territorio-di-inattivita\/#breadcrumb"},"inLanguage":"it-IT","potentialAction":[{"@type":"ReadAction","target":["https:\/\/progettotouring.it\/radiotouring104\/2024\/01\/22\/villa-san-giovanni-capogruppo-di-minoranza-accusa-presidente-commissione-territorio-di-inattivita\/"]}]},{"@type":"ImageObject","inLanguage":"it-IT","@id":"https:\/\/progettotouring.it\/radiotouring104\/2024\/01\/22\/villa-san-giovanni-capogruppo-di-minoranza-accusa-presidente-commissione-territorio-di-inattivita\/#primaryimage","url":"https:\/\/progettotouring.it\/radiotouring104\/wp-content\/uploads\/sites\/6\/2024\/01\/Ponte-sullo-Stretto-1.jpg","contentUrl":"https:\/\/progettotouring.it\/radiotouring104\/wp-content\/uploads\/sites\/6\/2024\/01\/Ponte-sullo-Stretto-1.jpg","width":667,"height":432},{"@type":"BreadcrumbList","@id":"https:\/\/progettotouring.it\/radiotouring104\/2024\/01\/22\/villa-san-giovanni-capogruppo-di-minoranza-accusa-presidente-commissione-territorio-di-inattivita\/#breadcrumb","itemListElement":[{"@type":"ListItem","position":1,"name":"Home","item":"https:\/\/progettotouring.it\/radiotouring104\/"},{"@type":"ListItem","position":2,"name":"Villa San Giovanni: Capogruppo di minoranza accusa Presidente Commissione Territorio di &#8220;inattivit\u00e0&#8221;"}]},{"@type":"WebSite","@id":"https:\/\/progettotouring.it\/radiotouring104\/#website","url":"https:\/\/progettotouring.it\/radiotouring104\/","name":"Radio Touring 104","description":"La prima radio Reggina","publisher":{"@id":"https:\/\/progettotouring.it\/radiotouring104\/#organization"},"potentialAction":[{"@type":"SearchAction","target":{"@type":"EntryPoint","urlTemplate":"https:\/\/progettotouring.it\/radiotouring104\/?s={search_term_string}"},"query-input":{"@type":"PropertyValueSpecification","valueRequired":true,"valueName":"search_term_string"}}],"inLanguage":"it-IT"},{"@type":"Organization","@id":"https:\/\/progettotouring.it\/radiotouring104\/#organization","name":"Radio Touring 104","url":"https:\/\/progettotouring.it\/radiotouring104\/","logo":{"@type":"ImageObject","inLanguage":"it-IT","@id":"https:\/\/progettotouring.it\/radiotouring104\/#\/schema\/logo\/image\/","url":"https:\/\/progettotouring.it\/radiotouring104\/wp-content\/uploads\/sites\/6\/2022\/02\/cropped-logo-radio-touring-104.png","contentUrl":"https:\/\/progettotouring.it\/radiotouring104\/wp-content\/uploads\/sites\/6\/2022\/02\/cropped-logo-radio-touring-104.png","width":377,"height":182,"caption":"Radio Touring 104"},"image":{"@id":"https:\/\/progettotouring.it\/radiotouring104\/#\/schema\/logo\/image\/"}},{"@type":"Person","@id":"https:\/\/progettotouring.it\/radiotouring104\/#\/schema\/person\/78613917f1851f041f7483f5af1d422e","name":"Sebastiano Plutino","image":{"@type":"ImageObject","inLanguage":"it-IT","@id":"https:\/\/secure.gravatar.com\/avatar\/0546ffaa9b79224faf9f2a156b67a529ae861d3287c66c1d8ccfdf909bcba78d?s=96&d=mm&r=g","url":"https:\/\/secure.gravatar.com\/avatar\/0546ffaa9b79224faf9f2a156b67a529ae861d3287c66c1d8ccfdf909bcba78d?s=96&d=mm&r=g","contentUrl":"https:\/\/secure.gravatar.com\/avatar\/0546ffaa9b79224faf9f2a156b67a529ae861d3287c66c1d8ccfdf909bcba78d?s=96&d=mm&r=g","caption":"Sebastiano Plutino"},"url":"https:\/\/progettotouring.it\/radiotouring104\/author\/sebastiano\/"}]}},"jetpack_publicize_connections":[],"jetpack_featured_media_url":"https:\/\/progettotouring.it\/radiotouring104\/wp-content\/uploads\/sites\/6\/2024\/01\/Ponte-sullo-Stretto-1.jpg","jetpack_sharing_enabled":true,"_links":{"self":[{"href":"https:\/\/progettotouring.it\/radiotouring104\/wp-json\/wp\/v2\/posts\/43158","targetHints":{"allow":["GET"]}}],"collection":[{"href":"https:\/\/progettotouring.it\/radiotouring104\/wp-json\/wp\/v2\/posts"}],"about":[{"href":"https:\/\/progettotouring.it\/radiotouring104\/wp-json\/wp\/v2\/types\/post"}],"author":[{"embeddable":true,"href":"https:\/\/progettotouring.it\/radiotouring104\/wp-json\/wp\/v2\/users\/12"}],"replies":[{"embeddable":true,"href":"https:\/\/progettotouring.it\/radiotouring104\/wp-json\/wp\/v2\/comments?post=43158"}],"version-history":[{"count":1,"href":"https:\/\/progettotouring.it\/radiotouring104\/wp-json\/wp\/v2\/posts\/43158\/revisions"}],"predecessor-version":[{"id":43159,"href":"https:\/\/progettotouring.it\/radiotouring104\/wp-json\/wp\/v2\/posts\/43158\/revisions\/43159"}],"wp:featuredmedia":[{"embeddable":true,"href":"https:\/\/progettotouring.it\/radiotouring104\/wp-json\/wp\/v2\/media\/43160"}],"wp:attachment":[{"href":"https:\/\/progettotouring.it\/radiotouring104\/wp-json\/wp\/v2\/media?parent=43158"}],"wp:term":[{"taxonomy":"category","embeddable":true,"href":"https:\/\/progettotouring.it\/radiotouring104\/wp-json\/wp\/v2\/categories?post=43158"},{"taxonomy":"post_tag","embeddable":true,"href":"https:\/\/progettotouring.it\/radiotouring104\/wp-json\/wp\/v2\/tags?post=43158"}],"curies":[{"name":"wp","href":"https:\/\/api.w.org\/{rel}","templated":true}]}}