{"id":43175,"date":"2024-01-23T09:50:30","date_gmt":"2024-01-23T08:50:30","guid":{"rendered":"https:\/\/progettotouring.it\/radiotouring104\/?p=43175"},"modified":"2024-01-23T09:56:31","modified_gmt":"2024-01-23T08:56:31","slug":"le-muse-calabria-e-veneto-riunite-nel-nome-dellarte-pop-di-regina-schrecker-nella-storica-villa-morosini","status":"publish","type":"post","link":"https:\/\/progettotouring.it\/radiotouring104\/2024\/01\/23\/le-muse-calabria-e-veneto-riunite-nel-nome-dellarte-pop-di-regina-schrecker-nella-storica-villa-morosini\/","title":{"rendered":"Le Muse: Calabria e Veneto riunite nel nome dell\u2019arte pop di Regina Schrecker nella storica Villa Morosini"},"content":{"rendered":"<p style=\"text-align: justify\"><strong>L\u2019associazione culturale Le Muse<\/strong> \u201cLaboratorio delle Arti e delle Lettere\u201d di Reggio Calabria<strong> approda in terra veneta e lo fa in occasione di un gemellaggio nel nome dell\u2019arte e dell\u2019icona della moda Regina Schrecker.<\/strong><\/p>\n<p style=\"text-align: justify\"><strong>La notissima stilista,<\/strong> durante il periodo natalizio <strong>\u00e8 stata presente a Reggio Calabria per iniziare a preparare quello che sar\u00e0 un concorso aperto al mondo della scuola<\/strong> e che possa coniugare la cultura pop, quella di Andy Warhol ed il mondo della creativit\u00e0 e della moda che viaggia da anni con successi internazionali poich\u00e9 ideata da Regina Schrecker.<\/p>\n<p style=\"text-align: justify\"><strong>Scelta<\/strong> <em>\u201cLe Muse\u201d<\/em> come associazione promotrice di tale concorso per la Calabria<strong>, il presidente prof. Giuseppe Livoti,<\/strong> <strong>nei giorni scorsi, \u00e8 stato presente nella qualit\u00e0 di componente della giuria<\/strong> per la valutazione finale e <strong>premiazione del concorso gi\u00e0 svolto in Veneto.<\/strong> Tale manifestazione importantissima collegata alla mostra<em> \u201cRegina Schrecker e Andy Warhol &#8211; Fashion e Pop Art in Villa Morosini\u201d<\/em><strong> si \u00e8 tenuta<\/strong> appunto nella splendida cornice di Villa Morosini, <strong>a Polesella.<\/strong><\/p>\n<p style=\"text-align: justify\">Tale edificio storico, \u00e8 residenza che risale al Cinquecento, vera e propria villa attribuita nel progetto architettonico a Vincenzo Scamozzi, abitata nella seconda met\u00e0 del XVII sec. da Francesco Morosini, doge di Venezia dal 1688 al 1694. La mostra ha presentato al pubblico un binomio indissolubile, quello che si era instaurato tra Andy Warhol e Regina Schrecker tra gli anni \u201970 e \u201980 con le due opere che il Maestro realizz\u00f2 ritraendo la splendida modella e stilista, conosciuta a New York insieme con modelli di alta moda prodotti e firmati Regina Schrecker ed un ritratto che Jean-Michel Basquiat le fece su un piatto del mitico Toul\u00e0 (il primo gruppo italiano che port\u00f2 l\u2019alta ristorazione in Europa, negli anni \u201960) e la boccetta di profumo della Maison Schrecker, disegnata da Arnaldo Pomodoro. I ragazzi veneti, circa 300, appartenenti alla scuola secondaria di primo grado hanno realizzato vere e proprie forme di decorazioni contemporanee che appartengono al linguaggio della Pop Art, su figure in bianco e nero, corpi, che hanno reso popolare Regina Schrecker, manipolati con elementi grafici,\u00a0 anche di recupero o della pubblicit\u00e0 senza l\u2019apporto della tecnologia, mettendo in evidenza la serialit\u00e0 e non l\u2019unicit\u00e0 come ricorda la poetica artistica di Warhol tra i pi\u00f9 importanti artisti americani del XX secolo.<strong> La commissione presieduta dalla nota stilista ha visto come componenti:<\/strong> ing.<strong> Luciano Zerbinati<\/strong> ex presidente dell&#8217;Istituto regionale Ville Venete dal 1996 al 2005, il prof<strong>. Giovanni Boniolo<\/strong> filosofo e docente universitario, la prof.<strong> Bianca Zerbinati<\/strong> docente di lettere, il presidente Muse e direttore della Pinacoteca di Bova Marina prof. <strong>Giuseppe Livoti,<\/strong> l\u2019assessore politiche giovanili, istruzione e formazione del Comune di Polesella<strong> Silvia Vignaroli<\/strong>. Il sindaco di Polesella <strong>Leonardo Raito<\/strong> ha accolto con entusiasmo la scelta della citt\u00e0 di Reggio Calabria e dell\u2019Associazione \u201cLe Muse\u201d per il Sud Italia: \u00e8 giusto promuovere i territori con occasioni culturali come quella di Polesella, occorre valorizzare l\u2019arte e l\u2019opera di una interprete come Regina ed \u00e8 giusto ripeterlo anche al Sud creando continuit\u00e0 ed un ponte di idee e di giovani forze per costruire una rete di valorizzazione congiunta come quella che Livoti far\u00e0 sicuramente.<\/p>\n<p style=\"text-align: justify\"><strong>La Schrecker ha ribadito come l\u2019arte non ha barriere<\/strong> ed occorre formare, educate e riportare il senso del bello, poich\u00e9 la societ\u00e0 di oggi sta vivendo una fase di involuzione e, senza giovani leve non ci pu\u00f2 essere la societ\u00e0 del domani. Livoti sapr\u00e0 coinvolgere i ragazzi del sud Italia in questo concorso che vedr\u00e0 la mia presenza oltre a momenti pop che stiamo organizzando per i prossimi mesi. Il presidente Muse, portando il saluto della gente di Calabria, si \u00e8 soffermato sulla comunicazione artistica di tale perfomance d\u2019arte tra giovani, concorso che vede l\u2019unione nonostante le divisioni regionali, ideali linee di demarcazione eliminate in questo caso, dalla figura della Schrecker per una migliore educazione all\u2019arte ed alla cultura, prendendo in prestito il mondo pop e la Pop Art come percorso da seguire e promuovere. Proprio per questo, ha ribadito il presidente Muse, cercheremo di coinvolgere le scuole della citt\u00e0 metropolitana in un accattivante viaggio nella moda e nei linguaggi. Presto verr\u00e0 quindi presentato il regolamento per le scuole reggine.<\/p>\n<p>&nbsp;<\/p>\n<p>&nbsp;<\/p>\n","protected":false},"excerpt":{"rendered":"<p>L\u2019associazione culturale Le Muse \u201cLaboratorio delle Arti e delle Lettere\u201d di Reggio Calabria approda in terra veneta e lo fa in occasione di un gemellaggio nel nome dell\u2019arte e dell\u2019icona&hellip;<\/p>\n","protected":false},"author":12,"featured_media":43176,"comment_status":"closed","ping_status":"open","sticky":false,"template":"","format":"standard","meta":{"_jetpack_memberships_contains_paid_content":false,"footnotes":"","jetpack_publicize_message":"","jetpack_publicize_feature_enabled":true,"jetpack_social_post_already_shared":false,"jetpack_social_options":{"image_generator_settings":{"template":"highway","default_image_id":0,"font":"","enabled":false},"version":2}},"categories":[921,196,140],"tags":[11708,26606,5706,26605],"class_list":["post-43175","post","type-post","status-publish","format-standard","has-post-thumbnail","hentry","category-home","category-news","category-reggio-calabria","tag-associazione-culturale-le-muse","tag-gemellaggio-in-veneto","tag-giuseppe-livoti","tag-icona-moda-regina-schrecker"],"yoast_head":"<!-- This site is optimized with the Yoast SEO plugin v27.2 - https:\/\/yoast.com\/product\/yoast-seo-wordpress\/ -->\n<title>&quot;Le Muse&quot; approda in terra veneta nel nome icona moda Schrecker<\/title>\n<meta name=\"description\" content=\"L&#039;Associazione &quot;Le Muse&quot; approda in terra veneta per un gemellaggio nel nome dell\u2019arte e dell\u2019icona della moda Regina Schrecker.\" \/>\n<meta name=\"robots\" content=\"index, follow, max-snippet:-1, max-image-preview:large, max-video-preview:-1\" \/>\n<link rel=\"canonical\" href=\"https:\/\/progettotouring.it\/radiotouring104\/2024\/01\/23\/le-muse-calabria-e-veneto-riunite-nel-nome-dellarte-pop-di-regina-schrecker-nella-storica-villa-morosini\/\" \/>\n<meta property=\"og:locale\" content=\"it_IT\" \/>\n<meta property=\"og:type\" content=\"article\" \/>\n<meta property=\"og:title\" content=\"&quot;Le Muse&quot; approda in terra veneta nel nome icona moda Schrecker\" \/>\n<meta property=\"og:description\" content=\"L&#039;Associazione &quot;Le Muse&quot; approda in terra veneta per un gemellaggio nel nome dell\u2019arte e dell\u2019icona della moda Regina Schrecker.\" \/>\n<meta property=\"og:url\" content=\"https:\/\/progettotouring.it\/radiotouring104\/2024\/01\/23\/le-muse-calabria-e-veneto-riunite-nel-nome-dellarte-pop-di-regina-schrecker-nella-storica-villa-morosini\/\" \/>\n<meta property=\"og:site_name\" content=\"Radio Touring 104\" \/>\n<meta property=\"article:published_time\" content=\"2024-01-23T08:50:30+00:00\" \/>\n<meta property=\"article:modified_time\" content=\"2024-01-23T08:56:31+00:00\" \/>\n<meta property=\"og:image\" content=\"https:\/\/progettotouring.it\/radiotouring104\/wp-content\/uploads\/sites\/6\/2024\/01\/Le-Muse-Veneto-icona-moda-Schreicker.jpg\" \/>\n\t<meta property=\"og:image:width\" content=\"960\" \/>\n\t<meta property=\"og:image:height\" content=\"720\" \/>\n\t<meta property=\"og:image:type\" content=\"image\/jpeg\" \/>\n<meta name=\"author\" content=\"Sebastiano Plutino\" \/>\n<meta name=\"twitter:card\" content=\"summary_large_image\" \/>\n<meta name=\"twitter:label1\" content=\"Scritto da\" \/>\n\t<meta name=\"twitter:data1\" content=\"Sebastiano Plutino\" \/>\n\t<meta name=\"twitter:label2\" content=\"Tempo di lettura stimato\" \/>\n\t<meta name=\"twitter:data2\" content=\"3 minuti\" \/>\n<script type=\"application\/ld+json\" class=\"yoast-schema-graph\">{\"@context\":\"https:\/\/schema.org\",\"@graph\":[{\"@type\":\"Article\",\"@id\":\"https:\/\/progettotouring.it\/radiotouring104\/2024\/01\/23\/le-muse-calabria-e-veneto-riunite-nel-nome-dellarte-pop-di-regina-schrecker-nella-storica-villa-morosini\/#article\",\"isPartOf\":{\"@id\":\"https:\/\/progettotouring.it\/radiotouring104\/2024\/01\/23\/le-muse-calabria-e-veneto-riunite-nel-nome-dellarte-pop-di-regina-schrecker-nella-storica-villa-morosini\/\"},\"author\":{\"name\":\"Sebastiano Plutino\",\"@id\":\"https:\/\/progettotouring.it\/radiotouring104\/#\/schema\/person\/78613917f1851f041f7483f5af1d422e\"},\"headline\":\"Le Muse: Calabria e Veneto riunite nel nome dell\u2019arte pop di Regina Schrecker nella storica Villa Morosini\",\"datePublished\":\"2024-01-23T08:50:30+00:00\",\"dateModified\":\"2024-01-23T08:56:31+00:00\",\"mainEntityOfPage\":{\"@id\":\"https:\/\/progettotouring.it\/radiotouring104\/2024\/01\/23\/le-muse-calabria-e-veneto-riunite-nel-nome-dellarte-pop-di-regina-schrecker-nella-storica-villa-morosini\/\"},\"wordCount\":704,\"publisher\":{\"@id\":\"https:\/\/progettotouring.it\/radiotouring104\/#organization\"},\"image\":{\"@id\":\"https:\/\/progettotouring.it\/radiotouring104\/2024\/01\/23\/le-muse-calabria-e-veneto-riunite-nel-nome-dellarte-pop-di-regina-schrecker-nella-storica-villa-morosini\/#primaryimage\"},\"thumbnailUrl\":\"https:\/\/progettotouring.it\/radiotouring104\/wp-content\/uploads\/sites\/6\/2024\/01\/Le-Muse-Veneto-icona-moda-Schreicker.jpg\",\"keywords\":[\"Associazione Culturale \\\"Le Muse\\\"\",\"gemellaggio in Veneto\",\"Giuseppe Livoti\",\"icona moda Regina Schrecker.\"],\"articleSection\":[\"Home\",\"News\",\"Reggio Calabria\"],\"inLanguage\":\"it-IT\"},{\"@type\":\"WebPage\",\"@id\":\"https:\/\/progettotouring.it\/radiotouring104\/2024\/01\/23\/le-muse-calabria-e-veneto-riunite-nel-nome-dellarte-pop-di-regina-schrecker-nella-storica-villa-morosini\/\",\"url\":\"https:\/\/progettotouring.it\/radiotouring104\/2024\/01\/23\/le-muse-calabria-e-veneto-riunite-nel-nome-dellarte-pop-di-regina-schrecker-nella-storica-villa-morosini\/\",\"name\":\"\\\"Le Muse\\\" approda in terra veneta nel nome icona moda Schrecker\",\"isPartOf\":{\"@id\":\"https:\/\/progettotouring.it\/radiotouring104\/#website\"},\"primaryImageOfPage\":{\"@id\":\"https:\/\/progettotouring.it\/radiotouring104\/2024\/01\/23\/le-muse-calabria-e-veneto-riunite-nel-nome-dellarte-pop-di-regina-schrecker-nella-storica-villa-morosini\/#primaryimage\"},\"image\":{\"@id\":\"https:\/\/progettotouring.it\/radiotouring104\/2024\/01\/23\/le-muse-calabria-e-veneto-riunite-nel-nome-dellarte-pop-di-regina-schrecker-nella-storica-villa-morosini\/#primaryimage\"},\"thumbnailUrl\":\"https:\/\/progettotouring.it\/radiotouring104\/wp-content\/uploads\/sites\/6\/2024\/01\/Le-Muse-Veneto-icona-moda-Schreicker.jpg\",\"datePublished\":\"2024-01-23T08:50:30+00:00\",\"dateModified\":\"2024-01-23T08:56:31+00:00\",\"description\":\"L'Associazione \\\"Le Muse\\\" approda in terra veneta per un gemellaggio nel nome dell\u2019arte e dell\u2019icona della moda Regina Schrecker.\",\"breadcrumb\":{\"@id\":\"https:\/\/progettotouring.it\/radiotouring104\/2024\/01\/23\/le-muse-calabria-e-veneto-riunite-nel-nome-dellarte-pop-di-regina-schrecker-nella-storica-villa-morosini\/#breadcrumb\"},\"inLanguage\":\"it-IT\",\"potentialAction\":[{\"@type\":\"ReadAction\",\"target\":[\"https:\/\/progettotouring.it\/radiotouring104\/2024\/01\/23\/le-muse-calabria-e-veneto-riunite-nel-nome-dellarte-pop-di-regina-schrecker-nella-storica-villa-morosini\/\"]}]},{\"@type\":\"ImageObject\",\"inLanguage\":\"it-IT\",\"@id\":\"https:\/\/progettotouring.it\/radiotouring104\/2024\/01\/23\/le-muse-calabria-e-veneto-riunite-nel-nome-dellarte-pop-di-regina-schrecker-nella-storica-villa-morosini\/#primaryimage\",\"url\":\"https:\/\/progettotouring.it\/radiotouring104\/wp-content\/uploads\/sites\/6\/2024\/01\/Le-Muse-Veneto-icona-moda-Schreicker.jpg\",\"contentUrl\":\"https:\/\/progettotouring.it\/radiotouring104\/wp-content\/uploads\/sites\/6\/2024\/01\/Le-Muse-Veneto-icona-moda-Schreicker.jpg\",\"width\":960,\"height\":720},{\"@type\":\"BreadcrumbList\",\"@id\":\"https:\/\/progettotouring.it\/radiotouring104\/2024\/01\/23\/le-muse-calabria-e-veneto-riunite-nel-nome-dellarte-pop-di-regina-schrecker-nella-storica-villa-morosini\/#breadcrumb\",\"itemListElement\":[{\"@type\":\"ListItem\",\"position\":1,\"name\":\"Home\",\"item\":\"https:\/\/progettotouring.it\/radiotouring104\/\"},{\"@type\":\"ListItem\",\"position\":2,\"name\":\"Le Muse: Calabria e Veneto riunite nel nome dell\u2019arte pop di Regina Schrecker nella storica Villa Morosini\"}]},{\"@type\":\"WebSite\",\"@id\":\"https:\/\/progettotouring.it\/radiotouring104\/#website\",\"url\":\"https:\/\/progettotouring.it\/radiotouring104\/\",\"name\":\"Radio Touring 104\",\"description\":\"La prima radio Reggina\",\"publisher\":{\"@id\":\"https:\/\/progettotouring.it\/radiotouring104\/#organization\"},\"potentialAction\":[{\"@type\":\"SearchAction\",\"target\":{\"@type\":\"EntryPoint\",\"urlTemplate\":\"https:\/\/progettotouring.it\/radiotouring104\/?s={search_term_string}\"},\"query-input\":{\"@type\":\"PropertyValueSpecification\",\"valueRequired\":true,\"valueName\":\"search_term_string\"}}],\"inLanguage\":\"it-IT\"},{\"@type\":\"Organization\",\"@id\":\"https:\/\/progettotouring.it\/radiotouring104\/#organization\",\"name\":\"Radio Touring 104\",\"url\":\"https:\/\/progettotouring.it\/radiotouring104\/\",\"logo\":{\"@type\":\"ImageObject\",\"inLanguage\":\"it-IT\",\"@id\":\"https:\/\/progettotouring.it\/radiotouring104\/#\/schema\/logo\/image\/\",\"url\":\"https:\/\/progettotouring.it\/radiotouring104\/wp-content\/uploads\/sites\/6\/2022\/02\/cropped-logo-radio-touring-104.png\",\"contentUrl\":\"https:\/\/progettotouring.it\/radiotouring104\/wp-content\/uploads\/sites\/6\/2022\/02\/cropped-logo-radio-touring-104.png\",\"width\":377,\"height\":182,\"caption\":\"Radio Touring 104\"},\"image\":{\"@id\":\"https:\/\/progettotouring.it\/radiotouring104\/#\/schema\/logo\/image\/\"}},{\"@type\":\"Person\",\"@id\":\"https:\/\/progettotouring.it\/radiotouring104\/#\/schema\/person\/78613917f1851f041f7483f5af1d422e\",\"name\":\"Sebastiano Plutino\",\"image\":{\"@type\":\"ImageObject\",\"inLanguage\":\"it-IT\",\"@id\":\"https:\/\/secure.gravatar.com\/avatar\/0546ffaa9b79224faf9f2a156b67a529ae861d3287c66c1d8ccfdf909bcba78d?s=96&d=mm&r=g\",\"url\":\"https:\/\/secure.gravatar.com\/avatar\/0546ffaa9b79224faf9f2a156b67a529ae861d3287c66c1d8ccfdf909bcba78d?s=96&d=mm&r=g\",\"contentUrl\":\"https:\/\/secure.gravatar.com\/avatar\/0546ffaa9b79224faf9f2a156b67a529ae861d3287c66c1d8ccfdf909bcba78d?s=96&d=mm&r=g\",\"caption\":\"Sebastiano Plutino\"},\"url\":\"https:\/\/progettotouring.it\/radiotouring104\/author\/sebastiano\/\"}]}<\/script>\n<!-- \/ Yoast SEO plugin. -->","yoast_head_json":{"title":"\"Le Muse\" approda in terra veneta nel nome icona moda Schrecker","description":"L'Associazione \"Le Muse\" approda in terra veneta per un gemellaggio nel nome dell\u2019arte e dell\u2019icona della moda Regina Schrecker.","robots":{"index":"index","follow":"follow","max-snippet":"max-snippet:-1","max-image-preview":"max-image-preview:large","max-video-preview":"max-video-preview:-1"},"canonical":"https:\/\/progettotouring.it\/radiotouring104\/2024\/01\/23\/le-muse-calabria-e-veneto-riunite-nel-nome-dellarte-pop-di-regina-schrecker-nella-storica-villa-morosini\/","og_locale":"it_IT","og_type":"article","og_title":"\"Le Muse\" approda in terra veneta nel nome icona moda Schrecker","og_description":"L'Associazione \"Le Muse\" approda in terra veneta per un gemellaggio nel nome dell\u2019arte e dell\u2019icona della moda Regina Schrecker.","og_url":"https:\/\/progettotouring.it\/radiotouring104\/2024\/01\/23\/le-muse-calabria-e-veneto-riunite-nel-nome-dellarte-pop-di-regina-schrecker-nella-storica-villa-morosini\/","og_site_name":"Radio Touring 104","article_published_time":"2024-01-23T08:50:30+00:00","article_modified_time":"2024-01-23T08:56:31+00:00","og_image":[{"width":960,"height":720,"url":"https:\/\/progettotouring.it\/radiotouring104\/wp-content\/uploads\/sites\/6\/2024\/01\/Le-Muse-Veneto-icona-moda-Schreicker.jpg","type":"image\/jpeg"}],"author":"Sebastiano Plutino","twitter_card":"summary_large_image","twitter_misc":{"Scritto da":"Sebastiano Plutino","Tempo di lettura stimato":"3 minuti"},"schema":{"@context":"https:\/\/schema.org","@graph":[{"@type":"Article","@id":"https:\/\/progettotouring.it\/radiotouring104\/2024\/01\/23\/le-muse-calabria-e-veneto-riunite-nel-nome-dellarte-pop-di-regina-schrecker-nella-storica-villa-morosini\/#article","isPartOf":{"@id":"https:\/\/progettotouring.it\/radiotouring104\/2024\/01\/23\/le-muse-calabria-e-veneto-riunite-nel-nome-dellarte-pop-di-regina-schrecker-nella-storica-villa-morosini\/"},"author":{"name":"Sebastiano Plutino","@id":"https:\/\/progettotouring.it\/radiotouring104\/#\/schema\/person\/78613917f1851f041f7483f5af1d422e"},"headline":"Le Muse: Calabria e Veneto riunite nel nome dell\u2019arte pop di Regina Schrecker nella storica Villa Morosini","datePublished":"2024-01-23T08:50:30+00:00","dateModified":"2024-01-23T08:56:31+00:00","mainEntityOfPage":{"@id":"https:\/\/progettotouring.it\/radiotouring104\/2024\/01\/23\/le-muse-calabria-e-veneto-riunite-nel-nome-dellarte-pop-di-regina-schrecker-nella-storica-villa-morosini\/"},"wordCount":704,"publisher":{"@id":"https:\/\/progettotouring.it\/radiotouring104\/#organization"},"image":{"@id":"https:\/\/progettotouring.it\/radiotouring104\/2024\/01\/23\/le-muse-calabria-e-veneto-riunite-nel-nome-dellarte-pop-di-regina-schrecker-nella-storica-villa-morosini\/#primaryimage"},"thumbnailUrl":"https:\/\/progettotouring.it\/radiotouring104\/wp-content\/uploads\/sites\/6\/2024\/01\/Le-Muse-Veneto-icona-moda-Schreicker.jpg","keywords":["Associazione Culturale \"Le Muse\"","gemellaggio in Veneto","Giuseppe Livoti","icona moda Regina Schrecker."],"articleSection":["Home","News","Reggio Calabria"],"inLanguage":"it-IT"},{"@type":"WebPage","@id":"https:\/\/progettotouring.it\/radiotouring104\/2024\/01\/23\/le-muse-calabria-e-veneto-riunite-nel-nome-dellarte-pop-di-regina-schrecker-nella-storica-villa-morosini\/","url":"https:\/\/progettotouring.it\/radiotouring104\/2024\/01\/23\/le-muse-calabria-e-veneto-riunite-nel-nome-dellarte-pop-di-regina-schrecker-nella-storica-villa-morosini\/","name":"\"Le Muse\" approda in terra veneta nel nome icona moda Schrecker","isPartOf":{"@id":"https:\/\/progettotouring.it\/radiotouring104\/#website"},"primaryImageOfPage":{"@id":"https:\/\/progettotouring.it\/radiotouring104\/2024\/01\/23\/le-muse-calabria-e-veneto-riunite-nel-nome-dellarte-pop-di-regina-schrecker-nella-storica-villa-morosini\/#primaryimage"},"image":{"@id":"https:\/\/progettotouring.it\/radiotouring104\/2024\/01\/23\/le-muse-calabria-e-veneto-riunite-nel-nome-dellarte-pop-di-regina-schrecker-nella-storica-villa-morosini\/#primaryimage"},"thumbnailUrl":"https:\/\/progettotouring.it\/radiotouring104\/wp-content\/uploads\/sites\/6\/2024\/01\/Le-Muse-Veneto-icona-moda-Schreicker.jpg","datePublished":"2024-01-23T08:50:30+00:00","dateModified":"2024-01-23T08:56:31+00:00","description":"L'Associazione \"Le Muse\" approda in terra veneta per un gemellaggio nel nome dell\u2019arte e dell\u2019icona della moda Regina Schrecker.","breadcrumb":{"@id":"https:\/\/progettotouring.it\/radiotouring104\/2024\/01\/23\/le-muse-calabria-e-veneto-riunite-nel-nome-dellarte-pop-di-regina-schrecker-nella-storica-villa-morosini\/#breadcrumb"},"inLanguage":"it-IT","potentialAction":[{"@type":"ReadAction","target":["https:\/\/progettotouring.it\/radiotouring104\/2024\/01\/23\/le-muse-calabria-e-veneto-riunite-nel-nome-dellarte-pop-di-regina-schrecker-nella-storica-villa-morosini\/"]}]},{"@type":"ImageObject","inLanguage":"it-IT","@id":"https:\/\/progettotouring.it\/radiotouring104\/2024\/01\/23\/le-muse-calabria-e-veneto-riunite-nel-nome-dellarte-pop-di-regina-schrecker-nella-storica-villa-morosini\/#primaryimage","url":"https:\/\/progettotouring.it\/radiotouring104\/wp-content\/uploads\/sites\/6\/2024\/01\/Le-Muse-Veneto-icona-moda-Schreicker.jpg","contentUrl":"https:\/\/progettotouring.it\/radiotouring104\/wp-content\/uploads\/sites\/6\/2024\/01\/Le-Muse-Veneto-icona-moda-Schreicker.jpg","width":960,"height":720},{"@type":"BreadcrumbList","@id":"https:\/\/progettotouring.it\/radiotouring104\/2024\/01\/23\/le-muse-calabria-e-veneto-riunite-nel-nome-dellarte-pop-di-regina-schrecker-nella-storica-villa-morosini\/#breadcrumb","itemListElement":[{"@type":"ListItem","position":1,"name":"Home","item":"https:\/\/progettotouring.it\/radiotouring104\/"},{"@type":"ListItem","position":2,"name":"Le Muse: Calabria e Veneto riunite nel nome dell\u2019arte pop di Regina Schrecker nella storica Villa Morosini"}]},{"@type":"WebSite","@id":"https:\/\/progettotouring.it\/radiotouring104\/#website","url":"https:\/\/progettotouring.it\/radiotouring104\/","name":"Radio Touring 104","description":"La prima radio Reggina","publisher":{"@id":"https:\/\/progettotouring.it\/radiotouring104\/#organization"},"potentialAction":[{"@type":"SearchAction","target":{"@type":"EntryPoint","urlTemplate":"https:\/\/progettotouring.it\/radiotouring104\/?s={search_term_string}"},"query-input":{"@type":"PropertyValueSpecification","valueRequired":true,"valueName":"search_term_string"}}],"inLanguage":"it-IT"},{"@type":"Organization","@id":"https:\/\/progettotouring.it\/radiotouring104\/#organization","name":"Radio Touring 104","url":"https:\/\/progettotouring.it\/radiotouring104\/","logo":{"@type":"ImageObject","inLanguage":"it-IT","@id":"https:\/\/progettotouring.it\/radiotouring104\/#\/schema\/logo\/image\/","url":"https:\/\/progettotouring.it\/radiotouring104\/wp-content\/uploads\/sites\/6\/2022\/02\/cropped-logo-radio-touring-104.png","contentUrl":"https:\/\/progettotouring.it\/radiotouring104\/wp-content\/uploads\/sites\/6\/2022\/02\/cropped-logo-radio-touring-104.png","width":377,"height":182,"caption":"Radio Touring 104"},"image":{"@id":"https:\/\/progettotouring.it\/radiotouring104\/#\/schema\/logo\/image\/"}},{"@type":"Person","@id":"https:\/\/progettotouring.it\/radiotouring104\/#\/schema\/person\/78613917f1851f041f7483f5af1d422e","name":"Sebastiano Plutino","image":{"@type":"ImageObject","inLanguage":"it-IT","@id":"https:\/\/secure.gravatar.com\/avatar\/0546ffaa9b79224faf9f2a156b67a529ae861d3287c66c1d8ccfdf909bcba78d?s=96&d=mm&r=g","url":"https:\/\/secure.gravatar.com\/avatar\/0546ffaa9b79224faf9f2a156b67a529ae861d3287c66c1d8ccfdf909bcba78d?s=96&d=mm&r=g","contentUrl":"https:\/\/secure.gravatar.com\/avatar\/0546ffaa9b79224faf9f2a156b67a529ae861d3287c66c1d8ccfdf909bcba78d?s=96&d=mm&r=g","caption":"Sebastiano Plutino"},"url":"https:\/\/progettotouring.it\/radiotouring104\/author\/sebastiano\/"}]}},"jetpack_publicize_connections":[],"jetpack_featured_media_url":"https:\/\/progettotouring.it\/radiotouring104\/wp-content\/uploads\/sites\/6\/2024\/01\/Le-Muse-Veneto-icona-moda-Schreicker.jpg","jetpack_sharing_enabled":true,"_links":{"self":[{"href":"https:\/\/progettotouring.it\/radiotouring104\/wp-json\/wp\/v2\/posts\/43175","targetHints":{"allow":["GET"]}}],"collection":[{"href":"https:\/\/progettotouring.it\/radiotouring104\/wp-json\/wp\/v2\/posts"}],"about":[{"href":"https:\/\/progettotouring.it\/radiotouring104\/wp-json\/wp\/v2\/types\/post"}],"author":[{"embeddable":true,"href":"https:\/\/progettotouring.it\/radiotouring104\/wp-json\/wp\/v2\/users\/12"}],"replies":[{"embeddable":true,"href":"https:\/\/progettotouring.it\/radiotouring104\/wp-json\/wp\/v2\/comments?post=43175"}],"version-history":[{"count":3,"href":"https:\/\/progettotouring.it\/radiotouring104\/wp-json\/wp\/v2\/posts\/43175\/revisions"}],"predecessor-version":[{"id":43179,"href":"https:\/\/progettotouring.it\/radiotouring104\/wp-json\/wp\/v2\/posts\/43175\/revisions\/43179"}],"wp:featuredmedia":[{"embeddable":true,"href":"https:\/\/progettotouring.it\/radiotouring104\/wp-json\/wp\/v2\/media\/43176"}],"wp:attachment":[{"href":"https:\/\/progettotouring.it\/radiotouring104\/wp-json\/wp\/v2\/media?parent=43175"}],"wp:term":[{"taxonomy":"category","embeddable":true,"href":"https:\/\/progettotouring.it\/radiotouring104\/wp-json\/wp\/v2\/categories?post=43175"},{"taxonomy":"post_tag","embeddable":true,"href":"https:\/\/progettotouring.it\/radiotouring104\/wp-json\/wp\/v2\/tags?post=43175"}],"curies":[{"name":"wp","href":"https:\/\/api.w.org\/{rel}","templated":true}]}}