{"id":43187,"date":"2024-01-23T10:49:02","date_gmt":"2024-01-23T09:49:02","guid":{"rendered":"https:\/\/progettotouring.it\/radiotouring104\/?p=43187"},"modified":"2024-01-23T10:50:06","modified_gmt":"2024-01-23T09:50:06","slug":"plemmirio-siracusa-attivista-legambiente-rinviene-tartaruga-caretta-caretta-morta-a-causa-dellingerimento-di-un-palamito","status":"publish","type":"post","link":"https:\/\/progettotouring.it\/radiotouring104\/2024\/01\/23\/plemmirio-siracusa-attivista-legambiente-rinviene-tartaruga-caretta-caretta-morta-a-causa-dellingerimento-di-un-palamito\/","title":{"rendered":"Plemmirio, Siracusa: attivista Legambiente rinviene tartaruga Caretta caretta morta a causa dell&#8217;ingerimento di un palamito"},"content":{"rendered":"<p style=\"text-align: justify\">Durante un giro lungo la<strong> costa dell\u2019Area Marina Protetta del Plemmirio, in Sicilia, l\u2019ambientalista Sebastian Colnaghi ha rinvenuto senza vita una giovane tartaruga marina della specie Caretta caretta.<\/strong> Il <strong>decesso<\/strong> dell&#8217;animale \u00e8 <strong>stato causato dall&#8217;ingestione di un palamito,<\/strong> un<strong> attrezzo da pesca costituito da una lunga lenza<\/strong> alla quale vengono applicati dei fili di nylon che culminano con un amo.<\/p>\n<p style=\"text-align: justify\"><strong>Sebastian Colnaghi,<\/strong> che di recente \u00e8 stato <strong>nominato da Legambiente ambasciatore del progetto<\/strong><em> \u201cTartalove\u201d<\/em> a difesa delle tartarughe marine,<strong> ha immediatamente avvertito la Guardia Costiera<\/strong> che ha assicurato il proprio intervento nella rimozione dell\u2019esemplare dall\u2019area.<\/p>\n<p style=\"text-align: justify\"><em>&#8220;Ancora un animale vittima dell&#8217;inquinamento e dell\u2019incuria dell\u2019uomo<\/em> <strong>&#8211; dichiara l\u2019ambientalista,<\/strong> &#8211; q<em>uesta giovane tartaruga \u00e8 stata portata a riva dalla mareggiata e l&#8217;ispezione esterna ha rivelato la presenza di un pericoloso palamito che fuoriusciva dalla sua bocca\u201d.<\/em><\/p>\n<p style=\"text-align: justify\"><em>Le tartarughe marine, creature iconiche dei nostri mari, sono sempre pi\u00f9 minacciate dall&#8217;ingestione accidentale di ami da pesca ma anche della plastica. Colnaghi ha sottolineato l&#8217;urgenza di agire per preservare questa specie dall\u2019estinzione.<\/em><\/p>\n<p style=\"text-align: justify\"><em>&#8220;Oltre 33 mila bottigliette di plastica<\/em> &#8211;<strong> aggiunge Colnagh<\/strong><em><strong>i<\/strong> &#8211; finiscono in mare ogni minuto. La plastica \u00e8 una minaccia non solo per le tartarughe ma per l&#8217;intero ecosistema marino. \u00c8 fondamentale agire per garantire che le generazioni future possano ammirare queste creature senza doverle piangere\u201d.<\/em><\/p>\n<p style=\"text-align: justify\">Colnaghi cita uno <strong>studio condotto dalla University of Queensland il quale rivela che almeno il 52% delle tartarughe marine ha ingerito rifiuti.<\/strong> La plastica rappresenta una minaccia letale poich\u00e9 le tartarughe non riescono a distinguere i sacchetti di plastica dalle meduse di cui si cibano principalmente e, una volta ingeriti, non c&#8217;\u00e8 via di ritorno. Un solo sacchetto pu\u00f2 condurre alla morte di una tartaruga. Per questa ragione la Caretta caretta \u00e8 ora inclusa nella lista rossa delle specie in via di estinzione dell&#8217;IUCN, evidenziando l&#8217;urgenza di adottare misure concrete per proteggere queste affascinanti creature marine e preservare l\u2019equilibrio fragile del nostro ecosistema marino.<\/p>\n","protected":false},"excerpt":{"rendered":"<p>Durante un giro lungo la costa dell\u2019Area Marina Protetta del Plemmirio, in Sicilia, l\u2019ambientalista Sebastian Colnaghi ha rinvenuto senza vita una giovane tartaruga marina della specie Caretta caretta. Il decesso&hellip;<\/p>\n","protected":false},"author":12,"featured_media":43189,"comment_status":"closed","ping_status":"open","sticky":false,"template":"","format":"standard","meta":{"_jetpack_memberships_contains_paid_content":false,"footnotes":"","jetpack_publicize_message":"","jetpack_publicize_feature_enabled":true,"jetpack_social_post_already_shared":false,"jetpack_social_options":{"image_generator_settings":{"template":"highway","default_image_id":0,"font":"","enabled":false},"version":2}},"categories":[921,196,140],"tags":[26612,26614,6129,26613,26615,999],"class_list":["post-43187","post","type-post","status-publish","format-standard","has-post-thumbnail","hentry","category-home","category-news","category-reggio-calabria","tag-attrezzo-pesca-palamito","tag-area-marina-del-plemmirio","tag-legambiente","tag-morta-caretta-caretta","tag-sebastian-colnaghi","tag-siracusa"],"yoast_head":"<!-- This site is optimized with the Yoast SEO plugin v27.2 - https:\/\/yoast.com\/product\/yoast-seo-wordpress\/ -->\n<title>Plemmirio: Caretta caretta morta per ingerimento palamito<\/title>\n<meta name=\"description\" content=\"L&#039;esemplare rinvenuto in area marina del Plemmirio, dall&#039;ambiientalista Colnaghi. Deceduta a causa ingerimento dell&#039;attrezzo pesca &quot;palamito&quot;\" \/>\n<meta name=\"robots\" content=\"index, follow, max-snippet:-1, max-image-preview:large, max-video-preview:-1\" \/>\n<link rel=\"canonical\" href=\"https:\/\/progettotouring.it\/radiotouring104\/2024\/01\/23\/plemmirio-siracusa-attivista-legambiente-rinviene-tartaruga-caretta-caretta-morta-a-causa-dellingerimento-di-un-palamito\/\" \/>\n<meta property=\"og:locale\" content=\"it_IT\" \/>\n<meta property=\"og:type\" content=\"article\" \/>\n<meta property=\"og:title\" content=\"Plemmirio: Caretta caretta morta per ingerimento palamito\" \/>\n<meta property=\"og:description\" content=\"L&#039;esemplare rinvenuto in area marina del Plemmirio, dall&#039;ambiientalista Colnaghi. Deceduta a causa ingerimento dell&#039;attrezzo pesca &quot;palamito&quot;\" \/>\n<meta property=\"og:url\" content=\"https:\/\/progettotouring.it\/radiotouring104\/2024\/01\/23\/plemmirio-siracusa-attivista-legambiente-rinviene-tartaruga-caretta-caretta-morta-a-causa-dellingerimento-di-un-palamito\/\" \/>\n<meta property=\"og:site_name\" content=\"Radio Touring 104\" \/>\n<meta property=\"article:published_time\" content=\"2024-01-23T09:49:02+00:00\" \/>\n<meta property=\"article:modified_time\" content=\"2024-01-23T09:50:06+00:00\" \/>\n<meta property=\"og:image\" content=\"https:\/\/progettotouring.it\/radiotouring104\/wp-content\/uploads\/sites\/6\/2024\/01\/Caretta_caretta.jpg\" \/>\n\t<meta property=\"og:image:width\" content=\"1024\" \/>\n\t<meta property=\"og:image:height\" content=\"683\" \/>\n\t<meta property=\"og:image:type\" content=\"image\/jpeg\" \/>\n<meta name=\"author\" content=\"Sebastiano Plutino\" \/>\n<meta name=\"twitter:card\" content=\"summary_large_image\" \/>\n<meta name=\"twitter:label1\" content=\"Scritto da\" \/>\n\t<meta name=\"twitter:data1\" content=\"Sebastiano Plutino\" \/>\n\t<meta name=\"twitter:label2\" content=\"Tempo di lettura stimato\" \/>\n\t<meta name=\"twitter:data2\" content=\"2 minuti\" \/>\n<script type=\"application\/ld+json\" class=\"yoast-schema-graph\">{\"@context\":\"https:\/\/schema.org\",\"@graph\":[{\"@type\":\"Article\",\"@id\":\"https:\/\/progettotouring.it\/radiotouring104\/2024\/01\/23\/plemmirio-siracusa-attivista-legambiente-rinviene-tartaruga-caretta-caretta-morta-a-causa-dellingerimento-di-un-palamito\/#article\",\"isPartOf\":{\"@id\":\"https:\/\/progettotouring.it\/radiotouring104\/2024\/01\/23\/plemmirio-siracusa-attivista-legambiente-rinviene-tartaruga-caretta-caretta-morta-a-causa-dellingerimento-di-un-palamito\/\"},\"author\":{\"name\":\"Sebastiano Plutino\",\"@id\":\"https:\/\/progettotouring.it\/radiotouring104\/#\/schema\/person\/78613917f1851f041f7483f5af1d422e\"},\"headline\":\"Plemmirio, Siracusa: attivista Legambiente rinviene tartaruga Caretta caretta morta a causa dell&#8217;ingerimento di un palamito\",\"datePublished\":\"2024-01-23T09:49:02+00:00\",\"dateModified\":\"2024-01-23T09:50:06+00:00\",\"mainEntityOfPage\":{\"@id\":\"https:\/\/progettotouring.it\/radiotouring104\/2024\/01\/23\/plemmirio-siracusa-attivista-legambiente-rinviene-tartaruga-caretta-caretta-morta-a-causa-dellingerimento-di-un-palamito\/\"},\"wordCount\":333,\"publisher\":{\"@id\":\"https:\/\/progettotouring.it\/radiotouring104\/#organization\"},\"image\":{\"@id\":\"https:\/\/progettotouring.it\/radiotouring104\/2024\/01\/23\/plemmirio-siracusa-attivista-legambiente-rinviene-tartaruga-caretta-caretta-morta-a-causa-dellingerimento-di-un-palamito\/#primaryimage\"},\"thumbnailUrl\":\"https:\/\/progettotouring.it\/radiotouring104\/wp-content\/uploads\/sites\/6\/2024\/01\/Caretta_caretta.jpg\",\"keywords\":[\"'attrezzo pesca \\\"palamito\\\"\",\"area marina del Plemmirio\",\"Legambiente\",\"morta caretta caretta\",\"Sebastian Colnaghi\",\"Siracusa\"],\"articleSection\":[\"Home\",\"News\",\"Reggio Calabria\"],\"inLanguage\":\"it-IT\"},{\"@type\":\"WebPage\",\"@id\":\"https:\/\/progettotouring.it\/radiotouring104\/2024\/01\/23\/plemmirio-siracusa-attivista-legambiente-rinviene-tartaruga-caretta-caretta-morta-a-causa-dellingerimento-di-un-palamito\/\",\"url\":\"https:\/\/progettotouring.it\/radiotouring104\/2024\/01\/23\/plemmirio-siracusa-attivista-legambiente-rinviene-tartaruga-caretta-caretta-morta-a-causa-dellingerimento-di-un-palamito\/\",\"name\":\"Plemmirio: Caretta caretta morta per ingerimento palamito\",\"isPartOf\":{\"@id\":\"https:\/\/progettotouring.it\/radiotouring104\/#website\"},\"primaryImageOfPage\":{\"@id\":\"https:\/\/progettotouring.it\/radiotouring104\/2024\/01\/23\/plemmirio-siracusa-attivista-legambiente-rinviene-tartaruga-caretta-caretta-morta-a-causa-dellingerimento-di-un-palamito\/#primaryimage\"},\"image\":{\"@id\":\"https:\/\/progettotouring.it\/radiotouring104\/2024\/01\/23\/plemmirio-siracusa-attivista-legambiente-rinviene-tartaruga-caretta-caretta-morta-a-causa-dellingerimento-di-un-palamito\/#primaryimage\"},\"thumbnailUrl\":\"https:\/\/progettotouring.it\/radiotouring104\/wp-content\/uploads\/sites\/6\/2024\/01\/Caretta_caretta.jpg\",\"datePublished\":\"2024-01-23T09:49:02+00:00\",\"dateModified\":\"2024-01-23T09:50:06+00:00\",\"description\":\"L'esemplare rinvenuto in area marina del Plemmirio, dall'ambiientalista Colnaghi. Deceduta a causa ingerimento dell'attrezzo pesca \\\"palamito\\\"\",\"breadcrumb\":{\"@id\":\"https:\/\/progettotouring.it\/radiotouring104\/2024\/01\/23\/plemmirio-siracusa-attivista-legambiente-rinviene-tartaruga-caretta-caretta-morta-a-causa-dellingerimento-di-un-palamito\/#breadcrumb\"},\"inLanguage\":\"it-IT\",\"potentialAction\":[{\"@type\":\"ReadAction\",\"target\":[\"https:\/\/progettotouring.it\/radiotouring104\/2024\/01\/23\/plemmirio-siracusa-attivista-legambiente-rinviene-tartaruga-caretta-caretta-morta-a-causa-dellingerimento-di-un-palamito\/\"]}]},{\"@type\":\"ImageObject\",\"inLanguage\":\"it-IT\",\"@id\":\"https:\/\/progettotouring.it\/radiotouring104\/2024\/01\/23\/plemmirio-siracusa-attivista-legambiente-rinviene-tartaruga-caretta-caretta-morta-a-causa-dellingerimento-di-un-palamito\/#primaryimage\",\"url\":\"https:\/\/progettotouring.it\/radiotouring104\/wp-content\/uploads\/sites\/6\/2024\/01\/Caretta_caretta.jpg\",\"contentUrl\":\"https:\/\/progettotouring.it\/radiotouring104\/wp-content\/uploads\/sites\/6\/2024\/01\/Caretta_caretta.jpg\",\"width\":1024,\"height\":683},{\"@type\":\"BreadcrumbList\",\"@id\":\"https:\/\/progettotouring.it\/radiotouring104\/2024\/01\/23\/plemmirio-siracusa-attivista-legambiente-rinviene-tartaruga-caretta-caretta-morta-a-causa-dellingerimento-di-un-palamito\/#breadcrumb\",\"itemListElement\":[{\"@type\":\"ListItem\",\"position\":1,\"name\":\"Home\",\"item\":\"https:\/\/progettotouring.it\/radiotouring104\/\"},{\"@type\":\"ListItem\",\"position\":2,\"name\":\"Plemmirio, Siracusa: attivista Legambiente rinviene tartaruga Caretta caretta morta a causa dell&#8217;ingerimento di un palamito\"}]},{\"@type\":\"WebSite\",\"@id\":\"https:\/\/progettotouring.it\/radiotouring104\/#website\",\"url\":\"https:\/\/progettotouring.it\/radiotouring104\/\",\"name\":\"Radio Touring 104\",\"description\":\"La prima radio Reggina\",\"publisher\":{\"@id\":\"https:\/\/progettotouring.it\/radiotouring104\/#organization\"},\"potentialAction\":[{\"@type\":\"SearchAction\",\"target\":{\"@type\":\"EntryPoint\",\"urlTemplate\":\"https:\/\/progettotouring.it\/radiotouring104\/?s={search_term_string}\"},\"query-input\":{\"@type\":\"PropertyValueSpecification\",\"valueRequired\":true,\"valueName\":\"search_term_string\"}}],\"inLanguage\":\"it-IT\"},{\"@type\":\"Organization\",\"@id\":\"https:\/\/progettotouring.it\/radiotouring104\/#organization\",\"name\":\"Radio Touring 104\",\"url\":\"https:\/\/progettotouring.it\/radiotouring104\/\",\"logo\":{\"@type\":\"ImageObject\",\"inLanguage\":\"it-IT\",\"@id\":\"https:\/\/progettotouring.it\/radiotouring104\/#\/schema\/logo\/image\/\",\"url\":\"https:\/\/progettotouring.it\/radiotouring104\/wp-content\/uploads\/sites\/6\/2022\/02\/cropped-logo-radio-touring-104.png\",\"contentUrl\":\"https:\/\/progettotouring.it\/radiotouring104\/wp-content\/uploads\/sites\/6\/2022\/02\/cropped-logo-radio-touring-104.png\",\"width\":377,\"height\":182,\"caption\":\"Radio Touring 104\"},\"image\":{\"@id\":\"https:\/\/progettotouring.it\/radiotouring104\/#\/schema\/logo\/image\/\"}},{\"@type\":\"Person\",\"@id\":\"https:\/\/progettotouring.it\/radiotouring104\/#\/schema\/person\/78613917f1851f041f7483f5af1d422e\",\"name\":\"Sebastiano Plutino\",\"image\":{\"@type\":\"ImageObject\",\"inLanguage\":\"it-IT\",\"@id\":\"https:\/\/secure.gravatar.com\/avatar\/0546ffaa9b79224faf9f2a156b67a529ae861d3287c66c1d8ccfdf909bcba78d?s=96&d=mm&r=g\",\"url\":\"https:\/\/secure.gravatar.com\/avatar\/0546ffaa9b79224faf9f2a156b67a529ae861d3287c66c1d8ccfdf909bcba78d?s=96&d=mm&r=g\",\"contentUrl\":\"https:\/\/secure.gravatar.com\/avatar\/0546ffaa9b79224faf9f2a156b67a529ae861d3287c66c1d8ccfdf909bcba78d?s=96&d=mm&r=g\",\"caption\":\"Sebastiano Plutino\"},\"url\":\"https:\/\/progettotouring.it\/radiotouring104\/author\/sebastiano\/\"}]}<\/script>\n<!-- \/ Yoast SEO plugin. -->","yoast_head_json":{"title":"Plemmirio: Caretta caretta morta per ingerimento palamito","description":"L'esemplare rinvenuto in area marina del Plemmirio, dall'ambiientalista Colnaghi. Deceduta a causa ingerimento dell'attrezzo pesca \"palamito\"","robots":{"index":"index","follow":"follow","max-snippet":"max-snippet:-1","max-image-preview":"max-image-preview:large","max-video-preview":"max-video-preview:-1"},"canonical":"https:\/\/progettotouring.it\/radiotouring104\/2024\/01\/23\/plemmirio-siracusa-attivista-legambiente-rinviene-tartaruga-caretta-caretta-morta-a-causa-dellingerimento-di-un-palamito\/","og_locale":"it_IT","og_type":"article","og_title":"Plemmirio: Caretta caretta morta per ingerimento palamito","og_description":"L'esemplare rinvenuto in area marina del Plemmirio, dall'ambiientalista Colnaghi. Deceduta a causa ingerimento dell'attrezzo pesca \"palamito\"","og_url":"https:\/\/progettotouring.it\/radiotouring104\/2024\/01\/23\/plemmirio-siracusa-attivista-legambiente-rinviene-tartaruga-caretta-caretta-morta-a-causa-dellingerimento-di-un-palamito\/","og_site_name":"Radio Touring 104","article_published_time":"2024-01-23T09:49:02+00:00","article_modified_time":"2024-01-23T09:50:06+00:00","og_image":[{"width":1024,"height":683,"url":"https:\/\/progettotouring.it\/radiotouring104\/wp-content\/uploads\/sites\/6\/2024\/01\/Caretta_caretta.jpg","type":"image\/jpeg"}],"author":"Sebastiano Plutino","twitter_card":"summary_large_image","twitter_misc":{"Scritto da":"Sebastiano Plutino","Tempo di lettura stimato":"2 minuti"},"schema":{"@context":"https:\/\/schema.org","@graph":[{"@type":"Article","@id":"https:\/\/progettotouring.it\/radiotouring104\/2024\/01\/23\/plemmirio-siracusa-attivista-legambiente-rinviene-tartaruga-caretta-caretta-morta-a-causa-dellingerimento-di-un-palamito\/#article","isPartOf":{"@id":"https:\/\/progettotouring.it\/radiotouring104\/2024\/01\/23\/plemmirio-siracusa-attivista-legambiente-rinviene-tartaruga-caretta-caretta-morta-a-causa-dellingerimento-di-un-palamito\/"},"author":{"name":"Sebastiano Plutino","@id":"https:\/\/progettotouring.it\/radiotouring104\/#\/schema\/person\/78613917f1851f041f7483f5af1d422e"},"headline":"Plemmirio, Siracusa: attivista Legambiente rinviene tartaruga Caretta caretta morta a causa dell&#8217;ingerimento di un palamito","datePublished":"2024-01-23T09:49:02+00:00","dateModified":"2024-01-23T09:50:06+00:00","mainEntityOfPage":{"@id":"https:\/\/progettotouring.it\/radiotouring104\/2024\/01\/23\/plemmirio-siracusa-attivista-legambiente-rinviene-tartaruga-caretta-caretta-morta-a-causa-dellingerimento-di-un-palamito\/"},"wordCount":333,"publisher":{"@id":"https:\/\/progettotouring.it\/radiotouring104\/#organization"},"image":{"@id":"https:\/\/progettotouring.it\/radiotouring104\/2024\/01\/23\/plemmirio-siracusa-attivista-legambiente-rinviene-tartaruga-caretta-caretta-morta-a-causa-dellingerimento-di-un-palamito\/#primaryimage"},"thumbnailUrl":"https:\/\/progettotouring.it\/radiotouring104\/wp-content\/uploads\/sites\/6\/2024\/01\/Caretta_caretta.jpg","keywords":["'attrezzo pesca \"palamito\"","area marina del Plemmirio","Legambiente","morta caretta caretta","Sebastian Colnaghi","Siracusa"],"articleSection":["Home","News","Reggio Calabria"],"inLanguage":"it-IT"},{"@type":"WebPage","@id":"https:\/\/progettotouring.it\/radiotouring104\/2024\/01\/23\/plemmirio-siracusa-attivista-legambiente-rinviene-tartaruga-caretta-caretta-morta-a-causa-dellingerimento-di-un-palamito\/","url":"https:\/\/progettotouring.it\/radiotouring104\/2024\/01\/23\/plemmirio-siracusa-attivista-legambiente-rinviene-tartaruga-caretta-caretta-morta-a-causa-dellingerimento-di-un-palamito\/","name":"Plemmirio: Caretta caretta morta per ingerimento palamito","isPartOf":{"@id":"https:\/\/progettotouring.it\/radiotouring104\/#website"},"primaryImageOfPage":{"@id":"https:\/\/progettotouring.it\/radiotouring104\/2024\/01\/23\/plemmirio-siracusa-attivista-legambiente-rinviene-tartaruga-caretta-caretta-morta-a-causa-dellingerimento-di-un-palamito\/#primaryimage"},"image":{"@id":"https:\/\/progettotouring.it\/radiotouring104\/2024\/01\/23\/plemmirio-siracusa-attivista-legambiente-rinviene-tartaruga-caretta-caretta-morta-a-causa-dellingerimento-di-un-palamito\/#primaryimage"},"thumbnailUrl":"https:\/\/progettotouring.it\/radiotouring104\/wp-content\/uploads\/sites\/6\/2024\/01\/Caretta_caretta.jpg","datePublished":"2024-01-23T09:49:02+00:00","dateModified":"2024-01-23T09:50:06+00:00","description":"L'esemplare rinvenuto in area marina del Plemmirio, dall'ambiientalista Colnaghi. Deceduta a causa ingerimento dell'attrezzo pesca \"palamito\"","breadcrumb":{"@id":"https:\/\/progettotouring.it\/radiotouring104\/2024\/01\/23\/plemmirio-siracusa-attivista-legambiente-rinviene-tartaruga-caretta-caretta-morta-a-causa-dellingerimento-di-un-palamito\/#breadcrumb"},"inLanguage":"it-IT","potentialAction":[{"@type":"ReadAction","target":["https:\/\/progettotouring.it\/radiotouring104\/2024\/01\/23\/plemmirio-siracusa-attivista-legambiente-rinviene-tartaruga-caretta-caretta-morta-a-causa-dellingerimento-di-un-palamito\/"]}]},{"@type":"ImageObject","inLanguage":"it-IT","@id":"https:\/\/progettotouring.it\/radiotouring104\/2024\/01\/23\/plemmirio-siracusa-attivista-legambiente-rinviene-tartaruga-caretta-caretta-morta-a-causa-dellingerimento-di-un-palamito\/#primaryimage","url":"https:\/\/progettotouring.it\/radiotouring104\/wp-content\/uploads\/sites\/6\/2024\/01\/Caretta_caretta.jpg","contentUrl":"https:\/\/progettotouring.it\/radiotouring104\/wp-content\/uploads\/sites\/6\/2024\/01\/Caretta_caretta.jpg","width":1024,"height":683},{"@type":"BreadcrumbList","@id":"https:\/\/progettotouring.it\/radiotouring104\/2024\/01\/23\/plemmirio-siracusa-attivista-legambiente-rinviene-tartaruga-caretta-caretta-morta-a-causa-dellingerimento-di-un-palamito\/#breadcrumb","itemListElement":[{"@type":"ListItem","position":1,"name":"Home","item":"https:\/\/progettotouring.it\/radiotouring104\/"},{"@type":"ListItem","position":2,"name":"Plemmirio, Siracusa: attivista Legambiente rinviene tartaruga Caretta caretta morta a causa dell&#8217;ingerimento di un palamito"}]},{"@type":"WebSite","@id":"https:\/\/progettotouring.it\/radiotouring104\/#website","url":"https:\/\/progettotouring.it\/radiotouring104\/","name":"Radio Touring 104","description":"La prima radio Reggina","publisher":{"@id":"https:\/\/progettotouring.it\/radiotouring104\/#organization"},"potentialAction":[{"@type":"SearchAction","target":{"@type":"EntryPoint","urlTemplate":"https:\/\/progettotouring.it\/radiotouring104\/?s={search_term_string}"},"query-input":{"@type":"PropertyValueSpecification","valueRequired":true,"valueName":"search_term_string"}}],"inLanguage":"it-IT"},{"@type":"Organization","@id":"https:\/\/progettotouring.it\/radiotouring104\/#organization","name":"Radio Touring 104","url":"https:\/\/progettotouring.it\/radiotouring104\/","logo":{"@type":"ImageObject","inLanguage":"it-IT","@id":"https:\/\/progettotouring.it\/radiotouring104\/#\/schema\/logo\/image\/","url":"https:\/\/progettotouring.it\/radiotouring104\/wp-content\/uploads\/sites\/6\/2022\/02\/cropped-logo-radio-touring-104.png","contentUrl":"https:\/\/progettotouring.it\/radiotouring104\/wp-content\/uploads\/sites\/6\/2022\/02\/cropped-logo-radio-touring-104.png","width":377,"height":182,"caption":"Radio Touring 104"},"image":{"@id":"https:\/\/progettotouring.it\/radiotouring104\/#\/schema\/logo\/image\/"}},{"@type":"Person","@id":"https:\/\/progettotouring.it\/radiotouring104\/#\/schema\/person\/78613917f1851f041f7483f5af1d422e","name":"Sebastiano Plutino","image":{"@type":"ImageObject","inLanguage":"it-IT","@id":"https:\/\/secure.gravatar.com\/avatar\/0546ffaa9b79224faf9f2a156b67a529ae861d3287c66c1d8ccfdf909bcba78d?s=96&d=mm&r=g","url":"https:\/\/secure.gravatar.com\/avatar\/0546ffaa9b79224faf9f2a156b67a529ae861d3287c66c1d8ccfdf909bcba78d?s=96&d=mm&r=g","contentUrl":"https:\/\/secure.gravatar.com\/avatar\/0546ffaa9b79224faf9f2a156b67a529ae861d3287c66c1d8ccfdf909bcba78d?s=96&d=mm&r=g","caption":"Sebastiano Plutino"},"url":"https:\/\/progettotouring.it\/radiotouring104\/author\/sebastiano\/"}]}},"jetpack_publicize_connections":[],"jetpack_featured_media_url":"https:\/\/progettotouring.it\/radiotouring104\/wp-content\/uploads\/sites\/6\/2024\/01\/Caretta_caretta.jpg","jetpack_sharing_enabled":true,"_links":{"self":[{"href":"https:\/\/progettotouring.it\/radiotouring104\/wp-json\/wp\/v2\/posts\/43187","targetHints":{"allow":["GET"]}}],"collection":[{"href":"https:\/\/progettotouring.it\/radiotouring104\/wp-json\/wp\/v2\/posts"}],"about":[{"href":"https:\/\/progettotouring.it\/radiotouring104\/wp-json\/wp\/v2\/types\/post"}],"author":[{"embeddable":true,"href":"https:\/\/progettotouring.it\/radiotouring104\/wp-json\/wp\/v2\/users\/12"}],"replies":[{"embeddable":true,"href":"https:\/\/progettotouring.it\/radiotouring104\/wp-json\/wp\/v2\/comments?post=43187"}],"version-history":[{"count":1,"href":"https:\/\/progettotouring.it\/radiotouring104\/wp-json\/wp\/v2\/posts\/43187\/revisions"}],"predecessor-version":[{"id":43188,"href":"https:\/\/progettotouring.it\/radiotouring104\/wp-json\/wp\/v2\/posts\/43187\/revisions\/43188"}],"wp:featuredmedia":[{"embeddable":true,"href":"https:\/\/progettotouring.it\/radiotouring104\/wp-json\/wp\/v2\/media\/43189"}],"wp:attachment":[{"href":"https:\/\/progettotouring.it\/radiotouring104\/wp-json\/wp\/v2\/media?parent=43187"}],"wp:term":[{"taxonomy":"category","embeddable":true,"href":"https:\/\/progettotouring.it\/radiotouring104\/wp-json\/wp\/v2\/categories?post=43187"},{"taxonomy":"post_tag","embeddable":true,"href":"https:\/\/progettotouring.it\/radiotouring104\/wp-json\/wp\/v2\/tags?post=43187"}],"curies":[{"name":"wp","href":"https:\/\/api.w.org\/{rel}","templated":true}]}}