{"id":43196,"date":"2024-01-23T11:30:23","date_gmt":"2024-01-23T10:30:23","guid":{"rendered":"https:\/\/progettotouring.it\/radiotouring104\/?p=43196"},"modified":"2024-01-23T11:30:23","modified_gmt":"2024-01-23T10:30:23","slug":"carcere-di-paola-sindacato-polizia-penitenziaria-sappe-denuncia-ennesima-aggressione-di-un-detenuto-ad-un-agente","status":"publish","type":"post","link":"https:\/\/progettotouring.it\/radiotouring104\/2024\/01\/23\/carcere-di-paola-sindacato-polizia-penitenziaria-sappe-denuncia-ennesima-aggressione-di-un-detenuto-ad-un-agente\/","title":{"rendered":"Carcere di Paola: Sindacato Polizia Penitenziaria SAPPE denuncia ennesima aggressione di un detenuto ad un agente"},"content":{"rendered":"<p class=\"xmprfx_MsoNormal\" style=\"text-align: justify\">Ancora sangue e violenza in un carcere della Calabria. \u00c8 nella giornata<strong> di ieri che, nella Casa Circondariale di Paola,<\/strong> si \u00e8 consumata un\u2019altra <strong>aggressioni ai danni della Polizia Penitenziaria da parte di un detenuto.<\/strong><\/p>\n<p class=\"xmprfx_MsoNormal\" style=\"text-align: justify\">Su quanto \u00e8 avvenuto<strong>\u00a0riferisce<span class=\"xmprfx_apple-converted-space\">\u00a0<\/span>Salvatore Panaro<\/strong>,<strong> vicesegretario<span class=\"xmprfx_apple-converted-space\">\u00a0<\/span>regionale<span class=\"xmprfx_apple-converted-space\">\u00a0<\/span>per la Calabria del Sindacato<span class=\"xmprfx_apple-converted-space\">\u00a0<\/span>Autonomo<span class=\"xmprfx_apple-converted-space\">\u00a0<\/span>Polizia Penitenziaria:<\/strong>\u00a0<i>\u201c<span class=\"xmprfx_apple-converted-space\">Ancora un&#8217;altra aggressione nelle mura del carcere di Paola. Un detenuto di origine rumena, andato in escandescenza, ha iniziato a devastare l&#8217;intera cella, rompendo tutti i suppellettili e buttando nel corridoio i detriti. Dopo essersi procurato tagli sul corpo, ha anche incendiato alcuni dei suoi effetti personali minacciando di darsi fuoco. Grazie all&#8217;immediato intervento del personale di Polizia Penitenziaria, che ha spento il principio di incendio e disperso quanto depauperato, si \u00e8 evitato il peggio\u201d<\/span><\/i><span class=\"xmprfx_apple-converted-space\">.\u00a0<i>\u201cVista la situazione\u201d<\/i>, <strong>prosegue il sindacalista<\/strong>,\u00a0<i>\u201csi \u00e8 reso necessario lo spostamento del detenuto in un altro Reparto. Il detenuto, per\u00f2, con in mano una lametta, ha iniziato nuovamente ad inveire contro il personale di Polizia ed a minacciarlo. Una volta contenuto, l\u2019uomo \u00e8 stato accompagnato nel Reparto di assegnazione. Ma appena entrato in cella, ha iniziato a dimenare la testa contro il muro. Visto lo scenario, i poliziotti penitenziari intervenivano per contenere la violenza ma l\u2019uomo vi si scagliava nuovamente contro, aggredendoli con ferocia. Durante la concitata fase un Agente \u00e8 caduto sbattendo la testa per terra e procurandosi delle ferite\u201d.<strong>\u00a0<\/strong><\/i><\/span><\/p>\n<p class=\"xmprfx_MsoNormal\" style=\"text-align: justify\"><span class=\"xmprfx_apple-converted-space\"><strong>Francesco Ciccone,<\/strong> \u2018fresco\u2019 segretario regionale SAPPE per la <strong>Calabria, denuncia come<\/strong> \u201c<\/span><i>non si possa non evidenziare che in Calabria questa \u00e8 stata l\u2019ennesima aggressione ai danni del personale di Polizia Penitenziaria in servizio. E\u2019 grav ed inaccettabile: per quanto si potr\u00e0 ancora andare avanti cos\u00ec?\u201d.<\/i><\/p>\n<p class=\"xmprfx_s3\" style=\"text-align: justify\"><strong><span class=\"xmprfx_s5\">Il<\/span><span class=\"xmprfx_apple-converted-space\">\u00a0<\/span><\/strong><span class=\"xmprfx_s5\"><strong>Segretario Generale del SAPPE Donato Capece<\/strong> stigmatizza\u00a0il grave episodio avvenuto<\/span><span class=\"xmprfx_apple-converted-space\">\u00a0<\/span><span class=\"xmprfx_s5\">nel carcere di Paola ed <strong>esprime solidariet\u00e0 alle unit\u00e0 del Corpo\u00a0coinvolte:<\/strong> \u201c<\/span><span class=\"xmprfx_s6\"><i>Con questi\u00a0ulteriori\u00a0gravi\u00a0eventi critici,\u00a0sale vertiginosamente il numero<\/i><\/span><span class=\"xmprfx_apple-converted-space\"><i>\u00a0<\/i><\/span><span class=\"xmprfx_s6\"><i>dei\u00a0poliziotti\u00a0coinvolti\u00a0da detenuti\u00a0senza remore in fatti gravi. Esprimiamo la massima solidariet\u00e0 e vicinanza a tutte le colleghe ed i colleghi della Casa circondariale di Paola: e questi<\/i><\/span><span class=\"xmprfx_apple-converted-space\"><i>\u00a0<\/i><\/span><span class=\"xmprfx_s6\"><i>ultimi<\/i><\/span><span class=\"xmprfx_apple-converted-space\"><i>\u00a0<\/i><\/span><span class=\"xmprfx_s6\"><i>episodi devono<\/i><\/span><span class=\"xmprfx_apple-converted-space\"><i>\u00a0<\/i><\/span><span class=\"xmprfx_s6\"><i>far riflettere i vertici dell\u2019Istituto e della Regione\u201d.\u00a0<\/i><\/span><span class=\"xmprfx_s6\">Il leader del SAPPE definisce \u201c<i>semplicemente allarmanti ed inquietanti\u201d\u00a0<\/i>alcuni degli eventi critici accaduti nelle carceri del<\/span>\u00a0distretto calabrese<span class=\"xmprfx_s6\">\u00a0dal 1\u00b0 settembre al 31 dicembre 2023: \u201c<i>Pensate, ci sono state\u00a0<b>172 denunce<\/b>\u00a0per resistenza ed ingiuria a pubblico ufficiale,\u00a0<b>1\u00a0<\/b>caso di\u00a0<b>atto intimidatorio<\/b>\u00a0contro nostri Agenti ed\u00a0<b>1 di intimidazione<\/b>,\u00a0<b>8 proteste collettive\u00a0<\/b>con rifiuto di entrare in cella. Ma ancora pi\u00f9 gravi le aggressioni a poliziotti:\u00a0<b>34\u00a0<\/b>quelle che hanno visto assegnare ai malcapitati\u00a0<b>fino a sette giorni di prognosi, 1\u00a0<\/b>quelle con prognosi da\u00a0<b>8 a 20 giorni\u00a0<\/b>ed\u00a0<b>1 aggressione\u00a0<\/b>con prognosi\u00a0<b>maggiori di 20 giorni\u201d.<\/b><\/i><\/span><\/p>\n<p class=\"xmprfx_s3\" style=\"text-align: justify\"><span class=\"xmprfx_s6\"><i>\u201cNumeri da brividi\u201d,\u00a0<\/i><\/span><span class=\"xmprfx_s6\"><strong>conclude Capece.<\/strong> \u201c<i>Ci vuole una completa inversione di rotta nella gestione delle carceri regionali, siamo in balia di questi facinorosi. Facciamo appello anche alle autorit\u00e0 politiche regionali e locali:\u00a0in carcere non ci sono solo detenuti, ma ci operano umili servitori dello Stato che attualmente si sentono abbandonati dalle\u00a0Istituzioni\u201d<strong>,\u00a0<\/strong><\/i><strong>ricordando\u00a0<\/strong><\/span><strong>che\u00a0<\/strong><i>\u201cil SAPPE da decenni chiede riforme concrete come l\u2019espulsione dei detenuti stranieri, un terzo degli attuali presenti in Italia, per fare scontare loro, nelle loro carceri, le pene come anche prevedere la riapertura degli Ospedali Psichiatrici Giudiziari dove mettere i detenuti con problemi psichiatrici, sempre pi\u00f9 numerosi, oggi presenti nel circuito detentivo ordinario. Ma servono anche pi\u00f9 tecnologia e pi\u00f9 investimenti: la situazione resta allarmante, anche se gli uomini e le donne della Polizia Penitenziaria garantiscono ordine e sicurezza pur a fronte di condizioni di lavoro particolarmente stressanti e gravose\u201d<\/i><\/p>\n<p class=\"xmprfx_s3\">\n","protected":false},"excerpt":{"rendered":"<p>Ancora sangue e violenza in un carcere della Calabria. \u00c8 nella giornata di ieri che, nella Casa Circondariale di Paola, si \u00e8 consumata un\u2019altra aggressioni ai danni della Polizia Penitenziaria&hellip;<\/p>\n","protected":false},"author":12,"featured_media":18215,"comment_status":"closed","ping_status":"open","sticky":false,"template":"","format":"standard","meta":{"_jetpack_memberships_contains_paid_content":false,"footnotes":"","jetpack_publicize_message":"","jetpack_publicize_feature_enabled":true,"jetpack_social_post_already_shared":false,"jetpack_social_options":{"image_generator_settings":{"template":"highway","default_image_id":0,"font":"","enabled":false},"version":2}},"categories":[142,921,196],"tags":[17313,26625],"class_list":["post-43196","post","type-post","status-publish","format-standard","has-post-thumbnail","hentry","category-calabria","category-home","category-news","tag-casa-circondariale-di-paola","tag-salvatore-panaro"],"yoast_head":"<!-- This site is optimized with the Yoast SEO plugin v27.2 - https:\/\/yoast.com\/product\/yoast-seo-wordpress\/ -->\n<title>Carcere di Paola: SAPPE denuncia aggressione ad un agente<\/title>\n<meta name=\"description\" content=\"Panaro, vicesegretario\u00a0regionale\u00a0per la Calabria del Sindacato SAPPE, denuncia aggressione di un detenuto ad un agente nel carcere di Paola\" \/>\n<meta name=\"robots\" content=\"index, follow, max-snippet:-1, max-image-preview:large, max-video-preview:-1\" \/>\n<link rel=\"canonical\" href=\"https:\/\/progettotouring.it\/radiotouring104\/2024\/01\/23\/carcere-di-paola-sindacato-polizia-penitenziaria-sappe-denuncia-ennesima-aggressione-di-un-detenuto-ad-un-agente\/\" \/>\n<meta property=\"og:locale\" content=\"it_IT\" \/>\n<meta property=\"og:type\" content=\"article\" \/>\n<meta property=\"og:title\" content=\"Carcere di Paola: SAPPE denuncia aggressione ad un agente\" \/>\n<meta property=\"og:description\" content=\"Panaro, vicesegretario\u00a0regionale\u00a0per la Calabria del Sindacato SAPPE, denuncia aggressione di un detenuto ad un agente nel carcere di Paola\" \/>\n<meta property=\"og:url\" content=\"https:\/\/progettotouring.it\/radiotouring104\/2024\/01\/23\/carcere-di-paola-sindacato-polizia-penitenziaria-sappe-denuncia-ennesima-aggressione-di-un-detenuto-ad-un-agente\/\" \/>\n<meta property=\"og:site_name\" content=\"Radio Touring 104\" \/>\n<meta property=\"article:published_time\" content=\"2024-01-23T10:30:23+00:00\" \/>\n<meta property=\"og:image\" content=\"https:\/\/progettotouring.it\/radiotouring104\/wp-content\/uploads\/sites\/6\/2023\/02\/carcere-di-Palmi.jpg\" \/>\n\t<meta property=\"og:image:width\" content=\"330\" \/>\n\t<meta property=\"og:image:height\" content=\"252\" \/>\n\t<meta property=\"og:image:type\" content=\"image\/jpeg\" \/>\n<meta name=\"author\" content=\"Sebastiano Plutino\" \/>\n<meta name=\"twitter:card\" content=\"summary_large_image\" \/>\n<meta name=\"twitter:label1\" content=\"Scritto da\" \/>\n\t<meta name=\"twitter:data1\" content=\"Sebastiano Plutino\" \/>\n\t<meta name=\"twitter:label2\" content=\"Tempo di lettura stimato\" \/>\n\t<meta name=\"twitter:data2\" content=\"3 minuti\" \/>\n<script type=\"application\/ld+json\" class=\"yoast-schema-graph\">{\"@context\":\"https:\/\/schema.org\",\"@graph\":[{\"@type\":\"Article\",\"@id\":\"https:\/\/progettotouring.it\/radiotouring104\/2024\/01\/23\/carcere-di-paola-sindacato-polizia-penitenziaria-sappe-denuncia-ennesima-aggressione-di-un-detenuto-ad-un-agente\/#article\",\"isPartOf\":{\"@id\":\"https:\/\/progettotouring.it\/radiotouring104\/2024\/01\/23\/carcere-di-paola-sindacato-polizia-penitenziaria-sappe-denuncia-ennesima-aggressione-di-un-detenuto-ad-un-agente\/\"},\"author\":{\"name\":\"Sebastiano Plutino\",\"@id\":\"https:\/\/progettotouring.it\/radiotouring104\/#\/schema\/person\/78613917f1851f041f7483f5af1d422e\"},\"headline\":\"Carcere di Paola: Sindacato Polizia Penitenziaria SAPPE denuncia ennesima aggressione di un detenuto ad un agente\",\"datePublished\":\"2024-01-23T10:30:23+00:00\",\"mainEntityOfPage\":{\"@id\":\"https:\/\/progettotouring.it\/radiotouring104\/2024\/01\/23\/carcere-di-paola-sindacato-polizia-penitenziaria-sappe-denuncia-ennesima-aggressione-di-un-detenuto-ad-un-agente\/\"},\"wordCount\":595,\"publisher\":{\"@id\":\"https:\/\/progettotouring.it\/radiotouring104\/#organization\"},\"image\":{\"@id\":\"https:\/\/progettotouring.it\/radiotouring104\/2024\/01\/23\/carcere-di-paola-sindacato-polizia-penitenziaria-sappe-denuncia-ennesima-aggressione-di-un-detenuto-ad-un-agente\/#primaryimage\"},\"thumbnailUrl\":\"https:\/\/progettotouring.it\/radiotouring104\/wp-content\/uploads\/sites\/6\/2023\/02\/carcere-di-Palmi.jpg\",\"keywords\":[\"Casa circondariale di Paola.\",\"Salvatore Panaro\"],\"articleSection\":[\"Calabria\",\"Home\",\"News\"],\"inLanguage\":\"it-IT\"},{\"@type\":\"WebPage\",\"@id\":\"https:\/\/progettotouring.it\/radiotouring104\/2024\/01\/23\/carcere-di-paola-sindacato-polizia-penitenziaria-sappe-denuncia-ennesima-aggressione-di-un-detenuto-ad-un-agente\/\",\"url\":\"https:\/\/progettotouring.it\/radiotouring104\/2024\/01\/23\/carcere-di-paola-sindacato-polizia-penitenziaria-sappe-denuncia-ennesima-aggressione-di-un-detenuto-ad-un-agente\/\",\"name\":\"Carcere di Paola: SAPPE denuncia aggressione ad un agente\",\"isPartOf\":{\"@id\":\"https:\/\/progettotouring.it\/radiotouring104\/#website\"},\"primaryImageOfPage\":{\"@id\":\"https:\/\/progettotouring.it\/radiotouring104\/2024\/01\/23\/carcere-di-paola-sindacato-polizia-penitenziaria-sappe-denuncia-ennesima-aggressione-di-un-detenuto-ad-un-agente\/#primaryimage\"},\"image\":{\"@id\":\"https:\/\/progettotouring.it\/radiotouring104\/2024\/01\/23\/carcere-di-paola-sindacato-polizia-penitenziaria-sappe-denuncia-ennesima-aggressione-di-un-detenuto-ad-un-agente\/#primaryimage\"},\"thumbnailUrl\":\"https:\/\/progettotouring.it\/radiotouring104\/wp-content\/uploads\/sites\/6\/2023\/02\/carcere-di-Palmi.jpg\",\"datePublished\":\"2024-01-23T10:30:23+00:00\",\"description\":\"Panaro, vicesegretario\u00a0regionale\u00a0per la Calabria del Sindacato SAPPE, denuncia aggressione di un detenuto ad un agente nel carcere di Paola\",\"breadcrumb\":{\"@id\":\"https:\/\/progettotouring.it\/radiotouring104\/2024\/01\/23\/carcere-di-paola-sindacato-polizia-penitenziaria-sappe-denuncia-ennesima-aggressione-di-un-detenuto-ad-un-agente\/#breadcrumb\"},\"inLanguage\":\"it-IT\",\"potentialAction\":[{\"@type\":\"ReadAction\",\"target\":[\"https:\/\/progettotouring.it\/radiotouring104\/2024\/01\/23\/carcere-di-paola-sindacato-polizia-penitenziaria-sappe-denuncia-ennesima-aggressione-di-un-detenuto-ad-un-agente\/\"]}]},{\"@type\":\"ImageObject\",\"inLanguage\":\"it-IT\",\"@id\":\"https:\/\/progettotouring.it\/radiotouring104\/2024\/01\/23\/carcere-di-paola-sindacato-polizia-penitenziaria-sappe-denuncia-ennesima-aggressione-di-un-detenuto-ad-un-agente\/#primaryimage\",\"url\":\"https:\/\/progettotouring.it\/radiotouring104\/wp-content\/uploads\/sites\/6\/2023\/02\/carcere-di-Palmi.jpg\",\"contentUrl\":\"https:\/\/progettotouring.it\/radiotouring104\/wp-content\/uploads\/sites\/6\/2023\/02\/carcere-di-Palmi.jpg\",\"width\":330,\"height\":252},{\"@type\":\"BreadcrumbList\",\"@id\":\"https:\/\/progettotouring.it\/radiotouring104\/2024\/01\/23\/carcere-di-paola-sindacato-polizia-penitenziaria-sappe-denuncia-ennesima-aggressione-di-un-detenuto-ad-un-agente\/#breadcrumb\",\"itemListElement\":[{\"@type\":\"ListItem\",\"position\":1,\"name\":\"Home\",\"item\":\"https:\/\/progettotouring.it\/radiotouring104\/\"},{\"@type\":\"ListItem\",\"position\":2,\"name\":\"Carcere di Paola: Sindacato Polizia Penitenziaria SAPPE denuncia ennesima aggressione di un detenuto ad un agente\"}]},{\"@type\":\"WebSite\",\"@id\":\"https:\/\/progettotouring.it\/radiotouring104\/#website\",\"url\":\"https:\/\/progettotouring.it\/radiotouring104\/\",\"name\":\"Radio Touring 104\",\"description\":\"La prima radio Reggina\",\"publisher\":{\"@id\":\"https:\/\/progettotouring.it\/radiotouring104\/#organization\"},\"potentialAction\":[{\"@type\":\"SearchAction\",\"target\":{\"@type\":\"EntryPoint\",\"urlTemplate\":\"https:\/\/progettotouring.it\/radiotouring104\/?s={search_term_string}\"},\"query-input\":{\"@type\":\"PropertyValueSpecification\",\"valueRequired\":true,\"valueName\":\"search_term_string\"}}],\"inLanguage\":\"it-IT\"},{\"@type\":\"Organization\",\"@id\":\"https:\/\/progettotouring.it\/radiotouring104\/#organization\",\"name\":\"Radio Touring 104\",\"url\":\"https:\/\/progettotouring.it\/radiotouring104\/\",\"logo\":{\"@type\":\"ImageObject\",\"inLanguage\":\"it-IT\",\"@id\":\"https:\/\/progettotouring.it\/radiotouring104\/#\/schema\/logo\/image\/\",\"url\":\"https:\/\/progettotouring.it\/radiotouring104\/wp-content\/uploads\/sites\/6\/2022\/02\/cropped-logo-radio-touring-104.png\",\"contentUrl\":\"https:\/\/progettotouring.it\/radiotouring104\/wp-content\/uploads\/sites\/6\/2022\/02\/cropped-logo-radio-touring-104.png\",\"width\":377,\"height\":182,\"caption\":\"Radio Touring 104\"},\"image\":{\"@id\":\"https:\/\/progettotouring.it\/radiotouring104\/#\/schema\/logo\/image\/\"}},{\"@type\":\"Person\",\"@id\":\"https:\/\/progettotouring.it\/radiotouring104\/#\/schema\/person\/78613917f1851f041f7483f5af1d422e\",\"name\":\"Sebastiano Plutino\",\"image\":{\"@type\":\"ImageObject\",\"inLanguage\":\"it-IT\",\"@id\":\"https:\/\/secure.gravatar.com\/avatar\/0546ffaa9b79224faf9f2a156b67a529ae861d3287c66c1d8ccfdf909bcba78d?s=96&d=mm&r=g\",\"url\":\"https:\/\/secure.gravatar.com\/avatar\/0546ffaa9b79224faf9f2a156b67a529ae861d3287c66c1d8ccfdf909bcba78d?s=96&d=mm&r=g\",\"contentUrl\":\"https:\/\/secure.gravatar.com\/avatar\/0546ffaa9b79224faf9f2a156b67a529ae861d3287c66c1d8ccfdf909bcba78d?s=96&d=mm&r=g\",\"caption\":\"Sebastiano Plutino\"},\"url\":\"https:\/\/progettotouring.it\/radiotouring104\/author\/sebastiano\/\"}]}<\/script>\n<!-- \/ Yoast SEO plugin. -->","yoast_head_json":{"title":"Carcere di Paola: SAPPE denuncia aggressione ad un agente","description":"Panaro, vicesegretario\u00a0regionale\u00a0per la Calabria del Sindacato SAPPE, denuncia aggressione di un detenuto ad un agente nel carcere di Paola","robots":{"index":"index","follow":"follow","max-snippet":"max-snippet:-1","max-image-preview":"max-image-preview:large","max-video-preview":"max-video-preview:-1"},"canonical":"https:\/\/progettotouring.it\/radiotouring104\/2024\/01\/23\/carcere-di-paola-sindacato-polizia-penitenziaria-sappe-denuncia-ennesima-aggressione-di-un-detenuto-ad-un-agente\/","og_locale":"it_IT","og_type":"article","og_title":"Carcere di Paola: SAPPE denuncia aggressione ad un agente","og_description":"Panaro, vicesegretario\u00a0regionale\u00a0per la Calabria del Sindacato SAPPE, denuncia aggressione di un detenuto ad un agente nel carcere di Paola","og_url":"https:\/\/progettotouring.it\/radiotouring104\/2024\/01\/23\/carcere-di-paola-sindacato-polizia-penitenziaria-sappe-denuncia-ennesima-aggressione-di-un-detenuto-ad-un-agente\/","og_site_name":"Radio Touring 104","article_published_time":"2024-01-23T10:30:23+00:00","og_image":[{"width":330,"height":252,"url":"https:\/\/progettotouring.it\/radiotouring104\/wp-content\/uploads\/sites\/6\/2023\/02\/carcere-di-Palmi.jpg","type":"image\/jpeg"}],"author":"Sebastiano Plutino","twitter_card":"summary_large_image","twitter_misc":{"Scritto da":"Sebastiano Plutino","Tempo di lettura stimato":"3 minuti"},"schema":{"@context":"https:\/\/schema.org","@graph":[{"@type":"Article","@id":"https:\/\/progettotouring.it\/radiotouring104\/2024\/01\/23\/carcere-di-paola-sindacato-polizia-penitenziaria-sappe-denuncia-ennesima-aggressione-di-un-detenuto-ad-un-agente\/#article","isPartOf":{"@id":"https:\/\/progettotouring.it\/radiotouring104\/2024\/01\/23\/carcere-di-paola-sindacato-polizia-penitenziaria-sappe-denuncia-ennesima-aggressione-di-un-detenuto-ad-un-agente\/"},"author":{"name":"Sebastiano Plutino","@id":"https:\/\/progettotouring.it\/radiotouring104\/#\/schema\/person\/78613917f1851f041f7483f5af1d422e"},"headline":"Carcere di Paola: Sindacato Polizia Penitenziaria SAPPE denuncia ennesima aggressione di un detenuto ad un agente","datePublished":"2024-01-23T10:30:23+00:00","mainEntityOfPage":{"@id":"https:\/\/progettotouring.it\/radiotouring104\/2024\/01\/23\/carcere-di-paola-sindacato-polizia-penitenziaria-sappe-denuncia-ennesima-aggressione-di-un-detenuto-ad-un-agente\/"},"wordCount":595,"publisher":{"@id":"https:\/\/progettotouring.it\/radiotouring104\/#organization"},"image":{"@id":"https:\/\/progettotouring.it\/radiotouring104\/2024\/01\/23\/carcere-di-paola-sindacato-polizia-penitenziaria-sappe-denuncia-ennesima-aggressione-di-un-detenuto-ad-un-agente\/#primaryimage"},"thumbnailUrl":"https:\/\/progettotouring.it\/radiotouring104\/wp-content\/uploads\/sites\/6\/2023\/02\/carcere-di-Palmi.jpg","keywords":["Casa circondariale di Paola.","Salvatore Panaro"],"articleSection":["Calabria","Home","News"],"inLanguage":"it-IT"},{"@type":"WebPage","@id":"https:\/\/progettotouring.it\/radiotouring104\/2024\/01\/23\/carcere-di-paola-sindacato-polizia-penitenziaria-sappe-denuncia-ennesima-aggressione-di-un-detenuto-ad-un-agente\/","url":"https:\/\/progettotouring.it\/radiotouring104\/2024\/01\/23\/carcere-di-paola-sindacato-polizia-penitenziaria-sappe-denuncia-ennesima-aggressione-di-un-detenuto-ad-un-agente\/","name":"Carcere di Paola: SAPPE denuncia aggressione ad un agente","isPartOf":{"@id":"https:\/\/progettotouring.it\/radiotouring104\/#website"},"primaryImageOfPage":{"@id":"https:\/\/progettotouring.it\/radiotouring104\/2024\/01\/23\/carcere-di-paola-sindacato-polizia-penitenziaria-sappe-denuncia-ennesima-aggressione-di-un-detenuto-ad-un-agente\/#primaryimage"},"image":{"@id":"https:\/\/progettotouring.it\/radiotouring104\/2024\/01\/23\/carcere-di-paola-sindacato-polizia-penitenziaria-sappe-denuncia-ennesima-aggressione-di-un-detenuto-ad-un-agente\/#primaryimage"},"thumbnailUrl":"https:\/\/progettotouring.it\/radiotouring104\/wp-content\/uploads\/sites\/6\/2023\/02\/carcere-di-Palmi.jpg","datePublished":"2024-01-23T10:30:23+00:00","description":"Panaro, vicesegretario\u00a0regionale\u00a0per la Calabria del Sindacato SAPPE, denuncia aggressione di un detenuto ad un agente nel carcere di Paola","breadcrumb":{"@id":"https:\/\/progettotouring.it\/radiotouring104\/2024\/01\/23\/carcere-di-paola-sindacato-polizia-penitenziaria-sappe-denuncia-ennesima-aggressione-di-un-detenuto-ad-un-agente\/#breadcrumb"},"inLanguage":"it-IT","potentialAction":[{"@type":"ReadAction","target":["https:\/\/progettotouring.it\/radiotouring104\/2024\/01\/23\/carcere-di-paola-sindacato-polizia-penitenziaria-sappe-denuncia-ennesima-aggressione-di-un-detenuto-ad-un-agente\/"]}]},{"@type":"ImageObject","inLanguage":"it-IT","@id":"https:\/\/progettotouring.it\/radiotouring104\/2024\/01\/23\/carcere-di-paola-sindacato-polizia-penitenziaria-sappe-denuncia-ennesima-aggressione-di-un-detenuto-ad-un-agente\/#primaryimage","url":"https:\/\/progettotouring.it\/radiotouring104\/wp-content\/uploads\/sites\/6\/2023\/02\/carcere-di-Palmi.jpg","contentUrl":"https:\/\/progettotouring.it\/radiotouring104\/wp-content\/uploads\/sites\/6\/2023\/02\/carcere-di-Palmi.jpg","width":330,"height":252},{"@type":"BreadcrumbList","@id":"https:\/\/progettotouring.it\/radiotouring104\/2024\/01\/23\/carcere-di-paola-sindacato-polizia-penitenziaria-sappe-denuncia-ennesima-aggressione-di-un-detenuto-ad-un-agente\/#breadcrumb","itemListElement":[{"@type":"ListItem","position":1,"name":"Home","item":"https:\/\/progettotouring.it\/radiotouring104\/"},{"@type":"ListItem","position":2,"name":"Carcere di Paola: Sindacato Polizia Penitenziaria SAPPE denuncia ennesima aggressione di un detenuto ad un agente"}]},{"@type":"WebSite","@id":"https:\/\/progettotouring.it\/radiotouring104\/#website","url":"https:\/\/progettotouring.it\/radiotouring104\/","name":"Radio Touring 104","description":"La prima radio Reggina","publisher":{"@id":"https:\/\/progettotouring.it\/radiotouring104\/#organization"},"potentialAction":[{"@type":"SearchAction","target":{"@type":"EntryPoint","urlTemplate":"https:\/\/progettotouring.it\/radiotouring104\/?s={search_term_string}"},"query-input":{"@type":"PropertyValueSpecification","valueRequired":true,"valueName":"search_term_string"}}],"inLanguage":"it-IT"},{"@type":"Organization","@id":"https:\/\/progettotouring.it\/radiotouring104\/#organization","name":"Radio Touring 104","url":"https:\/\/progettotouring.it\/radiotouring104\/","logo":{"@type":"ImageObject","inLanguage":"it-IT","@id":"https:\/\/progettotouring.it\/radiotouring104\/#\/schema\/logo\/image\/","url":"https:\/\/progettotouring.it\/radiotouring104\/wp-content\/uploads\/sites\/6\/2022\/02\/cropped-logo-radio-touring-104.png","contentUrl":"https:\/\/progettotouring.it\/radiotouring104\/wp-content\/uploads\/sites\/6\/2022\/02\/cropped-logo-radio-touring-104.png","width":377,"height":182,"caption":"Radio Touring 104"},"image":{"@id":"https:\/\/progettotouring.it\/radiotouring104\/#\/schema\/logo\/image\/"}},{"@type":"Person","@id":"https:\/\/progettotouring.it\/radiotouring104\/#\/schema\/person\/78613917f1851f041f7483f5af1d422e","name":"Sebastiano Plutino","image":{"@type":"ImageObject","inLanguage":"it-IT","@id":"https:\/\/secure.gravatar.com\/avatar\/0546ffaa9b79224faf9f2a156b67a529ae861d3287c66c1d8ccfdf909bcba78d?s=96&d=mm&r=g","url":"https:\/\/secure.gravatar.com\/avatar\/0546ffaa9b79224faf9f2a156b67a529ae861d3287c66c1d8ccfdf909bcba78d?s=96&d=mm&r=g","contentUrl":"https:\/\/secure.gravatar.com\/avatar\/0546ffaa9b79224faf9f2a156b67a529ae861d3287c66c1d8ccfdf909bcba78d?s=96&d=mm&r=g","caption":"Sebastiano Plutino"},"url":"https:\/\/progettotouring.it\/radiotouring104\/author\/sebastiano\/"}]}},"jetpack_publicize_connections":[],"jetpack_featured_media_url":"https:\/\/progettotouring.it\/radiotouring104\/wp-content\/uploads\/sites\/6\/2023\/02\/carcere-di-Palmi.jpg","jetpack_sharing_enabled":true,"_links":{"self":[{"href":"https:\/\/progettotouring.it\/radiotouring104\/wp-json\/wp\/v2\/posts\/43196","targetHints":{"allow":["GET"]}}],"collection":[{"href":"https:\/\/progettotouring.it\/radiotouring104\/wp-json\/wp\/v2\/posts"}],"about":[{"href":"https:\/\/progettotouring.it\/radiotouring104\/wp-json\/wp\/v2\/types\/post"}],"author":[{"embeddable":true,"href":"https:\/\/progettotouring.it\/radiotouring104\/wp-json\/wp\/v2\/users\/12"}],"replies":[{"embeddable":true,"href":"https:\/\/progettotouring.it\/radiotouring104\/wp-json\/wp\/v2\/comments?post=43196"}],"version-history":[{"count":1,"href":"https:\/\/progettotouring.it\/radiotouring104\/wp-json\/wp\/v2\/posts\/43196\/revisions"}],"predecessor-version":[{"id":43198,"href":"https:\/\/progettotouring.it\/radiotouring104\/wp-json\/wp\/v2\/posts\/43196\/revisions\/43198"}],"wp:featuredmedia":[{"embeddable":true,"href":"https:\/\/progettotouring.it\/radiotouring104\/wp-json\/wp\/v2\/media\/18215"}],"wp:attachment":[{"href":"https:\/\/progettotouring.it\/radiotouring104\/wp-json\/wp\/v2\/media?parent=43196"}],"wp:term":[{"taxonomy":"category","embeddable":true,"href":"https:\/\/progettotouring.it\/radiotouring104\/wp-json\/wp\/v2\/categories?post=43196"},{"taxonomy":"post_tag","embeddable":true,"href":"https:\/\/progettotouring.it\/radiotouring104\/wp-json\/wp\/v2\/tags?post=43196"}],"curies":[{"name":"wp","href":"https:\/\/api.w.org\/{rel}","templated":true}]}}