{"id":43204,"date":"2024-01-23T11:58:53","date_gmt":"2024-01-23T10:58:53","guid":{"rendered":"https:\/\/progettotouring.it\/radiotouring104\/?p=43204"},"modified":"2024-01-23T12:12:21","modified_gmt":"2024-01-23T11:12:21","slug":"carnevale-a-reggio-comune-approva-programma-attivita-sindaco-chiama-a-raccolta-la-cittadinanza","status":"publish","type":"post","link":"https:\/\/progettotouring.it\/radiotouring104\/2024\/01\/23\/carnevale-a-reggio-comune-approva-programma-attivita-sindaco-chiama-a-raccolta-la-cittadinanza\/","title":{"rendered":"Carnevale a Reggio: Comune approva Programma attivit\u00e0. Sindaco chiama a raccolta la Cittadinanza"},"content":{"rendered":"<p class=\"xmprfx_MsoNormal\" style=\"text-align: justify\"><strong>Un ricco programma di attivit\u00e0,<\/strong> in collaborazione con le parti attive del territorio, <strong>animer\u00e0 il<\/strong> <em>\u201cCarnevale reggino\u201d<\/em> <strong>promosso dall\u2019Amministrazione comunale<\/strong>.<\/p>\n<p class=\"xmprfx_MsoNormal\" style=\"text-align: justify\"><strong>La nuova Giunta,<\/strong> nella prima riunione presieduta dal sindaco <strong>Giuseppe Falcomat\u00e0,<\/strong> <strong>ha approvato la proposta dell\u2019assessore<\/strong> alle Attivit\u00e0 produttive, <strong>Marisa Lanucara,<\/strong> con cui Palazzo San Giorgio intende <strong>coinvolgere la comunit\u00e0<\/strong> e, in particolar modo le scuole cittadine,<strong> per una intera settimana di iniziative prevista tra l\u20198 e il 13 febbraio prossimi.<\/strong><br \/>\nA tal fine, <strong>si proceder\u00e0 ad una selezione pubblica finalizzata al rilascio delle autorizzazioni per l\u2019occupazione con gazebi, per un numero totale di tredici postazioni, in Piazza Duomo<\/strong> e in alcune vie del centro storico per la vendita di dolciumi e articoli carnevaleschi.<br \/>\nInoltre, <strong>verranno acquisite, da parte delle associazioni, eventuali proposte per la realizzazione di spettacoli di animazione territoriale da inserire nel programma dei festeggiamenti nelle location di<\/strong> Corso Garibaldi, Piazza Duomo, Piazza Camagna, Piazza Italia, Villa comunale e principali vie delle ex circoscrizioni cittadine. Per le associazioni che saranno selezionate sono previste misure agevolative, tra cui la concessione gratuita del suolo pubblico.\u00a0Le proposte dovranno pervenire, entro il 31 gennaio prossimo, all\u2019indirizzo\u00a0<a target=\"_self\" rel=\"noopener\">procollo@pec.reggiocal.it<\/a>.<\/p>\n<p class=\"xmprfx_MsoNormal\" style=\"text-align: justify\"><em>\u201cCon queste iniziative \u2013<\/em><strong> commenta l\u2019assessore Lanucara<\/strong> \u2013<em> abbiamo voluto stimolare l\u2019interesse e la curiosit\u00e0 della comunit\u00e0 in occasione del Carnevale che pu\u00f2 rappresentare un\u2019occasione per incrementare l\u2019attrattivit\u00e0 del territorio e per promuovere lo sviluppo delle attivit\u00e0 commerciali, turistiche e culturali\u201d.<\/em><\/p>\n<p class=\"xmprfx_MsoNormal\" style=\"text-align: justify\"><strong>Il concorso \u201cCreativit\u00e0 mascherata\u201d rivolto alle scuole<br \/>\nL\u2019Amministrazione comunale<\/strong>, grazie alla collaborazione tra i settori Attivit\u00e0 produttive e Istruzione, ha, inoltre<strong>, ideato e promosso l\u2019iniziativa<\/strong> &#8220;<em>Creativit\u00e0 Mascherata&#8221; <\/em><strong>rivolta a tutte le scuole Primarie e Secondarie di I Grado Statali e Paritarie.<\/strong> Le classi concorrenti potranno divertirsi a realizzare, per le scuole Statali e Paritarie, <em>\u201cLa maschera pi\u00f9 bella<\/em>\u201d e, per le scuole Secondarie di I Grado Statali e Provinciali, \u201cLa filastrocca pi\u00f9 bella\u201d. Le creazioni che entro il 5 febbraio 2024 perverranno presso Palazzo CEDIR, al settore 11 Macro Area Istruzione, saranno valutate da una commissione che attribuir\u00e0 un premio alle tre &#8220;Maschere pi\u00f9 belle&#8221; ed alle tre &#8220;Filastrocche pi\u00f9 belle&#8221; del Carnevale 2024.<\/p>\n","protected":false},"excerpt":{"rendered":"<p>Un ricco programma di attivit\u00e0, in collaborazione con le parti attive del territorio, animer\u00e0 il \u201cCarnevale reggino\u201d promosso dall\u2019Amministrazione comunale. La nuova Giunta, nella prima riunione presieduta dal sindaco Giuseppe&hellip;<\/p>\n","protected":false},"author":12,"featured_media":43205,"comment_status":"closed","ping_status":"open","sticky":false,"template":"","format":"standard","meta":{"_jetpack_memberships_contains_paid_content":false,"footnotes":"","jetpack_publicize_message":"","jetpack_publicize_feature_enabled":true,"jetpack_social_post_already_shared":false,"jetpack_social_options":{"image_generator_settings":{"template":"highway","default_image_id":0,"font":"","enabled":false},"version":2}},"categories":[921,150,196,140],"tags":[26633,26096,26632,9778,812,498],"class_list":["post-43204","post","type-post","status-publish","format-standard","has-post-thumbnail","hentry","category-home","category-in-primo-piano","category-news","category-reggio-calabria","tag-approvato-programma-carnevale","tag-ass-marisa-lanucara","tag-carnevale-a-reggio","tag-comune-di-reggio","tag-giuseppe-falcomata","tag-piazza-duomo"],"yoast_head":"<!-- This site is optimized with the Yoast SEO plugin v27.2 - https:\/\/yoast.com\/product\/yoast-seo-wordpress\/ -->\n<title>Carnevale a Reggio: Comune approva Programma attivit\u00e0.<\/title>\n<meta name=\"description\" content=\"Approvato la proposta dell\u2019assessore Marisa Lanucara per una intera settimana di iniziative, prevista tra l\u20198 e il 13 febbraio prossimi.\" \/>\n<meta name=\"robots\" content=\"index, follow, max-snippet:-1, max-image-preview:large, max-video-preview:-1\" \/>\n<link rel=\"canonical\" href=\"https:\/\/progettotouring.it\/radiotouring104\/2024\/01\/23\/carnevale-a-reggio-comune-approva-programma-attivita-sindaco-chiama-a-raccolta-la-cittadinanza\/\" \/>\n<meta property=\"og:locale\" content=\"it_IT\" \/>\n<meta property=\"og:type\" content=\"article\" \/>\n<meta property=\"og:title\" content=\"Carnevale a Reggio: Comune approva Programma attivit\u00e0.\" \/>\n<meta property=\"og:description\" content=\"Approvato la proposta dell\u2019assessore Marisa Lanucara per una intera settimana di iniziative, prevista tra l\u20198 e il 13 febbraio prossimi.\" \/>\n<meta property=\"og:url\" content=\"https:\/\/progettotouring.it\/radiotouring104\/2024\/01\/23\/carnevale-a-reggio-comune-approva-programma-attivita-sindaco-chiama-a-raccolta-la-cittadinanza\/\" \/>\n<meta property=\"og:site_name\" content=\"Radio Touring 104\" \/>\n<meta property=\"article:published_time\" content=\"2024-01-23T10:58:53+00:00\" \/>\n<meta property=\"article:modified_time\" content=\"2024-01-23T11:12:21+00:00\" \/>\n<meta property=\"og:image\" content=\"https:\/\/progettotouring.it\/radiotouring104\/wp-content\/uploads\/sites\/6\/2024\/01\/riunione-giunta-Reggio-Carnevale-2024.jpg\" \/>\n\t<meta property=\"og:image:width\" content=\"2000\" \/>\n\t<meta property=\"og:image:height\" content=\"1126\" \/>\n\t<meta property=\"og:image:type\" content=\"image\/jpeg\" \/>\n<meta name=\"author\" content=\"Sebastiano Plutino\" \/>\n<meta name=\"twitter:card\" content=\"summary_large_image\" \/>\n<meta name=\"twitter:label1\" content=\"Scritto da\" \/>\n\t<meta name=\"twitter:data1\" content=\"Sebastiano Plutino\" \/>\n\t<meta name=\"twitter:label2\" content=\"Tempo di lettura stimato\" \/>\n\t<meta name=\"twitter:data2\" content=\"2 minuti\" \/>\n<script type=\"application\/ld+json\" class=\"yoast-schema-graph\">{\"@context\":\"https:\/\/schema.org\",\"@graph\":[{\"@type\":\"Article\",\"@id\":\"https:\/\/progettotouring.it\/radiotouring104\/2024\/01\/23\/carnevale-a-reggio-comune-approva-programma-attivita-sindaco-chiama-a-raccolta-la-cittadinanza\/#article\",\"isPartOf\":{\"@id\":\"https:\/\/progettotouring.it\/radiotouring104\/2024\/01\/23\/carnevale-a-reggio-comune-approva-programma-attivita-sindaco-chiama-a-raccolta-la-cittadinanza\/\"},\"author\":{\"name\":\"Sebastiano Plutino\",\"@id\":\"https:\/\/progettotouring.it\/radiotouring104\/#\/schema\/person\/78613917f1851f041f7483f5af1d422e\"},\"headline\":\"Carnevale a Reggio: Comune approva Programma attivit\u00e0. Sindaco chiama a raccolta la Cittadinanza\",\"datePublished\":\"2024-01-23T10:58:53+00:00\",\"dateModified\":\"2024-01-23T11:12:21+00:00\",\"mainEntityOfPage\":{\"@id\":\"https:\/\/progettotouring.it\/radiotouring104\/2024\/01\/23\/carnevale-a-reggio-comune-approva-programma-attivita-sindaco-chiama-a-raccolta-la-cittadinanza\/\"},\"wordCount\":359,\"publisher\":{\"@id\":\"https:\/\/progettotouring.it\/radiotouring104\/#organization\"},\"image\":{\"@id\":\"https:\/\/progettotouring.it\/radiotouring104\/2024\/01\/23\/carnevale-a-reggio-comune-approva-programma-attivita-sindaco-chiama-a-raccolta-la-cittadinanza\/#primaryimage\"},\"thumbnailUrl\":\"https:\/\/progettotouring.it\/radiotouring104\/wp-content\/uploads\/sites\/6\/2024\/01\/riunione-giunta-Reggio-Carnevale-2024.jpg\",\"keywords\":[\"approvato programma Carnevale\",\"Ass. Marisa Lanucara\",\"Carnevale a Reggio\",\"Comune di Reggio\",\"Giuseppe Falcomat\u00e0\",\"Piazza Duomo\"],\"articleSection\":[\"Home\",\"In primo piano\",\"News\",\"Reggio Calabria\"],\"inLanguage\":\"it-IT\"},{\"@type\":\"WebPage\",\"@id\":\"https:\/\/progettotouring.it\/radiotouring104\/2024\/01\/23\/carnevale-a-reggio-comune-approva-programma-attivita-sindaco-chiama-a-raccolta-la-cittadinanza\/\",\"url\":\"https:\/\/progettotouring.it\/radiotouring104\/2024\/01\/23\/carnevale-a-reggio-comune-approva-programma-attivita-sindaco-chiama-a-raccolta-la-cittadinanza\/\",\"name\":\"Carnevale a Reggio: Comune approva Programma attivit\u00e0.\",\"isPartOf\":{\"@id\":\"https:\/\/progettotouring.it\/radiotouring104\/#website\"},\"primaryImageOfPage\":{\"@id\":\"https:\/\/progettotouring.it\/radiotouring104\/2024\/01\/23\/carnevale-a-reggio-comune-approva-programma-attivita-sindaco-chiama-a-raccolta-la-cittadinanza\/#primaryimage\"},\"image\":{\"@id\":\"https:\/\/progettotouring.it\/radiotouring104\/2024\/01\/23\/carnevale-a-reggio-comune-approva-programma-attivita-sindaco-chiama-a-raccolta-la-cittadinanza\/#primaryimage\"},\"thumbnailUrl\":\"https:\/\/progettotouring.it\/radiotouring104\/wp-content\/uploads\/sites\/6\/2024\/01\/riunione-giunta-Reggio-Carnevale-2024.jpg\",\"datePublished\":\"2024-01-23T10:58:53+00:00\",\"dateModified\":\"2024-01-23T11:12:21+00:00\",\"description\":\"Approvato la proposta dell\u2019assessore Marisa Lanucara per una intera settimana di iniziative, prevista tra l\u20198 e il 13 febbraio prossimi.\",\"breadcrumb\":{\"@id\":\"https:\/\/progettotouring.it\/radiotouring104\/2024\/01\/23\/carnevale-a-reggio-comune-approva-programma-attivita-sindaco-chiama-a-raccolta-la-cittadinanza\/#breadcrumb\"},\"inLanguage\":\"it-IT\",\"potentialAction\":[{\"@type\":\"ReadAction\",\"target\":[\"https:\/\/progettotouring.it\/radiotouring104\/2024\/01\/23\/carnevale-a-reggio-comune-approva-programma-attivita-sindaco-chiama-a-raccolta-la-cittadinanza\/\"]}]},{\"@type\":\"ImageObject\",\"inLanguage\":\"it-IT\",\"@id\":\"https:\/\/progettotouring.it\/radiotouring104\/2024\/01\/23\/carnevale-a-reggio-comune-approva-programma-attivita-sindaco-chiama-a-raccolta-la-cittadinanza\/#primaryimage\",\"url\":\"https:\/\/progettotouring.it\/radiotouring104\/wp-content\/uploads\/sites\/6\/2024\/01\/riunione-giunta-Reggio-Carnevale-2024.jpg\",\"contentUrl\":\"https:\/\/progettotouring.it\/radiotouring104\/wp-content\/uploads\/sites\/6\/2024\/01\/riunione-giunta-Reggio-Carnevale-2024.jpg\",\"width\":2000,\"height\":1126},{\"@type\":\"BreadcrumbList\",\"@id\":\"https:\/\/progettotouring.it\/radiotouring104\/2024\/01\/23\/carnevale-a-reggio-comune-approva-programma-attivita-sindaco-chiama-a-raccolta-la-cittadinanza\/#breadcrumb\",\"itemListElement\":[{\"@type\":\"ListItem\",\"position\":1,\"name\":\"Home\",\"item\":\"https:\/\/progettotouring.it\/radiotouring104\/\"},{\"@type\":\"ListItem\",\"position\":2,\"name\":\"Carnevale a Reggio: Comune approva Programma attivit\u00e0. Sindaco chiama a raccolta la Cittadinanza\"}]},{\"@type\":\"WebSite\",\"@id\":\"https:\/\/progettotouring.it\/radiotouring104\/#website\",\"url\":\"https:\/\/progettotouring.it\/radiotouring104\/\",\"name\":\"Radio Touring 104\",\"description\":\"La prima radio Reggina\",\"publisher\":{\"@id\":\"https:\/\/progettotouring.it\/radiotouring104\/#organization\"},\"potentialAction\":[{\"@type\":\"SearchAction\",\"target\":{\"@type\":\"EntryPoint\",\"urlTemplate\":\"https:\/\/progettotouring.it\/radiotouring104\/?s={search_term_string}\"},\"query-input\":{\"@type\":\"PropertyValueSpecification\",\"valueRequired\":true,\"valueName\":\"search_term_string\"}}],\"inLanguage\":\"it-IT\"},{\"@type\":\"Organization\",\"@id\":\"https:\/\/progettotouring.it\/radiotouring104\/#organization\",\"name\":\"Radio Touring 104\",\"url\":\"https:\/\/progettotouring.it\/radiotouring104\/\",\"logo\":{\"@type\":\"ImageObject\",\"inLanguage\":\"it-IT\",\"@id\":\"https:\/\/progettotouring.it\/radiotouring104\/#\/schema\/logo\/image\/\",\"url\":\"https:\/\/progettotouring.it\/radiotouring104\/wp-content\/uploads\/sites\/6\/2022\/02\/cropped-logo-radio-touring-104.png\",\"contentUrl\":\"https:\/\/progettotouring.it\/radiotouring104\/wp-content\/uploads\/sites\/6\/2022\/02\/cropped-logo-radio-touring-104.png\",\"width\":377,\"height\":182,\"caption\":\"Radio Touring 104\"},\"image\":{\"@id\":\"https:\/\/progettotouring.it\/radiotouring104\/#\/schema\/logo\/image\/\"}},{\"@type\":\"Person\",\"@id\":\"https:\/\/progettotouring.it\/radiotouring104\/#\/schema\/person\/78613917f1851f041f7483f5af1d422e\",\"name\":\"Sebastiano Plutino\",\"image\":{\"@type\":\"ImageObject\",\"inLanguage\":\"it-IT\",\"@id\":\"https:\/\/secure.gravatar.com\/avatar\/0546ffaa9b79224faf9f2a156b67a529ae861d3287c66c1d8ccfdf909bcba78d?s=96&d=mm&r=g\",\"url\":\"https:\/\/secure.gravatar.com\/avatar\/0546ffaa9b79224faf9f2a156b67a529ae861d3287c66c1d8ccfdf909bcba78d?s=96&d=mm&r=g\",\"contentUrl\":\"https:\/\/secure.gravatar.com\/avatar\/0546ffaa9b79224faf9f2a156b67a529ae861d3287c66c1d8ccfdf909bcba78d?s=96&d=mm&r=g\",\"caption\":\"Sebastiano Plutino\"},\"url\":\"https:\/\/progettotouring.it\/radiotouring104\/author\/sebastiano\/\"}]}<\/script>\n<!-- \/ Yoast SEO plugin. -->","yoast_head_json":{"title":"Carnevale a Reggio: Comune approva Programma attivit\u00e0.","description":"Approvato la proposta dell\u2019assessore Marisa Lanucara per una intera settimana di iniziative, prevista tra l\u20198 e il 13 febbraio prossimi.","robots":{"index":"index","follow":"follow","max-snippet":"max-snippet:-1","max-image-preview":"max-image-preview:large","max-video-preview":"max-video-preview:-1"},"canonical":"https:\/\/progettotouring.it\/radiotouring104\/2024\/01\/23\/carnevale-a-reggio-comune-approva-programma-attivita-sindaco-chiama-a-raccolta-la-cittadinanza\/","og_locale":"it_IT","og_type":"article","og_title":"Carnevale a Reggio: Comune approva Programma attivit\u00e0.","og_description":"Approvato la proposta dell\u2019assessore Marisa Lanucara per una intera settimana di iniziative, prevista tra l\u20198 e il 13 febbraio prossimi.","og_url":"https:\/\/progettotouring.it\/radiotouring104\/2024\/01\/23\/carnevale-a-reggio-comune-approva-programma-attivita-sindaco-chiama-a-raccolta-la-cittadinanza\/","og_site_name":"Radio Touring 104","article_published_time":"2024-01-23T10:58:53+00:00","article_modified_time":"2024-01-23T11:12:21+00:00","og_image":[{"width":2000,"height":1126,"url":"https:\/\/progettotouring.it\/radiotouring104\/wp-content\/uploads\/sites\/6\/2024\/01\/riunione-giunta-Reggio-Carnevale-2024.jpg","type":"image\/jpeg"}],"author":"Sebastiano Plutino","twitter_card":"summary_large_image","twitter_misc":{"Scritto da":"Sebastiano Plutino","Tempo di lettura stimato":"2 minuti"},"schema":{"@context":"https:\/\/schema.org","@graph":[{"@type":"Article","@id":"https:\/\/progettotouring.it\/radiotouring104\/2024\/01\/23\/carnevale-a-reggio-comune-approva-programma-attivita-sindaco-chiama-a-raccolta-la-cittadinanza\/#article","isPartOf":{"@id":"https:\/\/progettotouring.it\/radiotouring104\/2024\/01\/23\/carnevale-a-reggio-comune-approva-programma-attivita-sindaco-chiama-a-raccolta-la-cittadinanza\/"},"author":{"name":"Sebastiano Plutino","@id":"https:\/\/progettotouring.it\/radiotouring104\/#\/schema\/person\/78613917f1851f041f7483f5af1d422e"},"headline":"Carnevale a Reggio: Comune approva Programma attivit\u00e0. Sindaco chiama a raccolta la Cittadinanza","datePublished":"2024-01-23T10:58:53+00:00","dateModified":"2024-01-23T11:12:21+00:00","mainEntityOfPage":{"@id":"https:\/\/progettotouring.it\/radiotouring104\/2024\/01\/23\/carnevale-a-reggio-comune-approva-programma-attivita-sindaco-chiama-a-raccolta-la-cittadinanza\/"},"wordCount":359,"publisher":{"@id":"https:\/\/progettotouring.it\/radiotouring104\/#organization"},"image":{"@id":"https:\/\/progettotouring.it\/radiotouring104\/2024\/01\/23\/carnevale-a-reggio-comune-approva-programma-attivita-sindaco-chiama-a-raccolta-la-cittadinanza\/#primaryimage"},"thumbnailUrl":"https:\/\/progettotouring.it\/radiotouring104\/wp-content\/uploads\/sites\/6\/2024\/01\/riunione-giunta-Reggio-Carnevale-2024.jpg","keywords":["approvato programma Carnevale","Ass. Marisa Lanucara","Carnevale a Reggio","Comune di Reggio","Giuseppe Falcomat\u00e0","Piazza Duomo"],"articleSection":["Home","In primo piano","News","Reggio Calabria"],"inLanguage":"it-IT"},{"@type":"WebPage","@id":"https:\/\/progettotouring.it\/radiotouring104\/2024\/01\/23\/carnevale-a-reggio-comune-approva-programma-attivita-sindaco-chiama-a-raccolta-la-cittadinanza\/","url":"https:\/\/progettotouring.it\/radiotouring104\/2024\/01\/23\/carnevale-a-reggio-comune-approva-programma-attivita-sindaco-chiama-a-raccolta-la-cittadinanza\/","name":"Carnevale a Reggio: Comune approva Programma attivit\u00e0.","isPartOf":{"@id":"https:\/\/progettotouring.it\/radiotouring104\/#website"},"primaryImageOfPage":{"@id":"https:\/\/progettotouring.it\/radiotouring104\/2024\/01\/23\/carnevale-a-reggio-comune-approva-programma-attivita-sindaco-chiama-a-raccolta-la-cittadinanza\/#primaryimage"},"image":{"@id":"https:\/\/progettotouring.it\/radiotouring104\/2024\/01\/23\/carnevale-a-reggio-comune-approva-programma-attivita-sindaco-chiama-a-raccolta-la-cittadinanza\/#primaryimage"},"thumbnailUrl":"https:\/\/progettotouring.it\/radiotouring104\/wp-content\/uploads\/sites\/6\/2024\/01\/riunione-giunta-Reggio-Carnevale-2024.jpg","datePublished":"2024-01-23T10:58:53+00:00","dateModified":"2024-01-23T11:12:21+00:00","description":"Approvato la proposta dell\u2019assessore Marisa Lanucara per una intera settimana di iniziative, prevista tra l\u20198 e il 13 febbraio prossimi.","breadcrumb":{"@id":"https:\/\/progettotouring.it\/radiotouring104\/2024\/01\/23\/carnevale-a-reggio-comune-approva-programma-attivita-sindaco-chiama-a-raccolta-la-cittadinanza\/#breadcrumb"},"inLanguage":"it-IT","potentialAction":[{"@type":"ReadAction","target":["https:\/\/progettotouring.it\/radiotouring104\/2024\/01\/23\/carnevale-a-reggio-comune-approva-programma-attivita-sindaco-chiama-a-raccolta-la-cittadinanza\/"]}]},{"@type":"ImageObject","inLanguage":"it-IT","@id":"https:\/\/progettotouring.it\/radiotouring104\/2024\/01\/23\/carnevale-a-reggio-comune-approva-programma-attivita-sindaco-chiama-a-raccolta-la-cittadinanza\/#primaryimage","url":"https:\/\/progettotouring.it\/radiotouring104\/wp-content\/uploads\/sites\/6\/2024\/01\/riunione-giunta-Reggio-Carnevale-2024.jpg","contentUrl":"https:\/\/progettotouring.it\/radiotouring104\/wp-content\/uploads\/sites\/6\/2024\/01\/riunione-giunta-Reggio-Carnevale-2024.jpg","width":2000,"height":1126},{"@type":"BreadcrumbList","@id":"https:\/\/progettotouring.it\/radiotouring104\/2024\/01\/23\/carnevale-a-reggio-comune-approva-programma-attivita-sindaco-chiama-a-raccolta-la-cittadinanza\/#breadcrumb","itemListElement":[{"@type":"ListItem","position":1,"name":"Home","item":"https:\/\/progettotouring.it\/radiotouring104\/"},{"@type":"ListItem","position":2,"name":"Carnevale a Reggio: Comune approva Programma attivit\u00e0. Sindaco chiama a raccolta la Cittadinanza"}]},{"@type":"WebSite","@id":"https:\/\/progettotouring.it\/radiotouring104\/#website","url":"https:\/\/progettotouring.it\/radiotouring104\/","name":"Radio Touring 104","description":"La prima radio Reggina","publisher":{"@id":"https:\/\/progettotouring.it\/radiotouring104\/#organization"},"potentialAction":[{"@type":"SearchAction","target":{"@type":"EntryPoint","urlTemplate":"https:\/\/progettotouring.it\/radiotouring104\/?s={search_term_string}"},"query-input":{"@type":"PropertyValueSpecification","valueRequired":true,"valueName":"search_term_string"}}],"inLanguage":"it-IT"},{"@type":"Organization","@id":"https:\/\/progettotouring.it\/radiotouring104\/#organization","name":"Radio Touring 104","url":"https:\/\/progettotouring.it\/radiotouring104\/","logo":{"@type":"ImageObject","inLanguage":"it-IT","@id":"https:\/\/progettotouring.it\/radiotouring104\/#\/schema\/logo\/image\/","url":"https:\/\/progettotouring.it\/radiotouring104\/wp-content\/uploads\/sites\/6\/2022\/02\/cropped-logo-radio-touring-104.png","contentUrl":"https:\/\/progettotouring.it\/radiotouring104\/wp-content\/uploads\/sites\/6\/2022\/02\/cropped-logo-radio-touring-104.png","width":377,"height":182,"caption":"Radio Touring 104"},"image":{"@id":"https:\/\/progettotouring.it\/radiotouring104\/#\/schema\/logo\/image\/"}},{"@type":"Person","@id":"https:\/\/progettotouring.it\/radiotouring104\/#\/schema\/person\/78613917f1851f041f7483f5af1d422e","name":"Sebastiano Plutino","image":{"@type":"ImageObject","inLanguage":"it-IT","@id":"https:\/\/secure.gravatar.com\/avatar\/0546ffaa9b79224faf9f2a156b67a529ae861d3287c66c1d8ccfdf909bcba78d?s=96&d=mm&r=g","url":"https:\/\/secure.gravatar.com\/avatar\/0546ffaa9b79224faf9f2a156b67a529ae861d3287c66c1d8ccfdf909bcba78d?s=96&d=mm&r=g","contentUrl":"https:\/\/secure.gravatar.com\/avatar\/0546ffaa9b79224faf9f2a156b67a529ae861d3287c66c1d8ccfdf909bcba78d?s=96&d=mm&r=g","caption":"Sebastiano Plutino"},"url":"https:\/\/progettotouring.it\/radiotouring104\/author\/sebastiano\/"}]}},"jetpack_publicize_connections":[],"jetpack_featured_media_url":"https:\/\/progettotouring.it\/radiotouring104\/wp-content\/uploads\/sites\/6\/2024\/01\/riunione-giunta-Reggio-Carnevale-2024.jpg","jetpack_sharing_enabled":true,"_links":{"self":[{"href":"https:\/\/progettotouring.it\/radiotouring104\/wp-json\/wp\/v2\/posts\/43204","targetHints":{"allow":["GET"]}}],"collection":[{"href":"https:\/\/progettotouring.it\/radiotouring104\/wp-json\/wp\/v2\/posts"}],"about":[{"href":"https:\/\/progettotouring.it\/radiotouring104\/wp-json\/wp\/v2\/types\/post"}],"author":[{"embeddable":true,"href":"https:\/\/progettotouring.it\/radiotouring104\/wp-json\/wp\/v2\/users\/12"}],"replies":[{"embeddable":true,"href":"https:\/\/progettotouring.it\/radiotouring104\/wp-json\/wp\/v2\/comments?post=43204"}],"version-history":[{"count":3,"href":"https:\/\/progettotouring.it\/radiotouring104\/wp-json\/wp\/v2\/posts\/43204\/revisions"}],"predecessor-version":[{"id":43208,"href":"https:\/\/progettotouring.it\/radiotouring104\/wp-json\/wp\/v2\/posts\/43204\/revisions\/43208"}],"wp:featuredmedia":[{"embeddable":true,"href":"https:\/\/progettotouring.it\/radiotouring104\/wp-json\/wp\/v2\/media\/43205"}],"wp:attachment":[{"href":"https:\/\/progettotouring.it\/radiotouring104\/wp-json\/wp\/v2\/media?parent=43204"}],"wp:term":[{"taxonomy":"category","embeddable":true,"href":"https:\/\/progettotouring.it\/radiotouring104\/wp-json\/wp\/v2\/categories?post=43204"},{"taxonomy":"post_tag","embeddable":true,"href":"https:\/\/progettotouring.it\/radiotouring104\/wp-json\/wp\/v2\/tags?post=43204"}],"curies":[{"name":"wp","href":"https:\/\/api.w.org\/{rel}","templated":true}]}}