{"id":43237,"date":"2024-01-24T09:04:59","date_gmt":"2024-01-24T08:04:59","guid":{"rendered":"https:\/\/progettotouring.it\/radiotouring104\/?p=43237"},"modified":"2024-01-24T09:05:58","modified_gmt":"2024-01-24T08:05:58","slug":"mynergy-viola-gm-vita-avanti-con-la-programmazione-e-lentusiasmo","status":"publish","type":"post","link":"https:\/\/progettotouring.it\/radiotouring104\/2024\/01\/24\/mynergy-viola-gm-vita-avanti-con-la-programmazione-e-lentusiasmo\/","title":{"rendered":"Mynergy Viola, Gm Vita: \u201dAvanti con la programmazione e l\u2019entusiasmo\u201d"},"content":{"rendered":"<p style=\"text-align: justify\">\u00c8 iniziata una delle settimane pi\u00f9 attese del campionato.<br \/>\n<strong>Domenica alle ore 18, la Myenergy scender\u00e0 in campo al PalaCalafiore per affrontare la Virtus Ragusa.<\/strong><br \/>\n<strong>\u00c8 la sfida tra le due inseguitrici della vetta.<\/strong><br \/>\nUna gara che varr\u00e0 \u201c4\u201d punti considerata la formula della Serie B.<br \/>\n<strong>Ne ha parlato il nuovo General Manager, Fortunato Vita all\u2019interno del format Tv<\/strong> <em>\u201cMomenti neroarancio\u201d<\/em> <strong>in onda sulla nostra televisione ufficiale Videotouring.<\/strong><\/p>\n<p style=\"text-align: justify\"><strong>Ecco le sue sensazioni dopo qualche giorno dal comunicato ufficiale del club.<\/strong><\/p>\n<p style=\"text-align: justify\"><em>\u201cLe sensazioni sono importanti.<\/em><br \/>\n<em>La decisione di ufficializzare il mio incarico di Gm \u00e8 nato dopo un lungo \u201ccorteggiamento\u201d.<\/em><\/p>\n<p style=\"text-align: justify\"><strong>L\u2019importanza del nome \u201c<\/strong><em>Viola\u201d ha la necessit\u00e0 di un impegno assiduo e i risultati ci stanno premiando.<\/em><br \/>\n<em>Lo sport, per\u00f2, \u00e8 una ruota che gira ed \u00e8 il nostro obiettivo quello di crescere per rafforzarci sempre di pi\u00f9 e farci trovare pronti nei momenti difficolt\u00e0\u201d.<\/em><\/p>\n<p style=\"text-align: justify\"><strong>Contro Ragusa?<\/strong><\/p>\n<p style=\"text-align: justify\"><em>\u201cCi auguriamo ci possa essere il pubblico delle grandissime occasioni.<\/em><br \/>\n<em>Il nostro auspicio, in chiave generale \u00e8 che il pubblico possa continuare a crescere, cos\u00ec come sta gi\u00e0 accadendo di partita in partita.<\/em><br \/>\n<em>Esiste una fascia di et\u00e0 che abbiamo grande voglia di coinvolgere, \u00e8 quella di chi non \u00e8 cresciuto con il \u201cMito Viola\u201d in campo ed \u00e8 su quel target che vogliamo puntare per guardare al futuro.<\/em><br \/>\n<em>Voglia di includere le squadre giovanili della citt\u00e0 e della regione, e di condurre le scuole alle gare.<\/em><br \/>\n<em>Voglia di vedere tanta gente, anche in chiave post-season al PalaCalafiore.<\/em><br \/>\n<em>Abbiamo letto tutti del record di pubblico di Livorno: io, avendo collaborato per tanti anni con la Lega Nazionale Pallacanestro conosco bene quella piazza e credo che li, il pubblico nasca proprio dal lavoro fatto sui settori giovanili.<\/em><br \/>\n<em>In Calabria, purtroppo, non c\u2019\u00e8 molta competitivit\u00e0 a livello regionale e questo conta tanto.<\/em><br \/>\n<em>Nel 2006 i numeri che ci dicevano che in Calabria avevamo 100 squadre, oggi non ce ne sono neanche la met\u00e0.<\/em><br \/>\n<em>Non riusciamo ad esprimere campionati giovanili e dobbiamo per questo affiancarci ad altre regioni pi\u00f9 organizzate\u201d.<\/em><\/p>\n<p style=\"text-align: justify\"><strong>La questione impianti?<\/strong><\/p>\n<p style=\"text-align: justify\"><em>\u201cNon si pu\u00f2 essere sempre ospiti.<\/em><br \/>\n<em>Tocca creare il proprio fortino e da l\u00ec con lo staff<\/em><br \/>\n<em>e tutto l\u2019entourage, coltivare. Pu\u00f3 essere Impensabile arrivare ai numeri di un tempo, la concorrenza \u00e8 tanta<\/em><br \/>\n<em>ma<\/em><br \/>\n<em>Creare la competitivit\u00e0 dei settori giovanili \u00e8 fondamentale cosi come la<\/em><br \/>\n<em>Cooperazione perch\u00e9 i campanilismi portano solo a cattivi risultati.<\/em><br \/>\n<em>Far\u00e0 parte dei nostri obiettivi quello di collaborare\u201d.<\/em><\/p>\n<p style=\"text-align: justify\"><strong>Il passato?<\/strong><\/p>\n<p style=\"text-align: justify\"><em>\u201cEmulare il passato non \u00e8 pi\u00f9 possibile.<\/em><br \/>\n<em>Per i prossimi cento, duecento anni non vivremo mai pi\u00f9 situazioni simili.<\/em><br \/>\n<em>Occorre avere l\u2019umilt\u00e0 di ripartire.<\/em><br \/>\n<em>Non \u00e8 la prima volta che accade.<\/em><br \/>\n<em>La Pallacanestro Viola vuole identificarsi con la citt\u00e0.<\/em><br \/>\n<em>Acquisire il riconoscimento ufficiale della citt\u00e0, la nuova era del basket.<\/em><br \/>\n<em>Una volta fatto questo riusciremo a toglierci della soddisfazioni.<\/em><br \/>\n<em>Se parliamo solo del passato, avremo solo \u201cil magone\u201d.<\/em><br \/>\n<em>Puntiamo a ricostruire sulla scorta dell\u2019entusiasmo.<\/em><br \/>\n<em>Siamo ambiziosi, ma dobbiamo avere la nostra identit\u00e0 con il territorio\u201d.<\/em><\/p>\n<p style=\"text-align: justify\"><strong>Il Title Sponsor?<\/strong><\/p>\n<p style=\"text-align: justify\"><em>\u201cUn motivo d\u2019orgoglio.<\/em><br \/>\n<em>Un azienda che opera prettamente nel Nord D\u2019Italia che sta spingendo una realt\u00e0 come la nostra ci inorgoglisce tantissimo.<\/em><br \/>\n<em>Onore a Myenergy.\u201d<\/em><\/p>\n<p style=\"text-align: justify\"><strong>Novit\u00e0 organizzative?<\/strong><\/p>\n<p style=\"text-align: justify\"><em>\u201cHo tante idee.<\/em><br \/>\n<em>Possiamo creare una societ\u00e0 che non avr\u00e0 nulla da invidiare a nessuno.<\/em><br \/>\n<em>Non mi piace fare annunci e punteremo sulla concretezza<\/em>\u201d.<\/p>\n<p style=\"text-align: justify\"><strong>Il Presidente Lagan\u00e0?<\/strong><\/p>\n<p style=\"text-align: justify\"><em>\u201cLavorare con lui \u00e8 qualcosa di straordinario.<\/em><br \/>\n<em>La sua motivazione e le persone, anzi la famiglia che ho conosciuto, mi hanno spinto ad accettare l\u2019incarico e mettere a disposizione la mia esperienza.<\/em><br \/>\n<em>Voglio dare supporto e voglio lavorare per la citt\u00e0.<\/em><br \/>\n<em>Ce la dobbiamo mettere tutta per raggiungere gli obiettivi.\u201d<\/em><\/p>\n<p style=\"text-align: justify\"><strong>Il basket di oggi?<\/strong><\/p>\n<p style=\"text-align: justify\"><em>\u201cTroppi cambiamenti.<\/em><br \/>\n<em>Quando collaboravo con LNP si poteva programmare, si conosceva l\u2019iter e le categorie da cavalcare per arrivare in alto.\u2028Oggi si parla sempre e solo di riforma.\u2028C\u2019\u00e8 da aspettarsi di tutto\u201d.<\/em><\/p>\n<p style=\"text-align: justify\"><strong>Un\u2019 impressione sul campionato in corso?<\/strong><\/p>\n<p style=\"text-align: justify\"><em>\u201cIl campionato \u00e8 lungo ed ostico.<\/em><br \/>\n<em>Conosco bene il raggruppamento parallelo delle pugliesi e campane.<\/em><br \/>\n<em>Conter\u00e0 chi avr\u00e0 il feeling giusto e la panchina lunga.<\/em><br \/>\n<em>Il sogno pi\u00f9 bello \u00e8 quello di poter condividere al meglio anche sogni futuri con questo gruppo.<\/em><br \/>\n<em>E\u2019 nostro auspicio provare a confermare larga parte del gruppo che sta giocando attualmente.<\/em><br \/>\n<em>Vogliamo evitare che gli atleti siamo a Reggio Calabria solo di passaggio: il farli rimanere qui per pi\u00f9 anni \u00e8 un valore aggiunto e stiamo lavorando per questo.<\/em><br \/>\n<em>Vorremmo il nostro \u201czoccolo duro\u201d di atleti importanti da affiancare a giocatori di valore.<\/em><br \/>\n<em>In Under 19 e 17 ci serve investire per i prossimi anni: da l\u00ec, usciranno i nuovi talenti per la prima squadra.<\/em><br \/>\n<em>Non dimentichiamoci che la nostra squadra, rispetto alle altre ha iniziato un mese dopo: l\u2019amalgama immediata \u00e8 stata,fin\u2019ora l\u2019arma vincente\u201d<\/em><\/p>\n","protected":false},"excerpt":{"rendered":"<p>\u00c8 iniziata una delle settimane pi\u00f9 attese del campionato. Domenica alle ore 18, la Myenergy scender\u00e0 in campo al PalaCalafiore per affrontare la Virtus Ragusa. \u00c8 la sfida tra le&hellip;<\/p>\n","protected":false},"author":12,"featured_media":43238,"comment_status":"closed","ping_status":"open","sticky":false,"template":"","format":"standard","meta":{"_jetpack_memberships_contains_paid_content":false,"footnotes":"","jetpack_publicize_message":"","jetpack_publicize_feature_enabled":true,"jetpack_social_post_already_shared":false,"jetpack_social_options":{"image_generator_settings":{"template":"highway","default_image_id":0,"font":"","enabled":false},"version":2}},"categories":[196,140,144],"tags":[26649,26648,25727,12192,3634],"class_list":["post-43237","post","type-post","status-publish","format-standard","has-post-thumbnail","hentry","category-news","category-reggio-calabria","category-sport","tag-avanti-con-la-programmazione-e-lentusiasmo","tag-gm-mynergy-fortunato-vita","tag-mynergy-viola","tag-palacalafiore-reggio-calabria","tag-virtus-ragusa"],"yoast_head":"<!-- This site is optimized with the Yoast SEO plugin v27.2 - https:\/\/yoast.com\/product\/yoast-seo-wordpress\/ -->\n<title>Mynergy, Gm Vita: \u201dAvanti con programmazione e l&#039;entusiasmo\u201d<\/title>\n<meta name=\"description\" content=\"Domenica alle ore 18, la Myenergy scender\u00e0 in campo al PalaCalafiore contro Virtus Ragusa. Ecco le impressioni del Gm Vita\" \/>\n<meta name=\"robots\" content=\"index, follow, max-snippet:-1, max-image-preview:large, max-video-preview:-1\" \/>\n<link rel=\"canonical\" href=\"https:\/\/progettotouring.it\/radiotouring104\/2024\/01\/24\/mynergy-viola-gm-vita-avanti-con-la-programmazione-e-lentusiasmo\/\" \/>\n<meta property=\"og:locale\" content=\"it_IT\" \/>\n<meta property=\"og:type\" content=\"article\" \/>\n<meta property=\"og:title\" content=\"Mynergy, Gm Vita: \u201dAvanti con programmazione e l&#039;entusiasmo\u201d\" \/>\n<meta property=\"og:description\" content=\"Domenica alle ore 18, la Myenergy scender\u00e0 in campo al PalaCalafiore contro Virtus Ragusa. Ecco le impressioni del Gm Vita\" \/>\n<meta property=\"og:url\" content=\"https:\/\/progettotouring.it\/radiotouring104\/2024\/01\/24\/mynergy-viola-gm-vita-avanti-con-la-programmazione-e-lentusiasmo\/\" \/>\n<meta property=\"og:site_name\" content=\"Radio Touring 104\" \/>\n<meta property=\"article:published_time\" content=\"2024-01-24T08:04:59+00:00\" \/>\n<meta property=\"article:modified_time\" content=\"2024-01-24T08:05:58+00:00\" \/>\n<meta property=\"og:image\" content=\"https:\/\/progettotouring.it\/radiotouring104\/wp-content\/uploads\/sites\/6\/2024\/01\/GM-MYNERGY-FORTUNATO-VITA.jpeg\" \/>\n\t<meta property=\"og:image:width\" content=\"225\" \/>\n\t<meta property=\"og:image:height\" content=\"300\" \/>\n\t<meta property=\"og:image:type\" content=\"image\/jpeg\" \/>\n<meta name=\"author\" content=\"Sebastiano Plutino\" \/>\n<meta name=\"twitter:card\" content=\"summary_large_image\" \/>\n<meta name=\"twitter:label1\" content=\"Scritto da\" \/>\n\t<meta name=\"twitter:data1\" content=\"Sebastiano Plutino\" \/>\n\t<meta name=\"twitter:label2\" content=\"Tempo di lettura stimato\" \/>\n\t<meta name=\"twitter:data2\" content=\"4 minuti\" \/>\n<script type=\"application\/ld+json\" class=\"yoast-schema-graph\">{\"@context\":\"https:\/\/schema.org\",\"@graph\":[{\"@type\":\"Article\",\"@id\":\"https:\/\/progettotouring.it\/radiotouring104\/2024\/01\/24\/mynergy-viola-gm-vita-avanti-con-la-programmazione-e-lentusiasmo\/#article\",\"isPartOf\":{\"@id\":\"https:\/\/progettotouring.it\/radiotouring104\/2024\/01\/24\/mynergy-viola-gm-vita-avanti-con-la-programmazione-e-lentusiasmo\/\"},\"author\":{\"name\":\"Sebastiano Plutino\",\"@id\":\"https:\/\/progettotouring.it\/radiotouring104\/#\/schema\/person\/78613917f1851f041f7483f5af1d422e\"},\"headline\":\"Mynergy Viola, Gm Vita: \u201dAvanti con la programmazione e l\u2019entusiasmo\u201d\",\"datePublished\":\"2024-01-24T08:04:59+00:00\",\"dateModified\":\"2024-01-24T08:05:58+00:00\",\"mainEntityOfPage\":{\"@id\":\"https:\/\/progettotouring.it\/radiotouring104\/2024\/01\/24\/mynergy-viola-gm-vita-avanti-con-la-programmazione-e-lentusiasmo\/\"},\"wordCount\":777,\"publisher\":{\"@id\":\"https:\/\/progettotouring.it\/radiotouring104\/#organization\"},\"image\":{\"@id\":\"https:\/\/progettotouring.it\/radiotouring104\/2024\/01\/24\/mynergy-viola-gm-vita-avanti-con-la-programmazione-e-lentusiasmo\/#primaryimage\"},\"thumbnailUrl\":\"https:\/\/progettotouring.it\/radiotouring104\/wp-content\/uploads\/sites\/6\/2024\/01\/GM-MYNERGY-FORTUNATO-VITA.jpeg\",\"keywords\":[\"Avanti con la programmazione e l\u2019entusiasmo\",\"GM Mynergy Fortunato Vita\",\"Mynergy Viola\",\"Palacalafiore Reggio Calabria\",\"Virtus Ragusa\"],\"articleSection\":[\"News\",\"Reggio Calabria\",\"Sport\"],\"inLanguage\":\"it-IT\"},{\"@type\":\"WebPage\",\"@id\":\"https:\/\/progettotouring.it\/radiotouring104\/2024\/01\/24\/mynergy-viola-gm-vita-avanti-con-la-programmazione-e-lentusiasmo\/\",\"url\":\"https:\/\/progettotouring.it\/radiotouring104\/2024\/01\/24\/mynergy-viola-gm-vita-avanti-con-la-programmazione-e-lentusiasmo\/\",\"name\":\"Mynergy, Gm Vita: \u201dAvanti con programmazione e l'entusiasmo\u201d\",\"isPartOf\":{\"@id\":\"https:\/\/progettotouring.it\/radiotouring104\/#website\"},\"primaryImageOfPage\":{\"@id\":\"https:\/\/progettotouring.it\/radiotouring104\/2024\/01\/24\/mynergy-viola-gm-vita-avanti-con-la-programmazione-e-lentusiasmo\/#primaryimage\"},\"image\":{\"@id\":\"https:\/\/progettotouring.it\/radiotouring104\/2024\/01\/24\/mynergy-viola-gm-vita-avanti-con-la-programmazione-e-lentusiasmo\/#primaryimage\"},\"thumbnailUrl\":\"https:\/\/progettotouring.it\/radiotouring104\/wp-content\/uploads\/sites\/6\/2024\/01\/GM-MYNERGY-FORTUNATO-VITA.jpeg\",\"datePublished\":\"2024-01-24T08:04:59+00:00\",\"dateModified\":\"2024-01-24T08:05:58+00:00\",\"description\":\"Domenica alle ore 18, la Myenergy scender\u00e0 in campo al PalaCalafiore contro Virtus Ragusa. Ecco le impressioni del Gm Vita\",\"breadcrumb\":{\"@id\":\"https:\/\/progettotouring.it\/radiotouring104\/2024\/01\/24\/mynergy-viola-gm-vita-avanti-con-la-programmazione-e-lentusiasmo\/#breadcrumb\"},\"inLanguage\":\"it-IT\",\"potentialAction\":[{\"@type\":\"ReadAction\",\"target\":[\"https:\/\/progettotouring.it\/radiotouring104\/2024\/01\/24\/mynergy-viola-gm-vita-avanti-con-la-programmazione-e-lentusiasmo\/\"]}]},{\"@type\":\"ImageObject\",\"inLanguage\":\"it-IT\",\"@id\":\"https:\/\/progettotouring.it\/radiotouring104\/2024\/01\/24\/mynergy-viola-gm-vita-avanti-con-la-programmazione-e-lentusiasmo\/#primaryimage\",\"url\":\"https:\/\/progettotouring.it\/radiotouring104\/wp-content\/uploads\/sites\/6\/2024\/01\/GM-MYNERGY-FORTUNATO-VITA.jpeg\",\"contentUrl\":\"https:\/\/progettotouring.it\/radiotouring104\/wp-content\/uploads\/sites\/6\/2024\/01\/GM-MYNERGY-FORTUNATO-VITA.jpeg\",\"width\":225,\"height\":300},{\"@type\":\"BreadcrumbList\",\"@id\":\"https:\/\/progettotouring.it\/radiotouring104\/2024\/01\/24\/mynergy-viola-gm-vita-avanti-con-la-programmazione-e-lentusiasmo\/#breadcrumb\",\"itemListElement\":[{\"@type\":\"ListItem\",\"position\":1,\"name\":\"Home\",\"item\":\"https:\/\/progettotouring.it\/radiotouring104\/\"},{\"@type\":\"ListItem\",\"position\":2,\"name\":\"Mynergy Viola, Gm Vita: \u201dAvanti con la programmazione e l\u2019entusiasmo\u201d\"}]},{\"@type\":\"WebSite\",\"@id\":\"https:\/\/progettotouring.it\/radiotouring104\/#website\",\"url\":\"https:\/\/progettotouring.it\/radiotouring104\/\",\"name\":\"Radio Touring 104\",\"description\":\"La prima radio Reggina\",\"publisher\":{\"@id\":\"https:\/\/progettotouring.it\/radiotouring104\/#organization\"},\"potentialAction\":[{\"@type\":\"SearchAction\",\"target\":{\"@type\":\"EntryPoint\",\"urlTemplate\":\"https:\/\/progettotouring.it\/radiotouring104\/?s={search_term_string}\"},\"query-input\":{\"@type\":\"PropertyValueSpecification\",\"valueRequired\":true,\"valueName\":\"search_term_string\"}}],\"inLanguage\":\"it-IT\"},{\"@type\":\"Organization\",\"@id\":\"https:\/\/progettotouring.it\/radiotouring104\/#organization\",\"name\":\"Radio Touring 104\",\"url\":\"https:\/\/progettotouring.it\/radiotouring104\/\",\"logo\":{\"@type\":\"ImageObject\",\"inLanguage\":\"it-IT\",\"@id\":\"https:\/\/progettotouring.it\/radiotouring104\/#\/schema\/logo\/image\/\",\"url\":\"https:\/\/progettotouring.it\/radiotouring104\/wp-content\/uploads\/sites\/6\/2022\/02\/cropped-logo-radio-touring-104.png\",\"contentUrl\":\"https:\/\/progettotouring.it\/radiotouring104\/wp-content\/uploads\/sites\/6\/2022\/02\/cropped-logo-radio-touring-104.png\",\"width\":377,\"height\":182,\"caption\":\"Radio Touring 104\"},\"image\":{\"@id\":\"https:\/\/progettotouring.it\/radiotouring104\/#\/schema\/logo\/image\/\"}},{\"@type\":\"Person\",\"@id\":\"https:\/\/progettotouring.it\/radiotouring104\/#\/schema\/person\/78613917f1851f041f7483f5af1d422e\",\"name\":\"Sebastiano Plutino\",\"image\":{\"@type\":\"ImageObject\",\"inLanguage\":\"it-IT\",\"@id\":\"https:\/\/secure.gravatar.com\/avatar\/0546ffaa9b79224faf9f2a156b67a529ae861d3287c66c1d8ccfdf909bcba78d?s=96&d=mm&r=g\",\"url\":\"https:\/\/secure.gravatar.com\/avatar\/0546ffaa9b79224faf9f2a156b67a529ae861d3287c66c1d8ccfdf909bcba78d?s=96&d=mm&r=g\",\"contentUrl\":\"https:\/\/secure.gravatar.com\/avatar\/0546ffaa9b79224faf9f2a156b67a529ae861d3287c66c1d8ccfdf909bcba78d?s=96&d=mm&r=g\",\"caption\":\"Sebastiano Plutino\"},\"url\":\"https:\/\/progettotouring.it\/radiotouring104\/author\/sebastiano\/\"}]}<\/script>\n<!-- \/ Yoast SEO plugin. -->","yoast_head_json":{"title":"Mynergy, Gm Vita: \u201dAvanti con programmazione e l'entusiasmo\u201d","description":"Domenica alle ore 18, la Myenergy scender\u00e0 in campo al PalaCalafiore contro Virtus Ragusa. Ecco le impressioni del Gm Vita","robots":{"index":"index","follow":"follow","max-snippet":"max-snippet:-1","max-image-preview":"max-image-preview:large","max-video-preview":"max-video-preview:-1"},"canonical":"https:\/\/progettotouring.it\/radiotouring104\/2024\/01\/24\/mynergy-viola-gm-vita-avanti-con-la-programmazione-e-lentusiasmo\/","og_locale":"it_IT","og_type":"article","og_title":"Mynergy, Gm Vita: \u201dAvanti con programmazione e l'entusiasmo\u201d","og_description":"Domenica alle ore 18, la Myenergy scender\u00e0 in campo al PalaCalafiore contro Virtus Ragusa. Ecco le impressioni del Gm Vita","og_url":"https:\/\/progettotouring.it\/radiotouring104\/2024\/01\/24\/mynergy-viola-gm-vita-avanti-con-la-programmazione-e-lentusiasmo\/","og_site_name":"Radio Touring 104","article_published_time":"2024-01-24T08:04:59+00:00","article_modified_time":"2024-01-24T08:05:58+00:00","og_image":[{"width":225,"height":300,"url":"https:\/\/progettotouring.it\/radiotouring104\/wp-content\/uploads\/sites\/6\/2024\/01\/GM-MYNERGY-FORTUNATO-VITA.jpeg","type":"image\/jpeg"}],"author":"Sebastiano Plutino","twitter_card":"summary_large_image","twitter_misc":{"Scritto da":"Sebastiano Plutino","Tempo di lettura stimato":"4 minuti"},"schema":{"@context":"https:\/\/schema.org","@graph":[{"@type":"Article","@id":"https:\/\/progettotouring.it\/radiotouring104\/2024\/01\/24\/mynergy-viola-gm-vita-avanti-con-la-programmazione-e-lentusiasmo\/#article","isPartOf":{"@id":"https:\/\/progettotouring.it\/radiotouring104\/2024\/01\/24\/mynergy-viola-gm-vita-avanti-con-la-programmazione-e-lentusiasmo\/"},"author":{"name":"Sebastiano Plutino","@id":"https:\/\/progettotouring.it\/radiotouring104\/#\/schema\/person\/78613917f1851f041f7483f5af1d422e"},"headline":"Mynergy Viola, Gm Vita: \u201dAvanti con la programmazione e l\u2019entusiasmo\u201d","datePublished":"2024-01-24T08:04:59+00:00","dateModified":"2024-01-24T08:05:58+00:00","mainEntityOfPage":{"@id":"https:\/\/progettotouring.it\/radiotouring104\/2024\/01\/24\/mynergy-viola-gm-vita-avanti-con-la-programmazione-e-lentusiasmo\/"},"wordCount":777,"publisher":{"@id":"https:\/\/progettotouring.it\/radiotouring104\/#organization"},"image":{"@id":"https:\/\/progettotouring.it\/radiotouring104\/2024\/01\/24\/mynergy-viola-gm-vita-avanti-con-la-programmazione-e-lentusiasmo\/#primaryimage"},"thumbnailUrl":"https:\/\/progettotouring.it\/radiotouring104\/wp-content\/uploads\/sites\/6\/2024\/01\/GM-MYNERGY-FORTUNATO-VITA.jpeg","keywords":["Avanti con la programmazione e l\u2019entusiasmo","GM Mynergy Fortunato Vita","Mynergy Viola","Palacalafiore Reggio Calabria","Virtus Ragusa"],"articleSection":["News","Reggio Calabria","Sport"],"inLanguage":"it-IT"},{"@type":"WebPage","@id":"https:\/\/progettotouring.it\/radiotouring104\/2024\/01\/24\/mynergy-viola-gm-vita-avanti-con-la-programmazione-e-lentusiasmo\/","url":"https:\/\/progettotouring.it\/radiotouring104\/2024\/01\/24\/mynergy-viola-gm-vita-avanti-con-la-programmazione-e-lentusiasmo\/","name":"Mynergy, Gm Vita: \u201dAvanti con programmazione e l'entusiasmo\u201d","isPartOf":{"@id":"https:\/\/progettotouring.it\/radiotouring104\/#website"},"primaryImageOfPage":{"@id":"https:\/\/progettotouring.it\/radiotouring104\/2024\/01\/24\/mynergy-viola-gm-vita-avanti-con-la-programmazione-e-lentusiasmo\/#primaryimage"},"image":{"@id":"https:\/\/progettotouring.it\/radiotouring104\/2024\/01\/24\/mynergy-viola-gm-vita-avanti-con-la-programmazione-e-lentusiasmo\/#primaryimage"},"thumbnailUrl":"https:\/\/progettotouring.it\/radiotouring104\/wp-content\/uploads\/sites\/6\/2024\/01\/GM-MYNERGY-FORTUNATO-VITA.jpeg","datePublished":"2024-01-24T08:04:59+00:00","dateModified":"2024-01-24T08:05:58+00:00","description":"Domenica alle ore 18, la Myenergy scender\u00e0 in campo al PalaCalafiore contro Virtus Ragusa. Ecco le impressioni del Gm Vita","breadcrumb":{"@id":"https:\/\/progettotouring.it\/radiotouring104\/2024\/01\/24\/mynergy-viola-gm-vita-avanti-con-la-programmazione-e-lentusiasmo\/#breadcrumb"},"inLanguage":"it-IT","potentialAction":[{"@type":"ReadAction","target":["https:\/\/progettotouring.it\/radiotouring104\/2024\/01\/24\/mynergy-viola-gm-vita-avanti-con-la-programmazione-e-lentusiasmo\/"]}]},{"@type":"ImageObject","inLanguage":"it-IT","@id":"https:\/\/progettotouring.it\/radiotouring104\/2024\/01\/24\/mynergy-viola-gm-vita-avanti-con-la-programmazione-e-lentusiasmo\/#primaryimage","url":"https:\/\/progettotouring.it\/radiotouring104\/wp-content\/uploads\/sites\/6\/2024\/01\/GM-MYNERGY-FORTUNATO-VITA.jpeg","contentUrl":"https:\/\/progettotouring.it\/radiotouring104\/wp-content\/uploads\/sites\/6\/2024\/01\/GM-MYNERGY-FORTUNATO-VITA.jpeg","width":225,"height":300},{"@type":"BreadcrumbList","@id":"https:\/\/progettotouring.it\/radiotouring104\/2024\/01\/24\/mynergy-viola-gm-vita-avanti-con-la-programmazione-e-lentusiasmo\/#breadcrumb","itemListElement":[{"@type":"ListItem","position":1,"name":"Home","item":"https:\/\/progettotouring.it\/radiotouring104\/"},{"@type":"ListItem","position":2,"name":"Mynergy Viola, Gm Vita: \u201dAvanti con la programmazione e l\u2019entusiasmo\u201d"}]},{"@type":"WebSite","@id":"https:\/\/progettotouring.it\/radiotouring104\/#website","url":"https:\/\/progettotouring.it\/radiotouring104\/","name":"Radio Touring 104","description":"La prima radio Reggina","publisher":{"@id":"https:\/\/progettotouring.it\/radiotouring104\/#organization"},"potentialAction":[{"@type":"SearchAction","target":{"@type":"EntryPoint","urlTemplate":"https:\/\/progettotouring.it\/radiotouring104\/?s={search_term_string}"},"query-input":{"@type":"PropertyValueSpecification","valueRequired":true,"valueName":"search_term_string"}}],"inLanguage":"it-IT"},{"@type":"Organization","@id":"https:\/\/progettotouring.it\/radiotouring104\/#organization","name":"Radio Touring 104","url":"https:\/\/progettotouring.it\/radiotouring104\/","logo":{"@type":"ImageObject","inLanguage":"it-IT","@id":"https:\/\/progettotouring.it\/radiotouring104\/#\/schema\/logo\/image\/","url":"https:\/\/progettotouring.it\/radiotouring104\/wp-content\/uploads\/sites\/6\/2022\/02\/cropped-logo-radio-touring-104.png","contentUrl":"https:\/\/progettotouring.it\/radiotouring104\/wp-content\/uploads\/sites\/6\/2022\/02\/cropped-logo-radio-touring-104.png","width":377,"height":182,"caption":"Radio Touring 104"},"image":{"@id":"https:\/\/progettotouring.it\/radiotouring104\/#\/schema\/logo\/image\/"}},{"@type":"Person","@id":"https:\/\/progettotouring.it\/radiotouring104\/#\/schema\/person\/78613917f1851f041f7483f5af1d422e","name":"Sebastiano Plutino","image":{"@type":"ImageObject","inLanguage":"it-IT","@id":"https:\/\/secure.gravatar.com\/avatar\/0546ffaa9b79224faf9f2a156b67a529ae861d3287c66c1d8ccfdf909bcba78d?s=96&d=mm&r=g","url":"https:\/\/secure.gravatar.com\/avatar\/0546ffaa9b79224faf9f2a156b67a529ae861d3287c66c1d8ccfdf909bcba78d?s=96&d=mm&r=g","contentUrl":"https:\/\/secure.gravatar.com\/avatar\/0546ffaa9b79224faf9f2a156b67a529ae861d3287c66c1d8ccfdf909bcba78d?s=96&d=mm&r=g","caption":"Sebastiano Plutino"},"url":"https:\/\/progettotouring.it\/radiotouring104\/author\/sebastiano\/"}]}},"jetpack_publicize_connections":[],"jetpack_featured_media_url":"https:\/\/progettotouring.it\/radiotouring104\/wp-content\/uploads\/sites\/6\/2024\/01\/GM-MYNERGY-FORTUNATO-VITA.jpeg","jetpack_sharing_enabled":true,"_links":{"self":[{"href":"https:\/\/progettotouring.it\/radiotouring104\/wp-json\/wp\/v2\/posts\/43237","targetHints":{"allow":["GET"]}}],"collection":[{"href":"https:\/\/progettotouring.it\/radiotouring104\/wp-json\/wp\/v2\/posts"}],"about":[{"href":"https:\/\/progettotouring.it\/radiotouring104\/wp-json\/wp\/v2\/types\/post"}],"author":[{"embeddable":true,"href":"https:\/\/progettotouring.it\/radiotouring104\/wp-json\/wp\/v2\/users\/12"}],"replies":[{"embeddable":true,"href":"https:\/\/progettotouring.it\/radiotouring104\/wp-json\/wp\/v2\/comments?post=43237"}],"version-history":[{"count":3,"href":"https:\/\/progettotouring.it\/radiotouring104\/wp-json\/wp\/v2\/posts\/43237\/revisions"}],"predecessor-version":[{"id":43241,"href":"https:\/\/progettotouring.it\/radiotouring104\/wp-json\/wp\/v2\/posts\/43237\/revisions\/43241"}],"wp:featuredmedia":[{"embeddable":true,"href":"https:\/\/progettotouring.it\/radiotouring104\/wp-json\/wp\/v2\/media\/43238"}],"wp:attachment":[{"href":"https:\/\/progettotouring.it\/radiotouring104\/wp-json\/wp\/v2\/media?parent=43237"}],"wp:term":[{"taxonomy":"category","embeddable":true,"href":"https:\/\/progettotouring.it\/radiotouring104\/wp-json\/wp\/v2\/categories?post=43237"},{"taxonomy":"post_tag","embeddable":true,"href":"https:\/\/progettotouring.it\/radiotouring104\/wp-json\/wp\/v2\/tags?post=43237"}],"curies":[{"name":"wp","href":"https:\/\/api.w.org\/{rel}","templated":true}]}}