{"id":43246,"date":"2024-01-24T09:26:32","date_gmt":"2024-01-24T08:26:32","guid":{"rendered":"https:\/\/progettotouring.it\/radiotouring104\/?p=43246"},"modified":"2024-01-24T12:54:10","modified_gmt":"2024-01-24T11:54:10","slug":"aeroporto-dello-stretto-ryanair-non-solo-voli-reggio-sara-anche-hub","status":"publish","type":"post","link":"https:\/\/progettotouring.it\/radiotouring104\/2024\/01\/24\/aeroporto-dello-stretto-ryanair-non-solo-voli-reggio-sara-anche-hub\/","title":{"rendered":"Aeroporto dello Stretto, Ryanair: non solo voli, Reggio sar\u00e0 anche hub."},"content":{"rendered":"<p style=\"text-align: justify\"><em>\u201cLa compagnia aerea Ryanair avrebbe nei suoi piani quello di aprire due nuove basi in Italia, tra cui una a Reggio Calabria. Ormai mancano solo i dettagli. Una notizia storica per Reggio e per la Calabria, frutto di una strategia mirata, messa in atto dal Presidente Roberto Occhiuto sin dal suo insediamento alla guida della Regione.\u201d<\/em><\/p>\n<p style=\"text-align: justify\"><strong>A dichiararlo \u00e8 l\u2019Onorevole\u00a0Francesco Cannizzaro,<\/strong> Vice Capogruppo di Forza Italia alla Camera dei Deputati e Coordinatore regionale di Forza Italia.<\/p>\n<p style=\"text-align: justify\"><em>\u201cIl nostro sistema aeroportuale, che rischiava il baratro dopo anni di gestioni opache e senza prospettiva, \u00e8 stato non solo rimesso in sesto in pochi mesi, ma ora si sta anche posizionando tra i pi\u00f9 dinamici del mercato nazionale.\u00a0Il consolidamento dell\u2019aeroporto di Lamezia Terme, la ripartenza di Crotone, unitamente allo straordinario rilancio dello scalo di Reggio \u2013 <\/em><strong>spiega il parlamentare reggino<\/strong><em> &#8211; \u00a0pongono realmente le basi affinch\u00e9 la Calabria possa godere di nuove importanti opportunit\u00e0 sul piano del turismo nazionale e internazionale, oltre a consentire finalmente a tanti calabresi di godere di una nuova mobilit\u00e0 aerea, come mai era accaduto in passato.<\/em><\/p>\n<p style=\"text-align: justify\"><em>Intanto al \u2018Tito Minniti\u2019 sono gi\u00e0 iniziate e andranno avanti speditamente le opere di ammodernamento dell\u2019aerostazione, un salto di qualit\u00e0 che la Citt\u00e0 e tutta la Regione attendevano da tempo. Altro che annunci\u2026 quelli del Presidente Occhiuto sono fatti concreti che faranno fare un balzo in avanti a tutto il nostro territorio.\u201d<\/em><\/p>\n<p>&nbsp;<\/p>\n<p>&nbsp;<\/p>\n<h3><strong>SODDISFATTI I CONSIGLIERI COMUNALI DI CENTRODESTRA:&#8221;REGGIO NUOVA BASE RYANAIR \u00c8 LA RISPOSTA PERFETTA ALLE CHIACCHIERE ED AL DISFATTISMO DELLA SINISTRA&#8221;<\/strong><\/h3>\n<p><em>\u201cSe si concretizzasse l\u2019ipotesi, come tutto lascia supporre, che Ryanair insedi a Reggio Calabria una delle due nuove basi che intende realizzare in Italia, si tratterebbe di una notizia storica non solo per la Citt\u00e0 di Reggio ma per l\u2019intera Calabria. Ed \u00e8, inoltre, la risposta perfetta alle chiacchiere ed al disfattismo della Sinistra.\u201d<\/em><\/p>\n<p>A dirlo sono i rappresentanti di Forza Italia del Gruppo consiliare del Comune di Reggio Calabria, Federico Milia, Antonino Maiolino e Roberto Vizzari, intervenendo sulle ultime notizie che riguardano l\u2019Aeroporto dello Stretto.<\/p>\n<p><em>\u201cGrazie alle azioni messe in atto dal Presidente della Regione Roberto Occhiuto, finalmente sta nascendo un sistema aeroportuale regionale in grado di determinare seriamente quel salto di qualit\u00e0 a un territorio che non ha niente da invidiare al resto del Paese, ma che sul piano infrastrutturale \u00e8 stato seriamente trascurato per decenni. E grazie alle attivit\u00e0 politico-istituzionali portate avanti con grande determinazione in questi anni dal nostro leader, l\u2019On. Francesco Cannizzaro, il rilancio dell\u2019aeroporto di Reggio, che fino a un paio di anni fa sembrava improponibile, rappresenta un fatto ormai a portata di mano. Questo si trasformer\u00e0 presto in un\u2019occasione irripetibile per la crescita economica e turistica della nostra Citt\u00e0 e di conseguenza di tutta l\u2019Area Metropolitana. Dopo anni di aria fritta e disillusioni da parte della Sinistra, tanto a livello cittadino che regionale, oggi con il presidente Occhiuto c\u2019\u00e8 un governo regionale credibile, concreto, che lavora e porta a casa quei risultati che ci consentono di sperare in un futuro pi\u00f9 prospero e dignitoso per tutti i reggini e per tutti i calabresi.\u201d<\/em><\/p>\n<p>&nbsp;<\/p>\n<p><em>\u00a0<\/em><\/p>\n","protected":false},"excerpt":{"rendered":"<p>\u201cLa compagnia aerea Ryanair avrebbe nei suoi piani quello di aprire due nuove basi in Italia, tra cui una a Reggio Calabria. Ormai mancano solo i dettagli. Una notizia storica&hellip;<\/p>\n","protected":false},"author":12,"featured_media":2521,"comment_status":"closed","ping_status":"open","sticky":false,"template":"","format":"standard","meta":{"_jetpack_memberships_contains_paid_content":false,"footnotes":"","jetpack_publicize_message":"","jetpack_publicize_feature_enabled":true,"jetpack_social_post_already_shared":false,"jetpack_social_options":{"image_generator_settings":{"template":"highway","default_image_id":0,"font":"","enabled":false},"version":2}},"categories":[921,196,140],"tags":[2413,26527,18340,26655],"class_list":["post-43246","post","type-post","status-publish","format-standard","has-post-thumbnail","hentry","category-home","category-news","category-reggio-calabria","tag-aeroporto-dello-stretto","tag-cannizzaro-francesco","tag-occhiuto-roberto","tag-reggio-sara-anche-hub"],"yoast_head":"<!-- This site is optimized with the Yoast SEO plugin v27.2 - https:\/\/yoast.com\/product\/yoast-seo-wordpress\/ -->\n<title>Aeroporto Stretto, Ryanair: non solo voli, Reggio sar\u00e0 anche hub.<\/title>\n<meta name=\"description\" content=\"\u201cRisultato storico, grazie ad Occhiuto.\u201d, esulta l&#039;On. Cannizzaro in merito all&#039;ipotesi dell&#039;apertura d&#039;una delle due basi Ryanair a Reggio\" \/>\n<meta name=\"robots\" content=\"index, follow, max-snippet:-1, max-image-preview:large, max-video-preview:-1\" \/>\n<link rel=\"canonical\" href=\"https:\/\/progettotouring.it\/radiotouring104\/2024\/01\/24\/aeroporto-dello-stretto-ryanair-non-solo-voli-reggio-sara-anche-hub\/\" \/>\n<meta property=\"og:locale\" content=\"it_IT\" \/>\n<meta property=\"og:type\" content=\"article\" \/>\n<meta property=\"og:title\" content=\"Aeroporto Stretto, Ryanair: non solo voli, Reggio sar\u00e0 anche hub.\" \/>\n<meta property=\"og:description\" content=\"\u201cRisultato storico, grazie ad Occhiuto.\u201d, esulta l&#039;On. Cannizzaro in merito all&#039;ipotesi dell&#039;apertura d&#039;una delle due basi Ryanair a Reggio\" \/>\n<meta property=\"og:url\" content=\"https:\/\/progettotouring.it\/radiotouring104\/2024\/01\/24\/aeroporto-dello-stretto-ryanair-non-solo-voli-reggio-sara-anche-hub\/\" \/>\n<meta property=\"og:site_name\" content=\"Radio Touring 104\" \/>\n<meta property=\"article:published_time\" content=\"2024-01-24T08:26:32+00:00\" \/>\n<meta property=\"article:modified_time\" content=\"2024-01-24T11:54:10+00:00\" \/>\n<meta property=\"og:image\" content=\"https:\/\/progettotouring.it\/radiotouring104\/wp-content\/uploads\/sites\/6\/2022\/03\/Aeroporto.jpg\" \/>\n\t<meta property=\"og:image:width\" content=\"1920\" \/>\n\t<meta property=\"og:image:height\" content=\"1080\" \/>\n\t<meta property=\"og:image:type\" content=\"image\/jpeg\" \/>\n<meta name=\"author\" content=\"Sebastiano Plutino\" \/>\n<meta name=\"twitter:card\" content=\"summary_large_image\" \/>\n<meta name=\"twitter:label1\" content=\"Scritto da\" \/>\n\t<meta name=\"twitter:data1\" content=\"Sebastiano Plutino\" \/>\n\t<meta name=\"twitter:label2\" content=\"Tempo di lettura stimato\" \/>\n\t<meta name=\"twitter:data2\" content=\"3 minuti\" \/>\n<script type=\"application\/ld+json\" class=\"yoast-schema-graph\">{\"@context\":\"https:\/\/schema.org\",\"@graph\":[{\"@type\":\"Article\",\"@id\":\"https:\/\/progettotouring.it\/radiotouring104\/2024\/01\/24\/aeroporto-dello-stretto-ryanair-non-solo-voli-reggio-sara-anche-hub\/#article\",\"isPartOf\":{\"@id\":\"https:\/\/progettotouring.it\/radiotouring104\/2024\/01\/24\/aeroporto-dello-stretto-ryanair-non-solo-voli-reggio-sara-anche-hub\/\"},\"author\":{\"name\":\"Sebastiano Plutino\",\"@id\":\"https:\/\/progettotouring.it\/radiotouring104\/#\/schema\/person\/78613917f1851f041f7483f5af1d422e\"},\"headline\":\"Aeroporto dello Stretto, Ryanair: non solo voli, Reggio sar\u00e0 anche hub.\",\"datePublished\":\"2024-01-24T08:26:32+00:00\",\"dateModified\":\"2024-01-24T11:54:10+00:00\",\"mainEntityOfPage\":{\"@id\":\"https:\/\/progettotouring.it\/radiotouring104\/2024\/01\/24\/aeroporto-dello-stretto-ryanair-non-solo-voli-reggio-sara-anche-hub\/\"},\"wordCount\":531,\"publisher\":{\"@id\":\"https:\/\/progettotouring.it\/radiotouring104\/#organization\"},\"image\":{\"@id\":\"https:\/\/progettotouring.it\/radiotouring104\/2024\/01\/24\/aeroporto-dello-stretto-ryanair-non-solo-voli-reggio-sara-anche-hub\/#primaryimage\"},\"thumbnailUrl\":\"https:\/\/progettotouring.it\/radiotouring104\/wp-content\/uploads\/sites\/6\/2022\/03\/Aeroporto.jpg\",\"keywords\":[\"Aeroporto dello Stretto\",\"cannizzaro francesco\",\"Occhiuto Roberto\",\"Reggio sar\u00e0 anche hub\"],\"articleSection\":[\"Home\",\"News\",\"Reggio Calabria\"],\"inLanguage\":\"it-IT\"},{\"@type\":\"WebPage\",\"@id\":\"https:\/\/progettotouring.it\/radiotouring104\/2024\/01\/24\/aeroporto-dello-stretto-ryanair-non-solo-voli-reggio-sara-anche-hub\/\",\"url\":\"https:\/\/progettotouring.it\/radiotouring104\/2024\/01\/24\/aeroporto-dello-stretto-ryanair-non-solo-voli-reggio-sara-anche-hub\/\",\"name\":\"Aeroporto Stretto, Ryanair: non solo voli, Reggio sar\u00e0 anche hub.\",\"isPartOf\":{\"@id\":\"https:\/\/progettotouring.it\/radiotouring104\/#website\"},\"primaryImageOfPage\":{\"@id\":\"https:\/\/progettotouring.it\/radiotouring104\/2024\/01\/24\/aeroporto-dello-stretto-ryanair-non-solo-voli-reggio-sara-anche-hub\/#primaryimage\"},\"image\":{\"@id\":\"https:\/\/progettotouring.it\/radiotouring104\/2024\/01\/24\/aeroporto-dello-stretto-ryanair-non-solo-voli-reggio-sara-anche-hub\/#primaryimage\"},\"thumbnailUrl\":\"https:\/\/progettotouring.it\/radiotouring104\/wp-content\/uploads\/sites\/6\/2022\/03\/Aeroporto.jpg\",\"datePublished\":\"2024-01-24T08:26:32+00:00\",\"dateModified\":\"2024-01-24T11:54:10+00:00\",\"description\":\"\u201cRisultato storico, grazie ad Occhiuto.\u201d, esulta l'On. Cannizzaro in merito all'ipotesi dell'apertura d'una delle due basi Ryanair a Reggio\",\"breadcrumb\":{\"@id\":\"https:\/\/progettotouring.it\/radiotouring104\/2024\/01\/24\/aeroporto-dello-stretto-ryanair-non-solo-voli-reggio-sara-anche-hub\/#breadcrumb\"},\"inLanguage\":\"it-IT\",\"potentialAction\":[{\"@type\":\"ReadAction\",\"target\":[\"https:\/\/progettotouring.it\/radiotouring104\/2024\/01\/24\/aeroporto-dello-stretto-ryanair-non-solo-voli-reggio-sara-anche-hub\/\"]}]},{\"@type\":\"ImageObject\",\"inLanguage\":\"it-IT\",\"@id\":\"https:\/\/progettotouring.it\/radiotouring104\/2024\/01\/24\/aeroporto-dello-stretto-ryanair-non-solo-voli-reggio-sara-anche-hub\/#primaryimage\",\"url\":\"https:\/\/progettotouring.it\/radiotouring104\/wp-content\/uploads\/sites\/6\/2022\/03\/Aeroporto.jpg\",\"contentUrl\":\"https:\/\/progettotouring.it\/radiotouring104\/wp-content\/uploads\/sites\/6\/2022\/03\/Aeroporto.jpg\",\"width\":1920,\"height\":1080,\"caption\":\"aeroporto reggio calabria tito minniti\"},{\"@type\":\"BreadcrumbList\",\"@id\":\"https:\/\/progettotouring.it\/radiotouring104\/2024\/01\/24\/aeroporto-dello-stretto-ryanair-non-solo-voli-reggio-sara-anche-hub\/#breadcrumb\",\"itemListElement\":[{\"@type\":\"ListItem\",\"position\":1,\"name\":\"Home\",\"item\":\"https:\/\/progettotouring.it\/radiotouring104\/\"},{\"@type\":\"ListItem\",\"position\":2,\"name\":\"Aeroporto dello Stretto, Ryanair: non solo voli, Reggio sar\u00e0 anche hub.\"}]},{\"@type\":\"WebSite\",\"@id\":\"https:\/\/progettotouring.it\/radiotouring104\/#website\",\"url\":\"https:\/\/progettotouring.it\/radiotouring104\/\",\"name\":\"Radio Touring 104\",\"description\":\"La prima radio Reggina\",\"publisher\":{\"@id\":\"https:\/\/progettotouring.it\/radiotouring104\/#organization\"},\"potentialAction\":[{\"@type\":\"SearchAction\",\"target\":{\"@type\":\"EntryPoint\",\"urlTemplate\":\"https:\/\/progettotouring.it\/radiotouring104\/?s={search_term_string}\"},\"query-input\":{\"@type\":\"PropertyValueSpecification\",\"valueRequired\":true,\"valueName\":\"search_term_string\"}}],\"inLanguage\":\"it-IT\"},{\"@type\":\"Organization\",\"@id\":\"https:\/\/progettotouring.it\/radiotouring104\/#organization\",\"name\":\"Radio Touring 104\",\"url\":\"https:\/\/progettotouring.it\/radiotouring104\/\",\"logo\":{\"@type\":\"ImageObject\",\"inLanguage\":\"it-IT\",\"@id\":\"https:\/\/progettotouring.it\/radiotouring104\/#\/schema\/logo\/image\/\",\"url\":\"https:\/\/progettotouring.it\/radiotouring104\/wp-content\/uploads\/sites\/6\/2022\/02\/cropped-logo-radio-touring-104.png\",\"contentUrl\":\"https:\/\/progettotouring.it\/radiotouring104\/wp-content\/uploads\/sites\/6\/2022\/02\/cropped-logo-radio-touring-104.png\",\"width\":377,\"height\":182,\"caption\":\"Radio Touring 104\"},\"image\":{\"@id\":\"https:\/\/progettotouring.it\/radiotouring104\/#\/schema\/logo\/image\/\"}},{\"@type\":\"Person\",\"@id\":\"https:\/\/progettotouring.it\/radiotouring104\/#\/schema\/person\/78613917f1851f041f7483f5af1d422e\",\"name\":\"Sebastiano Plutino\",\"image\":{\"@type\":\"ImageObject\",\"inLanguage\":\"it-IT\",\"@id\":\"https:\/\/secure.gravatar.com\/avatar\/0546ffaa9b79224faf9f2a156b67a529ae861d3287c66c1d8ccfdf909bcba78d?s=96&d=mm&r=g\",\"url\":\"https:\/\/secure.gravatar.com\/avatar\/0546ffaa9b79224faf9f2a156b67a529ae861d3287c66c1d8ccfdf909bcba78d?s=96&d=mm&r=g\",\"contentUrl\":\"https:\/\/secure.gravatar.com\/avatar\/0546ffaa9b79224faf9f2a156b67a529ae861d3287c66c1d8ccfdf909bcba78d?s=96&d=mm&r=g\",\"caption\":\"Sebastiano Plutino\"},\"url\":\"https:\/\/progettotouring.it\/radiotouring104\/author\/sebastiano\/\"}]}<\/script>\n<!-- \/ Yoast SEO plugin. -->","yoast_head_json":{"title":"Aeroporto Stretto, Ryanair: non solo voli, Reggio sar\u00e0 anche hub.","description":"\u201cRisultato storico, grazie ad Occhiuto.\u201d, esulta l'On. Cannizzaro in merito all'ipotesi dell'apertura d'una delle due basi Ryanair a Reggio","robots":{"index":"index","follow":"follow","max-snippet":"max-snippet:-1","max-image-preview":"max-image-preview:large","max-video-preview":"max-video-preview:-1"},"canonical":"https:\/\/progettotouring.it\/radiotouring104\/2024\/01\/24\/aeroporto-dello-stretto-ryanair-non-solo-voli-reggio-sara-anche-hub\/","og_locale":"it_IT","og_type":"article","og_title":"Aeroporto Stretto, Ryanair: non solo voli, Reggio sar\u00e0 anche hub.","og_description":"\u201cRisultato storico, grazie ad Occhiuto.\u201d, esulta l'On. Cannizzaro in merito all'ipotesi dell'apertura d'una delle due basi Ryanair a Reggio","og_url":"https:\/\/progettotouring.it\/radiotouring104\/2024\/01\/24\/aeroporto-dello-stretto-ryanair-non-solo-voli-reggio-sara-anche-hub\/","og_site_name":"Radio Touring 104","article_published_time":"2024-01-24T08:26:32+00:00","article_modified_time":"2024-01-24T11:54:10+00:00","og_image":[{"width":1920,"height":1080,"url":"https:\/\/progettotouring.it\/radiotouring104\/wp-content\/uploads\/sites\/6\/2022\/03\/Aeroporto.jpg","type":"image\/jpeg"}],"author":"Sebastiano Plutino","twitter_card":"summary_large_image","twitter_misc":{"Scritto da":"Sebastiano Plutino","Tempo di lettura stimato":"3 minuti"},"schema":{"@context":"https:\/\/schema.org","@graph":[{"@type":"Article","@id":"https:\/\/progettotouring.it\/radiotouring104\/2024\/01\/24\/aeroporto-dello-stretto-ryanair-non-solo-voli-reggio-sara-anche-hub\/#article","isPartOf":{"@id":"https:\/\/progettotouring.it\/radiotouring104\/2024\/01\/24\/aeroporto-dello-stretto-ryanair-non-solo-voli-reggio-sara-anche-hub\/"},"author":{"name":"Sebastiano Plutino","@id":"https:\/\/progettotouring.it\/radiotouring104\/#\/schema\/person\/78613917f1851f041f7483f5af1d422e"},"headline":"Aeroporto dello Stretto, Ryanair: non solo voli, Reggio sar\u00e0 anche hub.","datePublished":"2024-01-24T08:26:32+00:00","dateModified":"2024-01-24T11:54:10+00:00","mainEntityOfPage":{"@id":"https:\/\/progettotouring.it\/radiotouring104\/2024\/01\/24\/aeroporto-dello-stretto-ryanair-non-solo-voli-reggio-sara-anche-hub\/"},"wordCount":531,"publisher":{"@id":"https:\/\/progettotouring.it\/radiotouring104\/#organization"},"image":{"@id":"https:\/\/progettotouring.it\/radiotouring104\/2024\/01\/24\/aeroporto-dello-stretto-ryanair-non-solo-voli-reggio-sara-anche-hub\/#primaryimage"},"thumbnailUrl":"https:\/\/progettotouring.it\/radiotouring104\/wp-content\/uploads\/sites\/6\/2022\/03\/Aeroporto.jpg","keywords":["Aeroporto dello Stretto","cannizzaro francesco","Occhiuto Roberto","Reggio sar\u00e0 anche hub"],"articleSection":["Home","News","Reggio Calabria"],"inLanguage":"it-IT"},{"@type":"WebPage","@id":"https:\/\/progettotouring.it\/radiotouring104\/2024\/01\/24\/aeroporto-dello-stretto-ryanair-non-solo-voli-reggio-sara-anche-hub\/","url":"https:\/\/progettotouring.it\/radiotouring104\/2024\/01\/24\/aeroporto-dello-stretto-ryanair-non-solo-voli-reggio-sara-anche-hub\/","name":"Aeroporto Stretto, Ryanair: non solo voli, Reggio sar\u00e0 anche hub.","isPartOf":{"@id":"https:\/\/progettotouring.it\/radiotouring104\/#website"},"primaryImageOfPage":{"@id":"https:\/\/progettotouring.it\/radiotouring104\/2024\/01\/24\/aeroporto-dello-stretto-ryanair-non-solo-voli-reggio-sara-anche-hub\/#primaryimage"},"image":{"@id":"https:\/\/progettotouring.it\/radiotouring104\/2024\/01\/24\/aeroporto-dello-stretto-ryanair-non-solo-voli-reggio-sara-anche-hub\/#primaryimage"},"thumbnailUrl":"https:\/\/progettotouring.it\/radiotouring104\/wp-content\/uploads\/sites\/6\/2022\/03\/Aeroporto.jpg","datePublished":"2024-01-24T08:26:32+00:00","dateModified":"2024-01-24T11:54:10+00:00","description":"\u201cRisultato storico, grazie ad Occhiuto.\u201d, esulta l'On. Cannizzaro in merito all'ipotesi dell'apertura d'una delle due basi Ryanair a Reggio","breadcrumb":{"@id":"https:\/\/progettotouring.it\/radiotouring104\/2024\/01\/24\/aeroporto-dello-stretto-ryanair-non-solo-voli-reggio-sara-anche-hub\/#breadcrumb"},"inLanguage":"it-IT","potentialAction":[{"@type":"ReadAction","target":["https:\/\/progettotouring.it\/radiotouring104\/2024\/01\/24\/aeroporto-dello-stretto-ryanair-non-solo-voli-reggio-sara-anche-hub\/"]}]},{"@type":"ImageObject","inLanguage":"it-IT","@id":"https:\/\/progettotouring.it\/radiotouring104\/2024\/01\/24\/aeroporto-dello-stretto-ryanair-non-solo-voli-reggio-sara-anche-hub\/#primaryimage","url":"https:\/\/progettotouring.it\/radiotouring104\/wp-content\/uploads\/sites\/6\/2022\/03\/Aeroporto.jpg","contentUrl":"https:\/\/progettotouring.it\/radiotouring104\/wp-content\/uploads\/sites\/6\/2022\/03\/Aeroporto.jpg","width":1920,"height":1080,"caption":"aeroporto reggio calabria tito minniti"},{"@type":"BreadcrumbList","@id":"https:\/\/progettotouring.it\/radiotouring104\/2024\/01\/24\/aeroporto-dello-stretto-ryanair-non-solo-voli-reggio-sara-anche-hub\/#breadcrumb","itemListElement":[{"@type":"ListItem","position":1,"name":"Home","item":"https:\/\/progettotouring.it\/radiotouring104\/"},{"@type":"ListItem","position":2,"name":"Aeroporto dello Stretto, Ryanair: non solo voli, Reggio sar\u00e0 anche hub."}]},{"@type":"WebSite","@id":"https:\/\/progettotouring.it\/radiotouring104\/#website","url":"https:\/\/progettotouring.it\/radiotouring104\/","name":"Radio Touring 104","description":"La prima radio Reggina","publisher":{"@id":"https:\/\/progettotouring.it\/radiotouring104\/#organization"},"potentialAction":[{"@type":"SearchAction","target":{"@type":"EntryPoint","urlTemplate":"https:\/\/progettotouring.it\/radiotouring104\/?s={search_term_string}"},"query-input":{"@type":"PropertyValueSpecification","valueRequired":true,"valueName":"search_term_string"}}],"inLanguage":"it-IT"},{"@type":"Organization","@id":"https:\/\/progettotouring.it\/radiotouring104\/#organization","name":"Radio Touring 104","url":"https:\/\/progettotouring.it\/radiotouring104\/","logo":{"@type":"ImageObject","inLanguage":"it-IT","@id":"https:\/\/progettotouring.it\/radiotouring104\/#\/schema\/logo\/image\/","url":"https:\/\/progettotouring.it\/radiotouring104\/wp-content\/uploads\/sites\/6\/2022\/02\/cropped-logo-radio-touring-104.png","contentUrl":"https:\/\/progettotouring.it\/radiotouring104\/wp-content\/uploads\/sites\/6\/2022\/02\/cropped-logo-radio-touring-104.png","width":377,"height":182,"caption":"Radio Touring 104"},"image":{"@id":"https:\/\/progettotouring.it\/radiotouring104\/#\/schema\/logo\/image\/"}},{"@type":"Person","@id":"https:\/\/progettotouring.it\/radiotouring104\/#\/schema\/person\/78613917f1851f041f7483f5af1d422e","name":"Sebastiano Plutino","image":{"@type":"ImageObject","inLanguage":"it-IT","@id":"https:\/\/secure.gravatar.com\/avatar\/0546ffaa9b79224faf9f2a156b67a529ae861d3287c66c1d8ccfdf909bcba78d?s=96&d=mm&r=g","url":"https:\/\/secure.gravatar.com\/avatar\/0546ffaa9b79224faf9f2a156b67a529ae861d3287c66c1d8ccfdf909bcba78d?s=96&d=mm&r=g","contentUrl":"https:\/\/secure.gravatar.com\/avatar\/0546ffaa9b79224faf9f2a156b67a529ae861d3287c66c1d8ccfdf909bcba78d?s=96&d=mm&r=g","caption":"Sebastiano Plutino"},"url":"https:\/\/progettotouring.it\/radiotouring104\/author\/sebastiano\/"}]}},"jetpack_publicize_connections":[],"jetpack_featured_media_url":"https:\/\/progettotouring.it\/radiotouring104\/wp-content\/uploads\/sites\/6\/2022\/03\/Aeroporto.jpg","jetpack_sharing_enabled":true,"_links":{"self":[{"href":"https:\/\/progettotouring.it\/radiotouring104\/wp-json\/wp\/v2\/posts\/43246","targetHints":{"allow":["GET"]}}],"collection":[{"href":"https:\/\/progettotouring.it\/radiotouring104\/wp-json\/wp\/v2\/posts"}],"about":[{"href":"https:\/\/progettotouring.it\/radiotouring104\/wp-json\/wp\/v2\/types\/post"}],"author":[{"embeddable":true,"href":"https:\/\/progettotouring.it\/radiotouring104\/wp-json\/wp\/v2\/users\/12"}],"replies":[{"embeddable":true,"href":"https:\/\/progettotouring.it\/radiotouring104\/wp-json\/wp\/v2\/comments?post=43246"}],"version-history":[{"count":3,"href":"https:\/\/progettotouring.it\/radiotouring104\/wp-json\/wp\/v2\/posts\/43246\/revisions"}],"predecessor-version":[{"id":43298,"href":"https:\/\/progettotouring.it\/radiotouring104\/wp-json\/wp\/v2\/posts\/43246\/revisions\/43298"}],"wp:featuredmedia":[{"embeddable":true,"href":"https:\/\/progettotouring.it\/radiotouring104\/wp-json\/wp\/v2\/media\/2521"}],"wp:attachment":[{"href":"https:\/\/progettotouring.it\/radiotouring104\/wp-json\/wp\/v2\/media?parent=43246"}],"wp:term":[{"taxonomy":"category","embeddable":true,"href":"https:\/\/progettotouring.it\/radiotouring104\/wp-json\/wp\/v2\/categories?post=43246"},{"taxonomy":"post_tag","embeddable":true,"href":"https:\/\/progettotouring.it\/radiotouring104\/wp-json\/wp\/v2\/tags?post=43246"}],"curies":[{"name":"wp","href":"https:\/\/api.w.org\/{rel}","templated":true}]}}