{"id":43262,"date":"2024-01-24T11:17:58","date_gmt":"2024-01-24T10:17:58","guid":{"rendered":"https:\/\/progettotouring.it\/radiotouring104\/?p=43262"},"modified":"2024-01-24T11:18:47","modified_gmt":"2024-01-24T10:18:47","slug":"parco-angelina-cartella-di-gallico-sopralluogo-del-sindaco-su-progetto-riqualificazione-parco-condiviso-con-con-la-cittadinanza","status":"publish","type":"post","link":"https:\/\/progettotouring.it\/radiotouring104\/2024\/01\/24\/parco-angelina-cartella-di-gallico-sopralluogo-del-sindaco-su-progetto-riqualificazione-parco-condiviso-con-con-la-cittadinanza\/","title":{"rendered":"Parco \u201cAngelina Cartella\u201d di Gallico: sopralluogo del Sindaco su progetto riqualificazione Parco condiviso con con la Cittadinanza"},"content":{"rendered":"<p style=\"text-align: justify\"><em>\u00abIl Parco \u201cAngelina Cartella\u201d \u00e8 un altro esempio di riqualificazione degli spazi pubblici che viene condivisa con i cittadini che usufruiscono di quei luoghi. Un metodo che da anni l\u2019Amministrazione comunale porta avanti, attraverso percorsi di dialogo, condivisione, concertazione e co-progettazione\u00bb<\/em>. Lo ha dichiarato il sindaco di Reggio Calabria, <strong>Giuseppe Falcomat\u00e0, nel corso di un sopralluogo condiviso con la cittadinanza all&#8217;interno del parco Angelina Cartella di Gallico.<\/strong><\/p>\n<p style=\"text-align: justify\"><strong>All&#8217;incontro erano presenti anche<\/strong> il vicesindaco <strong>Paolo Brunetti,<\/strong> l\u2019assessore alle Politiche e ai programmi di pianificazione urbana e sostenibile e Rigenerazione urbana<strong> Paolo Malara,<\/strong> il consigliere comunale con delega a Parchi e giardini comunali <strong>Massimo Merenda<\/strong> e il Rup dell&#8217;intervento <strong>Vincenzo Cotronei <\/strong>insieme ai progettisti dell&#8217;opera.<\/p>\n<p style=\"text-align: justify\"><em>\u00abL\u2019Amministrazione comunale sta portando avanti un progetto di rigenerazione urbana in questa area della citt\u00e0<\/em> \u2013 <strong>ha aggiunto il primo Cittadino<\/strong> &#8211; <em>non vogliamo che sia un progetto calato dall\u2019alto, ma che siano i cittadini a condividere le scelte, cos\u00ec da rispettare la naturale vocazione di questo luogo che merita un&#8217;attenzione ed una cura particolare, non solo per la sua storia, ma anche per le sue straordinarie potenzialit\u00e0 di polmone verde. Ed \u00e8 proprio ci\u00f2 che \u00e8 accaduto stamattina, con il confronto con i cittadini di Gallico e con chi, da anni, rende vivo il parco Cartella rispetto a quella che sar\u00e0 l\u2019attivit\u00e0 di rigenerazione\u00bb. \u00abIl progetto<\/em> <strong>&#8211; ha spiegato ancora il Sindaco<\/strong> &#8211; <em>prevede la realizzazione di orti urbani, di spazi ludici ed aree attrezzate. Ci sar\u00e0 la riqualificazione della piazzetta, prevista anche un\u2019area sgambamento per i cani, un\u2019area yoga e uno spazio per lo skate. Insomma tutte le attivit\u00e0 che gi\u00e0 si svolgevano in questo luogo che ora sar\u00e0 rigenerato e riqualificato, con la previsione anche di una nuova area con giostrine per i bimbi e le loro famiglie che quotidianamente abitano e rendono viva questa zona della citt\u00e0\u00bb.<\/em><\/p>\n<p style=\"text-align: justify\"><em>\u00abProseguono gli incontri con la cittadinanza di Gallico<\/em> \u2013<strong> ha poi aggiunto il consigliere Merenda<\/strong> \u2013<em> in particolare al Parco Cartella dove gi\u00e0 in altre occasioni, come delegato del sindaco, ho avuto un confronto positivo con la comunit\u00e0 che si prende cura e che rende vivi questi luoghi. Gli incontri sono finalizzati alla creazione di un progetto che andr\u00e0 a riqualificare il parco per renderlo pi\u00f9 vivibile. L\u2019auspicio \u00e8 quello che siano risolti gli ultimi dettagli e che si possano avviare i lavori affinch\u00e9 questo bellissimo angolo verde di citt\u00e0 sia fruito in maniera completa e corretta<\/em>\u00bb.<\/p>\n<p style=\"text-align: justify\"><em>\u00abVoglio ringraziare la splendida comunit\u00e0 che si prende cura di questo parco &#8211;<\/em><strong> ha affermato poi l\u2019assessore Malara<\/strong> \u2013 <em>oggi abbiamo avviato un percorso di co-progettazione e discussione perci\u00f2 di crescita di un pensiero che riguarda l\u2019intero quartiere e il rapporto tra la comunit\u00e0 che vive questo quartiere e questo luogo. Abbiamo immaginato di mantenerlo aperto come luogo di relazione tra le persone. Un modo per far crescere i rapporti intergenerazionali, per creare un posto in cui anziani e bambini possano vivere la loro quotidianit\u00e0 nella massima serenit\u00e0, un luogo verde e della cultura per immaginare una vita sana e di contenuti\u00bb.<\/em><\/p>\n","protected":false},"excerpt":{"rendered":"<p>\u00abIl Parco \u201cAngelina Cartella\u201d \u00e8 un altro esempio di riqualificazione degli spazi pubblici che viene condivisa con i cittadini che usufruiscono di quei luoghi. Un metodo che da anni l\u2019Amministrazione&hellip;<\/p>\n","protected":false},"author":12,"featured_media":43263,"comment_status":"closed","ping_status":"open","sticky":false,"template":"","format":"standard","meta":{"_jetpack_memberships_contains_paid_content":false,"footnotes":"","jetpack_publicize_message":"","jetpack_publicize_feature_enabled":true,"jetpack_social_post_already_shared":false,"jetpack_social_options":{"image_generator_settings":{"template":"highway","default_image_id":0,"font":"","enabled":false},"version":2}},"categories":[921,196,140],"tags":[22986,4928,812,22960,26665,19950,26664],"class_list":["post-43262","post","type-post","status-publish","format-standard","has-post-thumbnail","hentry","category-home","category-news","category-reggio-calabria","tag-avv-carmelo-versace","tag-csoa-angelina-cartella","tag-giuseppe-falcomata","tag-massimo-merenda","tag-paolo-malara","tag-sindaco-brunetti","tag-sopralluogo-condiviso-con-cittadinanza"],"yoast_head":"<!-- This site is optimized with the Yoast SEO plugin v27.2 - https:\/\/yoast.com\/product\/yoast-seo-wordpress\/ -->\n<title>Csoa Cartella: svolto sopralluogo Comune condiviso con cittadini<\/title>\n<meta name=\"description\" content=\"\u00abUn altro esempio di riqualificazione di spazi pubblici condiviso con i cittadini\u00bb, dichiara Falcomat\u00e0, dopo sopralluogo condiviso\" \/>\n<meta name=\"robots\" content=\"index, follow, max-snippet:-1, max-image-preview:large, max-video-preview:-1\" \/>\n<link rel=\"canonical\" href=\"https:\/\/progettotouring.it\/radiotouring104\/2024\/01\/24\/parco-angelina-cartella-di-gallico-sopralluogo-del-sindaco-su-progetto-riqualificazione-parco-condiviso-con-con-la-cittadinanza\/\" \/>\n<meta property=\"og:locale\" content=\"it_IT\" \/>\n<meta property=\"og:type\" content=\"article\" \/>\n<meta property=\"og:title\" content=\"Csoa Cartella: svolto sopralluogo Comune condiviso con cittadini\" \/>\n<meta property=\"og:description\" content=\"\u00abUn altro esempio di riqualificazione di spazi pubblici condiviso con i cittadini\u00bb, dichiara Falcomat\u00e0, dopo sopralluogo condiviso\" \/>\n<meta property=\"og:url\" content=\"https:\/\/progettotouring.it\/radiotouring104\/2024\/01\/24\/parco-angelina-cartella-di-gallico-sopralluogo-del-sindaco-su-progetto-riqualificazione-parco-condiviso-con-con-la-cittadinanza\/\" \/>\n<meta property=\"og:site_name\" content=\"Radio Touring 104\" \/>\n<meta property=\"article:published_time\" content=\"2024-01-24T10:17:58+00:00\" \/>\n<meta property=\"article:modified_time\" content=\"2024-01-24T10:18:47+00:00\" \/>\n<meta property=\"og:image\" content=\"https:\/\/progettotouring.it\/radiotouring104\/wp-content\/uploads\/sites\/6\/2024\/01\/Csoa-parco-cartella-2.jpeg\" \/>\n\t<meta property=\"og:image:width\" content=\"2000\" \/>\n\t<meta property=\"og:image:height\" content=\"1126\" \/>\n\t<meta property=\"og:image:type\" content=\"image\/jpeg\" \/>\n<meta name=\"author\" content=\"Sebastiano Plutino\" \/>\n<meta name=\"twitter:card\" content=\"summary_large_image\" \/>\n<meta name=\"twitter:label1\" content=\"Scritto da\" \/>\n\t<meta name=\"twitter:data1\" content=\"Sebastiano Plutino\" \/>\n\t<meta name=\"twitter:label2\" content=\"Tempo di lettura stimato\" \/>\n\t<meta name=\"twitter:data2\" content=\"3 minuti\" \/>\n<script type=\"application\/ld+json\" class=\"yoast-schema-graph\">{\"@context\":\"https:\/\/schema.org\",\"@graph\":[{\"@type\":\"Article\",\"@id\":\"https:\/\/progettotouring.it\/radiotouring104\/2024\/01\/24\/parco-angelina-cartella-di-gallico-sopralluogo-del-sindaco-su-progetto-riqualificazione-parco-condiviso-con-con-la-cittadinanza\/#article\",\"isPartOf\":{\"@id\":\"https:\/\/progettotouring.it\/radiotouring104\/2024\/01\/24\/parco-angelina-cartella-di-gallico-sopralluogo-del-sindaco-su-progetto-riqualificazione-parco-condiviso-con-con-la-cittadinanza\/\"},\"author\":{\"name\":\"Sebastiano Plutino\",\"@id\":\"https:\/\/progettotouring.it\/radiotouring104\/#\/schema\/person\/78613917f1851f041f7483f5af1d422e\"},\"headline\":\"Parco \u201cAngelina Cartella\u201d di Gallico: sopralluogo del Sindaco su progetto riqualificazione Parco condiviso con con la Cittadinanza\",\"datePublished\":\"2024-01-24T10:17:58+00:00\",\"dateModified\":\"2024-01-24T10:18:47+00:00\",\"mainEntityOfPage\":{\"@id\":\"https:\/\/progettotouring.it\/radiotouring104\/2024\/01\/24\/parco-angelina-cartella-di-gallico-sopralluogo-del-sindaco-su-progetto-riqualificazione-parco-condiviso-con-con-la-cittadinanza\/\"},\"wordCount\":522,\"publisher\":{\"@id\":\"https:\/\/progettotouring.it\/radiotouring104\/#organization\"},\"image\":{\"@id\":\"https:\/\/progettotouring.it\/radiotouring104\/2024\/01\/24\/parco-angelina-cartella-di-gallico-sopralluogo-del-sindaco-su-progetto-riqualificazione-parco-condiviso-con-con-la-cittadinanza\/#primaryimage\"},\"thumbnailUrl\":\"https:\/\/progettotouring.it\/radiotouring104\/wp-content\/uploads\/sites\/6\/2024\/01\/Csoa-parco-cartella-2.jpeg\",\"keywords\":[\"Avv. Carmelo Versace\",\"CSOA Angelina Cartella\",\"Giuseppe Falcomat\u00e0\",\"massimo merenda\",\"Paolo Malara\",\"Sindaco Brunetti.\",\"sopralluogo condiviso con cittadinanza\"],\"articleSection\":[\"Home\",\"News\",\"Reggio Calabria\"],\"inLanguage\":\"it-IT\"},{\"@type\":\"WebPage\",\"@id\":\"https:\/\/progettotouring.it\/radiotouring104\/2024\/01\/24\/parco-angelina-cartella-di-gallico-sopralluogo-del-sindaco-su-progetto-riqualificazione-parco-condiviso-con-con-la-cittadinanza\/\",\"url\":\"https:\/\/progettotouring.it\/radiotouring104\/2024\/01\/24\/parco-angelina-cartella-di-gallico-sopralluogo-del-sindaco-su-progetto-riqualificazione-parco-condiviso-con-con-la-cittadinanza\/\",\"name\":\"Csoa Cartella: svolto sopralluogo Comune condiviso con cittadini\",\"isPartOf\":{\"@id\":\"https:\/\/progettotouring.it\/radiotouring104\/#website\"},\"primaryImageOfPage\":{\"@id\":\"https:\/\/progettotouring.it\/radiotouring104\/2024\/01\/24\/parco-angelina-cartella-di-gallico-sopralluogo-del-sindaco-su-progetto-riqualificazione-parco-condiviso-con-con-la-cittadinanza\/#primaryimage\"},\"image\":{\"@id\":\"https:\/\/progettotouring.it\/radiotouring104\/2024\/01\/24\/parco-angelina-cartella-di-gallico-sopralluogo-del-sindaco-su-progetto-riqualificazione-parco-condiviso-con-con-la-cittadinanza\/#primaryimage\"},\"thumbnailUrl\":\"https:\/\/progettotouring.it\/radiotouring104\/wp-content\/uploads\/sites\/6\/2024\/01\/Csoa-parco-cartella-2.jpeg\",\"datePublished\":\"2024-01-24T10:17:58+00:00\",\"dateModified\":\"2024-01-24T10:18:47+00:00\",\"description\":\"\u00abUn altro esempio di riqualificazione di spazi pubblici condiviso con i cittadini\u00bb, dichiara Falcomat\u00e0, dopo sopralluogo condiviso\",\"breadcrumb\":{\"@id\":\"https:\/\/progettotouring.it\/radiotouring104\/2024\/01\/24\/parco-angelina-cartella-di-gallico-sopralluogo-del-sindaco-su-progetto-riqualificazione-parco-condiviso-con-con-la-cittadinanza\/#breadcrumb\"},\"inLanguage\":\"it-IT\",\"potentialAction\":[{\"@type\":\"ReadAction\",\"target\":[\"https:\/\/progettotouring.it\/radiotouring104\/2024\/01\/24\/parco-angelina-cartella-di-gallico-sopralluogo-del-sindaco-su-progetto-riqualificazione-parco-condiviso-con-con-la-cittadinanza\/\"]}]},{\"@type\":\"ImageObject\",\"inLanguage\":\"it-IT\",\"@id\":\"https:\/\/progettotouring.it\/radiotouring104\/2024\/01\/24\/parco-angelina-cartella-di-gallico-sopralluogo-del-sindaco-su-progetto-riqualificazione-parco-condiviso-con-con-la-cittadinanza\/#primaryimage\",\"url\":\"https:\/\/progettotouring.it\/radiotouring104\/wp-content\/uploads\/sites\/6\/2024\/01\/Csoa-parco-cartella-2.jpeg\",\"contentUrl\":\"https:\/\/progettotouring.it\/radiotouring104\/wp-content\/uploads\/sites\/6\/2024\/01\/Csoa-parco-cartella-2.jpeg\",\"width\":2000,\"height\":1126},{\"@type\":\"BreadcrumbList\",\"@id\":\"https:\/\/progettotouring.it\/radiotouring104\/2024\/01\/24\/parco-angelina-cartella-di-gallico-sopralluogo-del-sindaco-su-progetto-riqualificazione-parco-condiviso-con-con-la-cittadinanza\/#breadcrumb\",\"itemListElement\":[{\"@type\":\"ListItem\",\"position\":1,\"name\":\"Home\",\"item\":\"https:\/\/progettotouring.it\/radiotouring104\/\"},{\"@type\":\"ListItem\",\"position\":2,\"name\":\"Parco \u201cAngelina Cartella\u201d di Gallico: sopralluogo del Sindaco su progetto riqualificazione Parco condiviso con con la Cittadinanza\"}]},{\"@type\":\"WebSite\",\"@id\":\"https:\/\/progettotouring.it\/radiotouring104\/#website\",\"url\":\"https:\/\/progettotouring.it\/radiotouring104\/\",\"name\":\"Radio Touring 104\",\"description\":\"La prima radio Reggina\",\"publisher\":{\"@id\":\"https:\/\/progettotouring.it\/radiotouring104\/#organization\"},\"potentialAction\":[{\"@type\":\"SearchAction\",\"target\":{\"@type\":\"EntryPoint\",\"urlTemplate\":\"https:\/\/progettotouring.it\/radiotouring104\/?s={search_term_string}\"},\"query-input\":{\"@type\":\"PropertyValueSpecification\",\"valueRequired\":true,\"valueName\":\"search_term_string\"}}],\"inLanguage\":\"it-IT\"},{\"@type\":\"Organization\",\"@id\":\"https:\/\/progettotouring.it\/radiotouring104\/#organization\",\"name\":\"Radio Touring 104\",\"url\":\"https:\/\/progettotouring.it\/radiotouring104\/\",\"logo\":{\"@type\":\"ImageObject\",\"inLanguage\":\"it-IT\",\"@id\":\"https:\/\/progettotouring.it\/radiotouring104\/#\/schema\/logo\/image\/\",\"url\":\"https:\/\/progettotouring.it\/radiotouring104\/wp-content\/uploads\/sites\/6\/2022\/02\/cropped-logo-radio-touring-104.png\",\"contentUrl\":\"https:\/\/progettotouring.it\/radiotouring104\/wp-content\/uploads\/sites\/6\/2022\/02\/cropped-logo-radio-touring-104.png\",\"width\":377,\"height\":182,\"caption\":\"Radio Touring 104\"},\"image\":{\"@id\":\"https:\/\/progettotouring.it\/radiotouring104\/#\/schema\/logo\/image\/\"}},{\"@type\":\"Person\",\"@id\":\"https:\/\/progettotouring.it\/radiotouring104\/#\/schema\/person\/78613917f1851f041f7483f5af1d422e\",\"name\":\"Sebastiano Plutino\",\"image\":{\"@type\":\"ImageObject\",\"inLanguage\":\"it-IT\",\"@id\":\"https:\/\/secure.gravatar.com\/avatar\/0546ffaa9b79224faf9f2a156b67a529ae861d3287c66c1d8ccfdf909bcba78d?s=96&d=mm&r=g\",\"url\":\"https:\/\/secure.gravatar.com\/avatar\/0546ffaa9b79224faf9f2a156b67a529ae861d3287c66c1d8ccfdf909bcba78d?s=96&d=mm&r=g\",\"contentUrl\":\"https:\/\/secure.gravatar.com\/avatar\/0546ffaa9b79224faf9f2a156b67a529ae861d3287c66c1d8ccfdf909bcba78d?s=96&d=mm&r=g\",\"caption\":\"Sebastiano Plutino\"},\"url\":\"https:\/\/progettotouring.it\/radiotouring104\/author\/sebastiano\/\"}]}<\/script>\n<!-- \/ Yoast SEO plugin. -->","yoast_head_json":{"title":"Csoa Cartella: svolto sopralluogo Comune condiviso con cittadini","description":"\u00abUn altro esempio di riqualificazione di spazi pubblici condiviso con i cittadini\u00bb, dichiara Falcomat\u00e0, dopo sopralluogo condiviso","robots":{"index":"index","follow":"follow","max-snippet":"max-snippet:-1","max-image-preview":"max-image-preview:large","max-video-preview":"max-video-preview:-1"},"canonical":"https:\/\/progettotouring.it\/radiotouring104\/2024\/01\/24\/parco-angelina-cartella-di-gallico-sopralluogo-del-sindaco-su-progetto-riqualificazione-parco-condiviso-con-con-la-cittadinanza\/","og_locale":"it_IT","og_type":"article","og_title":"Csoa Cartella: svolto sopralluogo Comune condiviso con cittadini","og_description":"\u00abUn altro esempio di riqualificazione di spazi pubblici condiviso con i cittadini\u00bb, dichiara Falcomat\u00e0, dopo sopralluogo condiviso","og_url":"https:\/\/progettotouring.it\/radiotouring104\/2024\/01\/24\/parco-angelina-cartella-di-gallico-sopralluogo-del-sindaco-su-progetto-riqualificazione-parco-condiviso-con-con-la-cittadinanza\/","og_site_name":"Radio Touring 104","article_published_time":"2024-01-24T10:17:58+00:00","article_modified_time":"2024-01-24T10:18:47+00:00","og_image":[{"width":2000,"height":1126,"url":"https:\/\/progettotouring.it\/radiotouring104\/wp-content\/uploads\/sites\/6\/2024\/01\/Csoa-parco-cartella-2.jpeg","type":"image\/jpeg"}],"author":"Sebastiano Plutino","twitter_card":"summary_large_image","twitter_misc":{"Scritto da":"Sebastiano Plutino","Tempo di lettura stimato":"3 minuti"},"schema":{"@context":"https:\/\/schema.org","@graph":[{"@type":"Article","@id":"https:\/\/progettotouring.it\/radiotouring104\/2024\/01\/24\/parco-angelina-cartella-di-gallico-sopralluogo-del-sindaco-su-progetto-riqualificazione-parco-condiviso-con-con-la-cittadinanza\/#article","isPartOf":{"@id":"https:\/\/progettotouring.it\/radiotouring104\/2024\/01\/24\/parco-angelina-cartella-di-gallico-sopralluogo-del-sindaco-su-progetto-riqualificazione-parco-condiviso-con-con-la-cittadinanza\/"},"author":{"name":"Sebastiano Plutino","@id":"https:\/\/progettotouring.it\/radiotouring104\/#\/schema\/person\/78613917f1851f041f7483f5af1d422e"},"headline":"Parco \u201cAngelina Cartella\u201d di Gallico: sopralluogo del Sindaco su progetto riqualificazione Parco condiviso con con la Cittadinanza","datePublished":"2024-01-24T10:17:58+00:00","dateModified":"2024-01-24T10:18:47+00:00","mainEntityOfPage":{"@id":"https:\/\/progettotouring.it\/radiotouring104\/2024\/01\/24\/parco-angelina-cartella-di-gallico-sopralluogo-del-sindaco-su-progetto-riqualificazione-parco-condiviso-con-con-la-cittadinanza\/"},"wordCount":522,"publisher":{"@id":"https:\/\/progettotouring.it\/radiotouring104\/#organization"},"image":{"@id":"https:\/\/progettotouring.it\/radiotouring104\/2024\/01\/24\/parco-angelina-cartella-di-gallico-sopralluogo-del-sindaco-su-progetto-riqualificazione-parco-condiviso-con-con-la-cittadinanza\/#primaryimage"},"thumbnailUrl":"https:\/\/progettotouring.it\/radiotouring104\/wp-content\/uploads\/sites\/6\/2024\/01\/Csoa-parco-cartella-2.jpeg","keywords":["Avv. Carmelo Versace","CSOA Angelina Cartella","Giuseppe Falcomat\u00e0","massimo merenda","Paolo Malara","Sindaco Brunetti.","sopralluogo condiviso con cittadinanza"],"articleSection":["Home","News","Reggio Calabria"],"inLanguage":"it-IT"},{"@type":"WebPage","@id":"https:\/\/progettotouring.it\/radiotouring104\/2024\/01\/24\/parco-angelina-cartella-di-gallico-sopralluogo-del-sindaco-su-progetto-riqualificazione-parco-condiviso-con-con-la-cittadinanza\/","url":"https:\/\/progettotouring.it\/radiotouring104\/2024\/01\/24\/parco-angelina-cartella-di-gallico-sopralluogo-del-sindaco-su-progetto-riqualificazione-parco-condiviso-con-con-la-cittadinanza\/","name":"Csoa Cartella: svolto sopralluogo Comune condiviso con cittadini","isPartOf":{"@id":"https:\/\/progettotouring.it\/radiotouring104\/#website"},"primaryImageOfPage":{"@id":"https:\/\/progettotouring.it\/radiotouring104\/2024\/01\/24\/parco-angelina-cartella-di-gallico-sopralluogo-del-sindaco-su-progetto-riqualificazione-parco-condiviso-con-con-la-cittadinanza\/#primaryimage"},"image":{"@id":"https:\/\/progettotouring.it\/radiotouring104\/2024\/01\/24\/parco-angelina-cartella-di-gallico-sopralluogo-del-sindaco-su-progetto-riqualificazione-parco-condiviso-con-con-la-cittadinanza\/#primaryimage"},"thumbnailUrl":"https:\/\/progettotouring.it\/radiotouring104\/wp-content\/uploads\/sites\/6\/2024\/01\/Csoa-parco-cartella-2.jpeg","datePublished":"2024-01-24T10:17:58+00:00","dateModified":"2024-01-24T10:18:47+00:00","description":"\u00abUn altro esempio di riqualificazione di spazi pubblici condiviso con i cittadini\u00bb, dichiara Falcomat\u00e0, dopo sopralluogo condiviso","breadcrumb":{"@id":"https:\/\/progettotouring.it\/radiotouring104\/2024\/01\/24\/parco-angelina-cartella-di-gallico-sopralluogo-del-sindaco-su-progetto-riqualificazione-parco-condiviso-con-con-la-cittadinanza\/#breadcrumb"},"inLanguage":"it-IT","potentialAction":[{"@type":"ReadAction","target":["https:\/\/progettotouring.it\/radiotouring104\/2024\/01\/24\/parco-angelina-cartella-di-gallico-sopralluogo-del-sindaco-su-progetto-riqualificazione-parco-condiviso-con-con-la-cittadinanza\/"]}]},{"@type":"ImageObject","inLanguage":"it-IT","@id":"https:\/\/progettotouring.it\/radiotouring104\/2024\/01\/24\/parco-angelina-cartella-di-gallico-sopralluogo-del-sindaco-su-progetto-riqualificazione-parco-condiviso-con-con-la-cittadinanza\/#primaryimage","url":"https:\/\/progettotouring.it\/radiotouring104\/wp-content\/uploads\/sites\/6\/2024\/01\/Csoa-parco-cartella-2.jpeg","contentUrl":"https:\/\/progettotouring.it\/radiotouring104\/wp-content\/uploads\/sites\/6\/2024\/01\/Csoa-parco-cartella-2.jpeg","width":2000,"height":1126},{"@type":"BreadcrumbList","@id":"https:\/\/progettotouring.it\/radiotouring104\/2024\/01\/24\/parco-angelina-cartella-di-gallico-sopralluogo-del-sindaco-su-progetto-riqualificazione-parco-condiviso-con-con-la-cittadinanza\/#breadcrumb","itemListElement":[{"@type":"ListItem","position":1,"name":"Home","item":"https:\/\/progettotouring.it\/radiotouring104\/"},{"@type":"ListItem","position":2,"name":"Parco \u201cAngelina Cartella\u201d di Gallico: sopralluogo del Sindaco su progetto riqualificazione Parco condiviso con con la Cittadinanza"}]},{"@type":"WebSite","@id":"https:\/\/progettotouring.it\/radiotouring104\/#website","url":"https:\/\/progettotouring.it\/radiotouring104\/","name":"Radio Touring 104","description":"La prima radio Reggina","publisher":{"@id":"https:\/\/progettotouring.it\/radiotouring104\/#organization"},"potentialAction":[{"@type":"SearchAction","target":{"@type":"EntryPoint","urlTemplate":"https:\/\/progettotouring.it\/radiotouring104\/?s={search_term_string}"},"query-input":{"@type":"PropertyValueSpecification","valueRequired":true,"valueName":"search_term_string"}}],"inLanguage":"it-IT"},{"@type":"Organization","@id":"https:\/\/progettotouring.it\/radiotouring104\/#organization","name":"Radio Touring 104","url":"https:\/\/progettotouring.it\/radiotouring104\/","logo":{"@type":"ImageObject","inLanguage":"it-IT","@id":"https:\/\/progettotouring.it\/radiotouring104\/#\/schema\/logo\/image\/","url":"https:\/\/progettotouring.it\/radiotouring104\/wp-content\/uploads\/sites\/6\/2022\/02\/cropped-logo-radio-touring-104.png","contentUrl":"https:\/\/progettotouring.it\/radiotouring104\/wp-content\/uploads\/sites\/6\/2022\/02\/cropped-logo-radio-touring-104.png","width":377,"height":182,"caption":"Radio Touring 104"},"image":{"@id":"https:\/\/progettotouring.it\/radiotouring104\/#\/schema\/logo\/image\/"}},{"@type":"Person","@id":"https:\/\/progettotouring.it\/radiotouring104\/#\/schema\/person\/78613917f1851f041f7483f5af1d422e","name":"Sebastiano Plutino","image":{"@type":"ImageObject","inLanguage":"it-IT","@id":"https:\/\/secure.gravatar.com\/avatar\/0546ffaa9b79224faf9f2a156b67a529ae861d3287c66c1d8ccfdf909bcba78d?s=96&d=mm&r=g","url":"https:\/\/secure.gravatar.com\/avatar\/0546ffaa9b79224faf9f2a156b67a529ae861d3287c66c1d8ccfdf909bcba78d?s=96&d=mm&r=g","contentUrl":"https:\/\/secure.gravatar.com\/avatar\/0546ffaa9b79224faf9f2a156b67a529ae861d3287c66c1d8ccfdf909bcba78d?s=96&d=mm&r=g","caption":"Sebastiano Plutino"},"url":"https:\/\/progettotouring.it\/radiotouring104\/author\/sebastiano\/"}]}},"jetpack_publicize_connections":[],"jetpack_featured_media_url":"https:\/\/progettotouring.it\/radiotouring104\/wp-content\/uploads\/sites\/6\/2024\/01\/Csoa-parco-cartella-2.jpeg","jetpack_sharing_enabled":true,"_links":{"self":[{"href":"https:\/\/progettotouring.it\/radiotouring104\/wp-json\/wp\/v2\/posts\/43262","targetHints":{"allow":["GET"]}}],"collection":[{"href":"https:\/\/progettotouring.it\/radiotouring104\/wp-json\/wp\/v2\/posts"}],"about":[{"href":"https:\/\/progettotouring.it\/radiotouring104\/wp-json\/wp\/v2\/types\/post"}],"author":[{"embeddable":true,"href":"https:\/\/progettotouring.it\/radiotouring104\/wp-json\/wp\/v2\/users\/12"}],"replies":[{"embeddable":true,"href":"https:\/\/progettotouring.it\/radiotouring104\/wp-json\/wp\/v2\/comments?post=43262"}],"version-history":[{"count":3,"href":"https:\/\/progettotouring.it\/radiotouring104\/wp-json\/wp\/v2\/posts\/43262\/revisions"}],"predecessor-version":[{"id":43266,"href":"https:\/\/progettotouring.it\/radiotouring104\/wp-json\/wp\/v2\/posts\/43262\/revisions\/43266"}],"wp:featuredmedia":[{"embeddable":true,"href":"https:\/\/progettotouring.it\/radiotouring104\/wp-json\/wp\/v2\/media\/43263"}],"wp:attachment":[{"href":"https:\/\/progettotouring.it\/radiotouring104\/wp-json\/wp\/v2\/media?parent=43262"}],"wp:term":[{"taxonomy":"category","embeddable":true,"href":"https:\/\/progettotouring.it\/radiotouring104\/wp-json\/wp\/v2\/categories?post=43262"},{"taxonomy":"post_tag","embeddable":true,"href":"https:\/\/progettotouring.it\/radiotouring104\/wp-json\/wp\/v2\/tags?post=43262"}],"curies":[{"name":"wp","href":"https:\/\/api.w.org\/{rel}","templated":true}]}}