{"id":43267,"date":"2024-01-24T11:29:16","date_gmt":"2024-01-24T10:29:16","guid":{"rendered":"https:\/\/progettotouring.it\/radiotouring104\/?p=43267"},"modified":"2024-01-24T11:29:16","modified_gmt":"2024-01-24T10:29:16","slug":"anassilaos-incontro-la-sicilia-e-il-mediterraneo-tra-iv-e-iii-secolo-a-c-le-fonti-storiche","status":"publish","type":"post","link":"https:\/\/progettotouring.it\/radiotouring104\/2024\/01\/24\/anassilaos-incontro-la-sicilia-e-il-mediterraneo-tra-iv-e-iii-secolo-a-c-le-fonti-storiche\/","title":{"rendered":"Anassilaos: incontro \u201cLa Sicilia e il Mediterraneo tra IV e III secolo a.C: le fonti storiche\u201d."},"content":{"rendered":"<p style=\"text-align: justify\">Sar\u00e0 dedicato alla storia della Sicilia e della Magna Grecia il quinto approfondimento sulla storia antica promosso dall\u2019Associazione Culturale Anassilaos, congiuntamente con la Biblioteca \u201cPietro De Nava\u201d, e patrocinato dal Comune di Reggio Calabria, che si terr\u00e0 <strong><em>gioved\u00ec 25 gennaio con inizio alle ore 16,45 presso la Sala Giuffr\u00e8 della Villetta De Nava <\/em><\/strong>nell\u2019ambito della mostra libraria e filatelica \u201cCivilt\u00e0 del Mediterraneo\/per servire alla Pace\u201d tuttora in corso presso la Villetta De Nava. Tema della conversazione del Prof.ssa Elena Santagati, Associato di Storia Greca\u00a0 presso il Dipartimento di Civilt\u00e0 antiche e moderne dell\u2019Universit\u00e0 di Messina, \u201c<strong><em>La Sicilia e il Mediterraneo tra IV e III secolo a.C: le fonti storiche<\/em><\/strong>\u201d. Dopo la morte di Timoleonte, Siracusa e, pi\u00f9 in generale, la Sicilia greca erano ripiombate in un periodo di profonda instabilit\u00e0 e incertezza che aveva creato, ancora una volta, le condizioni propizie per l\u2019affermazione di una nuova tirannide. Il potere fu assunto, nel 317 a.C., a seguito di un colpo di stato, da Agatocle. <em>N<\/em>ato nel 361 a.C.\u00a0 (o nel 359),\u00a0 da un esule reggino, Carcino, che a Siracusa aveva trovato ospitalit\u00e0 aprendo una fabbrica di vasellame (la ceramica reggina \u201ccalcidese\u201d era rinomata in tutto il Mediterraneo), donde il dispregiativo \u201cvasaio\u201d degli\u00a0 storici aristocratici, fu tiranno di Siracusa e re di Sicilia (\u201cBasileus\u201d, un titolo assunto nel 304 a.C,) che egli riusc\u00ec, per un breve periodo, ad unificare sotto il suo scettro conquistando le citt\u00e0 sicule, scacciando i Cartaginesi dall\u2019Isola portando la guerra persino in Africa. Nel 299 a.C. pass\u00f2 lo Stretto e giunse a Reggio per portare aiuto ai greci di Calabria minacciati dai Bruzi e dai Lucani. Nonostante la spietatezza nel perseguire i\u00a0 propri obiettivi politici e militari ebbe un certo seguito tra il popolo minuto a Siracusa come nel resto della Sicilia. Egli infatti si appoggi\u00f2 sempre alle classi pi\u00f9 umili contro l\u2019aristocrazia. La sua abilit\u00e0 non dispiacque agli storici antichi anche se la sua crudelt\u00e0 sembr\u00f2 ad essi eccessiva. \u00a0Agatocle inser\u00ec la Sicilia nella rete della politica internazionale, annodando rapporti con altri sovrani ellenistici quali Tolemeo d\u2019Egitto, Demetrio di Macedonia e Pirro. Nel giro di pochi anni con la forza delle armi cre\u00f2 un potente Stato, consolidato con misure ora feroci ora magnanime e pilotato con un\u2019abile politica diplomatica, che \u00a0comprendeva la Sicilia, la Magna Grecia e l\u2019area adriatica. Agatocle mor\u00ec nel 289 a.C., forse in territorio reggino (Catona?) e nell\u2019arco di soli dieci anni la potenza di Siracusa si dissolse \u00a0e la citt\u00e0 \u00a0sub\u00ec l\u2019onta e la durezza dell\u2019assedio cartaginese, senza potere contare sull\u2019aiuto delle altre poleis che, divise da interessi particolari, erano appena in grado di difendersi dall\u2019incombente pericolo mamertino. Di fronte a un tale pericolo, i Greci si rivolsero per aiuti a Pirro, re d\u2019Epiro, gi\u00e0 genero di Agatocle per averne sposato la figlia Lanassa. \u00a0In occasione dell\u2019incontro sar\u00e0 esposta al pubblico l\u2019opera pi\u00f9 celebre del nostro Giuseppe Morisani, \u00a0le \u201c<strong>Inscriptiones Reginae dissertationibus inlustrate<\/strong>\u201d o <strong>\u201cMarmora regina dissertationibus inlustrata\u201d<\/strong> pubblicata a Napoli nel 1770.\u00a0 L\u2019opera, \u00a0dedicata all\u2019Arcivescovo Piccolomini non pi\u00f9 a Reggio, contiene 10 dissertazioni su 10 iscrizioni reggine e due appendici su altri due marmi\u00a0 nelle quali, illustrando le epigrafi greche e latine, espone tutta la storia di Reggio.Condurr\u00e0 il Prof. Amos Martino, Responsabile Anassilaos.<\/p>\n<p>&nbsp;<\/p>\n<p>&nbsp;<\/p>\n<p>&nbsp;<\/p>\n","protected":false},"excerpt":{"rendered":"<p>Sar\u00e0 dedicato alla storia della Sicilia e della Magna Grecia il quinto approfondimento sulla storia antica promosso dall\u2019Associazione Culturale Anassilaos, congiuntamente con la Biblioteca \u201cPietro De Nava\u201d, e patrocinato dal&hellip;<\/p>\n","protected":false},"author":12,"featured_media":43268,"comment_status":"closed","ping_status":"open","sticky":false,"template":"","format":"standard","meta":{"_jetpack_memberships_contains_paid_content":false,"footnotes":"","jetpack_publicize_message":"","jetpack_publicize_feature_enabled":true,"jetpack_social_post_already_shared":false,"jetpack_social_options":{"image_generator_settings":{"template":"highway","default_image_id":0,"font":"","enabled":false},"version":2}},"categories":[921,196,140],"tags":[26667,1766,4624,17143,26666],"class_list":["post-43267","post","type-post","status-publish","format-standard","has-post-thumbnail","hentry","category-home","category-news","category-reggio-calabria","tag-sicilia-e-mediterraneo-tra-iv-e-iii-sec-a-c","tag-associazione-culturale-anassilaos","tag-biblioteca-pietro-de-nava","tag-giuffre-della-villetta-de-nava","tag-prof-ssa-elena-santagati"],"yoast_head":"<!-- This site is optimized with the Yoast SEO plugin v27.2 - https:\/\/yoast.com\/product\/yoast-seo-wordpress\/ -->\n<title>Anassilaos: incontro su &quot;Sicilia e Mediterraneo tra IV e III sec. A.C &quot;<\/title>\n<meta name=\"description\" content=\"L&#039;incontro dell&#039;Anassilaos si terr\u00e0 domani con inizio alle ore 16,45 presso la Sala Giuffr\u00e8 della Villetta De Nava\" \/>\n<meta name=\"robots\" content=\"index, follow, max-snippet:-1, max-image-preview:large, max-video-preview:-1\" \/>\n<link rel=\"canonical\" href=\"https:\/\/progettotouring.it\/radiotouring104\/2024\/01\/24\/anassilaos-incontro-la-sicilia-e-il-mediterraneo-tra-iv-e-iii-secolo-a-c-le-fonti-storiche\/\" \/>\n<meta property=\"og:locale\" content=\"it_IT\" \/>\n<meta property=\"og:type\" content=\"article\" \/>\n<meta property=\"og:title\" content=\"Anassilaos: incontro su &quot;Sicilia e Mediterraneo tra IV e III sec. A.C &quot;\" \/>\n<meta property=\"og:description\" content=\"L&#039;incontro dell&#039;Anassilaos si terr\u00e0 domani con inizio alle ore 16,45 presso la Sala Giuffr\u00e8 della Villetta De Nava\" \/>\n<meta property=\"og:url\" content=\"https:\/\/progettotouring.it\/radiotouring104\/2024\/01\/24\/anassilaos-incontro-la-sicilia-e-il-mediterraneo-tra-iv-e-iii-secolo-a-c-le-fonti-storiche\/\" \/>\n<meta property=\"og:site_name\" content=\"Radio Touring 104\" \/>\n<meta property=\"article:published_time\" content=\"2024-01-24T10:29:16+00:00\" \/>\n<meta property=\"og:image\" content=\"https:\/\/progettotouring.it\/radiotouring104\/wp-content\/uploads\/sites\/6\/2024\/01\/INCONTRO-25-GENNAIO-ANASSILAOS.jpg\" \/>\n\t<meta property=\"og:image:width\" content=\"1754\" \/>\n\t<meta property=\"og:image:height\" content=\"2480\" \/>\n\t<meta property=\"og:image:type\" content=\"image\/jpeg\" \/>\n<meta name=\"author\" content=\"Sebastiano Plutino\" \/>\n<meta name=\"twitter:card\" content=\"summary_large_image\" \/>\n<meta name=\"twitter:label1\" content=\"Scritto da\" \/>\n\t<meta name=\"twitter:data1\" content=\"Sebastiano Plutino\" \/>\n\t<meta name=\"twitter:label2\" content=\"Tempo di lettura stimato\" \/>\n\t<meta name=\"twitter:data2\" content=\"3 minuti\" \/>\n<script type=\"application\/ld+json\" class=\"yoast-schema-graph\">{\"@context\":\"https:\/\/schema.org\",\"@graph\":[{\"@type\":\"Article\",\"@id\":\"https:\/\/progettotouring.it\/radiotouring104\/2024\/01\/24\/anassilaos-incontro-la-sicilia-e-il-mediterraneo-tra-iv-e-iii-secolo-a-c-le-fonti-storiche\/#article\",\"isPartOf\":{\"@id\":\"https:\/\/progettotouring.it\/radiotouring104\/2024\/01\/24\/anassilaos-incontro-la-sicilia-e-il-mediterraneo-tra-iv-e-iii-secolo-a-c-le-fonti-storiche\/\"},\"author\":{\"name\":\"Sebastiano Plutino\",\"@id\":\"https:\/\/progettotouring.it\/radiotouring104\/#\/schema\/person\/78613917f1851f041f7483f5af1d422e\"},\"headline\":\"Anassilaos: incontro \u201cLa Sicilia e il Mediterraneo tra IV e III secolo a.C: le fonti storiche\u201d.\",\"datePublished\":\"2024-01-24T10:29:16+00:00\",\"mainEntityOfPage\":{\"@id\":\"https:\/\/progettotouring.it\/radiotouring104\/2024\/01\/24\/anassilaos-incontro-la-sicilia-e-il-mediterraneo-tra-iv-e-iii-secolo-a-c-le-fonti-storiche\/\"},\"wordCount\":569,\"publisher\":{\"@id\":\"https:\/\/progettotouring.it\/radiotouring104\/#organization\"},\"image\":{\"@id\":\"https:\/\/progettotouring.it\/radiotouring104\/2024\/01\/24\/anassilaos-incontro-la-sicilia-e-il-mediterraneo-tra-iv-e-iii-secolo-a-c-le-fonti-storiche\/#primaryimage\"},\"thumbnailUrl\":\"https:\/\/progettotouring.it\/radiotouring104\/wp-content\/uploads\/sites\/6\/2024\/01\/INCONTRO-25-GENNAIO-ANASSILAOS.jpg\",\"keywords\":[\"\\\"Sicilia e Mediterraneo tra IV e III sec. A.C \\\"\",\"Associazione Culturale Anassilaos\",\"Biblioteca \u201cPietro De Nava\u201d\",\"Giuffr\u00e8 della Villetta De Nava\",\"Prof.ssa Elena Santagati\"],\"articleSection\":[\"Home\",\"News\",\"Reggio Calabria\"],\"inLanguage\":\"it-IT\"},{\"@type\":\"WebPage\",\"@id\":\"https:\/\/progettotouring.it\/radiotouring104\/2024\/01\/24\/anassilaos-incontro-la-sicilia-e-il-mediterraneo-tra-iv-e-iii-secolo-a-c-le-fonti-storiche\/\",\"url\":\"https:\/\/progettotouring.it\/radiotouring104\/2024\/01\/24\/anassilaos-incontro-la-sicilia-e-il-mediterraneo-tra-iv-e-iii-secolo-a-c-le-fonti-storiche\/\",\"name\":\"Anassilaos: incontro su \\\"Sicilia e Mediterraneo tra IV e III sec. A.C \\\"\",\"isPartOf\":{\"@id\":\"https:\/\/progettotouring.it\/radiotouring104\/#website\"},\"primaryImageOfPage\":{\"@id\":\"https:\/\/progettotouring.it\/radiotouring104\/2024\/01\/24\/anassilaos-incontro-la-sicilia-e-il-mediterraneo-tra-iv-e-iii-secolo-a-c-le-fonti-storiche\/#primaryimage\"},\"image\":{\"@id\":\"https:\/\/progettotouring.it\/radiotouring104\/2024\/01\/24\/anassilaos-incontro-la-sicilia-e-il-mediterraneo-tra-iv-e-iii-secolo-a-c-le-fonti-storiche\/#primaryimage\"},\"thumbnailUrl\":\"https:\/\/progettotouring.it\/radiotouring104\/wp-content\/uploads\/sites\/6\/2024\/01\/INCONTRO-25-GENNAIO-ANASSILAOS.jpg\",\"datePublished\":\"2024-01-24T10:29:16+00:00\",\"description\":\"L'incontro dell'Anassilaos si terr\u00e0 domani con inizio alle ore 16,45 presso la Sala Giuffr\u00e8 della Villetta De Nava\",\"breadcrumb\":{\"@id\":\"https:\/\/progettotouring.it\/radiotouring104\/2024\/01\/24\/anassilaos-incontro-la-sicilia-e-il-mediterraneo-tra-iv-e-iii-secolo-a-c-le-fonti-storiche\/#breadcrumb\"},\"inLanguage\":\"it-IT\",\"potentialAction\":[{\"@type\":\"ReadAction\",\"target\":[\"https:\/\/progettotouring.it\/radiotouring104\/2024\/01\/24\/anassilaos-incontro-la-sicilia-e-il-mediterraneo-tra-iv-e-iii-secolo-a-c-le-fonti-storiche\/\"]}]},{\"@type\":\"ImageObject\",\"inLanguage\":\"it-IT\",\"@id\":\"https:\/\/progettotouring.it\/radiotouring104\/2024\/01\/24\/anassilaos-incontro-la-sicilia-e-il-mediterraneo-tra-iv-e-iii-secolo-a-c-le-fonti-storiche\/#primaryimage\",\"url\":\"https:\/\/progettotouring.it\/radiotouring104\/wp-content\/uploads\/sites\/6\/2024\/01\/INCONTRO-25-GENNAIO-ANASSILAOS.jpg\",\"contentUrl\":\"https:\/\/progettotouring.it\/radiotouring104\/wp-content\/uploads\/sites\/6\/2024\/01\/INCONTRO-25-GENNAIO-ANASSILAOS.jpg\",\"width\":1754,\"height\":2480},{\"@type\":\"BreadcrumbList\",\"@id\":\"https:\/\/progettotouring.it\/radiotouring104\/2024\/01\/24\/anassilaos-incontro-la-sicilia-e-il-mediterraneo-tra-iv-e-iii-secolo-a-c-le-fonti-storiche\/#breadcrumb\",\"itemListElement\":[{\"@type\":\"ListItem\",\"position\":1,\"name\":\"Home\",\"item\":\"https:\/\/progettotouring.it\/radiotouring104\/\"},{\"@type\":\"ListItem\",\"position\":2,\"name\":\"Anassilaos: incontro \u201cLa Sicilia e il Mediterraneo tra IV e III secolo a.C: le fonti storiche\u201d.\"}]},{\"@type\":\"WebSite\",\"@id\":\"https:\/\/progettotouring.it\/radiotouring104\/#website\",\"url\":\"https:\/\/progettotouring.it\/radiotouring104\/\",\"name\":\"Radio Touring 104\",\"description\":\"La prima radio Reggina\",\"publisher\":{\"@id\":\"https:\/\/progettotouring.it\/radiotouring104\/#organization\"},\"potentialAction\":[{\"@type\":\"SearchAction\",\"target\":{\"@type\":\"EntryPoint\",\"urlTemplate\":\"https:\/\/progettotouring.it\/radiotouring104\/?s={search_term_string}\"},\"query-input\":{\"@type\":\"PropertyValueSpecification\",\"valueRequired\":true,\"valueName\":\"search_term_string\"}}],\"inLanguage\":\"it-IT\"},{\"@type\":\"Organization\",\"@id\":\"https:\/\/progettotouring.it\/radiotouring104\/#organization\",\"name\":\"Radio Touring 104\",\"url\":\"https:\/\/progettotouring.it\/radiotouring104\/\",\"logo\":{\"@type\":\"ImageObject\",\"inLanguage\":\"it-IT\",\"@id\":\"https:\/\/progettotouring.it\/radiotouring104\/#\/schema\/logo\/image\/\",\"url\":\"https:\/\/progettotouring.it\/radiotouring104\/wp-content\/uploads\/sites\/6\/2022\/02\/cropped-logo-radio-touring-104.png\",\"contentUrl\":\"https:\/\/progettotouring.it\/radiotouring104\/wp-content\/uploads\/sites\/6\/2022\/02\/cropped-logo-radio-touring-104.png\",\"width\":377,\"height\":182,\"caption\":\"Radio Touring 104\"},\"image\":{\"@id\":\"https:\/\/progettotouring.it\/radiotouring104\/#\/schema\/logo\/image\/\"}},{\"@type\":\"Person\",\"@id\":\"https:\/\/progettotouring.it\/radiotouring104\/#\/schema\/person\/78613917f1851f041f7483f5af1d422e\",\"name\":\"Sebastiano Plutino\",\"image\":{\"@type\":\"ImageObject\",\"inLanguage\":\"it-IT\",\"@id\":\"https:\/\/secure.gravatar.com\/avatar\/0546ffaa9b79224faf9f2a156b67a529ae861d3287c66c1d8ccfdf909bcba78d?s=96&d=mm&r=g\",\"url\":\"https:\/\/secure.gravatar.com\/avatar\/0546ffaa9b79224faf9f2a156b67a529ae861d3287c66c1d8ccfdf909bcba78d?s=96&d=mm&r=g\",\"contentUrl\":\"https:\/\/secure.gravatar.com\/avatar\/0546ffaa9b79224faf9f2a156b67a529ae861d3287c66c1d8ccfdf909bcba78d?s=96&d=mm&r=g\",\"caption\":\"Sebastiano Plutino\"},\"url\":\"https:\/\/progettotouring.it\/radiotouring104\/author\/sebastiano\/\"}]}<\/script>\n<!-- \/ Yoast SEO plugin. -->","yoast_head_json":{"title":"Anassilaos: incontro su \"Sicilia e Mediterraneo tra IV e III sec. A.C \"","description":"L'incontro dell'Anassilaos si terr\u00e0 domani con inizio alle ore 16,45 presso la Sala Giuffr\u00e8 della Villetta De Nava","robots":{"index":"index","follow":"follow","max-snippet":"max-snippet:-1","max-image-preview":"max-image-preview:large","max-video-preview":"max-video-preview:-1"},"canonical":"https:\/\/progettotouring.it\/radiotouring104\/2024\/01\/24\/anassilaos-incontro-la-sicilia-e-il-mediterraneo-tra-iv-e-iii-secolo-a-c-le-fonti-storiche\/","og_locale":"it_IT","og_type":"article","og_title":"Anassilaos: incontro su \"Sicilia e Mediterraneo tra IV e III sec. A.C \"","og_description":"L'incontro dell'Anassilaos si terr\u00e0 domani con inizio alle ore 16,45 presso la Sala Giuffr\u00e8 della Villetta De Nava","og_url":"https:\/\/progettotouring.it\/radiotouring104\/2024\/01\/24\/anassilaos-incontro-la-sicilia-e-il-mediterraneo-tra-iv-e-iii-secolo-a-c-le-fonti-storiche\/","og_site_name":"Radio Touring 104","article_published_time":"2024-01-24T10:29:16+00:00","og_image":[{"width":1754,"height":2480,"url":"https:\/\/progettotouring.it\/radiotouring104\/wp-content\/uploads\/sites\/6\/2024\/01\/INCONTRO-25-GENNAIO-ANASSILAOS.jpg","type":"image\/jpeg"}],"author":"Sebastiano Plutino","twitter_card":"summary_large_image","twitter_misc":{"Scritto da":"Sebastiano Plutino","Tempo di lettura stimato":"3 minuti"},"schema":{"@context":"https:\/\/schema.org","@graph":[{"@type":"Article","@id":"https:\/\/progettotouring.it\/radiotouring104\/2024\/01\/24\/anassilaos-incontro-la-sicilia-e-il-mediterraneo-tra-iv-e-iii-secolo-a-c-le-fonti-storiche\/#article","isPartOf":{"@id":"https:\/\/progettotouring.it\/radiotouring104\/2024\/01\/24\/anassilaos-incontro-la-sicilia-e-il-mediterraneo-tra-iv-e-iii-secolo-a-c-le-fonti-storiche\/"},"author":{"name":"Sebastiano Plutino","@id":"https:\/\/progettotouring.it\/radiotouring104\/#\/schema\/person\/78613917f1851f041f7483f5af1d422e"},"headline":"Anassilaos: incontro \u201cLa Sicilia e il Mediterraneo tra IV e III secolo a.C: le fonti storiche\u201d.","datePublished":"2024-01-24T10:29:16+00:00","mainEntityOfPage":{"@id":"https:\/\/progettotouring.it\/radiotouring104\/2024\/01\/24\/anassilaos-incontro-la-sicilia-e-il-mediterraneo-tra-iv-e-iii-secolo-a-c-le-fonti-storiche\/"},"wordCount":569,"publisher":{"@id":"https:\/\/progettotouring.it\/radiotouring104\/#organization"},"image":{"@id":"https:\/\/progettotouring.it\/radiotouring104\/2024\/01\/24\/anassilaos-incontro-la-sicilia-e-il-mediterraneo-tra-iv-e-iii-secolo-a-c-le-fonti-storiche\/#primaryimage"},"thumbnailUrl":"https:\/\/progettotouring.it\/radiotouring104\/wp-content\/uploads\/sites\/6\/2024\/01\/INCONTRO-25-GENNAIO-ANASSILAOS.jpg","keywords":["\"Sicilia e Mediterraneo tra IV e III sec. A.C \"","Associazione Culturale Anassilaos","Biblioteca \u201cPietro De Nava\u201d","Giuffr\u00e8 della Villetta De Nava","Prof.ssa Elena Santagati"],"articleSection":["Home","News","Reggio Calabria"],"inLanguage":"it-IT"},{"@type":"WebPage","@id":"https:\/\/progettotouring.it\/radiotouring104\/2024\/01\/24\/anassilaos-incontro-la-sicilia-e-il-mediterraneo-tra-iv-e-iii-secolo-a-c-le-fonti-storiche\/","url":"https:\/\/progettotouring.it\/radiotouring104\/2024\/01\/24\/anassilaos-incontro-la-sicilia-e-il-mediterraneo-tra-iv-e-iii-secolo-a-c-le-fonti-storiche\/","name":"Anassilaos: incontro su \"Sicilia e Mediterraneo tra IV e III sec. A.C \"","isPartOf":{"@id":"https:\/\/progettotouring.it\/radiotouring104\/#website"},"primaryImageOfPage":{"@id":"https:\/\/progettotouring.it\/radiotouring104\/2024\/01\/24\/anassilaos-incontro-la-sicilia-e-il-mediterraneo-tra-iv-e-iii-secolo-a-c-le-fonti-storiche\/#primaryimage"},"image":{"@id":"https:\/\/progettotouring.it\/radiotouring104\/2024\/01\/24\/anassilaos-incontro-la-sicilia-e-il-mediterraneo-tra-iv-e-iii-secolo-a-c-le-fonti-storiche\/#primaryimage"},"thumbnailUrl":"https:\/\/progettotouring.it\/radiotouring104\/wp-content\/uploads\/sites\/6\/2024\/01\/INCONTRO-25-GENNAIO-ANASSILAOS.jpg","datePublished":"2024-01-24T10:29:16+00:00","description":"L'incontro dell'Anassilaos si terr\u00e0 domani con inizio alle ore 16,45 presso la Sala Giuffr\u00e8 della Villetta De Nava","breadcrumb":{"@id":"https:\/\/progettotouring.it\/radiotouring104\/2024\/01\/24\/anassilaos-incontro-la-sicilia-e-il-mediterraneo-tra-iv-e-iii-secolo-a-c-le-fonti-storiche\/#breadcrumb"},"inLanguage":"it-IT","potentialAction":[{"@type":"ReadAction","target":["https:\/\/progettotouring.it\/radiotouring104\/2024\/01\/24\/anassilaos-incontro-la-sicilia-e-il-mediterraneo-tra-iv-e-iii-secolo-a-c-le-fonti-storiche\/"]}]},{"@type":"ImageObject","inLanguage":"it-IT","@id":"https:\/\/progettotouring.it\/radiotouring104\/2024\/01\/24\/anassilaos-incontro-la-sicilia-e-il-mediterraneo-tra-iv-e-iii-secolo-a-c-le-fonti-storiche\/#primaryimage","url":"https:\/\/progettotouring.it\/radiotouring104\/wp-content\/uploads\/sites\/6\/2024\/01\/INCONTRO-25-GENNAIO-ANASSILAOS.jpg","contentUrl":"https:\/\/progettotouring.it\/radiotouring104\/wp-content\/uploads\/sites\/6\/2024\/01\/INCONTRO-25-GENNAIO-ANASSILAOS.jpg","width":1754,"height":2480},{"@type":"BreadcrumbList","@id":"https:\/\/progettotouring.it\/radiotouring104\/2024\/01\/24\/anassilaos-incontro-la-sicilia-e-il-mediterraneo-tra-iv-e-iii-secolo-a-c-le-fonti-storiche\/#breadcrumb","itemListElement":[{"@type":"ListItem","position":1,"name":"Home","item":"https:\/\/progettotouring.it\/radiotouring104\/"},{"@type":"ListItem","position":2,"name":"Anassilaos: incontro \u201cLa Sicilia e il Mediterraneo tra IV e III secolo a.C: le fonti storiche\u201d."}]},{"@type":"WebSite","@id":"https:\/\/progettotouring.it\/radiotouring104\/#website","url":"https:\/\/progettotouring.it\/radiotouring104\/","name":"Radio Touring 104","description":"La prima radio Reggina","publisher":{"@id":"https:\/\/progettotouring.it\/radiotouring104\/#organization"},"potentialAction":[{"@type":"SearchAction","target":{"@type":"EntryPoint","urlTemplate":"https:\/\/progettotouring.it\/radiotouring104\/?s={search_term_string}"},"query-input":{"@type":"PropertyValueSpecification","valueRequired":true,"valueName":"search_term_string"}}],"inLanguage":"it-IT"},{"@type":"Organization","@id":"https:\/\/progettotouring.it\/radiotouring104\/#organization","name":"Radio Touring 104","url":"https:\/\/progettotouring.it\/radiotouring104\/","logo":{"@type":"ImageObject","inLanguage":"it-IT","@id":"https:\/\/progettotouring.it\/radiotouring104\/#\/schema\/logo\/image\/","url":"https:\/\/progettotouring.it\/radiotouring104\/wp-content\/uploads\/sites\/6\/2022\/02\/cropped-logo-radio-touring-104.png","contentUrl":"https:\/\/progettotouring.it\/radiotouring104\/wp-content\/uploads\/sites\/6\/2022\/02\/cropped-logo-radio-touring-104.png","width":377,"height":182,"caption":"Radio Touring 104"},"image":{"@id":"https:\/\/progettotouring.it\/radiotouring104\/#\/schema\/logo\/image\/"}},{"@type":"Person","@id":"https:\/\/progettotouring.it\/radiotouring104\/#\/schema\/person\/78613917f1851f041f7483f5af1d422e","name":"Sebastiano Plutino","image":{"@type":"ImageObject","inLanguage":"it-IT","@id":"https:\/\/secure.gravatar.com\/avatar\/0546ffaa9b79224faf9f2a156b67a529ae861d3287c66c1d8ccfdf909bcba78d?s=96&d=mm&r=g","url":"https:\/\/secure.gravatar.com\/avatar\/0546ffaa9b79224faf9f2a156b67a529ae861d3287c66c1d8ccfdf909bcba78d?s=96&d=mm&r=g","contentUrl":"https:\/\/secure.gravatar.com\/avatar\/0546ffaa9b79224faf9f2a156b67a529ae861d3287c66c1d8ccfdf909bcba78d?s=96&d=mm&r=g","caption":"Sebastiano Plutino"},"url":"https:\/\/progettotouring.it\/radiotouring104\/author\/sebastiano\/"}]}},"jetpack_publicize_connections":[],"jetpack_featured_media_url":"https:\/\/progettotouring.it\/radiotouring104\/wp-content\/uploads\/sites\/6\/2024\/01\/INCONTRO-25-GENNAIO-ANASSILAOS.jpg","jetpack_sharing_enabled":true,"_links":{"self":[{"href":"https:\/\/progettotouring.it\/radiotouring104\/wp-json\/wp\/v2\/posts\/43267","targetHints":{"allow":["GET"]}}],"collection":[{"href":"https:\/\/progettotouring.it\/radiotouring104\/wp-json\/wp\/v2\/posts"}],"about":[{"href":"https:\/\/progettotouring.it\/radiotouring104\/wp-json\/wp\/v2\/types\/post"}],"author":[{"embeddable":true,"href":"https:\/\/progettotouring.it\/radiotouring104\/wp-json\/wp\/v2\/users\/12"}],"replies":[{"embeddable":true,"href":"https:\/\/progettotouring.it\/radiotouring104\/wp-json\/wp\/v2\/comments?post=43267"}],"version-history":[{"count":1,"href":"https:\/\/progettotouring.it\/radiotouring104\/wp-json\/wp\/v2\/posts\/43267\/revisions"}],"predecessor-version":[{"id":43269,"href":"https:\/\/progettotouring.it\/radiotouring104\/wp-json\/wp\/v2\/posts\/43267\/revisions\/43269"}],"wp:featuredmedia":[{"embeddable":true,"href":"https:\/\/progettotouring.it\/radiotouring104\/wp-json\/wp\/v2\/media\/43268"}],"wp:attachment":[{"href":"https:\/\/progettotouring.it\/radiotouring104\/wp-json\/wp\/v2\/media?parent=43267"}],"wp:term":[{"taxonomy":"category","embeddable":true,"href":"https:\/\/progettotouring.it\/radiotouring104\/wp-json\/wp\/v2\/categories?post=43267"},{"taxonomy":"post_tag","embeddable":true,"href":"https:\/\/progettotouring.it\/radiotouring104\/wp-json\/wp\/v2\/tags?post=43267"}],"curies":[{"name":"wp","href":"https:\/\/api.w.org\/{rel}","templated":true}]}}