{"id":43311,"date":"2024-01-24T10:27:26","date_gmt":"2024-01-24T09:27:26","guid":{"rendered":"https:\/\/progettotouring.it\/radiotouring104\/?p=43311"},"modified":"2024-01-24T13:30:54","modified_gmt":"2024-01-24T12:30:54","slug":"la-giornata-internazionale-delleducazione-protagonista-nelle-attivita-formative-del-csi-reggio-calabria","status":"publish","type":"post","link":"https:\/\/progettotouring.it\/radiotouring104\/2024\/01\/24\/la-giornata-internazionale-delleducazione-protagonista-nelle-attivita-formative-del-csi-reggio-calabria\/","title":{"rendered":"La Giornata Internazionale dell\u2019Educazione protagonista nelle attivit\u00e0 formative del Csi Reggio Calabria"},"content":{"rendered":"<p style=\"text-align: justify\">In occasione della <strong>Giornata Internazionale dell\u2019Educazione,<\/strong> straordinaria partecipazione per l\u2019incontro d\u2019apertura del Cantiere Formativo \u201cEduSport 20.24\u201d. L\u2019auditorium &#8220;Diego Suraci&#8221;, all\u2019interno dei locali della Piccola Opera Papa Giovanni Onlus, ha ospitato oltre sessanti partecipanti, tra gli iscritti ai corsi per Educatore Sportivo e Allenatore settore giovanile di pallavolo, pallacanestro e calcio a 5. L\u2019importanza del gioco nello sviluppo psicofisico del bambino, il tema che ha dato ufficialmente il via alla stagione formativa promossa dal Csi Reggio Calabria. All\u2019incontro d\u2019apertura sono intervenuti il Presidente del<strong> Coni Calabria<\/strong> avv. Maurizio Condipodero che, nel suo intervento, ha rafforzato l\u2019idea di mettere al centro di tutto la formazione dei dirigenti, allenatori e animatori. \u201cE\u2019 necessario formarsi per poter essere maggiormente incisivi e per poter far crescere l\u2019uomo e l\u2019atleta. Diversifichiamo la proposta formativa e proviamo a raggiungere tutti\u201d. Tra i saluti, anche l\u2019importantissimo messaggio della Presidente Adspem \u2013 Ail Pinuccia Strangio. Insieme al vice Rocco Gangemi, l\u2019associazione di donatori ha provato a sensibilizzare i presenti sull\u2019importanza della donazione del sangue. Uno spazio che, il <strong>Comitato Csi<\/strong> dello stretto, ha voluto fortemente destinare alla campagna di promozione della donazione all\u2019interno del mondo dello sport.<\/p>\n<p style=\"text-align: justify\">E\u2019 stato proprio il Presidente Provinciale Csi <strong>Paolo<\/strong> <strong>Cicci\u00f9<\/strong>, nell\u2019anno dell\u2019ottantesimo anniversario dalla nascita del Csi, a ribadire la centralit\u00e0 della persona e soprattutto dei pi\u00f9 piccoli, nella proposta sportiva ed educativa del Csi. Lo sport non educa a prescindere, il messaggio chiaro del Csi Reggio Calabria. Proprio in occasione della Giornata Internazionale dell\u2019Educazione, il <strong>Csi Reggio Calabria<\/strong> con il Cantiere Formativo EduSport, ha provato a rafforzare l\u2019idea che lo sport o educa o perde il suo significato. Come a scuola, anche nello sport, i pi\u00f9 piccoli devono trovare uno spazio educativo e formativo capace di tirare fuori il meglio da ognuno. Il dirigente Cicci\u00f9, insieme all\u2019equipe dei Formatori Tecnici Csi, Nicola Marra, Armando Russo e Angelo Scordino, ha illustrato i vari percorsi pensati all\u2019interno del Cantiere Formativo e i moduli che saranno attivati e che coinvolgeranno oltre ottanta partecipanti ( iscritti attraverso la piattaforma CSI) tra allenatori, educatori e insegnanti. La premessa e i saluti iniziali hanno introdotto l\u2019intervento, molto apprezzato, della psicoterapeuta dott.ssa <strong>Carla Cosco<\/strong>.<\/p>\n<p style=\"text-align: justify\">Attraverso un laboratorio interattivo, alternando contenuti e giochi, la formatrice ha dato vita ad un percorso che ha esaltato e riaffermato i poteri terapeutici del gioco, inteso come momento di crescita e sviluppo. <em>\u201cIl gioco d\u00e0 al bambino fiducia nelle sue possibilit\u00e0, capacit\u00e0 di prendere coscienza della realt\u00e0 che lo circonda e lo mette in condizione di modificarla a suo piacimento, realizzando desideri impossibili, compensando le frustrazioni, scaricando le ansie e liberandosi dalle angosce. Tutti concordi nell\u2019attribuire al gioco un enorme rilievo come fattore diagnostico, emotivo, affettivo e sociale&#8221;.<\/em> L\u2019iniziativa formativa Csi \u00e8 inserita nel quadro ben pi\u00f9 ampio del progetto lanciato dal Comitato reggino e che punta ad una completa formazione dei dirigenti, degli allenatori e animatori delle societ\u00e0 sportive, parrocchie, associazioni e centri sportivi del territorio Metropolitano. Con il prossimo appuntamento, il 31 Gennaio dalle ore 19.00, il modulo pedagogico introdurr\u00e0 il mese di Febbraio interamente dedicato alla parte tecnica e metodologica. Info su www.csireggiocalabria.it Segreteria didattica dott. Ilenia Adore &#8211; segreteriacsirc@gmail.com<\/p>\n","protected":false},"excerpt":{"rendered":"<p>In occasione della Giornata Internazionale dell\u2019Educazione, straordinaria partecipazione per l\u2019incontro d\u2019apertura del Cantiere Formativo \u201cEduSport 20.24\u201d. L\u2019auditorium &#8220;Diego Suraci&#8221;, all\u2019interno dei locali della Piccola Opera Papa Giovanni Onlus, ha ospitato&hellip;<\/p>\n","protected":false},"author":8,"featured_media":43312,"comment_status":"closed","ping_status":"open","sticky":false,"template":"","format":"standard","meta":{"_jetpack_memberships_contains_paid_content":false,"footnotes":"","jetpack_publicize_message":"","jetpack_publicize_feature_enabled":true,"jetpack_social_post_already_shared":false,"jetpack_social_options":{"image_generator_settings":{"template":"highway","default_image_id":0,"font":"","enabled":false},"version":2}},"categories":[142,921,196],"tags":[9372,6162,26686],"class_list":["post-43311","post","type-post","status-publish","format-standard","has-post-thumbnail","hentry","category-calabria","category-home","category-news","tag-coni-calabria","tag-csi-reggio-calabria","tag-giornata-internazionale-delleducazione"],"yoast_head":"<!-- This site is optimized with the Yoast SEO plugin v27.2 - https:\/\/yoast.com\/product\/yoast-seo-wordpress\/ -->\n<title>La Giornata Internazionale dell\u2019Educazione protagonista nelle attivit\u00e0 formative del Csi Reggio Calabria - Radio Touring 104<\/title>\n<meta name=\"description\" content=\"Per la Giornata Internazionale dell\u2019Educazione straordinaria partecipazione per l\u2019incontro d\u2019apertura del Cantiere Formativo \u201cEduSport 20.24\u201d\" \/>\n<meta name=\"robots\" content=\"index, follow, max-snippet:-1, max-image-preview:large, max-video-preview:-1\" \/>\n<link rel=\"canonical\" href=\"https:\/\/progettotouring.it\/radiotouring104\/2024\/01\/24\/la-giornata-internazionale-delleducazione-protagonista-nelle-attivita-formative-del-csi-reggio-calabria\/\" \/>\n<meta property=\"og:locale\" content=\"it_IT\" \/>\n<meta property=\"og:type\" content=\"article\" \/>\n<meta property=\"og:title\" content=\"La Giornata Internazionale dell\u2019Educazione protagonista nelle attivit\u00e0 formative del Csi Reggio Calabria - Radio Touring 104\" \/>\n<meta property=\"og:description\" content=\"Per la Giornata Internazionale dell\u2019Educazione straordinaria partecipazione per l\u2019incontro d\u2019apertura del Cantiere Formativo \u201cEduSport 20.24\u201d\" \/>\n<meta property=\"og:url\" content=\"https:\/\/progettotouring.it\/radiotouring104\/2024\/01\/24\/la-giornata-internazionale-delleducazione-protagonista-nelle-attivita-formative-del-csi-reggio-calabria\/\" \/>\n<meta property=\"og:site_name\" content=\"Radio Touring 104\" \/>\n<meta property=\"article:published_time\" content=\"2024-01-24T09:27:26+00:00\" \/>\n<meta property=\"article:modified_time\" content=\"2024-01-24T12:30:54+00:00\" \/>\n<meta property=\"og:image\" content=\"https:\/\/progettotouring.it\/radiotouring104\/wp-content\/uploads\/sites\/6\/2024\/01\/centro-sportivo-italiano.jpg\" \/>\n\t<meta property=\"og:image:width\" content=\"921\" \/>\n\t<meta property=\"og:image:height\" content=\"783\" \/>\n\t<meta property=\"og:image:type\" content=\"image\/jpeg\" \/>\n<meta name=\"author\" content=\"Filippo Francesco Idone\" \/>\n<meta name=\"twitter:card\" content=\"summary_large_image\" \/>\n<meta name=\"twitter:label1\" content=\"Scritto da\" \/>\n\t<meta name=\"twitter:data1\" content=\"Filippo Francesco Idone\" \/>\n\t<meta name=\"twitter:label2\" content=\"Tempo di lettura stimato\" \/>\n\t<meta name=\"twitter:data2\" content=\"3 minuti\" \/>\n<script type=\"application\/ld+json\" class=\"yoast-schema-graph\">{\"@context\":\"https:\/\/schema.org\",\"@graph\":[{\"@type\":\"Article\",\"@id\":\"https:\/\/progettotouring.it\/radiotouring104\/2024\/01\/24\/la-giornata-internazionale-delleducazione-protagonista-nelle-attivita-formative-del-csi-reggio-calabria\/#article\",\"isPartOf\":{\"@id\":\"https:\/\/progettotouring.it\/radiotouring104\/2024\/01\/24\/la-giornata-internazionale-delleducazione-protagonista-nelle-attivita-formative-del-csi-reggio-calabria\/\"},\"author\":{\"name\":\"Filippo Francesco Idone\",\"@id\":\"https:\/\/progettotouring.it\/radiotouring104\/#\/schema\/person\/4a82259ca52ac8702ad1a8f9e5a3120b\"},\"headline\":\"La Giornata Internazionale dell\u2019Educazione protagonista nelle attivit\u00e0 formative del Csi Reggio Calabria\",\"datePublished\":\"2024-01-24T09:27:26+00:00\",\"dateModified\":\"2024-01-24T12:30:54+00:00\",\"mainEntityOfPage\":{\"@id\":\"https:\/\/progettotouring.it\/radiotouring104\/2024\/01\/24\/la-giornata-internazionale-delleducazione-protagonista-nelle-attivita-formative-del-csi-reggio-calabria\/\"},\"wordCount\":554,\"publisher\":{\"@id\":\"https:\/\/progettotouring.it\/radiotouring104\/#organization\"},\"image\":{\"@id\":\"https:\/\/progettotouring.it\/radiotouring104\/2024\/01\/24\/la-giornata-internazionale-delleducazione-protagonista-nelle-attivita-formative-del-csi-reggio-calabria\/#primaryimage\"},\"thumbnailUrl\":\"https:\/\/progettotouring.it\/radiotouring104\/wp-content\/uploads\/sites\/6\/2024\/01\/centro-sportivo-italiano.jpg\",\"keywords\":[\"CONI Calabria\",\"CSI Reggio Calabria\",\"Giornata Internazionale dell\u2019Educazione\"],\"articleSection\":[\"Calabria\",\"Home\",\"News\"],\"inLanguage\":\"it-IT\"},{\"@type\":\"WebPage\",\"@id\":\"https:\/\/progettotouring.it\/radiotouring104\/2024\/01\/24\/la-giornata-internazionale-delleducazione-protagonista-nelle-attivita-formative-del-csi-reggio-calabria\/\",\"url\":\"https:\/\/progettotouring.it\/radiotouring104\/2024\/01\/24\/la-giornata-internazionale-delleducazione-protagonista-nelle-attivita-formative-del-csi-reggio-calabria\/\",\"name\":\"La Giornata Internazionale dell\u2019Educazione protagonista nelle attivit\u00e0 formative del Csi Reggio Calabria - Radio Touring 104\",\"isPartOf\":{\"@id\":\"https:\/\/progettotouring.it\/radiotouring104\/#website\"},\"primaryImageOfPage\":{\"@id\":\"https:\/\/progettotouring.it\/radiotouring104\/2024\/01\/24\/la-giornata-internazionale-delleducazione-protagonista-nelle-attivita-formative-del-csi-reggio-calabria\/#primaryimage\"},\"image\":{\"@id\":\"https:\/\/progettotouring.it\/radiotouring104\/2024\/01\/24\/la-giornata-internazionale-delleducazione-protagonista-nelle-attivita-formative-del-csi-reggio-calabria\/#primaryimage\"},\"thumbnailUrl\":\"https:\/\/progettotouring.it\/radiotouring104\/wp-content\/uploads\/sites\/6\/2024\/01\/centro-sportivo-italiano.jpg\",\"datePublished\":\"2024-01-24T09:27:26+00:00\",\"dateModified\":\"2024-01-24T12:30:54+00:00\",\"description\":\"Per la Giornata Internazionale dell\u2019Educazione straordinaria partecipazione per l\u2019incontro d\u2019apertura del Cantiere Formativo \u201cEduSport 20.24\u201d\",\"breadcrumb\":{\"@id\":\"https:\/\/progettotouring.it\/radiotouring104\/2024\/01\/24\/la-giornata-internazionale-delleducazione-protagonista-nelle-attivita-formative-del-csi-reggio-calabria\/#breadcrumb\"},\"inLanguage\":\"it-IT\",\"potentialAction\":[{\"@type\":\"ReadAction\",\"target\":[\"https:\/\/progettotouring.it\/radiotouring104\/2024\/01\/24\/la-giornata-internazionale-delleducazione-protagonista-nelle-attivita-formative-del-csi-reggio-calabria\/\"]}]},{\"@type\":\"ImageObject\",\"inLanguage\":\"it-IT\",\"@id\":\"https:\/\/progettotouring.it\/radiotouring104\/2024\/01\/24\/la-giornata-internazionale-delleducazione-protagonista-nelle-attivita-formative-del-csi-reggio-calabria\/#primaryimage\",\"url\":\"https:\/\/progettotouring.it\/radiotouring104\/wp-content\/uploads\/sites\/6\/2024\/01\/centro-sportivo-italiano.jpg\",\"contentUrl\":\"https:\/\/progettotouring.it\/radiotouring104\/wp-content\/uploads\/sites\/6\/2024\/01\/centro-sportivo-italiano.jpg\",\"width\":921,\"height\":783},{\"@type\":\"BreadcrumbList\",\"@id\":\"https:\/\/progettotouring.it\/radiotouring104\/2024\/01\/24\/la-giornata-internazionale-delleducazione-protagonista-nelle-attivita-formative-del-csi-reggio-calabria\/#breadcrumb\",\"itemListElement\":[{\"@type\":\"ListItem\",\"position\":1,\"name\":\"Home\",\"item\":\"https:\/\/progettotouring.it\/radiotouring104\/\"},{\"@type\":\"ListItem\",\"position\":2,\"name\":\"La Giornata Internazionale dell\u2019Educazione protagonista nelle attivit\u00e0 formative del Csi Reggio Calabria\"}]},{\"@type\":\"WebSite\",\"@id\":\"https:\/\/progettotouring.it\/radiotouring104\/#website\",\"url\":\"https:\/\/progettotouring.it\/radiotouring104\/\",\"name\":\"Radio Touring 104\",\"description\":\"La prima radio Reggina\",\"publisher\":{\"@id\":\"https:\/\/progettotouring.it\/radiotouring104\/#organization\"},\"potentialAction\":[{\"@type\":\"SearchAction\",\"target\":{\"@type\":\"EntryPoint\",\"urlTemplate\":\"https:\/\/progettotouring.it\/radiotouring104\/?s={search_term_string}\"},\"query-input\":{\"@type\":\"PropertyValueSpecification\",\"valueRequired\":true,\"valueName\":\"search_term_string\"}}],\"inLanguage\":\"it-IT\"},{\"@type\":\"Organization\",\"@id\":\"https:\/\/progettotouring.it\/radiotouring104\/#organization\",\"name\":\"Radio Touring 104\",\"url\":\"https:\/\/progettotouring.it\/radiotouring104\/\",\"logo\":{\"@type\":\"ImageObject\",\"inLanguage\":\"it-IT\",\"@id\":\"https:\/\/progettotouring.it\/radiotouring104\/#\/schema\/logo\/image\/\",\"url\":\"https:\/\/progettotouring.it\/radiotouring104\/wp-content\/uploads\/sites\/6\/2022\/02\/cropped-logo-radio-touring-104.png\",\"contentUrl\":\"https:\/\/progettotouring.it\/radiotouring104\/wp-content\/uploads\/sites\/6\/2022\/02\/cropped-logo-radio-touring-104.png\",\"width\":377,\"height\":182,\"caption\":\"Radio Touring 104\"},\"image\":{\"@id\":\"https:\/\/progettotouring.it\/radiotouring104\/#\/schema\/logo\/image\/\"}},{\"@type\":\"Person\",\"@id\":\"https:\/\/progettotouring.it\/radiotouring104\/#\/schema\/person\/4a82259ca52ac8702ad1a8f9e5a3120b\",\"name\":\"Filippo Francesco Idone\",\"image\":{\"@type\":\"ImageObject\",\"inLanguage\":\"it-IT\",\"@id\":\"https:\/\/secure.gravatar.com\/avatar\/7268715d2366395c3dd314385670e6484117d44f5c442e61e230f7008b7b62d3?s=96&d=mm&r=g\",\"url\":\"https:\/\/secure.gravatar.com\/avatar\/7268715d2366395c3dd314385670e6484117d44f5c442e61e230f7008b7b62d3?s=96&d=mm&r=g\",\"contentUrl\":\"https:\/\/secure.gravatar.com\/avatar\/7268715d2366395c3dd314385670e6484117d44f5c442e61e230f7008b7b62d3?s=96&d=mm&r=g\",\"caption\":\"Filippo Francesco Idone\"},\"url\":\"https:\/\/progettotouring.it\/radiotouring104\/author\/filippoidone\/\"}]}<\/script>\n<!-- \/ Yoast SEO plugin. -->","yoast_head_json":{"title":"La Giornata Internazionale dell\u2019Educazione protagonista nelle attivit\u00e0 formative del Csi Reggio Calabria - Radio Touring 104","description":"Per la Giornata Internazionale dell\u2019Educazione straordinaria partecipazione per l\u2019incontro d\u2019apertura del Cantiere Formativo \u201cEduSport 20.24\u201d","robots":{"index":"index","follow":"follow","max-snippet":"max-snippet:-1","max-image-preview":"max-image-preview:large","max-video-preview":"max-video-preview:-1"},"canonical":"https:\/\/progettotouring.it\/radiotouring104\/2024\/01\/24\/la-giornata-internazionale-delleducazione-protagonista-nelle-attivita-formative-del-csi-reggio-calabria\/","og_locale":"it_IT","og_type":"article","og_title":"La Giornata Internazionale dell\u2019Educazione protagonista nelle attivit\u00e0 formative del Csi Reggio Calabria - Radio Touring 104","og_description":"Per la Giornata Internazionale dell\u2019Educazione straordinaria partecipazione per l\u2019incontro d\u2019apertura del Cantiere Formativo \u201cEduSport 20.24\u201d","og_url":"https:\/\/progettotouring.it\/radiotouring104\/2024\/01\/24\/la-giornata-internazionale-delleducazione-protagonista-nelle-attivita-formative-del-csi-reggio-calabria\/","og_site_name":"Radio Touring 104","article_published_time":"2024-01-24T09:27:26+00:00","article_modified_time":"2024-01-24T12:30:54+00:00","og_image":[{"width":921,"height":783,"url":"https:\/\/progettotouring.it\/radiotouring104\/wp-content\/uploads\/sites\/6\/2024\/01\/centro-sportivo-italiano.jpg","type":"image\/jpeg"}],"author":"Filippo Francesco Idone","twitter_card":"summary_large_image","twitter_misc":{"Scritto da":"Filippo Francesco Idone","Tempo di lettura stimato":"3 minuti"},"schema":{"@context":"https:\/\/schema.org","@graph":[{"@type":"Article","@id":"https:\/\/progettotouring.it\/radiotouring104\/2024\/01\/24\/la-giornata-internazionale-delleducazione-protagonista-nelle-attivita-formative-del-csi-reggio-calabria\/#article","isPartOf":{"@id":"https:\/\/progettotouring.it\/radiotouring104\/2024\/01\/24\/la-giornata-internazionale-delleducazione-protagonista-nelle-attivita-formative-del-csi-reggio-calabria\/"},"author":{"name":"Filippo Francesco Idone","@id":"https:\/\/progettotouring.it\/radiotouring104\/#\/schema\/person\/4a82259ca52ac8702ad1a8f9e5a3120b"},"headline":"La Giornata Internazionale dell\u2019Educazione protagonista nelle attivit\u00e0 formative del Csi Reggio Calabria","datePublished":"2024-01-24T09:27:26+00:00","dateModified":"2024-01-24T12:30:54+00:00","mainEntityOfPage":{"@id":"https:\/\/progettotouring.it\/radiotouring104\/2024\/01\/24\/la-giornata-internazionale-delleducazione-protagonista-nelle-attivita-formative-del-csi-reggio-calabria\/"},"wordCount":554,"publisher":{"@id":"https:\/\/progettotouring.it\/radiotouring104\/#organization"},"image":{"@id":"https:\/\/progettotouring.it\/radiotouring104\/2024\/01\/24\/la-giornata-internazionale-delleducazione-protagonista-nelle-attivita-formative-del-csi-reggio-calabria\/#primaryimage"},"thumbnailUrl":"https:\/\/progettotouring.it\/radiotouring104\/wp-content\/uploads\/sites\/6\/2024\/01\/centro-sportivo-italiano.jpg","keywords":["CONI Calabria","CSI Reggio Calabria","Giornata Internazionale dell\u2019Educazione"],"articleSection":["Calabria","Home","News"],"inLanguage":"it-IT"},{"@type":"WebPage","@id":"https:\/\/progettotouring.it\/radiotouring104\/2024\/01\/24\/la-giornata-internazionale-delleducazione-protagonista-nelle-attivita-formative-del-csi-reggio-calabria\/","url":"https:\/\/progettotouring.it\/radiotouring104\/2024\/01\/24\/la-giornata-internazionale-delleducazione-protagonista-nelle-attivita-formative-del-csi-reggio-calabria\/","name":"La Giornata Internazionale dell\u2019Educazione protagonista nelle attivit\u00e0 formative del Csi Reggio Calabria - Radio Touring 104","isPartOf":{"@id":"https:\/\/progettotouring.it\/radiotouring104\/#website"},"primaryImageOfPage":{"@id":"https:\/\/progettotouring.it\/radiotouring104\/2024\/01\/24\/la-giornata-internazionale-delleducazione-protagonista-nelle-attivita-formative-del-csi-reggio-calabria\/#primaryimage"},"image":{"@id":"https:\/\/progettotouring.it\/radiotouring104\/2024\/01\/24\/la-giornata-internazionale-delleducazione-protagonista-nelle-attivita-formative-del-csi-reggio-calabria\/#primaryimage"},"thumbnailUrl":"https:\/\/progettotouring.it\/radiotouring104\/wp-content\/uploads\/sites\/6\/2024\/01\/centro-sportivo-italiano.jpg","datePublished":"2024-01-24T09:27:26+00:00","dateModified":"2024-01-24T12:30:54+00:00","description":"Per la Giornata Internazionale dell\u2019Educazione straordinaria partecipazione per l\u2019incontro d\u2019apertura del Cantiere Formativo \u201cEduSport 20.24\u201d","breadcrumb":{"@id":"https:\/\/progettotouring.it\/radiotouring104\/2024\/01\/24\/la-giornata-internazionale-delleducazione-protagonista-nelle-attivita-formative-del-csi-reggio-calabria\/#breadcrumb"},"inLanguage":"it-IT","potentialAction":[{"@type":"ReadAction","target":["https:\/\/progettotouring.it\/radiotouring104\/2024\/01\/24\/la-giornata-internazionale-delleducazione-protagonista-nelle-attivita-formative-del-csi-reggio-calabria\/"]}]},{"@type":"ImageObject","inLanguage":"it-IT","@id":"https:\/\/progettotouring.it\/radiotouring104\/2024\/01\/24\/la-giornata-internazionale-delleducazione-protagonista-nelle-attivita-formative-del-csi-reggio-calabria\/#primaryimage","url":"https:\/\/progettotouring.it\/radiotouring104\/wp-content\/uploads\/sites\/6\/2024\/01\/centro-sportivo-italiano.jpg","contentUrl":"https:\/\/progettotouring.it\/radiotouring104\/wp-content\/uploads\/sites\/6\/2024\/01\/centro-sportivo-italiano.jpg","width":921,"height":783},{"@type":"BreadcrumbList","@id":"https:\/\/progettotouring.it\/radiotouring104\/2024\/01\/24\/la-giornata-internazionale-delleducazione-protagonista-nelle-attivita-formative-del-csi-reggio-calabria\/#breadcrumb","itemListElement":[{"@type":"ListItem","position":1,"name":"Home","item":"https:\/\/progettotouring.it\/radiotouring104\/"},{"@type":"ListItem","position":2,"name":"La Giornata Internazionale dell\u2019Educazione protagonista nelle attivit\u00e0 formative del Csi Reggio Calabria"}]},{"@type":"WebSite","@id":"https:\/\/progettotouring.it\/radiotouring104\/#website","url":"https:\/\/progettotouring.it\/radiotouring104\/","name":"Radio Touring 104","description":"La prima radio Reggina","publisher":{"@id":"https:\/\/progettotouring.it\/radiotouring104\/#organization"},"potentialAction":[{"@type":"SearchAction","target":{"@type":"EntryPoint","urlTemplate":"https:\/\/progettotouring.it\/radiotouring104\/?s={search_term_string}"},"query-input":{"@type":"PropertyValueSpecification","valueRequired":true,"valueName":"search_term_string"}}],"inLanguage":"it-IT"},{"@type":"Organization","@id":"https:\/\/progettotouring.it\/radiotouring104\/#organization","name":"Radio Touring 104","url":"https:\/\/progettotouring.it\/radiotouring104\/","logo":{"@type":"ImageObject","inLanguage":"it-IT","@id":"https:\/\/progettotouring.it\/radiotouring104\/#\/schema\/logo\/image\/","url":"https:\/\/progettotouring.it\/radiotouring104\/wp-content\/uploads\/sites\/6\/2022\/02\/cropped-logo-radio-touring-104.png","contentUrl":"https:\/\/progettotouring.it\/radiotouring104\/wp-content\/uploads\/sites\/6\/2022\/02\/cropped-logo-radio-touring-104.png","width":377,"height":182,"caption":"Radio Touring 104"},"image":{"@id":"https:\/\/progettotouring.it\/radiotouring104\/#\/schema\/logo\/image\/"}},{"@type":"Person","@id":"https:\/\/progettotouring.it\/radiotouring104\/#\/schema\/person\/4a82259ca52ac8702ad1a8f9e5a3120b","name":"Filippo Francesco Idone","image":{"@type":"ImageObject","inLanguage":"it-IT","@id":"https:\/\/secure.gravatar.com\/avatar\/7268715d2366395c3dd314385670e6484117d44f5c442e61e230f7008b7b62d3?s=96&d=mm&r=g","url":"https:\/\/secure.gravatar.com\/avatar\/7268715d2366395c3dd314385670e6484117d44f5c442e61e230f7008b7b62d3?s=96&d=mm&r=g","contentUrl":"https:\/\/secure.gravatar.com\/avatar\/7268715d2366395c3dd314385670e6484117d44f5c442e61e230f7008b7b62d3?s=96&d=mm&r=g","caption":"Filippo Francesco Idone"},"url":"https:\/\/progettotouring.it\/radiotouring104\/author\/filippoidone\/"}]}},"jetpack_publicize_connections":[],"jetpack_featured_media_url":"https:\/\/progettotouring.it\/radiotouring104\/wp-content\/uploads\/sites\/6\/2024\/01\/centro-sportivo-italiano.jpg","jetpack_sharing_enabled":true,"_links":{"self":[{"href":"https:\/\/progettotouring.it\/radiotouring104\/wp-json\/wp\/v2\/posts\/43311","targetHints":{"allow":["GET"]}}],"collection":[{"href":"https:\/\/progettotouring.it\/radiotouring104\/wp-json\/wp\/v2\/posts"}],"about":[{"href":"https:\/\/progettotouring.it\/radiotouring104\/wp-json\/wp\/v2\/types\/post"}],"author":[{"embeddable":true,"href":"https:\/\/progettotouring.it\/radiotouring104\/wp-json\/wp\/v2\/users\/8"}],"replies":[{"embeddable":true,"href":"https:\/\/progettotouring.it\/radiotouring104\/wp-json\/wp\/v2\/comments?post=43311"}],"version-history":[{"count":1,"href":"https:\/\/progettotouring.it\/radiotouring104\/wp-json\/wp\/v2\/posts\/43311\/revisions"}],"predecessor-version":[{"id":43313,"href":"https:\/\/progettotouring.it\/radiotouring104\/wp-json\/wp\/v2\/posts\/43311\/revisions\/43313"}],"wp:featuredmedia":[{"embeddable":true,"href":"https:\/\/progettotouring.it\/radiotouring104\/wp-json\/wp\/v2\/media\/43312"}],"wp:attachment":[{"href":"https:\/\/progettotouring.it\/radiotouring104\/wp-json\/wp\/v2\/media?parent=43311"}],"wp:term":[{"taxonomy":"category","embeddable":true,"href":"https:\/\/progettotouring.it\/radiotouring104\/wp-json\/wp\/v2\/categories?post=43311"},{"taxonomy":"post_tag","embeddable":true,"href":"https:\/\/progettotouring.it\/radiotouring104\/wp-json\/wp\/v2\/tags?post=43311"}],"curies":[{"name":"wp","href":"https:\/\/api.w.org\/{rel}","templated":true}]}}