{"id":43316,"date":"2024-01-24T08:33:55","date_gmt":"2024-01-24T07:33:55","guid":{"rendered":"https:\/\/progettotouring.it\/radiotouring104\/?p=43316"},"modified":"2024-01-24T13:38:32","modified_gmt":"2024-01-24T12:38:32","slug":"reggio-calabria-tutto-pronto-per-il-progetto-incontriamoci","status":"publish","type":"post","link":"https:\/\/progettotouring.it\/radiotouring104\/2024\/01\/24\/reggio-calabria-tutto-pronto-per-il-progetto-incontriamoci\/","title":{"rendered":"Reggio Calabria: tutto pronto per il progetto \u201cIncontriamoci\u201d"},"content":{"rendered":"<p style=\"text-align: justify\">Partir\u00e0 a Reggio Calabria in via sperimentale il progetto \u201cIncontriamoci\u201d, sostenuto dalle leghe SPI dell\u2019ambito di Reggio Calabria insieme alle AUSER Catona, Solidariet\u00e0, Soccorso e Pellaro, dedicato agli anziani della citt\u00e0.<\/p>\n<p style=\"text-align: justify\">Con l\u2019aumento dell\u2019et\u00e0 media della popolazione, si osserva un incremento di fragilit\u00e0 e solitudine tra gli anziani. \u00a0La vecchiaia per\u00f2 non deve essere considerata una malattia, bens\u00ec una fase naturale della vita che pu\u00f2 essere vissuta ancora con il conforto del benessere. Registriamo giornalmente un welfare carente, una sanit\u00e0 allo sbando, alcune dinamiche socio-economiche come la sostituzione dei negozi di prossimit\u00e0, la riduzione dei servizi di trasporto pubblico e l\u2019emigrazione dei figli. \u00a0Tutto ci\u00f2 determina un impoverimento della vita di relazione e degli interessi proprio nel momento in cui l\u2019individuo avrebbe la possibilit\u00e0 di riappropriarsi del proprio tempo e vivere pi\u00f9 profondamente esperienze di vita e operosit\u00e0.<\/p>\n<p style=\"text-align: justify\">Gli obiettivi che il progetto \u201cINCONTRIAMOCI\u201d si prefigge di raggiungere?<\/p>\n<ul style=\"text-align: justify\">\n<li>Contrastare la solitudine tra gli anziani;<\/li>\n<li>Favorire l\u2019incontro e l\u2019interazione tra generazioni diverse per promuovere l\u2019inclusione sociale;<\/li>\n<li>Riconoscere e valorizzare la dignit\u00e0 degli anziani attraverso la partecipazione attiva e la cittadinanza attiva;<\/li>\n<li>Migliorare la qualit\u00e0 della vita degli anziani con attivit\u00e0 sociali che stimolino il benessere psicofisico e allarghino gli orizzonti culturali.<\/li>\n<\/ul>\n<p style=\"text-align: justify\">Questo progetto, della durata di sei mesi, sar\u00e0 monitorato attentamente mediante valutazioni trimestrali basate su questionari e schede di rilevazione che si concentrano su indicatori specifici.<\/p>\n<p style=\"text-align: justify\">Coloro i quali sono interessati possono contattare le seguenti sedi per maggiori informazioni:<\/p>\n<ul>\n<li style=\"text-align: justify\">Lega di ambito Reggio Calabria e Auser Solidariet\u00e0;<\/li>\n<li style=\"text-align: justify\">Sub Lega Catona e Auser Catona;<\/li>\n<li style=\"text-align: justify\">Sub Lega Sbarre e Auser Soccorso;<\/li>\n<li style=\"text-align: justify\">Sub Lega Pellaro e Auser Pellaro;<\/li>\n<li style=\"text-align: justify\">Sub Lega Cannavo.<\/li>\n<\/ul>\n","protected":false},"excerpt":{"rendered":"<p>Partir\u00e0 a Reggio Calabria in via sperimentale il progetto \u201cIncontriamoci\u201d, sostenuto dalle leghe SPI dell\u2019ambito di Reggio Calabria insieme alle AUSER Catona, Solidariet\u00e0, Soccorso e Pellaro, dedicato agli anziani della&hellip;<\/p>\n","protected":false},"author":8,"featured_media":43317,"comment_status":"closed","ping_status":"open","sticky":false,"template":"","format":"standard","meta":{"_jetpack_memberships_contains_paid_content":false,"footnotes":"","jetpack_publicize_message":"","jetpack_publicize_feature_enabled":true,"jetpack_social_post_already_shared":false,"jetpack_social_options":{"image_generator_settings":{"template":"highway","default_image_id":0,"font":"","enabled":false},"version":2}},"categories":[921,196,140],"tags":[26688,236,15731],"class_list":["post-43316","post","type-post","status-publish","format-standard","has-post-thumbnail","hentry","category-home","category-news","category-reggio-calabria","tag-incontriamoci","tag-reggio-calabria","tag-spi"],"yoast_head":"<!-- This site is optimized with the Yoast SEO plugin v27.2 - https:\/\/yoast.com\/product\/yoast-seo-wordpress\/ -->\n<title>Reggio Calabria: tutto pronto per il progetto \u201cIncontriamoci\u201d - Radio Touring 104<\/title>\n<meta name=\"description\" content=\"Partir\u00e0 in via sperimentale il progetto \u201cIncontriamoci\u201d, sostenuto dalle leghe SPI dell\u2019ambito di Reggio Calabria\" \/>\n<meta name=\"robots\" content=\"index, follow, max-snippet:-1, max-image-preview:large, max-video-preview:-1\" \/>\n<link rel=\"canonical\" href=\"https:\/\/progettotouring.it\/radiotouring104\/2024\/01\/24\/reggio-calabria-tutto-pronto-per-il-progetto-incontriamoci\/\" \/>\n<meta property=\"og:locale\" content=\"it_IT\" \/>\n<meta property=\"og:type\" content=\"article\" \/>\n<meta property=\"og:title\" content=\"Reggio Calabria: tutto pronto per il progetto \u201cIncontriamoci\u201d - Radio Touring 104\" \/>\n<meta property=\"og:description\" content=\"Partir\u00e0 in via sperimentale il progetto \u201cIncontriamoci\u201d, sostenuto dalle leghe SPI dell\u2019ambito di Reggio Calabria\" \/>\n<meta property=\"og:url\" content=\"https:\/\/progettotouring.it\/radiotouring104\/2024\/01\/24\/reggio-calabria-tutto-pronto-per-il-progetto-incontriamoci\/\" \/>\n<meta property=\"og:site_name\" content=\"Radio Touring 104\" \/>\n<meta property=\"article:published_time\" content=\"2024-01-24T07:33:55+00:00\" \/>\n<meta property=\"article:modified_time\" content=\"2024-01-24T12:38:32+00:00\" \/>\n<meta property=\"og:image\" content=\"https:\/\/progettotouring.it\/radiotouring104\/wp-content\/uploads\/sites\/6\/2024\/01\/Auser-Solidarieta-reggio-calabria.jpg\" \/>\n\t<meta property=\"og:image:width\" content=\"2048\" \/>\n\t<meta property=\"og:image:height\" content=\"1353\" \/>\n\t<meta property=\"og:image:type\" content=\"image\/jpeg\" \/>\n<meta name=\"author\" content=\"Filippo Francesco Idone\" \/>\n<meta name=\"twitter:card\" content=\"summary_large_image\" \/>\n<meta name=\"twitter:label1\" content=\"Scritto da\" \/>\n\t<meta name=\"twitter:data1\" content=\"Filippo Francesco Idone\" \/>\n\t<meta name=\"twitter:label2\" content=\"Tempo di lettura stimato\" \/>\n\t<meta name=\"twitter:data2\" content=\"1 minuto\" \/>\n<script type=\"application\/ld+json\" class=\"yoast-schema-graph\">{\"@context\":\"https:\/\/schema.org\",\"@graph\":[{\"@type\":\"Article\",\"@id\":\"https:\/\/progettotouring.it\/radiotouring104\/2024\/01\/24\/reggio-calabria-tutto-pronto-per-il-progetto-incontriamoci\/#article\",\"isPartOf\":{\"@id\":\"https:\/\/progettotouring.it\/radiotouring104\/2024\/01\/24\/reggio-calabria-tutto-pronto-per-il-progetto-incontriamoci\/\"},\"author\":{\"name\":\"Filippo Francesco Idone\",\"@id\":\"https:\/\/progettotouring.it\/radiotouring104\/#\/schema\/person\/4a82259ca52ac8702ad1a8f9e5a3120b\"},\"headline\":\"Reggio Calabria: tutto pronto per il progetto \u201cIncontriamoci\u201d\",\"datePublished\":\"2024-01-24T07:33:55+00:00\",\"dateModified\":\"2024-01-24T12:38:32+00:00\",\"mainEntityOfPage\":{\"@id\":\"https:\/\/progettotouring.it\/radiotouring104\/2024\/01\/24\/reggio-calabria-tutto-pronto-per-il-progetto-incontriamoci\/\"},\"wordCount\":284,\"publisher\":{\"@id\":\"https:\/\/progettotouring.it\/radiotouring104\/#organization\"},\"image\":{\"@id\":\"https:\/\/progettotouring.it\/radiotouring104\/2024\/01\/24\/reggio-calabria-tutto-pronto-per-il-progetto-incontriamoci\/#primaryimage\"},\"thumbnailUrl\":\"https:\/\/progettotouring.it\/radiotouring104\/wp-content\/uploads\/sites\/6\/2024\/01\/Auser-Solidarieta-reggio-calabria.jpg\",\"keywords\":[\"Incontriamoci\",\"reggio calabria\",\"Spi\"],\"articleSection\":[\"Home\",\"News\",\"Reggio Calabria\"],\"inLanguage\":\"it-IT\"},{\"@type\":\"WebPage\",\"@id\":\"https:\/\/progettotouring.it\/radiotouring104\/2024\/01\/24\/reggio-calabria-tutto-pronto-per-il-progetto-incontriamoci\/\",\"url\":\"https:\/\/progettotouring.it\/radiotouring104\/2024\/01\/24\/reggio-calabria-tutto-pronto-per-il-progetto-incontriamoci\/\",\"name\":\"Reggio Calabria: tutto pronto per il progetto \u201cIncontriamoci\u201d - Radio Touring 104\",\"isPartOf\":{\"@id\":\"https:\/\/progettotouring.it\/radiotouring104\/#website\"},\"primaryImageOfPage\":{\"@id\":\"https:\/\/progettotouring.it\/radiotouring104\/2024\/01\/24\/reggio-calabria-tutto-pronto-per-il-progetto-incontriamoci\/#primaryimage\"},\"image\":{\"@id\":\"https:\/\/progettotouring.it\/radiotouring104\/2024\/01\/24\/reggio-calabria-tutto-pronto-per-il-progetto-incontriamoci\/#primaryimage\"},\"thumbnailUrl\":\"https:\/\/progettotouring.it\/radiotouring104\/wp-content\/uploads\/sites\/6\/2024\/01\/Auser-Solidarieta-reggio-calabria.jpg\",\"datePublished\":\"2024-01-24T07:33:55+00:00\",\"dateModified\":\"2024-01-24T12:38:32+00:00\",\"description\":\"Partir\u00e0 in via sperimentale il progetto \u201cIncontriamoci\u201d, sostenuto dalle leghe SPI dell\u2019ambito di Reggio Calabria\",\"breadcrumb\":{\"@id\":\"https:\/\/progettotouring.it\/radiotouring104\/2024\/01\/24\/reggio-calabria-tutto-pronto-per-il-progetto-incontriamoci\/#breadcrumb\"},\"inLanguage\":\"it-IT\",\"potentialAction\":[{\"@type\":\"ReadAction\",\"target\":[\"https:\/\/progettotouring.it\/radiotouring104\/2024\/01\/24\/reggio-calabria-tutto-pronto-per-il-progetto-incontriamoci\/\"]}]},{\"@type\":\"ImageObject\",\"inLanguage\":\"it-IT\",\"@id\":\"https:\/\/progettotouring.it\/radiotouring104\/2024\/01\/24\/reggio-calabria-tutto-pronto-per-il-progetto-incontriamoci\/#primaryimage\",\"url\":\"https:\/\/progettotouring.it\/radiotouring104\/wp-content\/uploads\/sites\/6\/2024\/01\/Auser-Solidarieta-reggio-calabria.jpg\",\"contentUrl\":\"https:\/\/progettotouring.it\/radiotouring104\/wp-content\/uploads\/sites\/6\/2024\/01\/Auser-Solidarieta-reggio-calabria.jpg\",\"width\":2048,\"height\":1353},{\"@type\":\"BreadcrumbList\",\"@id\":\"https:\/\/progettotouring.it\/radiotouring104\/2024\/01\/24\/reggio-calabria-tutto-pronto-per-il-progetto-incontriamoci\/#breadcrumb\",\"itemListElement\":[{\"@type\":\"ListItem\",\"position\":1,\"name\":\"Home\",\"item\":\"https:\/\/progettotouring.it\/radiotouring104\/\"},{\"@type\":\"ListItem\",\"position\":2,\"name\":\"Reggio Calabria: tutto pronto per il progetto \u201cIncontriamoci\u201d\"}]},{\"@type\":\"WebSite\",\"@id\":\"https:\/\/progettotouring.it\/radiotouring104\/#website\",\"url\":\"https:\/\/progettotouring.it\/radiotouring104\/\",\"name\":\"Radio Touring 104\",\"description\":\"La prima radio Reggina\",\"publisher\":{\"@id\":\"https:\/\/progettotouring.it\/radiotouring104\/#organization\"},\"potentialAction\":[{\"@type\":\"SearchAction\",\"target\":{\"@type\":\"EntryPoint\",\"urlTemplate\":\"https:\/\/progettotouring.it\/radiotouring104\/?s={search_term_string}\"},\"query-input\":{\"@type\":\"PropertyValueSpecification\",\"valueRequired\":true,\"valueName\":\"search_term_string\"}}],\"inLanguage\":\"it-IT\"},{\"@type\":\"Organization\",\"@id\":\"https:\/\/progettotouring.it\/radiotouring104\/#organization\",\"name\":\"Radio Touring 104\",\"url\":\"https:\/\/progettotouring.it\/radiotouring104\/\",\"logo\":{\"@type\":\"ImageObject\",\"inLanguage\":\"it-IT\",\"@id\":\"https:\/\/progettotouring.it\/radiotouring104\/#\/schema\/logo\/image\/\",\"url\":\"https:\/\/progettotouring.it\/radiotouring104\/wp-content\/uploads\/sites\/6\/2022\/02\/cropped-logo-radio-touring-104.png\",\"contentUrl\":\"https:\/\/progettotouring.it\/radiotouring104\/wp-content\/uploads\/sites\/6\/2022\/02\/cropped-logo-radio-touring-104.png\",\"width\":377,\"height\":182,\"caption\":\"Radio Touring 104\"},\"image\":{\"@id\":\"https:\/\/progettotouring.it\/radiotouring104\/#\/schema\/logo\/image\/\"}},{\"@type\":\"Person\",\"@id\":\"https:\/\/progettotouring.it\/radiotouring104\/#\/schema\/person\/4a82259ca52ac8702ad1a8f9e5a3120b\",\"name\":\"Filippo Francesco Idone\",\"image\":{\"@type\":\"ImageObject\",\"inLanguage\":\"it-IT\",\"@id\":\"https:\/\/secure.gravatar.com\/avatar\/7268715d2366395c3dd314385670e6484117d44f5c442e61e230f7008b7b62d3?s=96&d=mm&r=g\",\"url\":\"https:\/\/secure.gravatar.com\/avatar\/7268715d2366395c3dd314385670e6484117d44f5c442e61e230f7008b7b62d3?s=96&d=mm&r=g\",\"contentUrl\":\"https:\/\/secure.gravatar.com\/avatar\/7268715d2366395c3dd314385670e6484117d44f5c442e61e230f7008b7b62d3?s=96&d=mm&r=g\",\"caption\":\"Filippo Francesco Idone\"},\"url\":\"https:\/\/progettotouring.it\/radiotouring104\/author\/filippoidone\/\"}]}<\/script>\n<!-- \/ Yoast SEO plugin. -->","yoast_head_json":{"title":"Reggio Calabria: tutto pronto per il progetto \u201cIncontriamoci\u201d - Radio Touring 104","description":"Partir\u00e0 in via sperimentale il progetto \u201cIncontriamoci\u201d, sostenuto dalle leghe SPI dell\u2019ambito di Reggio Calabria","robots":{"index":"index","follow":"follow","max-snippet":"max-snippet:-1","max-image-preview":"max-image-preview:large","max-video-preview":"max-video-preview:-1"},"canonical":"https:\/\/progettotouring.it\/radiotouring104\/2024\/01\/24\/reggio-calabria-tutto-pronto-per-il-progetto-incontriamoci\/","og_locale":"it_IT","og_type":"article","og_title":"Reggio Calabria: tutto pronto per il progetto \u201cIncontriamoci\u201d - Radio Touring 104","og_description":"Partir\u00e0 in via sperimentale il progetto \u201cIncontriamoci\u201d, sostenuto dalle leghe SPI dell\u2019ambito di Reggio Calabria","og_url":"https:\/\/progettotouring.it\/radiotouring104\/2024\/01\/24\/reggio-calabria-tutto-pronto-per-il-progetto-incontriamoci\/","og_site_name":"Radio Touring 104","article_published_time":"2024-01-24T07:33:55+00:00","article_modified_time":"2024-01-24T12:38:32+00:00","og_image":[{"width":2048,"height":1353,"url":"https:\/\/progettotouring.it\/radiotouring104\/wp-content\/uploads\/sites\/6\/2024\/01\/Auser-Solidarieta-reggio-calabria.jpg","type":"image\/jpeg"}],"author":"Filippo Francesco Idone","twitter_card":"summary_large_image","twitter_misc":{"Scritto da":"Filippo Francesco Idone","Tempo di lettura stimato":"1 minuto"},"schema":{"@context":"https:\/\/schema.org","@graph":[{"@type":"Article","@id":"https:\/\/progettotouring.it\/radiotouring104\/2024\/01\/24\/reggio-calabria-tutto-pronto-per-il-progetto-incontriamoci\/#article","isPartOf":{"@id":"https:\/\/progettotouring.it\/radiotouring104\/2024\/01\/24\/reggio-calabria-tutto-pronto-per-il-progetto-incontriamoci\/"},"author":{"name":"Filippo Francesco Idone","@id":"https:\/\/progettotouring.it\/radiotouring104\/#\/schema\/person\/4a82259ca52ac8702ad1a8f9e5a3120b"},"headline":"Reggio Calabria: tutto pronto per il progetto \u201cIncontriamoci\u201d","datePublished":"2024-01-24T07:33:55+00:00","dateModified":"2024-01-24T12:38:32+00:00","mainEntityOfPage":{"@id":"https:\/\/progettotouring.it\/radiotouring104\/2024\/01\/24\/reggio-calabria-tutto-pronto-per-il-progetto-incontriamoci\/"},"wordCount":284,"publisher":{"@id":"https:\/\/progettotouring.it\/radiotouring104\/#organization"},"image":{"@id":"https:\/\/progettotouring.it\/radiotouring104\/2024\/01\/24\/reggio-calabria-tutto-pronto-per-il-progetto-incontriamoci\/#primaryimage"},"thumbnailUrl":"https:\/\/progettotouring.it\/radiotouring104\/wp-content\/uploads\/sites\/6\/2024\/01\/Auser-Solidarieta-reggio-calabria.jpg","keywords":["Incontriamoci","reggio calabria","Spi"],"articleSection":["Home","News","Reggio Calabria"],"inLanguage":"it-IT"},{"@type":"WebPage","@id":"https:\/\/progettotouring.it\/radiotouring104\/2024\/01\/24\/reggio-calabria-tutto-pronto-per-il-progetto-incontriamoci\/","url":"https:\/\/progettotouring.it\/radiotouring104\/2024\/01\/24\/reggio-calabria-tutto-pronto-per-il-progetto-incontriamoci\/","name":"Reggio Calabria: tutto pronto per il progetto \u201cIncontriamoci\u201d - Radio Touring 104","isPartOf":{"@id":"https:\/\/progettotouring.it\/radiotouring104\/#website"},"primaryImageOfPage":{"@id":"https:\/\/progettotouring.it\/radiotouring104\/2024\/01\/24\/reggio-calabria-tutto-pronto-per-il-progetto-incontriamoci\/#primaryimage"},"image":{"@id":"https:\/\/progettotouring.it\/radiotouring104\/2024\/01\/24\/reggio-calabria-tutto-pronto-per-il-progetto-incontriamoci\/#primaryimage"},"thumbnailUrl":"https:\/\/progettotouring.it\/radiotouring104\/wp-content\/uploads\/sites\/6\/2024\/01\/Auser-Solidarieta-reggio-calabria.jpg","datePublished":"2024-01-24T07:33:55+00:00","dateModified":"2024-01-24T12:38:32+00:00","description":"Partir\u00e0 in via sperimentale il progetto \u201cIncontriamoci\u201d, sostenuto dalle leghe SPI dell\u2019ambito di Reggio Calabria","breadcrumb":{"@id":"https:\/\/progettotouring.it\/radiotouring104\/2024\/01\/24\/reggio-calabria-tutto-pronto-per-il-progetto-incontriamoci\/#breadcrumb"},"inLanguage":"it-IT","potentialAction":[{"@type":"ReadAction","target":["https:\/\/progettotouring.it\/radiotouring104\/2024\/01\/24\/reggio-calabria-tutto-pronto-per-il-progetto-incontriamoci\/"]}]},{"@type":"ImageObject","inLanguage":"it-IT","@id":"https:\/\/progettotouring.it\/radiotouring104\/2024\/01\/24\/reggio-calabria-tutto-pronto-per-il-progetto-incontriamoci\/#primaryimage","url":"https:\/\/progettotouring.it\/radiotouring104\/wp-content\/uploads\/sites\/6\/2024\/01\/Auser-Solidarieta-reggio-calabria.jpg","contentUrl":"https:\/\/progettotouring.it\/radiotouring104\/wp-content\/uploads\/sites\/6\/2024\/01\/Auser-Solidarieta-reggio-calabria.jpg","width":2048,"height":1353},{"@type":"BreadcrumbList","@id":"https:\/\/progettotouring.it\/radiotouring104\/2024\/01\/24\/reggio-calabria-tutto-pronto-per-il-progetto-incontriamoci\/#breadcrumb","itemListElement":[{"@type":"ListItem","position":1,"name":"Home","item":"https:\/\/progettotouring.it\/radiotouring104\/"},{"@type":"ListItem","position":2,"name":"Reggio Calabria: tutto pronto per il progetto \u201cIncontriamoci\u201d"}]},{"@type":"WebSite","@id":"https:\/\/progettotouring.it\/radiotouring104\/#website","url":"https:\/\/progettotouring.it\/radiotouring104\/","name":"Radio Touring 104","description":"La prima radio Reggina","publisher":{"@id":"https:\/\/progettotouring.it\/radiotouring104\/#organization"},"potentialAction":[{"@type":"SearchAction","target":{"@type":"EntryPoint","urlTemplate":"https:\/\/progettotouring.it\/radiotouring104\/?s={search_term_string}"},"query-input":{"@type":"PropertyValueSpecification","valueRequired":true,"valueName":"search_term_string"}}],"inLanguage":"it-IT"},{"@type":"Organization","@id":"https:\/\/progettotouring.it\/radiotouring104\/#organization","name":"Radio Touring 104","url":"https:\/\/progettotouring.it\/radiotouring104\/","logo":{"@type":"ImageObject","inLanguage":"it-IT","@id":"https:\/\/progettotouring.it\/radiotouring104\/#\/schema\/logo\/image\/","url":"https:\/\/progettotouring.it\/radiotouring104\/wp-content\/uploads\/sites\/6\/2022\/02\/cropped-logo-radio-touring-104.png","contentUrl":"https:\/\/progettotouring.it\/radiotouring104\/wp-content\/uploads\/sites\/6\/2022\/02\/cropped-logo-radio-touring-104.png","width":377,"height":182,"caption":"Radio Touring 104"},"image":{"@id":"https:\/\/progettotouring.it\/radiotouring104\/#\/schema\/logo\/image\/"}},{"@type":"Person","@id":"https:\/\/progettotouring.it\/radiotouring104\/#\/schema\/person\/4a82259ca52ac8702ad1a8f9e5a3120b","name":"Filippo Francesco Idone","image":{"@type":"ImageObject","inLanguage":"it-IT","@id":"https:\/\/secure.gravatar.com\/avatar\/7268715d2366395c3dd314385670e6484117d44f5c442e61e230f7008b7b62d3?s=96&d=mm&r=g","url":"https:\/\/secure.gravatar.com\/avatar\/7268715d2366395c3dd314385670e6484117d44f5c442e61e230f7008b7b62d3?s=96&d=mm&r=g","contentUrl":"https:\/\/secure.gravatar.com\/avatar\/7268715d2366395c3dd314385670e6484117d44f5c442e61e230f7008b7b62d3?s=96&d=mm&r=g","caption":"Filippo Francesco Idone"},"url":"https:\/\/progettotouring.it\/radiotouring104\/author\/filippoidone\/"}]}},"jetpack_publicize_connections":[],"jetpack_featured_media_url":"https:\/\/progettotouring.it\/radiotouring104\/wp-content\/uploads\/sites\/6\/2024\/01\/Auser-Solidarieta-reggio-calabria.jpg","jetpack_sharing_enabled":true,"_links":{"self":[{"href":"https:\/\/progettotouring.it\/radiotouring104\/wp-json\/wp\/v2\/posts\/43316","targetHints":{"allow":["GET"]}}],"collection":[{"href":"https:\/\/progettotouring.it\/radiotouring104\/wp-json\/wp\/v2\/posts"}],"about":[{"href":"https:\/\/progettotouring.it\/radiotouring104\/wp-json\/wp\/v2\/types\/post"}],"author":[{"embeddable":true,"href":"https:\/\/progettotouring.it\/radiotouring104\/wp-json\/wp\/v2\/users\/8"}],"replies":[{"embeddable":true,"href":"https:\/\/progettotouring.it\/radiotouring104\/wp-json\/wp\/v2\/comments?post=43316"}],"version-history":[{"count":1,"href":"https:\/\/progettotouring.it\/radiotouring104\/wp-json\/wp\/v2\/posts\/43316\/revisions"}],"predecessor-version":[{"id":43318,"href":"https:\/\/progettotouring.it\/radiotouring104\/wp-json\/wp\/v2\/posts\/43316\/revisions\/43318"}],"wp:featuredmedia":[{"embeddable":true,"href":"https:\/\/progettotouring.it\/radiotouring104\/wp-json\/wp\/v2\/media\/43317"}],"wp:attachment":[{"href":"https:\/\/progettotouring.it\/radiotouring104\/wp-json\/wp\/v2\/media?parent=43316"}],"wp:term":[{"taxonomy":"category","embeddable":true,"href":"https:\/\/progettotouring.it\/radiotouring104\/wp-json\/wp\/v2\/categories?post=43316"},{"taxonomy":"post_tag","embeddable":true,"href":"https:\/\/progettotouring.it\/radiotouring104\/wp-json\/wp\/v2\/tags?post=43316"}],"curies":[{"name":"wp","href":"https:\/\/api.w.org\/{rel}","templated":true}]}}