{"id":4343,"date":"2022-04-20T20:18:10","date_gmt":"2022-04-20T18:18:10","guid":{"rendered":"https:\/\/progettotouring.it\/radiotouring104\/?p=4343"},"modified":"2022-04-20T20:20:49","modified_gmt":"2022-04-20T18:20:49","slug":"non-mi-fa-dormire-deddy-presenta-il-suo-nuovo-brano-a-radiotouring","status":"publish","type":"post","link":"https:\/\/progettotouring.it\/radiotouring104\/2022\/04\/20\/non-mi-fa-dormire-deddy-presenta-il-suo-nuovo-brano-a-radiotouring\/","title":{"rendered":"&#8220;Non mi fa dormire&#8221;: Deddy presenta il suo nuovo brano a Radio Touring"},"content":{"rendered":"<p style=\"text-align: justify;\">Direttamente dal grande palcoscenico di <strong>Amici 2020<\/strong>, arriva a RadioTouring il giovane cantante<strong> Deddy<\/strong>: il ragazzo, a soli 19 anni, ha gi\u00e0 riscosso un grande successo, anche grazie al trampolino di lancio offerto dal Talent di Maria De Filippi, conquistando un disco di platino e un disco multiplatino, rispettivamente con i brani &#8220;Il cielo contromano&#8221; e &#8220;0 passi&#8221;, e 104 milioni di streaming.<br \/>\nOggi Deddy ha presentato, ai microfoni di Filippo Lopresti, il nuovo brano &#8220;<strong>Non mi fa dormire<\/strong>&#8220;, che interpreta assieme alla cantautrice <strong>Caffellatte<\/strong>. Il brano, prodotto dalla <strong>Warner<\/strong>, \u00e8 uscito ufficialmente su tutte le piattaforme lo scorso 15 aprile e nel giro di pochi giorni il<strong><a href=\"https:\/\/www.youtube.com\/watch?v=Hf6tY3amROo\" target=\"_blank\" rel=\"noopener\"> videoclip ufficiale<\/a><\/strong> ha gi\u00e0 ottenuto oltre 100.000 visualizzazioni su YouTube.<\/p>\n<p style=\"text-align: justify;\"><img fetchpriority=\"high\" decoding=\"async\" class=\"size-medium wp-image-4347 aligncenter\" src=\"https:\/\/progettotouring.it\/radiotouring104\/wp-content\/uploads\/sites\/6\/2022\/04\/deddy-300x170.png\" alt=\"\" width=\"300\" height=\"170\" srcset=\"https:\/\/progettotouring.it\/radiotouring104\/wp-content\/uploads\/sites\/6\/2022\/04\/deddy-300x170.png 300w, https:\/\/progettotouring.it\/radiotouring104\/wp-content\/uploads\/sites\/6\/2022\/04\/deddy-1024x579.png 1024w, https:\/\/progettotouring.it\/radiotouring104\/wp-content\/uploads\/sites\/6\/2022\/04\/deddy-768x434.png 768w, https:\/\/progettotouring.it\/radiotouring104\/wp-content\/uploads\/sites\/6\/2022\/04\/deddy-1536x869.png 1536w, https:\/\/progettotouring.it\/radiotouring104\/wp-content\/uploads\/sites\/6\/2022\/04\/deddy-1170x663.png 1170w, https:\/\/progettotouring.it\/radiotouring104\/wp-content\/uploads\/sites\/6\/2022\/04\/deddy-585x331.png 585w, https:\/\/progettotouring.it\/radiotouring104\/wp-content\/uploads\/sites\/6\/2022\/04\/deddy.png 1542w\" sizes=\"(max-width: 300px) 100vw, 300px\" \/><\/p>\n<p style=\"text-align: justify;\">In collegamento dalla sua stanza d&#8217;albergo di Roma, dove si trova per le prove dei prossimi live, Deddy racconta di come ha conosciuto Caffellatte, sua compagna d&#8217;avventura per il nuovo singolo appena uscito, e che gi\u00e0 fa impazzire i fan: &#8220;<em>Ho scoperto Giorgia tramite le playlist di Spotify. \u00c8 una bravissima ragazza, molto intelligente. Sar\u00e0 ospite del mio tour, l&#8217;abbiamo annunciato ufficialmente: canteremo insieme &#8220;Non mi fa dormire<\/em>&#8220;.<\/p>\n<p style=\"text-align: justify;\">La storia di un ragazzo qualunque, probabilmente destinato a fare il barbiere (attivit\u00e0 che adora), ma che il talento ha portato da tutt&#8217;altra parte. Un talento che, incredibilmente, rimane nascosto perfino alla famiglia per tanto tempo. Ci racconta: <em>&#8220;Deddy&#8221; nasce da mio fratello: io ho un fratello pi\u00f9 grande di due anni, che quando eravamo piccolissimi non riusciva a dire\u00a0 &#8220;Dennis&#8221; e mi chiamava &#8220;Dedde&#8221;. Tutte le persone a cui sono realmente legato, la mia famiglia, gli amici pi\u00f9 stretti mi chiamano cos\u00ec.<\/em><em>\u00a0<\/em><em>I miei non sapevano nulla della mia passione per la musica, l&#8217;hanno saputo un anno prima di Amici. L&#8217;ho tenuto nascosto per tanto tempo. Ma scrivo da quando avevo 12 anni, e non tutti i miei testi sono romantici: alcuni sono estremamente personali, altri parlano della mia famiglia. <\/em><em>Tutte le mie canzoni, per\u00f2, sono autobiografiche: sono emozioni e immagini che ho provato e provo tutt&#8217;ora nella mia vita&#8221;.<\/em><\/p>\n<p style=\"text-align: justify;\">E riguardo il suo nuovo brano, Deddy spiega: &#8220;<em>In realt\u00e0 \u00e8 un grido di amore verso se stessi: ci sono tante relazioni e tanti rapporti umani che sono in realt\u00e0 malati, e non \u00e8 amore quello, \u00e8 ossessione. Quindi &#8220;Pensa a te&#8221; \u00e8 proprio un invito a pensare a se stessi, perch\u00e9 gli altri non lo fanno, quindi fallo tu!&#8221;.<\/em><\/p>\n<p style=\"text-align: justify;\">Deddy, dopo i sold-out di Dicembre a Roma e a Milano, torna in concerto nei grandi club: il 26 Aprile a Milano al Fabrique;<br \/>\nil 27 Aprile all&#8217;Atlantico di Roma; il 29 Aprile a Napoli presso la Casa della Musica e il 30 Aprile a Bari al Demod\u00e9 Club. In estate, annuncia, toccher\u00e0 con i suoi concerti tutta Italia.<\/p>\n","protected":false},"excerpt":{"rendered":"<p>Direttamente dal grande palcoscenico di Amici 2020, arriva a RadioTouring il giovane cantante Deddy: il ragazzo, a soli 19 anni, ha gi\u00e0 riscosso un grande successo, anche grazie al trampolino&hellip;<\/p>\n","protected":false},"author":1,"featured_media":4346,"comment_status":"open","ping_status":"open","sticky":false,"template":"","format":"standard","meta":{"_jetpack_memberships_contains_paid_content":false,"footnotes":"","jetpack_publicize_message":"","jetpack_publicize_feature_enabled":true,"jetpack_social_post_already_shared":false,"jetpack_social_options":{"image_generator_settings":{"template":"highway","default_image_id":0,"font":"","enabled":false},"version":2}},"categories":[921,149,146,196,140],"tags":[1058,1056,601,1055,602,603,1057,805],"class_list":["post-4343","post","type-post","status-publish","format-standard","has-post-thumbnail","hentry","category-home","category-interviste","category-musica","category-news","category-reggio-calabria","tag-amici-di-maria-de-filippi","tag-caffellatte","tag-casa-lopresti","tag-deddy","tag-filippo-lopresti","tag-intervista","tag-non-mi-fa-dormire","tag-radio-touring-104"],"yoast_head":"<!-- This site is optimized with the Yoast SEO plugin v27.2 - https:\/\/yoast.com\/product\/yoast-seo-wordpress\/ -->\n<title>&quot;Non mi fa dormire&quot;: Deddy presenta il suo nuovo brano a Radio Touring<\/title>\n<meta name=\"description\" content=\"Deddy e Caffellatte insieme per un nuovo progetto con il brano &quot;Non mi fa dormire&quot;, su tutte le piattaforme dal 15 aprile\" \/>\n<meta name=\"robots\" content=\"index, follow, max-snippet:-1, max-image-preview:large, max-video-preview:-1\" \/>\n<link rel=\"canonical\" href=\"https:\/\/progettotouring.it\/radiotouring104\/2022\/04\/20\/non-mi-fa-dormire-deddy-presenta-il-suo-nuovo-brano-a-radiotouring\/\" \/>\n<meta property=\"og:locale\" content=\"it_IT\" \/>\n<meta property=\"og:type\" content=\"article\" \/>\n<meta property=\"og:title\" content=\"&quot;Non mi fa dormire&quot;: Deddy presenta il suo nuovo brano a Radio Touring\" \/>\n<meta property=\"og:description\" content=\"Deddy e Caffellatte insieme per un nuovo progetto con il brano &quot;Non mi fa dormire&quot;, su tutte le piattaforme dal 15 aprile\" \/>\n<meta property=\"og:url\" content=\"https:\/\/progettotouring.it\/radiotouring104\/2022\/04\/20\/non-mi-fa-dormire-deddy-presenta-il-suo-nuovo-brano-a-radiotouring\/\" \/>\n<meta property=\"og:site_name\" content=\"Radio Touring 104\" \/>\n<meta property=\"article:published_time\" content=\"2022-04-20T18:18:10+00:00\" \/>\n<meta property=\"article:modified_time\" content=\"2022-04-20T18:20:49+00:00\" \/>\n<meta property=\"og:image\" content=\"https:\/\/progettotouring.it\/radiotouring104\/wp-content\/uploads\/sites\/6\/2022\/04\/DEDDY-feat-CAFFELLATTE-NON-MI-FA-DORMIRE-COVER.jpg\" \/>\n\t<meta property=\"og:image:width\" content=\"750\" \/>\n\t<meta property=\"og:image:height\" content=\"750\" \/>\n\t<meta property=\"og:image:type\" content=\"image\/jpeg\" \/>\n<meta name=\"author\" content=\"Chiara Cucinotta\" \/>\n<meta name=\"twitter:card\" content=\"summary_large_image\" \/>\n<meta name=\"twitter:label1\" content=\"Scritto da\" \/>\n\t<meta name=\"twitter:data1\" content=\"Chiara Cucinotta\" \/>\n\t<meta name=\"twitter:label2\" content=\"Tempo di lettura stimato\" \/>\n\t<meta name=\"twitter:data2\" content=\"3 minuti\" \/>\n<script type=\"application\/ld+json\" class=\"yoast-schema-graph\">{\"@context\":\"https:\/\/schema.org\",\"@graph\":[{\"@type\":\"Article\",\"@id\":\"https:\/\/progettotouring.it\/radiotouring104\/2022\/04\/20\/non-mi-fa-dormire-deddy-presenta-il-suo-nuovo-brano-a-radiotouring\/#article\",\"isPartOf\":{\"@id\":\"https:\/\/progettotouring.it\/radiotouring104\/2022\/04\/20\/non-mi-fa-dormire-deddy-presenta-il-suo-nuovo-brano-a-radiotouring\/\"},\"author\":{\"name\":\"Chiara Cucinotta\",\"@id\":\"https:\/\/progettotouring.it\/radiotouring104\/#\/schema\/person\/f01f189b71df20dcfc0890eea7e67a0e\"},\"headline\":\"&#8220;Non mi fa dormire&#8221;: Deddy presenta il suo nuovo brano a Radio Touring\",\"datePublished\":\"2022-04-20T18:18:10+00:00\",\"dateModified\":\"2022-04-20T18:20:49+00:00\",\"mainEntityOfPage\":{\"@id\":\"https:\/\/progettotouring.it\/radiotouring104\/2022\/04\/20\/non-mi-fa-dormire-deddy-presenta-il-suo-nuovo-brano-a-radiotouring\/\"},\"wordCount\":452,\"commentCount\":0,\"publisher\":{\"@id\":\"https:\/\/progettotouring.it\/radiotouring104\/#organization\"},\"image\":{\"@id\":\"https:\/\/progettotouring.it\/radiotouring104\/2022\/04\/20\/non-mi-fa-dormire-deddy-presenta-il-suo-nuovo-brano-a-radiotouring\/#primaryimage\"},\"thumbnailUrl\":\"https:\/\/progettotouring.it\/radiotouring104\/wp-content\/uploads\/sites\/6\/2022\/04\/DEDDY-feat-CAFFELLATTE-NON-MI-FA-DORMIRE-COVER.jpg\",\"keywords\":[\"amici di maria de filippi\",\"caffellatte\",\"Casa Lopresti\",\"Deddy\",\"Filippo Lopresti\",\"intervista\",\"non mi fa dormire\",\"Radio Touring 104\"],\"articleSection\":[\"Home\",\"Interviste\",\"Musica\",\"News\",\"Reggio Calabria\"],\"inLanguage\":\"it-IT\",\"potentialAction\":[{\"@type\":\"CommentAction\",\"name\":\"Comment\",\"target\":[\"https:\/\/progettotouring.it\/radiotouring104\/2022\/04\/20\/non-mi-fa-dormire-deddy-presenta-il-suo-nuovo-brano-a-radiotouring\/#respond\"]}]},{\"@type\":\"WebPage\",\"@id\":\"https:\/\/progettotouring.it\/radiotouring104\/2022\/04\/20\/non-mi-fa-dormire-deddy-presenta-il-suo-nuovo-brano-a-radiotouring\/\",\"url\":\"https:\/\/progettotouring.it\/radiotouring104\/2022\/04\/20\/non-mi-fa-dormire-deddy-presenta-il-suo-nuovo-brano-a-radiotouring\/\",\"name\":\"\\\"Non mi fa dormire\\\": Deddy presenta il suo nuovo brano a Radio Touring\",\"isPartOf\":{\"@id\":\"https:\/\/progettotouring.it\/radiotouring104\/#website\"},\"primaryImageOfPage\":{\"@id\":\"https:\/\/progettotouring.it\/radiotouring104\/2022\/04\/20\/non-mi-fa-dormire-deddy-presenta-il-suo-nuovo-brano-a-radiotouring\/#primaryimage\"},\"image\":{\"@id\":\"https:\/\/progettotouring.it\/radiotouring104\/2022\/04\/20\/non-mi-fa-dormire-deddy-presenta-il-suo-nuovo-brano-a-radiotouring\/#primaryimage\"},\"thumbnailUrl\":\"https:\/\/progettotouring.it\/radiotouring104\/wp-content\/uploads\/sites\/6\/2022\/04\/DEDDY-feat-CAFFELLATTE-NON-MI-FA-DORMIRE-COVER.jpg\",\"datePublished\":\"2022-04-20T18:18:10+00:00\",\"dateModified\":\"2022-04-20T18:20:49+00:00\",\"description\":\"Deddy e Caffellatte insieme per un nuovo progetto con il brano \\\"Non mi fa dormire\\\", su tutte le piattaforme dal 15 aprile\",\"breadcrumb\":{\"@id\":\"https:\/\/progettotouring.it\/radiotouring104\/2022\/04\/20\/non-mi-fa-dormire-deddy-presenta-il-suo-nuovo-brano-a-radiotouring\/#breadcrumb\"},\"inLanguage\":\"it-IT\",\"potentialAction\":[{\"@type\":\"ReadAction\",\"target\":[\"https:\/\/progettotouring.it\/radiotouring104\/2022\/04\/20\/non-mi-fa-dormire-deddy-presenta-il-suo-nuovo-brano-a-radiotouring\/\"]}]},{\"@type\":\"ImageObject\",\"inLanguage\":\"it-IT\",\"@id\":\"https:\/\/progettotouring.it\/radiotouring104\/2022\/04\/20\/non-mi-fa-dormire-deddy-presenta-il-suo-nuovo-brano-a-radiotouring\/#primaryimage\",\"url\":\"https:\/\/progettotouring.it\/radiotouring104\/wp-content\/uploads\/sites\/6\/2022\/04\/DEDDY-feat-CAFFELLATTE-NON-MI-FA-DORMIRE-COVER.jpg\",\"contentUrl\":\"https:\/\/progettotouring.it\/radiotouring104\/wp-content\/uploads\/sites\/6\/2022\/04\/DEDDY-feat-CAFFELLATTE-NON-MI-FA-DORMIRE-COVER.jpg\",\"width\":750,\"height\":750,\"caption\":\"DEDDY\"},{\"@type\":\"BreadcrumbList\",\"@id\":\"https:\/\/progettotouring.it\/radiotouring104\/2022\/04\/20\/non-mi-fa-dormire-deddy-presenta-il-suo-nuovo-brano-a-radiotouring\/#breadcrumb\",\"itemListElement\":[{\"@type\":\"ListItem\",\"position\":1,\"name\":\"Home\",\"item\":\"https:\/\/progettotouring.it\/radiotouring104\/\"},{\"@type\":\"ListItem\",\"position\":2,\"name\":\"&#8220;Non mi fa dormire&#8221;: Deddy presenta il suo nuovo brano a Radio Touring\"}]},{\"@type\":\"WebSite\",\"@id\":\"https:\/\/progettotouring.it\/radiotouring104\/#website\",\"url\":\"https:\/\/progettotouring.it\/radiotouring104\/\",\"name\":\"Radio Touring 104\",\"description\":\"La prima radio Reggina\",\"publisher\":{\"@id\":\"https:\/\/progettotouring.it\/radiotouring104\/#organization\"},\"potentialAction\":[{\"@type\":\"SearchAction\",\"target\":{\"@type\":\"EntryPoint\",\"urlTemplate\":\"https:\/\/progettotouring.it\/radiotouring104\/?s={search_term_string}\"},\"query-input\":{\"@type\":\"PropertyValueSpecification\",\"valueRequired\":true,\"valueName\":\"search_term_string\"}}],\"inLanguage\":\"it-IT\"},{\"@type\":\"Organization\",\"@id\":\"https:\/\/progettotouring.it\/radiotouring104\/#organization\",\"name\":\"Radio Touring 104\",\"url\":\"https:\/\/progettotouring.it\/radiotouring104\/\",\"logo\":{\"@type\":\"ImageObject\",\"inLanguage\":\"it-IT\",\"@id\":\"https:\/\/progettotouring.it\/radiotouring104\/#\/schema\/logo\/image\/\",\"url\":\"https:\/\/progettotouring.it\/radiotouring104\/wp-content\/uploads\/sites\/6\/2022\/02\/cropped-logo-radio-touring-104.png\",\"contentUrl\":\"https:\/\/progettotouring.it\/radiotouring104\/wp-content\/uploads\/sites\/6\/2022\/02\/cropped-logo-radio-touring-104.png\",\"width\":377,\"height\":182,\"caption\":\"Radio Touring 104\"},\"image\":{\"@id\":\"https:\/\/progettotouring.it\/radiotouring104\/#\/schema\/logo\/image\/\"}},{\"@type\":\"Person\",\"@id\":\"https:\/\/progettotouring.it\/radiotouring104\/#\/schema\/person\/f01f189b71df20dcfc0890eea7e67a0e\",\"name\":\"Chiara Cucinotta\",\"image\":{\"@type\":\"ImageObject\",\"inLanguage\":\"it-IT\",\"@id\":\"https:\/\/secure.gravatar.com\/avatar\/efe17e5613fdef9b05741a23cd4ef4e9b1c39955d8fe11176cb1da3641c96104?s=96&d=mm&r=g\",\"url\":\"https:\/\/secure.gravatar.com\/avatar\/efe17e5613fdef9b05741a23cd4ef4e9b1c39955d8fe11176cb1da3641c96104?s=96&d=mm&r=g\",\"contentUrl\":\"https:\/\/secure.gravatar.com\/avatar\/efe17e5613fdef9b05741a23cd4ef4e9b1c39955d8fe11176cb1da3641c96104?s=96&d=mm&r=g\",\"caption\":\"Chiara Cucinotta\"},\"sameAs\":[\"https:\/\/progettotouring.it\"],\"url\":\"https:\/\/progettotouring.it\/radiotouring104\/author\/auranex\/\"}]}<\/script>\n<!-- \/ Yoast SEO plugin. -->","yoast_head_json":{"title":"\"Non mi fa dormire\": Deddy presenta il suo nuovo brano a Radio Touring","description":"Deddy e Caffellatte insieme per un nuovo progetto con il brano \"Non mi fa dormire\", su tutte le piattaforme dal 15 aprile","robots":{"index":"index","follow":"follow","max-snippet":"max-snippet:-1","max-image-preview":"max-image-preview:large","max-video-preview":"max-video-preview:-1"},"canonical":"https:\/\/progettotouring.it\/radiotouring104\/2022\/04\/20\/non-mi-fa-dormire-deddy-presenta-il-suo-nuovo-brano-a-radiotouring\/","og_locale":"it_IT","og_type":"article","og_title":"\"Non mi fa dormire\": Deddy presenta il suo nuovo brano a Radio Touring","og_description":"Deddy e Caffellatte insieme per un nuovo progetto con il brano \"Non mi fa dormire\", su tutte le piattaforme dal 15 aprile","og_url":"https:\/\/progettotouring.it\/radiotouring104\/2022\/04\/20\/non-mi-fa-dormire-deddy-presenta-il-suo-nuovo-brano-a-radiotouring\/","og_site_name":"Radio Touring 104","article_published_time":"2022-04-20T18:18:10+00:00","article_modified_time":"2022-04-20T18:20:49+00:00","og_image":[{"width":750,"height":750,"url":"https:\/\/progettotouring.it\/radiotouring104\/wp-content\/uploads\/sites\/6\/2022\/04\/DEDDY-feat-CAFFELLATTE-NON-MI-FA-DORMIRE-COVER.jpg","type":"image\/jpeg"}],"author":"Chiara Cucinotta","twitter_card":"summary_large_image","twitter_misc":{"Scritto da":"Chiara Cucinotta","Tempo di lettura stimato":"3 minuti"},"schema":{"@context":"https:\/\/schema.org","@graph":[{"@type":"Article","@id":"https:\/\/progettotouring.it\/radiotouring104\/2022\/04\/20\/non-mi-fa-dormire-deddy-presenta-il-suo-nuovo-brano-a-radiotouring\/#article","isPartOf":{"@id":"https:\/\/progettotouring.it\/radiotouring104\/2022\/04\/20\/non-mi-fa-dormire-deddy-presenta-il-suo-nuovo-brano-a-radiotouring\/"},"author":{"name":"Chiara Cucinotta","@id":"https:\/\/progettotouring.it\/radiotouring104\/#\/schema\/person\/f01f189b71df20dcfc0890eea7e67a0e"},"headline":"&#8220;Non mi fa dormire&#8221;: Deddy presenta il suo nuovo brano a Radio Touring","datePublished":"2022-04-20T18:18:10+00:00","dateModified":"2022-04-20T18:20:49+00:00","mainEntityOfPage":{"@id":"https:\/\/progettotouring.it\/radiotouring104\/2022\/04\/20\/non-mi-fa-dormire-deddy-presenta-il-suo-nuovo-brano-a-radiotouring\/"},"wordCount":452,"commentCount":0,"publisher":{"@id":"https:\/\/progettotouring.it\/radiotouring104\/#organization"},"image":{"@id":"https:\/\/progettotouring.it\/radiotouring104\/2022\/04\/20\/non-mi-fa-dormire-deddy-presenta-il-suo-nuovo-brano-a-radiotouring\/#primaryimage"},"thumbnailUrl":"https:\/\/progettotouring.it\/radiotouring104\/wp-content\/uploads\/sites\/6\/2022\/04\/DEDDY-feat-CAFFELLATTE-NON-MI-FA-DORMIRE-COVER.jpg","keywords":["amici di maria de filippi","caffellatte","Casa Lopresti","Deddy","Filippo Lopresti","intervista","non mi fa dormire","Radio Touring 104"],"articleSection":["Home","Interviste","Musica","News","Reggio Calabria"],"inLanguage":"it-IT","potentialAction":[{"@type":"CommentAction","name":"Comment","target":["https:\/\/progettotouring.it\/radiotouring104\/2022\/04\/20\/non-mi-fa-dormire-deddy-presenta-il-suo-nuovo-brano-a-radiotouring\/#respond"]}]},{"@type":"WebPage","@id":"https:\/\/progettotouring.it\/radiotouring104\/2022\/04\/20\/non-mi-fa-dormire-deddy-presenta-il-suo-nuovo-brano-a-radiotouring\/","url":"https:\/\/progettotouring.it\/radiotouring104\/2022\/04\/20\/non-mi-fa-dormire-deddy-presenta-il-suo-nuovo-brano-a-radiotouring\/","name":"\"Non mi fa dormire\": Deddy presenta il suo nuovo brano a Radio Touring","isPartOf":{"@id":"https:\/\/progettotouring.it\/radiotouring104\/#website"},"primaryImageOfPage":{"@id":"https:\/\/progettotouring.it\/radiotouring104\/2022\/04\/20\/non-mi-fa-dormire-deddy-presenta-il-suo-nuovo-brano-a-radiotouring\/#primaryimage"},"image":{"@id":"https:\/\/progettotouring.it\/radiotouring104\/2022\/04\/20\/non-mi-fa-dormire-deddy-presenta-il-suo-nuovo-brano-a-radiotouring\/#primaryimage"},"thumbnailUrl":"https:\/\/progettotouring.it\/radiotouring104\/wp-content\/uploads\/sites\/6\/2022\/04\/DEDDY-feat-CAFFELLATTE-NON-MI-FA-DORMIRE-COVER.jpg","datePublished":"2022-04-20T18:18:10+00:00","dateModified":"2022-04-20T18:20:49+00:00","description":"Deddy e Caffellatte insieme per un nuovo progetto con il brano \"Non mi fa dormire\", su tutte le piattaforme dal 15 aprile","breadcrumb":{"@id":"https:\/\/progettotouring.it\/radiotouring104\/2022\/04\/20\/non-mi-fa-dormire-deddy-presenta-il-suo-nuovo-brano-a-radiotouring\/#breadcrumb"},"inLanguage":"it-IT","potentialAction":[{"@type":"ReadAction","target":["https:\/\/progettotouring.it\/radiotouring104\/2022\/04\/20\/non-mi-fa-dormire-deddy-presenta-il-suo-nuovo-brano-a-radiotouring\/"]}]},{"@type":"ImageObject","inLanguage":"it-IT","@id":"https:\/\/progettotouring.it\/radiotouring104\/2022\/04\/20\/non-mi-fa-dormire-deddy-presenta-il-suo-nuovo-brano-a-radiotouring\/#primaryimage","url":"https:\/\/progettotouring.it\/radiotouring104\/wp-content\/uploads\/sites\/6\/2022\/04\/DEDDY-feat-CAFFELLATTE-NON-MI-FA-DORMIRE-COVER.jpg","contentUrl":"https:\/\/progettotouring.it\/radiotouring104\/wp-content\/uploads\/sites\/6\/2022\/04\/DEDDY-feat-CAFFELLATTE-NON-MI-FA-DORMIRE-COVER.jpg","width":750,"height":750,"caption":"DEDDY"},{"@type":"BreadcrumbList","@id":"https:\/\/progettotouring.it\/radiotouring104\/2022\/04\/20\/non-mi-fa-dormire-deddy-presenta-il-suo-nuovo-brano-a-radiotouring\/#breadcrumb","itemListElement":[{"@type":"ListItem","position":1,"name":"Home","item":"https:\/\/progettotouring.it\/radiotouring104\/"},{"@type":"ListItem","position":2,"name":"&#8220;Non mi fa dormire&#8221;: Deddy presenta il suo nuovo brano a Radio Touring"}]},{"@type":"WebSite","@id":"https:\/\/progettotouring.it\/radiotouring104\/#website","url":"https:\/\/progettotouring.it\/radiotouring104\/","name":"Radio Touring 104","description":"La prima radio Reggina","publisher":{"@id":"https:\/\/progettotouring.it\/radiotouring104\/#organization"},"potentialAction":[{"@type":"SearchAction","target":{"@type":"EntryPoint","urlTemplate":"https:\/\/progettotouring.it\/radiotouring104\/?s={search_term_string}"},"query-input":{"@type":"PropertyValueSpecification","valueRequired":true,"valueName":"search_term_string"}}],"inLanguage":"it-IT"},{"@type":"Organization","@id":"https:\/\/progettotouring.it\/radiotouring104\/#organization","name":"Radio Touring 104","url":"https:\/\/progettotouring.it\/radiotouring104\/","logo":{"@type":"ImageObject","inLanguage":"it-IT","@id":"https:\/\/progettotouring.it\/radiotouring104\/#\/schema\/logo\/image\/","url":"https:\/\/progettotouring.it\/radiotouring104\/wp-content\/uploads\/sites\/6\/2022\/02\/cropped-logo-radio-touring-104.png","contentUrl":"https:\/\/progettotouring.it\/radiotouring104\/wp-content\/uploads\/sites\/6\/2022\/02\/cropped-logo-radio-touring-104.png","width":377,"height":182,"caption":"Radio Touring 104"},"image":{"@id":"https:\/\/progettotouring.it\/radiotouring104\/#\/schema\/logo\/image\/"}},{"@type":"Person","@id":"https:\/\/progettotouring.it\/radiotouring104\/#\/schema\/person\/f01f189b71df20dcfc0890eea7e67a0e","name":"Chiara Cucinotta","image":{"@type":"ImageObject","inLanguage":"it-IT","@id":"https:\/\/secure.gravatar.com\/avatar\/efe17e5613fdef9b05741a23cd4ef4e9b1c39955d8fe11176cb1da3641c96104?s=96&d=mm&r=g","url":"https:\/\/secure.gravatar.com\/avatar\/efe17e5613fdef9b05741a23cd4ef4e9b1c39955d8fe11176cb1da3641c96104?s=96&d=mm&r=g","contentUrl":"https:\/\/secure.gravatar.com\/avatar\/efe17e5613fdef9b05741a23cd4ef4e9b1c39955d8fe11176cb1da3641c96104?s=96&d=mm&r=g","caption":"Chiara Cucinotta"},"sameAs":["https:\/\/progettotouring.it"],"url":"https:\/\/progettotouring.it\/radiotouring104\/author\/auranex\/"}]}},"jetpack_publicize_connections":[],"jetpack_featured_media_url":"https:\/\/progettotouring.it\/radiotouring104\/wp-content\/uploads\/sites\/6\/2022\/04\/DEDDY-feat-CAFFELLATTE-NON-MI-FA-DORMIRE-COVER.jpg","jetpack_sharing_enabled":true,"_links":{"self":[{"href":"https:\/\/progettotouring.it\/radiotouring104\/wp-json\/wp\/v2\/posts\/4343","targetHints":{"allow":["GET"]}}],"collection":[{"href":"https:\/\/progettotouring.it\/radiotouring104\/wp-json\/wp\/v2\/posts"}],"about":[{"href":"https:\/\/progettotouring.it\/radiotouring104\/wp-json\/wp\/v2\/types\/post"}],"author":[{"embeddable":true,"href":"https:\/\/progettotouring.it\/radiotouring104\/wp-json\/wp\/v2\/users\/1"}],"replies":[{"embeddable":true,"href":"https:\/\/progettotouring.it\/radiotouring104\/wp-json\/wp\/v2\/comments?post=4343"}],"version-history":[{"count":6,"href":"https:\/\/progettotouring.it\/radiotouring104\/wp-json\/wp\/v2\/posts\/4343\/revisions"}],"predecessor-version":[{"id":4363,"href":"https:\/\/progettotouring.it\/radiotouring104\/wp-json\/wp\/v2\/posts\/4343\/revisions\/4363"}],"wp:featuredmedia":[{"embeddable":true,"href":"https:\/\/progettotouring.it\/radiotouring104\/wp-json\/wp\/v2\/media\/4346"}],"wp:attachment":[{"href":"https:\/\/progettotouring.it\/radiotouring104\/wp-json\/wp\/v2\/media?parent=4343"}],"wp:term":[{"taxonomy":"category","embeddable":true,"href":"https:\/\/progettotouring.it\/radiotouring104\/wp-json\/wp\/v2\/categories?post=4343"},{"taxonomy":"post_tag","embeddable":true,"href":"https:\/\/progettotouring.it\/radiotouring104\/wp-json\/wp\/v2\/tags?post=4343"}],"curies":[{"name":"wp","href":"https:\/\/api.w.org\/{rel}","templated":true}]}}