{"id":43641,"date":"2024-01-29T13:02:14","date_gmt":"2024-01-29T12:02:14","guid":{"rendered":"https:\/\/progettotouring.it\/radiotouring104\/?p=43641"},"modified":"2024-01-29T13:02:14","modified_gmt":"2024-01-29T12:02:14","slug":"consiglio-metropolitano-ok-al-bilancio-previsionale-2024-2026","status":"publish","type":"post","link":"https:\/\/progettotouring.it\/radiotouring104\/2024\/01\/29\/consiglio-metropolitano-ok-al-bilancio-previsionale-2024-2026\/","title":{"rendered":"Consiglio Metropolitano: Ok al Bilancio previsionale 2024-2026."},"content":{"rendered":"<p style=\"text-align: justify\"><strong>Il Consiglio Metropolitano,<\/strong> presieduto dal sindaco Giuseppe Falcomat\u00e0, <strong>ha dato il primo via libera allo schema di bilancio previsionale 2024-2026 che, adesso, passer\u00e0 al vaglio della Conferenza metropolitana per poi tornare in aula in vista della sua approvazione definitiva.<\/strong><\/p>\n<p><strong>Per il sindaco Giuseppe Falcomat\u00e0<\/strong>,<strong> anche quest\u2019anno,<\/strong> <em>\u00abarriviamo con largo anticipo all\u2019approvazione del documento programmatico, grazie allo straordinario lavoro fatto dai nostri uffici, dal dirigente Nicita in testa, ma anche e soprattutto al consigliere delegato Giuseppe Ranuccio ed a tutti i consiglieri di maggioranza e delegati che hanno contribuito alla stesura di questo documento\u00bb. \u00abSi tratta \u2013<\/em> ha spiegato il primo Cittadino a margine della seduta &#8211;<em> di uno schema redatto in piena trasparenza, che assicura gli equilibri di bilancio, garantisce i servizi pubblici essenziali ed una piena e completa programmazione su tutto il territorio metropolitano anche per i servizi a domanda individuale\u00bb. \u00abManteniamo<\/em> \u2013 ha aggiunto Falcomat\u00e0 &#8211;<em> massima attenzione ed investimenti nei settori della Cultura, del Marketing territoriale, dello Sport e, ovviamente, per tutto il settore Istruzione, per le Scuole ed il Welfare\u00bb.<\/em><\/p>\n<p><strong>Sul punto ha relazionato il consigliere delegato alle Finanze, Giuseppe Ranuccio, parlando di un documento che<\/strong> <em>\u00abtraduce sui territori e sulle singole comunit\u00e0 i numeri di una gestione oculata e pi\u00f9 che positiva<\/em>\u00bb.\u00a0<em>\u00abQuesto schema<\/em> \u2013<strong> ha detto<\/strong> &#8211; <em>\u00e8 in continuit\u00e0 con l\u2019azione politica e amministrativa intrapresa dalla maggioranza sin dall\u2019inizio del suo mandato. Resta, comunque, suscettibile di variazioni considerate le possibili esigenze che, di volta in volta, si presenteranno. Trovano conferma, intanto, importanti investimenti sul settore Cultura e sui giovani, consapevoli della necessit\u00e0 di intercettare il loro pensiero critico quale opportunit\u00e0 da cogliere per la crescita sociale ed economica dei territori. Continueremo a promuovere la ricerca cos\u00ec come l\u2019arte, lo sviluppo e la promozione turistica proseguendo nel coinvolgimento di imprese ed artigiani per attrarre investimenti attraverso il consueto e proficuo metodo della condivisione e della partecipazione\u00bb.<\/em><br \/>\n<strong>A proposito di giovani, Giuseppe Ranuccio ha rilanciato<\/strong><em> \u00abl\u2019ottimo lavoro portato avanti sulla formazione professionale\u00bb. \u00abMolti corsi \u2013<\/em><strong> ha ricordato \u2013<\/strong> <em>sono stati ultimati ed altrettanti verranno banditi\u00bb. Un passaggio, poi, \u00e8 stato riservato al Piano del fabbisogno del personale che \u00absar\u00e0 rivisitato per colmare alcune lacune\u00bb. \u00abI nostri ragazzi e le nostre ragazze \u2013<\/em><strong> ha aggiunto il consigliere<\/strong> \u2013<em> potranno trovare un\u2019occupazione e dare una mano all\u2019Ente che segna una carenza di personale molto significativa\u00bb.<\/em><\/p>\n<p><strong>Nello schema di previsione trovano spazio anche le voci dedicate alla messa in sicurezza delle strade e dei torrenti.<\/strong> <strong>Ranuccio si \u00e8, quindi, soffermato<\/strong> <em>\u00absulla grande capacit\u00e0 di Palazzo Alvaro nel reperire fondi europei e, soprattutto, quelli relativi al Pnrr che hanno consentito e consentiranno di intervenire su scuole e palestre metropolitane\u00bb,<\/em><strong> senza dimenticare la straordinaria esperienza del progetto<\/strong> <em>\u201cAspromonte in citt\u00e0\u201d che \u00abha visto il coinvolgimento di tutti i Comuni, con risultati eccezionali in termine di rigenerazione dei territori\u00bb. \u00abSul Pnrr<\/em> \u2013<strong> ha proseguito \u2013<\/strong><em> ci rende davvero orgogliosi il parere del Collegio dei revisori che evidenzia la corretta gestione delle risorse su spese e controlli\u00bb. \u00abIn questo schema \u2013 <\/em><strong>ha aggiunto, ancora, Ranuccio <\/strong>\u2013<em> si conferma il netto sostegno allo sport ed ai grandi eventi che, come abbiamo avuto modo di constatare, hanno avuto importanti ricadute economiche e di visibilit\u00e0 sull\u2019intera area metropolitana\u00bb.<\/em><\/p>\n<p><strong>Un occhio, poi, resta costantemente rivolto alle Politiche sociali:<\/strong><em> \u00abSiamo consapevoli quanto questo settore sia delicato e fondamentale per le nostre comunit\u00e0, chiamate a dover fare i conti con un sistema sanitario pubblico che registra corposi deficit\u00bb.<\/em><br \/>\n<strong>Nel corso del suo intervento, il delegato alle Finanze ha pi\u00f9 volte sottolineato<\/strong> \u00ab<em>il forte e costante impegno dell\u2019amministrazione nel mettere in campo ogni azione possibile in grado di contrastare due autentiche piaghe rappresentate dalla mancanza di sanit\u00e0 e di lavoro\u00bb.\u00a0<\/em>\u00ab<em>Tra crisi internazionali ed economiche che comportano l\u2019aumento dei costi sulle forniture <strong>\u2013<\/strong><\/em><strong> ha concluso Ranuccio<\/strong> &#8211; <em>non \u00e8 affatto facile far quadrare i conti. Noi, invece, continuiamo a registrare un Ente in salute, capace di programmare, investire ed evitare l\u2019esercizio provvisorio. Questo \u00e8 merito del sindaco Falcomat\u00e0, della sua amministrazione e del prezioso lavoro dei settori che compongono l\u2019Ente. Non posso, quindi, che ringraziare loro e quanti hanno collaborato alla stesura dello schema previsionale di Bilancio 2024-2026\u00bb.<\/em><\/p>\n<p>Fra gli interventi, quello del consigliere delegato al Welfare,<strong> Domenico Mantegna, che ha promosso l\u2019iniziativa dell\u2019esecutivo ponendo l\u2019accento sul settore di sua competenza:<\/strong><em> \u00abFaccio i complimenti al dirigente ed ai funzionari del comparto Politiche sociali che riescono ad utilizzare tutte le risorse a loro disposizione ponendo in essere progetti di pregevole fattura come quelli riservati alle persone affette dallo spettro autistico o all\u2019inclusione dei giovani a rischio devianza grazie ai 3 milioni intercettati presso il Ministero dell\u2019Interno per la promozione del programma \u201cI walk the line\u201d\u00bb.<\/em><\/p>\n<div><\/div>\n","protected":false},"excerpt":{"rendered":"<p>Il Consiglio Metropolitano, presieduto dal sindaco Giuseppe Falcomat\u00e0, ha dato il primo via libera allo schema di bilancio previsionale 2024-2026 che, adesso, passer\u00e0 al vaglio della Conferenza metropolitana per poi&hellip;<\/p>\n","protected":false},"author":12,"featured_media":4299,"comment_status":"closed","ping_status":"open","sticky":false,"template":"","format":"standard","meta":{"_jetpack_memberships_contains_paid_content":false,"footnotes":"","jetpack_publicize_message":"","jetpack_publicize_feature_enabled":true,"jetpack_social_post_already_shared":false,"jetpack_social_options":{"image_generator_settings":{"template":"highway","default_image_id":0,"font":"","enabled":false},"version":2}},"categories":[921,150,196,140],"tags":[16395,13091,18549,2284,812,2654,26840,739],"class_list":["post-43641","post","type-post","status-publish","format-standard","has-post-thumbnail","hentry","category-home","category-in-primo-piano","category-news","category-reggio-calabria","tag-aula-repaci-di-palazzo-alvaro","tag-conferenza-metropolitana","tag-consiglio-metropolitano-di-reggio-calabria","tag-domenico-mantegna","tag-giuseppe-falcomata","tag-giuseppe-ranuccio","tag-ok-al-bilancio-previsionale-2024-2026","tag-palazzo-alvaro"],"yoast_head":"<!-- This site is optimized with the Yoast SEO plugin v27.2 - https:\/\/yoast.com\/product\/yoast-seo-wordpress\/ -->\n<title>Consiglio Metropolitano: Ok al Bilancio previsionale 2024-2026.<\/title>\n<meta name=\"description\" content=\"Il Bilancio previsionale passer\u00e0 adesso al vaglio della Conferenza Metrocity per poi tornare all&#039;Aula Repaci per l&#039;approvazione definitiva\" \/>\n<meta name=\"robots\" content=\"index, follow, max-snippet:-1, max-image-preview:large, max-video-preview:-1\" \/>\n<link rel=\"canonical\" href=\"https:\/\/progettotouring.it\/radiotouring104\/2024\/01\/29\/consiglio-metropolitano-ok-al-bilancio-previsionale-2024-2026\/\" \/>\n<meta property=\"og:locale\" content=\"it_IT\" \/>\n<meta property=\"og:type\" content=\"article\" \/>\n<meta property=\"og:title\" content=\"Consiglio Metropolitano: Ok al Bilancio previsionale 2024-2026.\" \/>\n<meta property=\"og:description\" content=\"Il Bilancio previsionale passer\u00e0 adesso al vaglio della Conferenza Metrocity per poi tornare all&#039;Aula Repaci per l&#039;approvazione definitiva\" \/>\n<meta property=\"og:url\" content=\"https:\/\/progettotouring.it\/radiotouring104\/2024\/01\/29\/consiglio-metropolitano-ok-al-bilancio-previsionale-2024-2026\/\" \/>\n<meta property=\"og:site_name\" content=\"Radio Touring 104\" \/>\n<meta property=\"article:published_time\" content=\"2024-01-29T12:02:14+00:00\" \/>\n<meta property=\"og:image\" content=\"https:\/\/progettotouring.it\/radiotouring104\/wp-content\/uploads\/sites\/6\/2022\/04\/Citta-metropolitana-palazzo-alvaro.jpg\" \/>\n\t<meta property=\"og:image:width\" content=\"1920\" \/>\n\t<meta property=\"og:image:height\" content=\"1080\" \/>\n\t<meta property=\"og:image:type\" content=\"image\/jpeg\" \/>\n<meta name=\"author\" content=\"Sebastiano Plutino\" \/>\n<meta name=\"twitter:card\" content=\"summary_large_image\" \/>\n<meta name=\"twitter:label1\" content=\"Scritto da\" \/>\n\t<meta name=\"twitter:data1\" content=\"Sebastiano Plutino\" \/>\n\t<meta name=\"twitter:label2\" content=\"Tempo di lettura stimato\" \/>\n\t<meta name=\"twitter:data2\" content=\"4 minuti\" \/>\n<script type=\"application\/ld+json\" class=\"yoast-schema-graph\">{\"@context\":\"https:\/\/schema.org\",\"@graph\":[{\"@type\":\"Article\",\"@id\":\"https:\/\/progettotouring.it\/radiotouring104\/2024\/01\/29\/consiglio-metropolitano-ok-al-bilancio-previsionale-2024-2026\/#article\",\"isPartOf\":{\"@id\":\"https:\/\/progettotouring.it\/radiotouring104\/2024\/01\/29\/consiglio-metropolitano-ok-al-bilancio-previsionale-2024-2026\/\"},\"author\":{\"name\":\"Sebastiano Plutino\",\"@id\":\"https:\/\/progettotouring.it\/radiotouring104\/#\/schema\/person\/78613917f1851f041f7483f5af1d422e\"},\"headline\":\"Consiglio Metropolitano: Ok al Bilancio previsionale 2024-2026.\",\"datePublished\":\"2024-01-29T12:02:14+00:00\",\"mainEntityOfPage\":{\"@id\":\"https:\/\/progettotouring.it\/radiotouring104\/2024\/01\/29\/consiglio-metropolitano-ok-al-bilancio-previsionale-2024-2026\/\"},\"wordCount\":782,\"publisher\":{\"@id\":\"https:\/\/progettotouring.it\/radiotouring104\/#organization\"},\"image\":{\"@id\":\"https:\/\/progettotouring.it\/radiotouring104\/2024\/01\/29\/consiglio-metropolitano-ok-al-bilancio-previsionale-2024-2026\/#primaryimage\"},\"thumbnailUrl\":\"https:\/\/progettotouring.it\/radiotouring104\/wp-content\/uploads\/sites\/6\/2022\/04\/Citta-metropolitana-palazzo-alvaro.jpg\",\"keywords\":[\"aula Repaci di Palazzo Alvaro\",\"Conferenza metropolitana\",\"Consiglio metropolitano di Reggio Calabria\",\"Domenico Mantegna\",\"Giuseppe Falcomat\u00e0\",\"giuseppe ranuccio\",\"Ok al Bilancio previsionale 2024-2026.\",\"Palazzo Alvaro\"],\"articleSection\":[\"Home\",\"In primo piano\",\"News\",\"Reggio Calabria\"],\"inLanguage\":\"it-IT\"},{\"@type\":\"WebPage\",\"@id\":\"https:\/\/progettotouring.it\/radiotouring104\/2024\/01\/29\/consiglio-metropolitano-ok-al-bilancio-previsionale-2024-2026\/\",\"url\":\"https:\/\/progettotouring.it\/radiotouring104\/2024\/01\/29\/consiglio-metropolitano-ok-al-bilancio-previsionale-2024-2026\/\",\"name\":\"Consiglio Metropolitano: Ok al Bilancio previsionale 2024-2026.\",\"isPartOf\":{\"@id\":\"https:\/\/progettotouring.it\/radiotouring104\/#website\"},\"primaryImageOfPage\":{\"@id\":\"https:\/\/progettotouring.it\/radiotouring104\/2024\/01\/29\/consiglio-metropolitano-ok-al-bilancio-previsionale-2024-2026\/#primaryimage\"},\"image\":{\"@id\":\"https:\/\/progettotouring.it\/radiotouring104\/2024\/01\/29\/consiglio-metropolitano-ok-al-bilancio-previsionale-2024-2026\/#primaryimage\"},\"thumbnailUrl\":\"https:\/\/progettotouring.it\/radiotouring104\/wp-content\/uploads\/sites\/6\/2022\/04\/Citta-metropolitana-palazzo-alvaro.jpg\",\"datePublished\":\"2024-01-29T12:02:14+00:00\",\"description\":\"Il Bilancio previsionale passer\u00e0 adesso al vaglio della Conferenza Metrocity per poi tornare all'Aula Repaci per l'approvazione definitiva\",\"breadcrumb\":{\"@id\":\"https:\/\/progettotouring.it\/radiotouring104\/2024\/01\/29\/consiglio-metropolitano-ok-al-bilancio-previsionale-2024-2026\/#breadcrumb\"},\"inLanguage\":\"it-IT\",\"potentialAction\":[{\"@type\":\"ReadAction\",\"target\":[\"https:\/\/progettotouring.it\/radiotouring104\/2024\/01\/29\/consiglio-metropolitano-ok-al-bilancio-previsionale-2024-2026\/\"]}]},{\"@type\":\"ImageObject\",\"inLanguage\":\"it-IT\",\"@id\":\"https:\/\/progettotouring.it\/radiotouring104\/2024\/01\/29\/consiglio-metropolitano-ok-al-bilancio-previsionale-2024-2026\/#primaryimage\",\"url\":\"https:\/\/progettotouring.it\/radiotouring104\/wp-content\/uploads\/sites\/6\/2022\/04\/Citta-metropolitana-palazzo-alvaro.jpg\",\"contentUrl\":\"https:\/\/progettotouring.it\/radiotouring104\/wp-content\/uploads\/sites\/6\/2022\/04\/Citta-metropolitana-palazzo-alvaro.jpg\",\"width\":1920,\"height\":1080,\"caption\":\"palazzo alvaro\"},{\"@type\":\"BreadcrumbList\",\"@id\":\"https:\/\/progettotouring.it\/radiotouring104\/2024\/01\/29\/consiglio-metropolitano-ok-al-bilancio-previsionale-2024-2026\/#breadcrumb\",\"itemListElement\":[{\"@type\":\"ListItem\",\"position\":1,\"name\":\"Home\",\"item\":\"https:\/\/progettotouring.it\/radiotouring104\/\"},{\"@type\":\"ListItem\",\"position\":2,\"name\":\"Consiglio Metropolitano: Ok al Bilancio previsionale 2024-2026.\"}]},{\"@type\":\"WebSite\",\"@id\":\"https:\/\/progettotouring.it\/radiotouring104\/#website\",\"url\":\"https:\/\/progettotouring.it\/radiotouring104\/\",\"name\":\"Radio Touring 104\",\"description\":\"La prima radio Reggina\",\"publisher\":{\"@id\":\"https:\/\/progettotouring.it\/radiotouring104\/#organization\"},\"potentialAction\":[{\"@type\":\"SearchAction\",\"target\":{\"@type\":\"EntryPoint\",\"urlTemplate\":\"https:\/\/progettotouring.it\/radiotouring104\/?s={search_term_string}\"},\"query-input\":{\"@type\":\"PropertyValueSpecification\",\"valueRequired\":true,\"valueName\":\"search_term_string\"}}],\"inLanguage\":\"it-IT\"},{\"@type\":\"Organization\",\"@id\":\"https:\/\/progettotouring.it\/radiotouring104\/#organization\",\"name\":\"Radio Touring 104\",\"url\":\"https:\/\/progettotouring.it\/radiotouring104\/\",\"logo\":{\"@type\":\"ImageObject\",\"inLanguage\":\"it-IT\",\"@id\":\"https:\/\/progettotouring.it\/radiotouring104\/#\/schema\/logo\/image\/\",\"url\":\"https:\/\/progettotouring.it\/radiotouring104\/wp-content\/uploads\/sites\/6\/2022\/02\/cropped-logo-radio-touring-104.png\",\"contentUrl\":\"https:\/\/progettotouring.it\/radiotouring104\/wp-content\/uploads\/sites\/6\/2022\/02\/cropped-logo-radio-touring-104.png\",\"width\":377,\"height\":182,\"caption\":\"Radio Touring 104\"},\"image\":{\"@id\":\"https:\/\/progettotouring.it\/radiotouring104\/#\/schema\/logo\/image\/\"}},{\"@type\":\"Person\",\"@id\":\"https:\/\/progettotouring.it\/radiotouring104\/#\/schema\/person\/78613917f1851f041f7483f5af1d422e\",\"name\":\"Sebastiano Plutino\",\"image\":{\"@type\":\"ImageObject\",\"inLanguage\":\"it-IT\",\"@id\":\"https:\/\/secure.gravatar.com\/avatar\/0546ffaa9b79224faf9f2a156b67a529ae861d3287c66c1d8ccfdf909bcba78d?s=96&d=mm&r=g\",\"url\":\"https:\/\/secure.gravatar.com\/avatar\/0546ffaa9b79224faf9f2a156b67a529ae861d3287c66c1d8ccfdf909bcba78d?s=96&d=mm&r=g\",\"contentUrl\":\"https:\/\/secure.gravatar.com\/avatar\/0546ffaa9b79224faf9f2a156b67a529ae861d3287c66c1d8ccfdf909bcba78d?s=96&d=mm&r=g\",\"caption\":\"Sebastiano Plutino\"},\"url\":\"https:\/\/progettotouring.it\/radiotouring104\/author\/sebastiano\/\"}]}<\/script>\n<!-- \/ Yoast SEO plugin. -->","yoast_head_json":{"title":"Consiglio Metropolitano: Ok al Bilancio previsionale 2024-2026.","description":"Il Bilancio previsionale passer\u00e0 adesso al vaglio della Conferenza Metrocity per poi tornare all'Aula Repaci per l'approvazione definitiva","robots":{"index":"index","follow":"follow","max-snippet":"max-snippet:-1","max-image-preview":"max-image-preview:large","max-video-preview":"max-video-preview:-1"},"canonical":"https:\/\/progettotouring.it\/radiotouring104\/2024\/01\/29\/consiglio-metropolitano-ok-al-bilancio-previsionale-2024-2026\/","og_locale":"it_IT","og_type":"article","og_title":"Consiglio Metropolitano: Ok al Bilancio previsionale 2024-2026.","og_description":"Il Bilancio previsionale passer\u00e0 adesso al vaglio della Conferenza Metrocity per poi tornare all'Aula Repaci per l'approvazione definitiva","og_url":"https:\/\/progettotouring.it\/radiotouring104\/2024\/01\/29\/consiglio-metropolitano-ok-al-bilancio-previsionale-2024-2026\/","og_site_name":"Radio Touring 104","article_published_time":"2024-01-29T12:02:14+00:00","og_image":[{"width":1920,"height":1080,"url":"https:\/\/progettotouring.it\/radiotouring104\/wp-content\/uploads\/sites\/6\/2022\/04\/Citta-metropolitana-palazzo-alvaro.jpg","type":"image\/jpeg"}],"author":"Sebastiano Plutino","twitter_card":"summary_large_image","twitter_misc":{"Scritto da":"Sebastiano Plutino","Tempo di lettura stimato":"4 minuti"},"schema":{"@context":"https:\/\/schema.org","@graph":[{"@type":"Article","@id":"https:\/\/progettotouring.it\/radiotouring104\/2024\/01\/29\/consiglio-metropolitano-ok-al-bilancio-previsionale-2024-2026\/#article","isPartOf":{"@id":"https:\/\/progettotouring.it\/radiotouring104\/2024\/01\/29\/consiglio-metropolitano-ok-al-bilancio-previsionale-2024-2026\/"},"author":{"name":"Sebastiano Plutino","@id":"https:\/\/progettotouring.it\/radiotouring104\/#\/schema\/person\/78613917f1851f041f7483f5af1d422e"},"headline":"Consiglio Metropolitano: Ok al Bilancio previsionale 2024-2026.","datePublished":"2024-01-29T12:02:14+00:00","mainEntityOfPage":{"@id":"https:\/\/progettotouring.it\/radiotouring104\/2024\/01\/29\/consiglio-metropolitano-ok-al-bilancio-previsionale-2024-2026\/"},"wordCount":782,"publisher":{"@id":"https:\/\/progettotouring.it\/radiotouring104\/#organization"},"image":{"@id":"https:\/\/progettotouring.it\/radiotouring104\/2024\/01\/29\/consiglio-metropolitano-ok-al-bilancio-previsionale-2024-2026\/#primaryimage"},"thumbnailUrl":"https:\/\/progettotouring.it\/radiotouring104\/wp-content\/uploads\/sites\/6\/2022\/04\/Citta-metropolitana-palazzo-alvaro.jpg","keywords":["aula Repaci di Palazzo Alvaro","Conferenza metropolitana","Consiglio metropolitano di Reggio Calabria","Domenico Mantegna","Giuseppe Falcomat\u00e0","giuseppe ranuccio","Ok al Bilancio previsionale 2024-2026.","Palazzo Alvaro"],"articleSection":["Home","In primo piano","News","Reggio Calabria"],"inLanguage":"it-IT"},{"@type":"WebPage","@id":"https:\/\/progettotouring.it\/radiotouring104\/2024\/01\/29\/consiglio-metropolitano-ok-al-bilancio-previsionale-2024-2026\/","url":"https:\/\/progettotouring.it\/radiotouring104\/2024\/01\/29\/consiglio-metropolitano-ok-al-bilancio-previsionale-2024-2026\/","name":"Consiglio Metropolitano: Ok al Bilancio previsionale 2024-2026.","isPartOf":{"@id":"https:\/\/progettotouring.it\/radiotouring104\/#website"},"primaryImageOfPage":{"@id":"https:\/\/progettotouring.it\/radiotouring104\/2024\/01\/29\/consiglio-metropolitano-ok-al-bilancio-previsionale-2024-2026\/#primaryimage"},"image":{"@id":"https:\/\/progettotouring.it\/radiotouring104\/2024\/01\/29\/consiglio-metropolitano-ok-al-bilancio-previsionale-2024-2026\/#primaryimage"},"thumbnailUrl":"https:\/\/progettotouring.it\/radiotouring104\/wp-content\/uploads\/sites\/6\/2022\/04\/Citta-metropolitana-palazzo-alvaro.jpg","datePublished":"2024-01-29T12:02:14+00:00","description":"Il Bilancio previsionale passer\u00e0 adesso al vaglio della Conferenza Metrocity per poi tornare all'Aula Repaci per l'approvazione definitiva","breadcrumb":{"@id":"https:\/\/progettotouring.it\/radiotouring104\/2024\/01\/29\/consiglio-metropolitano-ok-al-bilancio-previsionale-2024-2026\/#breadcrumb"},"inLanguage":"it-IT","potentialAction":[{"@type":"ReadAction","target":["https:\/\/progettotouring.it\/radiotouring104\/2024\/01\/29\/consiglio-metropolitano-ok-al-bilancio-previsionale-2024-2026\/"]}]},{"@type":"ImageObject","inLanguage":"it-IT","@id":"https:\/\/progettotouring.it\/radiotouring104\/2024\/01\/29\/consiglio-metropolitano-ok-al-bilancio-previsionale-2024-2026\/#primaryimage","url":"https:\/\/progettotouring.it\/radiotouring104\/wp-content\/uploads\/sites\/6\/2022\/04\/Citta-metropolitana-palazzo-alvaro.jpg","contentUrl":"https:\/\/progettotouring.it\/radiotouring104\/wp-content\/uploads\/sites\/6\/2022\/04\/Citta-metropolitana-palazzo-alvaro.jpg","width":1920,"height":1080,"caption":"palazzo alvaro"},{"@type":"BreadcrumbList","@id":"https:\/\/progettotouring.it\/radiotouring104\/2024\/01\/29\/consiglio-metropolitano-ok-al-bilancio-previsionale-2024-2026\/#breadcrumb","itemListElement":[{"@type":"ListItem","position":1,"name":"Home","item":"https:\/\/progettotouring.it\/radiotouring104\/"},{"@type":"ListItem","position":2,"name":"Consiglio Metropolitano: Ok al Bilancio previsionale 2024-2026."}]},{"@type":"WebSite","@id":"https:\/\/progettotouring.it\/radiotouring104\/#website","url":"https:\/\/progettotouring.it\/radiotouring104\/","name":"Radio Touring 104","description":"La prima radio Reggina","publisher":{"@id":"https:\/\/progettotouring.it\/radiotouring104\/#organization"},"potentialAction":[{"@type":"SearchAction","target":{"@type":"EntryPoint","urlTemplate":"https:\/\/progettotouring.it\/radiotouring104\/?s={search_term_string}"},"query-input":{"@type":"PropertyValueSpecification","valueRequired":true,"valueName":"search_term_string"}}],"inLanguage":"it-IT"},{"@type":"Organization","@id":"https:\/\/progettotouring.it\/radiotouring104\/#organization","name":"Radio Touring 104","url":"https:\/\/progettotouring.it\/radiotouring104\/","logo":{"@type":"ImageObject","inLanguage":"it-IT","@id":"https:\/\/progettotouring.it\/radiotouring104\/#\/schema\/logo\/image\/","url":"https:\/\/progettotouring.it\/radiotouring104\/wp-content\/uploads\/sites\/6\/2022\/02\/cropped-logo-radio-touring-104.png","contentUrl":"https:\/\/progettotouring.it\/radiotouring104\/wp-content\/uploads\/sites\/6\/2022\/02\/cropped-logo-radio-touring-104.png","width":377,"height":182,"caption":"Radio Touring 104"},"image":{"@id":"https:\/\/progettotouring.it\/radiotouring104\/#\/schema\/logo\/image\/"}},{"@type":"Person","@id":"https:\/\/progettotouring.it\/radiotouring104\/#\/schema\/person\/78613917f1851f041f7483f5af1d422e","name":"Sebastiano Plutino","image":{"@type":"ImageObject","inLanguage":"it-IT","@id":"https:\/\/secure.gravatar.com\/avatar\/0546ffaa9b79224faf9f2a156b67a529ae861d3287c66c1d8ccfdf909bcba78d?s=96&d=mm&r=g","url":"https:\/\/secure.gravatar.com\/avatar\/0546ffaa9b79224faf9f2a156b67a529ae861d3287c66c1d8ccfdf909bcba78d?s=96&d=mm&r=g","contentUrl":"https:\/\/secure.gravatar.com\/avatar\/0546ffaa9b79224faf9f2a156b67a529ae861d3287c66c1d8ccfdf909bcba78d?s=96&d=mm&r=g","caption":"Sebastiano Plutino"},"url":"https:\/\/progettotouring.it\/radiotouring104\/author\/sebastiano\/"}]}},"jetpack_publicize_connections":[],"jetpack_featured_media_url":"https:\/\/progettotouring.it\/radiotouring104\/wp-content\/uploads\/sites\/6\/2022\/04\/Citta-metropolitana-palazzo-alvaro.jpg","jetpack_sharing_enabled":true,"_links":{"self":[{"href":"https:\/\/progettotouring.it\/radiotouring104\/wp-json\/wp\/v2\/posts\/43641","targetHints":{"allow":["GET"]}}],"collection":[{"href":"https:\/\/progettotouring.it\/radiotouring104\/wp-json\/wp\/v2\/posts"}],"about":[{"href":"https:\/\/progettotouring.it\/radiotouring104\/wp-json\/wp\/v2\/types\/post"}],"author":[{"embeddable":true,"href":"https:\/\/progettotouring.it\/radiotouring104\/wp-json\/wp\/v2\/users\/12"}],"replies":[{"embeddable":true,"href":"https:\/\/progettotouring.it\/radiotouring104\/wp-json\/wp\/v2\/comments?post=43641"}],"version-history":[{"count":1,"href":"https:\/\/progettotouring.it\/radiotouring104\/wp-json\/wp\/v2\/posts\/43641\/revisions"}],"predecessor-version":[{"id":43642,"href":"https:\/\/progettotouring.it\/radiotouring104\/wp-json\/wp\/v2\/posts\/43641\/revisions\/43642"}],"wp:featuredmedia":[{"embeddable":true,"href":"https:\/\/progettotouring.it\/radiotouring104\/wp-json\/wp\/v2\/media\/4299"}],"wp:attachment":[{"href":"https:\/\/progettotouring.it\/radiotouring104\/wp-json\/wp\/v2\/media?parent=43641"}],"wp:term":[{"taxonomy":"category","embeddable":true,"href":"https:\/\/progettotouring.it\/radiotouring104\/wp-json\/wp\/v2\/categories?post=43641"},{"taxonomy":"post_tag","embeddable":true,"href":"https:\/\/progettotouring.it\/radiotouring104\/wp-json\/wp\/v2\/tags?post=43641"}],"curies":[{"name":"wp","href":"https:\/\/api.w.org\/{rel}","templated":true}]}}