{"id":43971,"date":"2024-02-03T12:31:56","date_gmt":"2024-02-03T11:31:56","guid":{"rendered":"https:\/\/progettotouring.it\/radiotouring104\/?p=43971"},"modified":"2024-02-03T12:31:56","modified_gmt":"2024-02-03T11:31:56","slug":"lfa-reggio-calabria-trocini-sul-licata-e-una-squadra-propositiva-reneus-e-rosseti-stanno-meglio","status":"publish","type":"post","link":"https:\/\/progettotouring.it\/radiotouring104\/2024\/02\/03\/lfa-reggio-calabria-trocini-sul-licata-e-una-squadra-propositiva-reneus-e-rosseti-stanno-meglio\/","title":{"rendered":"LFA Reggio Calabria, Trocini sul Licata: &#8220;E&#8217; una squadra propositiva. Reneus e Rosseti stanno meglio&#8221;"},"content":{"rendered":"<p style=\"text-align: justify\">La <strong>LFA Reggio Calabria<\/strong> ha pareggiato 2-2 contro il <strong>Portici <\/strong>al <strong>Granillo\u00a0<\/strong>nell&#8217;ultimo turno del campionato di Serie D Girone I. Dopo esser stati due volte in svantaggio, gli amaranto sono riusciti a riequilibrare la situazione grazie a Mungo autore di una doppietta. Questo pari per\u00f2 non \u00e8 stato il risultato pi\u00f9 idoneo, ma grazie ai rallentamenti del <strong>Real<\/strong> <strong>Casalnuovo<\/strong>\u00a0sconfitto dal <strong>Trapani, <\/strong>col <strong>Citt\u00e0 Di S. Agata <\/strong>fermato sull&#8217;1-1 dal Locri e col pesante KO del <strong>Licata<\/strong> contro la <strong>Nuova Igea Virtus<\/strong>,\u00a0la classifica \u00e8 rimasta immutata. Ed \u00e8 proprio contro i siciliani che il club reggino giocher\u00e0 contro questo turno di <strong>Serie D<\/strong>. Sar\u00e0 quindi fondamentale vincere per cancellare questo periodo di magra e soprattutto cercare di rivitalizzare l&#8217;ambiente amaranto.<\/p>\n<p style=\"text-align: justify\">In conferenza stampa <strong>Bruno<\/strong> <strong>Trocini<\/strong> ha presentato la sfida contro il <strong>Licata<\/strong>, match che si giocher\u00e0 domani alle 14.30 in terra siciliana: &#8220;<em>Non dobbiamo continuare a costruire poco e giocare male. Adesso abbiamo una nostra identit\u00e0, ma ci manca qualcosina. Il <strong>Licata<\/strong> \u00e8 una squadra propositiva e gioca col <strong>3-5-2<\/strong> che lavora bene con mezzali, catene e braccetti.<strong> Sar\u00e0 una partita da affrontare al meglio<\/strong> e sappiamo che il terreno di gioco \u00e8 di dimensioni piccole e ci saranno scontri in mezzo al campo. Dobbiamo essere come loro o meglio di loro sotto il punto di vista del temperamento. <\/em><em><strong>Porcino<\/strong> mezzala? Non \u00e8 una novit\u00e0 e ha prodotto tanto e sar\u00e0 un&#8217;opportunit\u00e0. Farlo giocare basso al posto di <strong>Cham<\/strong> \u00e8 nata dall&#8217;esigenza di avere palleggio in uscita perch\u00e9 ha tempi di gioco ideali. Domani giocheranno entrambi.\u00a0\u00a0<\/em><em>Non recuperiamo nessun attaccante, ma <strong>Reneus<\/strong> e <strong>Rosseti<\/strong> stanno meglio e sto ruotando gli esterni, le mezzali per avvicinarle a <strong>Bolzicco<\/strong> per avere maggiori soluzioni. Non mi manca giocare col 3-5-2, ma solo i centravanti a causa degli infortuni&#8221;.\u00a0<\/em><\/p>\n<p style=\"text-align: justify\">Il mister ha analizzato il pareggio contro il <strong>Portici<\/strong>: <em>&#8220;Siamo stati sottotono e non siamo stati bravi come le scorse partite anche se abbiamo creato tanto. Abbiamo il senso del dovere e pressione quando giochiamo al <strong>Granillo. La societ\u00e0 \u00e8 arrabbiata e ci \u00e8 rimasta male per questo passo falso in casa <\/strong>C&#8217;\u00e8 stato un confronto in settimana con <strong>Pellegrino<\/strong> e <strong>Bonanno<\/strong> dove hanno mostrato le loro dimostranze. Adesso dobbiamo dare delle risposte sul campo. Penso che la pressione ed essere sotto esame \u00e8 normale e so bene che il mio lavoro non sempre \u00e8 giudicato in base a quello che si fa, ma soprattutto dal risultato. Quando trovi squadre che sono inferiori a te devi indirizzare le partite in una certa maniera. Non riuscire a sbloccarle diventa pesante e complicato. Cambia l&#8217;approccio all&#8217;avversario, la percezione&#8221;.\u00a0<\/em><\/p>\n<p style=\"text-align: justify\">L&#8217;allenatore ha presentato <strong>Belpanno<\/strong>: <em>&#8220;E&#8217; pronto e ha giocato fino a qualche giorno fa col <strong>Catanzaro<\/strong> in primavera. Ci serviva come caratteristiche e come under in quella zona del campo. E&#8217; una mezzala fisica che sa inserirsi ed \u00e8 abituato a certi ritmi&#8221;.<\/em><\/p>\n","protected":false},"excerpt":{"rendered":"<p>La LFA Reggio Calabria ha pareggiato 2-2 contro il Portici al Granillo\u00a0nell&#8217;ultimo turno del campionato di Serie D Girone I. Dopo esser stati due volte in svantaggio, gli amaranto sono&hellip;<\/p>\n","protected":false},"author":8,"featured_media":37283,"comment_status":"closed","ping_status":"open","sticky":false,"template":"","format":"standard","meta":{"_jetpack_memberships_contains_paid_content":false,"footnotes":"","jetpack_publicize_message":"","jetpack_publicize_feature_enabled":true,"jetpack_social_post_already_shared":false,"jetpack_social_options":{"image_generator_settings":{"template":"highway","default_image_id":0,"font":"","enabled":false},"version":2}},"categories":[196,140,144],"tags":[27009,21478,22397,5484,21479],"class_list":["post-43971","post","type-post","status-publish","format-standard","has-post-thumbnail","hentry","category-news","category-reggio-calabria","category-sport","tag-belpanno","tag-lfa-reggio-calabria","tag-licata","tag-serie-d","tag-trocini"],"yoast_head":"<!-- This site is optimized with the Yoast SEO plugin v27.2 - https:\/\/yoast.com\/product\/yoast-seo-wordpress\/ -->\n<title>LFA Reggio Calabria, Trocini sul Licata: &quot;E&#039; una squadra propositiva. Reneus e Rosseti stanno meglio&quot; - Radio Touring 104<\/title>\n<meta name=\"description\" content=\"In conferenza stampa Bruno Trocini ha presentato la sfida contro il Licata, match che si giocher\u00e0 domani alle 14.30 in terra siciliana\" \/>\n<meta name=\"robots\" content=\"index, follow, max-snippet:-1, max-image-preview:large, max-video-preview:-1\" \/>\n<link rel=\"canonical\" href=\"https:\/\/progettotouring.it\/radiotouring104\/2024\/02\/03\/lfa-reggio-calabria-trocini-sul-licata-e-una-squadra-propositiva-reneus-e-rosseti-stanno-meglio\/\" \/>\n<meta property=\"og:locale\" content=\"it_IT\" \/>\n<meta property=\"og:type\" content=\"article\" \/>\n<meta property=\"og:title\" content=\"LFA Reggio Calabria, Trocini sul Licata: &quot;E&#039; una squadra propositiva. Reneus e Rosseti stanno meglio&quot; - Radio Touring 104\" \/>\n<meta property=\"og:description\" content=\"In conferenza stampa Bruno Trocini ha presentato la sfida contro il Licata, match che si giocher\u00e0 domani alle 14.30 in terra siciliana\" \/>\n<meta property=\"og:url\" content=\"https:\/\/progettotouring.it\/radiotouring104\/2024\/02\/03\/lfa-reggio-calabria-trocini-sul-licata-e-una-squadra-propositiva-reneus-e-rosseti-stanno-meglio\/\" \/>\n<meta property=\"og:site_name\" content=\"Radio Touring 104\" \/>\n<meta property=\"article:published_time\" content=\"2024-02-03T11:31:56+00:00\" \/>\n<meta property=\"og:image\" content=\"https:\/\/progettotouring.it\/radiotouring104\/wp-content\/uploads\/sites\/6\/2023\/10\/trocini-1.png\" \/>\n\t<meta property=\"og:image:width\" content=\"950\" \/>\n\t<meta property=\"og:image:height\" content=\"502\" \/>\n\t<meta property=\"og:image:type\" content=\"image\/png\" \/>\n<meta name=\"author\" content=\"Filippo Francesco Idone\" \/>\n<meta name=\"twitter:card\" content=\"summary_large_image\" \/>\n<meta name=\"twitter:label1\" content=\"Scritto da\" \/>\n\t<meta name=\"twitter:data1\" content=\"Filippo Francesco Idone\" \/>\n\t<meta name=\"twitter:label2\" content=\"Tempo di lettura stimato\" \/>\n\t<meta name=\"twitter:data2\" content=\"2 minuti\" \/>\n<script type=\"application\/ld+json\" class=\"yoast-schema-graph\">{\"@context\":\"https:\/\/schema.org\",\"@graph\":[{\"@type\":\"Article\",\"@id\":\"https:\/\/progettotouring.it\/radiotouring104\/2024\/02\/03\/lfa-reggio-calabria-trocini-sul-licata-e-una-squadra-propositiva-reneus-e-rosseti-stanno-meglio\/#article\",\"isPartOf\":{\"@id\":\"https:\/\/progettotouring.it\/radiotouring104\/2024\/02\/03\/lfa-reggio-calabria-trocini-sul-licata-e-una-squadra-propositiva-reneus-e-rosseti-stanno-meglio\/\"},\"author\":{\"name\":\"Filippo Francesco Idone\",\"@id\":\"https:\/\/progettotouring.it\/radiotouring104\/#\/schema\/person\/4a82259ca52ac8702ad1a8f9e5a3120b\"},\"headline\":\"LFA Reggio Calabria, Trocini sul Licata: &#8220;E&#8217; una squadra propositiva. Reneus e Rosseti stanno meglio&#8221;\",\"datePublished\":\"2024-02-03T11:31:56+00:00\",\"mainEntityOfPage\":{\"@id\":\"https:\/\/progettotouring.it\/radiotouring104\/2024\/02\/03\/lfa-reggio-calabria-trocini-sul-licata-e-una-squadra-propositiva-reneus-e-rosseti-stanno-meglio\/\"},\"wordCount\":481,\"publisher\":{\"@id\":\"https:\/\/progettotouring.it\/radiotouring104\/#organization\"},\"image\":{\"@id\":\"https:\/\/progettotouring.it\/radiotouring104\/2024\/02\/03\/lfa-reggio-calabria-trocini-sul-licata-e-una-squadra-propositiva-reneus-e-rosseti-stanno-meglio\/#primaryimage\"},\"thumbnailUrl\":\"https:\/\/progettotouring.it\/radiotouring104\/wp-content\/uploads\/sites\/6\/2023\/10\/trocini-1.png\",\"keywords\":[\"Belpanno\",\"LFA Reggio Calabria\",\"licata\",\"serie d\",\"trocini\"],\"articleSection\":[\"News\",\"Reggio Calabria\",\"Sport\"],\"inLanguage\":\"it-IT\"},{\"@type\":\"WebPage\",\"@id\":\"https:\/\/progettotouring.it\/radiotouring104\/2024\/02\/03\/lfa-reggio-calabria-trocini-sul-licata-e-una-squadra-propositiva-reneus-e-rosseti-stanno-meglio\/\",\"url\":\"https:\/\/progettotouring.it\/radiotouring104\/2024\/02\/03\/lfa-reggio-calabria-trocini-sul-licata-e-una-squadra-propositiva-reneus-e-rosseti-stanno-meglio\/\",\"name\":\"LFA Reggio Calabria, Trocini sul Licata: \\\"E' una squadra propositiva. Reneus e Rosseti stanno meglio\\\" - Radio Touring 104\",\"isPartOf\":{\"@id\":\"https:\/\/progettotouring.it\/radiotouring104\/#website\"},\"primaryImageOfPage\":{\"@id\":\"https:\/\/progettotouring.it\/radiotouring104\/2024\/02\/03\/lfa-reggio-calabria-trocini-sul-licata-e-una-squadra-propositiva-reneus-e-rosseti-stanno-meglio\/#primaryimage\"},\"image\":{\"@id\":\"https:\/\/progettotouring.it\/radiotouring104\/2024\/02\/03\/lfa-reggio-calabria-trocini-sul-licata-e-una-squadra-propositiva-reneus-e-rosseti-stanno-meglio\/#primaryimage\"},\"thumbnailUrl\":\"https:\/\/progettotouring.it\/radiotouring104\/wp-content\/uploads\/sites\/6\/2023\/10\/trocini-1.png\",\"datePublished\":\"2024-02-03T11:31:56+00:00\",\"description\":\"In conferenza stampa Bruno Trocini ha presentato la sfida contro il Licata, match che si giocher\u00e0 domani alle 14.30 in terra siciliana\",\"breadcrumb\":{\"@id\":\"https:\/\/progettotouring.it\/radiotouring104\/2024\/02\/03\/lfa-reggio-calabria-trocini-sul-licata-e-una-squadra-propositiva-reneus-e-rosseti-stanno-meglio\/#breadcrumb\"},\"inLanguage\":\"it-IT\",\"potentialAction\":[{\"@type\":\"ReadAction\",\"target\":[\"https:\/\/progettotouring.it\/radiotouring104\/2024\/02\/03\/lfa-reggio-calabria-trocini-sul-licata-e-una-squadra-propositiva-reneus-e-rosseti-stanno-meglio\/\"]}]},{\"@type\":\"ImageObject\",\"inLanguage\":\"it-IT\",\"@id\":\"https:\/\/progettotouring.it\/radiotouring104\/2024\/02\/03\/lfa-reggio-calabria-trocini-sul-licata-e-una-squadra-propositiva-reneus-e-rosseti-stanno-meglio\/#primaryimage\",\"url\":\"https:\/\/progettotouring.it\/radiotouring104\/wp-content\/uploads\/sites\/6\/2023\/10\/trocini-1.png\",\"contentUrl\":\"https:\/\/progettotouring.it\/radiotouring104\/wp-content\/uploads\/sites\/6\/2023\/10\/trocini-1.png\",\"width\":950,\"height\":502},{\"@type\":\"BreadcrumbList\",\"@id\":\"https:\/\/progettotouring.it\/radiotouring104\/2024\/02\/03\/lfa-reggio-calabria-trocini-sul-licata-e-una-squadra-propositiva-reneus-e-rosseti-stanno-meglio\/#breadcrumb\",\"itemListElement\":[{\"@type\":\"ListItem\",\"position\":1,\"name\":\"Home\",\"item\":\"https:\/\/progettotouring.it\/radiotouring104\/\"},{\"@type\":\"ListItem\",\"position\":2,\"name\":\"LFA Reggio Calabria, Trocini sul Licata: &#8220;E&#8217; una squadra propositiva. Reneus e Rosseti stanno meglio&#8221;\"}]},{\"@type\":\"WebSite\",\"@id\":\"https:\/\/progettotouring.it\/radiotouring104\/#website\",\"url\":\"https:\/\/progettotouring.it\/radiotouring104\/\",\"name\":\"Radio Touring 104\",\"description\":\"La prima radio Reggina\",\"publisher\":{\"@id\":\"https:\/\/progettotouring.it\/radiotouring104\/#organization\"},\"potentialAction\":[{\"@type\":\"SearchAction\",\"target\":{\"@type\":\"EntryPoint\",\"urlTemplate\":\"https:\/\/progettotouring.it\/radiotouring104\/?s={search_term_string}\"},\"query-input\":{\"@type\":\"PropertyValueSpecification\",\"valueRequired\":true,\"valueName\":\"search_term_string\"}}],\"inLanguage\":\"it-IT\"},{\"@type\":\"Organization\",\"@id\":\"https:\/\/progettotouring.it\/radiotouring104\/#organization\",\"name\":\"Radio Touring 104\",\"url\":\"https:\/\/progettotouring.it\/radiotouring104\/\",\"logo\":{\"@type\":\"ImageObject\",\"inLanguage\":\"it-IT\",\"@id\":\"https:\/\/progettotouring.it\/radiotouring104\/#\/schema\/logo\/image\/\",\"url\":\"https:\/\/progettotouring.it\/radiotouring104\/wp-content\/uploads\/sites\/6\/2022\/02\/cropped-logo-radio-touring-104.png\",\"contentUrl\":\"https:\/\/progettotouring.it\/radiotouring104\/wp-content\/uploads\/sites\/6\/2022\/02\/cropped-logo-radio-touring-104.png\",\"width\":377,\"height\":182,\"caption\":\"Radio Touring 104\"},\"image\":{\"@id\":\"https:\/\/progettotouring.it\/radiotouring104\/#\/schema\/logo\/image\/\"}},{\"@type\":\"Person\",\"@id\":\"https:\/\/progettotouring.it\/radiotouring104\/#\/schema\/person\/4a82259ca52ac8702ad1a8f9e5a3120b\",\"name\":\"Filippo Francesco Idone\",\"image\":{\"@type\":\"ImageObject\",\"inLanguage\":\"it-IT\",\"@id\":\"https:\/\/secure.gravatar.com\/avatar\/7268715d2366395c3dd314385670e6484117d44f5c442e61e230f7008b7b62d3?s=96&d=mm&r=g\",\"url\":\"https:\/\/secure.gravatar.com\/avatar\/7268715d2366395c3dd314385670e6484117d44f5c442e61e230f7008b7b62d3?s=96&d=mm&r=g\",\"contentUrl\":\"https:\/\/secure.gravatar.com\/avatar\/7268715d2366395c3dd314385670e6484117d44f5c442e61e230f7008b7b62d3?s=96&d=mm&r=g\",\"caption\":\"Filippo Francesco Idone\"},\"url\":\"https:\/\/progettotouring.it\/radiotouring104\/author\/filippoidone\/\"}]}<\/script>\n<!-- \/ Yoast SEO plugin. -->","yoast_head_json":{"title":"LFA Reggio Calabria, Trocini sul Licata: \"E' una squadra propositiva. Reneus e Rosseti stanno meglio\" - Radio Touring 104","description":"In conferenza stampa Bruno Trocini ha presentato la sfida contro il Licata, match che si giocher\u00e0 domani alle 14.30 in terra siciliana","robots":{"index":"index","follow":"follow","max-snippet":"max-snippet:-1","max-image-preview":"max-image-preview:large","max-video-preview":"max-video-preview:-1"},"canonical":"https:\/\/progettotouring.it\/radiotouring104\/2024\/02\/03\/lfa-reggio-calabria-trocini-sul-licata-e-una-squadra-propositiva-reneus-e-rosseti-stanno-meglio\/","og_locale":"it_IT","og_type":"article","og_title":"LFA Reggio Calabria, Trocini sul Licata: \"E' una squadra propositiva. Reneus e Rosseti stanno meglio\" - Radio Touring 104","og_description":"In conferenza stampa Bruno Trocini ha presentato la sfida contro il Licata, match che si giocher\u00e0 domani alle 14.30 in terra siciliana","og_url":"https:\/\/progettotouring.it\/radiotouring104\/2024\/02\/03\/lfa-reggio-calabria-trocini-sul-licata-e-una-squadra-propositiva-reneus-e-rosseti-stanno-meglio\/","og_site_name":"Radio Touring 104","article_published_time":"2024-02-03T11:31:56+00:00","og_image":[{"width":950,"height":502,"url":"https:\/\/progettotouring.it\/radiotouring104\/wp-content\/uploads\/sites\/6\/2023\/10\/trocini-1.png","type":"image\/png"}],"author":"Filippo Francesco Idone","twitter_card":"summary_large_image","twitter_misc":{"Scritto da":"Filippo Francesco Idone","Tempo di lettura stimato":"2 minuti"},"schema":{"@context":"https:\/\/schema.org","@graph":[{"@type":"Article","@id":"https:\/\/progettotouring.it\/radiotouring104\/2024\/02\/03\/lfa-reggio-calabria-trocini-sul-licata-e-una-squadra-propositiva-reneus-e-rosseti-stanno-meglio\/#article","isPartOf":{"@id":"https:\/\/progettotouring.it\/radiotouring104\/2024\/02\/03\/lfa-reggio-calabria-trocini-sul-licata-e-una-squadra-propositiva-reneus-e-rosseti-stanno-meglio\/"},"author":{"name":"Filippo Francesco Idone","@id":"https:\/\/progettotouring.it\/radiotouring104\/#\/schema\/person\/4a82259ca52ac8702ad1a8f9e5a3120b"},"headline":"LFA Reggio Calabria, Trocini sul Licata: &#8220;E&#8217; una squadra propositiva. Reneus e Rosseti stanno meglio&#8221;","datePublished":"2024-02-03T11:31:56+00:00","mainEntityOfPage":{"@id":"https:\/\/progettotouring.it\/radiotouring104\/2024\/02\/03\/lfa-reggio-calabria-trocini-sul-licata-e-una-squadra-propositiva-reneus-e-rosseti-stanno-meglio\/"},"wordCount":481,"publisher":{"@id":"https:\/\/progettotouring.it\/radiotouring104\/#organization"},"image":{"@id":"https:\/\/progettotouring.it\/radiotouring104\/2024\/02\/03\/lfa-reggio-calabria-trocini-sul-licata-e-una-squadra-propositiva-reneus-e-rosseti-stanno-meglio\/#primaryimage"},"thumbnailUrl":"https:\/\/progettotouring.it\/radiotouring104\/wp-content\/uploads\/sites\/6\/2023\/10\/trocini-1.png","keywords":["Belpanno","LFA Reggio Calabria","licata","serie d","trocini"],"articleSection":["News","Reggio Calabria","Sport"],"inLanguage":"it-IT"},{"@type":"WebPage","@id":"https:\/\/progettotouring.it\/radiotouring104\/2024\/02\/03\/lfa-reggio-calabria-trocini-sul-licata-e-una-squadra-propositiva-reneus-e-rosseti-stanno-meglio\/","url":"https:\/\/progettotouring.it\/radiotouring104\/2024\/02\/03\/lfa-reggio-calabria-trocini-sul-licata-e-una-squadra-propositiva-reneus-e-rosseti-stanno-meglio\/","name":"LFA Reggio Calabria, Trocini sul Licata: \"E' una squadra propositiva. Reneus e Rosseti stanno meglio\" - Radio Touring 104","isPartOf":{"@id":"https:\/\/progettotouring.it\/radiotouring104\/#website"},"primaryImageOfPage":{"@id":"https:\/\/progettotouring.it\/radiotouring104\/2024\/02\/03\/lfa-reggio-calabria-trocini-sul-licata-e-una-squadra-propositiva-reneus-e-rosseti-stanno-meglio\/#primaryimage"},"image":{"@id":"https:\/\/progettotouring.it\/radiotouring104\/2024\/02\/03\/lfa-reggio-calabria-trocini-sul-licata-e-una-squadra-propositiva-reneus-e-rosseti-stanno-meglio\/#primaryimage"},"thumbnailUrl":"https:\/\/progettotouring.it\/radiotouring104\/wp-content\/uploads\/sites\/6\/2023\/10\/trocini-1.png","datePublished":"2024-02-03T11:31:56+00:00","description":"In conferenza stampa Bruno Trocini ha presentato la sfida contro il Licata, match che si giocher\u00e0 domani alle 14.30 in terra siciliana","breadcrumb":{"@id":"https:\/\/progettotouring.it\/radiotouring104\/2024\/02\/03\/lfa-reggio-calabria-trocini-sul-licata-e-una-squadra-propositiva-reneus-e-rosseti-stanno-meglio\/#breadcrumb"},"inLanguage":"it-IT","potentialAction":[{"@type":"ReadAction","target":["https:\/\/progettotouring.it\/radiotouring104\/2024\/02\/03\/lfa-reggio-calabria-trocini-sul-licata-e-una-squadra-propositiva-reneus-e-rosseti-stanno-meglio\/"]}]},{"@type":"ImageObject","inLanguage":"it-IT","@id":"https:\/\/progettotouring.it\/radiotouring104\/2024\/02\/03\/lfa-reggio-calabria-trocini-sul-licata-e-una-squadra-propositiva-reneus-e-rosseti-stanno-meglio\/#primaryimage","url":"https:\/\/progettotouring.it\/radiotouring104\/wp-content\/uploads\/sites\/6\/2023\/10\/trocini-1.png","contentUrl":"https:\/\/progettotouring.it\/radiotouring104\/wp-content\/uploads\/sites\/6\/2023\/10\/trocini-1.png","width":950,"height":502},{"@type":"BreadcrumbList","@id":"https:\/\/progettotouring.it\/radiotouring104\/2024\/02\/03\/lfa-reggio-calabria-trocini-sul-licata-e-una-squadra-propositiva-reneus-e-rosseti-stanno-meglio\/#breadcrumb","itemListElement":[{"@type":"ListItem","position":1,"name":"Home","item":"https:\/\/progettotouring.it\/radiotouring104\/"},{"@type":"ListItem","position":2,"name":"LFA Reggio Calabria, Trocini sul Licata: &#8220;E&#8217; una squadra propositiva. Reneus e Rosseti stanno meglio&#8221;"}]},{"@type":"WebSite","@id":"https:\/\/progettotouring.it\/radiotouring104\/#website","url":"https:\/\/progettotouring.it\/radiotouring104\/","name":"Radio Touring 104","description":"La prima radio Reggina","publisher":{"@id":"https:\/\/progettotouring.it\/radiotouring104\/#organization"},"potentialAction":[{"@type":"SearchAction","target":{"@type":"EntryPoint","urlTemplate":"https:\/\/progettotouring.it\/radiotouring104\/?s={search_term_string}"},"query-input":{"@type":"PropertyValueSpecification","valueRequired":true,"valueName":"search_term_string"}}],"inLanguage":"it-IT"},{"@type":"Organization","@id":"https:\/\/progettotouring.it\/radiotouring104\/#organization","name":"Radio Touring 104","url":"https:\/\/progettotouring.it\/radiotouring104\/","logo":{"@type":"ImageObject","inLanguage":"it-IT","@id":"https:\/\/progettotouring.it\/radiotouring104\/#\/schema\/logo\/image\/","url":"https:\/\/progettotouring.it\/radiotouring104\/wp-content\/uploads\/sites\/6\/2022\/02\/cropped-logo-radio-touring-104.png","contentUrl":"https:\/\/progettotouring.it\/radiotouring104\/wp-content\/uploads\/sites\/6\/2022\/02\/cropped-logo-radio-touring-104.png","width":377,"height":182,"caption":"Radio Touring 104"},"image":{"@id":"https:\/\/progettotouring.it\/radiotouring104\/#\/schema\/logo\/image\/"}},{"@type":"Person","@id":"https:\/\/progettotouring.it\/radiotouring104\/#\/schema\/person\/4a82259ca52ac8702ad1a8f9e5a3120b","name":"Filippo Francesco Idone","image":{"@type":"ImageObject","inLanguage":"it-IT","@id":"https:\/\/secure.gravatar.com\/avatar\/7268715d2366395c3dd314385670e6484117d44f5c442e61e230f7008b7b62d3?s=96&d=mm&r=g","url":"https:\/\/secure.gravatar.com\/avatar\/7268715d2366395c3dd314385670e6484117d44f5c442e61e230f7008b7b62d3?s=96&d=mm&r=g","contentUrl":"https:\/\/secure.gravatar.com\/avatar\/7268715d2366395c3dd314385670e6484117d44f5c442e61e230f7008b7b62d3?s=96&d=mm&r=g","caption":"Filippo Francesco Idone"},"url":"https:\/\/progettotouring.it\/radiotouring104\/author\/filippoidone\/"}]}},"jetpack_publicize_connections":[],"jetpack_featured_media_url":"https:\/\/progettotouring.it\/radiotouring104\/wp-content\/uploads\/sites\/6\/2023\/10\/trocini-1.png","jetpack_sharing_enabled":true,"_links":{"self":[{"href":"https:\/\/progettotouring.it\/radiotouring104\/wp-json\/wp\/v2\/posts\/43971","targetHints":{"allow":["GET"]}}],"collection":[{"href":"https:\/\/progettotouring.it\/radiotouring104\/wp-json\/wp\/v2\/posts"}],"about":[{"href":"https:\/\/progettotouring.it\/radiotouring104\/wp-json\/wp\/v2\/types\/post"}],"author":[{"embeddable":true,"href":"https:\/\/progettotouring.it\/radiotouring104\/wp-json\/wp\/v2\/users\/8"}],"replies":[{"embeddable":true,"href":"https:\/\/progettotouring.it\/radiotouring104\/wp-json\/wp\/v2\/comments?post=43971"}],"version-history":[{"count":2,"href":"https:\/\/progettotouring.it\/radiotouring104\/wp-json\/wp\/v2\/posts\/43971\/revisions"}],"predecessor-version":[{"id":43980,"href":"https:\/\/progettotouring.it\/radiotouring104\/wp-json\/wp\/v2\/posts\/43971\/revisions\/43980"}],"wp:featuredmedia":[{"embeddable":true,"href":"https:\/\/progettotouring.it\/radiotouring104\/wp-json\/wp\/v2\/media\/37283"}],"wp:attachment":[{"href":"https:\/\/progettotouring.it\/radiotouring104\/wp-json\/wp\/v2\/media?parent=43971"}],"wp:term":[{"taxonomy":"category","embeddable":true,"href":"https:\/\/progettotouring.it\/radiotouring104\/wp-json\/wp\/v2\/categories?post=43971"},{"taxonomy":"post_tag","embeddable":true,"href":"https:\/\/progettotouring.it\/radiotouring104\/wp-json\/wp\/v2\/tags?post=43971"}],"curies":[{"name":"wp","href":"https:\/\/api.w.org\/{rel}","templated":true}]}}