{"id":43974,"date":"2024-02-03T10:54:28","date_gmt":"2024-02-03T09:54:28","guid":{"rendered":"https:\/\/progettotouring.it\/radiotouring104\/?p=43974"},"modified":"2024-02-03T11:26:53","modified_gmt":"2024-02-03T10:26:53","slug":"reggio-calabria-concluso-il-progetto-n-o-a","status":"publish","type":"post","link":"https:\/\/progettotouring.it\/radiotouring104\/2024\/02\/03\/reggio-calabria-concluso-il-progetto-n-o-a\/","title":{"rendered":"Reggio Calabria: concluso il progetto N.O.A."},"content":{"rendered":"<p style=\"text-align: justify\">Ieri, 2 Febbraio 2024, l<strong>&#8216;Istituto Per la Famiglia Nazionale ODV<\/strong> ha celebrato la conclusione positiva del <strong>Progetto N.O.A.<\/strong> <strong>(Never you Own Alone-Mai pi\u00f9 solo),<\/strong> finanziato dalla <strong>Regione<\/strong> <strong>Calabria<\/strong> con risorse statali del Ministero del lavoro e delle politiche sociali, con l\u2019evento di sensibilizzazione e formazione al volontariato \u201cA scuola di solidariet\u00e0: Educazione alla cittadinanza attiva per i giovani delle scuole Calabresi\u201d rivolto agli studenti dell&#8217;Istituto Tecnico Statale Economico Raffaele Piria &#8211; Ferraris\/da Empoli.<\/p>\n<p style=\"text-align: justify\">Il seminario formativo ha visto la partecipazione del Presidente<strong> Emmanuela Perri<\/strong>, dell\u2019avv. Maurizio Fiorenza (nonch\u00e9 comandante della pattuglia nazionale di Protezione Civile LIONS dell\u2019I.P.F.), della Dott.ssa Zsuzsanna Turtsanyi (Assistente Sociale) e del Dott. Filippo Ripepi (Psicologo) che hanno approfondito, attraverso la partecipazione attiva degli studenti, temi di rilevanza sociale tra cui il mondo del volontariato e le caratteristiche del terzo settore, la cittadinanza attiva, la protezione civile, e l&#8217;importante ruolo svolto dall&#8217;unit\u00e0 di strada e dai suoi operatori. Inoltre, si \u00e8 parlato del progetto N.O.A. e di tutte quelle che sono le attivit\u00e0 giornaliere che l<strong>\u2019Istituto Per la Famiglia ODV<\/strong> porta avanti attraverso i suoi volontari.<br \/>\nSi ringrazia il dirigente scolastico avv. Anna Rita Galletta e la Prof.ssa Patrizia Pratic\u00f2 per l&#8217;opportunit\u00e0 preziosa che \u00e8 stata concessa di poter condividere con i giovani il valore e l&#8217;importanza del volontariato. La sinergia e collaborazione tra l\u2019<strong>I.P.F. ODV e l\u2019I.T.E. Piria<\/strong> hanno reso possibile la realizzazione di un momento formativo significativo e stimolante. Tale sinergia diventa fondamentale per costruire un legame solido tra mondo associativo e realt\u00e0 educativa, permettendo agli studenti di accedere a opportunit\u00e0 di crescita personale e di comprendere appieno il loro ruolo nella costruzione di una societ\u00e0 pi\u00f9 inclusiva. La profonda interazione con gli studenti si \u00e8 quindi rivelata un&#8217;esperienza altamente arricchente, auspicando che le riflessioni avviate nel corso del seminario possano fungere da catalizzatore per la formazione di cittadini consapevoli e attivamente impegnati nel tessuto della solidariet\u00e0.<\/p>\n<p style=\"text-align: justify\">L\u2019Associazione di volontariato composta da 450 sezioni su tutto il territorio nazionale operanti da oltre 30 anni, afferente al <strong>Sistema A.C.U.<\/strong> fondato dal Missionario cristiano <strong>Gilberto<\/strong> <strong>Perri<\/strong>, conferma il suo ruolo di forza motrice nel terzo settore, promuovendo iniziative virtuose volte a eliminare ogni manifestazione di povert\u00e0, e si distingue per la sua rilevanza sociale e umanitaria, e guarda con fiducia al futuro, sicuro che l&#8217;entusiasmo e la dedizione degli studenti coinvolti contribuiranno a promuovere un impegno sempre pi\u00f9 profondo nel volontariato e nella solidariet\u00e0 sociale basato sui principi cristiani. Finanziato nell&#8217;ambito dell&#8217;avviso pubblico per il finanziamento di iniziative e progetti di rilevanza locale ai sensi degli artt. 72 e 73 del decreto legislativo 3 luglio 2017, n. 117, della <strong>Regione Calabria, il Progetto N.O.A.<\/strong> (Never you Own Alone-Mai pi\u00f9 solo) ha visto nei mesi la realizzazione di numerose iniziative tra cui spiccano attivit\u00e0 di formazione e sensibilizzazione dei giovani nelle scuole, la promozione del volontariato, la creazione delle &#8220;Giornate della Bont\u00e0&#8221; con raccolte mensili di beni di prima necessit\u00e0, e l\u2019attivazione dell'&#8221;Unit\u00e0 di Strada&#8221; per la creazione di una rete tra le persone senza dimora e le risorse del territorio. Il progetto ha altres\u00ec supportato attivamente le famiglie attraverso servizi a 360 gradi, con consegne a domicilio di beni essenziali e supporto nel disbrigo pratiche, consulenze fiscali e legali.<\/p>\n<p style=\"text-align: justify\">Il <strong>Progetto N.O.A.<\/strong> ha quindi rappresentato un impegno tangibile <strong>dell&#8217;Istituto Per la Famiglia<\/strong> nel promuovere il benessere sociale e affrontare le sfide locali con iniziative concrete e solidali dando una risposta concreta, perseguendo i valori cristiani di giustizia, amore e altruismo, a tutte le tipologie di bisognosi presenti nel territorio della Citt\u00e0 Metropolitana di Reggio Calabria che sempre di pi\u00f9 versano in una condizione di grave indigenza e che spesso si ritrovano soli ad affrontare problemi quotidiani.<\/p>\n","protected":false},"excerpt":{"rendered":"<p>Ieri, 2 Febbraio 2024, l&#8216;Istituto Per la Famiglia Nazionale ODV ha celebrato la conclusione positiva del Progetto N.O.A. (Never you Own Alone-Mai pi\u00f9 solo), finanziato dalla Regione Calabria con risorse&hellip;<\/p>\n","protected":false},"author":8,"featured_media":43975,"comment_status":"closed","ping_status":"open","sticky":false,"template":"","format":"standard","meta":{"_jetpack_memberships_contains_paid_content":false,"footnotes":"","jetpack_publicize_message":"","jetpack_publicize_feature_enabled":true,"jetpack_social_post_already_shared":false,"jetpack_social_options":{"image_generator_settings":{"template":"highway","default_image_id":0,"font":"","enabled":false},"version":2}},"categories":[921,196,140],"tags":[21187,27089,24743,219],"class_list":["post-43974","post","type-post","status-publish","format-standard","has-post-thumbnail","hentry","category-home","category-news","category-reggio-calabria","tag-istituto-per-la-famiglia-nazionale-odv","tag-li-t-e-piria","tag-progetto-n-o-a","tag-regione-calabria"],"yoast_head":"<!-- This site is optimized with the Yoast SEO plugin v27.2 - https:\/\/yoast.com\/product\/yoast-seo-wordpress\/ -->\n<title>Reggio Calabria: concluso il progetto N.O.A. - Radio Touring 104<\/title>\n<meta name=\"description\" content=\"L&#039;Istituto Per la Famiglia Nazionale ODV ha celebrato la conclusione positiva del Progetto N.O.A. finanziato dalla Regione Calabria\" \/>\n<meta name=\"robots\" content=\"index, follow, max-snippet:-1, max-image-preview:large, max-video-preview:-1\" \/>\n<link rel=\"canonical\" href=\"https:\/\/progettotouring.it\/radiotouring104\/2024\/02\/03\/reggio-calabria-concluso-il-progetto-n-o-a\/\" \/>\n<meta property=\"og:locale\" content=\"it_IT\" \/>\n<meta property=\"og:type\" content=\"article\" \/>\n<meta property=\"og:title\" content=\"Reggio Calabria: concluso il progetto N.O.A. - Radio Touring 104\" \/>\n<meta property=\"og:description\" content=\"L&#039;Istituto Per la Famiglia Nazionale ODV ha celebrato la conclusione positiva del Progetto N.O.A. finanziato dalla Regione Calabria\" \/>\n<meta property=\"og:url\" content=\"https:\/\/progettotouring.it\/radiotouring104\/2024\/02\/03\/reggio-calabria-concluso-il-progetto-n-o-a\/\" \/>\n<meta property=\"og:site_name\" content=\"Radio Touring 104\" \/>\n<meta property=\"article:published_time\" content=\"2024-02-03T09:54:28+00:00\" \/>\n<meta property=\"article:modified_time\" content=\"2024-02-03T10:26:53+00:00\" \/>\n<meta property=\"og:image\" content=\"https:\/\/progettotouring.it\/radiotouring104\/wp-content\/uploads\/sites\/6\/2024\/02\/Progetto-N.O.A.-2.png\" \/>\n\t<meta property=\"og:image:width\" content=\"1067\" \/>\n\t<meta property=\"og:image:height\" content=\"716\" \/>\n\t<meta property=\"og:image:type\" content=\"image\/png\" \/>\n<meta name=\"author\" content=\"Filippo Francesco Idone\" \/>\n<meta name=\"twitter:card\" content=\"summary_large_image\" \/>\n<meta name=\"twitter:label1\" content=\"Scritto da\" \/>\n\t<meta name=\"twitter:data1\" content=\"Filippo Francesco Idone\" \/>\n\t<meta name=\"twitter:label2\" content=\"Tempo di lettura stimato\" \/>\n\t<meta name=\"twitter:data2\" content=\"3 minuti\" \/>\n<script type=\"application\/ld+json\" class=\"yoast-schema-graph\">{\"@context\":\"https:\/\/schema.org\",\"@graph\":[{\"@type\":\"Article\",\"@id\":\"https:\/\/progettotouring.it\/radiotouring104\/2024\/02\/03\/reggio-calabria-concluso-il-progetto-n-o-a\/#article\",\"isPartOf\":{\"@id\":\"https:\/\/progettotouring.it\/radiotouring104\/2024\/02\/03\/reggio-calabria-concluso-il-progetto-n-o-a\/\"},\"author\":{\"name\":\"Filippo Francesco Idone\",\"@id\":\"https:\/\/progettotouring.it\/radiotouring104\/#\/schema\/person\/4a82259ca52ac8702ad1a8f9e5a3120b\"},\"headline\":\"Reggio Calabria: concluso il progetto N.O.A.\",\"datePublished\":\"2024-02-03T09:54:28+00:00\",\"dateModified\":\"2024-02-03T10:26:53+00:00\",\"mainEntityOfPage\":{\"@id\":\"https:\/\/progettotouring.it\/radiotouring104\/2024\/02\/03\/reggio-calabria-concluso-il-progetto-n-o-a\/\"},\"wordCount\":632,\"publisher\":{\"@id\":\"https:\/\/progettotouring.it\/radiotouring104\/#organization\"},\"image\":{\"@id\":\"https:\/\/progettotouring.it\/radiotouring104\/2024\/02\/03\/reggio-calabria-concluso-il-progetto-n-o-a\/#primaryimage\"},\"thumbnailUrl\":\"https:\/\/progettotouring.it\/radiotouring104\/wp-content\/uploads\/sites\/6\/2024\/02\/Progetto-N.O.A.-2.png\",\"keywords\":[\"\u201dIstituto Per la Famiglia Nazionale Odv\",\"l\u2019I.T.E. Piria\",\"Progetto N.O.A\",\"regione calabria\"],\"articleSection\":[\"Home\",\"News\",\"Reggio Calabria\"],\"inLanguage\":\"it-IT\"},{\"@type\":\"WebPage\",\"@id\":\"https:\/\/progettotouring.it\/radiotouring104\/2024\/02\/03\/reggio-calabria-concluso-il-progetto-n-o-a\/\",\"url\":\"https:\/\/progettotouring.it\/radiotouring104\/2024\/02\/03\/reggio-calabria-concluso-il-progetto-n-o-a\/\",\"name\":\"Reggio Calabria: concluso il progetto N.O.A. - Radio Touring 104\",\"isPartOf\":{\"@id\":\"https:\/\/progettotouring.it\/radiotouring104\/#website\"},\"primaryImageOfPage\":{\"@id\":\"https:\/\/progettotouring.it\/radiotouring104\/2024\/02\/03\/reggio-calabria-concluso-il-progetto-n-o-a\/#primaryimage\"},\"image\":{\"@id\":\"https:\/\/progettotouring.it\/radiotouring104\/2024\/02\/03\/reggio-calabria-concluso-il-progetto-n-o-a\/#primaryimage\"},\"thumbnailUrl\":\"https:\/\/progettotouring.it\/radiotouring104\/wp-content\/uploads\/sites\/6\/2024\/02\/Progetto-N.O.A.-2.png\",\"datePublished\":\"2024-02-03T09:54:28+00:00\",\"dateModified\":\"2024-02-03T10:26:53+00:00\",\"description\":\"L'Istituto Per la Famiglia Nazionale ODV ha celebrato la conclusione positiva del Progetto N.O.A. finanziato dalla Regione Calabria\",\"breadcrumb\":{\"@id\":\"https:\/\/progettotouring.it\/radiotouring104\/2024\/02\/03\/reggio-calabria-concluso-il-progetto-n-o-a\/#breadcrumb\"},\"inLanguage\":\"it-IT\",\"potentialAction\":[{\"@type\":\"ReadAction\",\"target\":[\"https:\/\/progettotouring.it\/radiotouring104\/2024\/02\/03\/reggio-calabria-concluso-il-progetto-n-o-a\/\"]}]},{\"@type\":\"ImageObject\",\"inLanguage\":\"it-IT\",\"@id\":\"https:\/\/progettotouring.it\/radiotouring104\/2024\/02\/03\/reggio-calabria-concluso-il-progetto-n-o-a\/#primaryimage\",\"url\":\"https:\/\/progettotouring.it\/radiotouring104\/wp-content\/uploads\/sites\/6\/2024\/02\/Progetto-N.O.A.-2.png\",\"contentUrl\":\"https:\/\/progettotouring.it\/radiotouring104\/wp-content\/uploads\/sites\/6\/2024\/02\/Progetto-N.O.A.-2.png\",\"width\":1067,\"height\":716},{\"@type\":\"BreadcrumbList\",\"@id\":\"https:\/\/progettotouring.it\/radiotouring104\/2024\/02\/03\/reggio-calabria-concluso-il-progetto-n-o-a\/#breadcrumb\",\"itemListElement\":[{\"@type\":\"ListItem\",\"position\":1,\"name\":\"Home\",\"item\":\"https:\/\/progettotouring.it\/radiotouring104\/\"},{\"@type\":\"ListItem\",\"position\":2,\"name\":\"Reggio Calabria: concluso il progetto N.O.A.\"}]},{\"@type\":\"WebSite\",\"@id\":\"https:\/\/progettotouring.it\/radiotouring104\/#website\",\"url\":\"https:\/\/progettotouring.it\/radiotouring104\/\",\"name\":\"Radio Touring 104\",\"description\":\"La prima radio Reggina\",\"publisher\":{\"@id\":\"https:\/\/progettotouring.it\/radiotouring104\/#organization\"},\"potentialAction\":[{\"@type\":\"SearchAction\",\"target\":{\"@type\":\"EntryPoint\",\"urlTemplate\":\"https:\/\/progettotouring.it\/radiotouring104\/?s={search_term_string}\"},\"query-input\":{\"@type\":\"PropertyValueSpecification\",\"valueRequired\":true,\"valueName\":\"search_term_string\"}}],\"inLanguage\":\"it-IT\"},{\"@type\":\"Organization\",\"@id\":\"https:\/\/progettotouring.it\/radiotouring104\/#organization\",\"name\":\"Radio Touring 104\",\"url\":\"https:\/\/progettotouring.it\/radiotouring104\/\",\"logo\":{\"@type\":\"ImageObject\",\"inLanguage\":\"it-IT\",\"@id\":\"https:\/\/progettotouring.it\/radiotouring104\/#\/schema\/logo\/image\/\",\"url\":\"https:\/\/progettotouring.it\/radiotouring104\/wp-content\/uploads\/sites\/6\/2022\/02\/cropped-logo-radio-touring-104.png\",\"contentUrl\":\"https:\/\/progettotouring.it\/radiotouring104\/wp-content\/uploads\/sites\/6\/2022\/02\/cropped-logo-radio-touring-104.png\",\"width\":377,\"height\":182,\"caption\":\"Radio Touring 104\"},\"image\":{\"@id\":\"https:\/\/progettotouring.it\/radiotouring104\/#\/schema\/logo\/image\/\"}},{\"@type\":\"Person\",\"@id\":\"https:\/\/progettotouring.it\/radiotouring104\/#\/schema\/person\/4a82259ca52ac8702ad1a8f9e5a3120b\",\"name\":\"Filippo Francesco Idone\",\"image\":{\"@type\":\"ImageObject\",\"inLanguage\":\"it-IT\",\"@id\":\"https:\/\/secure.gravatar.com\/avatar\/7268715d2366395c3dd314385670e6484117d44f5c442e61e230f7008b7b62d3?s=96&d=mm&r=g\",\"url\":\"https:\/\/secure.gravatar.com\/avatar\/7268715d2366395c3dd314385670e6484117d44f5c442e61e230f7008b7b62d3?s=96&d=mm&r=g\",\"contentUrl\":\"https:\/\/secure.gravatar.com\/avatar\/7268715d2366395c3dd314385670e6484117d44f5c442e61e230f7008b7b62d3?s=96&d=mm&r=g\",\"caption\":\"Filippo Francesco Idone\"},\"url\":\"https:\/\/progettotouring.it\/radiotouring104\/author\/filippoidone\/\"}]}<\/script>\n<!-- \/ Yoast SEO plugin. -->","yoast_head_json":{"title":"Reggio Calabria: concluso il progetto N.O.A. - Radio Touring 104","description":"L'Istituto Per la Famiglia Nazionale ODV ha celebrato la conclusione positiva del Progetto N.O.A. finanziato dalla Regione Calabria","robots":{"index":"index","follow":"follow","max-snippet":"max-snippet:-1","max-image-preview":"max-image-preview:large","max-video-preview":"max-video-preview:-1"},"canonical":"https:\/\/progettotouring.it\/radiotouring104\/2024\/02\/03\/reggio-calabria-concluso-il-progetto-n-o-a\/","og_locale":"it_IT","og_type":"article","og_title":"Reggio Calabria: concluso il progetto N.O.A. - Radio Touring 104","og_description":"L'Istituto Per la Famiglia Nazionale ODV ha celebrato la conclusione positiva del Progetto N.O.A. finanziato dalla Regione Calabria","og_url":"https:\/\/progettotouring.it\/radiotouring104\/2024\/02\/03\/reggio-calabria-concluso-il-progetto-n-o-a\/","og_site_name":"Radio Touring 104","article_published_time":"2024-02-03T09:54:28+00:00","article_modified_time":"2024-02-03T10:26:53+00:00","og_image":[{"width":1067,"height":716,"url":"https:\/\/progettotouring.it\/radiotouring104\/wp-content\/uploads\/sites\/6\/2024\/02\/Progetto-N.O.A.-2.png","type":"image\/png"}],"author":"Filippo Francesco Idone","twitter_card":"summary_large_image","twitter_misc":{"Scritto da":"Filippo Francesco Idone","Tempo di lettura stimato":"3 minuti"},"schema":{"@context":"https:\/\/schema.org","@graph":[{"@type":"Article","@id":"https:\/\/progettotouring.it\/radiotouring104\/2024\/02\/03\/reggio-calabria-concluso-il-progetto-n-o-a\/#article","isPartOf":{"@id":"https:\/\/progettotouring.it\/radiotouring104\/2024\/02\/03\/reggio-calabria-concluso-il-progetto-n-o-a\/"},"author":{"name":"Filippo Francesco Idone","@id":"https:\/\/progettotouring.it\/radiotouring104\/#\/schema\/person\/4a82259ca52ac8702ad1a8f9e5a3120b"},"headline":"Reggio Calabria: concluso il progetto N.O.A.","datePublished":"2024-02-03T09:54:28+00:00","dateModified":"2024-02-03T10:26:53+00:00","mainEntityOfPage":{"@id":"https:\/\/progettotouring.it\/radiotouring104\/2024\/02\/03\/reggio-calabria-concluso-il-progetto-n-o-a\/"},"wordCount":632,"publisher":{"@id":"https:\/\/progettotouring.it\/radiotouring104\/#organization"},"image":{"@id":"https:\/\/progettotouring.it\/radiotouring104\/2024\/02\/03\/reggio-calabria-concluso-il-progetto-n-o-a\/#primaryimage"},"thumbnailUrl":"https:\/\/progettotouring.it\/radiotouring104\/wp-content\/uploads\/sites\/6\/2024\/02\/Progetto-N.O.A.-2.png","keywords":["\u201dIstituto Per la Famiglia Nazionale Odv","l\u2019I.T.E. Piria","Progetto N.O.A","regione calabria"],"articleSection":["Home","News","Reggio Calabria"],"inLanguage":"it-IT"},{"@type":"WebPage","@id":"https:\/\/progettotouring.it\/radiotouring104\/2024\/02\/03\/reggio-calabria-concluso-il-progetto-n-o-a\/","url":"https:\/\/progettotouring.it\/radiotouring104\/2024\/02\/03\/reggio-calabria-concluso-il-progetto-n-o-a\/","name":"Reggio Calabria: concluso il progetto N.O.A. - Radio Touring 104","isPartOf":{"@id":"https:\/\/progettotouring.it\/radiotouring104\/#website"},"primaryImageOfPage":{"@id":"https:\/\/progettotouring.it\/radiotouring104\/2024\/02\/03\/reggio-calabria-concluso-il-progetto-n-o-a\/#primaryimage"},"image":{"@id":"https:\/\/progettotouring.it\/radiotouring104\/2024\/02\/03\/reggio-calabria-concluso-il-progetto-n-o-a\/#primaryimage"},"thumbnailUrl":"https:\/\/progettotouring.it\/radiotouring104\/wp-content\/uploads\/sites\/6\/2024\/02\/Progetto-N.O.A.-2.png","datePublished":"2024-02-03T09:54:28+00:00","dateModified":"2024-02-03T10:26:53+00:00","description":"L'Istituto Per la Famiglia Nazionale ODV ha celebrato la conclusione positiva del Progetto N.O.A. finanziato dalla Regione Calabria","breadcrumb":{"@id":"https:\/\/progettotouring.it\/radiotouring104\/2024\/02\/03\/reggio-calabria-concluso-il-progetto-n-o-a\/#breadcrumb"},"inLanguage":"it-IT","potentialAction":[{"@type":"ReadAction","target":["https:\/\/progettotouring.it\/radiotouring104\/2024\/02\/03\/reggio-calabria-concluso-il-progetto-n-o-a\/"]}]},{"@type":"ImageObject","inLanguage":"it-IT","@id":"https:\/\/progettotouring.it\/radiotouring104\/2024\/02\/03\/reggio-calabria-concluso-il-progetto-n-o-a\/#primaryimage","url":"https:\/\/progettotouring.it\/radiotouring104\/wp-content\/uploads\/sites\/6\/2024\/02\/Progetto-N.O.A.-2.png","contentUrl":"https:\/\/progettotouring.it\/radiotouring104\/wp-content\/uploads\/sites\/6\/2024\/02\/Progetto-N.O.A.-2.png","width":1067,"height":716},{"@type":"BreadcrumbList","@id":"https:\/\/progettotouring.it\/radiotouring104\/2024\/02\/03\/reggio-calabria-concluso-il-progetto-n-o-a\/#breadcrumb","itemListElement":[{"@type":"ListItem","position":1,"name":"Home","item":"https:\/\/progettotouring.it\/radiotouring104\/"},{"@type":"ListItem","position":2,"name":"Reggio Calabria: concluso il progetto N.O.A."}]},{"@type":"WebSite","@id":"https:\/\/progettotouring.it\/radiotouring104\/#website","url":"https:\/\/progettotouring.it\/radiotouring104\/","name":"Radio Touring 104","description":"La prima radio Reggina","publisher":{"@id":"https:\/\/progettotouring.it\/radiotouring104\/#organization"},"potentialAction":[{"@type":"SearchAction","target":{"@type":"EntryPoint","urlTemplate":"https:\/\/progettotouring.it\/radiotouring104\/?s={search_term_string}"},"query-input":{"@type":"PropertyValueSpecification","valueRequired":true,"valueName":"search_term_string"}}],"inLanguage":"it-IT"},{"@type":"Organization","@id":"https:\/\/progettotouring.it\/radiotouring104\/#organization","name":"Radio Touring 104","url":"https:\/\/progettotouring.it\/radiotouring104\/","logo":{"@type":"ImageObject","inLanguage":"it-IT","@id":"https:\/\/progettotouring.it\/radiotouring104\/#\/schema\/logo\/image\/","url":"https:\/\/progettotouring.it\/radiotouring104\/wp-content\/uploads\/sites\/6\/2022\/02\/cropped-logo-radio-touring-104.png","contentUrl":"https:\/\/progettotouring.it\/radiotouring104\/wp-content\/uploads\/sites\/6\/2022\/02\/cropped-logo-radio-touring-104.png","width":377,"height":182,"caption":"Radio Touring 104"},"image":{"@id":"https:\/\/progettotouring.it\/radiotouring104\/#\/schema\/logo\/image\/"}},{"@type":"Person","@id":"https:\/\/progettotouring.it\/radiotouring104\/#\/schema\/person\/4a82259ca52ac8702ad1a8f9e5a3120b","name":"Filippo Francesco Idone","image":{"@type":"ImageObject","inLanguage":"it-IT","@id":"https:\/\/secure.gravatar.com\/avatar\/7268715d2366395c3dd314385670e6484117d44f5c442e61e230f7008b7b62d3?s=96&d=mm&r=g","url":"https:\/\/secure.gravatar.com\/avatar\/7268715d2366395c3dd314385670e6484117d44f5c442e61e230f7008b7b62d3?s=96&d=mm&r=g","contentUrl":"https:\/\/secure.gravatar.com\/avatar\/7268715d2366395c3dd314385670e6484117d44f5c442e61e230f7008b7b62d3?s=96&d=mm&r=g","caption":"Filippo Francesco Idone"},"url":"https:\/\/progettotouring.it\/radiotouring104\/author\/filippoidone\/"}]}},"jetpack_publicize_connections":[],"jetpack_featured_media_url":"https:\/\/progettotouring.it\/radiotouring104\/wp-content\/uploads\/sites\/6\/2024\/02\/Progetto-N.O.A.-2.png","jetpack_sharing_enabled":true,"_links":{"self":[{"href":"https:\/\/progettotouring.it\/radiotouring104\/wp-json\/wp\/v2\/posts\/43974","targetHints":{"allow":["GET"]}}],"collection":[{"href":"https:\/\/progettotouring.it\/radiotouring104\/wp-json\/wp\/v2\/posts"}],"about":[{"href":"https:\/\/progettotouring.it\/radiotouring104\/wp-json\/wp\/v2\/types\/post"}],"author":[{"embeddable":true,"href":"https:\/\/progettotouring.it\/radiotouring104\/wp-json\/wp\/v2\/users\/8"}],"replies":[{"embeddable":true,"href":"https:\/\/progettotouring.it\/radiotouring104\/wp-json\/wp\/v2\/comments?post=43974"}],"version-history":[{"count":1,"href":"https:\/\/progettotouring.it\/radiotouring104\/wp-json\/wp\/v2\/posts\/43974\/revisions"}],"predecessor-version":[{"id":43976,"href":"https:\/\/progettotouring.it\/radiotouring104\/wp-json\/wp\/v2\/posts\/43974\/revisions\/43976"}],"wp:featuredmedia":[{"embeddable":true,"href":"https:\/\/progettotouring.it\/radiotouring104\/wp-json\/wp\/v2\/media\/43975"}],"wp:attachment":[{"href":"https:\/\/progettotouring.it\/radiotouring104\/wp-json\/wp\/v2\/media?parent=43974"}],"wp:term":[{"taxonomy":"category","embeddable":true,"href":"https:\/\/progettotouring.it\/radiotouring104\/wp-json\/wp\/v2\/categories?post=43974"},{"taxonomy":"post_tag","embeddable":true,"href":"https:\/\/progettotouring.it\/radiotouring104\/wp-json\/wp\/v2\/tags?post=43974"}],"curies":[{"name":"wp","href":"https:\/\/api.w.org\/{rel}","templated":true}]}}