{"id":43977,"date":"2024-02-03T11:52:34","date_gmt":"2024-02-03T10:52:34","guid":{"rendered":"https:\/\/progettotouring.it\/radiotouring104\/?p=43977"},"modified":"2024-02-03T11:52:34","modified_gmt":"2024-02-03T10:52:34","slug":"reggio-calabria-tutto-pronto-per-la-rassegna-cinematografica-il-presente-diseguale","status":"publish","type":"post","link":"https:\/\/progettotouring.it\/radiotouring104\/2024\/02\/03\/reggio-calabria-tutto-pronto-per-la-rassegna-cinematografica-il-presente-diseguale\/","title":{"rendered":"Reggio Calabria: tutto pronto per la rassegna cinematografica &#8220;Il presente diseguale&#8221;"},"content":{"rendered":"<p style=\"text-align: justify\">Per chi in questi 32 anni di intensa attivit\u00e0 ha avuto modo di conoscere <strong>il Circolo del Cinema \u201cCesare Zavattini\u201d<\/strong>, \u00e8 chiaro che il modo di intendere il cinema \u00e8 quello rivolto ad una interpretazione del presente, tema non disgiunto dallo spettacolo che costituisce la sua forza originaria e la fascinazione speciale del racconto per immagini. E allora forse poche volte come in questi anni, in quest\u2019epoca di transizione il cinema ci pu\u00f2 aiutare a decriptare il presente fatto di disuguaglianze e diseguali segnali, segno di un progresso che si inceppa, a volte di un repentino ritorno ad un passato che vorremmo leggere solo sopra i libri di storia. Quel cinema che immagina e ci fa immaginare un mondo diverso o manifesta, impietosamente, il nostro che ci \u00e8 occluso o non vogliamo vedere.<\/p>\n<p style=\"text-align: justify\">\u00c8 in questa prospettiva che da <strong>LUNEDI 5 FEBBRAIO 2024<\/strong> presso il <strong>CINETEATRO \u201cLA NUOVA PERGOLA\u201d di REGGIO CALABRIA<\/strong> con due <strong>proiezioni alle ore 18.00 e alle ore 21.00<\/strong>, inizier\u00e0 la nuova rassegna <em>\u201cIl presente diseguale\u201d<\/em>.<\/p>\n<p style=\"text-align: justify\">Una rassegna di sette film, necessariamente pi\u00f9 breve rispetto al solito. Ma anche questo \u00e8 un segno dei tempi perch\u00e9 i costi sono aumentati a dismisura e divenuti insostenibili per una associazione senza scopo di lucro, sempre alla rincorsa dell\u2019autosostenibilit\u00e0. Si \u00e8 voluto comunque mantenere basso il costo dell\u2019abbonamento, che \u00e8 di <strong>35 euro<\/strong> ed \u00e8 acquistabile presso la Libreria AVE-Ubik sul Corso Garibaldi, il Cinemateatro \u201cLa nuova Pergola\u201d e la Multisala \u201cLumiere\u201d di Reggio Calabria, oppure direttamente al cinema prima delle proiezioni.<\/p>\n<p style=\"text-align: justify\"><strong>Il ciclo che<\/strong> apre e chiude la rassegna <em>\u201c<strong>Ecologia delle relazioni<\/strong>\u201d <\/em>propone come film d\u2019apertura la travolgente e raffinata commedia francese <em>Un anno difficile <\/em>di Olivier Nakache e Eric Toledano, tra desideri indotti e necessit\u00e0 di una concezione pi\u00f9 ecologica della vita. Chiuder\u00e0 la rassegna, invece, <em>Il male non esiste <\/em>di Hamaguchi Ry\u016bsuke, un film lirico e affascinante sul conflitto tra natura e modernit\u00e0.<\/p>\n<p style=\"text-align: justify\"><strong>Il secondo ciclo<em> \u201c<\/em><\/strong><em>Le immagini scritte\u201d <\/em>pone al centro il rapporto tra il cinema e i libri con due film. <em>La biblioteca del mondo <\/em>\u00e8 lo sguardo del regista Davide Ferrario sulla labirintica biblioteca del geniale studioso Umberto Eco e l\u2019immaginario che, tra provocazioni e divertimenti intellettuali, si acquisisce dalle pagine di quei libri per raccontarlo con le immagini. <em>Dovlatov-I libri invisibili <\/em>di Aleksej German jr. \u00e8 un vorticoso biopic della superstar della letteratura russa degli anni \u201970 Sergej Dovlatov, emarginato dal regime comunista.<\/p>\n<p style=\"text-align: justify\"><strong>Il terzo ciclo<\/strong> <em>\u201cDiversamente figli, diversamente genitori\u201d<\/em> nasce dalla necessit\u00e0 di gettare uno sguardo sul vasto tema della genitorialit\u00e0 e sul sentimento di identit\u00e0. <em>Amira <\/em>di Mohamed Diab \u00e8 un film che porta in s\u00e9 la stessa complessit\u00e0 del conflitto politico tra Palestina e Israele e indaga, attraverso la storia della sua giovane protagonista, sulla possibilit\u00e0 di riconoscersi dentro i segni di due culture che reciprocamente si rifiutano. Infine, due commedie francesi <em>DNA &#8211; Le radici dell\u2019amore<\/em> di Ma\u00efwenn, un viaggio nella memoria familiare alla ricerca della propria identit\u00e0, e <em>I figli deli altri <\/em>di Rebecca Zlotowski, che indaga, invece, sul desiderio di maternit\u00e0 e le sue molteplici e inaspettate forme.<\/p>\n","protected":false},"excerpt":{"rendered":"<p>Per chi in questi 32 anni di intensa attivit\u00e0 ha avuto modo di conoscere il Circolo del Cinema \u201cCesare Zavattini\u201d, \u00e8 chiaro che il modo di intendere il cinema \u00e8&hellip;<\/p>\n","protected":false},"author":8,"featured_media":0,"comment_status":"closed","ping_status":"open","sticky":false,"template":"","format":"standard","meta":{"_jetpack_memberships_contains_paid_content":false,"footnotes":"","jetpack_publicize_message":"","jetpack_publicize_feature_enabled":true,"jetpack_social_post_already_shared":false,"jetpack_social_options":{"image_generator_settings":{"template":"highway","default_image_id":0,"font":"","enabled":false},"version":2}},"categories":[921,196,140,147],"tags":[27092,27091,27090],"class_list":["post-43977","post","type-post","status-publish","format-standard","hentry","category-home","category-news","category-reggio-calabria","category-spettacoli","tag-il-presente-diseguale","tag-cesare-zavattini","tag-circolo-cinema"],"yoast_head":"<!-- This site is optimized with the Yoast SEO plugin v27.2 - https:\/\/yoast.com\/product\/yoast-seo-wordpress\/ -->\n<title>Reggio Calabria: tutto pronto per la rassegna cinematografica &quot;Il presente diseguale&quot; - Radio Touring 104<\/title>\n<meta name=\"description\" content=\"Al cineteatro &quot;La Nuova Pergola&quot;, con due proiezioni, si terr\u00e0 la rassegna cinematografica &quot;Il presente diseguale&quot;\" \/>\n<meta name=\"robots\" content=\"index, follow, max-snippet:-1, max-image-preview:large, max-video-preview:-1\" \/>\n<link rel=\"canonical\" href=\"https:\/\/progettotouring.it\/radiotouring104\/2024\/02\/03\/reggio-calabria-tutto-pronto-per-la-rassegna-cinematografica-il-presente-diseguale\/\" \/>\n<meta property=\"og:locale\" content=\"it_IT\" \/>\n<meta property=\"og:type\" content=\"article\" \/>\n<meta property=\"og:title\" content=\"Reggio Calabria: tutto pronto per la rassegna cinematografica &quot;Il presente diseguale&quot; - Radio Touring 104\" \/>\n<meta property=\"og:description\" content=\"Al cineteatro &quot;La Nuova Pergola&quot;, con due proiezioni, si terr\u00e0 la rassegna cinematografica &quot;Il presente diseguale&quot;\" \/>\n<meta property=\"og:url\" content=\"https:\/\/progettotouring.it\/radiotouring104\/2024\/02\/03\/reggio-calabria-tutto-pronto-per-la-rassegna-cinematografica-il-presente-diseguale\/\" \/>\n<meta property=\"og:site_name\" content=\"Radio Touring 104\" \/>\n<meta property=\"article:published_time\" content=\"2024-02-03T10:52:34+00:00\" \/>\n<meta name=\"author\" content=\"Filippo Francesco Idone\" \/>\n<meta name=\"twitter:card\" content=\"summary_large_image\" \/>\n<meta name=\"twitter:label1\" content=\"Scritto da\" \/>\n\t<meta name=\"twitter:data1\" content=\"Filippo Francesco Idone\" \/>\n\t<meta name=\"twitter:label2\" content=\"Tempo di lettura stimato\" \/>\n\t<meta name=\"twitter:data2\" content=\"3 minuti\" \/>\n<script type=\"application\/ld+json\" class=\"yoast-schema-graph\">{\"@context\":\"https:\/\/schema.org\",\"@graph\":[{\"@type\":\"Article\",\"@id\":\"https:\/\/progettotouring.it\/radiotouring104\/2024\/02\/03\/reggio-calabria-tutto-pronto-per-la-rassegna-cinematografica-il-presente-diseguale\/#article\",\"isPartOf\":{\"@id\":\"https:\/\/progettotouring.it\/radiotouring104\/2024\/02\/03\/reggio-calabria-tutto-pronto-per-la-rassegna-cinematografica-il-presente-diseguale\/\"},\"author\":{\"name\":\"Filippo Francesco Idone\",\"@id\":\"https:\/\/progettotouring.it\/radiotouring104\/#\/schema\/person\/4a82259ca52ac8702ad1a8f9e5a3120b\"},\"headline\":\"Reggio Calabria: tutto pronto per la rassegna cinematografica &#8220;Il presente diseguale&#8221;\",\"datePublished\":\"2024-02-03T10:52:34+00:00\",\"mainEntityOfPage\":{\"@id\":\"https:\/\/progettotouring.it\/radiotouring104\/2024\/02\/03\/reggio-calabria-tutto-pronto-per-la-rassegna-cinematografica-il-presente-diseguale\/\"},\"wordCount\":512,\"publisher\":{\"@id\":\"https:\/\/progettotouring.it\/radiotouring104\/#organization\"},\"keywords\":[\"\\\"Il presente diseguale\\\"\",\"\u201cCesare Zavattini\u201d\",\"Circolo Cinema\"],\"articleSection\":[\"Home\",\"News\",\"Reggio Calabria\",\"Spettacoli\"],\"inLanguage\":\"it-IT\"},{\"@type\":\"WebPage\",\"@id\":\"https:\/\/progettotouring.it\/radiotouring104\/2024\/02\/03\/reggio-calabria-tutto-pronto-per-la-rassegna-cinematografica-il-presente-diseguale\/\",\"url\":\"https:\/\/progettotouring.it\/radiotouring104\/2024\/02\/03\/reggio-calabria-tutto-pronto-per-la-rassegna-cinematografica-il-presente-diseguale\/\",\"name\":\"Reggio Calabria: tutto pronto per la rassegna cinematografica \\\"Il presente diseguale\\\" - Radio Touring 104\",\"isPartOf\":{\"@id\":\"https:\/\/progettotouring.it\/radiotouring104\/#website\"},\"datePublished\":\"2024-02-03T10:52:34+00:00\",\"description\":\"Al cineteatro \\\"La Nuova Pergola\\\", con due proiezioni, si terr\u00e0 la rassegna cinematografica \\\"Il presente diseguale\\\"\",\"breadcrumb\":{\"@id\":\"https:\/\/progettotouring.it\/radiotouring104\/2024\/02\/03\/reggio-calabria-tutto-pronto-per-la-rassegna-cinematografica-il-presente-diseguale\/#breadcrumb\"},\"inLanguage\":\"it-IT\",\"potentialAction\":[{\"@type\":\"ReadAction\",\"target\":[\"https:\/\/progettotouring.it\/radiotouring104\/2024\/02\/03\/reggio-calabria-tutto-pronto-per-la-rassegna-cinematografica-il-presente-diseguale\/\"]}]},{\"@type\":\"BreadcrumbList\",\"@id\":\"https:\/\/progettotouring.it\/radiotouring104\/2024\/02\/03\/reggio-calabria-tutto-pronto-per-la-rassegna-cinematografica-il-presente-diseguale\/#breadcrumb\",\"itemListElement\":[{\"@type\":\"ListItem\",\"position\":1,\"name\":\"Home\",\"item\":\"https:\/\/progettotouring.it\/radiotouring104\/\"},{\"@type\":\"ListItem\",\"position\":2,\"name\":\"Reggio Calabria: tutto pronto per la rassegna cinematografica &#8220;Il presente diseguale&#8221;\"}]},{\"@type\":\"WebSite\",\"@id\":\"https:\/\/progettotouring.it\/radiotouring104\/#website\",\"url\":\"https:\/\/progettotouring.it\/radiotouring104\/\",\"name\":\"Radio Touring 104\",\"description\":\"La prima radio Reggina\",\"publisher\":{\"@id\":\"https:\/\/progettotouring.it\/radiotouring104\/#organization\"},\"potentialAction\":[{\"@type\":\"SearchAction\",\"target\":{\"@type\":\"EntryPoint\",\"urlTemplate\":\"https:\/\/progettotouring.it\/radiotouring104\/?s={search_term_string}\"},\"query-input\":{\"@type\":\"PropertyValueSpecification\",\"valueRequired\":true,\"valueName\":\"search_term_string\"}}],\"inLanguage\":\"it-IT\"},{\"@type\":\"Organization\",\"@id\":\"https:\/\/progettotouring.it\/radiotouring104\/#organization\",\"name\":\"Radio Touring 104\",\"url\":\"https:\/\/progettotouring.it\/radiotouring104\/\",\"logo\":{\"@type\":\"ImageObject\",\"inLanguage\":\"it-IT\",\"@id\":\"https:\/\/progettotouring.it\/radiotouring104\/#\/schema\/logo\/image\/\",\"url\":\"https:\/\/progettotouring.it\/radiotouring104\/wp-content\/uploads\/sites\/6\/2022\/02\/cropped-logo-radio-touring-104.png\",\"contentUrl\":\"https:\/\/progettotouring.it\/radiotouring104\/wp-content\/uploads\/sites\/6\/2022\/02\/cropped-logo-radio-touring-104.png\",\"width\":377,\"height\":182,\"caption\":\"Radio Touring 104\"},\"image\":{\"@id\":\"https:\/\/progettotouring.it\/radiotouring104\/#\/schema\/logo\/image\/\"}},{\"@type\":\"Person\",\"@id\":\"https:\/\/progettotouring.it\/radiotouring104\/#\/schema\/person\/4a82259ca52ac8702ad1a8f9e5a3120b\",\"name\":\"Filippo Francesco Idone\",\"image\":{\"@type\":\"ImageObject\",\"inLanguage\":\"it-IT\",\"@id\":\"https:\/\/secure.gravatar.com\/avatar\/7268715d2366395c3dd314385670e6484117d44f5c442e61e230f7008b7b62d3?s=96&d=mm&r=g\",\"url\":\"https:\/\/secure.gravatar.com\/avatar\/7268715d2366395c3dd314385670e6484117d44f5c442e61e230f7008b7b62d3?s=96&d=mm&r=g\",\"contentUrl\":\"https:\/\/secure.gravatar.com\/avatar\/7268715d2366395c3dd314385670e6484117d44f5c442e61e230f7008b7b62d3?s=96&d=mm&r=g\",\"caption\":\"Filippo Francesco Idone\"},\"url\":\"https:\/\/progettotouring.it\/radiotouring104\/author\/filippoidone\/\"}]}<\/script>\n<!-- \/ Yoast SEO plugin. -->","yoast_head_json":{"title":"Reggio Calabria: tutto pronto per la rassegna cinematografica \"Il presente diseguale\" - Radio Touring 104","description":"Al cineteatro \"La Nuova Pergola\", con due proiezioni, si terr\u00e0 la rassegna cinematografica \"Il presente diseguale\"","robots":{"index":"index","follow":"follow","max-snippet":"max-snippet:-1","max-image-preview":"max-image-preview:large","max-video-preview":"max-video-preview:-1"},"canonical":"https:\/\/progettotouring.it\/radiotouring104\/2024\/02\/03\/reggio-calabria-tutto-pronto-per-la-rassegna-cinematografica-il-presente-diseguale\/","og_locale":"it_IT","og_type":"article","og_title":"Reggio Calabria: tutto pronto per la rassegna cinematografica \"Il presente diseguale\" - Radio Touring 104","og_description":"Al cineteatro \"La Nuova Pergola\", con due proiezioni, si terr\u00e0 la rassegna cinematografica \"Il presente diseguale\"","og_url":"https:\/\/progettotouring.it\/radiotouring104\/2024\/02\/03\/reggio-calabria-tutto-pronto-per-la-rassegna-cinematografica-il-presente-diseguale\/","og_site_name":"Radio Touring 104","article_published_time":"2024-02-03T10:52:34+00:00","author":"Filippo Francesco Idone","twitter_card":"summary_large_image","twitter_misc":{"Scritto da":"Filippo Francesco Idone","Tempo di lettura stimato":"3 minuti"},"schema":{"@context":"https:\/\/schema.org","@graph":[{"@type":"Article","@id":"https:\/\/progettotouring.it\/radiotouring104\/2024\/02\/03\/reggio-calabria-tutto-pronto-per-la-rassegna-cinematografica-il-presente-diseguale\/#article","isPartOf":{"@id":"https:\/\/progettotouring.it\/radiotouring104\/2024\/02\/03\/reggio-calabria-tutto-pronto-per-la-rassegna-cinematografica-il-presente-diseguale\/"},"author":{"name":"Filippo Francesco Idone","@id":"https:\/\/progettotouring.it\/radiotouring104\/#\/schema\/person\/4a82259ca52ac8702ad1a8f9e5a3120b"},"headline":"Reggio Calabria: tutto pronto per la rassegna cinematografica &#8220;Il presente diseguale&#8221;","datePublished":"2024-02-03T10:52:34+00:00","mainEntityOfPage":{"@id":"https:\/\/progettotouring.it\/radiotouring104\/2024\/02\/03\/reggio-calabria-tutto-pronto-per-la-rassegna-cinematografica-il-presente-diseguale\/"},"wordCount":512,"publisher":{"@id":"https:\/\/progettotouring.it\/radiotouring104\/#organization"},"keywords":["\"Il presente diseguale\"","\u201cCesare Zavattini\u201d","Circolo Cinema"],"articleSection":["Home","News","Reggio Calabria","Spettacoli"],"inLanguage":"it-IT"},{"@type":"WebPage","@id":"https:\/\/progettotouring.it\/radiotouring104\/2024\/02\/03\/reggio-calabria-tutto-pronto-per-la-rassegna-cinematografica-il-presente-diseguale\/","url":"https:\/\/progettotouring.it\/radiotouring104\/2024\/02\/03\/reggio-calabria-tutto-pronto-per-la-rassegna-cinematografica-il-presente-diseguale\/","name":"Reggio Calabria: tutto pronto per la rassegna cinematografica \"Il presente diseguale\" - Radio Touring 104","isPartOf":{"@id":"https:\/\/progettotouring.it\/radiotouring104\/#website"},"datePublished":"2024-02-03T10:52:34+00:00","description":"Al cineteatro \"La Nuova Pergola\", con due proiezioni, si terr\u00e0 la rassegna cinematografica \"Il presente diseguale\"","breadcrumb":{"@id":"https:\/\/progettotouring.it\/radiotouring104\/2024\/02\/03\/reggio-calabria-tutto-pronto-per-la-rassegna-cinematografica-il-presente-diseguale\/#breadcrumb"},"inLanguage":"it-IT","potentialAction":[{"@type":"ReadAction","target":["https:\/\/progettotouring.it\/radiotouring104\/2024\/02\/03\/reggio-calabria-tutto-pronto-per-la-rassegna-cinematografica-il-presente-diseguale\/"]}]},{"@type":"BreadcrumbList","@id":"https:\/\/progettotouring.it\/radiotouring104\/2024\/02\/03\/reggio-calabria-tutto-pronto-per-la-rassegna-cinematografica-il-presente-diseguale\/#breadcrumb","itemListElement":[{"@type":"ListItem","position":1,"name":"Home","item":"https:\/\/progettotouring.it\/radiotouring104\/"},{"@type":"ListItem","position":2,"name":"Reggio Calabria: tutto pronto per la rassegna cinematografica &#8220;Il presente diseguale&#8221;"}]},{"@type":"WebSite","@id":"https:\/\/progettotouring.it\/radiotouring104\/#website","url":"https:\/\/progettotouring.it\/radiotouring104\/","name":"Radio Touring 104","description":"La prima radio Reggina","publisher":{"@id":"https:\/\/progettotouring.it\/radiotouring104\/#organization"},"potentialAction":[{"@type":"SearchAction","target":{"@type":"EntryPoint","urlTemplate":"https:\/\/progettotouring.it\/radiotouring104\/?s={search_term_string}"},"query-input":{"@type":"PropertyValueSpecification","valueRequired":true,"valueName":"search_term_string"}}],"inLanguage":"it-IT"},{"@type":"Organization","@id":"https:\/\/progettotouring.it\/radiotouring104\/#organization","name":"Radio Touring 104","url":"https:\/\/progettotouring.it\/radiotouring104\/","logo":{"@type":"ImageObject","inLanguage":"it-IT","@id":"https:\/\/progettotouring.it\/radiotouring104\/#\/schema\/logo\/image\/","url":"https:\/\/progettotouring.it\/radiotouring104\/wp-content\/uploads\/sites\/6\/2022\/02\/cropped-logo-radio-touring-104.png","contentUrl":"https:\/\/progettotouring.it\/radiotouring104\/wp-content\/uploads\/sites\/6\/2022\/02\/cropped-logo-radio-touring-104.png","width":377,"height":182,"caption":"Radio Touring 104"},"image":{"@id":"https:\/\/progettotouring.it\/radiotouring104\/#\/schema\/logo\/image\/"}},{"@type":"Person","@id":"https:\/\/progettotouring.it\/radiotouring104\/#\/schema\/person\/4a82259ca52ac8702ad1a8f9e5a3120b","name":"Filippo Francesco Idone","image":{"@type":"ImageObject","inLanguage":"it-IT","@id":"https:\/\/secure.gravatar.com\/avatar\/7268715d2366395c3dd314385670e6484117d44f5c442e61e230f7008b7b62d3?s=96&d=mm&r=g","url":"https:\/\/secure.gravatar.com\/avatar\/7268715d2366395c3dd314385670e6484117d44f5c442e61e230f7008b7b62d3?s=96&d=mm&r=g","contentUrl":"https:\/\/secure.gravatar.com\/avatar\/7268715d2366395c3dd314385670e6484117d44f5c442e61e230f7008b7b62d3?s=96&d=mm&r=g","caption":"Filippo Francesco Idone"},"url":"https:\/\/progettotouring.it\/radiotouring104\/author\/filippoidone\/"}]}},"jetpack_publicize_connections":[],"jetpack_featured_media_url":"","jetpack_sharing_enabled":true,"_links":{"self":[{"href":"https:\/\/progettotouring.it\/radiotouring104\/wp-json\/wp\/v2\/posts\/43977","targetHints":{"allow":["GET"]}}],"collection":[{"href":"https:\/\/progettotouring.it\/radiotouring104\/wp-json\/wp\/v2\/posts"}],"about":[{"href":"https:\/\/progettotouring.it\/radiotouring104\/wp-json\/wp\/v2\/types\/post"}],"author":[{"embeddable":true,"href":"https:\/\/progettotouring.it\/radiotouring104\/wp-json\/wp\/v2\/users\/8"}],"replies":[{"embeddable":true,"href":"https:\/\/progettotouring.it\/radiotouring104\/wp-json\/wp\/v2\/comments?post=43977"}],"version-history":[{"count":1,"href":"https:\/\/progettotouring.it\/radiotouring104\/wp-json\/wp\/v2\/posts\/43977\/revisions"}],"predecessor-version":[{"id":43979,"href":"https:\/\/progettotouring.it\/radiotouring104\/wp-json\/wp\/v2\/posts\/43977\/revisions\/43979"}],"wp:attachment":[{"href":"https:\/\/progettotouring.it\/radiotouring104\/wp-json\/wp\/v2\/media?parent=43977"}],"wp:term":[{"taxonomy":"category","embeddable":true,"href":"https:\/\/progettotouring.it\/radiotouring104\/wp-json\/wp\/v2\/categories?post=43977"},{"taxonomy":"post_tag","embeddable":true,"href":"https:\/\/progettotouring.it\/radiotouring104\/wp-json\/wp\/v2\/tags?post=43977"}],"curies":[{"name":"wp","href":"https:\/\/api.w.org\/{rel}","templated":true}]}}