{"id":43981,"date":"2024-02-03T12:31:42","date_gmt":"2024-02-03T11:31:42","guid":{"rendered":"https:\/\/progettotouring.it\/radiotouring104\/?p=43981"},"modified":"2024-02-03T13:29:59","modified_gmt":"2024-02-03T12:29:59","slug":"rosarno-dopo-diversi-anni-torna-il-carnevale-rosarnese","status":"publish","type":"post","link":"https:\/\/progettotouring.it\/radiotouring104\/2024\/02\/03\/rosarno-dopo-diversi-anni-torna-il-carnevale-rosarnese\/","title":{"rendered":"Rosarno: dopo diversi anni torna il Carnevale Rosarnese"},"content":{"rendered":"<p style=\"text-align: justify\">Dopo diversi anni di assenza di feste e spettacoli, procede spedita la macchina organizzativa della 5\u00b0 edizione del <strong>Carnevale<\/strong> R<strong>osarnese<\/strong> 2024; l\u2019evento si terr\u00e0 domenica 11 febbraio nella cittadina <strong>Medmea<\/strong>. La sfilata, dove sono previsti ben oltre 13 carri allegorici, partir\u00e0 alle ore 14: 30 da Piazza Paolo Orsi e si snoder\u00e0 lungo le vie del centro cittadino, via Medma, via regina Elena, piazza Valarioti, piazza del Popolo, Corso Giuseppe Garibaldi sino ad arrivare in piazza Duomo. Verranno premiati il carro allegorico pi\u00f9 bello, la maschera pi\u00f9 originale ed il gruppo mascherato pi\u00f9 simpatico\u2026. La festa proseguir\u00e0 fino a sera tra musica live, balli, giochi per grandi e bambini. L\u2019evento \u00e8 organizzato dall\u2019 amministrazione comunale di Rosarno e coordinato dall\u2019assessore con delega allo spettacolo <strong>Antonino<\/strong> <strong>Pronesti<\/strong> con la preziosa collaborazione degli istituti comprensivi rosarnesi, le parrocchie, le associazioni, le scuole di danza e tanti cittadini volontari.<\/p>\n<p style=\"text-align: justify\">Dichiara l\u2019assessore allo spettacolo <strong>Pronest\u00ec<\/strong> <strong>Antonino<\/strong>:<em> \u201cVogliamo che le nostre famiglie non siano costrette a girovagare in lungo e largo la provincia per trascorrere una giornata diversa, vogliamo che restino e partecipino qui a Rosarno, nel nostro amato paese. La nostra comunit\u00e0 sta ritrovando la voglia di lavorare insieme per il bene comune, siamo certi che con la collaborazione di tutti possiamo, concretamente, realizzare eventi attrattivi per far rivivere la citt\u00e0 e risvegliare l\u2019orgoglio di essere rosarnesi. L\u2019invito \u00e8 che tutti possano essere presenti\u201d.<\/em><\/p>\n","protected":false},"excerpt":{"rendered":"<p>Dopo diversi anni di assenza di feste e spettacoli, procede spedita la macchina organizzativa della 5\u00b0 edizione del Carnevale Rosarnese 2024; l\u2019evento si terr\u00e0 domenica 11 febbraio nella cittadina Medmea.&hellip;<\/p>\n","protected":false},"author":8,"featured_media":43982,"comment_status":"closed","ping_status":"open","sticky":false,"template":"","format":"standard","meta":{"_jetpack_memberships_contains_paid_content":false,"footnotes":"","jetpack_publicize_message":"","jetpack_publicize_feature_enabled":true,"jetpack_social_post_already_shared":false,"jetpack_social_options":{"image_generator_settings":{"template":"highway","default_image_id":0,"font":"","enabled":false},"version":2}},"categories":[921,196,140],"tags":[27093,1314],"class_list":["post-43981","post","type-post","status-publish","format-standard","has-post-thumbnail","hentry","category-home","category-news","category-reggio-calabria","tag-carnevale-rosarnese","tag-rosarno"],"yoast_head":"<!-- This site is optimized with the Yoast SEO plugin v27.2 - https:\/\/yoast.com\/product\/yoast-seo-wordpress\/ -->\n<title>Rosarno: dopo diversi anni torna il Carnevale Rosarnese - Radio Touring 104<\/title>\n<meta name=\"description\" content=\"Dopo diversi anni di assenza procede spedita la macchina organizzativa per la 5 \u00aa edizione del Carnevale Rosarnese\" \/>\n<meta name=\"robots\" content=\"index, follow, max-snippet:-1, max-image-preview:large, max-video-preview:-1\" \/>\n<link rel=\"canonical\" href=\"https:\/\/progettotouring.it\/radiotouring104\/2024\/02\/03\/rosarno-dopo-diversi-anni-torna-il-carnevale-rosarnese\/\" \/>\n<meta property=\"og:locale\" content=\"it_IT\" \/>\n<meta property=\"og:type\" content=\"article\" \/>\n<meta property=\"og:title\" content=\"Rosarno: dopo diversi anni torna il Carnevale Rosarnese - Radio Touring 104\" \/>\n<meta property=\"og:description\" content=\"Dopo diversi anni di assenza procede spedita la macchina organizzativa per la 5 \u00aa edizione del Carnevale Rosarnese\" \/>\n<meta property=\"og:url\" content=\"https:\/\/progettotouring.it\/radiotouring104\/2024\/02\/03\/rosarno-dopo-diversi-anni-torna-il-carnevale-rosarnese\/\" \/>\n<meta property=\"og:site_name\" content=\"Radio Touring 104\" \/>\n<meta property=\"article:published_time\" content=\"2024-02-03T11:31:42+00:00\" \/>\n<meta property=\"article:modified_time\" content=\"2024-02-03T12:29:59+00:00\" \/>\n<meta property=\"og:image\" content=\"https:\/\/progettotouring.it\/radiotouring104\/wp-content\/uploads\/sites\/6\/2024\/02\/Carnevale-Rosarnese.jpeg\" \/>\n\t<meta property=\"og:image:width\" content=\"2048\" \/>\n\t<meta property=\"og:image:height\" content=\"2048\" \/>\n\t<meta property=\"og:image:type\" content=\"image\/jpeg\" \/>\n<meta name=\"author\" content=\"Filippo Francesco Idone\" \/>\n<meta name=\"twitter:card\" content=\"summary_large_image\" \/>\n<meta name=\"twitter:label1\" content=\"Scritto da\" \/>\n\t<meta name=\"twitter:data1\" content=\"Filippo Francesco Idone\" \/>\n\t<meta name=\"twitter:label2\" content=\"Tempo di lettura stimato\" \/>\n\t<meta name=\"twitter:data2\" content=\"1 minuto\" \/>\n<script type=\"application\/ld+json\" class=\"yoast-schema-graph\">{\"@context\":\"https:\/\/schema.org\",\"@graph\":[{\"@type\":\"Article\",\"@id\":\"https:\/\/progettotouring.it\/radiotouring104\/2024\/02\/03\/rosarno-dopo-diversi-anni-torna-il-carnevale-rosarnese\/#article\",\"isPartOf\":{\"@id\":\"https:\/\/progettotouring.it\/radiotouring104\/2024\/02\/03\/rosarno-dopo-diversi-anni-torna-il-carnevale-rosarnese\/\"},\"author\":{\"name\":\"Filippo Francesco Idone\",\"@id\":\"https:\/\/progettotouring.it\/radiotouring104\/#\/schema\/person\/4a82259ca52ac8702ad1a8f9e5a3120b\"},\"headline\":\"Rosarno: dopo diversi anni torna il Carnevale Rosarnese\",\"datePublished\":\"2024-02-03T11:31:42+00:00\",\"dateModified\":\"2024-02-03T12:29:59+00:00\",\"mainEntityOfPage\":{\"@id\":\"https:\/\/progettotouring.it\/radiotouring104\/2024\/02\/03\/rosarno-dopo-diversi-anni-torna-il-carnevale-rosarnese\/\"},\"wordCount\":236,\"publisher\":{\"@id\":\"https:\/\/progettotouring.it\/radiotouring104\/#organization\"},\"image\":{\"@id\":\"https:\/\/progettotouring.it\/radiotouring104\/2024\/02\/03\/rosarno-dopo-diversi-anni-torna-il-carnevale-rosarnese\/#primaryimage\"},\"thumbnailUrl\":\"https:\/\/progettotouring.it\/radiotouring104\/wp-content\/uploads\/sites\/6\/2024\/02\/Carnevale-Rosarnese.jpeg\",\"keywords\":[\"Carnevale Rosarnese\",\"rosarno\"],\"articleSection\":[\"Home\",\"News\",\"Reggio Calabria\"],\"inLanguage\":\"it-IT\"},{\"@type\":\"WebPage\",\"@id\":\"https:\/\/progettotouring.it\/radiotouring104\/2024\/02\/03\/rosarno-dopo-diversi-anni-torna-il-carnevale-rosarnese\/\",\"url\":\"https:\/\/progettotouring.it\/radiotouring104\/2024\/02\/03\/rosarno-dopo-diversi-anni-torna-il-carnevale-rosarnese\/\",\"name\":\"Rosarno: dopo diversi anni torna il Carnevale Rosarnese - Radio Touring 104\",\"isPartOf\":{\"@id\":\"https:\/\/progettotouring.it\/radiotouring104\/#website\"},\"primaryImageOfPage\":{\"@id\":\"https:\/\/progettotouring.it\/radiotouring104\/2024\/02\/03\/rosarno-dopo-diversi-anni-torna-il-carnevale-rosarnese\/#primaryimage\"},\"image\":{\"@id\":\"https:\/\/progettotouring.it\/radiotouring104\/2024\/02\/03\/rosarno-dopo-diversi-anni-torna-il-carnevale-rosarnese\/#primaryimage\"},\"thumbnailUrl\":\"https:\/\/progettotouring.it\/radiotouring104\/wp-content\/uploads\/sites\/6\/2024\/02\/Carnevale-Rosarnese.jpeg\",\"datePublished\":\"2024-02-03T11:31:42+00:00\",\"dateModified\":\"2024-02-03T12:29:59+00:00\",\"description\":\"Dopo diversi anni di assenza procede spedita la macchina organizzativa per la 5 \u00aa edizione del Carnevale Rosarnese\",\"breadcrumb\":{\"@id\":\"https:\/\/progettotouring.it\/radiotouring104\/2024\/02\/03\/rosarno-dopo-diversi-anni-torna-il-carnevale-rosarnese\/#breadcrumb\"},\"inLanguage\":\"it-IT\",\"potentialAction\":[{\"@type\":\"ReadAction\",\"target\":[\"https:\/\/progettotouring.it\/radiotouring104\/2024\/02\/03\/rosarno-dopo-diversi-anni-torna-il-carnevale-rosarnese\/\"]}]},{\"@type\":\"ImageObject\",\"inLanguage\":\"it-IT\",\"@id\":\"https:\/\/progettotouring.it\/radiotouring104\/2024\/02\/03\/rosarno-dopo-diversi-anni-torna-il-carnevale-rosarnese\/#primaryimage\",\"url\":\"https:\/\/progettotouring.it\/radiotouring104\/wp-content\/uploads\/sites\/6\/2024\/02\/Carnevale-Rosarnese.jpeg\",\"contentUrl\":\"https:\/\/progettotouring.it\/radiotouring104\/wp-content\/uploads\/sites\/6\/2024\/02\/Carnevale-Rosarnese.jpeg\",\"width\":2048,\"height\":2048},{\"@type\":\"BreadcrumbList\",\"@id\":\"https:\/\/progettotouring.it\/radiotouring104\/2024\/02\/03\/rosarno-dopo-diversi-anni-torna-il-carnevale-rosarnese\/#breadcrumb\",\"itemListElement\":[{\"@type\":\"ListItem\",\"position\":1,\"name\":\"Home\",\"item\":\"https:\/\/progettotouring.it\/radiotouring104\/\"},{\"@type\":\"ListItem\",\"position\":2,\"name\":\"Rosarno: dopo diversi anni torna il Carnevale Rosarnese\"}]},{\"@type\":\"WebSite\",\"@id\":\"https:\/\/progettotouring.it\/radiotouring104\/#website\",\"url\":\"https:\/\/progettotouring.it\/radiotouring104\/\",\"name\":\"Radio Touring 104\",\"description\":\"La prima radio Reggina\",\"publisher\":{\"@id\":\"https:\/\/progettotouring.it\/radiotouring104\/#organization\"},\"potentialAction\":[{\"@type\":\"SearchAction\",\"target\":{\"@type\":\"EntryPoint\",\"urlTemplate\":\"https:\/\/progettotouring.it\/radiotouring104\/?s={search_term_string}\"},\"query-input\":{\"@type\":\"PropertyValueSpecification\",\"valueRequired\":true,\"valueName\":\"search_term_string\"}}],\"inLanguage\":\"it-IT\"},{\"@type\":\"Organization\",\"@id\":\"https:\/\/progettotouring.it\/radiotouring104\/#organization\",\"name\":\"Radio Touring 104\",\"url\":\"https:\/\/progettotouring.it\/radiotouring104\/\",\"logo\":{\"@type\":\"ImageObject\",\"inLanguage\":\"it-IT\",\"@id\":\"https:\/\/progettotouring.it\/radiotouring104\/#\/schema\/logo\/image\/\",\"url\":\"https:\/\/progettotouring.it\/radiotouring104\/wp-content\/uploads\/sites\/6\/2022\/02\/cropped-logo-radio-touring-104.png\",\"contentUrl\":\"https:\/\/progettotouring.it\/radiotouring104\/wp-content\/uploads\/sites\/6\/2022\/02\/cropped-logo-radio-touring-104.png\",\"width\":377,\"height\":182,\"caption\":\"Radio Touring 104\"},\"image\":{\"@id\":\"https:\/\/progettotouring.it\/radiotouring104\/#\/schema\/logo\/image\/\"}},{\"@type\":\"Person\",\"@id\":\"https:\/\/progettotouring.it\/radiotouring104\/#\/schema\/person\/4a82259ca52ac8702ad1a8f9e5a3120b\",\"name\":\"Filippo Francesco Idone\",\"image\":{\"@type\":\"ImageObject\",\"inLanguage\":\"it-IT\",\"@id\":\"https:\/\/secure.gravatar.com\/avatar\/7268715d2366395c3dd314385670e6484117d44f5c442e61e230f7008b7b62d3?s=96&d=mm&r=g\",\"url\":\"https:\/\/secure.gravatar.com\/avatar\/7268715d2366395c3dd314385670e6484117d44f5c442e61e230f7008b7b62d3?s=96&d=mm&r=g\",\"contentUrl\":\"https:\/\/secure.gravatar.com\/avatar\/7268715d2366395c3dd314385670e6484117d44f5c442e61e230f7008b7b62d3?s=96&d=mm&r=g\",\"caption\":\"Filippo Francesco Idone\"},\"url\":\"https:\/\/progettotouring.it\/radiotouring104\/author\/filippoidone\/\"}]}<\/script>\n<!-- \/ Yoast SEO plugin. -->","yoast_head_json":{"title":"Rosarno: dopo diversi anni torna il Carnevale Rosarnese - Radio Touring 104","description":"Dopo diversi anni di assenza procede spedita la macchina organizzativa per la 5 \u00aa edizione del Carnevale Rosarnese","robots":{"index":"index","follow":"follow","max-snippet":"max-snippet:-1","max-image-preview":"max-image-preview:large","max-video-preview":"max-video-preview:-1"},"canonical":"https:\/\/progettotouring.it\/radiotouring104\/2024\/02\/03\/rosarno-dopo-diversi-anni-torna-il-carnevale-rosarnese\/","og_locale":"it_IT","og_type":"article","og_title":"Rosarno: dopo diversi anni torna il Carnevale Rosarnese - Radio Touring 104","og_description":"Dopo diversi anni di assenza procede spedita la macchina organizzativa per la 5 \u00aa edizione del Carnevale Rosarnese","og_url":"https:\/\/progettotouring.it\/radiotouring104\/2024\/02\/03\/rosarno-dopo-diversi-anni-torna-il-carnevale-rosarnese\/","og_site_name":"Radio Touring 104","article_published_time":"2024-02-03T11:31:42+00:00","article_modified_time":"2024-02-03T12:29:59+00:00","og_image":[{"width":2048,"height":2048,"url":"https:\/\/progettotouring.it\/radiotouring104\/wp-content\/uploads\/sites\/6\/2024\/02\/Carnevale-Rosarnese.jpeg","type":"image\/jpeg"}],"author":"Filippo Francesco Idone","twitter_card":"summary_large_image","twitter_misc":{"Scritto da":"Filippo Francesco Idone","Tempo di lettura stimato":"1 minuto"},"schema":{"@context":"https:\/\/schema.org","@graph":[{"@type":"Article","@id":"https:\/\/progettotouring.it\/radiotouring104\/2024\/02\/03\/rosarno-dopo-diversi-anni-torna-il-carnevale-rosarnese\/#article","isPartOf":{"@id":"https:\/\/progettotouring.it\/radiotouring104\/2024\/02\/03\/rosarno-dopo-diversi-anni-torna-il-carnevale-rosarnese\/"},"author":{"name":"Filippo Francesco Idone","@id":"https:\/\/progettotouring.it\/radiotouring104\/#\/schema\/person\/4a82259ca52ac8702ad1a8f9e5a3120b"},"headline":"Rosarno: dopo diversi anni torna il Carnevale Rosarnese","datePublished":"2024-02-03T11:31:42+00:00","dateModified":"2024-02-03T12:29:59+00:00","mainEntityOfPage":{"@id":"https:\/\/progettotouring.it\/radiotouring104\/2024\/02\/03\/rosarno-dopo-diversi-anni-torna-il-carnevale-rosarnese\/"},"wordCount":236,"publisher":{"@id":"https:\/\/progettotouring.it\/radiotouring104\/#organization"},"image":{"@id":"https:\/\/progettotouring.it\/radiotouring104\/2024\/02\/03\/rosarno-dopo-diversi-anni-torna-il-carnevale-rosarnese\/#primaryimage"},"thumbnailUrl":"https:\/\/progettotouring.it\/radiotouring104\/wp-content\/uploads\/sites\/6\/2024\/02\/Carnevale-Rosarnese.jpeg","keywords":["Carnevale Rosarnese","rosarno"],"articleSection":["Home","News","Reggio Calabria"],"inLanguage":"it-IT"},{"@type":"WebPage","@id":"https:\/\/progettotouring.it\/radiotouring104\/2024\/02\/03\/rosarno-dopo-diversi-anni-torna-il-carnevale-rosarnese\/","url":"https:\/\/progettotouring.it\/radiotouring104\/2024\/02\/03\/rosarno-dopo-diversi-anni-torna-il-carnevale-rosarnese\/","name":"Rosarno: dopo diversi anni torna il Carnevale Rosarnese - Radio Touring 104","isPartOf":{"@id":"https:\/\/progettotouring.it\/radiotouring104\/#website"},"primaryImageOfPage":{"@id":"https:\/\/progettotouring.it\/radiotouring104\/2024\/02\/03\/rosarno-dopo-diversi-anni-torna-il-carnevale-rosarnese\/#primaryimage"},"image":{"@id":"https:\/\/progettotouring.it\/radiotouring104\/2024\/02\/03\/rosarno-dopo-diversi-anni-torna-il-carnevale-rosarnese\/#primaryimage"},"thumbnailUrl":"https:\/\/progettotouring.it\/radiotouring104\/wp-content\/uploads\/sites\/6\/2024\/02\/Carnevale-Rosarnese.jpeg","datePublished":"2024-02-03T11:31:42+00:00","dateModified":"2024-02-03T12:29:59+00:00","description":"Dopo diversi anni di assenza procede spedita la macchina organizzativa per la 5 \u00aa edizione del Carnevale Rosarnese","breadcrumb":{"@id":"https:\/\/progettotouring.it\/radiotouring104\/2024\/02\/03\/rosarno-dopo-diversi-anni-torna-il-carnevale-rosarnese\/#breadcrumb"},"inLanguage":"it-IT","potentialAction":[{"@type":"ReadAction","target":["https:\/\/progettotouring.it\/radiotouring104\/2024\/02\/03\/rosarno-dopo-diversi-anni-torna-il-carnevale-rosarnese\/"]}]},{"@type":"ImageObject","inLanguage":"it-IT","@id":"https:\/\/progettotouring.it\/radiotouring104\/2024\/02\/03\/rosarno-dopo-diversi-anni-torna-il-carnevale-rosarnese\/#primaryimage","url":"https:\/\/progettotouring.it\/radiotouring104\/wp-content\/uploads\/sites\/6\/2024\/02\/Carnevale-Rosarnese.jpeg","contentUrl":"https:\/\/progettotouring.it\/radiotouring104\/wp-content\/uploads\/sites\/6\/2024\/02\/Carnevale-Rosarnese.jpeg","width":2048,"height":2048},{"@type":"BreadcrumbList","@id":"https:\/\/progettotouring.it\/radiotouring104\/2024\/02\/03\/rosarno-dopo-diversi-anni-torna-il-carnevale-rosarnese\/#breadcrumb","itemListElement":[{"@type":"ListItem","position":1,"name":"Home","item":"https:\/\/progettotouring.it\/radiotouring104\/"},{"@type":"ListItem","position":2,"name":"Rosarno: dopo diversi anni torna il Carnevale Rosarnese"}]},{"@type":"WebSite","@id":"https:\/\/progettotouring.it\/radiotouring104\/#website","url":"https:\/\/progettotouring.it\/radiotouring104\/","name":"Radio Touring 104","description":"La prima radio Reggina","publisher":{"@id":"https:\/\/progettotouring.it\/radiotouring104\/#organization"},"potentialAction":[{"@type":"SearchAction","target":{"@type":"EntryPoint","urlTemplate":"https:\/\/progettotouring.it\/radiotouring104\/?s={search_term_string}"},"query-input":{"@type":"PropertyValueSpecification","valueRequired":true,"valueName":"search_term_string"}}],"inLanguage":"it-IT"},{"@type":"Organization","@id":"https:\/\/progettotouring.it\/radiotouring104\/#organization","name":"Radio Touring 104","url":"https:\/\/progettotouring.it\/radiotouring104\/","logo":{"@type":"ImageObject","inLanguage":"it-IT","@id":"https:\/\/progettotouring.it\/radiotouring104\/#\/schema\/logo\/image\/","url":"https:\/\/progettotouring.it\/radiotouring104\/wp-content\/uploads\/sites\/6\/2022\/02\/cropped-logo-radio-touring-104.png","contentUrl":"https:\/\/progettotouring.it\/radiotouring104\/wp-content\/uploads\/sites\/6\/2022\/02\/cropped-logo-radio-touring-104.png","width":377,"height":182,"caption":"Radio Touring 104"},"image":{"@id":"https:\/\/progettotouring.it\/radiotouring104\/#\/schema\/logo\/image\/"}},{"@type":"Person","@id":"https:\/\/progettotouring.it\/radiotouring104\/#\/schema\/person\/4a82259ca52ac8702ad1a8f9e5a3120b","name":"Filippo Francesco Idone","image":{"@type":"ImageObject","inLanguage":"it-IT","@id":"https:\/\/secure.gravatar.com\/avatar\/7268715d2366395c3dd314385670e6484117d44f5c442e61e230f7008b7b62d3?s=96&d=mm&r=g","url":"https:\/\/secure.gravatar.com\/avatar\/7268715d2366395c3dd314385670e6484117d44f5c442e61e230f7008b7b62d3?s=96&d=mm&r=g","contentUrl":"https:\/\/secure.gravatar.com\/avatar\/7268715d2366395c3dd314385670e6484117d44f5c442e61e230f7008b7b62d3?s=96&d=mm&r=g","caption":"Filippo Francesco Idone"},"url":"https:\/\/progettotouring.it\/radiotouring104\/author\/filippoidone\/"}]}},"jetpack_publicize_connections":[],"jetpack_featured_media_url":"https:\/\/progettotouring.it\/radiotouring104\/wp-content\/uploads\/sites\/6\/2024\/02\/Carnevale-Rosarnese.jpeg","jetpack_sharing_enabled":true,"_links":{"self":[{"href":"https:\/\/progettotouring.it\/radiotouring104\/wp-json\/wp\/v2\/posts\/43981","targetHints":{"allow":["GET"]}}],"collection":[{"href":"https:\/\/progettotouring.it\/radiotouring104\/wp-json\/wp\/v2\/posts"}],"about":[{"href":"https:\/\/progettotouring.it\/radiotouring104\/wp-json\/wp\/v2\/types\/post"}],"author":[{"embeddable":true,"href":"https:\/\/progettotouring.it\/radiotouring104\/wp-json\/wp\/v2\/users\/8"}],"replies":[{"embeddable":true,"href":"https:\/\/progettotouring.it\/radiotouring104\/wp-json\/wp\/v2\/comments?post=43981"}],"version-history":[{"count":3,"href":"https:\/\/progettotouring.it\/radiotouring104\/wp-json\/wp\/v2\/posts\/43981\/revisions"}],"predecessor-version":[{"id":43995,"href":"https:\/\/progettotouring.it\/radiotouring104\/wp-json\/wp\/v2\/posts\/43981\/revisions\/43995"}],"wp:featuredmedia":[{"embeddable":true,"href":"https:\/\/progettotouring.it\/radiotouring104\/wp-json\/wp\/v2\/media\/43982"}],"wp:attachment":[{"href":"https:\/\/progettotouring.it\/radiotouring104\/wp-json\/wp\/v2\/media?parent=43981"}],"wp:term":[{"taxonomy":"category","embeddable":true,"href":"https:\/\/progettotouring.it\/radiotouring104\/wp-json\/wp\/v2\/categories?post=43981"},{"taxonomy":"post_tag","embeddable":true,"href":"https:\/\/progettotouring.it\/radiotouring104\/wp-json\/wp\/v2\/tags?post=43981"}],"curies":[{"name":"wp","href":"https:\/\/api.w.org\/{rel}","templated":true}]}}