{"id":44141,"date":"2024-02-06T11:15:39","date_gmt":"2024-02-06T10:15:39","guid":{"rendered":"https:\/\/progettotouring.it\/radiotouring104\/?p=44141"},"modified":"2024-02-06T11:17:19","modified_gmt":"2024-02-06T10:17:19","slug":"cosenza-camera-di-commercio-lancia-10-nuovi-bandi-per-il-2024","status":"publish","type":"post","link":"https:\/\/progettotouring.it\/radiotouring104\/2024\/02\/06\/cosenza-camera-di-commercio-lancia-10-nuovi-bandi-per-il-2024\/","title":{"rendered":"Cosenza: Camera di Commercio lancia 10 nuovi bandi per il 2024"},"content":{"rendered":"<p style=\"text-align: justify\"><strong>Imprese, reti e corpi intermedi sono i destinatari dei nuovi bandi promossi<\/strong> nel corso della conferenza stampa andata in scena<strong> ieri presso la Sala Giunta. <\/strong><\/p>\n<p style=\"text-align: justify\"><strong>10 le iniziative promosse dall\u2019ente camerale<\/strong>:<strong> l\u2019obiettivo \u00e8 innalzare l\u2019asticella da un punto di vista economico, sociale e culturale,<\/strong> finanziando le proposte delle imprese partecipanti e mettendo in circolo nuove idee che possano portare una ventata di aria fresca al territorio.<\/p>\n<p style=\"text-align: justify\"><strong>I dettagli di ciascun bando sono stati illustrati<\/strong> alla stampa anche attraverso una serie di <strong>video realizzati dalla Camera di Commercio insieme agli studenti del I.I.S Lucrezia Della Valle<\/strong> nell\u2019ambito del percorso per le competenze trasversali e l\u2019orientamento (PCTO), che vede l\u2019Ente camerale quale soggetto ospitante.<\/p>\n<p style=\"text-align: justify\"><strong>Il percorso, dal titolo<\/strong><em> \u201cPensa, crea e componi\u201d,<\/em> ha permesso ai ragazzi dell\u2019istituto cosentino di realizzare la colonna sonora di ogni video dei bandi.<\/p>\n<p style=\"text-align: justify\"><strong>Tre le nuove iniziative alla loro prima edizione<\/strong>: il bando <em>\u201cAdozione sistemi di certificazione\u201d,<\/em> come ad esempio le certificazioni ISO 900, che eroga un contributo massimo di 5.000 euro; il bando<em> \u201cCompetitivit\u00e0 imprese turistiche\u201d,<\/em> finalizzato ad aumentare efficienza e competitivit\u00e0 delle imprese turistiche del territorio, con un contributo massimo di 5.000 euro; la manifestazione di interesse <em>\u201cPreparazione ai mercati esteri\u201d,<\/em> che si pone l\u2019obiettivo di preparare le aziende all\u2019export attraverso specifiche azioni di formazione e orientamento.<\/p>\n<p style=\"text-align: justify\">Riconfermate inoltre alcune iniziative che hanno riscosso molto successo: il bando <em>\u201cRisparmio energetico, sostenibilit\u00e0 ed economia circolare\u201d<\/em> e il bando <em>\u201cVoucher digitali 4.0\u201d<\/em> che consentono di accedere ad un contributo fino a 10.000 euro; il bando per l\u2019\u201d<strong>Adozione di attestazioni SOA\u201d,<\/strong> che prevede un contributo massimo di 5.000 euro; il bando <strong>\u201cSviluppo strategie digitali\u201d<\/strong>, che prevede un contributo fino a 5.000 euro, e il bando<em> \u201cCreazione nuove imprese\u201d<\/em> che consente di accedere ad un contributo fino a 10.000 euro; il bando <em>\u201cSviluppo del turismo congressuale, religioso e sportivo<\/em>\u201d, che eroga un contributo fino a 10.000 euro, e il bando <em>\u201cCompartecipazione progettuale Associazioni di categoria\u201d,<\/em> rivolto ai corpi intermedi, che consente di ottenere un contributo di 10.000 euro, elevabile fino a 50.000 euro in caso di progetti congiunti.<\/p>\n<p style=\"text-align: justify\">Molti dei contributi potranno <strong>beneficiare di un 10% in pi\u00f9 nel caso di impresa femminile o di imprenditore\/socio diversamente abile.<\/strong> \u00c8 inoltre prevista una premialit\u00e0 di 250,00 euro alle imprese in possesso del rating di legalit\u00e0.<\/p>\n<p style=\"text-align: justify\"><strong>L\u2019ente camerale conferma inoltre l\u2019attenzione alla trasparenza:<\/strong> anche per quest\u2019anno i sopralluoghi alle imprese beneficiarie di contributi avverranno su un campione del 2% di ciascun bando, con eventuale revoca qualora venga accertata la mancata realizzazione degli investimenti.<\/p>\n<p style=\"text-align: justify\"><strong>Un focus \u00e8 stato infine rivolto al concorso<\/strong><em> \u201cL\u2019Oro dei Bruzi\u201d,<\/em> giunto alla sua XI edizione, finalizzato a selezionare e valorizzare, mediante il laboratorio di analisi chimiche e organolettiche di Promocosenza \u2013 l\u2019azienda speciale della Camera di commercio di Cosenza -, gli oli extravergine di oliva prodotti nella Provincia, con una pubblicazione su un\u2019apposita guida per il consumatore che ne divulghi caratteristiche di pregio e di qualit\u00e0.<\/p>\n<p style=\"text-align: justify\">Per tutti i 10 bandi sar\u00e0 possibile presentare domanda di partecipazione a partire dal 19 febbraio fino al 31 ottobre 2024. Maggiori informazioni e dettagli saranno disponibili sul sito web della Camera di Commercio nella sezione \u201cAvvisi e Bandi\u201d (<a href=\"http:\/\/www.cs.camcom.gov.it\">www.cs.camcom.gov.it<\/a>).<\/p>\n<p style=\"text-align: justify\">Per eventuali approfondimenti \u00e8 possibile contattare gli uffici camerali all\u2019indirizzo<\/p>\n<p style=\"text-align: justify\">di posta elettronica versoleimprese@cs.camcom.it<\/p>\n<p>&nbsp;<\/p>\n<p>&nbsp;<\/p>\n<p>&nbsp;<\/p>\n<p>&nbsp;<\/p>\n<p>&nbsp;<\/p>\n<p>&nbsp;<\/p>\n<p>&nbsp;<\/p>\n<p>&nbsp;<\/p>\n<p>&nbsp;<\/p>\n<p>&nbsp;<\/p>\n<p>&nbsp;<\/p>\n<p>&nbsp;<\/p>\n<p>&nbsp;<\/p>\n<p>&nbsp;<\/p>\n","protected":false},"excerpt":{"rendered":"<p>Imprese, reti e corpi intermedi sono i destinatari dei nuovi bandi promossi nel corso della conferenza stampa andata in scena ieri presso la Sala Giunta. 10 le iniziative promosse dall\u2019ente&hellip;<\/p>\n","protected":false},"author":12,"featured_media":44143,"comment_status":"closed","ping_status":"open","sticky":false,"template":"","format":"standard","meta":{"_jetpack_memberships_contains_paid_content":false,"footnotes":"","jetpack_publicize_message":"","jetpack_publicize_feature_enabled":true,"jetpack_social_post_already_shared":false,"jetpack_social_options":{"image_generator_settings":{"template":"highway","default_image_id":0,"font":"","enabled":false},"version":2}},"categories":[142,921,196],"tags":[27180,13074,27181],"class_list":["post-44141","post","type-post","status-publish","format-standard","has-post-thumbnail","hentry","category-calabria","category-home","category-news","tag-10-nuovi-bandi-2024","tag-camera-commercio-cosenza","tag-i-i-s-lucrezia-della-valle"],"yoast_head":"<!-- This site is optimized with the Yoast SEO plugin v27.2 - https:\/\/yoast.com\/product\/yoast-seo-wordpress\/ -->\n<title>Cosenza: Camera di Commercio lancia 10 nuovi bandi per il 2024<\/title>\n<meta name=\"description\" content=\"Annunciati i bandi camerali, dopo approvazione in Giunta.. Sar\u00e0 possibile inviare le domande a partire dal 19 febbraio fino al 31 ottobre 2024\" \/>\n<meta name=\"robots\" content=\"index, follow, max-snippet:-1, max-image-preview:large, max-video-preview:-1\" \/>\n<link rel=\"canonical\" href=\"https:\/\/progettotouring.it\/radiotouring104\/2024\/02\/06\/cosenza-camera-di-commercio-lancia-10-nuovi-bandi-per-il-2024\/\" \/>\n<meta property=\"og:locale\" content=\"it_IT\" \/>\n<meta property=\"og:type\" content=\"article\" \/>\n<meta property=\"og:title\" content=\"Cosenza: Camera di Commercio lancia 10 nuovi bandi per il 2024\" \/>\n<meta property=\"og:description\" content=\"Annunciati i bandi camerali, dopo approvazione in Giunta.. Sar\u00e0 possibile inviare le domande a partire dal 19 febbraio fino al 31 ottobre 2024\" \/>\n<meta property=\"og:url\" content=\"https:\/\/progettotouring.it\/radiotouring104\/2024\/02\/06\/cosenza-camera-di-commercio-lancia-10-nuovi-bandi-per-il-2024\/\" \/>\n<meta property=\"og:site_name\" content=\"Radio Touring 104\" \/>\n<meta property=\"article:published_time\" content=\"2024-02-06T10:15:39+00:00\" \/>\n<meta property=\"article:modified_time\" content=\"2024-02-06T10:17:19+00:00\" \/>\n<meta property=\"og:image\" content=\"https:\/\/progettotouring.it\/radiotouring104\/wp-content\/uploads\/sites\/6\/2024\/02\/Algieri-Giorno-Camera-Commercio-Cosenza-scaled.jpg\" \/>\n\t<meta property=\"og:image:width\" content=\"2560\" \/>\n\t<meta property=\"og:image:height\" content=\"798\" \/>\n\t<meta property=\"og:image:type\" content=\"image\/jpeg\" \/>\n<meta name=\"author\" content=\"Sebastiano Plutino\" \/>\n<meta name=\"twitter:card\" content=\"summary_large_image\" \/>\n<meta name=\"twitter:label1\" content=\"Scritto da\" \/>\n\t<meta name=\"twitter:data1\" content=\"Sebastiano Plutino\" \/>\n\t<meta name=\"twitter:label2\" content=\"Tempo di lettura stimato\" \/>\n\t<meta name=\"twitter:data2\" content=\"3 minuti\" \/>\n<script type=\"application\/ld+json\" class=\"yoast-schema-graph\">{\"@context\":\"https:\/\/schema.org\",\"@graph\":[{\"@type\":\"Article\",\"@id\":\"https:\/\/progettotouring.it\/radiotouring104\/2024\/02\/06\/cosenza-camera-di-commercio-lancia-10-nuovi-bandi-per-il-2024\/#article\",\"isPartOf\":{\"@id\":\"https:\/\/progettotouring.it\/radiotouring104\/2024\/02\/06\/cosenza-camera-di-commercio-lancia-10-nuovi-bandi-per-il-2024\/\"},\"author\":{\"name\":\"Sebastiano Plutino\",\"@id\":\"https:\/\/progettotouring.it\/radiotouring104\/#\/schema\/person\/78613917f1851f041f7483f5af1d422e\"},\"headline\":\"Cosenza: Camera di Commercio lancia 10 nuovi bandi per il 2024\",\"datePublished\":\"2024-02-06T10:15:39+00:00\",\"dateModified\":\"2024-02-06T10:17:19+00:00\",\"mainEntityOfPage\":{\"@id\":\"https:\/\/progettotouring.it\/radiotouring104\/2024\/02\/06\/cosenza-camera-di-commercio-lancia-10-nuovi-bandi-per-il-2024\/\"},\"wordCount\":559,\"publisher\":{\"@id\":\"https:\/\/progettotouring.it\/radiotouring104\/#organization\"},\"image\":{\"@id\":\"https:\/\/progettotouring.it\/radiotouring104\/2024\/02\/06\/cosenza-camera-di-commercio-lancia-10-nuovi-bandi-per-il-2024\/#primaryimage\"},\"thumbnailUrl\":\"https:\/\/progettotouring.it\/radiotouring104\/wp-content\/uploads\/sites\/6\/2024\/02\/Algieri-Giorno-Camera-Commercio-Cosenza-scaled.jpg\",\"keywords\":[\"10 nuovi bandi 2024\",\"camera commercio cosenza\",\"I.I.S Lucrezia Della Valle\"],\"articleSection\":[\"Calabria\",\"Home\",\"News\"],\"inLanguage\":\"it-IT\"},{\"@type\":\"WebPage\",\"@id\":\"https:\/\/progettotouring.it\/radiotouring104\/2024\/02\/06\/cosenza-camera-di-commercio-lancia-10-nuovi-bandi-per-il-2024\/\",\"url\":\"https:\/\/progettotouring.it\/radiotouring104\/2024\/02\/06\/cosenza-camera-di-commercio-lancia-10-nuovi-bandi-per-il-2024\/\",\"name\":\"Cosenza: Camera di Commercio lancia 10 nuovi bandi per il 2024\",\"isPartOf\":{\"@id\":\"https:\/\/progettotouring.it\/radiotouring104\/#website\"},\"primaryImageOfPage\":{\"@id\":\"https:\/\/progettotouring.it\/radiotouring104\/2024\/02\/06\/cosenza-camera-di-commercio-lancia-10-nuovi-bandi-per-il-2024\/#primaryimage\"},\"image\":{\"@id\":\"https:\/\/progettotouring.it\/radiotouring104\/2024\/02\/06\/cosenza-camera-di-commercio-lancia-10-nuovi-bandi-per-il-2024\/#primaryimage\"},\"thumbnailUrl\":\"https:\/\/progettotouring.it\/radiotouring104\/wp-content\/uploads\/sites\/6\/2024\/02\/Algieri-Giorno-Camera-Commercio-Cosenza-scaled.jpg\",\"datePublished\":\"2024-02-06T10:15:39+00:00\",\"dateModified\":\"2024-02-06T10:17:19+00:00\",\"description\":\"Annunciati i bandi camerali, dopo approvazione in Giunta.. Sar\u00e0 possibile inviare le domande a partire dal 19 febbraio fino al 31 ottobre 2024\",\"breadcrumb\":{\"@id\":\"https:\/\/progettotouring.it\/radiotouring104\/2024\/02\/06\/cosenza-camera-di-commercio-lancia-10-nuovi-bandi-per-il-2024\/#breadcrumb\"},\"inLanguage\":\"it-IT\",\"potentialAction\":[{\"@type\":\"ReadAction\",\"target\":[\"https:\/\/progettotouring.it\/radiotouring104\/2024\/02\/06\/cosenza-camera-di-commercio-lancia-10-nuovi-bandi-per-il-2024\/\"]}]},{\"@type\":\"ImageObject\",\"inLanguage\":\"it-IT\",\"@id\":\"https:\/\/progettotouring.it\/radiotouring104\/2024\/02\/06\/cosenza-camera-di-commercio-lancia-10-nuovi-bandi-per-il-2024\/#primaryimage\",\"url\":\"https:\/\/progettotouring.it\/radiotouring104\/wp-content\/uploads\/sites\/6\/2024\/02\/Algieri-Giorno-Camera-Commercio-Cosenza-scaled.jpg\",\"contentUrl\":\"https:\/\/progettotouring.it\/radiotouring104\/wp-content\/uploads\/sites\/6\/2024\/02\/Algieri-Giorno-Camera-Commercio-Cosenza-scaled.jpg\",\"width\":2560,\"height\":798},{\"@type\":\"BreadcrumbList\",\"@id\":\"https:\/\/progettotouring.it\/radiotouring104\/2024\/02\/06\/cosenza-camera-di-commercio-lancia-10-nuovi-bandi-per-il-2024\/#breadcrumb\",\"itemListElement\":[{\"@type\":\"ListItem\",\"position\":1,\"name\":\"Home\",\"item\":\"https:\/\/progettotouring.it\/radiotouring104\/\"},{\"@type\":\"ListItem\",\"position\":2,\"name\":\"Cosenza: Camera di Commercio lancia 10 nuovi bandi per il 2024\"}]},{\"@type\":\"WebSite\",\"@id\":\"https:\/\/progettotouring.it\/radiotouring104\/#website\",\"url\":\"https:\/\/progettotouring.it\/radiotouring104\/\",\"name\":\"Radio Touring 104\",\"description\":\"La prima radio Reggina\",\"publisher\":{\"@id\":\"https:\/\/progettotouring.it\/radiotouring104\/#organization\"},\"potentialAction\":[{\"@type\":\"SearchAction\",\"target\":{\"@type\":\"EntryPoint\",\"urlTemplate\":\"https:\/\/progettotouring.it\/radiotouring104\/?s={search_term_string}\"},\"query-input\":{\"@type\":\"PropertyValueSpecification\",\"valueRequired\":true,\"valueName\":\"search_term_string\"}}],\"inLanguage\":\"it-IT\"},{\"@type\":\"Organization\",\"@id\":\"https:\/\/progettotouring.it\/radiotouring104\/#organization\",\"name\":\"Radio Touring 104\",\"url\":\"https:\/\/progettotouring.it\/radiotouring104\/\",\"logo\":{\"@type\":\"ImageObject\",\"inLanguage\":\"it-IT\",\"@id\":\"https:\/\/progettotouring.it\/radiotouring104\/#\/schema\/logo\/image\/\",\"url\":\"https:\/\/progettotouring.it\/radiotouring104\/wp-content\/uploads\/sites\/6\/2022\/02\/cropped-logo-radio-touring-104.png\",\"contentUrl\":\"https:\/\/progettotouring.it\/radiotouring104\/wp-content\/uploads\/sites\/6\/2022\/02\/cropped-logo-radio-touring-104.png\",\"width\":377,\"height\":182,\"caption\":\"Radio Touring 104\"},\"image\":{\"@id\":\"https:\/\/progettotouring.it\/radiotouring104\/#\/schema\/logo\/image\/\"}},{\"@type\":\"Person\",\"@id\":\"https:\/\/progettotouring.it\/radiotouring104\/#\/schema\/person\/78613917f1851f041f7483f5af1d422e\",\"name\":\"Sebastiano Plutino\",\"image\":{\"@type\":\"ImageObject\",\"inLanguage\":\"it-IT\",\"@id\":\"https:\/\/secure.gravatar.com\/avatar\/0546ffaa9b79224faf9f2a156b67a529ae861d3287c66c1d8ccfdf909bcba78d?s=96&d=mm&r=g\",\"url\":\"https:\/\/secure.gravatar.com\/avatar\/0546ffaa9b79224faf9f2a156b67a529ae861d3287c66c1d8ccfdf909bcba78d?s=96&d=mm&r=g\",\"contentUrl\":\"https:\/\/secure.gravatar.com\/avatar\/0546ffaa9b79224faf9f2a156b67a529ae861d3287c66c1d8ccfdf909bcba78d?s=96&d=mm&r=g\",\"caption\":\"Sebastiano Plutino\"},\"url\":\"https:\/\/progettotouring.it\/radiotouring104\/author\/sebastiano\/\"}]}<\/script>\n<!-- \/ Yoast SEO plugin. -->","yoast_head_json":{"title":"Cosenza: Camera di Commercio lancia 10 nuovi bandi per il 2024","description":"Annunciati i bandi camerali, dopo approvazione in Giunta.. Sar\u00e0 possibile inviare le domande a partire dal 19 febbraio fino al 31 ottobre 2024","robots":{"index":"index","follow":"follow","max-snippet":"max-snippet:-1","max-image-preview":"max-image-preview:large","max-video-preview":"max-video-preview:-1"},"canonical":"https:\/\/progettotouring.it\/radiotouring104\/2024\/02\/06\/cosenza-camera-di-commercio-lancia-10-nuovi-bandi-per-il-2024\/","og_locale":"it_IT","og_type":"article","og_title":"Cosenza: Camera di Commercio lancia 10 nuovi bandi per il 2024","og_description":"Annunciati i bandi camerali, dopo approvazione in Giunta.. Sar\u00e0 possibile inviare le domande a partire dal 19 febbraio fino al 31 ottobre 2024","og_url":"https:\/\/progettotouring.it\/radiotouring104\/2024\/02\/06\/cosenza-camera-di-commercio-lancia-10-nuovi-bandi-per-il-2024\/","og_site_name":"Radio Touring 104","article_published_time":"2024-02-06T10:15:39+00:00","article_modified_time":"2024-02-06T10:17:19+00:00","og_image":[{"width":2560,"height":798,"url":"https:\/\/progettotouring.it\/radiotouring104\/wp-content\/uploads\/sites\/6\/2024\/02\/Algieri-Giorno-Camera-Commercio-Cosenza-scaled.jpg","type":"image\/jpeg"}],"author":"Sebastiano Plutino","twitter_card":"summary_large_image","twitter_misc":{"Scritto da":"Sebastiano Plutino","Tempo di lettura stimato":"3 minuti"},"schema":{"@context":"https:\/\/schema.org","@graph":[{"@type":"Article","@id":"https:\/\/progettotouring.it\/radiotouring104\/2024\/02\/06\/cosenza-camera-di-commercio-lancia-10-nuovi-bandi-per-il-2024\/#article","isPartOf":{"@id":"https:\/\/progettotouring.it\/radiotouring104\/2024\/02\/06\/cosenza-camera-di-commercio-lancia-10-nuovi-bandi-per-il-2024\/"},"author":{"name":"Sebastiano Plutino","@id":"https:\/\/progettotouring.it\/radiotouring104\/#\/schema\/person\/78613917f1851f041f7483f5af1d422e"},"headline":"Cosenza: Camera di Commercio lancia 10 nuovi bandi per il 2024","datePublished":"2024-02-06T10:15:39+00:00","dateModified":"2024-02-06T10:17:19+00:00","mainEntityOfPage":{"@id":"https:\/\/progettotouring.it\/radiotouring104\/2024\/02\/06\/cosenza-camera-di-commercio-lancia-10-nuovi-bandi-per-il-2024\/"},"wordCount":559,"publisher":{"@id":"https:\/\/progettotouring.it\/radiotouring104\/#organization"},"image":{"@id":"https:\/\/progettotouring.it\/radiotouring104\/2024\/02\/06\/cosenza-camera-di-commercio-lancia-10-nuovi-bandi-per-il-2024\/#primaryimage"},"thumbnailUrl":"https:\/\/progettotouring.it\/radiotouring104\/wp-content\/uploads\/sites\/6\/2024\/02\/Algieri-Giorno-Camera-Commercio-Cosenza-scaled.jpg","keywords":["10 nuovi bandi 2024","camera commercio cosenza","I.I.S Lucrezia Della Valle"],"articleSection":["Calabria","Home","News"],"inLanguage":"it-IT"},{"@type":"WebPage","@id":"https:\/\/progettotouring.it\/radiotouring104\/2024\/02\/06\/cosenza-camera-di-commercio-lancia-10-nuovi-bandi-per-il-2024\/","url":"https:\/\/progettotouring.it\/radiotouring104\/2024\/02\/06\/cosenza-camera-di-commercio-lancia-10-nuovi-bandi-per-il-2024\/","name":"Cosenza: Camera di Commercio lancia 10 nuovi bandi per il 2024","isPartOf":{"@id":"https:\/\/progettotouring.it\/radiotouring104\/#website"},"primaryImageOfPage":{"@id":"https:\/\/progettotouring.it\/radiotouring104\/2024\/02\/06\/cosenza-camera-di-commercio-lancia-10-nuovi-bandi-per-il-2024\/#primaryimage"},"image":{"@id":"https:\/\/progettotouring.it\/radiotouring104\/2024\/02\/06\/cosenza-camera-di-commercio-lancia-10-nuovi-bandi-per-il-2024\/#primaryimage"},"thumbnailUrl":"https:\/\/progettotouring.it\/radiotouring104\/wp-content\/uploads\/sites\/6\/2024\/02\/Algieri-Giorno-Camera-Commercio-Cosenza-scaled.jpg","datePublished":"2024-02-06T10:15:39+00:00","dateModified":"2024-02-06T10:17:19+00:00","description":"Annunciati i bandi camerali, dopo approvazione in Giunta.. Sar\u00e0 possibile inviare le domande a partire dal 19 febbraio fino al 31 ottobre 2024","breadcrumb":{"@id":"https:\/\/progettotouring.it\/radiotouring104\/2024\/02\/06\/cosenza-camera-di-commercio-lancia-10-nuovi-bandi-per-il-2024\/#breadcrumb"},"inLanguage":"it-IT","potentialAction":[{"@type":"ReadAction","target":["https:\/\/progettotouring.it\/radiotouring104\/2024\/02\/06\/cosenza-camera-di-commercio-lancia-10-nuovi-bandi-per-il-2024\/"]}]},{"@type":"ImageObject","inLanguage":"it-IT","@id":"https:\/\/progettotouring.it\/radiotouring104\/2024\/02\/06\/cosenza-camera-di-commercio-lancia-10-nuovi-bandi-per-il-2024\/#primaryimage","url":"https:\/\/progettotouring.it\/radiotouring104\/wp-content\/uploads\/sites\/6\/2024\/02\/Algieri-Giorno-Camera-Commercio-Cosenza-scaled.jpg","contentUrl":"https:\/\/progettotouring.it\/radiotouring104\/wp-content\/uploads\/sites\/6\/2024\/02\/Algieri-Giorno-Camera-Commercio-Cosenza-scaled.jpg","width":2560,"height":798},{"@type":"BreadcrumbList","@id":"https:\/\/progettotouring.it\/radiotouring104\/2024\/02\/06\/cosenza-camera-di-commercio-lancia-10-nuovi-bandi-per-il-2024\/#breadcrumb","itemListElement":[{"@type":"ListItem","position":1,"name":"Home","item":"https:\/\/progettotouring.it\/radiotouring104\/"},{"@type":"ListItem","position":2,"name":"Cosenza: Camera di Commercio lancia 10 nuovi bandi per il 2024"}]},{"@type":"WebSite","@id":"https:\/\/progettotouring.it\/radiotouring104\/#website","url":"https:\/\/progettotouring.it\/radiotouring104\/","name":"Radio Touring 104","description":"La prima radio Reggina","publisher":{"@id":"https:\/\/progettotouring.it\/radiotouring104\/#organization"},"potentialAction":[{"@type":"SearchAction","target":{"@type":"EntryPoint","urlTemplate":"https:\/\/progettotouring.it\/radiotouring104\/?s={search_term_string}"},"query-input":{"@type":"PropertyValueSpecification","valueRequired":true,"valueName":"search_term_string"}}],"inLanguage":"it-IT"},{"@type":"Organization","@id":"https:\/\/progettotouring.it\/radiotouring104\/#organization","name":"Radio Touring 104","url":"https:\/\/progettotouring.it\/radiotouring104\/","logo":{"@type":"ImageObject","inLanguage":"it-IT","@id":"https:\/\/progettotouring.it\/radiotouring104\/#\/schema\/logo\/image\/","url":"https:\/\/progettotouring.it\/radiotouring104\/wp-content\/uploads\/sites\/6\/2022\/02\/cropped-logo-radio-touring-104.png","contentUrl":"https:\/\/progettotouring.it\/radiotouring104\/wp-content\/uploads\/sites\/6\/2022\/02\/cropped-logo-radio-touring-104.png","width":377,"height":182,"caption":"Radio Touring 104"},"image":{"@id":"https:\/\/progettotouring.it\/radiotouring104\/#\/schema\/logo\/image\/"}},{"@type":"Person","@id":"https:\/\/progettotouring.it\/radiotouring104\/#\/schema\/person\/78613917f1851f041f7483f5af1d422e","name":"Sebastiano Plutino","image":{"@type":"ImageObject","inLanguage":"it-IT","@id":"https:\/\/secure.gravatar.com\/avatar\/0546ffaa9b79224faf9f2a156b67a529ae861d3287c66c1d8ccfdf909bcba78d?s=96&d=mm&r=g","url":"https:\/\/secure.gravatar.com\/avatar\/0546ffaa9b79224faf9f2a156b67a529ae861d3287c66c1d8ccfdf909bcba78d?s=96&d=mm&r=g","contentUrl":"https:\/\/secure.gravatar.com\/avatar\/0546ffaa9b79224faf9f2a156b67a529ae861d3287c66c1d8ccfdf909bcba78d?s=96&d=mm&r=g","caption":"Sebastiano Plutino"},"url":"https:\/\/progettotouring.it\/radiotouring104\/author\/sebastiano\/"}]}},"jetpack_publicize_connections":[],"jetpack_featured_media_url":"https:\/\/progettotouring.it\/radiotouring104\/wp-content\/uploads\/sites\/6\/2024\/02\/Algieri-Giorno-Camera-Commercio-Cosenza-scaled.jpg","jetpack_sharing_enabled":true,"_links":{"self":[{"href":"https:\/\/progettotouring.it\/radiotouring104\/wp-json\/wp\/v2\/posts\/44141","targetHints":{"allow":["GET"]}}],"collection":[{"href":"https:\/\/progettotouring.it\/radiotouring104\/wp-json\/wp\/v2\/posts"}],"about":[{"href":"https:\/\/progettotouring.it\/radiotouring104\/wp-json\/wp\/v2\/types\/post"}],"author":[{"embeddable":true,"href":"https:\/\/progettotouring.it\/radiotouring104\/wp-json\/wp\/v2\/users\/12"}],"replies":[{"embeddable":true,"href":"https:\/\/progettotouring.it\/radiotouring104\/wp-json\/wp\/v2\/comments?post=44141"}],"version-history":[{"count":3,"href":"https:\/\/progettotouring.it\/radiotouring104\/wp-json\/wp\/v2\/posts\/44141\/revisions"}],"predecessor-version":[{"id":44146,"href":"https:\/\/progettotouring.it\/radiotouring104\/wp-json\/wp\/v2\/posts\/44141\/revisions\/44146"}],"wp:featuredmedia":[{"embeddable":true,"href":"https:\/\/progettotouring.it\/radiotouring104\/wp-json\/wp\/v2\/media\/44143"}],"wp:attachment":[{"href":"https:\/\/progettotouring.it\/radiotouring104\/wp-json\/wp\/v2\/media?parent=44141"}],"wp:term":[{"taxonomy":"category","embeddable":true,"href":"https:\/\/progettotouring.it\/radiotouring104\/wp-json\/wp\/v2\/categories?post=44141"},{"taxonomy":"post_tag","embeddable":true,"href":"https:\/\/progettotouring.it\/radiotouring104\/wp-json\/wp\/v2\/tags?post=44141"}],"curies":[{"name":"wp","href":"https:\/\/api.w.org\/{rel}","templated":true}]}}