{"id":44154,"date":"2024-02-06T11:53:22","date_gmt":"2024-02-06T10:53:22","guid":{"rendered":"https:\/\/progettotouring.it\/radiotouring104\/?p=44154"},"modified":"2024-02-06T11:53:22","modified_gmt":"2024-02-06T10:53:22","slug":"europa-verde-in-calabria-lancia-lallarme-il-taglio-selvaggio-di-alberi-minaccia-lambiente","status":"publish","type":"post","link":"https:\/\/progettotouring.it\/radiotouring104\/2024\/02\/06\/europa-verde-in-calabria-lancia-lallarme-il-taglio-selvaggio-di-alberi-minaccia-lambiente\/","title":{"rendered":"Europa Verde in Calabria lancia l&#8217;allarme: &#8220;Il taglio selvaggio di alberi minaccia l&#8217;ambiente&#8221;\u00a0"},"content":{"rendered":"<div style=\"text-align: justify\"><\/div>\n<div dir=\"auto\" style=\"text-align: justify\"><\/div>\n<div dir=\"auto\" style=\"text-align: justify\">Nella pittoresca e suggestiva regione italiana della Calabria,<strong> cittadine come Rende, Pizzo, Colosimi, Vibo, Crotone e Serra San Bruno sono solo alcune delle tante localit\u00e0 teatro di un fenomeno preoccupante: il taglio selvaggio di alberi.<\/strong> <strong>Questa pratica<\/strong>, che ha assunto proporzioni disastrose, <strong>sta causando un grave impatto sull&#8217;ambiente locale.<\/strong> Nonostante gli sforzi dei Carabinieri nel contrastare queste attivit\u00e0 illegali, l&#8217;azione umana irresponsabile continua a depredare le preziose risorse naturali della nostra terra. <strong>Il coordinatore<\/strong> dell&#8217;esecutivo regionale di<strong> Europa Verde in Calabria, Giuseppe Campana<\/strong>, lancia un appello per una maggiore coscienza civile. \u00c8 urgente che la comunit\u00e0 locale prenda coscienza di questo problema e si mobiliti per fermare il degrado ambientale in corso.<\/div>\n<div dir=\"auto\" style=\"text-align: justify\"><\/div>\n<div dir=\"auto\" style=\"text-align: justify\">La Calabria, con la sua ricchezza naturalistica unica, merita di essere preservata per le generazioni future. L&#8217;ecosistema calabrese \u00e8 caratterizzato da una variet\u00e0 di specie vegetali e animali, molte delle quali sono a rischio estinzione a causa della deforestazione indiscriminata. Alberi secolari vengono abbattuti senza alcuna considerazione per la loro importanza ecologica e il ruolo che svolgono nel mantenimento dell&#8217;equilibrio ambientale. <strong>Le conseguenze di questa pratica sono molteplici e preoccupanti. In primo luogo,<\/strong> il taglio selvaggio di alberi comporta un<strong>a perdita irreparabile della biodiversit\u00e0.<\/strong> Le foreste calabresi sono habitat per numerose specie di<strong> flora e fauna, molte delle quali esclusive di questa regione. La loro distruzione mette a rischio la sopravvivenza di queste specie,<\/strong> compromettendo l&#8217;intero ecosistema.<\/div>\n<div dir=\"auto\" style=\"text-align: justify\"><\/div>\n<div dir=\"auto\" style=\"text-align: justify\"><strong>In secondo luogo, la deforestazione provoca uno sbilanciamento del ciclo idrologico.<\/strong> Gli alberi, attraverso il processo di evapotraspirazione, contribuiscono alla formazione delle nuvole e alla produzione di pioggia. Senza un numero sufficiente di alberi, la regione rischia di sperimentare una diminuzione delle precipitazioni e un aumento delle temperature, con conseguenze negative sull&#8217;agricoltura e sull&#8217;approvvigionamento idrico. Infine, il taglio indiscriminato di alberi ha un impatto negativo sulla qualit\u00e0 dell&#8217;aria. Gli alberi assorbono anidride carbonica e rilasciano ossigeno, contribuendo a mitigare l&#8217;effetto serra e a purificare l&#8217;aria che respiriamo. La loro eliminazione massiccia aumenta la concentrazione di CO2 nell&#8217;atmosfera, aggravando il problema del cambiamento climatico e compromettendo la salute delle persone. \u00c8 fondamentale che le istituzioni locali intensifichino i controlli e le azioni di contrasto contro il taglio selvaggio di alberi. Inoltre, \u00e8 necessario promuovere una maggiore sensibilizzazione e informazione sulla importanza della conservazione ambientale.<\/div>\n<div dir=\"auto\" style=\"text-align: justify\"><\/div>\n<div dir=\"auto\" style=\"text-align: justify\"><strong>Solo attraverso un impegno collettivo e una coscienza civile diffusa sar\u00e0 possibile fermare questa devastante pratica e preservare il patrimonio naturale della Calabria.<\/strong> La Calabria \u00e8 una terra di straordinaria bellezza, con paesaggi unici e una flora e fauna ricche e variegate. \u00c8 nostro dovere proteggerla e garantire che le future generazioni possano godere di tutto ci\u00f2 che questa regione ha da offrire. Sono necessarie azioni immediate e concrete per porre fine al taglio selvaggio di alberi e promuovere una gestione sostenibile delle risorse naturali. Il tempo per agire \u00e8 adesso, per salvaguardare il futuro della nostra amata Calabria.<\/div>\n<div dir=\"auto\" style=\"text-align: justify\"><\/div>\n","protected":false},"excerpt":{"rendered":"<p>Nella pittoresca e suggestiva regione italiana della Calabria, cittadine come Rende, Pizzo, Colosimi, Vibo, Crotone e Serra San Bruno sono solo alcune delle tante localit\u00e0 teatro di un fenomeno preoccupante:&hellip;<\/p>\n","protected":false},"author":12,"featured_media":44155,"comment_status":"closed","ping_status":"open","sticky":false,"template":"","format":"standard","meta":{"_jetpack_memberships_contains_paid_content":false,"footnotes":"","jetpack_publicize_message":"","jetpack_publicize_feature_enabled":true,"jetpack_social_post_already_shared":false,"jetpack_social_options":{"image_generator_settings":{"template":"highway","default_image_id":0,"font":"","enabled":false},"version":2}},"categories":[142,921,196],"tags":[27190,27189,27188,5650,932,27191,27187,9979],"class_list":["post-44154","post","type-post","status-publish","format-standard","has-post-thumbnail","hentry","category-calabria","category-home","category-news","tag-biodiversita-a-rischio","tag-europa-verde-in-calabria","tag-giuseppe-campana","tag-pizzo","tag-rende","tag-specie-animali-vegetali-a-rischio","tag-taglio-selvaggio-di-alberi-in-calabria","tag-vibo"],"yoast_head":"<!-- This site is optimized with the Yoast SEO plugin v27.2 - https:\/\/yoast.com\/product\/yoast-seo-wordpress\/ -->\n<title>Europa Verde denuncia taglio selvaggio alberi in Calabria<\/title>\n<meta name=\"description\" content=\"Comunicato di Giuseppe Campana Coordinatore dell\u2019esecutivo regionale di Europa Verde in Calabria che denuncia il taglio selvaggio di alberi\" \/>\n<meta name=\"robots\" content=\"index, follow, max-snippet:-1, max-image-preview:large, max-video-preview:-1\" \/>\n<link rel=\"canonical\" href=\"https:\/\/progettotouring.it\/radiotouring104\/2024\/02\/06\/europa-verde-in-calabria-lancia-lallarme-il-taglio-selvaggio-di-alberi-minaccia-lambiente\/\" \/>\n<meta property=\"og:locale\" content=\"it_IT\" \/>\n<meta property=\"og:type\" content=\"article\" \/>\n<meta property=\"og:title\" content=\"Europa Verde denuncia taglio selvaggio alberi in Calabria\" \/>\n<meta property=\"og:description\" content=\"Comunicato di Giuseppe Campana Coordinatore dell\u2019esecutivo regionale di Europa Verde in Calabria che denuncia il taglio selvaggio di alberi\" \/>\n<meta property=\"og:url\" content=\"https:\/\/progettotouring.it\/radiotouring104\/2024\/02\/06\/europa-verde-in-calabria-lancia-lallarme-il-taglio-selvaggio-di-alberi-minaccia-lambiente\/\" \/>\n<meta property=\"og:site_name\" content=\"Radio Touring 104\" \/>\n<meta property=\"article:published_time\" content=\"2024-02-06T10:53:22+00:00\" \/>\n<meta property=\"og:image\" content=\"https:\/\/progettotouring.it\/radiotouring104\/wp-content\/uploads\/sites\/6\/2024\/02\/Europa-Verde-Calabria-alberi-boschi-ambiente-natura-scaled.jpeg\" \/>\n\t<meta property=\"og:image:width\" content=\"2560\" \/>\n\t<meta property=\"og:image:height\" content=\"960\" \/>\n\t<meta property=\"og:image:type\" content=\"image\/jpeg\" \/>\n<meta name=\"author\" content=\"Sebastiano Plutino\" \/>\n<meta name=\"twitter:card\" content=\"summary_large_image\" \/>\n<meta name=\"twitter:label1\" content=\"Scritto da\" \/>\n\t<meta name=\"twitter:data1\" content=\"Sebastiano Plutino\" \/>\n\t<meta name=\"twitter:label2\" content=\"Tempo di lettura stimato\" \/>\n\t<meta name=\"twitter:data2\" content=\"2 minuti\" \/>\n<script type=\"application\/ld+json\" class=\"yoast-schema-graph\">{\"@context\":\"https:\/\/schema.org\",\"@graph\":[{\"@type\":\"Article\",\"@id\":\"https:\/\/progettotouring.it\/radiotouring104\/2024\/02\/06\/europa-verde-in-calabria-lancia-lallarme-il-taglio-selvaggio-di-alberi-minaccia-lambiente\/#article\",\"isPartOf\":{\"@id\":\"https:\/\/progettotouring.it\/radiotouring104\/2024\/02\/06\/europa-verde-in-calabria-lancia-lallarme-il-taglio-selvaggio-di-alberi-minaccia-lambiente\/\"},\"author\":{\"name\":\"Sebastiano Plutino\",\"@id\":\"https:\/\/progettotouring.it\/radiotouring104\/#\/schema\/person\/78613917f1851f041f7483f5af1d422e\"},\"headline\":\"Europa Verde in Calabria lancia l&#8217;allarme: &#8220;Il taglio selvaggio di alberi minaccia l&#8217;ambiente&#8221;\u00a0\",\"datePublished\":\"2024-02-06T10:53:22+00:00\",\"mainEntityOfPage\":{\"@id\":\"https:\/\/progettotouring.it\/radiotouring104\/2024\/02\/06\/europa-verde-in-calabria-lancia-lallarme-il-taglio-selvaggio-di-alberi-minaccia-lambiente\/\"},\"wordCount\":477,\"publisher\":{\"@id\":\"https:\/\/progettotouring.it\/radiotouring104\/#organization\"},\"image\":{\"@id\":\"https:\/\/progettotouring.it\/radiotouring104\/2024\/02\/06\/europa-verde-in-calabria-lancia-lallarme-il-taglio-selvaggio-di-alberi-minaccia-lambiente\/#primaryimage\"},\"thumbnailUrl\":\"https:\/\/progettotouring.it\/radiotouring104\/wp-content\/uploads\/sites\/6\/2024\/02\/Europa-Verde-Calabria-alberi-boschi-ambiente-natura-scaled.jpeg\",\"keywords\":[\"biodiversit\u00e0 a rischio\",\"Europa Verde in Calabria\",\"Giuseppe Campana\",\"pizzo\",\"Rende\",\"specie animali vegetali a rischio\",\"taglio selvaggio di alberi in Calabria\",\"Vibo\"],\"articleSection\":[\"Calabria\",\"Home\",\"News\"],\"inLanguage\":\"it-IT\"},{\"@type\":\"WebPage\",\"@id\":\"https:\/\/progettotouring.it\/radiotouring104\/2024\/02\/06\/europa-verde-in-calabria-lancia-lallarme-il-taglio-selvaggio-di-alberi-minaccia-lambiente\/\",\"url\":\"https:\/\/progettotouring.it\/radiotouring104\/2024\/02\/06\/europa-verde-in-calabria-lancia-lallarme-il-taglio-selvaggio-di-alberi-minaccia-lambiente\/\",\"name\":\"Europa Verde denuncia taglio selvaggio alberi in Calabria\",\"isPartOf\":{\"@id\":\"https:\/\/progettotouring.it\/radiotouring104\/#website\"},\"primaryImageOfPage\":{\"@id\":\"https:\/\/progettotouring.it\/radiotouring104\/2024\/02\/06\/europa-verde-in-calabria-lancia-lallarme-il-taglio-selvaggio-di-alberi-minaccia-lambiente\/#primaryimage\"},\"image\":{\"@id\":\"https:\/\/progettotouring.it\/radiotouring104\/2024\/02\/06\/europa-verde-in-calabria-lancia-lallarme-il-taglio-selvaggio-di-alberi-minaccia-lambiente\/#primaryimage\"},\"thumbnailUrl\":\"https:\/\/progettotouring.it\/radiotouring104\/wp-content\/uploads\/sites\/6\/2024\/02\/Europa-Verde-Calabria-alberi-boschi-ambiente-natura-scaled.jpeg\",\"datePublished\":\"2024-02-06T10:53:22+00:00\",\"description\":\"Comunicato di Giuseppe Campana Coordinatore dell\u2019esecutivo regionale di Europa Verde in Calabria che denuncia il taglio selvaggio di alberi\",\"breadcrumb\":{\"@id\":\"https:\/\/progettotouring.it\/radiotouring104\/2024\/02\/06\/europa-verde-in-calabria-lancia-lallarme-il-taglio-selvaggio-di-alberi-minaccia-lambiente\/#breadcrumb\"},\"inLanguage\":\"it-IT\",\"potentialAction\":[{\"@type\":\"ReadAction\",\"target\":[\"https:\/\/progettotouring.it\/radiotouring104\/2024\/02\/06\/europa-verde-in-calabria-lancia-lallarme-il-taglio-selvaggio-di-alberi-minaccia-lambiente\/\"]}]},{\"@type\":\"ImageObject\",\"inLanguage\":\"it-IT\",\"@id\":\"https:\/\/progettotouring.it\/radiotouring104\/2024\/02\/06\/europa-verde-in-calabria-lancia-lallarme-il-taglio-selvaggio-di-alberi-minaccia-lambiente\/#primaryimage\",\"url\":\"https:\/\/progettotouring.it\/radiotouring104\/wp-content\/uploads\/sites\/6\/2024\/02\/Europa-Verde-Calabria-alberi-boschi-ambiente-natura-scaled.jpeg\",\"contentUrl\":\"https:\/\/progettotouring.it\/radiotouring104\/wp-content\/uploads\/sites\/6\/2024\/02\/Europa-Verde-Calabria-alberi-boschi-ambiente-natura-scaled.jpeg\",\"width\":2560,\"height\":960},{\"@type\":\"BreadcrumbList\",\"@id\":\"https:\/\/progettotouring.it\/radiotouring104\/2024\/02\/06\/europa-verde-in-calabria-lancia-lallarme-il-taglio-selvaggio-di-alberi-minaccia-lambiente\/#breadcrumb\",\"itemListElement\":[{\"@type\":\"ListItem\",\"position\":1,\"name\":\"Home\",\"item\":\"https:\/\/progettotouring.it\/radiotouring104\/\"},{\"@type\":\"ListItem\",\"position\":2,\"name\":\"Europa Verde in Calabria lancia l&#8217;allarme: &#8220;Il taglio selvaggio di alberi minaccia l&#8217;ambiente&#8221;\u00a0\"}]},{\"@type\":\"WebSite\",\"@id\":\"https:\/\/progettotouring.it\/radiotouring104\/#website\",\"url\":\"https:\/\/progettotouring.it\/radiotouring104\/\",\"name\":\"Radio Touring 104\",\"description\":\"La prima radio Reggina\",\"publisher\":{\"@id\":\"https:\/\/progettotouring.it\/radiotouring104\/#organization\"},\"potentialAction\":[{\"@type\":\"SearchAction\",\"target\":{\"@type\":\"EntryPoint\",\"urlTemplate\":\"https:\/\/progettotouring.it\/radiotouring104\/?s={search_term_string}\"},\"query-input\":{\"@type\":\"PropertyValueSpecification\",\"valueRequired\":true,\"valueName\":\"search_term_string\"}}],\"inLanguage\":\"it-IT\"},{\"@type\":\"Organization\",\"@id\":\"https:\/\/progettotouring.it\/radiotouring104\/#organization\",\"name\":\"Radio Touring 104\",\"url\":\"https:\/\/progettotouring.it\/radiotouring104\/\",\"logo\":{\"@type\":\"ImageObject\",\"inLanguage\":\"it-IT\",\"@id\":\"https:\/\/progettotouring.it\/radiotouring104\/#\/schema\/logo\/image\/\",\"url\":\"https:\/\/progettotouring.it\/radiotouring104\/wp-content\/uploads\/sites\/6\/2022\/02\/cropped-logo-radio-touring-104.png\",\"contentUrl\":\"https:\/\/progettotouring.it\/radiotouring104\/wp-content\/uploads\/sites\/6\/2022\/02\/cropped-logo-radio-touring-104.png\",\"width\":377,\"height\":182,\"caption\":\"Radio Touring 104\"},\"image\":{\"@id\":\"https:\/\/progettotouring.it\/radiotouring104\/#\/schema\/logo\/image\/\"}},{\"@type\":\"Person\",\"@id\":\"https:\/\/progettotouring.it\/radiotouring104\/#\/schema\/person\/78613917f1851f041f7483f5af1d422e\",\"name\":\"Sebastiano Plutino\",\"image\":{\"@type\":\"ImageObject\",\"inLanguage\":\"it-IT\",\"@id\":\"https:\/\/secure.gravatar.com\/avatar\/0546ffaa9b79224faf9f2a156b67a529ae861d3287c66c1d8ccfdf909bcba78d?s=96&d=mm&r=g\",\"url\":\"https:\/\/secure.gravatar.com\/avatar\/0546ffaa9b79224faf9f2a156b67a529ae861d3287c66c1d8ccfdf909bcba78d?s=96&d=mm&r=g\",\"contentUrl\":\"https:\/\/secure.gravatar.com\/avatar\/0546ffaa9b79224faf9f2a156b67a529ae861d3287c66c1d8ccfdf909bcba78d?s=96&d=mm&r=g\",\"caption\":\"Sebastiano Plutino\"},\"url\":\"https:\/\/progettotouring.it\/radiotouring104\/author\/sebastiano\/\"}]}<\/script>\n<!-- \/ Yoast SEO plugin. -->","yoast_head_json":{"title":"Europa Verde denuncia taglio selvaggio alberi in Calabria","description":"Comunicato di Giuseppe Campana Coordinatore dell\u2019esecutivo regionale di Europa Verde in Calabria che denuncia il taglio selvaggio di alberi","robots":{"index":"index","follow":"follow","max-snippet":"max-snippet:-1","max-image-preview":"max-image-preview:large","max-video-preview":"max-video-preview:-1"},"canonical":"https:\/\/progettotouring.it\/radiotouring104\/2024\/02\/06\/europa-verde-in-calabria-lancia-lallarme-il-taglio-selvaggio-di-alberi-minaccia-lambiente\/","og_locale":"it_IT","og_type":"article","og_title":"Europa Verde denuncia taglio selvaggio alberi in Calabria","og_description":"Comunicato di Giuseppe Campana Coordinatore dell\u2019esecutivo regionale di Europa Verde in Calabria che denuncia il taglio selvaggio di alberi","og_url":"https:\/\/progettotouring.it\/radiotouring104\/2024\/02\/06\/europa-verde-in-calabria-lancia-lallarme-il-taglio-selvaggio-di-alberi-minaccia-lambiente\/","og_site_name":"Radio Touring 104","article_published_time":"2024-02-06T10:53:22+00:00","og_image":[{"width":2560,"height":960,"url":"https:\/\/progettotouring.it\/radiotouring104\/wp-content\/uploads\/sites\/6\/2024\/02\/Europa-Verde-Calabria-alberi-boschi-ambiente-natura-scaled.jpeg","type":"image\/jpeg"}],"author":"Sebastiano Plutino","twitter_card":"summary_large_image","twitter_misc":{"Scritto da":"Sebastiano Plutino","Tempo di lettura stimato":"2 minuti"},"schema":{"@context":"https:\/\/schema.org","@graph":[{"@type":"Article","@id":"https:\/\/progettotouring.it\/radiotouring104\/2024\/02\/06\/europa-verde-in-calabria-lancia-lallarme-il-taglio-selvaggio-di-alberi-minaccia-lambiente\/#article","isPartOf":{"@id":"https:\/\/progettotouring.it\/radiotouring104\/2024\/02\/06\/europa-verde-in-calabria-lancia-lallarme-il-taglio-selvaggio-di-alberi-minaccia-lambiente\/"},"author":{"name":"Sebastiano Plutino","@id":"https:\/\/progettotouring.it\/radiotouring104\/#\/schema\/person\/78613917f1851f041f7483f5af1d422e"},"headline":"Europa Verde in Calabria lancia l&#8217;allarme: &#8220;Il taglio selvaggio di alberi minaccia l&#8217;ambiente&#8221;\u00a0","datePublished":"2024-02-06T10:53:22+00:00","mainEntityOfPage":{"@id":"https:\/\/progettotouring.it\/radiotouring104\/2024\/02\/06\/europa-verde-in-calabria-lancia-lallarme-il-taglio-selvaggio-di-alberi-minaccia-lambiente\/"},"wordCount":477,"publisher":{"@id":"https:\/\/progettotouring.it\/radiotouring104\/#organization"},"image":{"@id":"https:\/\/progettotouring.it\/radiotouring104\/2024\/02\/06\/europa-verde-in-calabria-lancia-lallarme-il-taglio-selvaggio-di-alberi-minaccia-lambiente\/#primaryimage"},"thumbnailUrl":"https:\/\/progettotouring.it\/radiotouring104\/wp-content\/uploads\/sites\/6\/2024\/02\/Europa-Verde-Calabria-alberi-boschi-ambiente-natura-scaled.jpeg","keywords":["biodiversit\u00e0 a rischio","Europa Verde in Calabria","Giuseppe Campana","pizzo","Rende","specie animali vegetali a rischio","taglio selvaggio di alberi in Calabria","Vibo"],"articleSection":["Calabria","Home","News"],"inLanguage":"it-IT"},{"@type":"WebPage","@id":"https:\/\/progettotouring.it\/radiotouring104\/2024\/02\/06\/europa-verde-in-calabria-lancia-lallarme-il-taglio-selvaggio-di-alberi-minaccia-lambiente\/","url":"https:\/\/progettotouring.it\/radiotouring104\/2024\/02\/06\/europa-verde-in-calabria-lancia-lallarme-il-taglio-selvaggio-di-alberi-minaccia-lambiente\/","name":"Europa Verde denuncia taglio selvaggio alberi in Calabria","isPartOf":{"@id":"https:\/\/progettotouring.it\/radiotouring104\/#website"},"primaryImageOfPage":{"@id":"https:\/\/progettotouring.it\/radiotouring104\/2024\/02\/06\/europa-verde-in-calabria-lancia-lallarme-il-taglio-selvaggio-di-alberi-minaccia-lambiente\/#primaryimage"},"image":{"@id":"https:\/\/progettotouring.it\/radiotouring104\/2024\/02\/06\/europa-verde-in-calabria-lancia-lallarme-il-taglio-selvaggio-di-alberi-minaccia-lambiente\/#primaryimage"},"thumbnailUrl":"https:\/\/progettotouring.it\/radiotouring104\/wp-content\/uploads\/sites\/6\/2024\/02\/Europa-Verde-Calabria-alberi-boschi-ambiente-natura-scaled.jpeg","datePublished":"2024-02-06T10:53:22+00:00","description":"Comunicato di Giuseppe Campana Coordinatore dell\u2019esecutivo regionale di Europa Verde in Calabria che denuncia il taglio selvaggio di alberi","breadcrumb":{"@id":"https:\/\/progettotouring.it\/radiotouring104\/2024\/02\/06\/europa-verde-in-calabria-lancia-lallarme-il-taglio-selvaggio-di-alberi-minaccia-lambiente\/#breadcrumb"},"inLanguage":"it-IT","potentialAction":[{"@type":"ReadAction","target":["https:\/\/progettotouring.it\/radiotouring104\/2024\/02\/06\/europa-verde-in-calabria-lancia-lallarme-il-taglio-selvaggio-di-alberi-minaccia-lambiente\/"]}]},{"@type":"ImageObject","inLanguage":"it-IT","@id":"https:\/\/progettotouring.it\/radiotouring104\/2024\/02\/06\/europa-verde-in-calabria-lancia-lallarme-il-taglio-selvaggio-di-alberi-minaccia-lambiente\/#primaryimage","url":"https:\/\/progettotouring.it\/radiotouring104\/wp-content\/uploads\/sites\/6\/2024\/02\/Europa-Verde-Calabria-alberi-boschi-ambiente-natura-scaled.jpeg","contentUrl":"https:\/\/progettotouring.it\/radiotouring104\/wp-content\/uploads\/sites\/6\/2024\/02\/Europa-Verde-Calabria-alberi-boschi-ambiente-natura-scaled.jpeg","width":2560,"height":960},{"@type":"BreadcrumbList","@id":"https:\/\/progettotouring.it\/radiotouring104\/2024\/02\/06\/europa-verde-in-calabria-lancia-lallarme-il-taglio-selvaggio-di-alberi-minaccia-lambiente\/#breadcrumb","itemListElement":[{"@type":"ListItem","position":1,"name":"Home","item":"https:\/\/progettotouring.it\/radiotouring104\/"},{"@type":"ListItem","position":2,"name":"Europa Verde in Calabria lancia l&#8217;allarme: &#8220;Il taglio selvaggio di alberi minaccia l&#8217;ambiente&#8221;\u00a0"}]},{"@type":"WebSite","@id":"https:\/\/progettotouring.it\/radiotouring104\/#website","url":"https:\/\/progettotouring.it\/radiotouring104\/","name":"Radio Touring 104","description":"La prima radio Reggina","publisher":{"@id":"https:\/\/progettotouring.it\/radiotouring104\/#organization"},"potentialAction":[{"@type":"SearchAction","target":{"@type":"EntryPoint","urlTemplate":"https:\/\/progettotouring.it\/radiotouring104\/?s={search_term_string}"},"query-input":{"@type":"PropertyValueSpecification","valueRequired":true,"valueName":"search_term_string"}}],"inLanguage":"it-IT"},{"@type":"Organization","@id":"https:\/\/progettotouring.it\/radiotouring104\/#organization","name":"Radio Touring 104","url":"https:\/\/progettotouring.it\/radiotouring104\/","logo":{"@type":"ImageObject","inLanguage":"it-IT","@id":"https:\/\/progettotouring.it\/radiotouring104\/#\/schema\/logo\/image\/","url":"https:\/\/progettotouring.it\/radiotouring104\/wp-content\/uploads\/sites\/6\/2022\/02\/cropped-logo-radio-touring-104.png","contentUrl":"https:\/\/progettotouring.it\/radiotouring104\/wp-content\/uploads\/sites\/6\/2022\/02\/cropped-logo-radio-touring-104.png","width":377,"height":182,"caption":"Radio Touring 104"},"image":{"@id":"https:\/\/progettotouring.it\/radiotouring104\/#\/schema\/logo\/image\/"}},{"@type":"Person","@id":"https:\/\/progettotouring.it\/radiotouring104\/#\/schema\/person\/78613917f1851f041f7483f5af1d422e","name":"Sebastiano Plutino","image":{"@type":"ImageObject","inLanguage":"it-IT","@id":"https:\/\/secure.gravatar.com\/avatar\/0546ffaa9b79224faf9f2a156b67a529ae861d3287c66c1d8ccfdf909bcba78d?s=96&d=mm&r=g","url":"https:\/\/secure.gravatar.com\/avatar\/0546ffaa9b79224faf9f2a156b67a529ae861d3287c66c1d8ccfdf909bcba78d?s=96&d=mm&r=g","contentUrl":"https:\/\/secure.gravatar.com\/avatar\/0546ffaa9b79224faf9f2a156b67a529ae861d3287c66c1d8ccfdf909bcba78d?s=96&d=mm&r=g","caption":"Sebastiano Plutino"},"url":"https:\/\/progettotouring.it\/radiotouring104\/author\/sebastiano\/"}]}},"jetpack_publicize_connections":[],"jetpack_featured_media_url":"https:\/\/progettotouring.it\/radiotouring104\/wp-content\/uploads\/sites\/6\/2024\/02\/Europa-Verde-Calabria-alberi-boschi-ambiente-natura-scaled.jpeg","jetpack_sharing_enabled":true,"_links":{"self":[{"href":"https:\/\/progettotouring.it\/radiotouring104\/wp-json\/wp\/v2\/posts\/44154","targetHints":{"allow":["GET"]}}],"collection":[{"href":"https:\/\/progettotouring.it\/radiotouring104\/wp-json\/wp\/v2\/posts"}],"about":[{"href":"https:\/\/progettotouring.it\/radiotouring104\/wp-json\/wp\/v2\/types\/post"}],"author":[{"embeddable":true,"href":"https:\/\/progettotouring.it\/radiotouring104\/wp-json\/wp\/v2\/users\/12"}],"replies":[{"embeddable":true,"href":"https:\/\/progettotouring.it\/radiotouring104\/wp-json\/wp\/v2\/comments?post=44154"}],"version-history":[{"count":2,"href":"https:\/\/progettotouring.it\/radiotouring104\/wp-json\/wp\/v2\/posts\/44154\/revisions"}],"predecessor-version":[{"id":44157,"href":"https:\/\/progettotouring.it\/radiotouring104\/wp-json\/wp\/v2\/posts\/44154\/revisions\/44157"}],"wp:featuredmedia":[{"embeddable":true,"href":"https:\/\/progettotouring.it\/radiotouring104\/wp-json\/wp\/v2\/media\/44155"}],"wp:attachment":[{"href":"https:\/\/progettotouring.it\/radiotouring104\/wp-json\/wp\/v2\/media?parent=44154"}],"wp:term":[{"taxonomy":"category","embeddable":true,"href":"https:\/\/progettotouring.it\/radiotouring104\/wp-json\/wp\/v2\/categories?post=44154"},{"taxonomy":"post_tag","embeddable":true,"href":"https:\/\/progettotouring.it\/radiotouring104\/wp-json\/wp\/v2\/tags?post=44154"}],"curies":[{"name":"wp","href":"https:\/\/api.w.org\/{rel}","templated":true}]}}