{"id":44162,"date":"2024-02-06T12:26:30","date_gmt":"2024-02-06T11:26:30","guid":{"rendered":"https:\/\/progettotouring.it\/radiotouring104\/?p=44162"},"modified":"2024-02-06T12:27:53","modified_gmt":"2024-02-06T11:27:53","slug":"reggio-revocata-dal-tribunale-di-reggio-la-sorveglianza-speciale-a-lavilla-antonio","status":"publish","type":"post","link":"https:\/\/progettotouring.it\/radiotouring104\/2024\/02\/06\/reggio-revocata-dal-tribunale-di-reggio-la-sorveglianza-speciale-a-lavilla-antonio\/","title":{"rendered":"Reggio: revocata dal Tribunale di Reggio la &#8220;sorveglianza speciale&#8221; a Lavilla Antonio"},"content":{"rendered":"<p style=\"text-align: justify\"><strong>Lo scorso 25 gennaio,<\/strong> la Sezione Misure di Prevenzione del Tribunale di Reggio Calabria <strong>ha disposto la revoca della misura di prevenzione della sorveglianza speciale cui Lavilla Antonio era sottoposto,<\/strong> <strong>sul ritenuto presupposto che costui non sia da considerare pi\u00f9 portatore di alcuna pericolosit\u00e0 sociale, concreta ed attuale.<\/strong><\/p>\n<p style=\"text-align: justify\">In accoglimento della prospettazione difensiva addotta dal suo legale di fiducia,<strong> l\u2019avvocato Pier Paolo Emanuele<\/strong>, il locale giudice della prevenzione ha <strong>ritenuto pertanto di rivalutare i presupposti della misura alla luce del comportamento osservato dal prevenuto per tutto il tempo trascorso<\/strong> a partire dal momento dell\u2019applicazione della medesima.<\/p>\n<p style=\"text-align: justify\">Peraltro, sebbene la misura di prevenzione risultasse fondata su di una ipotesi di pericolosit\u00e0 qualificata, il Tribunale adito non ha mancato di effettuare un giudizio in chiave di attualit\u00e0 della pericolosit\u00e0 medesima, anche e soprattutto sulla scorta dei concreti indicatori di segno positivo offerti dalla difesa per dimostrare, appunto, la sopravvenuta carenza dei presupposti giustificativi della misura di prevenzione personale.<\/p>\n<p style=\"text-align: justify\">E cos\u00ec, muovendo della indubbia risalenza nel tempo della condotta antisociale che era stata in precedenza posta alla base dell\u2019applicazione della misura e sottolineando al contempo la totale mancanza di qualsivoglia altra condotta illecita a lui riferibile a partire da quel momento, <strong>il giudice della prevenzione ha giudicato favorevolmente gli elementi addotti dalla difesa, evidenziando in particolare la costante e puntuale osservanza da parte del Lavilla di una condotta improntata al rispetto della legge<\/strong> e orientata al reinserimento sociale per tutto il tempo successivo all\u2019inflizione della misura preventiva, incluso quello della sua esecuzione.<\/p>\n<p style=\"text-align: justify\">In conclusione, aderendo all\u2019istanza di revoca avanzata dall\u2019avvocato Emanuele, il Tribunale ha ritenuto cessata e quindi ad oggi del tutto insussistente qualsiasi manifestazione, concreta ed attuale, di pericolosit\u00e0 sociale, qualificata o non, di Lavilla Antonio.<\/p>\n<p style=\"text-align: justify\">\n","protected":false},"excerpt":{"rendered":"<p>Lo scorso 25 gennaio, la Sezione Misure di Prevenzione del Tribunale di Reggio Calabria ha disposto la revoca della misura di prevenzione della sorveglianza speciale cui Lavilla Antonio era sottoposto,&hellip;<\/p>\n","protected":false},"author":12,"featured_media":42209,"comment_status":"closed","ping_status":"open","sticky":false,"template":"","format":"standard","meta":{"_jetpack_memberships_contains_paid_content":false,"footnotes":"","jetpack_publicize_message":"","jetpack_publicize_feature_enabled":true,"jetpack_social_post_already_shared":false,"jetpack_social_options":{"image_generator_settings":{"template":"highway","default_image_id":0,"font":"","enabled":false},"version":2}},"categories":[921,196,140],"tags":[27199,27198,21668],"class_list":["post-44162","post","type-post","status-publish","format-standard","has-post-thumbnail","hentry","category-home","category-news","category-reggio-calabria","tag-avvocato-pier-paolo-emanuele","tag-revocata-sorveglianza-speciale-a-lavilla-antonio","tag-sezione-misure-di-prevenzione-del-tribunale-di-reggio-calabria"],"yoast_head":"<!-- This site is optimized with the Yoast SEO plugin v27.2 - https:\/\/yoast.com\/product\/yoast-seo-wordpress\/ -->\n<title>Reggio: revocata la &quot;sorveglianza speciale&quot; a Lavilla Antonio<\/title>\n<meta name=\"description\" content=\"Il 25 gennaio il Tribunale ha disposto revoca sorveglianza speciale, cui Lavilla Antonio era sottoposto perch\u00e8 ritenuto socialmente pericoloso\" \/>\n<meta name=\"robots\" content=\"index, follow, max-snippet:-1, max-image-preview:large, max-video-preview:-1\" \/>\n<link rel=\"canonical\" href=\"https:\/\/progettotouring.it\/radiotouring104\/2024\/02\/06\/reggio-revocata-dal-tribunale-di-reggio-la-sorveglianza-speciale-a-lavilla-antonio\/\" \/>\n<meta property=\"og:locale\" content=\"it_IT\" \/>\n<meta property=\"og:type\" content=\"article\" \/>\n<meta property=\"og:title\" content=\"Reggio: revocata la &quot;sorveglianza speciale&quot; a Lavilla Antonio\" \/>\n<meta property=\"og:description\" content=\"Il 25 gennaio il Tribunale ha disposto revoca sorveglianza speciale, cui Lavilla Antonio era sottoposto perch\u00e8 ritenuto socialmente pericoloso\" \/>\n<meta property=\"og:url\" content=\"https:\/\/progettotouring.it\/radiotouring104\/2024\/02\/06\/reggio-revocata-dal-tribunale-di-reggio-la-sorveglianza-speciale-a-lavilla-antonio\/\" \/>\n<meta property=\"og:site_name\" content=\"Radio Touring 104\" \/>\n<meta property=\"article:published_time\" content=\"2024-02-06T11:26:30+00:00\" \/>\n<meta property=\"article:modified_time\" content=\"2024-02-06T11:27:53+00:00\" \/>\n<meta property=\"og:image\" content=\"https:\/\/progettotouring.it\/radiotouring104\/wp-content\/uploads\/sites\/6\/2024\/01\/Carabinieri-Tribunale.jpg\" \/>\n\t<meta property=\"og:image:width\" content=\"1512\" \/>\n\t<meta property=\"og:image:height\" content=\"848\" \/>\n\t<meta property=\"og:image:type\" content=\"image\/jpeg\" \/>\n<meta name=\"author\" content=\"Sebastiano Plutino\" \/>\n<meta name=\"twitter:card\" content=\"summary_large_image\" \/>\n<meta name=\"twitter:label1\" content=\"Scritto da\" \/>\n\t<meta name=\"twitter:data1\" content=\"Sebastiano Plutino\" \/>\n\t<meta name=\"twitter:label2\" content=\"Tempo di lettura stimato\" \/>\n\t<meta name=\"twitter:data2\" content=\"1 minuto\" \/>\n<script type=\"application\/ld+json\" class=\"yoast-schema-graph\">{\"@context\":\"https:\/\/schema.org\",\"@graph\":[{\"@type\":\"Article\",\"@id\":\"https:\/\/progettotouring.it\/radiotouring104\/2024\/02\/06\/reggio-revocata-dal-tribunale-di-reggio-la-sorveglianza-speciale-a-lavilla-antonio\/#article\",\"isPartOf\":{\"@id\":\"https:\/\/progettotouring.it\/radiotouring104\/2024\/02\/06\/reggio-revocata-dal-tribunale-di-reggio-la-sorveglianza-speciale-a-lavilla-antonio\/\"},\"author\":{\"name\":\"Sebastiano Plutino\",\"@id\":\"https:\/\/progettotouring.it\/radiotouring104\/#\/schema\/person\/78613917f1851f041f7483f5af1d422e\"},\"headline\":\"Reggio: revocata dal Tribunale di Reggio la &#8220;sorveglianza speciale&#8221; a Lavilla Antonio\",\"datePublished\":\"2024-02-06T11:26:30+00:00\",\"dateModified\":\"2024-02-06T11:27:53+00:00\",\"mainEntityOfPage\":{\"@id\":\"https:\/\/progettotouring.it\/radiotouring104\/2024\/02\/06\/reggio-revocata-dal-tribunale-di-reggio-la-sorveglianza-speciale-a-lavilla-antonio\/\"},\"wordCount\":301,\"publisher\":{\"@id\":\"https:\/\/progettotouring.it\/radiotouring104\/#organization\"},\"image\":{\"@id\":\"https:\/\/progettotouring.it\/radiotouring104\/2024\/02\/06\/reggio-revocata-dal-tribunale-di-reggio-la-sorveglianza-speciale-a-lavilla-antonio\/#primaryimage\"},\"thumbnailUrl\":\"https:\/\/progettotouring.it\/radiotouring104\/wp-content\/uploads\/sites\/6\/2024\/01\/Carabinieri-Tribunale.jpg\",\"keywords\":[\"\u2019avvocato Pier Paolo Emanuele\",\"revocata \\\"sorveglianza speciale\\\" a Lavilla Antonio\",\"Sezione Misure di Prevenzione del Tribunale di Reggio Calabria\"],\"articleSection\":[\"Home\",\"News\",\"Reggio Calabria\"],\"inLanguage\":\"it-IT\"},{\"@type\":\"WebPage\",\"@id\":\"https:\/\/progettotouring.it\/radiotouring104\/2024\/02\/06\/reggio-revocata-dal-tribunale-di-reggio-la-sorveglianza-speciale-a-lavilla-antonio\/\",\"url\":\"https:\/\/progettotouring.it\/radiotouring104\/2024\/02\/06\/reggio-revocata-dal-tribunale-di-reggio-la-sorveglianza-speciale-a-lavilla-antonio\/\",\"name\":\"Reggio: revocata la \\\"sorveglianza speciale\\\" a Lavilla Antonio\",\"isPartOf\":{\"@id\":\"https:\/\/progettotouring.it\/radiotouring104\/#website\"},\"primaryImageOfPage\":{\"@id\":\"https:\/\/progettotouring.it\/radiotouring104\/2024\/02\/06\/reggio-revocata-dal-tribunale-di-reggio-la-sorveglianza-speciale-a-lavilla-antonio\/#primaryimage\"},\"image\":{\"@id\":\"https:\/\/progettotouring.it\/radiotouring104\/2024\/02\/06\/reggio-revocata-dal-tribunale-di-reggio-la-sorveglianza-speciale-a-lavilla-antonio\/#primaryimage\"},\"thumbnailUrl\":\"https:\/\/progettotouring.it\/radiotouring104\/wp-content\/uploads\/sites\/6\/2024\/01\/Carabinieri-Tribunale.jpg\",\"datePublished\":\"2024-02-06T11:26:30+00:00\",\"dateModified\":\"2024-02-06T11:27:53+00:00\",\"description\":\"Il 25 gennaio il Tribunale ha disposto revoca sorveglianza speciale, cui Lavilla Antonio era sottoposto perch\u00e8 ritenuto socialmente pericoloso\",\"breadcrumb\":{\"@id\":\"https:\/\/progettotouring.it\/radiotouring104\/2024\/02\/06\/reggio-revocata-dal-tribunale-di-reggio-la-sorveglianza-speciale-a-lavilla-antonio\/#breadcrumb\"},\"inLanguage\":\"it-IT\",\"potentialAction\":[{\"@type\":\"ReadAction\",\"target\":[\"https:\/\/progettotouring.it\/radiotouring104\/2024\/02\/06\/reggio-revocata-dal-tribunale-di-reggio-la-sorveglianza-speciale-a-lavilla-antonio\/\"]}]},{\"@type\":\"ImageObject\",\"inLanguage\":\"it-IT\",\"@id\":\"https:\/\/progettotouring.it\/radiotouring104\/2024\/02\/06\/reggio-revocata-dal-tribunale-di-reggio-la-sorveglianza-speciale-a-lavilla-antonio\/#primaryimage\",\"url\":\"https:\/\/progettotouring.it\/radiotouring104\/wp-content\/uploads\/sites\/6\/2024\/01\/Carabinieri-Tribunale.jpg\",\"contentUrl\":\"https:\/\/progettotouring.it\/radiotouring104\/wp-content\/uploads\/sites\/6\/2024\/01\/Carabinieri-Tribunale.jpg\",\"width\":1512,\"height\":848},{\"@type\":\"BreadcrumbList\",\"@id\":\"https:\/\/progettotouring.it\/radiotouring104\/2024\/02\/06\/reggio-revocata-dal-tribunale-di-reggio-la-sorveglianza-speciale-a-lavilla-antonio\/#breadcrumb\",\"itemListElement\":[{\"@type\":\"ListItem\",\"position\":1,\"name\":\"Home\",\"item\":\"https:\/\/progettotouring.it\/radiotouring104\/\"},{\"@type\":\"ListItem\",\"position\":2,\"name\":\"Reggio: revocata dal Tribunale di Reggio la &#8220;sorveglianza speciale&#8221; a Lavilla Antonio\"}]},{\"@type\":\"WebSite\",\"@id\":\"https:\/\/progettotouring.it\/radiotouring104\/#website\",\"url\":\"https:\/\/progettotouring.it\/radiotouring104\/\",\"name\":\"Radio Touring 104\",\"description\":\"La prima radio Reggina\",\"publisher\":{\"@id\":\"https:\/\/progettotouring.it\/radiotouring104\/#organization\"},\"potentialAction\":[{\"@type\":\"SearchAction\",\"target\":{\"@type\":\"EntryPoint\",\"urlTemplate\":\"https:\/\/progettotouring.it\/radiotouring104\/?s={search_term_string}\"},\"query-input\":{\"@type\":\"PropertyValueSpecification\",\"valueRequired\":true,\"valueName\":\"search_term_string\"}}],\"inLanguage\":\"it-IT\"},{\"@type\":\"Organization\",\"@id\":\"https:\/\/progettotouring.it\/radiotouring104\/#organization\",\"name\":\"Radio Touring 104\",\"url\":\"https:\/\/progettotouring.it\/radiotouring104\/\",\"logo\":{\"@type\":\"ImageObject\",\"inLanguage\":\"it-IT\",\"@id\":\"https:\/\/progettotouring.it\/radiotouring104\/#\/schema\/logo\/image\/\",\"url\":\"https:\/\/progettotouring.it\/radiotouring104\/wp-content\/uploads\/sites\/6\/2022\/02\/cropped-logo-radio-touring-104.png\",\"contentUrl\":\"https:\/\/progettotouring.it\/radiotouring104\/wp-content\/uploads\/sites\/6\/2022\/02\/cropped-logo-radio-touring-104.png\",\"width\":377,\"height\":182,\"caption\":\"Radio Touring 104\"},\"image\":{\"@id\":\"https:\/\/progettotouring.it\/radiotouring104\/#\/schema\/logo\/image\/\"}},{\"@type\":\"Person\",\"@id\":\"https:\/\/progettotouring.it\/radiotouring104\/#\/schema\/person\/78613917f1851f041f7483f5af1d422e\",\"name\":\"Sebastiano Plutino\",\"image\":{\"@type\":\"ImageObject\",\"inLanguage\":\"it-IT\",\"@id\":\"https:\/\/secure.gravatar.com\/avatar\/0546ffaa9b79224faf9f2a156b67a529ae861d3287c66c1d8ccfdf909bcba78d?s=96&d=mm&r=g\",\"url\":\"https:\/\/secure.gravatar.com\/avatar\/0546ffaa9b79224faf9f2a156b67a529ae861d3287c66c1d8ccfdf909bcba78d?s=96&d=mm&r=g\",\"contentUrl\":\"https:\/\/secure.gravatar.com\/avatar\/0546ffaa9b79224faf9f2a156b67a529ae861d3287c66c1d8ccfdf909bcba78d?s=96&d=mm&r=g\",\"caption\":\"Sebastiano Plutino\"},\"url\":\"https:\/\/progettotouring.it\/radiotouring104\/author\/sebastiano\/\"}]}<\/script>\n<!-- \/ Yoast SEO plugin. -->","yoast_head_json":{"title":"Reggio: revocata la \"sorveglianza speciale\" a Lavilla Antonio","description":"Il 25 gennaio il Tribunale ha disposto revoca sorveglianza speciale, cui Lavilla Antonio era sottoposto perch\u00e8 ritenuto socialmente pericoloso","robots":{"index":"index","follow":"follow","max-snippet":"max-snippet:-1","max-image-preview":"max-image-preview:large","max-video-preview":"max-video-preview:-1"},"canonical":"https:\/\/progettotouring.it\/radiotouring104\/2024\/02\/06\/reggio-revocata-dal-tribunale-di-reggio-la-sorveglianza-speciale-a-lavilla-antonio\/","og_locale":"it_IT","og_type":"article","og_title":"Reggio: revocata la \"sorveglianza speciale\" a Lavilla Antonio","og_description":"Il 25 gennaio il Tribunale ha disposto revoca sorveglianza speciale, cui Lavilla Antonio era sottoposto perch\u00e8 ritenuto socialmente pericoloso","og_url":"https:\/\/progettotouring.it\/radiotouring104\/2024\/02\/06\/reggio-revocata-dal-tribunale-di-reggio-la-sorveglianza-speciale-a-lavilla-antonio\/","og_site_name":"Radio Touring 104","article_published_time":"2024-02-06T11:26:30+00:00","article_modified_time":"2024-02-06T11:27:53+00:00","og_image":[{"width":1512,"height":848,"url":"https:\/\/progettotouring.it\/radiotouring104\/wp-content\/uploads\/sites\/6\/2024\/01\/Carabinieri-Tribunale.jpg","type":"image\/jpeg"}],"author":"Sebastiano Plutino","twitter_card":"summary_large_image","twitter_misc":{"Scritto da":"Sebastiano Plutino","Tempo di lettura stimato":"1 minuto"},"schema":{"@context":"https:\/\/schema.org","@graph":[{"@type":"Article","@id":"https:\/\/progettotouring.it\/radiotouring104\/2024\/02\/06\/reggio-revocata-dal-tribunale-di-reggio-la-sorveglianza-speciale-a-lavilla-antonio\/#article","isPartOf":{"@id":"https:\/\/progettotouring.it\/radiotouring104\/2024\/02\/06\/reggio-revocata-dal-tribunale-di-reggio-la-sorveglianza-speciale-a-lavilla-antonio\/"},"author":{"name":"Sebastiano Plutino","@id":"https:\/\/progettotouring.it\/radiotouring104\/#\/schema\/person\/78613917f1851f041f7483f5af1d422e"},"headline":"Reggio: revocata dal Tribunale di Reggio la &#8220;sorveglianza speciale&#8221; a Lavilla Antonio","datePublished":"2024-02-06T11:26:30+00:00","dateModified":"2024-02-06T11:27:53+00:00","mainEntityOfPage":{"@id":"https:\/\/progettotouring.it\/radiotouring104\/2024\/02\/06\/reggio-revocata-dal-tribunale-di-reggio-la-sorveglianza-speciale-a-lavilla-antonio\/"},"wordCount":301,"publisher":{"@id":"https:\/\/progettotouring.it\/radiotouring104\/#organization"},"image":{"@id":"https:\/\/progettotouring.it\/radiotouring104\/2024\/02\/06\/reggio-revocata-dal-tribunale-di-reggio-la-sorveglianza-speciale-a-lavilla-antonio\/#primaryimage"},"thumbnailUrl":"https:\/\/progettotouring.it\/radiotouring104\/wp-content\/uploads\/sites\/6\/2024\/01\/Carabinieri-Tribunale.jpg","keywords":["\u2019avvocato Pier Paolo Emanuele","revocata \"sorveglianza speciale\" a Lavilla Antonio","Sezione Misure di Prevenzione del Tribunale di Reggio Calabria"],"articleSection":["Home","News","Reggio Calabria"],"inLanguage":"it-IT"},{"@type":"WebPage","@id":"https:\/\/progettotouring.it\/radiotouring104\/2024\/02\/06\/reggio-revocata-dal-tribunale-di-reggio-la-sorveglianza-speciale-a-lavilla-antonio\/","url":"https:\/\/progettotouring.it\/radiotouring104\/2024\/02\/06\/reggio-revocata-dal-tribunale-di-reggio-la-sorveglianza-speciale-a-lavilla-antonio\/","name":"Reggio: revocata la \"sorveglianza speciale\" a Lavilla Antonio","isPartOf":{"@id":"https:\/\/progettotouring.it\/radiotouring104\/#website"},"primaryImageOfPage":{"@id":"https:\/\/progettotouring.it\/radiotouring104\/2024\/02\/06\/reggio-revocata-dal-tribunale-di-reggio-la-sorveglianza-speciale-a-lavilla-antonio\/#primaryimage"},"image":{"@id":"https:\/\/progettotouring.it\/radiotouring104\/2024\/02\/06\/reggio-revocata-dal-tribunale-di-reggio-la-sorveglianza-speciale-a-lavilla-antonio\/#primaryimage"},"thumbnailUrl":"https:\/\/progettotouring.it\/radiotouring104\/wp-content\/uploads\/sites\/6\/2024\/01\/Carabinieri-Tribunale.jpg","datePublished":"2024-02-06T11:26:30+00:00","dateModified":"2024-02-06T11:27:53+00:00","description":"Il 25 gennaio il Tribunale ha disposto revoca sorveglianza speciale, cui Lavilla Antonio era sottoposto perch\u00e8 ritenuto socialmente pericoloso","breadcrumb":{"@id":"https:\/\/progettotouring.it\/radiotouring104\/2024\/02\/06\/reggio-revocata-dal-tribunale-di-reggio-la-sorveglianza-speciale-a-lavilla-antonio\/#breadcrumb"},"inLanguage":"it-IT","potentialAction":[{"@type":"ReadAction","target":["https:\/\/progettotouring.it\/radiotouring104\/2024\/02\/06\/reggio-revocata-dal-tribunale-di-reggio-la-sorveglianza-speciale-a-lavilla-antonio\/"]}]},{"@type":"ImageObject","inLanguage":"it-IT","@id":"https:\/\/progettotouring.it\/radiotouring104\/2024\/02\/06\/reggio-revocata-dal-tribunale-di-reggio-la-sorveglianza-speciale-a-lavilla-antonio\/#primaryimage","url":"https:\/\/progettotouring.it\/radiotouring104\/wp-content\/uploads\/sites\/6\/2024\/01\/Carabinieri-Tribunale.jpg","contentUrl":"https:\/\/progettotouring.it\/radiotouring104\/wp-content\/uploads\/sites\/6\/2024\/01\/Carabinieri-Tribunale.jpg","width":1512,"height":848},{"@type":"BreadcrumbList","@id":"https:\/\/progettotouring.it\/radiotouring104\/2024\/02\/06\/reggio-revocata-dal-tribunale-di-reggio-la-sorveglianza-speciale-a-lavilla-antonio\/#breadcrumb","itemListElement":[{"@type":"ListItem","position":1,"name":"Home","item":"https:\/\/progettotouring.it\/radiotouring104\/"},{"@type":"ListItem","position":2,"name":"Reggio: revocata dal Tribunale di Reggio la &#8220;sorveglianza speciale&#8221; a Lavilla Antonio"}]},{"@type":"WebSite","@id":"https:\/\/progettotouring.it\/radiotouring104\/#website","url":"https:\/\/progettotouring.it\/radiotouring104\/","name":"Radio Touring 104","description":"La prima radio Reggina","publisher":{"@id":"https:\/\/progettotouring.it\/radiotouring104\/#organization"},"potentialAction":[{"@type":"SearchAction","target":{"@type":"EntryPoint","urlTemplate":"https:\/\/progettotouring.it\/radiotouring104\/?s={search_term_string}"},"query-input":{"@type":"PropertyValueSpecification","valueRequired":true,"valueName":"search_term_string"}}],"inLanguage":"it-IT"},{"@type":"Organization","@id":"https:\/\/progettotouring.it\/radiotouring104\/#organization","name":"Radio Touring 104","url":"https:\/\/progettotouring.it\/radiotouring104\/","logo":{"@type":"ImageObject","inLanguage":"it-IT","@id":"https:\/\/progettotouring.it\/radiotouring104\/#\/schema\/logo\/image\/","url":"https:\/\/progettotouring.it\/radiotouring104\/wp-content\/uploads\/sites\/6\/2022\/02\/cropped-logo-radio-touring-104.png","contentUrl":"https:\/\/progettotouring.it\/radiotouring104\/wp-content\/uploads\/sites\/6\/2022\/02\/cropped-logo-radio-touring-104.png","width":377,"height":182,"caption":"Radio Touring 104"},"image":{"@id":"https:\/\/progettotouring.it\/radiotouring104\/#\/schema\/logo\/image\/"}},{"@type":"Person","@id":"https:\/\/progettotouring.it\/radiotouring104\/#\/schema\/person\/78613917f1851f041f7483f5af1d422e","name":"Sebastiano Plutino","image":{"@type":"ImageObject","inLanguage":"it-IT","@id":"https:\/\/secure.gravatar.com\/avatar\/0546ffaa9b79224faf9f2a156b67a529ae861d3287c66c1d8ccfdf909bcba78d?s=96&d=mm&r=g","url":"https:\/\/secure.gravatar.com\/avatar\/0546ffaa9b79224faf9f2a156b67a529ae861d3287c66c1d8ccfdf909bcba78d?s=96&d=mm&r=g","contentUrl":"https:\/\/secure.gravatar.com\/avatar\/0546ffaa9b79224faf9f2a156b67a529ae861d3287c66c1d8ccfdf909bcba78d?s=96&d=mm&r=g","caption":"Sebastiano Plutino"},"url":"https:\/\/progettotouring.it\/radiotouring104\/author\/sebastiano\/"}]}},"jetpack_publicize_connections":[],"jetpack_featured_media_url":"https:\/\/progettotouring.it\/radiotouring104\/wp-content\/uploads\/sites\/6\/2024\/01\/Carabinieri-Tribunale.jpg","jetpack_sharing_enabled":true,"_links":{"self":[{"href":"https:\/\/progettotouring.it\/radiotouring104\/wp-json\/wp\/v2\/posts\/44162","targetHints":{"allow":["GET"]}}],"collection":[{"href":"https:\/\/progettotouring.it\/radiotouring104\/wp-json\/wp\/v2\/posts"}],"about":[{"href":"https:\/\/progettotouring.it\/radiotouring104\/wp-json\/wp\/v2\/types\/post"}],"author":[{"embeddable":true,"href":"https:\/\/progettotouring.it\/radiotouring104\/wp-json\/wp\/v2\/users\/12"}],"replies":[{"embeddable":true,"href":"https:\/\/progettotouring.it\/radiotouring104\/wp-json\/wp\/v2\/comments?post=44162"}],"version-history":[{"count":1,"href":"https:\/\/progettotouring.it\/radiotouring104\/wp-json\/wp\/v2\/posts\/44162\/revisions"}],"predecessor-version":[{"id":44163,"href":"https:\/\/progettotouring.it\/radiotouring104\/wp-json\/wp\/v2\/posts\/44162\/revisions\/44163"}],"wp:featuredmedia":[{"embeddable":true,"href":"https:\/\/progettotouring.it\/radiotouring104\/wp-json\/wp\/v2\/media\/42209"}],"wp:attachment":[{"href":"https:\/\/progettotouring.it\/radiotouring104\/wp-json\/wp\/v2\/media?parent=44162"}],"wp:term":[{"taxonomy":"category","embeddable":true,"href":"https:\/\/progettotouring.it\/radiotouring104\/wp-json\/wp\/v2\/categories?post=44162"},{"taxonomy":"post_tag","embeddable":true,"href":"https:\/\/progettotouring.it\/radiotouring104\/wp-json\/wp\/v2\/tags?post=44162"}],"curies":[{"name":"wp","href":"https:\/\/api.w.org\/{rel}","templated":true}]}}