{"id":44167,"date":"2024-02-06T12:50:34","date_gmt":"2024-02-06T11:50:34","guid":{"rendered":"https:\/\/progettotouring.it\/radiotouring104\/?p=44167"},"modified":"2024-02-06T12:51:49","modified_gmt":"2024-02-06T11:51:49","slug":"cosenza-petizione-sunia-cgil-in-difesa-del-diritto-alla-casa","status":"publish","type":"post","link":"https:\/\/progettotouring.it\/radiotouring104\/2024\/02\/06\/cosenza-petizione-sunia-cgil-in-difesa-del-diritto-alla-casa\/","title":{"rendered":"Cosenza: petizione Sunia-Cgil in difesa del diritto alla casa."},"content":{"rendered":"<p class=\"xmprfx_MsoNormal\" style=\"text-align: justify\">Presso il palazzo comunale di San Sosti, Comune in provincia di Cosenza, porta d\u2019accesso del Parco nazionale del Pollino, si \u00e8 svolto un incontro approfondito sulle politiche abitative che ha visto confrontarsi, il Sindaco, Vincenzo De Marco e Francesco Al\u00ec, Segretario Generale del Sunia-Cgil Calabria.<\/p>\n<p class=\"xmprfx_MsoNormal\" style=\"text-align: justify\">L\u2019incontro, richiesto dal Sunia-CGIL regionale e dal Segretario Generale della CGIL del Pollino, Giuseppe Guido, \u00e8 stato prontamente convocato dal Sindaco ed ha avuto al centro i contenuti della petizione popolare per il diritto all\u2019abitare proposta dal Sunia, con il sostegno della CGIL nazionale. Obiettivo, stimolare il Governo ad attivare politiche abitative strutturali con risorse certe e soluzioni concrete che devono essere garantite a tutto il Paese, a cominciare dai piccoli Comuni che vivono direttamente il dramma dell\u2019urgenza di difendere il diritto fondamentale di ogni individuo ad una abitazione dignitosa.<\/p>\n<p class=\"xmprfx_MsoNormal\" style=\"text-align: justify\">Francesco Al\u00ec si \u00e8 soffermato sul \u201cViolento impatto dell\u2019inflazione e sull\u2019aumento dei costi della vita e dell\u2019abitare che hanno aggravato il disagio sociale, coinvolgendo un numero sempre pi\u00f9 elevato di famiglie in difficolt\u00e0\u201d. Ha sottolineato che \u201cLa casa continua ad essere un\u2019emergenza sottovalutata dal Governo, mentre occorrerebbero interventi strutturali e urgenti a cominciare dalla riqualificazione del patrimonio abitativo e dal rilancio del mercato della locazione a canoni sostenibili e coadiuvato da misure di sostegno. Invece, il Governo con la Legge di Bilancio 2024 ha azzerato qualsiasi efficace misura finalizzata a sostenere le famiglie colpite dalla grave emergenza abitativa. Sono stati cancellati il fondo per il sostegno all\u2019affitto che forniva un aiuto, contemporaneamente, alle famiglie di inquilini a basso reddito e un conseguente vantaggio \u00a0per i proprietari. E\u2019 stato cancellato il fondo per la morosit\u00e0 incolpevole che poteva incidere sul crescente fenomeno degli sfratti. E\u2019 stato drasticamente tagliato il Superbonus con gravi ripercussioni per tantissimi condom\u00ecni e proprietari che, con lavori avviati e non conclusi, dovranno ora affrontare spese non previste. Sono stati ridimensionati gli incentivi per l\u2019abbattimento delle barriere architettoniche. C\u2019\u00e8 un\u2019assoluta carenza di risorse per l\u2019edilizia residenziale pubblica\u201d. E ancora, \u201cSi parla di emergenza abitativa soloo per slogan, qualsiasi riferimento ad un \u2018Piano Casa\u2019 che aumenti gli alloggi di edilizia pubblica recuperando alloggi sfitti \u00e8 assente. Mancano quindi le indispensabili misure a favore delle famiglie in lista di attesa da anni per l\u2019assegnazione di un alloggio pubblico. C\u2019\u00e8 la grande emergenza rappresentata dalla carenza di alloggi per gli studenti fuori sede che stanno denunciando da mesi il caro affitti, rivendicando il diritto ad un alloggio dignitoso e a canoni sostenibili che consenta loro di esercitare il diritto allo studio e al futuro\u201d.<\/p>\n<p class=\"xmprfx_MsoNormal\" style=\"text-align: justify\">Cos\u00ec Giuseppe Guido: &#8220;Il sindacato si rivolge oltre che ai cittadini, anche alle Istituzioni locali perch\u00e9 pi\u00f9 forte sia la voce che chiede al Governo di invertire la rotta e di fornire strumenti e risorse ai Comuni, come da tempo gli stessi richiedono perch\u00e9 sono quelli che vivono pi\u00f9 da vicino il dramma delle famiglie. E la Regione Calabria non pu\u00f2 rimanere insensibile di fronte a questi tagli\u201d.<\/p>\n<p class=\"xmprfx_MsoNormal\" style=\"text-align: justify\">Vincenzo de Marco, Sindaco di San Sosti, Comune del Parco del Pollino di circa 2.200, sede del Santuario Basilica Madonna del Pettoruto, meta di pellegrinaggi durante tutto l\u2019arco dell\u2019anno, ha sottoscritto la petizione sottolineando che \u201cIl dramma della carenza di politiche abitative \u00e8 avvertito fortemente soprattutto nei piccoli Comuni dove le famiglie vivono, da un lato le difficolt\u00e0 legate alla crisi economica, all\u2019inflazione, all\u2019aumento dei costi della vita e della casa, dall\u2019altro le difficolt\u00e0 legate ai costi esorbitanti degli affitti per i figli, studenti universitari, che cercano di costruirsi fuori dalla nostra regione un futuro migliore\u201d. Il Sindaco ha, inoltre, precisato: \u201cChiederemo alla Regione Calabria di intervenire per sostenere queste richieste\u201d.<\/p>\n<p class=\"xmprfx_MsoNormal\" style=\"text-align: justify\">In attesa di risposte concrete dal Governo, il Sindaco, il Segretario Generale del Sunia-Cgil e il Segretario Generale della CGIL del Pollino si sono impegnati per un nuovo appuntamento per discutere con i sindacati rappresentativi di inquilini e propriet\u00e0 un Accordo Territoriale per i contratti di locazione a canone concordato al fine di individuare risposte territoriali per far fronte all\u2019emergenza casa e per costruire anche dal basso misure di sostegno e di sviluppo.<\/p>\n","protected":false},"excerpt":{"rendered":"<p>Presso il palazzo comunale di San Sosti, Comune in provincia di Cosenza, porta d\u2019accesso del Parco nazionale del Pollino, si \u00e8 svolto un incontro approfondito sulle politiche abitative che ha&hellip;<\/p>\n","protected":false},"author":12,"featured_media":0,"comment_status":"closed","ping_status":"open","sticky":false,"template":"","format":"standard","meta":{"_jetpack_memberships_contains_paid_content":false,"footnotes":"","jetpack_publicize_message":"","jetpack_publicize_feature_enabled":true,"jetpack_social_post_already_shared":false,"jetpack_social_options":{"image_generator_settings":{"template":"highway","default_image_id":0,"font":"","enabled":false},"version":2}},"categories":[142,921,196],"tags":[1242,27204,7368,27203,26766,20316],"class_list":["post-44167","post","type-post","status-publish","format-standard","hentry","category-calabria","category-home","category-news","tag-francesco-ali","tag-palazzo-comunale-di-san-sosti","tag-politiche-abitative","tag-san-sosti","tag-sunia-cgil-calabria","tag-vincenzo-de-marco"],"yoast_head":"<!-- This site is optimized with the Yoast SEO plugin v27.2 - https:\/\/yoast.com\/product\/yoast-seo-wordpress\/ -->\n<title>Cosenza: petizione Sunia-Cgil in difesa del diritto alla casa.<\/title>\n<meta name=\"description\" content=\"Al Comune di Cosenza, svolto incontro su politiche abitative. A confronto il Sindaco, De Marco e Al\u00ec, Segretario Sunia-Cgil Calabria.\" \/>\n<meta name=\"robots\" content=\"index, follow, max-snippet:-1, max-image-preview:large, max-video-preview:-1\" \/>\n<link rel=\"canonical\" href=\"https:\/\/progettotouring.it\/radiotouring104\/2024\/02\/06\/cosenza-petizione-sunia-cgil-in-difesa-del-diritto-alla-casa\/\" \/>\n<meta property=\"og:locale\" content=\"it_IT\" \/>\n<meta property=\"og:type\" content=\"article\" \/>\n<meta property=\"og:title\" content=\"Cosenza: petizione Sunia-Cgil in difesa del diritto alla casa.\" \/>\n<meta property=\"og:description\" content=\"Al Comune di Cosenza, svolto incontro su politiche abitative. A confronto il Sindaco, De Marco e Al\u00ec, Segretario Sunia-Cgil Calabria.\" \/>\n<meta property=\"og:url\" content=\"https:\/\/progettotouring.it\/radiotouring104\/2024\/02\/06\/cosenza-petizione-sunia-cgil-in-difesa-del-diritto-alla-casa\/\" \/>\n<meta property=\"og:site_name\" content=\"Radio Touring 104\" \/>\n<meta property=\"article:published_time\" content=\"2024-02-06T11:50:34+00:00\" \/>\n<meta property=\"article:modified_time\" content=\"2024-02-06T11:51:49+00:00\" \/>\n<meta name=\"author\" content=\"Sebastiano Plutino\" \/>\n<meta name=\"twitter:card\" content=\"summary_large_image\" \/>\n<meta name=\"twitter:label1\" content=\"Scritto da\" \/>\n\t<meta name=\"twitter:data1\" content=\"Sebastiano Plutino\" \/>\n\t<meta name=\"twitter:label2\" content=\"Tempo di lettura stimato\" \/>\n\t<meta name=\"twitter:data2\" content=\"3 minuti\" \/>\n<script type=\"application\/ld+json\" class=\"yoast-schema-graph\">{\"@context\":\"https:\/\/schema.org\",\"@graph\":[{\"@type\":\"Article\",\"@id\":\"https:\/\/progettotouring.it\/radiotouring104\/2024\/02\/06\/cosenza-petizione-sunia-cgil-in-difesa-del-diritto-alla-casa\/#article\",\"isPartOf\":{\"@id\":\"https:\/\/progettotouring.it\/radiotouring104\/2024\/02\/06\/cosenza-petizione-sunia-cgil-in-difesa-del-diritto-alla-casa\/\"},\"author\":{\"name\":\"Sebastiano Plutino\",\"@id\":\"https:\/\/progettotouring.it\/radiotouring104\/#\/schema\/person\/78613917f1851f041f7483f5af1d422e\"},\"headline\":\"Cosenza: petizione Sunia-Cgil in difesa del diritto alla casa.\",\"datePublished\":\"2024-02-06T11:50:34+00:00\",\"dateModified\":\"2024-02-06T11:51:49+00:00\",\"mainEntityOfPage\":{\"@id\":\"https:\/\/progettotouring.it\/radiotouring104\/2024\/02\/06\/cosenza-petizione-sunia-cgil-in-difesa-del-diritto-alla-casa\/\"},\"wordCount\":692,\"publisher\":{\"@id\":\"https:\/\/progettotouring.it\/radiotouring104\/#organization\"},\"keywords\":[\"Francesco Al\u00ec\",\"palazzo comunale di San Sosti\",\"politiche abitative\",\"San Sosti\",\"Sunia-Cgil Calabria.\",\"Vincenzo De Marco\"],\"articleSection\":[\"Calabria\",\"Home\",\"News\"],\"inLanguage\":\"it-IT\"},{\"@type\":\"WebPage\",\"@id\":\"https:\/\/progettotouring.it\/radiotouring104\/2024\/02\/06\/cosenza-petizione-sunia-cgil-in-difesa-del-diritto-alla-casa\/\",\"url\":\"https:\/\/progettotouring.it\/radiotouring104\/2024\/02\/06\/cosenza-petizione-sunia-cgil-in-difesa-del-diritto-alla-casa\/\",\"name\":\"Cosenza: petizione Sunia-Cgil in difesa del diritto alla casa.\",\"isPartOf\":{\"@id\":\"https:\/\/progettotouring.it\/radiotouring104\/#website\"},\"datePublished\":\"2024-02-06T11:50:34+00:00\",\"dateModified\":\"2024-02-06T11:51:49+00:00\",\"description\":\"Al Comune di Cosenza, svolto incontro su politiche abitative. A confronto il Sindaco, De Marco e Al\u00ec, Segretario Sunia-Cgil Calabria.\",\"breadcrumb\":{\"@id\":\"https:\/\/progettotouring.it\/radiotouring104\/2024\/02\/06\/cosenza-petizione-sunia-cgil-in-difesa-del-diritto-alla-casa\/#breadcrumb\"},\"inLanguage\":\"it-IT\",\"potentialAction\":[{\"@type\":\"ReadAction\",\"target\":[\"https:\/\/progettotouring.it\/radiotouring104\/2024\/02\/06\/cosenza-petizione-sunia-cgil-in-difesa-del-diritto-alla-casa\/\"]}]},{\"@type\":\"BreadcrumbList\",\"@id\":\"https:\/\/progettotouring.it\/radiotouring104\/2024\/02\/06\/cosenza-petizione-sunia-cgil-in-difesa-del-diritto-alla-casa\/#breadcrumb\",\"itemListElement\":[{\"@type\":\"ListItem\",\"position\":1,\"name\":\"Home\",\"item\":\"https:\/\/progettotouring.it\/radiotouring104\/\"},{\"@type\":\"ListItem\",\"position\":2,\"name\":\"Cosenza: petizione Sunia-Cgil in difesa del diritto alla casa.\"}]},{\"@type\":\"WebSite\",\"@id\":\"https:\/\/progettotouring.it\/radiotouring104\/#website\",\"url\":\"https:\/\/progettotouring.it\/radiotouring104\/\",\"name\":\"Radio Touring 104\",\"description\":\"La prima radio Reggina\",\"publisher\":{\"@id\":\"https:\/\/progettotouring.it\/radiotouring104\/#organization\"},\"potentialAction\":[{\"@type\":\"SearchAction\",\"target\":{\"@type\":\"EntryPoint\",\"urlTemplate\":\"https:\/\/progettotouring.it\/radiotouring104\/?s={search_term_string}\"},\"query-input\":{\"@type\":\"PropertyValueSpecification\",\"valueRequired\":true,\"valueName\":\"search_term_string\"}}],\"inLanguage\":\"it-IT\"},{\"@type\":\"Organization\",\"@id\":\"https:\/\/progettotouring.it\/radiotouring104\/#organization\",\"name\":\"Radio Touring 104\",\"url\":\"https:\/\/progettotouring.it\/radiotouring104\/\",\"logo\":{\"@type\":\"ImageObject\",\"inLanguage\":\"it-IT\",\"@id\":\"https:\/\/progettotouring.it\/radiotouring104\/#\/schema\/logo\/image\/\",\"url\":\"https:\/\/progettotouring.it\/radiotouring104\/wp-content\/uploads\/sites\/6\/2022\/02\/cropped-logo-radio-touring-104.png\",\"contentUrl\":\"https:\/\/progettotouring.it\/radiotouring104\/wp-content\/uploads\/sites\/6\/2022\/02\/cropped-logo-radio-touring-104.png\",\"width\":377,\"height\":182,\"caption\":\"Radio Touring 104\"},\"image\":{\"@id\":\"https:\/\/progettotouring.it\/radiotouring104\/#\/schema\/logo\/image\/\"}},{\"@type\":\"Person\",\"@id\":\"https:\/\/progettotouring.it\/radiotouring104\/#\/schema\/person\/78613917f1851f041f7483f5af1d422e\",\"name\":\"Sebastiano Plutino\",\"image\":{\"@type\":\"ImageObject\",\"inLanguage\":\"it-IT\",\"@id\":\"https:\/\/secure.gravatar.com\/avatar\/0546ffaa9b79224faf9f2a156b67a529ae861d3287c66c1d8ccfdf909bcba78d?s=96&d=mm&r=g\",\"url\":\"https:\/\/secure.gravatar.com\/avatar\/0546ffaa9b79224faf9f2a156b67a529ae861d3287c66c1d8ccfdf909bcba78d?s=96&d=mm&r=g\",\"contentUrl\":\"https:\/\/secure.gravatar.com\/avatar\/0546ffaa9b79224faf9f2a156b67a529ae861d3287c66c1d8ccfdf909bcba78d?s=96&d=mm&r=g\",\"caption\":\"Sebastiano Plutino\"},\"url\":\"https:\/\/progettotouring.it\/radiotouring104\/author\/sebastiano\/\"}]}<\/script>\n<!-- \/ Yoast SEO plugin. -->","yoast_head_json":{"title":"Cosenza: petizione Sunia-Cgil in difesa del diritto alla casa.","description":"Al Comune di Cosenza, svolto incontro su politiche abitative. A confronto il Sindaco, De Marco e Al\u00ec, Segretario Sunia-Cgil Calabria.","robots":{"index":"index","follow":"follow","max-snippet":"max-snippet:-1","max-image-preview":"max-image-preview:large","max-video-preview":"max-video-preview:-1"},"canonical":"https:\/\/progettotouring.it\/radiotouring104\/2024\/02\/06\/cosenza-petizione-sunia-cgil-in-difesa-del-diritto-alla-casa\/","og_locale":"it_IT","og_type":"article","og_title":"Cosenza: petizione Sunia-Cgil in difesa del diritto alla casa.","og_description":"Al Comune di Cosenza, svolto incontro su politiche abitative. A confronto il Sindaco, De Marco e Al\u00ec, Segretario Sunia-Cgil Calabria.","og_url":"https:\/\/progettotouring.it\/radiotouring104\/2024\/02\/06\/cosenza-petizione-sunia-cgil-in-difesa-del-diritto-alla-casa\/","og_site_name":"Radio Touring 104","article_published_time":"2024-02-06T11:50:34+00:00","article_modified_time":"2024-02-06T11:51:49+00:00","author":"Sebastiano Plutino","twitter_card":"summary_large_image","twitter_misc":{"Scritto da":"Sebastiano Plutino","Tempo di lettura stimato":"3 minuti"},"schema":{"@context":"https:\/\/schema.org","@graph":[{"@type":"Article","@id":"https:\/\/progettotouring.it\/radiotouring104\/2024\/02\/06\/cosenza-petizione-sunia-cgil-in-difesa-del-diritto-alla-casa\/#article","isPartOf":{"@id":"https:\/\/progettotouring.it\/radiotouring104\/2024\/02\/06\/cosenza-petizione-sunia-cgil-in-difesa-del-diritto-alla-casa\/"},"author":{"name":"Sebastiano Plutino","@id":"https:\/\/progettotouring.it\/radiotouring104\/#\/schema\/person\/78613917f1851f041f7483f5af1d422e"},"headline":"Cosenza: petizione Sunia-Cgil in difesa del diritto alla casa.","datePublished":"2024-02-06T11:50:34+00:00","dateModified":"2024-02-06T11:51:49+00:00","mainEntityOfPage":{"@id":"https:\/\/progettotouring.it\/radiotouring104\/2024\/02\/06\/cosenza-petizione-sunia-cgil-in-difesa-del-diritto-alla-casa\/"},"wordCount":692,"publisher":{"@id":"https:\/\/progettotouring.it\/radiotouring104\/#organization"},"keywords":["Francesco Al\u00ec","palazzo comunale di San Sosti","politiche abitative","San Sosti","Sunia-Cgil Calabria.","Vincenzo De Marco"],"articleSection":["Calabria","Home","News"],"inLanguage":"it-IT"},{"@type":"WebPage","@id":"https:\/\/progettotouring.it\/radiotouring104\/2024\/02\/06\/cosenza-petizione-sunia-cgil-in-difesa-del-diritto-alla-casa\/","url":"https:\/\/progettotouring.it\/radiotouring104\/2024\/02\/06\/cosenza-petizione-sunia-cgil-in-difesa-del-diritto-alla-casa\/","name":"Cosenza: petizione Sunia-Cgil in difesa del diritto alla casa.","isPartOf":{"@id":"https:\/\/progettotouring.it\/radiotouring104\/#website"},"datePublished":"2024-02-06T11:50:34+00:00","dateModified":"2024-02-06T11:51:49+00:00","description":"Al Comune di Cosenza, svolto incontro su politiche abitative. A confronto il Sindaco, De Marco e Al\u00ec, Segretario Sunia-Cgil Calabria.","breadcrumb":{"@id":"https:\/\/progettotouring.it\/radiotouring104\/2024\/02\/06\/cosenza-petizione-sunia-cgil-in-difesa-del-diritto-alla-casa\/#breadcrumb"},"inLanguage":"it-IT","potentialAction":[{"@type":"ReadAction","target":["https:\/\/progettotouring.it\/radiotouring104\/2024\/02\/06\/cosenza-petizione-sunia-cgil-in-difesa-del-diritto-alla-casa\/"]}]},{"@type":"BreadcrumbList","@id":"https:\/\/progettotouring.it\/radiotouring104\/2024\/02\/06\/cosenza-petizione-sunia-cgil-in-difesa-del-diritto-alla-casa\/#breadcrumb","itemListElement":[{"@type":"ListItem","position":1,"name":"Home","item":"https:\/\/progettotouring.it\/radiotouring104\/"},{"@type":"ListItem","position":2,"name":"Cosenza: petizione Sunia-Cgil in difesa del diritto alla casa."}]},{"@type":"WebSite","@id":"https:\/\/progettotouring.it\/radiotouring104\/#website","url":"https:\/\/progettotouring.it\/radiotouring104\/","name":"Radio Touring 104","description":"La prima radio Reggina","publisher":{"@id":"https:\/\/progettotouring.it\/radiotouring104\/#organization"},"potentialAction":[{"@type":"SearchAction","target":{"@type":"EntryPoint","urlTemplate":"https:\/\/progettotouring.it\/radiotouring104\/?s={search_term_string}"},"query-input":{"@type":"PropertyValueSpecification","valueRequired":true,"valueName":"search_term_string"}}],"inLanguage":"it-IT"},{"@type":"Organization","@id":"https:\/\/progettotouring.it\/radiotouring104\/#organization","name":"Radio Touring 104","url":"https:\/\/progettotouring.it\/radiotouring104\/","logo":{"@type":"ImageObject","inLanguage":"it-IT","@id":"https:\/\/progettotouring.it\/radiotouring104\/#\/schema\/logo\/image\/","url":"https:\/\/progettotouring.it\/radiotouring104\/wp-content\/uploads\/sites\/6\/2022\/02\/cropped-logo-radio-touring-104.png","contentUrl":"https:\/\/progettotouring.it\/radiotouring104\/wp-content\/uploads\/sites\/6\/2022\/02\/cropped-logo-radio-touring-104.png","width":377,"height":182,"caption":"Radio Touring 104"},"image":{"@id":"https:\/\/progettotouring.it\/radiotouring104\/#\/schema\/logo\/image\/"}},{"@type":"Person","@id":"https:\/\/progettotouring.it\/radiotouring104\/#\/schema\/person\/78613917f1851f041f7483f5af1d422e","name":"Sebastiano Plutino","image":{"@type":"ImageObject","inLanguage":"it-IT","@id":"https:\/\/secure.gravatar.com\/avatar\/0546ffaa9b79224faf9f2a156b67a529ae861d3287c66c1d8ccfdf909bcba78d?s=96&d=mm&r=g","url":"https:\/\/secure.gravatar.com\/avatar\/0546ffaa9b79224faf9f2a156b67a529ae861d3287c66c1d8ccfdf909bcba78d?s=96&d=mm&r=g","contentUrl":"https:\/\/secure.gravatar.com\/avatar\/0546ffaa9b79224faf9f2a156b67a529ae861d3287c66c1d8ccfdf909bcba78d?s=96&d=mm&r=g","caption":"Sebastiano Plutino"},"url":"https:\/\/progettotouring.it\/radiotouring104\/author\/sebastiano\/"}]}},"jetpack_publicize_connections":[],"jetpack_featured_media_url":"","jetpack_sharing_enabled":true,"_links":{"self":[{"href":"https:\/\/progettotouring.it\/radiotouring104\/wp-json\/wp\/v2\/posts\/44167","targetHints":{"allow":["GET"]}}],"collection":[{"href":"https:\/\/progettotouring.it\/radiotouring104\/wp-json\/wp\/v2\/posts"}],"about":[{"href":"https:\/\/progettotouring.it\/radiotouring104\/wp-json\/wp\/v2\/types\/post"}],"author":[{"embeddable":true,"href":"https:\/\/progettotouring.it\/radiotouring104\/wp-json\/wp\/v2\/users\/12"}],"replies":[{"embeddable":true,"href":"https:\/\/progettotouring.it\/radiotouring104\/wp-json\/wp\/v2\/comments?post=44167"}],"version-history":[{"count":1,"href":"https:\/\/progettotouring.it\/radiotouring104\/wp-json\/wp\/v2\/posts\/44167\/revisions"}],"predecessor-version":[{"id":44168,"href":"https:\/\/progettotouring.it\/radiotouring104\/wp-json\/wp\/v2\/posts\/44167\/revisions\/44168"}],"wp:attachment":[{"href":"https:\/\/progettotouring.it\/radiotouring104\/wp-json\/wp\/v2\/media?parent=44167"}],"wp:term":[{"taxonomy":"category","embeddable":true,"href":"https:\/\/progettotouring.it\/radiotouring104\/wp-json\/wp\/v2\/categories?post=44167"},{"taxonomy":"post_tag","embeddable":true,"href":"https:\/\/progettotouring.it\/radiotouring104\/wp-json\/wp\/v2\/tags?post=44167"}],"curies":[{"name":"wp","href":"https:\/\/api.w.org\/{rel}","templated":true}]}}