{"id":44169,"date":"2024-02-06T12:57:17","date_gmt":"2024-02-06T11:57:17","guid":{"rendered":"https:\/\/progettotouring.it\/radiotouring104\/?p=44169"},"modified":"2024-02-06T12:57:17","modified_gmt":"2024-02-06T11:57:17","slug":"reggio-variante-del-piano-comunale-di-spiaggia-avviato-liter-di-approvazione-delle-controdeduzioni-alle-osservazioni-di-privati-e-associazioni","status":"publish","type":"post","link":"https:\/\/progettotouring.it\/radiotouring104\/2024\/02\/06\/reggio-variante-del-piano-comunale-di-spiaggia-avviato-liter-di-approvazione-delle-controdeduzioni-alle-osservazioni-di-privati-e-associazioni\/","title":{"rendered":"Reggio: variante del piano comunale di spiaggia, avviato l\u2019iter di approvazione delle controdeduzioni alle osservazioni di privati e associazioni"},"content":{"rendered":"<p class=\"xmprfx_MsoNormal\" style=\"text-align: justify\"><strong>La terza commissione consiliare permanente del Comune di Reggio Calabria<\/strong>, presieduta da<strong> Giuseppe Sera, ha dato avvio,<\/strong> nella giornata odierna, <strong>ai lavori necessari all\u2019esame ed alla successiva approvazione delle controdeduzioni alle osservazioni pervenute in merito all\u2019intervento<\/strong> \u201c<em>Variante generale al Piano comunale di spiaggia\u201d<\/em>. In commissione era presente anche il neo dirigente del settore \u201cUrbanistica Pianificazione Territoriale\u201d, Marco Di Donna.<\/p>\n<p class=\"xmprfx_MsoNormal\" style=\"text-align: justify\">A seguito dell\u2019avviso di deposito delle relazioni specialistiche, affidate a consulenti scientifici incaricati dall\u2019amministrazione comunale di Reggio Calabria, e successiva pubblicazione sul sito web istituzionale, sono pervenute complessivamente 14 osservazioni, di cui tre fuori dai termini previsti. Sette sono state proposte da parte di privati cittadini e sette da parte di associazioni singole o riunite. Tali osservazioni sono state poi oggetto di istruttoria da parte dell\u2019ufficio comunale preposto, le cui risultanze sono state riepilogate in un documento di sintesi.<\/p>\n<p class=\"xmprfx_MsoNormal\" style=\"text-align: justify\">Tutte le osservazioni pervenute dagli stakeholder, anche quelle giunte fuori dai termini \u2013 in quanto ritenute comunque utili apporti collaborativi \u2013 sono state oggetto di istruttoria, valutazione e proposta di controdeduzioni da parte dei professionisti incaricati e compendiate in appositi documenti, riportando per ciascuna istanza il parere in termini di accoglibilit\u00e0, anche parziale, di rigetto o di non attinenza o di ininfluenza.<\/p>\n<p class=\"xmprfx_MsoNormal\" style=\"text-align: justify\"><em>\u00abFinalmente \u2013<\/em><strong> ha affermato il presidente della commissione Giuseppe Sera<\/strong> \u2013<em> si avvia a completamento la pianificazione programmata sin dal 2014, con la variante al piano spiagge gi\u00e0 adottato dal Consiglio comunale. Esso rappresenta l\u2019anello di congiunzione tra la citt\u00e0 ed il mare, e porta con s\u00e9 diversi elementi di novit\u00e0 come, ad esempio, nuove aree di balneazione che saranno messe a bando per gli operatori del settore balneare\u00bb.<\/em><\/p>\n<p class=\"xmprfx_MsoNormal\" style=\"text-align: justify\">L\u2019esame del documento avviato oggi in commissione proseguir\u00e0 nella seduta prevista per la prossima settimana.<\/p>\n","protected":false},"excerpt":{"rendered":"<p>La terza commissione consiliare permanente del Comune di Reggio Calabria, presieduta da Giuseppe Sera, ha dato avvio, nella giornata odierna, ai lavori necessari all\u2019esame ed alla successiva approvazione delle controdeduzioni&hellip;<\/p>\n","protected":false},"author":12,"featured_media":3468,"comment_status":"closed","ping_status":"open","sticky":false,"template":"","format":"standard","meta":{"_jetpack_memberships_contains_paid_content":false,"footnotes":"","jetpack_publicize_message":"","jetpack_publicize_feature_enabled":true,"jetpack_social_post_already_shared":false,"jetpack_social_options":{"image_generator_settings":{"template":"highway","default_image_id":0,"font":"","enabled":false},"version":2}},"categories":[921,150,196,140],"tags":[27207,3985,27205,27206],"class_list":["post-44169","post","type-post","status-publish","format-standard","has-post-thumbnail","hentry","category-home","category-in-primo-piano","category-news","category-reggio-calabria","tag-avviato-liter-di-approvazione-delle-controdeduzioni-alle-osservazioni-di-privati","tag-giuseppe-sera","tag-terza-commissione-consiliare-permanente-del-comune-di-reggio-calabria","tag-variante-del-piano-comunale-di-spiaggia"],"yoast_head":"<!-- This site is optimized with the Yoast SEO plugin v27.2 - https:\/\/yoast.com\/product\/yoast-seo-wordpress\/ -->\n<title>Reggio: avviato iter su variante del piano comunale di spiaggia,<\/title>\n<meta name=\"description\" content=\"La terza commissione del Comune ha dato avvio alle osservazioni in merito all\u2019intervento \u201cVariante generale al Piano comunale di spiaggia\u201d.\" \/>\n<meta name=\"robots\" content=\"index, follow, max-snippet:-1, max-image-preview:large, max-video-preview:-1\" \/>\n<link rel=\"canonical\" href=\"https:\/\/progettotouring.it\/radiotouring104\/2024\/02\/06\/reggio-variante-del-piano-comunale-di-spiaggia-avviato-liter-di-approvazione-delle-controdeduzioni-alle-osservazioni-di-privati-e-associazioni\/\" \/>\n<meta property=\"og:locale\" content=\"it_IT\" \/>\n<meta property=\"og:type\" content=\"article\" \/>\n<meta property=\"og:title\" content=\"Reggio: avviato iter su variante del piano comunale di spiaggia,\" \/>\n<meta property=\"og:description\" content=\"La terza commissione del Comune ha dato avvio alle osservazioni in merito all\u2019intervento \u201cVariante generale al Piano comunale di spiaggia\u201d.\" \/>\n<meta property=\"og:url\" content=\"https:\/\/progettotouring.it\/radiotouring104\/2024\/02\/06\/reggio-variante-del-piano-comunale-di-spiaggia-avviato-liter-di-approvazione-delle-controdeduzioni-alle-osservazioni-di-privati-e-associazioni\/\" \/>\n<meta property=\"og:site_name\" content=\"Radio Touring 104\" \/>\n<meta property=\"article:published_time\" content=\"2024-02-06T11:57:17+00:00\" \/>\n<meta property=\"og:image\" content=\"https:\/\/progettotouring.it\/radiotouring104\/wp-content\/uploads\/sites\/6\/2022\/03\/Palazzo-san-giorgio.jpg\" \/>\n\t<meta property=\"og:image:width\" content=\"644\" \/>\n\t<meta property=\"og:image:height\" content=\"398\" \/>\n\t<meta property=\"og:image:type\" content=\"image\/jpeg\" \/>\n<meta name=\"author\" content=\"Sebastiano Plutino\" \/>\n<meta name=\"twitter:card\" content=\"summary_large_image\" \/>\n<meta name=\"twitter:label1\" content=\"Scritto da\" \/>\n\t<meta name=\"twitter:data1\" content=\"Sebastiano Plutino\" \/>\n\t<meta name=\"twitter:label2\" content=\"Tempo di lettura stimato\" \/>\n\t<meta name=\"twitter:data2\" content=\"1 minuto\" \/>\n<script type=\"application\/ld+json\" class=\"yoast-schema-graph\">{\"@context\":\"https:\/\/schema.org\",\"@graph\":[{\"@type\":\"Article\",\"@id\":\"https:\/\/progettotouring.it\/radiotouring104\/2024\/02\/06\/reggio-variante-del-piano-comunale-di-spiaggia-avviato-liter-di-approvazione-delle-controdeduzioni-alle-osservazioni-di-privati-e-associazioni\/#article\",\"isPartOf\":{\"@id\":\"https:\/\/progettotouring.it\/radiotouring104\/2024\/02\/06\/reggio-variante-del-piano-comunale-di-spiaggia-avviato-liter-di-approvazione-delle-controdeduzioni-alle-osservazioni-di-privati-e-associazioni\/\"},\"author\":{\"name\":\"Sebastiano Plutino\",\"@id\":\"https:\/\/progettotouring.it\/radiotouring104\/#\/schema\/person\/78613917f1851f041f7483f5af1d422e\"},\"headline\":\"Reggio: variante del piano comunale di spiaggia, avviato l\u2019iter di approvazione delle controdeduzioni alle osservazioni di privati e associazioni\",\"datePublished\":\"2024-02-06T11:57:17+00:00\",\"mainEntityOfPage\":{\"@id\":\"https:\/\/progettotouring.it\/radiotouring104\/2024\/02\/06\/reggio-variante-del-piano-comunale-di-spiaggia-avviato-liter-di-approvazione-delle-controdeduzioni-alle-osservazioni-di-privati-e-associazioni\/\"},\"wordCount\":305,\"publisher\":{\"@id\":\"https:\/\/progettotouring.it\/radiotouring104\/#organization\"},\"image\":{\"@id\":\"https:\/\/progettotouring.it\/radiotouring104\/2024\/02\/06\/reggio-variante-del-piano-comunale-di-spiaggia-avviato-liter-di-approvazione-delle-controdeduzioni-alle-osservazioni-di-privati-e-associazioni\/#primaryimage\"},\"thumbnailUrl\":\"https:\/\/progettotouring.it\/radiotouring104\/wp-content\/uploads\/sites\/6\/2022\/03\/Palazzo-san-giorgio.jpg\",\"keywords\":[\"avviato l\u2019iter di approvazione delle controdeduzioni alle osservazioni di privati\",\"Giuseppe Sera\",\"terza commissione consiliare permanente del Comune di Reggio Calabria\",\"variante del piano comunale di spiaggia\"],\"articleSection\":[\"Home\",\"In primo piano\",\"News\",\"Reggio Calabria\"],\"inLanguage\":\"it-IT\"},{\"@type\":\"WebPage\",\"@id\":\"https:\/\/progettotouring.it\/radiotouring104\/2024\/02\/06\/reggio-variante-del-piano-comunale-di-spiaggia-avviato-liter-di-approvazione-delle-controdeduzioni-alle-osservazioni-di-privati-e-associazioni\/\",\"url\":\"https:\/\/progettotouring.it\/radiotouring104\/2024\/02\/06\/reggio-variante-del-piano-comunale-di-spiaggia-avviato-liter-di-approvazione-delle-controdeduzioni-alle-osservazioni-di-privati-e-associazioni\/\",\"name\":\"Reggio: avviato iter su variante del piano comunale di spiaggia,\",\"isPartOf\":{\"@id\":\"https:\/\/progettotouring.it\/radiotouring104\/#website\"},\"primaryImageOfPage\":{\"@id\":\"https:\/\/progettotouring.it\/radiotouring104\/2024\/02\/06\/reggio-variante-del-piano-comunale-di-spiaggia-avviato-liter-di-approvazione-delle-controdeduzioni-alle-osservazioni-di-privati-e-associazioni\/#primaryimage\"},\"image\":{\"@id\":\"https:\/\/progettotouring.it\/radiotouring104\/2024\/02\/06\/reggio-variante-del-piano-comunale-di-spiaggia-avviato-liter-di-approvazione-delle-controdeduzioni-alle-osservazioni-di-privati-e-associazioni\/#primaryimage\"},\"thumbnailUrl\":\"https:\/\/progettotouring.it\/radiotouring104\/wp-content\/uploads\/sites\/6\/2022\/03\/Palazzo-san-giorgio.jpg\",\"datePublished\":\"2024-02-06T11:57:17+00:00\",\"description\":\"La terza commissione del Comune ha dato avvio alle osservazioni in merito all\u2019intervento \u201cVariante generale al Piano comunale di spiaggia\u201d.\",\"breadcrumb\":{\"@id\":\"https:\/\/progettotouring.it\/radiotouring104\/2024\/02\/06\/reggio-variante-del-piano-comunale-di-spiaggia-avviato-liter-di-approvazione-delle-controdeduzioni-alle-osservazioni-di-privati-e-associazioni\/#breadcrumb\"},\"inLanguage\":\"it-IT\",\"potentialAction\":[{\"@type\":\"ReadAction\",\"target\":[\"https:\/\/progettotouring.it\/radiotouring104\/2024\/02\/06\/reggio-variante-del-piano-comunale-di-spiaggia-avviato-liter-di-approvazione-delle-controdeduzioni-alle-osservazioni-di-privati-e-associazioni\/\"]}]},{\"@type\":\"ImageObject\",\"inLanguage\":\"it-IT\",\"@id\":\"https:\/\/progettotouring.it\/radiotouring104\/2024\/02\/06\/reggio-variante-del-piano-comunale-di-spiaggia-avviato-liter-di-approvazione-delle-controdeduzioni-alle-osservazioni-di-privati-e-associazioni\/#primaryimage\",\"url\":\"https:\/\/progettotouring.it\/radiotouring104\/wp-content\/uploads\/sites\/6\/2022\/03\/Palazzo-san-giorgio.jpg\",\"contentUrl\":\"https:\/\/progettotouring.it\/radiotouring104\/wp-content\/uploads\/sites\/6\/2022\/03\/Palazzo-san-giorgio.jpg\",\"width\":644,\"height\":398},{\"@type\":\"BreadcrumbList\",\"@id\":\"https:\/\/progettotouring.it\/radiotouring104\/2024\/02\/06\/reggio-variante-del-piano-comunale-di-spiaggia-avviato-liter-di-approvazione-delle-controdeduzioni-alle-osservazioni-di-privati-e-associazioni\/#breadcrumb\",\"itemListElement\":[{\"@type\":\"ListItem\",\"position\":1,\"name\":\"Home\",\"item\":\"https:\/\/progettotouring.it\/radiotouring104\/\"},{\"@type\":\"ListItem\",\"position\":2,\"name\":\"Reggio: variante del piano comunale di spiaggia, avviato l\u2019iter di approvazione delle controdeduzioni alle osservazioni di privati e associazioni\"}]},{\"@type\":\"WebSite\",\"@id\":\"https:\/\/progettotouring.it\/radiotouring104\/#website\",\"url\":\"https:\/\/progettotouring.it\/radiotouring104\/\",\"name\":\"Radio Touring 104\",\"description\":\"La prima radio Reggina\",\"publisher\":{\"@id\":\"https:\/\/progettotouring.it\/radiotouring104\/#organization\"},\"potentialAction\":[{\"@type\":\"SearchAction\",\"target\":{\"@type\":\"EntryPoint\",\"urlTemplate\":\"https:\/\/progettotouring.it\/radiotouring104\/?s={search_term_string}\"},\"query-input\":{\"@type\":\"PropertyValueSpecification\",\"valueRequired\":true,\"valueName\":\"search_term_string\"}}],\"inLanguage\":\"it-IT\"},{\"@type\":\"Organization\",\"@id\":\"https:\/\/progettotouring.it\/radiotouring104\/#organization\",\"name\":\"Radio Touring 104\",\"url\":\"https:\/\/progettotouring.it\/radiotouring104\/\",\"logo\":{\"@type\":\"ImageObject\",\"inLanguage\":\"it-IT\",\"@id\":\"https:\/\/progettotouring.it\/radiotouring104\/#\/schema\/logo\/image\/\",\"url\":\"https:\/\/progettotouring.it\/radiotouring104\/wp-content\/uploads\/sites\/6\/2022\/02\/cropped-logo-radio-touring-104.png\",\"contentUrl\":\"https:\/\/progettotouring.it\/radiotouring104\/wp-content\/uploads\/sites\/6\/2022\/02\/cropped-logo-radio-touring-104.png\",\"width\":377,\"height\":182,\"caption\":\"Radio Touring 104\"},\"image\":{\"@id\":\"https:\/\/progettotouring.it\/radiotouring104\/#\/schema\/logo\/image\/\"}},{\"@type\":\"Person\",\"@id\":\"https:\/\/progettotouring.it\/radiotouring104\/#\/schema\/person\/78613917f1851f041f7483f5af1d422e\",\"name\":\"Sebastiano Plutino\",\"image\":{\"@type\":\"ImageObject\",\"inLanguage\":\"it-IT\",\"@id\":\"https:\/\/secure.gravatar.com\/avatar\/0546ffaa9b79224faf9f2a156b67a529ae861d3287c66c1d8ccfdf909bcba78d?s=96&d=mm&r=g\",\"url\":\"https:\/\/secure.gravatar.com\/avatar\/0546ffaa9b79224faf9f2a156b67a529ae861d3287c66c1d8ccfdf909bcba78d?s=96&d=mm&r=g\",\"contentUrl\":\"https:\/\/secure.gravatar.com\/avatar\/0546ffaa9b79224faf9f2a156b67a529ae861d3287c66c1d8ccfdf909bcba78d?s=96&d=mm&r=g\",\"caption\":\"Sebastiano Plutino\"},\"url\":\"https:\/\/progettotouring.it\/radiotouring104\/author\/sebastiano\/\"}]}<\/script>\n<!-- \/ Yoast SEO plugin. -->","yoast_head_json":{"title":"Reggio: avviato iter su variante del piano comunale di spiaggia,","description":"La terza commissione del Comune ha dato avvio alle osservazioni in merito all\u2019intervento \u201cVariante generale al Piano comunale di spiaggia\u201d.","robots":{"index":"index","follow":"follow","max-snippet":"max-snippet:-1","max-image-preview":"max-image-preview:large","max-video-preview":"max-video-preview:-1"},"canonical":"https:\/\/progettotouring.it\/radiotouring104\/2024\/02\/06\/reggio-variante-del-piano-comunale-di-spiaggia-avviato-liter-di-approvazione-delle-controdeduzioni-alle-osservazioni-di-privati-e-associazioni\/","og_locale":"it_IT","og_type":"article","og_title":"Reggio: avviato iter su variante del piano comunale di spiaggia,","og_description":"La terza commissione del Comune ha dato avvio alle osservazioni in merito all\u2019intervento \u201cVariante generale al Piano comunale di spiaggia\u201d.","og_url":"https:\/\/progettotouring.it\/radiotouring104\/2024\/02\/06\/reggio-variante-del-piano-comunale-di-spiaggia-avviato-liter-di-approvazione-delle-controdeduzioni-alle-osservazioni-di-privati-e-associazioni\/","og_site_name":"Radio Touring 104","article_published_time":"2024-02-06T11:57:17+00:00","og_image":[{"width":644,"height":398,"url":"https:\/\/progettotouring.it\/radiotouring104\/wp-content\/uploads\/sites\/6\/2022\/03\/Palazzo-san-giorgio.jpg","type":"image\/jpeg"}],"author":"Sebastiano Plutino","twitter_card":"summary_large_image","twitter_misc":{"Scritto da":"Sebastiano Plutino","Tempo di lettura stimato":"1 minuto"},"schema":{"@context":"https:\/\/schema.org","@graph":[{"@type":"Article","@id":"https:\/\/progettotouring.it\/radiotouring104\/2024\/02\/06\/reggio-variante-del-piano-comunale-di-spiaggia-avviato-liter-di-approvazione-delle-controdeduzioni-alle-osservazioni-di-privati-e-associazioni\/#article","isPartOf":{"@id":"https:\/\/progettotouring.it\/radiotouring104\/2024\/02\/06\/reggio-variante-del-piano-comunale-di-spiaggia-avviato-liter-di-approvazione-delle-controdeduzioni-alle-osservazioni-di-privati-e-associazioni\/"},"author":{"name":"Sebastiano Plutino","@id":"https:\/\/progettotouring.it\/radiotouring104\/#\/schema\/person\/78613917f1851f041f7483f5af1d422e"},"headline":"Reggio: variante del piano comunale di spiaggia, avviato l\u2019iter di approvazione delle controdeduzioni alle osservazioni di privati e associazioni","datePublished":"2024-02-06T11:57:17+00:00","mainEntityOfPage":{"@id":"https:\/\/progettotouring.it\/radiotouring104\/2024\/02\/06\/reggio-variante-del-piano-comunale-di-spiaggia-avviato-liter-di-approvazione-delle-controdeduzioni-alle-osservazioni-di-privati-e-associazioni\/"},"wordCount":305,"publisher":{"@id":"https:\/\/progettotouring.it\/radiotouring104\/#organization"},"image":{"@id":"https:\/\/progettotouring.it\/radiotouring104\/2024\/02\/06\/reggio-variante-del-piano-comunale-di-spiaggia-avviato-liter-di-approvazione-delle-controdeduzioni-alle-osservazioni-di-privati-e-associazioni\/#primaryimage"},"thumbnailUrl":"https:\/\/progettotouring.it\/radiotouring104\/wp-content\/uploads\/sites\/6\/2022\/03\/Palazzo-san-giorgio.jpg","keywords":["avviato l\u2019iter di approvazione delle controdeduzioni alle osservazioni di privati","Giuseppe Sera","terza commissione consiliare permanente del Comune di Reggio Calabria","variante del piano comunale di spiaggia"],"articleSection":["Home","In primo piano","News","Reggio Calabria"],"inLanguage":"it-IT"},{"@type":"WebPage","@id":"https:\/\/progettotouring.it\/radiotouring104\/2024\/02\/06\/reggio-variante-del-piano-comunale-di-spiaggia-avviato-liter-di-approvazione-delle-controdeduzioni-alle-osservazioni-di-privati-e-associazioni\/","url":"https:\/\/progettotouring.it\/radiotouring104\/2024\/02\/06\/reggio-variante-del-piano-comunale-di-spiaggia-avviato-liter-di-approvazione-delle-controdeduzioni-alle-osservazioni-di-privati-e-associazioni\/","name":"Reggio: avviato iter su variante del piano comunale di spiaggia,","isPartOf":{"@id":"https:\/\/progettotouring.it\/radiotouring104\/#website"},"primaryImageOfPage":{"@id":"https:\/\/progettotouring.it\/radiotouring104\/2024\/02\/06\/reggio-variante-del-piano-comunale-di-spiaggia-avviato-liter-di-approvazione-delle-controdeduzioni-alle-osservazioni-di-privati-e-associazioni\/#primaryimage"},"image":{"@id":"https:\/\/progettotouring.it\/radiotouring104\/2024\/02\/06\/reggio-variante-del-piano-comunale-di-spiaggia-avviato-liter-di-approvazione-delle-controdeduzioni-alle-osservazioni-di-privati-e-associazioni\/#primaryimage"},"thumbnailUrl":"https:\/\/progettotouring.it\/radiotouring104\/wp-content\/uploads\/sites\/6\/2022\/03\/Palazzo-san-giorgio.jpg","datePublished":"2024-02-06T11:57:17+00:00","description":"La terza commissione del Comune ha dato avvio alle osservazioni in merito all\u2019intervento \u201cVariante generale al Piano comunale di spiaggia\u201d.","breadcrumb":{"@id":"https:\/\/progettotouring.it\/radiotouring104\/2024\/02\/06\/reggio-variante-del-piano-comunale-di-spiaggia-avviato-liter-di-approvazione-delle-controdeduzioni-alle-osservazioni-di-privati-e-associazioni\/#breadcrumb"},"inLanguage":"it-IT","potentialAction":[{"@type":"ReadAction","target":["https:\/\/progettotouring.it\/radiotouring104\/2024\/02\/06\/reggio-variante-del-piano-comunale-di-spiaggia-avviato-liter-di-approvazione-delle-controdeduzioni-alle-osservazioni-di-privati-e-associazioni\/"]}]},{"@type":"ImageObject","inLanguage":"it-IT","@id":"https:\/\/progettotouring.it\/radiotouring104\/2024\/02\/06\/reggio-variante-del-piano-comunale-di-spiaggia-avviato-liter-di-approvazione-delle-controdeduzioni-alle-osservazioni-di-privati-e-associazioni\/#primaryimage","url":"https:\/\/progettotouring.it\/radiotouring104\/wp-content\/uploads\/sites\/6\/2022\/03\/Palazzo-san-giorgio.jpg","contentUrl":"https:\/\/progettotouring.it\/radiotouring104\/wp-content\/uploads\/sites\/6\/2022\/03\/Palazzo-san-giorgio.jpg","width":644,"height":398},{"@type":"BreadcrumbList","@id":"https:\/\/progettotouring.it\/radiotouring104\/2024\/02\/06\/reggio-variante-del-piano-comunale-di-spiaggia-avviato-liter-di-approvazione-delle-controdeduzioni-alle-osservazioni-di-privati-e-associazioni\/#breadcrumb","itemListElement":[{"@type":"ListItem","position":1,"name":"Home","item":"https:\/\/progettotouring.it\/radiotouring104\/"},{"@type":"ListItem","position":2,"name":"Reggio: variante del piano comunale di spiaggia, avviato l\u2019iter di approvazione delle controdeduzioni alle osservazioni di privati e associazioni"}]},{"@type":"WebSite","@id":"https:\/\/progettotouring.it\/radiotouring104\/#website","url":"https:\/\/progettotouring.it\/radiotouring104\/","name":"Radio Touring 104","description":"La prima radio Reggina","publisher":{"@id":"https:\/\/progettotouring.it\/radiotouring104\/#organization"},"potentialAction":[{"@type":"SearchAction","target":{"@type":"EntryPoint","urlTemplate":"https:\/\/progettotouring.it\/radiotouring104\/?s={search_term_string}"},"query-input":{"@type":"PropertyValueSpecification","valueRequired":true,"valueName":"search_term_string"}}],"inLanguage":"it-IT"},{"@type":"Organization","@id":"https:\/\/progettotouring.it\/radiotouring104\/#organization","name":"Radio Touring 104","url":"https:\/\/progettotouring.it\/radiotouring104\/","logo":{"@type":"ImageObject","inLanguage":"it-IT","@id":"https:\/\/progettotouring.it\/radiotouring104\/#\/schema\/logo\/image\/","url":"https:\/\/progettotouring.it\/radiotouring104\/wp-content\/uploads\/sites\/6\/2022\/02\/cropped-logo-radio-touring-104.png","contentUrl":"https:\/\/progettotouring.it\/radiotouring104\/wp-content\/uploads\/sites\/6\/2022\/02\/cropped-logo-radio-touring-104.png","width":377,"height":182,"caption":"Radio Touring 104"},"image":{"@id":"https:\/\/progettotouring.it\/radiotouring104\/#\/schema\/logo\/image\/"}},{"@type":"Person","@id":"https:\/\/progettotouring.it\/radiotouring104\/#\/schema\/person\/78613917f1851f041f7483f5af1d422e","name":"Sebastiano Plutino","image":{"@type":"ImageObject","inLanguage":"it-IT","@id":"https:\/\/secure.gravatar.com\/avatar\/0546ffaa9b79224faf9f2a156b67a529ae861d3287c66c1d8ccfdf909bcba78d?s=96&d=mm&r=g","url":"https:\/\/secure.gravatar.com\/avatar\/0546ffaa9b79224faf9f2a156b67a529ae861d3287c66c1d8ccfdf909bcba78d?s=96&d=mm&r=g","contentUrl":"https:\/\/secure.gravatar.com\/avatar\/0546ffaa9b79224faf9f2a156b67a529ae861d3287c66c1d8ccfdf909bcba78d?s=96&d=mm&r=g","caption":"Sebastiano Plutino"},"url":"https:\/\/progettotouring.it\/radiotouring104\/author\/sebastiano\/"}]}},"jetpack_publicize_connections":[],"jetpack_featured_media_url":"https:\/\/progettotouring.it\/radiotouring104\/wp-content\/uploads\/sites\/6\/2022\/03\/Palazzo-san-giorgio.jpg","jetpack_sharing_enabled":true,"_links":{"self":[{"href":"https:\/\/progettotouring.it\/radiotouring104\/wp-json\/wp\/v2\/posts\/44169","targetHints":{"allow":["GET"]}}],"collection":[{"href":"https:\/\/progettotouring.it\/radiotouring104\/wp-json\/wp\/v2\/posts"}],"about":[{"href":"https:\/\/progettotouring.it\/radiotouring104\/wp-json\/wp\/v2\/types\/post"}],"author":[{"embeddable":true,"href":"https:\/\/progettotouring.it\/radiotouring104\/wp-json\/wp\/v2\/users\/12"}],"replies":[{"embeddable":true,"href":"https:\/\/progettotouring.it\/radiotouring104\/wp-json\/wp\/v2\/comments?post=44169"}],"version-history":[{"count":1,"href":"https:\/\/progettotouring.it\/radiotouring104\/wp-json\/wp\/v2\/posts\/44169\/revisions"}],"predecessor-version":[{"id":44170,"href":"https:\/\/progettotouring.it\/radiotouring104\/wp-json\/wp\/v2\/posts\/44169\/revisions\/44170"}],"wp:featuredmedia":[{"embeddable":true,"href":"https:\/\/progettotouring.it\/radiotouring104\/wp-json\/wp\/v2\/media\/3468"}],"wp:attachment":[{"href":"https:\/\/progettotouring.it\/radiotouring104\/wp-json\/wp\/v2\/media?parent=44169"}],"wp:term":[{"taxonomy":"category","embeddable":true,"href":"https:\/\/progettotouring.it\/radiotouring104\/wp-json\/wp\/v2\/categories?post=44169"},{"taxonomy":"post_tag","embeddable":true,"href":"https:\/\/progettotouring.it\/radiotouring104\/wp-json\/wp\/v2\/tags?post=44169"}],"curies":[{"name":"wp","href":"https:\/\/api.w.org\/{rel}","templated":true}]}}