{"id":44284,"date":"2024-02-08T13:04:19","date_gmt":"2024-02-08T12:04:19","guid":{"rendered":"https:\/\/progettotouring.it\/radiotouring104\/?p=44284"},"modified":"2024-02-08T13:04:19","modified_gmt":"2024-02-08T12:04:19","slug":"filcams-cgil-calabria-attacca-prevedibile-il-fallimento-del-piano-turismo","status":"publish","type":"post","link":"https:\/\/progettotouring.it\/radiotouring104\/2024\/02\/08\/filcams-cgil-calabria-attacca-prevedibile-il-fallimento-del-piano-turismo\/","title":{"rendered":"Filcams Cgil Calabria attacca: &#8220;Prevedibile il fallimento del Piano Turismo&#8221;"},"content":{"rendered":"<p class=\"xmprfx_MsoNormal\" style=\"text-align: justify\"><i><strong>La Filcams Cgil Calabria ci ha provato ad indicare alcune soluzioni rispetto al fallimento annunciato del Piano<\/strong> ricevendo solamente un atteggiamento spocchioso e autosufficiente del Presidente e del Consiglio Regionale che non si sono voluti confrontare<\/i><\/p>\n<p class=\"xmprfx_MsoNormal\" style=\"text-align: justify\">Non ci stupiscono i dati che emergono dalle analisi sugli effetti del Piano Triennale sul Turismo e lo Sviluppo Sostenibile che vedono la Calabria in coda rispetto alle altre Regioni del Sud e confinanti.<\/p>\n<p class=\"xmprfx_MsoNormal\" style=\"text-align: justify\">La Filcams Cgil Calabria ci ha provato ad indicare alcune soluzioni rispetto al fallimento annunciato del Piano ricevendo solamente un atteggiamento spocchioso e autosufficiente del Presidente e del Consiglio Regionale che non si sono voluti confrontare.<\/p>\n<p class=\"xmprfx_MsoNormal\" style=\"text-align: justify\">La verit\u00e0 \u00e8 che senza un\u2019idea concreta di Sviluppo Sostenibile si buttano soldi in campagne vuote e senza senso o in incentivi a pioggia che ingrassano qualche tasca ma non fanno crescere la Calabria.<\/p>\n<p class=\"xmprfx_MsoNormal\" style=\"text-align: justify\">Quali visioni strategiche sono state sviluppate per permettere innanzitutto ai cittadini calabresi di fruire ed apprezzare le bellezze della propria terra? Davvero si punta solo al turismo di eccellenza?<\/p>\n<p class=\"xmprfx_MsoNormal\" style=\"text-align: justify\">Quali azioni nuove, quale originalit\u00e0, quali elementi strategici al di l\u00e0 degli slogan hanno in mente alla Cittadella per garantire ai giovani la possibilit\u00e0 di rimanere in Calabria e vivere dignitosamente del proprio lavoro anche grazie al Turismo?<\/p>\n<p class=\"xmprfx_MsoNormal\" style=\"text-align: justify\">Attendiamo risposte, sapendo che la nostra mobilitazione sul Turismo cos\u00ec come \u00e8 stato negli anni continua, con l\u2019obiettivo di ribaltare le politiche della Regione ed invertire la continua tendenza negativa che vede la Calabria fanalino di coda del resto d\u2019Italia e d\u2019Europa.<\/p>\n","protected":false},"excerpt":{"rendered":"<p>La Filcams Cgil Calabria ci ha provato ad indicare alcune soluzioni rispetto al fallimento annunciato del Piano ricevendo solamente un atteggiamento spocchioso e autosufficiente del Presidente e del Consiglio Regionale&hellip;<\/p>\n","protected":false},"author":12,"featured_media":44285,"comment_status":"closed","ping_status":"open","sticky":false,"template":"","format":"standard","meta":{"_jetpack_memberships_contains_paid_content":false,"footnotes":"","jetpack_publicize_message":"","jetpack_publicize_feature_enabled":true,"jetpack_social_post_already_shared":false,"jetpack_social_options":{"image_generator_settings":{"template":"highway","default_image_id":0,"font":"","enabled":false},"version":2}},"categories":[142,921,196],"tags":[27317,3880,2429,27316],"class_list":["post-44284","post","type-post","status-publish","format-standard","has-post-thumbnail","hentry","category-calabria","category-home","category-news","tag-fallimento-piano","tag-filcams-cgil-calabria","tag-giuseppe-valentino","tag-piano-triennale-sul-turismo"],"yoast_head":"<!-- This site is optimized with the Yoast SEO plugin v27.2 - https:\/\/yoast.com\/product\/yoast-seo-wordpress\/ -->\n<title>Filcams Cgil Calabria: &quot;Prevedibile il fallimento del Piano Turismo&quot;<\/title>\n<meta name=\"description\" content=\"Il Segretario di Filcams Cgil Calabria, Valentino: attacca il Governo regionale sul piano, lamentando il mancato ascolto su proposte\" \/>\n<meta name=\"robots\" content=\"index, follow, max-snippet:-1, max-image-preview:large, max-video-preview:-1\" \/>\n<link rel=\"canonical\" href=\"https:\/\/progettotouring.it\/radiotouring104\/2024\/02\/08\/filcams-cgil-calabria-attacca-prevedibile-il-fallimento-del-piano-turismo\/\" \/>\n<meta property=\"og:locale\" content=\"it_IT\" \/>\n<meta property=\"og:type\" content=\"article\" \/>\n<meta property=\"og:title\" content=\"Filcams Cgil Calabria: &quot;Prevedibile il fallimento del Piano Turismo&quot;\" \/>\n<meta property=\"og:description\" content=\"Il Segretario di Filcams Cgil Calabria, Valentino: attacca il Governo regionale sul piano, lamentando il mancato ascolto su proposte\" \/>\n<meta property=\"og:url\" content=\"https:\/\/progettotouring.it\/radiotouring104\/2024\/02\/08\/filcams-cgil-calabria-attacca-prevedibile-il-fallimento-del-piano-turismo\/\" \/>\n<meta property=\"og:site_name\" content=\"Radio Touring 104\" \/>\n<meta property=\"article:published_time\" content=\"2024-02-08T12:04:19+00:00\" \/>\n<meta property=\"og:image\" content=\"https:\/\/progettotouring.it\/radiotouring104\/wp-content\/uploads\/sites\/6\/2024\/02\/Giuseppe-Valentino-Segretario-Generale-Filcmas-Cgil-Calabria.jpeg\" \/>\n\t<meta property=\"og:image:width\" content=\"1600\" \/>\n\t<meta property=\"og:image:height\" content=\"1284\" \/>\n\t<meta property=\"og:image:type\" content=\"image\/jpeg\" \/>\n<meta name=\"author\" content=\"Sebastiano Plutino\" \/>\n<meta name=\"twitter:card\" content=\"summary_large_image\" \/>\n<meta name=\"twitter:label1\" content=\"Scritto da\" \/>\n\t<meta name=\"twitter:data1\" content=\"Sebastiano Plutino\" \/>\n\t<meta name=\"twitter:label2\" content=\"Tempo di lettura stimato\" \/>\n\t<meta name=\"twitter:data2\" content=\"1 minuto\" \/>\n<script type=\"application\/ld+json\" class=\"yoast-schema-graph\">{\"@context\":\"https:\/\/schema.org\",\"@graph\":[{\"@type\":\"Article\",\"@id\":\"https:\/\/progettotouring.it\/radiotouring104\/2024\/02\/08\/filcams-cgil-calabria-attacca-prevedibile-il-fallimento-del-piano-turismo\/#article\",\"isPartOf\":{\"@id\":\"https:\/\/progettotouring.it\/radiotouring104\/2024\/02\/08\/filcams-cgil-calabria-attacca-prevedibile-il-fallimento-del-piano-turismo\/\"},\"author\":{\"name\":\"Sebastiano Plutino\",\"@id\":\"https:\/\/progettotouring.it\/radiotouring104\/#\/schema\/person\/78613917f1851f041f7483f5af1d422e\"},\"headline\":\"Filcams Cgil Calabria attacca: &#8220;Prevedibile il fallimento del Piano Turismo&#8221;\",\"datePublished\":\"2024-02-08T12:04:19+00:00\",\"mainEntityOfPage\":{\"@id\":\"https:\/\/progettotouring.it\/radiotouring104\/2024\/02\/08\/filcams-cgil-calabria-attacca-prevedibile-il-fallimento-del-piano-turismo\/\"},\"wordCount\":261,\"publisher\":{\"@id\":\"https:\/\/progettotouring.it\/radiotouring104\/#organization\"},\"image\":{\"@id\":\"https:\/\/progettotouring.it\/radiotouring104\/2024\/02\/08\/filcams-cgil-calabria-attacca-prevedibile-il-fallimento-del-piano-turismo\/#primaryimage\"},\"thumbnailUrl\":\"https:\/\/progettotouring.it\/radiotouring104\/wp-content\/uploads\/sites\/6\/2024\/02\/Giuseppe-Valentino-Segretario-Generale-Filcmas-Cgil-Calabria.jpeg\",\"keywords\":[\"fallimento piano\",\"Filcams Cgil Calabria\",\"giuseppe valentino\",\"Piano Triennale sul Turismo\"],\"articleSection\":[\"Calabria\",\"Home\",\"News\"],\"inLanguage\":\"it-IT\"},{\"@type\":\"WebPage\",\"@id\":\"https:\/\/progettotouring.it\/radiotouring104\/2024\/02\/08\/filcams-cgil-calabria-attacca-prevedibile-il-fallimento-del-piano-turismo\/\",\"url\":\"https:\/\/progettotouring.it\/radiotouring104\/2024\/02\/08\/filcams-cgil-calabria-attacca-prevedibile-il-fallimento-del-piano-turismo\/\",\"name\":\"Filcams Cgil Calabria: \\\"Prevedibile il fallimento del Piano Turismo\\\"\",\"isPartOf\":{\"@id\":\"https:\/\/progettotouring.it\/radiotouring104\/#website\"},\"primaryImageOfPage\":{\"@id\":\"https:\/\/progettotouring.it\/radiotouring104\/2024\/02\/08\/filcams-cgil-calabria-attacca-prevedibile-il-fallimento-del-piano-turismo\/#primaryimage\"},\"image\":{\"@id\":\"https:\/\/progettotouring.it\/radiotouring104\/2024\/02\/08\/filcams-cgil-calabria-attacca-prevedibile-il-fallimento-del-piano-turismo\/#primaryimage\"},\"thumbnailUrl\":\"https:\/\/progettotouring.it\/radiotouring104\/wp-content\/uploads\/sites\/6\/2024\/02\/Giuseppe-Valentino-Segretario-Generale-Filcmas-Cgil-Calabria.jpeg\",\"datePublished\":\"2024-02-08T12:04:19+00:00\",\"description\":\"Il Segretario di Filcams Cgil Calabria, Valentino: attacca il Governo regionale sul piano, lamentando il mancato ascolto su proposte\",\"breadcrumb\":{\"@id\":\"https:\/\/progettotouring.it\/radiotouring104\/2024\/02\/08\/filcams-cgil-calabria-attacca-prevedibile-il-fallimento-del-piano-turismo\/#breadcrumb\"},\"inLanguage\":\"it-IT\",\"potentialAction\":[{\"@type\":\"ReadAction\",\"target\":[\"https:\/\/progettotouring.it\/radiotouring104\/2024\/02\/08\/filcams-cgil-calabria-attacca-prevedibile-il-fallimento-del-piano-turismo\/\"]}]},{\"@type\":\"ImageObject\",\"inLanguage\":\"it-IT\",\"@id\":\"https:\/\/progettotouring.it\/radiotouring104\/2024\/02\/08\/filcams-cgil-calabria-attacca-prevedibile-il-fallimento-del-piano-turismo\/#primaryimage\",\"url\":\"https:\/\/progettotouring.it\/radiotouring104\/wp-content\/uploads\/sites\/6\/2024\/02\/Giuseppe-Valentino-Segretario-Generale-Filcmas-Cgil-Calabria.jpeg\",\"contentUrl\":\"https:\/\/progettotouring.it\/radiotouring104\/wp-content\/uploads\/sites\/6\/2024\/02\/Giuseppe-Valentino-Segretario-Generale-Filcmas-Cgil-Calabria.jpeg\",\"width\":1600,\"height\":1284},{\"@type\":\"BreadcrumbList\",\"@id\":\"https:\/\/progettotouring.it\/radiotouring104\/2024\/02\/08\/filcams-cgil-calabria-attacca-prevedibile-il-fallimento-del-piano-turismo\/#breadcrumb\",\"itemListElement\":[{\"@type\":\"ListItem\",\"position\":1,\"name\":\"Home\",\"item\":\"https:\/\/progettotouring.it\/radiotouring104\/\"},{\"@type\":\"ListItem\",\"position\":2,\"name\":\"Filcams Cgil Calabria attacca: &#8220;Prevedibile il fallimento del Piano Turismo&#8221;\"}]},{\"@type\":\"WebSite\",\"@id\":\"https:\/\/progettotouring.it\/radiotouring104\/#website\",\"url\":\"https:\/\/progettotouring.it\/radiotouring104\/\",\"name\":\"Radio Touring 104\",\"description\":\"La prima radio Reggina\",\"publisher\":{\"@id\":\"https:\/\/progettotouring.it\/radiotouring104\/#organization\"},\"potentialAction\":[{\"@type\":\"SearchAction\",\"target\":{\"@type\":\"EntryPoint\",\"urlTemplate\":\"https:\/\/progettotouring.it\/radiotouring104\/?s={search_term_string}\"},\"query-input\":{\"@type\":\"PropertyValueSpecification\",\"valueRequired\":true,\"valueName\":\"search_term_string\"}}],\"inLanguage\":\"it-IT\"},{\"@type\":\"Organization\",\"@id\":\"https:\/\/progettotouring.it\/radiotouring104\/#organization\",\"name\":\"Radio Touring 104\",\"url\":\"https:\/\/progettotouring.it\/radiotouring104\/\",\"logo\":{\"@type\":\"ImageObject\",\"inLanguage\":\"it-IT\",\"@id\":\"https:\/\/progettotouring.it\/radiotouring104\/#\/schema\/logo\/image\/\",\"url\":\"https:\/\/progettotouring.it\/radiotouring104\/wp-content\/uploads\/sites\/6\/2022\/02\/cropped-logo-radio-touring-104.png\",\"contentUrl\":\"https:\/\/progettotouring.it\/radiotouring104\/wp-content\/uploads\/sites\/6\/2022\/02\/cropped-logo-radio-touring-104.png\",\"width\":377,\"height\":182,\"caption\":\"Radio Touring 104\"},\"image\":{\"@id\":\"https:\/\/progettotouring.it\/radiotouring104\/#\/schema\/logo\/image\/\"}},{\"@type\":\"Person\",\"@id\":\"https:\/\/progettotouring.it\/radiotouring104\/#\/schema\/person\/78613917f1851f041f7483f5af1d422e\",\"name\":\"Sebastiano Plutino\",\"image\":{\"@type\":\"ImageObject\",\"inLanguage\":\"it-IT\",\"@id\":\"https:\/\/secure.gravatar.com\/avatar\/0546ffaa9b79224faf9f2a156b67a529ae861d3287c66c1d8ccfdf909bcba78d?s=96&d=mm&r=g\",\"url\":\"https:\/\/secure.gravatar.com\/avatar\/0546ffaa9b79224faf9f2a156b67a529ae861d3287c66c1d8ccfdf909bcba78d?s=96&d=mm&r=g\",\"contentUrl\":\"https:\/\/secure.gravatar.com\/avatar\/0546ffaa9b79224faf9f2a156b67a529ae861d3287c66c1d8ccfdf909bcba78d?s=96&d=mm&r=g\",\"caption\":\"Sebastiano Plutino\"},\"url\":\"https:\/\/progettotouring.it\/radiotouring104\/author\/sebastiano\/\"}]}<\/script>\n<!-- \/ Yoast SEO plugin. -->","yoast_head_json":{"title":"Filcams Cgil Calabria: \"Prevedibile il fallimento del Piano Turismo\"","description":"Il Segretario di Filcams Cgil Calabria, Valentino: attacca il Governo regionale sul piano, lamentando il mancato ascolto su proposte","robots":{"index":"index","follow":"follow","max-snippet":"max-snippet:-1","max-image-preview":"max-image-preview:large","max-video-preview":"max-video-preview:-1"},"canonical":"https:\/\/progettotouring.it\/radiotouring104\/2024\/02\/08\/filcams-cgil-calabria-attacca-prevedibile-il-fallimento-del-piano-turismo\/","og_locale":"it_IT","og_type":"article","og_title":"Filcams Cgil Calabria: \"Prevedibile il fallimento del Piano Turismo\"","og_description":"Il Segretario di Filcams Cgil Calabria, Valentino: attacca il Governo regionale sul piano, lamentando il mancato ascolto su proposte","og_url":"https:\/\/progettotouring.it\/radiotouring104\/2024\/02\/08\/filcams-cgil-calabria-attacca-prevedibile-il-fallimento-del-piano-turismo\/","og_site_name":"Radio Touring 104","article_published_time":"2024-02-08T12:04:19+00:00","og_image":[{"width":1600,"height":1284,"url":"https:\/\/progettotouring.it\/radiotouring104\/wp-content\/uploads\/sites\/6\/2024\/02\/Giuseppe-Valentino-Segretario-Generale-Filcmas-Cgil-Calabria.jpeg","type":"image\/jpeg"}],"author":"Sebastiano Plutino","twitter_card":"summary_large_image","twitter_misc":{"Scritto da":"Sebastiano Plutino","Tempo di lettura stimato":"1 minuto"},"schema":{"@context":"https:\/\/schema.org","@graph":[{"@type":"Article","@id":"https:\/\/progettotouring.it\/radiotouring104\/2024\/02\/08\/filcams-cgil-calabria-attacca-prevedibile-il-fallimento-del-piano-turismo\/#article","isPartOf":{"@id":"https:\/\/progettotouring.it\/radiotouring104\/2024\/02\/08\/filcams-cgil-calabria-attacca-prevedibile-il-fallimento-del-piano-turismo\/"},"author":{"name":"Sebastiano Plutino","@id":"https:\/\/progettotouring.it\/radiotouring104\/#\/schema\/person\/78613917f1851f041f7483f5af1d422e"},"headline":"Filcams Cgil Calabria attacca: &#8220;Prevedibile il fallimento del Piano Turismo&#8221;","datePublished":"2024-02-08T12:04:19+00:00","mainEntityOfPage":{"@id":"https:\/\/progettotouring.it\/radiotouring104\/2024\/02\/08\/filcams-cgil-calabria-attacca-prevedibile-il-fallimento-del-piano-turismo\/"},"wordCount":261,"publisher":{"@id":"https:\/\/progettotouring.it\/radiotouring104\/#organization"},"image":{"@id":"https:\/\/progettotouring.it\/radiotouring104\/2024\/02\/08\/filcams-cgil-calabria-attacca-prevedibile-il-fallimento-del-piano-turismo\/#primaryimage"},"thumbnailUrl":"https:\/\/progettotouring.it\/radiotouring104\/wp-content\/uploads\/sites\/6\/2024\/02\/Giuseppe-Valentino-Segretario-Generale-Filcmas-Cgil-Calabria.jpeg","keywords":["fallimento piano","Filcams Cgil Calabria","giuseppe valentino","Piano Triennale sul Turismo"],"articleSection":["Calabria","Home","News"],"inLanguage":"it-IT"},{"@type":"WebPage","@id":"https:\/\/progettotouring.it\/radiotouring104\/2024\/02\/08\/filcams-cgil-calabria-attacca-prevedibile-il-fallimento-del-piano-turismo\/","url":"https:\/\/progettotouring.it\/radiotouring104\/2024\/02\/08\/filcams-cgil-calabria-attacca-prevedibile-il-fallimento-del-piano-turismo\/","name":"Filcams Cgil Calabria: \"Prevedibile il fallimento del Piano Turismo\"","isPartOf":{"@id":"https:\/\/progettotouring.it\/radiotouring104\/#website"},"primaryImageOfPage":{"@id":"https:\/\/progettotouring.it\/radiotouring104\/2024\/02\/08\/filcams-cgil-calabria-attacca-prevedibile-il-fallimento-del-piano-turismo\/#primaryimage"},"image":{"@id":"https:\/\/progettotouring.it\/radiotouring104\/2024\/02\/08\/filcams-cgil-calabria-attacca-prevedibile-il-fallimento-del-piano-turismo\/#primaryimage"},"thumbnailUrl":"https:\/\/progettotouring.it\/radiotouring104\/wp-content\/uploads\/sites\/6\/2024\/02\/Giuseppe-Valentino-Segretario-Generale-Filcmas-Cgil-Calabria.jpeg","datePublished":"2024-02-08T12:04:19+00:00","description":"Il Segretario di Filcams Cgil Calabria, Valentino: attacca il Governo regionale sul piano, lamentando il mancato ascolto su proposte","breadcrumb":{"@id":"https:\/\/progettotouring.it\/radiotouring104\/2024\/02\/08\/filcams-cgil-calabria-attacca-prevedibile-il-fallimento-del-piano-turismo\/#breadcrumb"},"inLanguage":"it-IT","potentialAction":[{"@type":"ReadAction","target":["https:\/\/progettotouring.it\/radiotouring104\/2024\/02\/08\/filcams-cgil-calabria-attacca-prevedibile-il-fallimento-del-piano-turismo\/"]}]},{"@type":"ImageObject","inLanguage":"it-IT","@id":"https:\/\/progettotouring.it\/radiotouring104\/2024\/02\/08\/filcams-cgil-calabria-attacca-prevedibile-il-fallimento-del-piano-turismo\/#primaryimage","url":"https:\/\/progettotouring.it\/radiotouring104\/wp-content\/uploads\/sites\/6\/2024\/02\/Giuseppe-Valentino-Segretario-Generale-Filcmas-Cgil-Calabria.jpeg","contentUrl":"https:\/\/progettotouring.it\/radiotouring104\/wp-content\/uploads\/sites\/6\/2024\/02\/Giuseppe-Valentino-Segretario-Generale-Filcmas-Cgil-Calabria.jpeg","width":1600,"height":1284},{"@type":"BreadcrumbList","@id":"https:\/\/progettotouring.it\/radiotouring104\/2024\/02\/08\/filcams-cgil-calabria-attacca-prevedibile-il-fallimento-del-piano-turismo\/#breadcrumb","itemListElement":[{"@type":"ListItem","position":1,"name":"Home","item":"https:\/\/progettotouring.it\/radiotouring104\/"},{"@type":"ListItem","position":2,"name":"Filcams Cgil Calabria attacca: &#8220;Prevedibile il fallimento del Piano Turismo&#8221;"}]},{"@type":"WebSite","@id":"https:\/\/progettotouring.it\/radiotouring104\/#website","url":"https:\/\/progettotouring.it\/radiotouring104\/","name":"Radio Touring 104","description":"La prima radio Reggina","publisher":{"@id":"https:\/\/progettotouring.it\/radiotouring104\/#organization"},"potentialAction":[{"@type":"SearchAction","target":{"@type":"EntryPoint","urlTemplate":"https:\/\/progettotouring.it\/radiotouring104\/?s={search_term_string}"},"query-input":{"@type":"PropertyValueSpecification","valueRequired":true,"valueName":"search_term_string"}}],"inLanguage":"it-IT"},{"@type":"Organization","@id":"https:\/\/progettotouring.it\/radiotouring104\/#organization","name":"Radio Touring 104","url":"https:\/\/progettotouring.it\/radiotouring104\/","logo":{"@type":"ImageObject","inLanguage":"it-IT","@id":"https:\/\/progettotouring.it\/radiotouring104\/#\/schema\/logo\/image\/","url":"https:\/\/progettotouring.it\/radiotouring104\/wp-content\/uploads\/sites\/6\/2022\/02\/cropped-logo-radio-touring-104.png","contentUrl":"https:\/\/progettotouring.it\/radiotouring104\/wp-content\/uploads\/sites\/6\/2022\/02\/cropped-logo-radio-touring-104.png","width":377,"height":182,"caption":"Radio Touring 104"},"image":{"@id":"https:\/\/progettotouring.it\/radiotouring104\/#\/schema\/logo\/image\/"}},{"@type":"Person","@id":"https:\/\/progettotouring.it\/radiotouring104\/#\/schema\/person\/78613917f1851f041f7483f5af1d422e","name":"Sebastiano Plutino","image":{"@type":"ImageObject","inLanguage":"it-IT","@id":"https:\/\/secure.gravatar.com\/avatar\/0546ffaa9b79224faf9f2a156b67a529ae861d3287c66c1d8ccfdf909bcba78d?s=96&d=mm&r=g","url":"https:\/\/secure.gravatar.com\/avatar\/0546ffaa9b79224faf9f2a156b67a529ae861d3287c66c1d8ccfdf909bcba78d?s=96&d=mm&r=g","contentUrl":"https:\/\/secure.gravatar.com\/avatar\/0546ffaa9b79224faf9f2a156b67a529ae861d3287c66c1d8ccfdf909bcba78d?s=96&d=mm&r=g","caption":"Sebastiano Plutino"},"url":"https:\/\/progettotouring.it\/radiotouring104\/author\/sebastiano\/"}]}},"jetpack_publicize_connections":[],"jetpack_featured_media_url":"https:\/\/progettotouring.it\/radiotouring104\/wp-content\/uploads\/sites\/6\/2024\/02\/Giuseppe-Valentino-Segretario-Generale-Filcmas-Cgil-Calabria.jpeg","jetpack_sharing_enabled":true,"_links":{"self":[{"href":"https:\/\/progettotouring.it\/radiotouring104\/wp-json\/wp\/v2\/posts\/44284","targetHints":{"allow":["GET"]}}],"collection":[{"href":"https:\/\/progettotouring.it\/radiotouring104\/wp-json\/wp\/v2\/posts"}],"about":[{"href":"https:\/\/progettotouring.it\/radiotouring104\/wp-json\/wp\/v2\/types\/post"}],"author":[{"embeddable":true,"href":"https:\/\/progettotouring.it\/radiotouring104\/wp-json\/wp\/v2\/users\/12"}],"replies":[{"embeddable":true,"href":"https:\/\/progettotouring.it\/radiotouring104\/wp-json\/wp\/v2\/comments?post=44284"}],"version-history":[{"count":1,"href":"https:\/\/progettotouring.it\/radiotouring104\/wp-json\/wp\/v2\/posts\/44284\/revisions"}],"predecessor-version":[{"id":44289,"href":"https:\/\/progettotouring.it\/radiotouring104\/wp-json\/wp\/v2\/posts\/44284\/revisions\/44289"}],"wp:featuredmedia":[{"embeddable":true,"href":"https:\/\/progettotouring.it\/radiotouring104\/wp-json\/wp\/v2\/media\/44285"}],"wp:attachment":[{"href":"https:\/\/progettotouring.it\/radiotouring104\/wp-json\/wp\/v2\/media?parent=44284"}],"wp:term":[{"taxonomy":"category","embeddable":true,"href":"https:\/\/progettotouring.it\/radiotouring104\/wp-json\/wp\/v2\/categories?post=44284"},{"taxonomy":"post_tag","embeddable":true,"href":"https:\/\/progettotouring.it\/radiotouring104\/wp-json\/wp\/v2\/tags?post=44284"}],"curies":[{"name":"wp","href":"https:\/\/api.w.org\/{rel}","templated":true}]}}