{"id":44313,"date":"2024-02-09T11:15:25","date_gmt":"2024-02-09T10:15:25","guid":{"rendered":"https:\/\/progettotouring.it\/radiotouring104\/?p=44313"},"modified":"2024-02-09T13:07:33","modified_gmt":"2024-02-09T12:07:33","slug":"rosarno-comune-accoglie-migranti-e-chiede-aiuto-alle-istituzioni","status":"publish","type":"post","link":"https:\/\/progettotouring.it\/radiotouring104\/2024\/02\/09\/rosarno-comune-accoglie-migranti-e-chiede-aiuto-alle-istituzioni\/","title":{"rendered":"Rosarno: Comune accoglie migranti e chiede aiuto alle Istituzioni"},"content":{"rendered":"<p><strong>Il comune di Rosarno, come quasi tutti i comuni della piana, rilascia le carte d\u2019identit\u00e0:<\/strong><\/p>\n<p>-decennali a coloro che possiedono permesso di soggiorno regolare con dicitura \u201cLavoro subordinato\u201d o \u201cRicongiungimento familiare\u201d;<\/p>\n<p>-Triennali e cartacee a coloro che hanno il permesso di soggiorno con la dicitura \u201cRichiesta asilo\u201d o \u201cRichiesta protezione internazionale\u201d;<\/p>\n<p><strong>in sostanza, si limita ad applicare la legge<\/strong> (DL 130\/2020), <strong>riguardante i richiedenti di protezione internazionale e i soggetti richiedenti asilo e protezione sussidiaria.<\/strong><\/p>\n<p>Per quanta riguarda il villaggio della solidariet\u00e0 possiamo dire che \u00e8 pronto e che vi \u00e8 un forte interesse da parte di questa amministrazione per l\u2019accoglienza dei nostri amici migranti.<\/p>\n<p><strong>Siamo per\u00f2 a corto di risorse economiche necessarie per la gestione<\/strong>, <strong>abbiamo infatti inviato una richiesta di aiuto al prefetto,<\/strong> che si \u00e8 dimostrato sensibile al problema<strong>, tanto che ci ha convocati per luned\u00ec prossimo,<\/strong> per cui siamo fiduciosi in una risposta positiva.<\/p>\n<p>Ci siamo anche attivati per il ripristino degli alloggi di c.da Serricella che al momento del nostro insediamento abbiamo trovati vandalizzati.<\/p>\n<p>Si rammenta, inoltre, come il comune di Rosarno, sia uno dei pochi comuni del comprensorio, ad avere istituito il registro dei \u201c<em>senza fissa dimora\u201d <\/em>creando una via convenzionale dove iscrivere gli aventi diritto, a dimostrazione dello spirito di accoglienza di tutti i rosarnesi.<\/p>\n<p>Ovviamente il ricorso a tale forma di iscrizione anagrafica, non pu\u00f2 rappresentare la regola, ma costituisce l\u2019eccezione.<\/p>\n<p>Va sottolineato, inoltre, la grande disponibilit\u00e0 degli uffici demografico che quotidianamente si prodigano a risolvere i vari problemi degli immigrati (codici fiscali errati, nomi sbagliati, ecc.).<\/p>\n","protected":false},"excerpt":{"rendered":"<p>Il comune di Rosarno, come quasi tutti i comuni della piana, rilascia le carte d\u2019identit\u00e0: -decennali a coloro che possiedono permesso di soggiorno regolare con dicitura \u201cLavoro subordinato\u201d o \u201cRicongiungimento&hellip;<\/p>\n","protected":false},"author":12,"featured_media":7722,"comment_status":"closed","ping_status":"open","sticky":false,"template":"","format":"standard","meta":{"_jetpack_memberships_contains_paid_content":false,"footnotes":"","jetpack_publicize_message":"","jetpack_publicize_feature_enabled":true,"jetpack_social_post_already_shared":false,"jetpack_social_options":{"image_generator_settings":{"template":"highway","default_image_id":0,"font":"","enabled":false},"version":2}},"categories":[921,150,196,140],"tags":[24887,7328,24957,24353,27342],"class_list":["post-44313","post","type-post","status-publish","format-standard","has-post-thumbnail","hentry","category-home","category-in-primo-piano","category-news","category-reggio-calabria","tag-accoglienza-migranti","tag-comune-di-rosarno","tag-dott-ssa-clara-vaccaro","tag-pasquale-cutri","tag-richiesta-aiuto-economico-alle-istituzioni"],"yoast_head":"<!-- This site is optimized with the Yoast SEO plugin v27.2 - https:\/\/yoast.com\/product\/yoast-seo-wordpress\/ -->\n<title>Rosarno accoglie i migranti e chiede aiuto alle istituzioni<\/title>\n<meta name=\"description\" content=\"Appello del Sindaco Cutr\u00ec ad Istituzioni: &quot;Siamo a corto di risorse necessarie per la gestione&quot;, Luned\u00ec incontro con la Prefetta Vaccaro\" \/>\n<meta name=\"robots\" content=\"index, follow, max-snippet:-1, max-image-preview:large, max-video-preview:-1\" \/>\n<link rel=\"canonical\" href=\"https:\/\/progettotouring.it\/radiotouring104\/2024\/02\/09\/rosarno-comune-accoglie-migranti-e-chiede-aiuto-alle-istituzioni\/\" \/>\n<meta property=\"og:locale\" content=\"it_IT\" \/>\n<meta property=\"og:type\" content=\"article\" \/>\n<meta property=\"og:title\" content=\"Rosarno accoglie i migranti e chiede aiuto alle istituzioni\" \/>\n<meta property=\"og:description\" content=\"Appello del Sindaco Cutr\u00ec ad Istituzioni: &quot;Siamo a corto di risorse necessarie per la gestione&quot;, Luned\u00ec incontro con la Prefetta Vaccaro\" \/>\n<meta property=\"og:url\" content=\"https:\/\/progettotouring.it\/radiotouring104\/2024\/02\/09\/rosarno-comune-accoglie-migranti-e-chiede-aiuto-alle-istituzioni\/\" \/>\n<meta property=\"og:site_name\" content=\"Radio Touring 104\" \/>\n<meta property=\"article:published_time\" content=\"2024-02-09T10:15:25+00:00\" \/>\n<meta property=\"article:modified_time\" content=\"2024-02-09T12:07:33+00:00\" \/>\n<meta property=\"og:image\" content=\"https:\/\/progettotouring.it\/radiotouring104\/wp-content\/uploads\/sites\/6\/2022\/07\/rosarno-comune.jpg\" \/>\n\t<meta property=\"og:image:width\" content=\"743\" \/>\n\t<meta property=\"og:image:height\" content=\"388\" \/>\n\t<meta property=\"og:image:type\" content=\"image\/jpeg\" \/>\n<meta name=\"author\" content=\"Sebastiano Plutino\" \/>\n<meta name=\"twitter:card\" content=\"summary_large_image\" \/>\n<meta name=\"twitter:label1\" content=\"Scritto da\" \/>\n\t<meta name=\"twitter:data1\" content=\"Sebastiano Plutino\" \/>\n\t<meta name=\"twitter:label2\" content=\"Tempo di lettura stimato\" \/>\n\t<meta name=\"twitter:data2\" content=\"1 minuto\" \/>\n<script type=\"application\/ld+json\" class=\"yoast-schema-graph\">{\"@context\":\"https:\/\/schema.org\",\"@graph\":[{\"@type\":\"Article\",\"@id\":\"https:\/\/progettotouring.it\/radiotouring104\/2024\/02\/09\/rosarno-comune-accoglie-migranti-e-chiede-aiuto-alle-istituzioni\/#article\",\"isPartOf\":{\"@id\":\"https:\/\/progettotouring.it\/radiotouring104\/2024\/02\/09\/rosarno-comune-accoglie-migranti-e-chiede-aiuto-alle-istituzioni\/\"},\"author\":{\"name\":\"Sebastiano Plutino\",\"@id\":\"https:\/\/progettotouring.it\/radiotouring104\/#\/schema\/person\/78613917f1851f041f7483f5af1d422e\"},\"headline\":\"Rosarno: Comune accoglie migranti e chiede aiuto alle Istituzioni\",\"datePublished\":\"2024-02-09T10:15:25+00:00\",\"dateModified\":\"2024-02-09T12:07:33+00:00\",\"mainEntityOfPage\":{\"@id\":\"https:\/\/progettotouring.it\/radiotouring104\/2024\/02\/09\/rosarno-comune-accoglie-migranti-e-chiede-aiuto-alle-istituzioni\/\"},\"wordCount\":264,\"publisher\":{\"@id\":\"https:\/\/progettotouring.it\/radiotouring104\/#organization\"},\"image\":{\"@id\":\"https:\/\/progettotouring.it\/radiotouring104\/2024\/02\/09\/rosarno-comune-accoglie-migranti-e-chiede-aiuto-alle-istituzioni\/#primaryimage\"},\"thumbnailUrl\":\"https:\/\/progettotouring.it\/radiotouring104\/wp-content\/uploads\/sites\/6\/2022\/07\/rosarno-comune.jpg\",\"keywords\":[\"accoglienza migranti\",\"Comune di Rosarno\",\"Dott.ssa Clara Vaccaro\",\"Pasquale Cutr\u00ec\",\"richiesta aiuto economico alle istituzioni\"],\"articleSection\":[\"Home\",\"In primo piano\",\"News\",\"Reggio Calabria\"],\"inLanguage\":\"it-IT\"},{\"@type\":\"WebPage\",\"@id\":\"https:\/\/progettotouring.it\/radiotouring104\/2024\/02\/09\/rosarno-comune-accoglie-migranti-e-chiede-aiuto-alle-istituzioni\/\",\"url\":\"https:\/\/progettotouring.it\/radiotouring104\/2024\/02\/09\/rosarno-comune-accoglie-migranti-e-chiede-aiuto-alle-istituzioni\/\",\"name\":\"Rosarno accoglie i migranti e chiede aiuto alle istituzioni\",\"isPartOf\":{\"@id\":\"https:\/\/progettotouring.it\/radiotouring104\/#website\"},\"primaryImageOfPage\":{\"@id\":\"https:\/\/progettotouring.it\/radiotouring104\/2024\/02\/09\/rosarno-comune-accoglie-migranti-e-chiede-aiuto-alle-istituzioni\/#primaryimage\"},\"image\":{\"@id\":\"https:\/\/progettotouring.it\/radiotouring104\/2024\/02\/09\/rosarno-comune-accoglie-migranti-e-chiede-aiuto-alle-istituzioni\/#primaryimage\"},\"thumbnailUrl\":\"https:\/\/progettotouring.it\/radiotouring104\/wp-content\/uploads\/sites\/6\/2022\/07\/rosarno-comune.jpg\",\"datePublished\":\"2024-02-09T10:15:25+00:00\",\"dateModified\":\"2024-02-09T12:07:33+00:00\",\"description\":\"Appello del Sindaco Cutr\u00ec ad Istituzioni: \\\"Siamo a corto di risorse necessarie per la gestione\\\", Luned\u00ec incontro con la Prefetta Vaccaro\",\"breadcrumb\":{\"@id\":\"https:\/\/progettotouring.it\/radiotouring104\/2024\/02\/09\/rosarno-comune-accoglie-migranti-e-chiede-aiuto-alle-istituzioni\/#breadcrumb\"},\"inLanguage\":\"it-IT\",\"potentialAction\":[{\"@type\":\"ReadAction\",\"target\":[\"https:\/\/progettotouring.it\/radiotouring104\/2024\/02\/09\/rosarno-comune-accoglie-migranti-e-chiede-aiuto-alle-istituzioni\/\"]}]},{\"@type\":\"ImageObject\",\"inLanguage\":\"it-IT\",\"@id\":\"https:\/\/progettotouring.it\/radiotouring104\/2024\/02\/09\/rosarno-comune-accoglie-migranti-e-chiede-aiuto-alle-istituzioni\/#primaryimage\",\"url\":\"https:\/\/progettotouring.it\/radiotouring104\/wp-content\/uploads\/sites\/6\/2022\/07\/rosarno-comune.jpg\",\"contentUrl\":\"https:\/\/progettotouring.it\/radiotouring104\/wp-content\/uploads\/sites\/6\/2022\/07\/rosarno-comune.jpg\",\"width\":743,\"height\":388},{\"@type\":\"BreadcrumbList\",\"@id\":\"https:\/\/progettotouring.it\/radiotouring104\/2024\/02\/09\/rosarno-comune-accoglie-migranti-e-chiede-aiuto-alle-istituzioni\/#breadcrumb\",\"itemListElement\":[{\"@type\":\"ListItem\",\"position\":1,\"name\":\"Home\",\"item\":\"https:\/\/progettotouring.it\/radiotouring104\/\"},{\"@type\":\"ListItem\",\"position\":2,\"name\":\"Rosarno: Comune accoglie migranti e chiede aiuto alle Istituzioni\"}]},{\"@type\":\"WebSite\",\"@id\":\"https:\/\/progettotouring.it\/radiotouring104\/#website\",\"url\":\"https:\/\/progettotouring.it\/radiotouring104\/\",\"name\":\"Radio Touring 104\",\"description\":\"La prima radio Reggina\",\"publisher\":{\"@id\":\"https:\/\/progettotouring.it\/radiotouring104\/#organization\"},\"potentialAction\":[{\"@type\":\"SearchAction\",\"target\":{\"@type\":\"EntryPoint\",\"urlTemplate\":\"https:\/\/progettotouring.it\/radiotouring104\/?s={search_term_string}\"},\"query-input\":{\"@type\":\"PropertyValueSpecification\",\"valueRequired\":true,\"valueName\":\"search_term_string\"}}],\"inLanguage\":\"it-IT\"},{\"@type\":\"Organization\",\"@id\":\"https:\/\/progettotouring.it\/radiotouring104\/#organization\",\"name\":\"Radio Touring 104\",\"url\":\"https:\/\/progettotouring.it\/radiotouring104\/\",\"logo\":{\"@type\":\"ImageObject\",\"inLanguage\":\"it-IT\",\"@id\":\"https:\/\/progettotouring.it\/radiotouring104\/#\/schema\/logo\/image\/\",\"url\":\"https:\/\/progettotouring.it\/radiotouring104\/wp-content\/uploads\/sites\/6\/2022\/02\/cropped-logo-radio-touring-104.png\",\"contentUrl\":\"https:\/\/progettotouring.it\/radiotouring104\/wp-content\/uploads\/sites\/6\/2022\/02\/cropped-logo-radio-touring-104.png\",\"width\":377,\"height\":182,\"caption\":\"Radio Touring 104\"},\"image\":{\"@id\":\"https:\/\/progettotouring.it\/radiotouring104\/#\/schema\/logo\/image\/\"}},{\"@type\":\"Person\",\"@id\":\"https:\/\/progettotouring.it\/radiotouring104\/#\/schema\/person\/78613917f1851f041f7483f5af1d422e\",\"name\":\"Sebastiano Plutino\",\"image\":{\"@type\":\"ImageObject\",\"inLanguage\":\"it-IT\",\"@id\":\"https:\/\/secure.gravatar.com\/avatar\/0546ffaa9b79224faf9f2a156b67a529ae861d3287c66c1d8ccfdf909bcba78d?s=96&d=mm&r=g\",\"url\":\"https:\/\/secure.gravatar.com\/avatar\/0546ffaa9b79224faf9f2a156b67a529ae861d3287c66c1d8ccfdf909bcba78d?s=96&d=mm&r=g\",\"contentUrl\":\"https:\/\/secure.gravatar.com\/avatar\/0546ffaa9b79224faf9f2a156b67a529ae861d3287c66c1d8ccfdf909bcba78d?s=96&d=mm&r=g\",\"caption\":\"Sebastiano Plutino\"},\"url\":\"https:\/\/progettotouring.it\/radiotouring104\/author\/sebastiano\/\"}]}<\/script>\n<!-- \/ Yoast SEO plugin. -->","yoast_head_json":{"title":"Rosarno accoglie i migranti e chiede aiuto alle istituzioni","description":"Appello del Sindaco Cutr\u00ec ad Istituzioni: \"Siamo a corto di risorse necessarie per la gestione\", Luned\u00ec incontro con la Prefetta Vaccaro","robots":{"index":"index","follow":"follow","max-snippet":"max-snippet:-1","max-image-preview":"max-image-preview:large","max-video-preview":"max-video-preview:-1"},"canonical":"https:\/\/progettotouring.it\/radiotouring104\/2024\/02\/09\/rosarno-comune-accoglie-migranti-e-chiede-aiuto-alle-istituzioni\/","og_locale":"it_IT","og_type":"article","og_title":"Rosarno accoglie i migranti e chiede aiuto alle istituzioni","og_description":"Appello del Sindaco Cutr\u00ec ad Istituzioni: \"Siamo a corto di risorse necessarie per la gestione\", Luned\u00ec incontro con la Prefetta Vaccaro","og_url":"https:\/\/progettotouring.it\/radiotouring104\/2024\/02\/09\/rosarno-comune-accoglie-migranti-e-chiede-aiuto-alle-istituzioni\/","og_site_name":"Radio Touring 104","article_published_time":"2024-02-09T10:15:25+00:00","article_modified_time":"2024-02-09T12:07:33+00:00","og_image":[{"width":743,"height":388,"url":"https:\/\/progettotouring.it\/radiotouring104\/wp-content\/uploads\/sites\/6\/2022\/07\/rosarno-comune.jpg","type":"image\/jpeg"}],"author":"Sebastiano Plutino","twitter_card":"summary_large_image","twitter_misc":{"Scritto da":"Sebastiano Plutino","Tempo di lettura stimato":"1 minuto"},"schema":{"@context":"https:\/\/schema.org","@graph":[{"@type":"Article","@id":"https:\/\/progettotouring.it\/radiotouring104\/2024\/02\/09\/rosarno-comune-accoglie-migranti-e-chiede-aiuto-alle-istituzioni\/#article","isPartOf":{"@id":"https:\/\/progettotouring.it\/radiotouring104\/2024\/02\/09\/rosarno-comune-accoglie-migranti-e-chiede-aiuto-alle-istituzioni\/"},"author":{"name":"Sebastiano Plutino","@id":"https:\/\/progettotouring.it\/radiotouring104\/#\/schema\/person\/78613917f1851f041f7483f5af1d422e"},"headline":"Rosarno: Comune accoglie migranti e chiede aiuto alle Istituzioni","datePublished":"2024-02-09T10:15:25+00:00","dateModified":"2024-02-09T12:07:33+00:00","mainEntityOfPage":{"@id":"https:\/\/progettotouring.it\/radiotouring104\/2024\/02\/09\/rosarno-comune-accoglie-migranti-e-chiede-aiuto-alle-istituzioni\/"},"wordCount":264,"publisher":{"@id":"https:\/\/progettotouring.it\/radiotouring104\/#organization"},"image":{"@id":"https:\/\/progettotouring.it\/radiotouring104\/2024\/02\/09\/rosarno-comune-accoglie-migranti-e-chiede-aiuto-alle-istituzioni\/#primaryimage"},"thumbnailUrl":"https:\/\/progettotouring.it\/radiotouring104\/wp-content\/uploads\/sites\/6\/2022\/07\/rosarno-comune.jpg","keywords":["accoglienza migranti","Comune di Rosarno","Dott.ssa Clara Vaccaro","Pasquale Cutr\u00ec","richiesta aiuto economico alle istituzioni"],"articleSection":["Home","In primo piano","News","Reggio Calabria"],"inLanguage":"it-IT"},{"@type":"WebPage","@id":"https:\/\/progettotouring.it\/radiotouring104\/2024\/02\/09\/rosarno-comune-accoglie-migranti-e-chiede-aiuto-alle-istituzioni\/","url":"https:\/\/progettotouring.it\/radiotouring104\/2024\/02\/09\/rosarno-comune-accoglie-migranti-e-chiede-aiuto-alle-istituzioni\/","name":"Rosarno accoglie i migranti e chiede aiuto alle istituzioni","isPartOf":{"@id":"https:\/\/progettotouring.it\/radiotouring104\/#website"},"primaryImageOfPage":{"@id":"https:\/\/progettotouring.it\/radiotouring104\/2024\/02\/09\/rosarno-comune-accoglie-migranti-e-chiede-aiuto-alle-istituzioni\/#primaryimage"},"image":{"@id":"https:\/\/progettotouring.it\/radiotouring104\/2024\/02\/09\/rosarno-comune-accoglie-migranti-e-chiede-aiuto-alle-istituzioni\/#primaryimage"},"thumbnailUrl":"https:\/\/progettotouring.it\/radiotouring104\/wp-content\/uploads\/sites\/6\/2022\/07\/rosarno-comune.jpg","datePublished":"2024-02-09T10:15:25+00:00","dateModified":"2024-02-09T12:07:33+00:00","description":"Appello del Sindaco Cutr\u00ec ad Istituzioni: \"Siamo a corto di risorse necessarie per la gestione\", Luned\u00ec incontro con la Prefetta Vaccaro","breadcrumb":{"@id":"https:\/\/progettotouring.it\/radiotouring104\/2024\/02\/09\/rosarno-comune-accoglie-migranti-e-chiede-aiuto-alle-istituzioni\/#breadcrumb"},"inLanguage":"it-IT","potentialAction":[{"@type":"ReadAction","target":["https:\/\/progettotouring.it\/radiotouring104\/2024\/02\/09\/rosarno-comune-accoglie-migranti-e-chiede-aiuto-alle-istituzioni\/"]}]},{"@type":"ImageObject","inLanguage":"it-IT","@id":"https:\/\/progettotouring.it\/radiotouring104\/2024\/02\/09\/rosarno-comune-accoglie-migranti-e-chiede-aiuto-alle-istituzioni\/#primaryimage","url":"https:\/\/progettotouring.it\/radiotouring104\/wp-content\/uploads\/sites\/6\/2022\/07\/rosarno-comune.jpg","contentUrl":"https:\/\/progettotouring.it\/radiotouring104\/wp-content\/uploads\/sites\/6\/2022\/07\/rosarno-comune.jpg","width":743,"height":388},{"@type":"BreadcrumbList","@id":"https:\/\/progettotouring.it\/radiotouring104\/2024\/02\/09\/rosarno-comune-accoglie-migranti-e-chiede-aiuto-alle-istituzioni\/#breadcrumb","itemListElement":[{"@type":"ListItem","position":1,"name":"Home","item":"https:\/\/progettotouring.it\/radiotouring104\/"},{"@type":"ListItem","position":2,"name":"Rosarno: Comune accoglie migranti e chiede aiuto alle Istituzioni"}]},{"@type":"WebSite","@id":"https:\/\/progettotouring.it\/radiotouring104\/#website","url":"https:\/\/progettotouring.it\/radiotouring104\/","name":"Radio Touring 104","description":"La prima radio Reggina","publisher":{"@id":"https:\/\/progettotouring.it\/radiotouring104\/#organization"},"potentialAction":[{"@type":"SearchAction","target":{"@type":"EntryPoint","urlTemplate":"https:\/\/progettotouring.it\/radiotouring104\/?s={search_term_string}"},"query-input":{"@type":"PropertyValueSpecification","valueRequired":true,"valueName":"search_term_string"}}],"inLanguage":"it-IT"},{"@type":"Organization","@id":"https:\/\/progettotouring.it\/radiotouring104\/#organization","name":"Radio Touring 104","url":"https:\/\/progettotouring.it\/radiotouring104\/","logo":{"@type":"ImageObject","inLanguage":"it-IT","@id":"https:\/\/progettotouring.it\/radiotouring104\/#\/schema\/logo\/image\/","url":"https:\/\/progettotouring.it\/radiotouring104\/wp-content\/uploads\/sites\/6\/2022\/02\/cropped-logo-radio-touring-104.png","contentUrl":"https:\/\/progettotouring.it\/radiotouring104\/wp-content\/uploads\/sites\/6\/2022\/02\/cropped-logo-radio-touring-104.png","width":377,"height":182,"caption":"Radio Touring 104"},"image":{"@id":"https:\/\/progettotouring.it\/radiotouring104\/#\/schema\/logo\/image\/"}},{"@type":"Person","@id":"https:\/\/progettotouring.it\/radiotouring104\/#\/schema\/person\/78613917f1851f041f7483f5af1d422e","name":"Sebastiano Plutino","image":{"@type":"ImageObject","inLanguage":"it-IT","@id":"https:\/\/secure.gravatar.com\/avatar\/0546ffaa9b79224faf9f2a156b67a529ae861d3287c66c1d8ccfdf909bcba78d?s=96&d=mm&r=g","url":"https:\/\/secure.gravatar.com\/avatar\/0546ffaa9b79224faf9f2a156b67a529ae861d3287c66c1d8ccfdf909bcba78d?s=96&d=mm&r=g","contentUrl":"https:\/\/secure.gravatar.com\/avatar\/0546ffaa9b79224faf9f2a156b67a529ae861d3287c66c1d8ccfdf909bcba78d?s=96&d=mm&r=g","caption":"Sebastiano Plutino"},"url":"https:\/\/progettotouring.it\/radiotouring104\/author\/sebastiano\/"}]}},"jetpack_publicize_connections":[],"jetpack_featured_media_url":"https:\/\/progettotouring.it\/radiotouring104\/wp-content\/uploads\/sites\/6\/2022\/07\/rosarno-comune.jpg","jetpack_sharing_enabled":true,"_links":{"self":[{"href":"https:\/\/progettotouring.it\/radiotouring104\/wp-json\/wp\/v2\/posts\/44313","targetHints":{"allow":["GET"]}}],"collection":[{"href":"https:\/\/progettotouring.it\/radiotouring104\/wp-json\/wp\/v2\/posts"}],"about":[{"href":"https:\/\/progettotouring.it\/radiotouring104\/wp-json\/wp\/v2\/types\/post"}],"author":[{"embeddable":true,"href":"https:\/\/progettotouring.it\/radiotouring104\/wp-json\/wp\/v2\/users\/12"}],"replies":[{"embeddable":true,"href":"https:\/\/progettotouring.it\/radiotouring104\/wp-json\/wp\/v2\/comments?post=44313"}],"version-history":[{"count":1,"href":"https:\/\/progettotouring.it\/radiotouring104\/wp-json\/wp\/v2\/posts\/44313\/revisions"}],"predecessor-version":[{"id":44314,"href":"https:\/\/progettotouring.it\/radiotouring104\/wp-json\/wp\/v2\/posts\/44313\/revisions\/44314"}],"wp:featuredmedia":[{"embeddable":true,"href":"https:\/\/progettotouring.it\/radiotouring104\/wp-json\/wp\/v2\/media\/7722"}],"wp:attachment":[{"href":"https:\/\/progettotouring.it\/radiotouring104\/wp-json\/wp\/v2\/media?parent=44313"}],"wp:term":[{"taxonomy":"category","embeddable":true,"href":"https:\/\/progettotouring.it\/radiotouring104\/wp-json\/wp\/v2\/categories?post=44313"},{"taxonomy":"post_tag","embeddable":true,"href":"https:\/\/progettotouring.it\/radiotouring104\/wp-json\/wp\/v2\/tags?post=44313"}],"curies":[{"name":"wp","href":"https:\/\/api.w.org\/{rel}","templated":true}]}}