{"id":44328,"date":"2024-02-09T12:08:15","date_gmt":"2024-02-09T11:08:15","guid":{"rendered":"https:\/\/progettotouring.it\/radiotouring104\/?p=44328"},"modified":"2024-02-09T12:08:32","modified_gmt":"2024-02-09T11:08:32","slug":"alternativa-popolare-il-consigliere-massimo-ripepi-nominato-coordinatore-regionale","status":"publish","type":"post","link":"https:\/\/progettotouring.it\/radiotouring104\/2024\/02\/09\/alternativa-popolare-il-consigliere-massimo-ripepi-nominato-coordinatore-regionale\/","title":{"rendered":"Alternativa Popolare: il Consigliere Massimo Ripepi nominato coordinatore regionale"},"content":{"rendered":"<p class=\"xmprfx_MsoNormal\" style=\"text-align: justify\">Importantissima nomina per il Consigliere Comunale e Presidente della Commissione Controllo e Garanzia del Comune di Reggio Calabria <strong>Massimo Ripepi, prescelto alla guida regionale del partito di Stefano Bandecchi Alternativa Popolare.<\/strong><\/p>\n<p class=\"xmprfx_MsoNormal\" style=\"text-align: justify\">Il desiderio di radicarsi sul territorio calabrese attraverso una politica che riporti il cittadino al centro della scena, rivendicando in toto i valori fondanti del Partito Popolare e dell\u2019appello ai \u201cliberi e forti\u201d di don Luigi Sturzo, che con il suo storico manifesto invoco\u2019 la partecipazione popolare e la trasposizione in politica dei valori sociali ed etici del cristianesimo.<\/p>\n<p class=\"xmprfx_MsoNormal\" style=\"text-align: justify\">La comunanza d\u2019intenti fra il movimento politico guidato da Massimo Ripepi e quello coordinato da Stefano Bandecchi, si sostanzia una volta di pi\u00f9 nel conferimento della guida calabrese del Partito \u201cAlternativa Popolare\u201d al futuro candidato a sindaco di Reggio Calabria, reduce da un evento partecipatissimo al Teatro Cilea dello scorso 20 gennaio, che certamente rester\u00e0 nella storia della Citt\u00e0 dello Stretto.<\/p>\n<p class=\"xmprfx_MsoNormal\" style=\"text-align: justify\"><strong>Le parole di Massimo Ripepi:<\/strong>\u00a0<i>\u201cLusingato di ricevere questa nomina dal Coordinatore Nazionale Stefano Bandecchi e dal Presidente Paolo Alli che ringrazio per questo ulteriore attestato di fiducia nei miei confronti. Il grande successo del Congresso nazionale di Terni e la ventata di freschezza, genuinit\u00e0, energia, che ha portato Bandecchi, personaggio straordinario per intensit\u00e0 mentale, concretezza, veracit\u00e0 e lotta agli schemi farisaici della politica moderna, mi animer\u00e0 in questo mio impegno per Alternativa Popolare sul territorio calabrese, dove lavorer\u00f2 senza risparmio per far raggiungere alla nostra Regione una connotazione complessiva pi\u00f9 consona alle sue grandissimi potenzialit\u00e0. Oggi pi\u00f9 che mai \u00e8 necessario interpretare l\u2019impegno politico con spirito di servizio e amore verso il popolo, che da sovrano \u00e8 diventato suddito e schiavo della politica ipocrita al servizio di s\u00e9 stessa\u201d<\/i><\/p>\n<p class=\"xmprfx_MsoNormal\">\n","protected":false},"excerpt":{"rendered":"<p>Importantissima nomina per il Consigliere Comunale e Presidente della Commissione Controllo e Garanzia del Comune di Reggio Calabria Massimo Ripepi, prescelto alla guida regionale del partito di Stefano Bandecchi Alternativa&hellip;<\/p>\n","protected":false},"author":12,"featured_media":44329,"comment_status":"closed","ping_status":"open","sticky":false,"template":"","format":"standard","meta":{"_jetpack_memberships_contains_paid_content":false,"footnotes":"","jetpack_publicize_message":"","jetpack_publicize_feature_enabled":true,"jetpack_social_post_already_shared":false,"jetpack_social_options":{"image_generator_settings":{"template":"highway","default_image_id":0,"font":"","enabled":false},"version":2}},"categories":[921,196,140],"tags":[27359,808,27360,8732],"class_list":["post-44328","post","type-post","status-publish","format-standard","has-post-thumbnail","hentry","category-home","category-news","category-reggio-calabria","tag-alternativa-popolasre","tag-massimo-ripepi","tag-ripepi-nonimato-coordinatore-regionale","tag-stefano-bandecchi"],"yoast_head":"<!-- This site is optimized with the Yoast SEO plugin v27.2 - https:\/\/yoast.com\/product\/yoast-seo-wordpress\/ -->\n<title>Alternativa Popolare: Ripepi nominato coordinatore regionale<\/title>\n<meta name=\"description\" content=\"Ripepi, prescelto alla guida regionale del partito di Stefano Bandecchi Alternativa Popolare\" \/>\n<meta name=\"robots\" content=\"index, follow, max-snippet:-1, max-image-preview:large, max-video-preview:-1\" \/>\n<link rel=\"canonical\" href=\"https:\/\/progettotouring.it\/radiotouring104\/2024\/02\/09\/alternativa-popolare-il-consigliere-massimo-ripepi-nominato-coordinatore-regionale\/\" \/>\n<meta property=\"og:locale\" content=\"it_IT\" \/>\n<meta property=\"og:type\" content=\"article\" \/>\n<meta property=\"og:title\" content=\"Alternativa Popolare: Ripepi nominato coordinatore regionale\" \/>\n<meta property=\"og:description\" content=\"Ripepi, prescelto alla guida regionale del partito di Stefano Bandecchi Alternativa Popolare\" \/>\n<meta property=\"og:url\" content=\"https:\/\/progettotouring.it\/radiotouring104\/2024\/02\/09\/alternativa-popolare-il-consigliere-massimo-ripepi-nominato-coordinatore-regionale\/\" \/>\n<meta property=\"og:site_name\" content=\"Radio Touring 104\" \/>\n<meta property=\"article:published_time\" content=\"2024-02-09T11:08:15+00:00\" \/>\n<meta property=\"article:modified_time\" content=\"2024-02-09T11:08:32+00:00\" \/>\n<meta property=\"og:image\" content=\"https:\/\/progettotouring.it\/radiotouring104\/wp-content\/uploads\/sites\/6\/2024\/02\/Bandecchi-Ripepi-scaled.jpg\" \/>\n\t<meta property=\"og:image:width\" content=\"2560\" \/>\n\t<meta property=\"og:image:height\" content=\"1177\" \/>\n\t<meta property=\"og:image:type\" content=\"image\/jpeg\" \/>\n<meta name=\"author\" content=\"Sebastiano Plutino\" \/>\n<meta name=\"twitter:card\" content=\"summary_large_image\" \/>\n<meta name=\"twitter:label1\" content=\"Scritto da\" \/>\n\t<meta name=\"twitter:data1\" content=\"Sebastiano Plutino\" \/>\n\t<meta name=\"twitter:label2\" content=\"Tempo di lettura stimato\" \/>\n\t<meta name=\"twitter:data2\" content=\"1 minuto\" \/>\n<script type=\"application\/ld+json\" class=\"yoast-schema-graph\">{\"@context\":\"https:\/\/schema.org\",\"@graph\":[{\"@type\":\"Article\",\"@id\":\"https:\/\/progettotouring.it\/radiotouring104\/2024\/02\/09\/alternativa-popolare-il-consigliere-massimo-ripepi-nominato-coordinatore-regionale\/#article\",\"isPartOf\":{\"@id\":\"https:\/\/progettotouring.it\/radiotouring104\/2024\/02\/09\/alternativa-popolare-il-consigliere-massimo-ripepi-nominato-coordinatore-regionale\/\"},\"author\":{\"name\":\"Sebastiano Plutino\",\"@id\":\"https:\/\/progettotouring.it\/radiotouring104\/#\/schema\/person\/78613917f1851f041f7483f5af1d422e\"},\"headline\":\"Alternativa Popolare: il Consigliere Massimo Ripepi nominato coordinatore regionale\",\"datePublished\":\"2024-02-09T11:08:15+00:00\",\"dateModified\":\"2024-02-09T11:08:32+00:00\",\"mainEntityOfPage\":{\"@id\":\"https:\/\/progettotouring.it\/radiotouring104\/2024\/02\/09\/alternativa-popolare-il-consigliere-massimo-ripepi-nominato-coordinatore-regionale\/\"},\"wordCount\":290,\"publisher\":{\"@id\":\"https:\/\/progettotouring.it\/radiotouring104\/#organization\"},\"image\":{\"@id\":\"https:\/\/progettotouring.it\/radiotouring104\/2024\/02\/09\/alternativa-popolare-il-consigliere-massimo-ripepi-nominato-coordinatore-regionale\/#primaryimage\"},\"thumbnailUrl\":\"https:\/\/progettotouring.it\/radiotouring104\/wp-content\/uploads\/sites\/6\/2024\/02\/Bandecchi-Ripepi-scaled.jpg\",\"keywords\":[\"alternativa popolasre\",\"Massimo Ripepi\",\"Ripepi nonimato coordinatore regionale\",\"Stefano Bandecchi\"],\"articleSection\":[\"Home\",\"News\",\"Reggio Calabria\"],\"inLanguage\":\"it-IT\"},{\"@type\":\"WebPage\",\"@id\":\"https:\/\/progettotouring.it\/radiotouring104\/2024\/02\/09\/alternativa-popolare-il-consigliere-massimo-ripepi-nominato-coordinatore-regionale\/\",\"url\":\"https:\/\/progettotouring.it\/radiotouring104\/2024\/02\/09\/alternativa-popolare-il-consigliere-massimo-ripepi-nominato-coordinatore-regionale\/\",\"name\":\"Alternativa Popolare: Ripepi nominato coordinatore regionale\",\"isPartOf\":{\"@id\":\"https:\/\/progettotouring.it\/radiotouring104\/#website\"},\"primaryImageOfPage\":{\"@id\":\"https:\/\/progettotouring.it\/radiotouring104\/2024\/02\/09\/alternativa-popolare-il-consigliere-massimo-ripepi-nominato-coordinatore-regionale\/#primaryimage\"},\"image\":{\"@id\":\"https:\/\/progettotouring.it\/radiotouring104\/2024\/02\/09\/alternativa-popolare-il-consigliere-massimo-ripepi-nominato-coordinatore-regionale\/#primaryimage\"},\"thumbnailUrl\":\"https:\/\/progettotouring.it\/radiotouring104\/wp-content\/uploads\/sites\/6\/2024\/02\/Bandecchi-Ripepi-scaled.jpg\",\"datePublished\":\"2024-02-09T11:08:15+00:00\",\"dateModified\":\"2024-02-09T11:08:32+00:00\",\"description\":\"Ripepi, prescelto alla guida regionale del partito di Stefano Bandecchi Alternativa Popolare\",\"breadcrumb\":{\"@id\":\"https:\/\/progettotouring.it\/radiotouring104\/2024\/02\/09\/alternativa-popolare-il-consigliere-massimo-ripepi-nominato-coordinatore-regionale\/#breadcrumb\"},\"inLanguage\":\"it-IT\",\"potentialAction\":[{\"@type\":\"ReadAction\",\"target\":[\"https:\/\/progettotouring.it\/radiotouring104\/2024\/02\/09\/alternativa-popolare-il-consigliere-massimo-ripepi-nominato-coordinatore-regionale\/\"]}]},{\"@type\":\"ImageObject\",\"inLanguage\":\"it-IT\",\"@id\":\"https:\/\/progettotouring.it\/radiotouring104\/2024\/02\/09\/alternativa-popolare-il-consigliere-massimo-ripepi-nominato-coordinatore-regionale\/#primaryimage\",\"url\":\"https:\/\/progettotouring.it\/radiotouring104\/wp-content\/uploads\/sites\/6\/2024\/02\/Bandecchi-Ripepi-scaled.jpg\",\"contentUrl\":\"https:\/\/progettotouring.it\/radiotouring104\/wp-content\/uploads\/sites\/6\/2024\/02\/Bandecchi-Ripepi-scaled.jpg\",\"width\":2560,\"height\":1177},{\"@type\":\"BreadcrumbList\",\"@id\":\"https:\/\/progettotouring.it\/radiotouring104\/2024\/02\/09\/alternativa-popolare-il-consigliere-massimo-ripepi-nominato-coordinatore-regionale\/#breadcrumb\",\"itemListElement\":[{\"@type\":\"ListItem\",\"position\":1,\"name\":\"Home\",\"item\":\"https:\/\/progettotouring.it\/radiotouring104\/\"},{\"@type\":\"ListItem\",\"position\":2,\"name\":\"Alternativa Popolare: il Consigliere Massimo Ripepi nominato coordinatore regionale\"}]},{\"@type\":\"WebSite\",\"@id\":\"https:\/\/progettotouring.it\/radiotouring104\/#website\",\"url\":\"https:\/\/progettotouring.it\/radiotouring104\/\",\"name\":\"Radio Touring 104\",\"description\":\"La prima radio Reggina\",\"publisher\":{\"@id\":\"https:\/\/progettotouring.it\/radiotouring104\/#organization\"},\"potentialAction\":[{\"@type\":\"SearchAction\",\"target\":{\"@type\":\"EntryPoint\",\"urlTemplate\":\"https:\/\/progettotouring.it\/radiotouring104\/?s={search_term_string}\"},\"query-input\":{\"@type\":\"PropertyValueSpecification\",\"valueRequired\":true,\"valueName\":\"search_term_string\"}}],\"inLanguage\":\"it-IT\"},{\"@type\":\"Organization\",\"@id\":\"https:\/\/progettotouring.it\/radiotouring104\/#organization\",\"name\":\"Radio Touring 104\",\"url\":\"https:\/\/progettotouring.it\/radiotouring104\/\",\"logo\":{\"@type\":\"ImageObject\",\"inLanguage\":\"it-IT\",\"@id\":\"https:\/\/progettotouring.it\/radiotouring104\/#\/schema\/logo\/image\/\",\"url\":\"https:\/\/progettotouring.it\/radiotouring104\/wp-content\/uploads\/sites\/6\/2022\/02\/cropped-logo-radio-touring-104.png\",\"contentUrl\":\"https:\/\/progettotouring.it\/radiotouring104\/wp-content\/uploads\/sites\/6\/2022\/02\/cropped-logo-radio-touring-104.png\",\"width\":377,\"height\":182,\"caption\":\"Radio Touring 104\"},\"image\":{\"@id\":\"https:\/\/progettotouring.it\/radiotouring104\/#\/schema\/logo\/image\/\"}},{\"@type\":\"Person\",\"@id\":\"https:\/\/progettotouring.it\/radiotouring104\/#\/schema\/person\/78613917f1851f041f7483f5af1d422e\",\"name\":\"Sebastiano Plutino\",\"image\":{\"@type\":\"ImageObject\",\"inLanguage\":\"it-IT\",\"@id\":\"https:\/\/secure.gravatar.com\/avatar\/0546ffaa9b79224faf9f2a156b67a529ae861d3287c66c1d8ccfdf909bcba78d?s=96&d=mm&r=g\",\"url\":\"https:\/\/secure.gravatar.com\/avatar\/0546ffaa9b79224faf9f2a156b67a529ae861d3287c66c1d8ccfdf909bcba78d?s=96&d=mm&r=g\",\"contentUrl\":\"https:\/\/secure.gravatar.com\/avatar\/0546ffaa9b79224faf9f2a156b67a529ae861d3287c66c1d8ccfdf909bcba78d?s=96&d=mm&r=g\",\"caption\":\"Sebastiano Plutino\"},\"url\":\"https:\/\/progettotouring.it\/radiotouring104\/author\/sebastiano\/\"}]}<\/script>\n<!-- \/ Yoast SEO plugin. -->","yoast_head_json":{"title":"Alternativa Popolare: Ripepi nominato coordinatore regionale","description":"Ripepi, prescelto alla guida regionale del partito di Stefano Bandecchi Alternativa Popolare","robots":{"index":"index","follow":"follow","max-snippet":"max-snippet:-1","max-image-preview":"max-image-preview:large","max-video-preview":"max-video-preview:-1"},"canonical":"https:\/\/progettotouring.it\/radiotouring104\/2024\/02\/09\/alternativa-popolare-il-consigliere-massimo-ripepi-nominato-coordinatore-regionale\/","og_locale":"it_IT","og_type":"article","og_title":"Alternativa Popolare: Ripepi nominato coordinatore regionale","og_description":"Ripepi, prescelto alla guida regionale del partito di Stefano Bandecchi Alternativa Popolare","og_url":"https:\/\/progettotouring.it\/radiotouring104\/2024\/02\/09\/alternativa-popolare-il-consigliere-massimo-ripepi-nominato-coordinatore-regionale\/","og_site_name":"Radio Touring 104","article_published_time":"2024-02-09T11:08:15+00:00","article_modified_time":"2024-02-09T11:08:32+00:00","og_image":[{"width":2560,"height":1177,"url":"https:\/\/progettotouring.it\/radiotouring104\/wp-content\/uploads\/sites\/6\/2024\/02\/Bandecchi-Ripepi-scaled.jpg","type":"image\/jpeg"}],"author":"Sebastiano Plutino","twitter_card":"summary_large_image","twitter_misc":{"Scritto da":"Sebastiano Plutino","Tempo di lettura stimato":"1 minuto"},"schema":{"@context":"https:\/\/schema.org","@graph":[{"@type":"Article","@id":"https:\/\/progettotouring.it\/radiotouring104\/2024\/02\/09\/alternativa-popolare-il-consigliere-massimo-ripepi-nominato-coordinatore-regionale\/#article","isPartOf":{"@id":"https:\/\/progettotouring.it\/radiotouring104\/2024\/02\/09\/alternativa-popolare-il-consigliere-massimo-ripepi-nominato-coordinatore-regionale\/"},"author":{"name":"Sebastiano Plutino","@id":"https:\/\/progettotouring.it\/radiotouring104\/#\/schema\/person\/78613917f1851f041f7483f5af1d422e"},"headline":"Alternativa Popolare: il Consigliere Massimo Ripepi nominato coordinatore regionale","datePublished":"2024-02-09T11:08:15+00:00","dateModified":"2024-02-09T11:08:32+00:00","mainEntityOfPage":{"@id":"https:\/\/progettotouring.it\/radiotouring104\/2024\/02\/09\/alternativa-popolare-il-consigliere-massimo-ripepi-nominato-coordinatore-regionale\/"},"wordCount":290,"publisher":{"@id":"https:\/\/progettotouring.it\/radiotouring104\/#organization"},"image":{"@id":"https:\/\/progettotouring.it\/radiotouring104\/2024\/02\/09\/alternativa-popolare-il-consigliere-massimo-ripepi-nominato-coordinatore-regionale\/#primaryimage"},"thumbnailUrl":"https:\/\/progettotouring.it\/radiotouring104\/wp-content\/uploads\/sites\/6\/2024\/02\/Bandecchi-Ripepi-scaled.jpg","keywords":["alternativa popolasre","Massimo Ripepi","Ripepi nonimato coordinatore regionale","Stefano Bandecchi"],"articleSection":["Home","News","Reggio Calabria"],"inLanguage":"it-IT"},{"@type":"WebPage","@id":"https:\/\/progettotouring.it\/radiotouring104\/2024\/02\/09\/alternativa-popolare-il-consigliere-massimo-ripepi-nominato-coordinatore-regionale\/","url":"https:\/\/progettotouring.it\/radiotouring104\/2024\/02\/09\/alternativa-popolare-il-consigliere-massimo-ripepi-nominato-coordinatore-regionale\/","name":"Alternativa Popolare: Ripepi nominato coordinatore regionale","isPartOf":{"@id":"https:\/\/progettotouring.it\/radiotouring104\/#website"},"primaryImageOfPage":{"@id":"https:\/\/progettotouring.it\/radiotouring104\/2024\/02\/09\/alternativa-popolare-il-consigliere-massimo-ripepi-nominato-coordinatore-regionale\/#primaryimage"},"image":{"@id":"https:\/\/progettotouring.it\/radiotouring104\/2024\/02\/09\/alternativa-popolare-il-consigliere-massimo-ripepi-nominato-coordinatore-regionale\/#primaryimage"},"thumbnailUrl":"https:\/\/progettotouring.it\/radiotouring104\/wp-content\/uploads\/sites\/6\/2024\/02\/Bandecchi-Ripepi-scaled.jpg","datePublished":"2024-02-09T11:08:15+00:00","dateModified":"2024-02-09T11:08:32+00:00","description":"Ripepi, prescelto alla guida regionale del partito di Stefano Bandecchi Alternativa Popolare","breadcrumb":{"@id":"https:\/\/progettotouring.it\/radiotouring104\/2024\/02\/09\/alternativa-popolare-il-consigliere-massimo-ripepi-nominato-coordinatore-regionale\/#breadcrumb"},"inLanguage":"it-IT","potentialAction":[{"@type":"ReadAction","target":["https:\/\/progettotouring.it\/radiotouring104\/2024\/02\/09\/alternativa-popolare-il-consigliere-massimo-ripepi-nominato-coordinatore-regionale\/"]}]},{"@type":"ImageObject","inLanguage":"it-IT","@id":"https:\/\/progettotouring.it\/radiotouring104\/2024\/02\/09\/alternativa-popolare-il-consigliere-massimo-ripepi-nominato-coordinatore-regionale\/#primaryimage","url":"https:\/\/progettotouring.it\/radiotouring104\/wp-content\/uploads\/sites\/6\/2024\/02\/Bandecchi-Ripepi-scaled.jpg","contentUrl":"https:\/\/progettotouring.it\/radiotouring104\/wp-content\/uploads\/sites\/6\/2024\/02\/Bandecchi-Ripepi-scaled.jpg","width":2560,"height":1177},{"@type":"BreadcrumbList","@id":"https:\/\/progettotouring.it\/radiotouring104\/2024\/02\/09\/alternativa-popolare-il-consigliere-massimo-ripepi-nominato-coordinatore-regionale\/#breadcrumb","itemListElement":[{"@type":"ListItem","position":1,"name":"Home","item":"https:\/\/progettotouring.it\/radiotouring104\/"},{"@type":"ListItem","position":2,"name":"Alternativa Popolare: il Consigliere Massimo Ripepi nominato coordinatore regionale"}]},{"@type":"WebSite","@id":"https:\/\/progettotouring.it\/radiotouring104\/#website","url":"https:\/\/progettotouring.it\/radiotouring104\/","name":"Radio Touring 104","description":"La prima radio Reggina","publisher":{"@id":"https:\/\/progettotouring.it\/radiotouring104\/#organization"},"potentialAction":[{"@type":"SearchAction","target":{"@type":"EntryPoint","urlTemplate":"https:\/\/progettotouring.it\/radiotouring104\/?s={search_term_string}"},"query-input":{"@type":"PropertyValueSpecification","valueRequired":true,"valueName":"search_term_string"}}],"inLanguage":"it-IT"},{"@type":"Organization","@id":"https:\/\/progettotouring.it\/radiotouring104\/#organization","name":"Radio Touring 104","url":"https:\/\/progettotouring.it\/radiotouring104\/","logo":{"@type":"ImageObject","inLanguage":"it-IT","@id":"https:\/\/progettotouring.it\/radiotouring104\/#\/schema\/logo\/image\/","url":"https:\/\/progettotouring.it\/radiotouring104\/wp-content\/uploads\/sites\/6\/2022\/02\/cropped-logo-radio-touring-104.png","contentUrl":"https:\/\/progettotouring.it\/radiotouring104\/wp-content\/uploads\/sites\/6\/2022\/02\/cropped-logo-radio-touring-104.png","width":377,"height":182,"caption":"Radio Touring 104"},"image":{"@id":"https:\/\/progettotouring.it\/radiotouring104\/#\/schema\/logo\/image\/"}},{"@type":"Person","@id":"https:\/\/progettotouring.it\/radiotouring104\/#\/schema\/person\/78613917f1851f041f7483f5af1d422e","name":"Sebastiano Plutino","image":{"@type":"ImageObject","inLanguage":"it-IT","@id":"https:\/\/secure.gravatar.com\/avatar\/0546ffaa9b79224faf9f2a156b67a529ae861d3287c66c1d8ccfdf909bcba78d?s=96&d=mm&r=g","url":"https:\/\/secure.gravatar.com\/avatar\/0546ffaa9b79224faf9f2a156b67a529ae861d3287c66c1d8ccfdf909bcba78d?s=96&d=mm&r=g","contentUrl":"https:\/\/secure.gravatar.com\/avatar\/0546ffaa9b79224faf9f2a156b67a529ae861d3287c66c1d8ccfdf909bcba78d?s=96&d=mm&r=g","caption":"Sebastiano Plutino"},"url":"https:\/\/progettotouring.it\/radiotouring104\/author\/sebastiano\/"}]}},"jetpack_publicize_connections":[],"jetpack_featured_media_url":"https:\/\/progettotouring.it\/radiotouring104\/wp-content\/uploads\/sites\/6\/2024\/02\/Bandecchi-Ripepi-scaled.jpg","jetpack_sharing_enabled":true,"_links":{"self":[{"href":"https:\/\/progettotouring.it\/radiotouring104\/wp-json\/wp\/v2\/posts\/44328","targetHints":{"allow":["GET"]}}],"collection":[{"href":"https:\/\/progettotouring.it\/radiotouring104\/wp-json\/wp\/v2\/posts"}],"about":[{"href":"https:\/\/progettotouring.it\/radiotouring104\/wp-json\/wp\/v2\/types\/post"}],"author":[{"embeddable":true,"href":"https:\/\/progettotouring.it\/radiotouring104\/wp-json\/wp\/v2\/users\/12"}],"replies":[{"embeddable":true,"href":"https:\/\/progettotouring.it\/radiotouring104\/wp-json\/wp\/v2\/comments?post=44328"}],"version-history":[{"count":2,"href":"https:\/\/progettotouring.it\/radiotouring104\/wp-json\/wp\/v2\/posts\/44328\/revisions"}],"predecessor-version":[{"id":44331,"href":"https:\/\/progettotouring.it\/radiotouring104\/wp-json\/wp\/v2\/posts\/44328\/revisions\/44331"}],"wp:featuredmedia":[{"embeddable":true,"href":"https:\/\/progettotouring.it\/radiotouring104\/wp-json\/wp\/v2\/media\/44329"}],"wp:attachment":[{"href":"https:\/\/progettotouring.it\/radiotouring104\/wp-json\/wp\/v2\/media?parent=44328"}],"wp:term":[{"taxonomy":"category","embeddable":true,"href":"https:\/\/progettotouring.it\/radiotouring104\/wp-json\/wp\/v2\/categories?post=44328"},{"taxonomy":"post_tag","embeddable":true,"href":"https:\/\/progettotouring.it\/radiotouring104\/wp-json\/wp\/v2\/tags?post=44328"}],"curies":[{"name":"wp","href":"https:\/\/api.w.org\/{rel}","templated":true}]}}