{"id":44332,"date":"2024-02-09T12:18:32","date_gmt":"2024-02-09T11:18:32","guid":{"rendered":"https:\/\/progettotouring.it\/radiotouring104\/?p=44332"},"modified":"2024-02-09T12:18:32","modified_gmt":"2024-02-09T11:18:32","slug":"sposato-ciglpericolo-autonomia-differenziata-il-13-febbraio-sostegno-ad-anci-e-sindaci","status":"publish","type":"post","link":"https:\/\/progettotouring.it\/radiotouring104\/2024\/02\/09\/sposato-ciglpericolo-autonomia-differenziata-il-13-febbraio-sostegno-ad-anci-e-sindaci\/","title":{"rendered":"Sposato (Cigl)&#8221;Pericolo Autonomia Differenziata. Il 13 febbraio sostegno ad Anci e Sindaci&#8221;"},"content":{"rendered":"<div style=\"text-align: justify\">Sull&#8217;autonomia differenziata si sta creando un movimento di pensiero diffuso e trasversale che sta inziando a capire i pericoli del progetto Calderoli e della lega. Sin dall&#8217;inizio come Cgil Calabria abbiamo sempre ribadito che questo progetto fosse una secessione camuffata, una vecchia bandiera ideologica che oggi \u00e8 stata barattata con il premierato e la riforma della giustizia. Per queste ragioni abbiamo declinato l&#8217;invito ad incontrare il Ministro Calderoli in Calabria lo scorso anno. Quello che sta avvenendo in Parlamento e nel governo \u00e8 un baratto politico, letale per tutto il Paese. Se ne sono resi conto i sindaci e va apprezzata la posizione dell&#8217;Anci Calabria e del suo Presidente Succurro. Oggi pi\u00f9 che mai la battaglia contro il disegno di legge Calderoli deve unire parti sociali, amministratori, societ\u00e0 civili, forze politiche che hanno a cuore l&#8217;unit\u00e0 nazionale.<\/div>\n<div style=\"text-align: justify\">Tempo addietro, al congresso regionale e nei vari interventi, abbiamo dimostrato come il progetto di autonomia differenziata possa essere letale anche per il nord del Paese. Ci sono aree del nord che vivono un processo di destrutturazione industriale, non offrendo pi\u00f9 servizi adeguati, pensiamo al tema della casa, al costo della vita, al tema salariale, alla sanit\u00e0 privata che sostituisce quella pubblica. Il problema non si risolve chiudendosi in piccoli staterelli. I giovani del sud che fuggono per mancanza di prospettive non andranno nelle regioni del nord, ma emigreranno all&#8217;estero come avvenne negli anni 60 e 70 e come sta avvenendo tutt&#8217;ora.<\/div>\n<div style=\"text-align: justify\">C&#8217;\u00e8 il tema del calo demografico, vera e propria emergenza. C&#8217;\u00e8 il tema dell&#8217;invecchiamento del Paese, di oltre dieci anni rispetto alla media europea, che non si risolve con l&#8217;autonomia differenziata.<\/div>\n<div style=\"text-align: justify\">C&#8217;\u00e8 inoltre, un tema da tutti sottaciuto che potr\u00e0 fare ulteriormente la differenza. Il peso della criminalit\u00e0 e delle mafie che si \u00e8 oramai radicata nelle regioni del nord rendendole meno competitive e assoggettate al potere criminale. Le varie inchieste giudiziarie di diverse procure nel nord hanno evidenziato il potere di infiltrazioni nella pubblica amministrazione e nelle imprese, cosa questa grave e pericolosa. E come sappiamo, l\u00ec dove c&#8217;\u00e8 il proliferare delle mafie c&#8217;\u00e8 economia debole, ed il mercato economico e del lavoro viene controllato, sfruttato, sottopagato.<\/div>\n<div style=\"text-align: justify\">Su questo farebbero bene a riflettere dal governo, perch\u00e9 quello che loro ritengono autonomia pu\u00f2 diventare trappola mortale. Il sistema economico e produttivo del nord, con questo progetto e con le scelte del governo in materia economica, rischia di diventare succursale di Francia e Germania.<\/div>\n<div style=\"text-align: justify\">Il 13 febbraio occorre sostenere i sindaci e l&#8217;Anci davanti alle Prefetture della Calabria e auspichiamo possano avere a loro fianco il vessillo della Regione Calabria e il Presidente. Serve una grande mobilitazione delle coscienze e delle persone, serve parlare con giovani, nelle scuole, sui rischi e gli effetti pericoli dell&#8217;autonomia differenziata per il loro futuro e per l&#8217;unit\u00e0 del Paese.<\/div>\n<div style=\"text-align: justify\">Occorre scendere nelle strade e nelle piazze per parlare ed informare le persone. Il tempo \u00e8 adesso per difendere la nostra costituzione.<\/div>\n","protected":false},"excerpt":{"rendered":"<p>Sull&#8217;autonomia differenziata si sta creando un movimento di pensiero diffuso e trasversale che sta inziando a capire i pericoli del progetto Calderoli e della lega. Sin dall&#8217;inizio come Cgil Calabria&hellip;<\/p>\n","protected":false},"author":12,"featured_media":23345,"comment_status":"closed","ping_status":"open","sticky":false,"template":"","format":"standard","meta":{"_jetpack_memberships_contains_paid_content":false,"footnotes":"","jetpack_publicize_message":"","jetpack_publicize_feature_enabled":true,"jetpack_social_post_already_shared":false,"jetpack_social_options":{"image_generator_settings":{"template":"highway","default_image_id":0,"font":"","enabled":false},"version":2}},"categories":[142,921,196],"tags":[1999,3252,13076,24962,27362,27363,27361],"class_list":["post-44332","post","type-post","status-publish","format-standard","has-post-thumbnail","hentry","category-calabria","category-home","category-news","tag-anci","tag-angelo-sposato","tag-autonomia-diffetenziata","tag-cigl-calabria","tag-manifestaizone-davanti-a-prefetture","tag-manifestazione-autonomia-13-febbraio","tag-sindaci-calabria"],"yoast_head":"<!-- This site is optimized with the Yoast SEO plugin v27.2 - https:\/\/yoast.com\/product\/yoast-seo-wordpress\/ -->\n<title>Autonomia: Sposato (Cigl) sostiene manifestazione Sindaci ed Anci<\/title>\n<meta name=\"description\" content=\"Sposato chiede sostegno in vista della manifestazione del Il 13 febbraio di Sindaci e Anci davanti alle Prefetture della Calabria\" \/>\n<meta name=\"robots\" content=\"index, follow, max-snippet:-1, max-image-preview:large, max-video-preview:-1\" \/>\n<link rel=\"canonical\" href=\"https:\/\/progettotouring.it\/radiotouring104\/2024\/02\/09\/sposato-ciglpericolo-autonomia-differenziata-il-13-febbraio-sostegno-ad-anci-e-sindaci\/\" \/>\n<meta property=\"og:locale\" content=\"it_IT\" \/>\n<meta property=\"og:type\" content=\"article\" \/>\n<meta property=\"og:title\" content=\"Autonomia: Sposato (Cigl) sostiene manifestazione Sindaci ed Anci\" \/>\n<meta property=\"og:description\" content=\"Sposato chiede sostegno in vista della manifestazione del Il 13 febbraio di Sindaci e Anci davanti alle Prefetture della Calabria\" \/>\n<meta property=\"og:url\" content=\"https:\/\/progettotouring.it\/radiotouring104\/2024\/02\/09\/sposato-ciglpericolo-autonomia-differenziata-il-13-febbraio-sostegno-ad-anci-e-sindaci\/\" \/>\n<meta property=\"og:site_name\" content=\"Radio Touring 104\" \/>\n<meta property=\"article:published_time\" content=\"2024-02-09T11:18:32+00:00\" \/>\n<meta property=\"og:image\" content=\"https:\/\/progettotouring.it\/radiotouring104\/wp-content\/uploads\/sites\/6\/2023\/04\/Angelo-Sposato.jpg\" \/>\n\t<meta property=\"og:image:width\" content=\"958\" \/>\n\t<meta property=\"og:image:height\" content=\"960\" \/>\n\t<meta property=\"og:image:type\" content=\"image\/jpeg\" \/>\n<meta name=\"author\" content=\"Sebastiano Plutino\" \/>\n<meta name=\"twitter:card\" content=\"summary_large_image\" \/>\n<meta name=\"twitter:label1\" content=\"Scritto da\" \/>\n\t<meta name=\"twitter:data1\" content=\"Sebastiano Plutino\" \/>\n\t<meta name=\"twitter:label2\" content=\"Tempo di lettura stimato\" \/>\n\t<meta name=\"twitter:data2\" content=\"2 minuti\" \/>\n<script type=\"application\/ld+json\" class=\"yoast-schema-graph\">{\"@context\":\"https:\/\/schema.org\",\"@graph\":[{\"@type\":\"Article\",\"@id\":\"https:\/\/progettotouring.it\/radiotouring104\/2024\/02\/09\/sposato-ciglpericolo-autonomia-differenziata-il-13-febbraio-sostegno-ad-anci-e-sindaci\/#article\",\"isPartOf\":{\"@id\":\"https:\/\/progettotouring.it\/radiotouring104\/2024\/02\/09\/sposato-ciglpericolo-autonomia-differenziata-il-13-febbraio-sostegno-ad-anci-e-sindaci\/\"},\"author\":{\"name\":\"Sebastiano Plutino\",\"@id\":\"https:\/\/progettotouring.it\/radiotouring104\/#\/schema\/person\/78613917f1851f041f7483f5af1d422e\"},\"headline\":\"Sposato (Cigl)&#8221;Pericolo Autonomia Differenziata. Il 13 febbraio sostegno ad Anci e Sindaci&#8221;\",\"datePublished\":\"2024-02-09T11:18:32+00:00\",\"mainEntityOfPage\":{\"@id\":\"https:\/\/progettotouring.it\/radiotouring104\/2024\/02\/09\/sposato-ciglpericolo-autonomia-differenziata-il-13-febbraio-sostegno-ad-anci-e-sindaci\/\"},\"wordCount\":490,\"publisher\":{\"@id\":\"https:\/\/progettotouring.it\/radiotouring104\/#organization\"},\"image\":{\"@id\":\"https:\/\/progettotouring.it\/radiotouring104\/2024\/02\/09\/sposato-ciglpericolo-autonomia-differenziata-il-13-febbraio-sostegno-ad-anci-e-sindaci\/#primaryimage\"},\"thumbnailUrl\":\"https:\/\/progettotouring.it\/radiotouring104\/wp-content\/uploads\/sites\/6\/2023\/04\/Angelo-Sposato.jpg\",\"keywords\":[\"Anci\",\"Angelo Sposato\",\"autonomia diffetenziata\",\"Cigl Calabria\",\"manifestaizone davanti a Prefetture\",\"manifestazione autonomia 13 febbraio\",\"Sindaci Calabria\"],\"articleSection\":[\"Calabria\",\"Home\",\"News\"],\"inLanguage\":\"it-IT\"},{\"@type\":\"WebPage\",\"@id\":\"https:\/\/progettotouring.it\/radiotouring104\/2024\/02\/09\/sposato-ciglpericolo-autonomia-differenziata-il-13-febbraio-sostegno-ad-anci-e-sindaci\/\",\"url\":\"https:\/\/progettotouring.it\/radiotouring104\/2024\/02\/09\/sposato-ciglpericolo-autonomia-differenziata-il-13-febbraio-sostegno-ad-anci-e-sindaci\/\",\"name\":\"Autonomia: Sposato (Cigl) sostiene manifestazione Sindaci ed Anci\",\"isPartOf\":{\"@id\":\"https:\/\/progettotouring.it\/radiotouring104\/#website\"},\"primaryImageOfPage\":{\"@id\":\"https:\/\/progettotouring.it\/radiotouring104\/2024\/02\/09\/sposato-ciglpericolo-autonomia-differenziata-il-13-febbraio-sostegno-ad-anci-e-sindaci\/#primaryimage\"},\"image\":{\"@id\":\"https:\/\/progettotouring.it\/radiotouring104\/2024\/02\/09\/sposato-ciglpericolo-autonomia-differenziata-il-13-febbraio-sostegno-ad-anci-e-sindaci\/#primaryimage\"},\"thumbnailUrl\":\"https:\/\/progettotouring.it\/radiotouring104\/wp-content\/uploads\/sites\/6\/2023\/04\/Angelo-Sposato.jpg\",\"datePublished\":\"2024-02-09T11:18:32+00:00\",\"description\":\"Sposato chiede sostegno in vista della manifestazione del Il 13 febbraio di Sindaci e Anci davanti alle Prefetture della Calabria\",\"breadcrumb\":{\"@id\":\"https:\/\/progettotouring.it\/radiotouring104\/2024\/02\/09\/sposato-ciglpericolo-autonomia-differenziata-il-13-febbraio-sostegno-ad-anci-e-sindaci\/#breadcrumb\"},\"inLanguage\":\"it-IT\",\"potentialAction\":[{\"@type\":\"ReadAction\",\"target\":[\"https:\/\/progettotouring.it\/radiotouring104\/2024\/02\/09\/sposato-ciglpericolo-autonomia-differenziata-il-13-febbraio-sostegno-ad-anci-e-sindaci\/\"]}]},{\"@type\":\"ImageObject\",\"inLanguage\":\"it-IT\",\"@id\":\"https:\/\/progettotouring.it\/radiotouring104\/2024\/02\/09\/sposato-ciglpericolo-autonomia-differenziata-il-13-febbraio-sostegno-ad-anci-e-sindaci\/#primaryimage\",\"url\":\"https:\/\/progettotouring.it\/radiotouring104\/wp-content\/uploads\/sites\/6\/2023\/04\/Angelo-Sposato.jpg\",\"contentUrl\":\"https:\/\/progettotouring.it\/radiotouring104\/wp-content\/uploads\/sites\/6\/2023\/04\/Angelo-Sposato.jpg\",\"width\":958,\"height\":960},{\"@type\":\"BreadcrumbList\",\"@id\":\"https:\/\/progettotouring.it\/radiotouring104\/2024\/02\/09\/sposato-ciglpericolo-autonomia-differenziata-il-13-febbraio-sostegno-ad-anci-e-sindaci\/#breadcrumb\",\"itemListElement\":[{\"@type\":\"ListItem\",\"position\":1,\"name\":\"Home\",\"item\":\"https:\/\/progettotouring.it\/radiotouring104\/\"},{\"@type\":\"ListItem\",\"position\":2,\"name\":\"Sposato (Cigl)&#8221;Pericolo Autonomia Differenziata. Il 13 febbraio sostegno ad Anci e Sindaci&#8221;\"}]},{\"@type\":\"WebSite\",\"@id\":\"https:\/\/progettotouring.it\/radiotouring104\/#website\",\"url\":\"https:\/\/progettotouring.it\/radiotouring104\/\",\"name\":\"Radio Touring 104\",\"description\":\"La prima radio Reggina\",\"publisher\":{\"@id\":\"https:\/\/progettotouring.it\/radiotouring104\/#organization\"},\"potentialAction\":[{\"@type\":\"SearchAction\",\"target\":{\"@type\":\"EntryPoint\",\"urlTemplate\":\"https:\/\/progettotouring.it\/radiotouring104\/?s={search_term_string}\"},\"query-input\":{\"@type\":\"PropertyValueSpecification\",\"valueRequired\":true,\"valueName\":\"search_term_string\"}}],\"inLanguage\":\"it-IT\"},{\"@type\":\"Organization\",\"@id\":\"https:\/\/progettotouring.it\/radiotouring104\/#organization\",\"name\":\"Radio Touring 104\",\"url\":\"https:\/\/progettotouring.it\/radiotouring104\/\",\"logo\":{\"@type\":\"ImageObject\",\"inLanguage\":\"it-IT\",\"@id\":\"https:\/\/progettotouring.it\/radiotouring104\/#\/schema\/logo\/image\/\",\"url\":\"https:\/\/progettotouring.it\/radiotouring104\/wp-content\/uploads\/sites\/6\/2022\/02\/cropped-logo-radio-touring-104.png\",\"contentUrl\":\"https:\/\/progettotouring.it\/radiotouring104\/wp-content\/uploads\/sites\/6\/2022\/02\/cropped-logo-radio-touring-104.png\",\"width\":377,\"height\":182,\"caption\":\"Radio Touring 104\"},\"image\":{\"@id\":\"https:\/\/progettotouring.it\/radiotouring104\/#\/schema\/logo\/image\/\"}},{\"@type\":\"Person\",\"@id\":\"https:\/\/progettotouring.it\/radiotouring104\/#\/schema\/person\/78613917f1851f041f7483f5af1d422e\",\"name\":\"Sebastiano Plutino\",\"image\":{\"@type\":\"ImageObject\",\"inLanguage\":\"it-IT\",\"@id\":\"https:\/\/secure.gravatar.com\/avatar\/0546ffaa9b79224faf9f2a156b67a529ae861d3287c66c1d8ccfdf909bcba78d?s=96&d=mm&r=g\",\"url\":\"https:\/\/secure.gravatar.com\/avatar\/0546ffaa9b79224faf9f2a156b67a529ae861d3287c66c1d8ccfdf909bcba78d?s=96&d=mm&r=g\",\"contentUrl\":\"https:\/\/secure.gravatar.com\/avatar\/0546ffaa9b79224faf9f2a156b67a529ae861d3287c66c1d8ccfdf909bcba78d?s=96&d=mm&r=g\",\"caption\":\"Sebastiano Plutino\"},\"url\":\"https:\/\/progettotouring.it\/radiotouring104\/author\/sebastiano\/\"}]}<\/script>\n<!-- \/ Yoast SEO plugin. -->","yoast_head_json":{"title":"Autonomia: Sposato (Cigl) sostiene manifestazione Sindaci ed Anci","description":"Sposato chiede sostegno in vista della manifestazione del Il 13 febbraio di Sindaci e Anci davanti alle Prefetture della Calabria","robots":{"index":"index","follow":"follow","max-snippet":"max-snippet:-1","max-image-preview":"max-image-preview:large","max-video-preview":"max-video-preview:-1"},"canonical":"https:\/\/progettotouring.it\/radiotouring104\/2024\/02\/09\/sposato-ciglpericolo-autonomia-differenziata-il-13-febbraio-sostegno-ad-anci-e-sindaci\/","og_locale":"it_IT","og_type":"article","og_title":"Autonomia: Sposato (Cigl) sostiene manifestazione Sindaci ed Anci","og_description":"Sposato chiede sostegno in vista della manifestazione del Il 13 febbraio di Sindaci e Anci davanti alle Prefetture della Calabria","og_url":"https:\/\/progettotouring.it\/radiotouring104\/2024\/02\/09\/sposato-ciglpericolo-autonomia-differenziata-il-13-febbraio-sostegno-ad-anci-e-sindaci\/","og_site_name":"Radio Touring 104","article_published_time":"2024-02-09T11:18:32+00:00","og_image":[{"width":958,"height":960,"url":"https:\/\/progettotouring.it\/radiotouring104\/wp-content\/uploads\/sites\/6\/2023\/04\/Angelo-Sposato.jpg","type":"image\/jpeg"}],"author":"Sebastiano Plutino","twitter_card":"summary_large_image","twitter_misc":{"Scritto da":"Sebastiano Plutino","Tempo di lettura stimato":"2 minuti"},"schema":{"@context":"https:\/\/schema.org","@graph":[{"@type":"Article","@id":"https:\/\/progettotouring.it\/radiotouring104\/2024\/02\/09\/sposato-ciglpericolo-autonomia-differenziata-il-13-febbraio-sostegno-ad-anci-e-sindaci\/#article","isPartOf":{"@id":"https:\/\/progettotouring.it\/radiotouring104\/2024\/02\/09\/sposato-ciglpericolo-autonomia-differenziata-il-13-febbraio-sostegno-ad-anci-e-sindaci\/"},"author":{"name":"Sebastiano Plutino","@id":"https:\/\/progettotouring.it\/radiotouring104\/#\/schema\/person\/78613917f1851f041f7483f5af1d422e"},"headline":"Sposato (Cigl)&#8221;Pericolo Autonomia Differenziata. Il 13 febbraio sostegno ad Anci e Sindaci&#8221;","datePublished":"2024-02-09T11:18:32+00:00","mainEntityOfPage":{"@id":"https:\/\/progettotouring.it\/radiotouring104\/2024\/02\/09\/sposato-ciglpericolo-autonomia-differenziata-il-13-febbraio-sostegno-ad-anci-e-sindaci\/"},"wordCount":490,"publisher":{"@id":"https:\/\/progettotouring.it\/radiotouring104\/#organization"},"image":{"@id":"https:\/\/progettotouring.it\/radiotouring104\/2024\/02\/09\/sposato-ciglpericolo-autonomia-differenziata-il-13-febbraio-sostegno-ad-anci-e-sindaci\/#primaryimage"},"thumbnailUrl":"https:\/\/progettotouring.it\/radiotouring104\/wp-content\/uploads\/sites\/6\/2023\/04\/Angelo-Sposato.jpg","keywords":["Anci","Angelo Sposato","autonomia diffetenziata","Cigl Calabria","manifestaizone davanti a Prefetture","manifestazione autonomia 13 febbraio","Sindaci Calabria"],"articleSection":["Calabria","Home","News"],"inLanguage":"it-IT"},{"@type":"WebPage","@id":"https:\/\/progettotouring.it\/radiotouring104\/2024\/02\/09\/sposato-ciglpericolo-autonomia-differenziata-il-13-febbraio-sostegno-ad-anci-e-sindaci\/","url":"https:\/\/progettotouring.it\/radiotouring104\/2024\/02\/09\/sposato-ciglpericolo-autonomia-differenziata-il-13-febbraio-sostegno-ad-anci-e-sindaci\/","name":"Autonomia: Sposato (Cigl) sostiene manifestazione Sindaci ed Anci","isPartOf":{"@id":"https:\/\/progettotouring.it\/radiotouring104\/#website"},"primaryImageOfPage":{"@id":"https:\/\/progettotouring.it\/radiotouring104\/2024\/02\/09\/sposato-ciglpericolo-autonomia-differenziata-il-13-febbraio-sostegno-ad-anci-e-sindaci\/#primaryimage"},"image":{"@id":"https:\/\/progettotouring.it\/radiotouring104\/2024\/02\/09\/sposato-ciglpericolo-autonomia-differenziata-il-13-febbraio-sostegno-ad-anci-e-sindaci\/#primaryimage"},"thumbnailUrl":"https:\/\/progettotouring.it\/radiotouring104\/wp-content\/uploads\/sites\/6\/2023\/04\/Angelo-Sposato.jpg","datePublished":"2024-02-09T11:18:32+00:00","description":"Sposato chiede sostegno in vista della manifestazione del Il 13 febbraio di Sindaci e Anci davanti alle Prefetture della Calabria","breadcrumb":{"@id":"https:\/\/progettotouring.it\/radiotouring104\/2024\/02\/09\/sposato-ciglpericolo-autonomia-differenziata-il-13-febbraio-sostegno-ad-anci-e-sindaci\/#breadcrumb"},"inLanguage":"it-IT","potentialAction":[{"@type":"ReadAction","target":["https:\/\/progettotouring.it\/radiotouring104\/2024\/02\/09\/sposato-ciglpericolo-autonomia-differenziata-il-13-febbraio-sostegno-ad-anci-e-sindaci\/"]}]},{"@type":"ImageObject","inLanguage":"it-IT","@id":"https:\/\/progettotouring.it\/radiotouring104\/2024\/02\/09\/sposato-ciglpericolo-autonomia-differenziata-il-13-febbraio-sostegno-ad-anci-e-sindaci\/#primaryimage","url":"https:\/\/progettotouring.it\/radiotouring104\/wp-content\/uploads\/sites\/6\/2023\/04\/Angelo-Sposato.jpg","contentUrl":"https:\/\/progettotouring.it\/radiotouring104\/wp-content\/uploads\/sites\/6\/2023\/04\/Angelo-Sposato.jpg","width":958,"height":960},{"@type":"BreadcrumbList","@id":"https:\/\/progettotouring.it\/radiotouring104\/2024\/02\/09\/sposato-ciglpericolo-autonomia-differenziata-il-13-febbraio-sostegno-ad-anci-e-sindaci\/#breadcrumb","itemListElement":[{"@type":"ListItem","position":1,"name":"Home","item":"https:\/\/progettotouring.it\/radiotouring104\/"},{"@type":"ListItem","position":2,"name":"Sposato (Cigl)&#8221;Pericolo Autonomia Differenziata. Il 13 febbraio sostegno ad Anci e Sindaci&#8221;"}]},{"@type":"WebSite","@id":"https:\/\/progettotouring.it\/radiotouring104\/#website","url":"https:\/\/progettotouring.it\/radiotouring104\/","name":"Radio Touring 104","description":"La prima radio Reggina","publisher":{"@id":"https:\/\/progettotouring.it\/radiotouring104\/#organization"},"potentialAction":[{"@type":"SearchAction","target":{"@type":"EntryPoint","urlTemplate":"https:\/\/progettotouring.it\/radiotouring104\/?s={search_term_string}"},"query-input":{"@type":"PropertyValueSpecification","valueRequired":true,"valueName":"search_term_string"}}],"inLanguage":"it-IT"},{"@type":"Organization","@id":"https:\/\/progettotouring.it\/radiotouring104\/#organization","name":"Radio Touring 104","url":"https:\/\/progettotouring.it\/radiotouring104\/","logo":{"@type":"ImageObject","inLanguage":"it-IT","@id":"https:\/\/progettotouring.it\/radiotouring104\/#\/schema\/logo\/image\/","url":"https:\/\/progettotouring.it\/radiotouring104\/wp-content\/uploads\/sites\/6\/2022\/02\/cropped-logo-radio-touring-104.png","contentUrl":"https:\/\/progettotouring.it\/radiotouring104\/wp-content\/uploads\/sites\/6\/2022\/02\/cropped-logo-radio-touring-104.png","width":377,"height":182,"caption":"Radio Touring 104"},"image":{"@id":"https:\/\/progettotouring.it\/radiotouring104\/#\/schema\/logo\/image\/"}},{"@type":"Person","@id":"https:\/\/progettotouring.it\/radiotouring104\/#\/schema\/person\/78613917f1851f041f7483f5af1d422e","name":"Sebastiano Plutino","image":{"@type":"ImageObject","inLanguage":"it-IT","@id":"https:\/\/secure.gravatar.com\/avatar\/0546ffaa9b79224faf9f2a156b67a529ae861d3287c66c1d8ccfdf909bcba78d?s=96&d=mm&r=g","url":"https:\/\/secure.gravatar.com\/avatar\/0546ffaa9b79224faf9f2a156b67a529ae861d3287c66c1d8ccfdf909bcba78d?s=96&d=mm&r=g","contentUrl":"https:\/\/secure.gravatar.com\/avatar\/0546ffaa9b79224faf9f2a156b67a529ae861d3287c66c1d8ccfdf909bcba78d?s=96&d=mm&r=g","caption":"Sebastiano Plutino"},"url":"https:\/\/progettotouring.it\/radiotouring104\/author\/sebastiano\/"}]}},"jetpack_publicize_connections":[],"jetpack_featured_media_url":"https:\/\/progettotouring.it\/radiotouring104\/wp-content\/uploads\/sites\/6\/2023\/04\/Angelo-Sposato.jpg","jetpack_sharing_enabled":true,"_links":{"self":[{"href":"https:\/\/progettotouring.it\/radiotouring104\/wp-json\/wp\/v2\/posts\/44332","targetHints":{"allow":["GET"]}}],"collection":[{"href":"https:\/\/progettotouring.it\/radiotouring104\/wp-json\/wp\/v2\/posts"}],"about":[{"href":"https:\/\/progettotouring.it\/radiotouring104\/wp-json\/wp\/v2\/types\/post"}],"author":[{"embeddable":true,"href":"https:\/\/progettotouring.it\/radiotouring104\/wp-json\/wp\/v2\/users\/12"}],"replies":[{"embeddable":true,"href":"https:\/\/progettotouring.it\/radiotouring104\/wp-json\/wp\/v2\/comments?post=44332"}],"version-history":[{"count":1,"href":"https:\/\/progettotouring.it\/radiotouring104\/wp-json\/wp\/v2\/posts\/44332\/revisions"}],"predecessor-version":[{"id":44333,"href":"https:\/\/progettotouring.it\/radiotouring104\/wp-json\/wp\/v2\/posts\/44332\/revisions\/44333"}],"wp:featuredmedia":[{"embeddable":true,"href":"https:\/\/progettotouring.it\/radiotouring104\/wp-json\/wp\/v2\/media\/23345"}],"wp:attachment":[{"href":"https:\/\/progettotouring.it\/radiotouring104\/wp-json\/wp\/v2\/media?parent=44332"}],"wp:term":[{"taxonomy":"category","embeddable":true,"href":"https:\/\/progettotouring.it\/radiotouring104\/wp-json\/wp\/v2\/categories?post=44332"},{"taxonomy":"post_tag","embeddable":true,"href":"https:\/\/progettotouring.it\/radiotouring104\/wp-json\/wp\/v2\/tags?post=44332"}],"curies":[{"name":"wp","href":"https:\/\/api.w.org\/{rel}","templated":true}]}}