{"id":44336,"date":"2024-02-09T12:38:15","date_gmt":"2024-02-09T11:38:15","guid":{"rendered":"https:\/\/progettotouring.it\/radiotouring104\/?p=44336"},"modified":"2024-02-09T12:40:02","modified_gmt":"2024-02-09T11:40:02","slug":"gioia-tauro-bullismo-nelle-scuole-carabinieri-incontrano-300-alunni-delle-medie","status":"publish","type":"post","link":"https:\/\/progettotouring.it\/radiotouring104\/2024\/02\/09\/gioia-tauro-bullismo-nelle-scuole-carabinieri-incontrano-300-alunni-delle-medie\/","title":{"rendered":"Gioia Tauro, Bullismo nelle scuole: Carabinieri incontrano 300 alunni delle medie"},"content":{"rendered":"<p style=\"text-align: justify\">In occasione della giornata nazionale contro il bullismo ed il cyberbullismo, i Carabinieri del Gruppo di Gioia Tauro hanno organizzato due giorni di approfondimento sul tema. Coinvolto l\u2019istituto comprensivo \u201cDe Zerbi \u2013 Milone di Palmi, dove due Ufficiali ed un Comandante di Stazione hanno illustrato ai ragazzi cosa s\u2019intende per bullismo, quali sono le caratteristiche del bullo, chi sono gli attori in un episodio di bullismo: dal bullo, alla vittima, agli spettatori. In aggiunta, i Carabinieri hanno ricordato a che tipo di conseguenze si va incontro nel caso di comportamenti contro la Legge ed hanno inoltre illustrato i principali reati che un bullo pu\u00f2 compiere, magari senza la consapevolezza delle conseguenze penalmente rilevanti, nel caso si palesino comportamenti aggressivi.<\/p>\n<p style=\"text-align: justify\">Sono stati quindi illustrati gli illeciti pi\u00f9 comuni, quali le percosse, le lesioni, le minacce, il furto, l\u2019estorsione ed i danneggiamenti, nonch\u00e9 gli atti persecutori; una particolare attenzione \u00e8 stata rivolta alla rete internet ed ai telefoni cellulari, approfondendo le tematiche della diffamazione e della diffusione di video ed immagini a contenuto sessualmente esplicito. Ai ragazzi, inoltre, \u00e8 stato ricordato come gli insegnanti siano pubblici ufficiali, sottolineando crimini quali l\u2019oltraggio a pubblico ufficiale, la minaccia e la resistenza.<\/p>\n<p style=\"text-align: justify\">Al di l\u00e0 dell\u2019aspetto sanzionatorio, ai giovani alunni \u00e8 stato illustrato come poter aiutare una vittima di bullismo, ricordando che anche il bullo \u00e8, di per s\u00e9, una vittima, necessitando anch\u2019egli di aiuto e di un percorso rieducativo.<\/p>\n<p style=\"text-align: justify\">Infine, ai ragazzi \u00e8 stato ricordato come si chiamano le forze dell\u2019ordine ma anche altri servizi, quali il numero di pubblica utilit\u00e0 114, dedicato all\u2019infanzia, ed il numero 19696 dell\u2019ormai famoso telefono azzurro.<\/p>\n<p style=\"text-align: justify\">Gli alunni sono intervenuti con domande, esperienze personali e propri punti di vista, mostrando particolare attenzione sul tema. Nel corso dei tre seminari, hanno partecipato, in totale, circa 300 scolari.<\/p>\n<p style=\"text-align: justify\">Gli incontri, rientranti nel pi\u00f9 ampio progetto della Cultura della Legalit\u00e0, come di consueto, non si limiteranno alla specifica occasione ma verranno riproposti nel futuro, abbracciando le tematiche pi\u00f9 sentite all\u2019interno degli istituti scolastici, dal rispetto del codice della strada, agli stupefacenti, alla violenza sulle donne e sulle cosiddette fasce deboli.<\/p>\n","protected":false},"excerpt":{"rendered":"<p>In occasione della giornata nazionale contro il bullismo ed il cyberbullismo, i Carabinieri del Gruppo di Gioia Tauro hanno organizzato due giorni di approfondimento sul tema. Coinvolto l\u2019istituto comprensivo \u201cDe&hellip;<\/p>\n","protected":false},"author":12,"featured_media":44337,"comment_status":"closed","ping_status":"open","sticky":false,"template":"","format":"standard","meta":{"_jetpack_memberships_contains_paid_content":false,"footnotes":"","jetpack_publicize_message":"","jetpack_publicize_feature_enabled":true,"jetpack_social_post_already_shared":false,"jetpack_social_options":{"image_generator_settings":{"template":"highway","default_image_id":0,"font":"","enabled":false},"version":2}},"categories":[921,196,140],"tags":[27365,9910,27366],"class_list":["post-44336","post","type-post","status-publish","format-standard","has-post-thumbnail","hentry","category-home","category-news","category-reggio-calabria","tag-bullismo-nelle-scuole","tag-carabinieri-gioia-tauro","tag-listituto-de-zerbi-milone-di-palmi"],"yoast_head":"<!-- This site is optimized with the Yoast SEO plugin v27.2 - https:\/\/yoast.com\/product\/yoast-seo-wordpress\/ -->\n<title>Gioia Tauro, Bullismo: Carabinieri incontrano 300 alunni medie<\/title>\n<meta name=\"description\" content=\"Svolto Incontro dei Carabinieri del Gruppo di Gioia Tauro con 300 alunni l\u2019istituto \u201cDe Zerbi \u2013 Milone di Palmi sul bullismo\" \/>\n<meta name=\"robots\" content=\"index, follow, max-snippet:-1, max-image-preview:large, max-video-preview:-1\" \/>\n<link rel=\"canonical\" href=\"https:\/\/progettotouring.it\/radiotouring104\/2024\/02\/09\/gioia-tauro-bullismo-nelle-scuole-carabinieri-incontrano-300-alunni-delle-medie\/\" \/>\n<meta property=\"og:locale\" content=\"it_IT\" \/>\n<meta property=\"og:type\" content=\"article\" \/>\n<meta property=\"og:title\" content=\"Gioia Tauro, Bullismo: Carabinieri incontrano 300 alunni medie\" \/>\n<meta property=\"og:description\" content=\"Svolto Incontro dei Carabinieri del Gruppo di Gioia Tauro con 300 alunni l\u2019istituto \u201cDe Zerbi \u2013 Milone di Palmi sul bullismo\" \/>\n<meta property=\"og:url\" content=\"https:\/\/progettotouring.it\/radiotouring104\/2024\/02\/09\/gioia-tauro-bullismo-nelle-scuole-carabinieri-incontrano-300-alunni-delle-medie\/\" \/>\n<meta property=\"og:site_name\" content=\"Radio Touring 104\" \/>\n<meta property=\"article:published_time\" content=\"2024-02-09T11:38:15+00:00\" \/>\n<meta property=\"article:modified_time\" content=\"2024-02-09T11:40:02+00:00\" \/>\n<meta property=\"og:image\" content=\"https:\/\/progettotouring.it\/radiotouring104\/wp-content\/uploads\/sites\/6\/2024\/02\/Foto-Scuola-Palmi-Carabinieri-Bullismo.jpg\" \/>\n\t<meta property=\"og:image:width\" content=\"1600\" \/>\n\t<meta property=\"og:image:height\" content=\"1200\" \/>\n\t<meta property=\"og:image:type\" content=\"image\/jpeg\" \/>\n<meta name=\"author\" content=\"Sebastiano Plutino\" \/>\n<meta name=\"twitter:card\" content=\"summary_large_image\" \/>\n<meta name=\"twitter:label1\" content=\"Scritto da\" \/>\n\t<meta name=\"twitter:data1\" content=\"Sebastiano Plutino\" \/>\n\t<meta name=\"twitter:label2\" content=\"Tempo di lettura stimato\" \/>\n\t<meta name=\"twitter:data2\" content=\"2 minuti\" \/>\n<script type=\"application\/ld+json\" class=\"yoast-schema-graph\">{\"@context\":\"https:\/\/schema.org\",\"@graph\":[{\"@type\":\"Article\",\"@id\":\"https:\/\/progettotouring.it\/radiotouring104\/2024\/02\/09\/gioia-tauro-bullismo-nelle-scuole-carabinieri-incontrano-300-alunni-delle-medie\/#article\",\"isPartOf\":{\"@id\":\"https:\/\/progettotouring.it\/radiotouring104\/2024\/02\/09\/gioia-tauro-bullismo-nelle-scuole-carabinieri-incontrano-300-alunni-delle-medie\/\"},\"author\":{\"name\":\"Sebastiano Plutino\",\"@id\":\"https:\/\/progettotouring.it\/radiotouring104\/#\/schema\/person\/78613917f1851f041f7483f5af1d422e\"},\"headline\":\"Gioia Tauro, Bullismo nelle scuole: Carabinieri incontrano 300 alunni delle medie\",\"datePublished\":\"2024-02-09T11:38:15+00:00\",\"dateModified\":\"2024-02-09T11:40:02+00:00\",\"mainEntityOfPage\":{\"@id\":\"https:\/\/progettotouring.it\/radiotouring104\/2024\/02\/09\/gioia-tauro-bullismo-nelle-scuole-carabinieri-incontrano-300-alunni-delle-medie\/\"},\"wordCount\":360,\"publisher\":{\"@id\":\"https:\/\/progettotouring.it\/radiotouring104\/#organization\"},\"image\":{\"@id\":\"https:\/\/progettotouring.it\/radiotouring104\/2024\/02\/09\/gioia-tauro-bullismo-nelle-scuole-carabinieri-incontrano-300-alunni-delle-medie\/#primaryimage\"},\"thumbnailUrl\":\"https:\/\/progettotouring.it\/radiotouring104\/wp-content\/uploads\/sites\/6\/2024\/02\/Foto-Scuola-Palmi-Carabinieri-Bullismo.jpg\",\"keywords\":[\"bullismo nelle scuole\",\"Carabinieri Gioia Tauro\",\"l\u2019istituto \u201cDe Zerbi \u2013 Milone di Palmi\"],\"articleSection\":[\"Home\",\"News\",\"Reggio Calabria\"],\"inLanguage\":\"it-IT\"},{\"@type\":\"WebPage\",\"@id\":\"https:\/\/progettotouring.it\/radiotouring104\/2024\/02\/09\/gioia-tauro-bullismo-nelle-scuole-carabinieri-incontrano-300-alunni-delle-medie\/\",\"url\":\"https:\/\/progettotouring.it\/radiotouring104\/2024\/02\/09\/gioia-tauro-bullismo-nelle-scuole-carabinieri-incontrano-300-alunni-delle-medie\/\",\"name\":\"Gioia Tauro, Bullismo: Carabinieri incontrano 300 alunni medie\",\"isPartOf\":{\"@id\":\"https:\/\/progettotouring.it\/radiotouring104\/#website\"},\"primaryImageOfPage\":{\"@id\":\"https:\/\/progettotouring.it\/radiotouring104\/2024\/02\/09\/gioia-tauro-bullismo-nelle-scuole-carabinieri-incontrano-300-alunni-delle-medie\/#primaryimage\"},\"image\":{\"@id\":\"https:\/\/progettotouring.it\/radiotouring104\/2024\/02\/09\/gioia-tauro-bullismo-nelle-scuole-carabinieri-incontrano-300-alunni-delle-medie\/#primaryimage\"},\"thumbnailUrl\":\"https:\/\/progettotouring.it\/radiotouring104\/wp-content\/uploads\/sites\/6\/2024\/02\/Foto-Scuola-Palmi-Carabinieri-Bullismo.jpg\",\"datePublished\":\"2024-02-09T11:38:15+00:00\",\"dateModified\":\"2024-02-09T11:40:02+00:00\",\"description\":\"Svolto Incontro dei Carabinieri del Gruppo di Gioia Tauro con 300 alunni l\u2019istituto \u201cDe Zerbi \u2013 Milone di Palmi sul bullismo\",\"breadcrumb\":{\"@id\":\"https:\/\/progettotouring.it\/radiotouring104\/2024\/02\/09\/gioia-tauro-bullismo-nelle-scuole-carabinieri-incontrano-300-alunni-delle-medie\/#breadcrumb\"},\"inLanguage\":\"it-IT\",\"potentialAction\":[{\"@type\":\"ReadAction\",\"target\":[\"https:\/\/progettotouring.it\/radiotouring104\/2024\/02\/09\/gioia-tauro-bullismo-nelle-scuole-carabinieri-incontrano-300-alunni-delle-medie\/\"]}]},{\"@type\":\"ImageObject\",\"inLanguage\":\"it-IT\",\"@id\":\"https:\/\/progettotouring.it\/radiotouring104\/2024\/02\/09\/gioia-tauro-bullismo-nelle-scuole-carabinieri-incontrano-300-alunni-delle-medie\/#primaryimage\",\"url\":\"https:\/\/progettotouring.it\/radiotouring104\/wp-content\/uploads\/sites\/6\/2024\/02\/Foto-Scuola-Palmi-Carabinieri-Bullismo.jpg\",\"contentUrl\":\"https:\/\/progettotouring.it\/radiotouring104\/wp-content\/uploads\/sites\/6\/2024\/02\/Foto-Scuola-Palmi-Carabinieri-Bullismo.jpg\",\"width\":1600,\"height\":1200},{\"@type\":\"BreadcrumbList\",\"@id\":\"https:\/\/progettotouring.it\/radiotouring104\/2024\/02\/09\/gioia-tauro-bullismo-nelle-scuole-carabinieri-incontrano-300-alunni-delle-medie\/#breadcrumb\",\"itemListElement\":[{\"@type\":\"ListItem\",\"position\":1,\"name\":\"Home\",\"item\":\"https:\/\/progettotouring.it\/radiotouring104\/\"},{\"@type\":\"ListItem\",\"position\":2,\"name\":\"Gioia Tauro, Bullismo nelle scuole: Carabinieri incontrano 300 alunni delle medie\"}]},{\"@type\":\"WebSite\",\"@id\":\"https:\/\/progettotouring.it\/radiotouring104\/#website\",\"url\":\"https:\/\/progettotouring.it\/radiotouring104\/\",\"name\":\"Radio Touring 104\",\"description\":\"La prima radio Reggina\",\"publisher\":{\"@id\":\"https:\/\/progettotouring.it\/radiotouring104\/#organization\"},\"potentialAction\":[{\"@type\":\"SearchAction\",\"target\":{\"@type\":\"EntryPoint\",\"urlTemplate\":\"https:\/\/progettotouring.it\/radiotouring104\/?s={search_term_string}\"},\"query-input\":{\"@type\":\"PropertyValueSpecification\",\"valueRequired\":true,\"valueName\":\"search_term_string\"}}],\"inLanguage\":\"it-IT\"},{\"@type\":\"Organization\",\"@id\":\"https:\/\/progettotouring.it\/radiotouring104\/#organization\",\"name\":\"Radio Touring 104\",\"url\":\"https:\/\/progettotouring.it\/radiotouring104\/\",\"logo\":{\"@type\":\"ImageObject\",\"inLanguage\":\"it-IT\",\"@id\":\"https:\/\/progettotouring.it\/radiotouring104\/#\/schema\/logo\/image\/\",\"url\":\"https:\/\/progettotouring.it\/radiotouring104\/wp-content\/uploads\/sites\/6\/2022\/02\/cropped-logo-radio-touring-104.png\",\"contentUrl\":\"https:\/\/progettotouring.it\/radiotouring104\/wp-content\/uploads\/sites\/6\/2022\/02\/cropped-logo-radio-touring-104.png\",\"width\":377,\"height\":182,\"caption\":\"Radio Touring 104\"},\"image\":{\"@id\":\"https:\/\/progettotouring.it\/radiotouring104\/#\/schema\/logo\/image\/\"}},{\"@type\":\"Person\",\"@id\":\"https:\/\/progettotouring.it\/radiotouring104\/#\/schema\/person\/78613917f1851f041f7483f5af1d422e\",\"name\":\"Sebastiano Plutino\",\"image\":{\"@type\":\"ImageObject\",\"inLanguage\":\"it-IT\",\"@id\":\"https:\/\/secure.gravatar.com\/avatar\/0546ffaa9b79224faf9f2a156b67a529ae861d3287c66c1d8ccfdf909bcba78d?s=96&d=mm&r=g\",\"url\":\"https:\/\/secure.gravatar.com\/avatar\/0546ffaa9b79224faf9f2a156b67a529ae861d3287c66c1d8ccfdf909bcba78d?s=96&d=mm&r=g\",\"contentUrl\":\"https:\/\/secure.gravatar.com\/avatar\/0546ffaa9b79224faf9f2a156b67a529ae861d3287c66c1d8ccfdf909bcba78d?s=96&d=mm&r=g\",\"caption\":\"Sebastiano Plutino\"},\"url\":\"https:\/\/progettotouring.it\/radiotouring104\/author\/sebastiano\/\"}]}<\/script>\n<!-- \/ Yoast SEO plugin. -->","yoast_head_json":{"title":"Gioia Tauro, Bullismo: Carabinieri incontrano 300 alunni medie","description":"Svolto Incontro dei Carabinieri del Gruppo di Gioia Tauro con 300 alunni l\u2019istituto \u201cDe Zerbi \u2013 Milone di Palmi sul bullismo","robots":{"index":"index","follow":"follow","max-snippet":"max-snippet:-1","max-image-preview":"max-image-preview:large","max-video-preview":"max-video-preview:-1"},"canonical":"https:\/\/progettotouring.it\/radiotouring104\/2024\/02\/09\/gioia-tauro-bullismo-nelle-scuole-carabinieri-incontrano-300-alunni-delle-medie\/","og_locale":"it_IT","og_type":"article","og_title":"Gioia Tauro, Bullismo: Carabinieri incontrano 300 alunni medie","og_description":"Svolto Incontro dei Carabinieri del Gruppo di Gioia Tauro con 300 alunni l\u2019istituto \u201cDe Zerbi \u2013 Milone di Palmi sul bullismo","og_url":"https:\/\/progettotouring.it\/radiotouring104\/2024\/02\/09\/gioia-tauro-bullismo-nelle-scuole-carabinieri-incontrano-300-alunni-delle-medie\/","og_site_name":"Radio Touring 104","article_published_time":"2024-02-09T11:38:15+00:00","article_modified_time":"2024-02-09T11:40:02+00:00","og_image":[{"width":1600,"height":1200,"url":"https:\/\/progettotouring.it\/radiotouring104\/wp-content\/uploads\/sites\/6\/2024\/02\/Foto-Scuola-Palmi-Carabinieri-Bullismo.jpg","type":"image\/jpeg"}],"author":"Sebastiano Plutino","twitter_card":"summary_large_image","twitter_misc":{"Scritto da":"Sebastiano Plutino","Tempo di lettura stimato":"2 minuti"},"schema":{"@context":"https:\/\/schema.org","@graph":[{"@type":"Article","@id":"https:\/\/progettotouring.it\/radiotouring104\/2024\/02\/09\/gioia-tauro-bullismo-nelle-scuole-carabinieri-incontrano-300-alunni-delle-medie\/#article","isPartOf":{"@id":"https:\/\/progettotouring.it\/radiotouring104\/2024\/02\/09\/gioia-tauro-bullismo-nelle-scuole-carabinieri-incontrano-300-alunni-delle-medie\/"},"author":{"name":"Sebastiano Plutino","@id":"https:\/\/progettotouring.it\/radiotouring104\/#\/schema\/person\/78613917f1851f041f7483f5af1d422e"},"headline":"Gioia Tauro, Bullismo nelle scuole: Carabinieri incontrano 300 alunni delle medie","datePublished":"2024-02-09T11:38:15+00:00","dateModified":"2024-02-09T11:40:02+00:00","mainEntityOfPage":{"@id":"https:\/\/progettotouring.it\/radiotouring104\/2024\/02\/09\/gioia-tauro-bullismo-nelle-scuole-carabinieri-incontrano-300-alunni-delle-medie\/"},"wordCount":360,"publisher":{"@id":"https:\/\/progettotouring.it\/radiotouring104\/#organization"},"image":{"@id":"https:\/\/progettotouring.it\/radiotouring104\/2024\/02\/09\/gioia-tauro-bullismo-nelle-scuole-carabinieri-incontrano-300-alunni-delle-medie\/#primaryimage"},"thumbnailUrl":"https:\/\/progettotouring.it\/radiotouring104\/wp-content\/uploads\/sites\/6\/2024\/02\/Foto-Scuola-Palmi-Carabinieri-Bullismo.jpg","keywords":["bullismo nelle scuole","Carabinieri Gioia Tauro","l\u2019istituto \u201cDe Zerbi \u2013 Milone di Palmi"],"articleSection":["Home","News","Reggio Calabria"],"inLanguage":"it-IT"},{"@type":"WebPage","@id":"https:\/\/progettotouring.it\/radiotouring104\/2024\/02\/09\/gioia-tauro-bullismo-nelle-scuole-carabinieri-incontrano-300-alunni-delle-medie\/","url":"https:\/\/progettotouring.it\/radiotouring104\/2024\/02\/09\/gioia-tauro-bullismo-nelle-scuole-carabinieri-incontrano-300-alunni-delle-medie\/","name":"Gioia Tauro, Bullismo: Carabinieri incontrano 300 alunni medie","isPartOf":{"@id":"https:\/\/progettotouring.it\/radiotouring104\/#website"},"primaryImageOfPage":{"@id":"https:\/\/progettotouring.it\/radiotouring104\/2024\/02\/09\/gioia-tauro-bullismo-nelle-scuole-carabinieri-incontrano-300-alunni-delle-medie\/#primaryimage"},"image":{"@id":"https:\/\/progettotouring.it\/radiotouring104\/2024\/02\/09\/gioia-tauro-bullismo-nelle-scuole-carabinieri-incontrano-300-alunni-delle-medie\/#primaryimage"},"thumbnailUrl":"https:\/\/progettotouring.it\/radiotouring104\/wp-content\/uploads\/sites\/6\/2024\/02\/Foto-Scuola-Palmi-Carabinieri-Bullismo.jpg","datePublished":"2024-02-09T11:38:15+00:00","dateModified":"2024-02-09T11:40:02+00:00","description":"Svolto Incontro dei Carabinieri del Gruppo di Gioia Tauro con 300 alunni l\u2019istituto \u201cDe Zerbi \u2013 Milone di Palmi sul bullismo","breadcrumb":{"@id":"https:\/\/progettotouring.it\/radiotouring104\/2024\/02\/09\/gioia-tauro-bullismo-nelle-scuole-carabinieri-incontrano-300-alunni-delle-medie\/#breadcrumb"},"inLanguage":"it-IT","potentialAction":[{"@type":"ReadAction","target":["https:\/\/progettotouring.it\/radiotouring104\/2024\/02\/09\/gioia-tauro-bullismo-nelle-scuole-carabinieri-incontrano-300-alunni-delle-medie\/"]}]},{"@type":"ImageObject","inLanguage":"it-IT","@id":"https:\/\/progettotouring.it\/radiotouring104\/2024\/02\/09\/gioia-tauro-bullismo-nelle-scuole-carabinieri-incontrano-300-alunni-delle-medie\/#primaryimage","url":"https:\/\/progettotouring.it\/radiotouring104\/wp-content\/uploads\/sites\/6\/2024\/02\/Foto-Scuola-Palmi-Carabinieri-Bullismo.jpg","contentUrl":"https:\/\/progettotouring.it\/radiotouring104\/wp-content\/uploads\/sites\/6\/2024\/02\/Foto-Scuola-Palmi-Carabinieri-Bullismo.jpg","width":1600,"height":1200},{"@type":"BreadcrumbList","@id":"https:\/\/progettotouring.it\/radiotouring104\/2024\/02\/09\/gioia-tauro-bullismo-nelle-scuole-carabinieri-incontrano-300-alunni-delle-medie\/#breadcrumb","itemListElement":[{"@type":"ListItem","position":1,"name":"Home","item":"https:\/\/progettotouring.it\/radiotouring104\/"},{"@type":"ListItem","position":2,"name":"Gioia Tauro, Bullismo nelle scuole: Carabinieri incontrano 300 alunni delle medie"}]},{"@type":"WebSite","@id":"https:\/\/progettotouring.it\/radiotouring104\/#website","url":"https:\/\/progettotouring.it\/radiotouring104\/","name":"Radio Touring 104","description":"La prima radio Reggina","publisher":{"@id":"https:\/\/progettotouring.it\/radiotouring104\/#organization"},"potentialAction":[{"@type":"SearchAction","target":{"@type":"EntryPoint","urlTemplate":"https:\/\/progettotouring.it\/radiotouring104\/?s={search_term_string}"},"query-input":{"@type":"PropertyValueSpecification","valueRequired":true,"valueName":"search_term_string"}}],"inLanguage":"it-IT"},{"@type":"Organization","@id":"https:\/\/progettotouring.it\/radiotouring104\/#organization","name":"Radio Touring 104","url":"https:\/\/progettotouring.it\/radiotouring104\/","logo":{"@type":"ImageObject","inLanguage":"it-IT","@id":"https:\/\/progettotouring.it\/radiotouring104\/#\/schema\/logo\/image\/","url":"https:\/\/progettotouring.it\/radiotouring104\/wp-content\/uploads\/sites\/6\/2022\/02\/cropped-logo-radio-touring-104.png","contentUrl":"https:\/\/progettotouring.it\/radiotouring104\/wp-content\/uploads\/sites\/6\/2022\/02\/cropped-logo-radio-touring-104.png","width":377,"height":182,"caption":"Radio Touring 104"},"image":{"@id":"https:\/\/progettotouring.it\/radiotouring104\/#\/schema\/logo\/image\/"}},{"@type":"Person","@id":"https:\/\/progettotouring.it\/radiotouring104\/#\/schema\/person\/78613917f1851f041f7483f5af1d422e","name":"Sebastiano Plutino","image":{"@type":"ImageObject","inLanguage":"it-IT","@id":"https:\/\/secure.gravatar.com\/avatar\/0546ffaa9b79224faf9f2a156b67a529ae861d3287c66c1d8ccfdf909bcba78d?s=96&d=mm&r=g","url":"https:\/\/secure.gravatar.com\/avatar\/0546ffaa9b79224faf9f2a156b67a529ae861d3287c66c1d8ccfdf909bcba78d?s=96&d=mm&r=g","contentUrl":"https:\/\/secure.gravatar.com\/avatar\/0546ffaa9b79224faf9f2a156b67a529ae861d3287c66c1d8ccfdf909bcba78d?s=96&d=mm&r=g","caption":"Sebastiano Plutino"},"url":"https:\/\/progettotouring.it\/radiotouring104\/author\/sebastiano\/"}]}},"jetpack_publicize_connections":[],"jetpack_featured_media_url":"https:\/\/progettotouring.it\/radiotouring104\/wp-content\/uploads\/sites\/6\/2024\/02\/Foto-Scuola-Palmi-Carabinieri-Bullismo.jpg","jetpack_sharing_enabled":true,"_links":{"self":[{"href":"https:\/\/progettotouring.it\/radiotouring104\/wp-json\/wp\/v2\/posts\/44336","targetHints":{"allow":["GET"]}}],"collection":[{"href":"https:\/\/progettotouring.it\/radiotouring104\/wp-json\/wp\/v2\/posts"}],"about":[{"href":"https:\/\/progettotouring.it\/radiotouring104\/wp-json\/wp\/v2\/types\/post"}],"author":[{"embeddable":true,"href":"https:\/\/progettotouring.it\/radiotouring104\/wp-json\/wp\/v2\/users\/12"}],"replies":[{"embeddable":true,"href":"https:\/\/progettotouring.it\/radiotouring104\/wp-json\/wp\/v2\/comments?post=44336"}],"version-history":[{"count":2,"href":"https:\/\/progettotouring.it\/radiotouring104\/wp-json\/wp\/v2\/posts\/44336\/revisions"}],"predecessor-version":[{"id":44339,"href":"https:\/\/progettotouring.it\/radiotouring104\/wp-json\/wp\/v2\/posts\/44336\/revisions\/44339"}],"wp:featuredmedia":[{"embeddable":true,"href":"https:\/\/progettotouring.it\/radiotouring104\/wp-json\/wp\/v2\/media\/44337"}],"wp:attachment":[{"href":"https:\/\/progettotouring.it\/radiotouring104\/wp-json\/wp\/v2\/media?parent=44336"}],"wp:term":[{"taxonomy":"category","embeddable":true,"href":"https:\/\/progettotouring.it\/radiotouring104\/wp-json\/wp\/v2\/categories?post=44336"},{"taxonomy":"post_tag","embeddable":true,"href":"https:\/\/progettotouring.it\/radiotouring104\/wp-json\/wp\/v2\/tags?post=44336"}],"curies":[{"name":"wp","href":"https:\/\/api.w.org\/{rel}","templated":true}]}}