{"id":44345,"date":"2024-02-09T13:00:48","date_gmt":"2024-02-09T12:00:48","guid":{"rendered":"https:\/\/progettotouring.it\/radiotouring104\/?p=44345"},"modified":"2024-02-09T13:00:48","modified_gmt":"2024-02-09T12:00:48","slug":"calabria-film-commission-annuncia-il-concorso-per-giovani-creativita-talentuosa","status":"publish","type":"post","link":"https:\/\/progettotouring.it\/radiotouring104\/2024\/02\/09\/calabria-film-commission-annuncia-il-concorso-per-giovani-creativita-talentuosa\/","title":{"rendered":"Calabria Film Commission annuncia il concorso per giovani &#8220;Creativit\u00e0 Talentuosa&#8221;"},"content":{"rendered":"<div style=\"text-align: justify\"><strong>La Regione Calabria e la Calabria Film Commission annunciano<\/strong>, in collaborazione con <strong>Anica Academy ETS, il lancio di:<\/strong><em> \u201cCreativit\u00e0 talentuosa\u201d,<\/em> <em>un\u2019iniziativa che nasce con l\u2019obiettivo di dare spazio ai giovani e alla creativit\u00e0<\/em>, valorizzando il loro talento nell\u2019ambito di un progetto<strong> che ponga particolare attenzione agli ambiti culturali, linguistici e storici delle comunit\u00e0 calabresi.<\/strong><\/div>\n<div>\n<p style=\"text-align: justify\">Attraverso dei percorsi laboratoriali dedicati a scrittura, produzione, film making e comunicazione, i partecipanti avranno la possibilit\u00e0 di realizzare i propri progetti per il territorio con il supporto dei migliori professionisti dell\u2019audiovisivo. Le loro idee saranno presentate ad una commissione di esperti e la migliore prodotta entro l\u2019anno.<\/p>\n<p style=\"text-align: justify\">Il programma che prevede una fase di laboratori propedeutica al vero e proprio sviluppo di un\u2019idea dal punto di vista creativo, organizzativo, comunicativo e distributivo, \u00e8 <strong>gratuito e dedicato<\/strong> esclusivamente ai <strong>giovani residenti in Calabria con un\u2019et\u00e0 compresa tra i 18 e i 34 anni<\/strong>. <strong>Le attivit\u00e0 <\/strong>avranno inizio ad <strong>aprile 2024 <\/strong>e si terranno presso la Fondazione Terina, zona industriale Benedetto XVI, localit\u00e0 Ficarelle, Lamezia Terme.<\/p>\n<p style=\"text-align: justify\">Progetto realizzato con il contributo del Dipartimento Politiche giovanili e del Servizio Civile Universale e della Regione Calabria, in attuazione dell\u2019Intesa\/accordo N. 101 Del 7 ottobre 2010.<\/p>\n<p style=\"text-align: justify\"><strong>\u00a0<\/strong><\/p>\n<p style=\"text-align: justify\"><strong>Il termine per presentare la domanda di ammissione \u00e8 il 29 febbraio 2024.<\/strong><\/p>\n<p style=\"text-align: justify\"><strong>\u00a0<\/strong><\/p>\n<p style=\"text-align: justify\">Bando completo: <a href=\"https:\/\/www.anicaacademy.org\/creativita-talentuosa\/\">https:\/\/www.anicaacademy.org\/creativita-talentuosa\/<\/a><strong><em>\u00a0<\/em><\/strong><\/p>\n<p style=\"text-align: justify\"><strong><em>\u00a0<\/em><\/strong><\/p>\n<p style=\"text-align: justify\"><strong><em>Francesco Rutelli \u2013 Presidente ANICA e Anica Academy ETS:<\/em><\/strong><em>\u00a0&#8220;<\/em><em>Siamo orgogliosi della proficua collaborazione con la Fondazione Calabria Film Commission e la Regione Calabria, che ha dato vita ad un significativo progetto di formazione e sta creando nuove opportunit\u00e0 per i giovani calabresi che coltivano la passione per il cinema e la TV. Questo percorso esalta in modo particolare le loro capacit\u00e0 creative e consentir\u00e0 ad alcuni di loro di generare un\u2019opera che potrebbe essere il primo tassello della carriera. In un mondo in cui la creativit\u00e0 e l&#8217;innovazione sono motori decisivi per lo sviluppo sociale ed economico, \u00e8 essenziale dare spazio ai giovani talenti, valorizzando le loro capacit\u00e0 e idee per il bene delle comunit\u00e0. In questo contesto, un progetto focalizzato sullo sviluppo della creativit\u00e0 giovanile e sulle ricchezze culturali, linguistiche e storiche delle comunit\u00e0 calabresi emerge come una promettente opportunit\u00e0<\/em><em>\u201d.<\/em><\/p>\n<p style=\"text-align: justify\"><em>\u00a0<\/em><\/p>\n<p style=\"text-align: justify\"><strong>OBIETTIVI <\/strong><\/p>\n<p style=\"text-align: justify\">\n<p style=\"text-align: justify\">Si tratta di una chiamata di idee, in cui si chieder\u00e0 agli studenti selezionati di sviluppare dei concept, vera e propria creazione e sviluppo di idee audiovisive sotto il profilo del loro valore comunicativo, produttivo e distributivo.<\/p>\n<p style=\"text-align: justify\">Raccontare un territorio e le sue caratteristiche identitarie rappresenta una delle sfide principali in un mondo caratterizzato da una sovrabbondanza di informazioni e di contenuti: rendersi riconoscibile in maniera efficace e coerente \u00e8 assolutamente una prerogativa per rimanere impressi nella mente dei target di riferimento della comunicazione.<\/p>\n<p style=\"text-align: justify\">Per affrontare questa sfida nasce \u201cCreativit\u00e0 Talentuosa\u201d. Gli obiettivi principali sono:<\/p>\n<p style=\"text-align: justify\">\n<ul style=\"text-align: justify\">\n<li>valorizzare la creativit\u00e0 e i talenti di giovani residenti in Calabria al fine di promuovere un concept audiovisivo innovativo di comunicazione territoriale<\/li>\n<li>Acquisire una visione di insieme per poter lavorare a campagne di comunicazione a 360 gradi.<\/li>\n<li>Sviluppare competenze specifiche relative alle diverse fasi del processo creativo e produttivo, con il supporto di professionisti qualificati del settore.<\/li>\n<li>Migliorare le proprie skill organizzative lavorando in team multidisciplinari.<\/li>\n<li>Potersi confrontare con i professionisti docenti e con una casa di produzione per la realizzazione del progetto.<\/li>\n<li>Creare occasioni di networking e messa a sistema dei talenti residenti nella regione Calabria.<\/li>\n<\/ul>\n<p style=\"text-align: justify\"><strong>PROGRAMMA <\/strong><\/p>\n<p style=\"text-align: justify\">\n<p style=\"text-align: justify\">Le attivit\u00e0 verranno svolte in presenza e con frequenza obbligatoria e prevedono la partecipazione di massimo 20 studenti. Potr\u00e0 contare sul supporto di professionisti affermati e attivi nel settore audiovisivo e della comunicazione.<\/p>\n<p style=\"text-align: justify\">Sar\u00e0 costituito da una prima fase in cui tutti i giovani selezionati affronteranno un breve periodo di attivit\u00e0 comune sulla filiera audiovisiva e sulla comunicazione. A seguire, saranno suddivisi in quattro gruppi sulla base dell\u2019area di competenza individuata (scrittura\u00a0per l\u2019audiovisivo,\u00a0organizzazione per il set, film making, comunicazione\u00a0e social media) per seguire il percorso laboratoriale specifico.<\/p>\n<p style=\"text-align: justify\">Saranno poi creati team da quattro persone, ognuno con un rappresentante per area professionale.\u00a0 Ogni gruppo ricever\u00e0 un brief relativamente ai temi su cui dovr\u00e0 impostare il proprio \u201cproject work\u201d (sviluppo di un\u2019idea dal punto di vista creativo, organizzativo, comunicativo e distributivo). Per portare a termine questo compito ogni gruppo potr\u00e0 contare anche sul supporto di un tutor.<\/p>\n<p style=\"text-align: justify\">Successivamente si terr\u00e0 un Pitching: un evento di presentazione dei diversi progetti nel corso del quale una giuria composta da qualificati professionisti del settore decreter\u00e0 il progetto vincitore.<\/p>\n<p style=\"text-align: justify\">La fase finale del corso sar\u00e0 la vera e propria produzione del progetto: il gruppo vincitore lavorer\u00e0 attivamente alla realizzazione del proprio progetto con il supporto di una casa di produzione.<\/p>\n<p style=\"text-align: justify\"><strong>\u00a0<\/strong><\/p>\n<p style=\"text-align: justify\"><strong>COMITATO TECNICO<\/strong><\/p>\n<p style=\"text-align: justify\">\n<p style=\"text-align: justify\">Un apposito comitato tecnico, nominato da Calabria Film Commission e dalla Direzione di Fondazione Anica Academy ETS, formato da esperti del settore e da esperti della formazione, si occuper\u00e0 di supervisionare il piano didattico e della selezione degli aspiranti partecipanti.<\/p>\n<p style=\"text-align: justify\">\n<p style=\"text-align: justify\">Il comitato tecnico:<\/p>\n<ul style=\"text-align: justify\">\n<li>Luca Bersaglia (Project Manager Anica Academy ETS)<\/li>\n<li>Manuela Cacciamani (Founder One More Pictures e Presidente Unione Editori e Creators Digitali ANICA)<\/li>\n<li>Sergio Del Prete (Direttore Anica Academy ETS)<\/li>\n<li>Francesca Medolago Albani (Segretaria Generale ANICA e Anica Academy ETS)<\/li>\n<li>Nicola Lampugnani (Founder e Creative Partner St.John\u2019s)<\/li>\n<li>Chiara Giacoletto Papas (Communications &amp; PR Senior Director Southern Europe, Middle East and Africa \u2013 Paramount)<\/li>\n<\/ul>\n<p style=\"text-align: justify\">\n<p style=\"text-align: justify\"><strong>\u00a0<\/strong><\/p>\n<p style=\"text-align: justify\">La<strong>\u00a0Fondazione Calabria Film Commission<\/strong>\u00a0\u00e8 stata istituita con legge regionale n.1 dell\u201911 gennaio 2006. Socio unico \u00e8 la\u00a0<strong>Regione Calabria<\/strong>. La Fondazione ha come scopi principali la promozione del territorio regionale, la sua valorizzazione quale location per le produzioni cinematografiche e audiovisive nazionali ed internazionali e lo sviluppo del comparto industriale dell\u2019audiovisivo locale.<\/p>\n<p style=\"text-align: justify\">La legge regionale 21 del 21 giugno 2019 \u201cInterventi regionali per il sistema del cinema e dell\u2019audiovisivo in Calabria\u201d affida alla Fondazione il ruolo di soggetto attuatore di tutte le misure che riguardano il settore dell\u2019audiovisivo e della cinematografia regionale: alle attivit\u00e0 tipiche si vanno ad aggiungere la pianificazione di un\u2019adeguata formazione professionale, il sostegno a festival e rassegne, la tutela delle sale e la valorizzazione del patrimonio cinematografico regionale.<\/p>\n<p style=\"text-align: justify\">L\u2019attivit\u00e0 di incoming di produzioni nazionali ed internazionali consiste nella concessione di contributi economici, nel supporto alla ricerca di maestranze e artisti locali, nella ricerca delle location, e nel supporto alle fasi di pre-produzione e durante le riprese anche attraverso la costruzione di partnership pubblico private con enti locali, soggetti pubblici e privati del territorio al fine di implementare servizi e facilities per le imprese di produzione impegnate in Calabria.<\/p>\n<p style=\"text-align: justify\">La mission della Fondazione si completa con una intensa attivit\u00e0 di marketing e comunicazione che prevede l\u2019organizzazione di eventi, la partecipazione a festival, fiere, mercati e meeting di settore a carattere nazionale ed internazionale,<\/p>\n<p style=\"text-align: justify\">La Fondazione Calabria Film Commission \u00e8 membro di Italian Film Commission e European Film Commission Network.<\/p>\n<p style=\"text-align: justify\">\n<p style=\"text-align: justify\">\n<p style=\"text-align: justify\"><strong>Anica Academy ETS<\/strong>, <strong>creata nel 2020<\/strong> da <strong>ANICA<\/strong>, <strong>Medusa Film<\/strong>, <strong>Netflix<\/strong>, <strong>Rai<\/strong>, <strong>Paramount<\/strong> e <strong>Vision Distribution<\/strong>, ha visto nel 2023 l\u2019ingresso di <strong>Gaumont Italia<\/strong>. Nasce con l\u2019obiettivo primario di ideare, sviluppare e organizzare percorsi di formazione, di base e altamente specialistici, nelle professioni del cinema e dell\u2019audiovisivo. Si rivolge sia ai professionisti che vogliono perfezionare competenze gi\u00e0 acquisite, sia ai giovani diplomati che guardano all\u2019audiovisivo come settore che offre reale possibilit\u00e0 di occupazione qualificata, in linea con conoscenze e capacit\u00e0. In coerenza con il suo DNA di matrice industriale, la scuola offre l\u2019esperienza sul campo \u2013 learning by doing &#8211; come uno degli elementi chiave di tutti i corsi, declinata sulle specificit\u00e0 di ognuno, con particolare attenzione all\u2019orientamento e accompagnamento verso ulteriori specializzazioni o verso il mondo del lavoro per i pi\u00f9 giovani.<\/p>\n<p style=\"text-align: justify\">\n<p><strong>\u00a0<\/strong><\/p>\n<p><strong>\u00a0<\/strong><\/p>\n<p><strong>\u00a0<\/strong><\/p>\n<p><strong>\u00a0<\/strong><\/p>\n<p>&nbsp;<\/p>\n<\/div>\n","protected":false},"excerpt":{"rendered":"<p>La Regione Calabria e la Calabria Film Commission annunciano, in collaborazione con Anica Academy ETS, il lancio di: \u201cCreativit\u00e0 talentuosa\u201d, un\u2019iniziativa che nasce con l\u2019obiettivo di dare spazio ai giovani&hellip;<\/p>\n","protected":false},"author":12,"featured_media":44346,"comment_status":"closed","ping_status":"open","sticky":false,"template":"","format":"standard","meta":{"_jetpack_memberships_contains_paid_content":false,"footnotes":"","jetpack_publicize_message":"","jetpack_publicize_feature_enabled":true,"jetpack_social_post_already_shared":false,"jetpack_social_options":{"image_generator_settings":{"template":"highway","default_image_id":0,"font":"","enabled":false},"version":2}},"categories":[142,921,196,140],"tags":[27372,10493,27371,27373,219],"class_list":["post-44345","post","type-post","status-publish","format-standard","has-post-thumbnail","hentry","category-calabria","category-home","category-news","category-reggio-calabria","tag-anica-academy-ets","tag-calabria-film-commision","tag-concorso-per-giovani-creativita-talentuosa","tag-giovani-dai-18-ai-34-anni","tag-regione-calabria"],"yoast_head":"<!-- This site is optimized with the Yoast SEO plugin v27.2 - https:\/\/yoast.com\/product\/yoast-seo-wordpress\/ -->\n<title>CFC annuncia il concorso &quot;Creativit\u00e0 Talentuosa&quot;<\/title>\n<meta name=\"description\" content=\"Il concorso di idee \u00e8 aperto ai giovani dai 18 ai 34 anni ed \u00e8 lanciato in collaborazione con la Regione e Anica Academy ETS\" \/>\n<meta name=\"robots\" content=\"index, follow, max-snippet:-1, max-image-preview:large, max-video-preview:-1\" \/>\n<link rel=\"canonical\" href=\"https:\/\/progettotouring.it\/radiotouring104\/2024\/02\/09\/calabria-film-commission-annuncia-il-concorso-per-giovani-creativita-talentuosa\/\" \/>\n<meta property=\"og:locale\" content=\"it_IT\" \/>\n<meta property=\"og:type\" content=\"article\" \/>\n<meta property=\"og:title\" content=\"CFC annuncia il concorso &quot;Creativit\u00e0 Talentuosa&quot;\" \/>\n<meta property=\"og:description\" content=\"Il concorso di idee \u00e8 aperto ai giovani dai 18 ai 34 anni ed \u00e8 lanciato in collaborazione con la Regione e Anica Academy ETS\" \/>\n<meta property=\"og:url\" content=\"https:\/\/progettotouring.it\/radiotouring104\/2024\/02\/09\/calabria-film-commission-annuncia-il-concorso-per-giovani-creativita-talentuosa\/\" \/>\n<meta property=\"og:site_name\" content=\"Radio Touring 104\" \/>\n<meta property=\"article:published_time\" content=\"2024-02-09T12:00:48+00:00\" \/>\n<meta property=\"og:image\" content=\"https:\/\/progettotouring.it\/radiotouring104\/wp-content\/uploads\/sites\/6\/2024\/02\/Bandecchi-Ripepi-1-scaled.jpg\" \/>\n\t<meta property=\"og:image:width\" content=\"2560\" \/>\n\t<meta property=\"og:image:height\" content=\"1177\" \/>\n\t<meta property=\"og:image:type\" content=\"image\/jpeg\" \/>\n<meta name=\"author\" content=\"Sebastiano Plutino\" \/>\n<meta name=\"twitter:card\" content=\"summary_large_image\" \/>\n<meta name=\"twitter:label1\" content=\"Scritto da\" \/>\n\t<meta name=\"twitter:data1\" content=\"Sebastiano Plutino\" \/>\n\t<meta name=\"twitter:label2\" content=\"Tempo di lettura stimato\" \/>\n\t<meta name=\"twitter:data2\" content=\"6 minuti\" \/>\n<script type=\"application\/ld+json\" class=\"yoast-schema-graph\">{\"@context\":\"https:\/\/schema.org\",\"@graph\":[{\"@type\":\"Article\",\"@id\":\"https:\/\/progettotouring.it\/radiotouring104\/2024\/02\/09\/calabria-film-commission-annuncia-il-concorso-per-giovani-creativita-talentuosa\/#article\",\"isPartOf\":{\"@id\":\"https:\/\/progettotouring.it\/radiotouring104\/2024\/02\/09\/calabria-film-commission-annuncia-il-concorso-per-giovani-creativita-talentuosa\/\"},\"author\":{\"name\":\"Sebastiano Plutino\",\"@id\":\"https:\/\/progettotouring.it\/radiotouring104\/#\/schema\/person\/78613917f1851f041f7483f5af1d422e\"},\"headline\":\"Calabria Film Commission annuncia il concorso per giovani &#8220;Creativit\u00e0 Talentuosa&#8221;\",\"datePublished\":\"2024-02-09T12:00:48+00:00\",\"mainEntityOfPage\":{\"@id\":\"https:\/\/progettotouring.it\/radiotouring104\/2024\/02\/09\/calabria-film-commission-annuncia-il-concorso-per-giovani-creativita-talentuosa\/\"},\"wordCount\":1254,\"publisher\":{\"@id\":\"https:\/\/progettotouring.it\/radiotouring104\/#organization\"},\"image\":{\"@id\":\"https:\/\/progettotouring.it\/radiotouring104\/2024\/02\/09\/calabria-film-commission-annuncia-il-concorso-per-giovani-creativita-talentuosa\/#primaryimage\"},\"thumbnailUrl\":\"https:\/\/progettotouring.it\/radiotouring104\/wp-content\/uploads\/sites\/6\/2024\/02\/Bandecchi-Ripepi-1-scaled.jpg\",\"keywords\":[\"Anica Academy ETS\",\"Calabria Film Commision\",\"concorso per giovani \\\"Creativit\u00e0 Talentuosa\\\"\",\"giovani dai 18 ai 34 anni\",\"regione calabria\"],\"articleSection\":[\"Calabria\",\"Home\",\"News\",\"Reggio Calabria\"],\"inLanguage\":\"it-IT\"},{\"@type\":\"WebPage\",\"@id\":\"https:\/\/progettotouring.it\/radiotouring104\/2024\/02\/09\/calabria-film-commission-annuncia-il-concorso-per-giovani-creativita-talentuosa\/\",\"url\":\"https:\/\/progettotouring.it\/radiotouring104\/2024\/02\/09\/calabria-film-commission-annuncia-il-concorso-per-giovani-creativita-talentuosa\/\",\"name\":\"CFC annuncia il concorso \\\"Creativit\u00e0 Talentuosa\\\"\",\"isPartOf\":{\"@id\":\"https:\/\/progettotouring.it\/radiotouring104\/#website\"},\"primaryImageOfPage\":{\"@id\":\"https:\/\/progettotouring.it\/radiotouring104\/2024\/02\/09\/calabria-film-commission-annuncia-il-concorso-per-giovani-creativita-talentuosa\/#primaryimage\"},\"image\":{\"@id\":\"https:\/\/progettotouring.it\/radiotouring104\/2024\/02\/09\/calabria-film-commission-annuncia-il-concorso-per-giovani-creativita-talentuosa\/#primaryimage\"},\"thumbnailUrl\":\"https:\/\/progettotouring.it\/radiotouring104\/wp-content\/uploads\/sites\/6\/2024\/02\/Bandecchi-Ripepi-1-scaled.jpg\",\"datePublished\":\"2024-02-09T12:00:48+00:00\",\"description\":\"Il concorso di idee \u00e8 aperto ai giovani dai 18 ai 34 anni ed \u00e8 lanciato in collaborazione con la Regione e Anica Academy ETS\",\"breadcrumb\":{\"@id\":\"https:\/\/progettotouring.it\/radiotouring104\/2024\/02\/09\/calabria-film-commission-annuncia-il-concorso-per-giovani-creativita-talentuosa\/#breadcrumb\"},\"inLanguage\":\"it-IT\",\"potentialAction\":[{\"@type\":\"ReadAction\",\"target\":[\"https:\/\/progettotouring.it\/radiotouring104\/2024\/02\/09\/calabria-film-commission-annuncia-il-concorso-per-giovani-creativita-talentuosa\/\"]}]},{\"@type\":\"ImageObject\",\"inLanguage\":\"it-IT\",\"@id\":\"https:\/\/progettotouring.it\/radiotouring104\/2024\/02\/09\/calabria-film-commission-annuncia-il-concorso-per-giovani-creativita-talentuosa\/#primaryimage\",\"url\":\"https:\/\/progettotouring.it\/radiotouring104\/wp-content\/uploads\/sites\/6\/2024\/02\/Bandecchi-Ripepi-1-scaled.jpg\",\"contentUrl\":\"https:\/\/progettotouring.it\/radiotouring104\/wp-content\/uploads\/sites\/6\/2024\/02\/Bandecchi-Ripepi-1-scaled.jpg\",\"width\":2560,\"height\":1177},{\"@type\":\"BreadcrumbList\",\"@id\":\"https:\/\/progettotouring.it\/radiotouring104\/2024\/02\/09\/calabria-film-commission-annuncia-il-concorso-per-giovani-creativita-talentuosa\/#breadcrumb\",\"itemListElement\":[{\"@type\":\"ListItem\",\"position\":1,\"name\":\"Home\",\"item\":\"https:\/\/progettotouring.it\/radiotouring104\/\"},{\"@type\":\"ListItem\",\"position\":2,\"name\":\"Calabria Film Commission annuncia il concorso per giovani &#8220;Creativit\u00e0 Talentuosa&#8221;\"}]},{\"@type\":\"WebSite\",\"@id\":\"https:\/\/progettotouring.it\/radiotouring104\/#website\",\"url\":\"https:\/\/progettotouring.it\/radiotouring104\/\",\"name\":\"Radio Touring 104\",\"description\":\"La prima radio Reggina\",\"publisher\":{\"@id\":\"https:\/\/progettotouring.it\/radiotouring104\/#organization\"},\"potentialAction\":[{\"@type\":\"SearchAction\",\"target\":{\"@type\":\"EntryPoint\",\"urlTemplate\":\"https:\/\/progettotouring.it\/radiotouring104\/?s={search_term_string}\"},\"query-input\":{\"@type\":\"PropertyValueSpecification\",\"valueRequired\":true,\"valueName\":\"search_term_string\"}}],\"inLanguage\":\"it-IT\"},{\"@type\":\"Organization\",\"@id\":\"https:\/\/progettotouring.it\/radiotouring104\/#organization\",\"name\":\"Radio Touring 104\",\"url\":\"https:\/\/progettotouring.it\/radiotouring104\/\",\"logo\":{\"@type\":\"ImageObject\",\"inLanguage\":\"it-IT\",\"@id\":\"https:\/\/progettotouring.it\/radiotouring104\/#\/schema\/logo\/image\/\",\"url\":\"https:\/\/progettotouring.it\/radiotouring104\/wp-content\/uploads\/sites\/6\/2022\/02\/cropped-logo-radio-touring-104.png\",\"contentUrl\":\"https:\/\/progettotouring.it\/radiotouring104\/wp-content\/uploads\/sites\/6\/2022\/02\/cropped-logo-radio-touring-104.png\",\"width\":377,\"height\":182,\"caption\":\"Radio Touring 104\"},\"image\":{\"@id\":\"https:\/\/progettotouring.it\/radiotouring104\/#\/schema\/logo\/image\/\"}},{\"@type\":\"Person\",\"@id\":\"https:\/\/progettotouring.it\/radiotouring104\/#\/schema\/person\/78613917f1851f041f7483f5af1d422e\",\"name\":\"Sebastiano Plutino\",\"image\":{\"@type\":\"ImageObject\",\"inLanguage\":\"it-IT\",\"@id\":\"https:\/\/secure.gravatar.com\/avatar\/0546ffaa9b79224faf9f2a156b67a529ae861d3287c66c1d8ccfdf909bcba78d?s=96&d=mm&r=g\",\"url\":\"https:\/\/secure.gravatar.com\/avatar\/0546ffaa9b79224faf9f2a156b67a529ae861d3287c66c1d8ccfdf909bcba78d?s=96&d=mm&r=g\",\"contentUrl\":\"https:\/\/secure.gravatar.com\/avatar\/0546ffaa9b79224faf9f2a156b67a529ae861d3287c66c1d8ccfdf909bcba78d?s=96&d=mm&r=g\",\"caption\":\"Sebastiano Plutino\"},\"url\":\"https:\/\/progettotouring.it\/radiotouring104\/author\/sebastiano\/\"}]}<\/script>\n<!-- \/ Yoast SEO plugin. -->","yoast_head_json":{"title":"CFC annuncia il concorso \"Creativit\u00e0 Talentuosa\"","description":"Il concorso di idee \u00e8 aperto ai giovani dai 18 ai 34 anni ed \u00e8 lanciato in collaborazione con la Regione e Anica Academy ETS","robots":{"index":"index","follow":"follow","max-snippet":"max-snippet:-1","max-image-preview":"max-image-preview:large","max-video-preview":"max-video-preview:-1"},"canonical":"https:\/\/progettotouring.it\/radiotouring104\/2024\/02\/09\/calabria-film-commission-annuncia-il-concorso-per-giovani-creativita-talentuosa\/","og_locale":"it_IT","og_type":"article","og_title":"CFC annuncia il concorso \"Creativit\u00e0 Talentuosa\"","og_description":"Il concorso di idee \u00e8 aperto ai giovani dai 18 ai 34 anni ed \u00e8 lanciato in collaborazione con la Regione e Anica Academy ETS","og_url":"https:\/\/progettotouring.it\/radiotouring104\/2024\/02\/09\/calabria-film-commission-annuncia-il-concorso-per-giovani-creativita-talentuosa\/","og_site_name":"Radio Touring 104","article_published_time":"2024-02-09T12:00:48+00:00","og_image":[{"width":2560,"height":1177,"url":"https:\/\/progettotouring.it\/radiotouring104\/wp-content\/uploads\/sites\/6\/2024\/02\/Bandecchi-Ripepi-1-scaled.jpg","type":"image\/jpeg"}],"author":"Sebastiano Plutino","twitter_card":"summary_large_image","twitter_misc":{"Scritto da":"Sebastiano Plutino","Tempo di lettura stimato":"6 minuti"},"schema":{"@context":"https:\/\/schema.org","@graph":[{"@type":"Article","@id":"https:\/\/progettotouring.it\/radiotouring104\/2024\/02\/09\/calabria-film-commission-annuncia-il-concorso-per-giovani-creativita-talentuosa\/#article","isPartOf":{"@id":"https:\/\/progettotouring.it\/radiotouring104\/2024\/02\/09\/calabria-film-commission-annuncia-il-concorso-per-giovani-creativita-talentuosa\/"},"author":{"name":"Sebastiano Plutino","@id":"https:\/\/progettotouring.it\/radiotouring104\/#\/schema\/person\/78613917f1851f041f7483f5af1d422e"},"headline":"Calabria Film Commission annuncia il concorso per giovani &#8220;Creativit\u00e0 Talentuosa&#8221;","datePublished":"2024-02-09T12:00:48+00:00","mainEntityOfPage":{"@id":"https:\/\/progettotouring.it\/radiotouring104\/2024\/02\/09\/calabria-film-commission-annuncia-il-concorso-per-giovani-creativita-talentuosa\/"},"wordCount":1254,"publisher":{"@id":"https:\/\/progettotouring.it\/radiotouring104\/#organization"},"image":{"@id":"https:\/\/progettotouring.it\/radiotouring104\/2024\/02\/09\/calabria-film-commission-annuncia-il-concorso-per-giovani-creativita-talentuosa\/#primaryimage"},"thumbnailUrl":"https:\/\/progettotouring.it\/radiotouring104\/wp-content\/uploads\/sites\/6\/2024\/02\/Bandecchi-Ripepi-1-scaled.jpg","keywords":["Anica Academy ETS","Calabria Film Commision","concorso per giovani \"Creativit\u00e0 Talentuosa\"","giovani dai 18 ai 34 anni","regione calabria"],"articleSection":["Calabria","Home","News","Reggio Calabria"],"inLanguage":"it-IT"},{"@type":"WebPage","@id":"https:\/\/progettotouring.it\/radiotouring104\/2024\/02\/09\/calabria-film-commission-annuncia-il-concorso-per-giovani-creativita-talentuosa\/","url":"https:\/\/progettotouring.it\/radiotouring104\/2024\/02\/09\/calabria-film-commission-annuncia-il-concorso-per-giovani-creativita-talentuosa\/","name":"CFC annuncia il concorso \"Creativit\u00e0 Talentuosa\"","isPartOf":{"@id":"https:\/\/progettotouring.it\/radiotouring104\/#website"},"primaryImageOfPage":{"@id":"https:\/\/progettotouring.it\/radiotouring104\/2024\/02\/09\/calabria-film-commission-annuncia-il-concorso-per-giovani-creativita-talentuosa\/#primaryimage"},"image":{"@id":"https:\/\/progettotouring.it\/radiotouring104\/2024\/02\/09\/calabria-film-commission-annuncia-il-concorso-per-giovani-creativita-talentuosa\/#primaryimage"},"thumbnailUrl":"https:\/\/progettotouring.it\/radiotouring104\/wp-content\/uploads\/sites\/6\/2024\/02\/Bandecchi-Ripepi-1-scaled.jpg","datePublished":"2024-02-09T12:00:48+00:00","description":"Il concorso di idee \u00e8 aperto ai giovani dai 18 ai 34 anni ed \u00e8 lanciato in collaborazione con la Regione e Anica Academy ETS","breadcrumb":{"@id":"https:\/\/progettotouring.it\/radiotouring104\/2024\/02\/09\/calabria-film-commission-annuncia-il-concorso-per-giovani-creativita-talentuosa\/#breadcrumb"},"inLanguage":"it-IT","potentialAction":[{"@type":"ReadAction","target":["https:\/\/progettotouring.it\/radiotouring104\/2024\/02\/09\/calabria-film-commission-annuncia-il-concorso-per-giovani-creativita-talentuosa\/"]}]},{"@type":"ImageObject","inLanguage":"it-IT","@id":"https:\/\/progettotouring.it\/radiotouring104\/2024\/02\/09\/calabria-film-commission-annuncia-il-concorso-per-giovani-creativita-talentuosa\/#primaryimage","url":"https:\/\/progettotouring.it\/radiotouring104\/wp-content\/uploads\/sites\/6\/2024\/02\/Bandecchi-Ripepi-1-scaled.jpg","contentUrl":"https:\/\/progettotouring.it\/radiotouring104\/wp-content\/uploads\/sites\/6\/2024\/02\/Bandecchi-Ripepi-1-scaled.jpg","width":2560,"height":1177},{"@type":"BreadcrumbList","@id":"https:\/\/progettotouring.it\/radiotouring104\/2024\/02\/09\/calabria-film-commission-annuncia-il-concorso-per-giovani-creativita-talentuosa\/#breadcrumb","itemListElement":[{"@type":"ListItem","position":1,"name":"Home","item":"https:\/\/progettotouring.it\/radiotouring104\/"},{"@type":"ListItem","position":2,"name":"Calabria Film Commission annuncia il concorso per giovani &#8220;Creativit\u00e0 Talentuosa&#8221;"}]},{"@type":"WebSite","@id":"https:\/\/progettotouring.it\/radiotouring104\/#website","url":"https:\/\/progettotouring.it\/radiotouring104\/","name":"Radio Touring 104","description":"La prima radio Reggina","publisher":{"@id":"https:\/\/progettotouring.it\/radiotouring104\/#organization"},"potentialAction":[{"@type":"SearchAction","target":{"@type":"EntryPoint","urlTemplate":"https:\/\/progettotouring.it\/radiotouring104\/?s={search_term_string}"},"query-input":{"@type":"PropertyValueSpecification","valueRequired":true,"valueName":"search_term_string"}}],"inLanguage":"it-IT"},{"@type":"Organization","@id":"https:\/\/progettotouring.it\/radiotouring104\/#organization","name":"Radio Touring 104","url":"https:\/\/progettotouring.it\/radiotouring104\/","logo":{"@type":"ImageObject","inLanguage":"it-IT","@id":"https:\/\/progettotouring.it\/radiotouring104\/#\/schema\/logo\/image\/","url":"https:\/\/progettotouring.it\/radiotouring104\/wp-content\/uploads\/sites\/6\/2022\/02\/cropped-logo-radio-touring-104.png","contentUrl":"https:\/\/progettotouring.it\/radiotouring104\/wp-content\/uploads\/sites\/6\/2022\/02\/cropped-logo-radio-touring-104.png","width":377,"height":182,"caption":"Radio Touring 104"},"image":{"@id":"https:\/\/progettotouring.it\/radiotouring104\/#\/schema\/logo\/image\/"}},{"@type":"Person","@id":"https:\/\/progettotouring.it\/radiotouring104\/#\/schema\/person\/78613917f1851f041f7483f5af1d422e","name":"Sebastiano Plutino","image":{"@type":"ImageObject","inLanguage":"it-IT","@id":"https:\/\/secure.gravatar.com\/avatar\/0546ffaa9b79224faf9f2a156b67a529ae861d3287c66c1d8ccfdf909bcba78d?s=96&d=mm&r=g","url":"https:\/\/secure.gravatar.com\/avatar\/0546ffaa9b79224faf9f2a156b67a529ae861d3287c66c1d8ccfdf909bcba78d?s=96&d=mm&r=g","contentUrl":"https:\/\/secure.gravatar.com\/avatar\/0546ffaa9b79224faf9f2a156b67a529ae861d3287c66c1d8ccfdf909bcba78d?s=96&d=mm&r=g","caption":"Sebastiano Plutino"},"url":"https:\/\/progettotouring.it\/radiotouring104\/author\/sebastiano\/"}]}},"jetpack_publicize_connections":[],"jetpack_featured_media_url":"https:\/\/progettotouring.it\/radiotouring104\/wp-content\/uploads\/sites\/6\/2024\/02\/Bandecchi-Ripepi-1-scaled.jpg","jetpack_sharing_enabled":true,"_links":{"self":[{"href":"https:\/\/progettotouring.it\/radiotouring104\/wp-json\/wp\/v2\/posts\/44345","targetHints":{"allow":["GET"]}}],"collection":[{"href":"https:\/\/progettotouring.it\/radiotouring104\/wp-json\/wp\/v2\/posts"}],"about":[{"href":"https:\/\/progettotouring.it\/radiotouring104\/wp-json\/wp\/v2\/types\/post"}],"author":[{"embeddable":true,"href":"https:\/\/progettotouring.it\/radiotouring104\/wp-json\/wp\/v2\/users\/12"}],"replies":[{"embeddable":true,"href":"https:\/\/progettotouring.it\/radiotouring104\/wp-json\/wp\/v2\/comments?post=44345"}],"version-history":[{"count":1,"href":"https:\/\/progettotouring.it\/radiotouring104\/wp-json\/wp\/v2\/posts\/44345\/revisions"}],"predecessor-version":[{"id":44347,"href":"https:\/\/progettotouring.it\/radiotouring104\/wp-json\/wp\/v2\/posts\/44345\/revisions\/44347"}],"wp:featuredmedia":[{"embeddable":true,"href":"https:\/\/progettotouring.it\/radiotouring104\/wp-json\/wp\/v2\/media\/44346"}],"wp:attachment":[{"href":"https:\/\/progettotouring.it\/radiotouring104\/wp-json\/wp\/v2\/media?parent=44345"}],"wp:term":[{"taxonomy":"category","embeddable":true,"href":"https:\/\/progettotouring.it\/radiotouring104\/wp-json\/wp\/v2\/categories?post=44345"},{"taxonomy":"post_tag","embeddable":true,"href":"https:\/\/progettotouring.it\/radiotouring104\/wp-json\/wp\/v2\/tags?post=44345"}],"curies":[{"name":"wp","href":"https:\/\/api.w.org\/{rel}","templated":true}]}}