{"id":44351,"date":"2024-02-09T12:49:58","date_gmt":"2024-02-09T11:49:58","guid":{"rendered":"https:\/\/progettotouring.it\/radiotouring104\/?p=44351"},"modified":"2024-02-09T15:09:42","modified_gmt":"2024-02-09T14:09:42","slug":"villa-san-giovanni-presentato-il-progetto-lo-stretto-che-include","status":"publish","type":"post","link":"https:\/\/progettotouring.it\/radiotouring104\/2024\/02\/09\/villa-san-giovanni-presentato-il-progetto-lo-stretto-che-include\/","title":{"rendered":"Villa San Giovanni: presentato il progetto \u201cLo stretto che include&#8221;"},"content":{"rendered":"<p style=\"text-align: justify\"><strong>\u201cLo stretto che include&#8221;,<\/strong> progetto presentato dal <strong>Comune di Villa San Giovanni,<\/strong> ha ottenuto il finanziamento di Citt\u00e0 metropolitana, come appreso nella giornata di oggi: \u00e8 il progetto comunemente detto \u2018spiagge accessibili\u2019 per il quale ci eravamo impegnati gi\u00e0 nel 2022 ma non avevamo potuto partecipare perch\u00e9 impossibilitati a sostenere il cofinanziamento in quanto ente in dissesto. Ieri la bella notizia, non tanto per il quantum del finanziamento (che sempre serve in una Citt\u00e0 che esce da una grave crisi economica e deve essere oculata nelle sue spese), ma soprattutto per l\u2019attenzione che stiamo dando al mondo delle persone con disabilit\u00e0. \u201c<strong>Lo Stretto che include<\/strong>\u201d \u00e8 stato ammesso dalla Commissione di valutazione delle domande relative all&#8217;\u201d<em>Avviso Pubblico n\u00b0511 Anno 2023 rivolto ai Comuni del comprensorio metropolitano per la selezione di progetti di utilit\u00e0 sociale da realizzare sul territorio della <strong>Citt\u00e0 Metropolitana di Reggio Calabria\u201d<\/strong><\/em>, ammesso all\u2019assegnazione della quota di compartecipazione a carico della Citt\u00e0 Metropolitana di Reggio Calabria per un importo pari 10.000 euro.<\/p>\n<p style=\"text-align: justify\">Il diritto al tempo libero, all\u2019attivit\u00e0 all\u2019aperto deve essere garantito e, pertanto, il Comune ha partecipato al bando proprio per dare l\u2019opportunit\u00e0 a tutti nessuno escluso di poter usufruire delle spiagge che, divenendo accessibili a tutti, contribuiscono a migliorare la qualit\u00e0 della vita di ogni cittadino. L\u2019obiettivo del progetto \u00e8 rendere le spiagge aperte ed accessibili con interazione tra pubblico, privato ed associazionismo, per l\u2019inclusione sociale, per l\u2019abbattimento delle barriere, le difficolt\u00e0 d\u2019accesso ai servizi, facilitando il movimento in spiaggia e in acqua delle persone con disabilit\u00e0. Questo vuol dire che saranno realizzate aree inclusive con spiagge accessibili ai portatori di disabilit\u00e0 attraverso l\u2019installazione di soluzioni tecnologicamente adeguate e che sar\u00e0 favorita la fruizione delle spiagge ai portatori di disabilit\u00e0, con personale dedicato e profili professionali individuati rispetto al ruolo da svolgere nel progetto.<\/p>\n<p style=\"text-align: justify\"><strong>L\u2019amministrazione intende fornire ai disabili minori e adulti e alle loro famiglie: <\/strong>inclusivit\u00e0, diritto al gioco, diritto alla socializzazione, diritto alla partecipazione alle attivit\u00e0 di tempo libero, maggiore mobilit\u00e0 e maggiori opportunit\u00e0 partecipative, sviluppo delle competenze relazionali e comportamentali a tutti i cittadini con l\u2019educazione all\u2019inclusivit\u00e0 per tutta la cittadinanza. Nelle due aree individuate e messe in sicurezza, gli spazi saranno resi idonei a includere gli ausili per il potenziamento dei servizi presso le spiagge libere, mediante la costituzione di un parco sedie e rampe comunali, a disposizione dei fruitori. Inoltre l\u2019Ente provveder\u00e0 a garantire la presenza costante del personale addetto e provveder\u00e0 a contribuire a garantire la messa in sicurezza delle aree preposte all&#8217;accoglienza delle persone disabili. Siamo solo all\u2019inizio di un lungo percorso di civilt\u00e0 e chiediamo a ciascuno di fare la propria parte, con rispetto degli altri e condivisione di politiche sempre pi\u00f9 inclusive.<\/p>\n","protected":false},"excerpt":{"rendered":"<p>\u201cLo stretto che include&#8221;, progetto presentato dal Comune di Villa San Giovanni, ha ottenuto il finanziamento di Citt\u00e0 metropolitana, come appreso nella giornata di oggi: \u00e8 il progetto comunemente detto&hellip;<\/p>\n","protected":false},"author":8,"featured_media":34749,"comment_status":"closed","ping_status":"open","sticky":false,"template":"","format":"standard","meta":{"_jetpack_memberships_contains_paid_content":false,"footnotes":"","jetpack_publicize_message":"","jetpack_publicize_feature_enabled":true,"jetpack_social_post_already_shared":false,"jetpack_social_options":{"image_generator_settings":{"template":"highway","default_image_id":0,"font":"","enabled":false},"version":2}},"categories":[921,196,140],"tags":[27375,364],"class_list":["post-44351","post","type-post","status-publish","format-standard","has-post-thumbnail","hentry","category-home","category-news","category-reggio-calabria","tag-lo-stretto-che-include","tag-villa-san-giovanni"],"yoast_head":"<!-- This site is optimized with the Yoast SEO plugin v27.2 - https:\/\/yoast.com\/product\/yoast-seo-wordpress\/ -->\n<title>Villa San Giovanni: presentato il progetto \u201cLo stretto che include&quot; - Radio Touring 104<\/title>\n<meta name=\"description\" content=\"Comune di Villa San Giovanni, ha ottenuto il finanziamento di Citt\u00e0 metropolitana per il progetto \u201cLo stretto che include&quot;\" \/>\n<meta name=\"robots\" content=\"index, follow, max-snippet:-1, max-image-preview:large, max-video-preview:-1\" \/>\n<link rel=\"canonical\" href=\"https:\/\/progettotouring.it\/radiotouring104\/2024\/02\/09\/villa-san-giovanni-presentato-il-progetto-lo-stretto-che-include\/\" \/>\n<meta property=\"og:locale\" content=\"it_IT\" \/>\n<meta property=\"og:type\" content=\"article\" \/>\n<meta property=\"og:title\" content=\"Villa San Giovanni: presentato il progetto \u201cLo stretto che include&quot; - Radio Touring 104\" \/>\n<meta property=\"og:description\" content=\"Comune di Villa San Giovanni, ha ottenuto il finanziamento di Citt\u00e0 metropolitana per il progetto \u201cLo stretto che include&quot;\" \/>\n<meta property=\"og:url\" content=\"https:\/\/progettotouring.it\/radiotouring104\/2024\/02\/09\/villa-san-giovanni-presentato-il-progetto-lo-stretto-che-include\/\" \/>\n<meta property=\"og:site_name\" content=\"Radio Touring 104\" \/>\n<meta property=\"article:published_time\" content=\"2024-02-09T11:49:58+00:00\" \/>\n<meta property=\"article:modified_time\" content=\"2024-02-09T14:09:42+00:00\" \/>\n<meta property=\"og:image\" content=\"https:\/\/progettotouring.it\/radiotouring104\/wp-content\/uploads\/sites\/6\/2023\/09\/Villa-San-Giovanni-comune.jpg\" \/>\n\t<meta property=\"og:image:width\" content=\"857\" \/>\n\t<meta property=\"og:image:height\" content=\"857\" \/>\n\t<meta property=\"og:image:type\" content=\"image\/jpeg\" \/>\n<meta name=\"author\" content=\"Filippo Francesco Idone\" \/>\n<meta name=\"twitter:card\" content=\"summary_large_image\" \/>\n<meta name=\"twitter:label1\" content=\"Scritto da\" \/>\n\t<meta name=\"twitter:data1\" content=\"Filippo Francesco Idone\" \/>\n\t<meta name=\"twitter:label2\" content=\"Tempo di lettura stimato\" \/>\n\t<meta name=\"twitter:data2\" content=\"2 minuti\" \/>\n<script type=\"application\/ld+json\" class=\"yoast-schema-graph\">{\"@context\":\"https:\/\/schema.org\",\"@graph\":[{\"@type\":\"Article\",\"@id\":\"https:\/\/progettotouring.it\/radiotouring104\/2024\/02\/09\/villa-san-giovanni-presentato-il-progetto-lo-stretto-che-include\/#article\",\"isPartOf\":{\"@id\":\"https:\/\/progettotouring.it\/radiotouring104\/2024\/02\/09\/villa-san-giovanni-presentato-il-progetto-lo-stretto-che-include\/\"},\"author\":{\"name\":\"Filippo Francesco Idone\",\"@id\":\"https:\/\/progettotouring.it\/radiotouring104\/#\/schema\/person\/4a82259ca52ac8702ad1a8f9e5a3120b\"},\"headline\":\"Villa San Giovanni: presentato il progetto \u201cLo stretto che include&#8221;\",\"datePublished\":\"2024-02-09T11:49:58+00:00\",\"dateModified\":\"2024-02-09T14:09:42+00:00\",\"mainEntityOfPage\":{\"@id\":\"https:\/\/progettotouring.it\/radiotouring104\/2024\/02\/09\/villa-san-giovanni-presentato-il-progetto-lo-stretto-che-include\/\"},\"wordCount\":465,\"publisher\":{\"@id\":\"https:\/\/progettotouring.it\/radiotouring104\/#organization\"},\"image\":{\"@id\":\"https:\/\/progettotouring.it\/radiotouring104\/2024\/02\/09\/villa-san-giovanni-presentato-il-progetto-lo-stretto-che-include\/#primaryimage\"},\"thumbnailUrl\":\"https:\/\/progettotouring.it\/radiotouring104\/wp-content\/uploads\/sites\/6\/2023\/09\/Villa-San-Giovanni-comune.jpg\",\"keywords\":[\"lo stretto che include\",\"villa san giovanni\"],\"articleSection\":[\"Home\",\"News\",\"Reggio Calabria\"],\"inLanguage\":\"it-IT\"},{\"@type\":\"WebPage\",\"@id\":\"https:\/\/progettotouring.it\/radiotouring104\/2024\/02\/09\/villa-san-giovanni-presentato-il-progetto-lo-stretto-che-include\/\",\"url\":\"https:\/\/progettotouring.it\/radiotouring104\/2024\/02\/09\/villa-san-giovanni-presentato-il-progetto-lo-stretto-che-include\/\",\"name\":\"Villa San Giovanni: presentato il progetto \u201cLo stretto che include\\\" - Radio Touring 104\",\"isPartOf\":{\"@id\":\"https:\/\/progettotouring.it\/radiotouring104\/#website\"},\"primaryImageOfPage\":{\"@id\":\"https:\/\/progettotouring.it\/radiotouring104\/2024\/02\/09\/villa-san-giovanni-presentato-il-progetto-lo-stretto-che-include\/#primaryimage\"},\"image\":{\"@id\":\"https:\/\/progettotouring.it\/radiotouring104\/2024\/02\/09\/villa-san-giovanni-presentato-il-progetto-lo-stretto-che-include\/#primaryimage\"},\"thumbnailUrl\":\"https:\/\/progettotouring.it\/radiotouring104\/wp-content\/uploads\/sites\/6\/2023\/09\/Villa-San-Giovanni-comune.jpg\",\"datePublished\":\"2024-02-09T11:49:58+00:00\",\"dateModified\":\"2024-02-09T14:09:42+00:00\",\"description\":\"Comune di Villa San Giovanni, ha ottenuto il finanziamento di Citt\u00e0 metropolitana per il progetto \u201cLo stretto che include\\\"\",\"breadcrumb\":{\"@id\":\"https:\/\/progettotouring.it\/radiotouring104\/2024\/02\/09\/villa-san-giovanni-presentato-il-progetto-lo-stretto-che-include\/#breadcrumb\"},\"inLanguage\":\"it-IT\",\"potentialAction\":[{\"@type\":\"ReadAction\",\"target\":[\"https:\/\/progettotouring.it\/radiotouring104\/2024\/02\/09\/villa-san-giovanni-presentato-il-progetto-lo-stretto-che-include\/\"]}]},{\"@type\":\"ImageObject\",\"inLanguage\":\"it-IT\",\"@id\":\"https:\/\/progettotouring.it\/radiotouring104\/2024\/02\/09\/villa-san-giovanni-presentato-il-progetto-lo-stretto-che-include\/#primaryimage\",\"url\":\"https:\/\/progettotouring.it\/radiotouring104\/wp-content\/uploads\/sites\/6\/2023\/09\/Villa-San-Giovanni-comune.jpg\",\"contentUrl\":\"https:\/\/progettotouring.it\/radiotouring104\/wp-content\/uploads\/sites\/6\/2023\/09\/Villa-San-Giovanni-comune.jpg\",\"width\":857,\"height\":857},{\"@type\":\"BreadcrumbList\",\"@id\":\"https:\/\/progettotouring.it\/radiotouring104\/2024\/02\/09\/villa-san-giovanni-presentato-il-progetto-lo-stretto-che-include\/#breadcrumb\",\"itemListElement\":[{\"@type\":\"ListItem\",\"position\":1,\"name\":\"Home\",\"item\":\"https:\/\/progettotouring.it\/radiotouring104\/\"},{\"@type\":\"ListItem\",\"position\":2,\"name\":\"Villa San Giovanni: presentato il progetto \u201cLo stretto che include&#8221;\"}]},{\"@type\":\"WebSite\",\"@id\":\"https:\/\/progettotouring.it\/radiotouring104\/#website\",\"url\":\"https:\/\/progettotouring.it\/radiotouring104\/\",\"name\":\"Radio Touring 104\",\"description\":\"La prima radio Reggina\",\"publisher\":{\"@id\":\"https:\/\/progettotouring.it\/radiotouring104\/#organization\"},\"potentialAction\":[{\"@type\":\"SearchAction\",\"target\":{\"@type\":\"EntryPoint\",\"urlTemplate\":\"https:\/\/progettotouring.it\/radiotouring104\/?s={search_term_string}\"},\"query-input\":{\"@type\":\"PropertyValueSpecification\",\"valueRequired\":true,\"valueName\":\"search_term_string\"}}],\"inLanguage\":\"it-IT\"},{\"@type\":\"Organization\",\"@id\":\"https:\/\/progettotouring.it\/radiotouring104\/#organization\",\"name\":\"Radio Touring 104\",\"url\":\"https:\/\/progettotouring.it\/radiotouring104\/\",\"logo\":{\"@type\":\"ImageObject\",\"inLanguage\":\"it-IT\",\"@id\":\"https:\/\/progettotouring.it\/radiotouring104\/#\/schema\/logo\/image\/\",\"url\":\"https:\/\/progettotouring.it\/radiotouring104\/wp-content\/uploads\/sites\/6\/2022\/02\/cropped-logo-radio-touring-104.png\",\"contentUrl\":\"https:\/\/progettotouring.it\/radiotouring104\/wp-content\/uploads\/sites\/6\/2022\/02\/cropped-logo-radio-touring-104.png\",\"width\":377,\"height\":182,\"caption\":\"Radio Touring 104\"},\"image\":{\"@id\":\"https:\/\/progettotouring.it\/radiotouring104\/#\/schema\/logo\/image\/\"}},{\"@type\":\"Person\",\"@id\":\"https:\/\/progettotouring.it\/radiotouring104\/#\/schema\/person\/4a82259ca52ac8702ad1a8f9e5a3120b\",\"name\":\"Filippo Francesco Idone\",\"image\":{\"@type\":\"ImageObject\",\"inLanguage\":\"it-IT\",\"@id\":\"https:\/\/secure.gravatar.com\/avatar\/7268715d2366395c3dd314385670e6484117d44f5c442e61e230f7008b7b62d3?s=96&d=mm&r=g\",\"url\":\"https:\/\/secure.gravatar.com\/avatar\/7268715d2366395c3dd314385670e6484117d44f5c442e61e230f7008b7b62d3?s=96&d=mm&r=g\",\"contentUrl\":\"https:\/\/secure.gravatar.com\/avatar\/7268715d2366395c3dd314385670e6484117d44f5c442e61e230f7008b7b62d3?s=96&d=mm&r=g\",\"caption\":\"Filippo Francesco Idone\"},\"url\":\"https:\/\/progettotouring.it\/radiotouring104\/author\/filippoidone\/\"}]}<\/script>\n<!-- \/ Yoast SEO plugin. -->","yoast_head_json":{"title":"Villa San Giovanni: presentato il progetto \u201cLo stretto che include\" - Radio Touring 104","description":"Comune di Villa San Giovanni, ha ottenuto il finanziamento di Citt\u00e0 metropolitana per il progetto \u201cLo stretto che include\"","robots":{"index":"index","follow":"follow","max-snippet":"max-snippet:-1","max-image-preview":"max-image-preview:large","max-video-preview":"max-video-preview:-1"},"canonical":"https:\/\/progettotouring.it\/radiotouring104\/2024\/02\/09\/villa-san-giovanni-presentato-il-progetto-lo-stretto-che-include\/","og_locale":"it_IT","og_type":"article","og_title":"Villa San Giovanni: presentato il progetto \u201cLo stretto che include\" - Radio Touring 104","og_description":"Comune di Villa San Giovanni, ha ottenuto il finanziamento di Citt\u00e0 metropolitana per il progetto \u201cLo stretto che include\"","og_url":"https:\/\/progettotouring.it\/radiotouring104\/2024\/02\/09\/villa-san-giovanni-presentato-il-progetto-lo-stretto-che-include\/","og_site_name":"Radio Touring 104","article_published_time":"2024-02-09T11:49:58+00:00","article_modified_time":"2024-02-09T14:09:42+00:00","og_image":[{"width":857,"height":857,"url":"https:\/\/progettotouring.it\/radiotouring104\/wp-content\/uploads\/sites\/6\/2023\/09\/Villa-San-Giovanni-comune.jpg","type":"image\/jpeg"}],"author":"Filippo Francesco Idone","twitter_card":"summary_large_image","twitter_misc":{"Scritto da":"Filippo Francesco Idone","Tempo di lettura stimato":"2 minuti"},"schema":{"@context":"https:\/\/schema.org","@graph":[{"@type":"Article","@id":"https:\/\/progettotouring.it\/radiotouring104\/2024\/02\/09\/villa-san-giovanni-presentato-il-progetto-lo-stretto-che-include\/#article","isPartOf":{"@id":"https:\/\/progettotouring.it\/radiotouring104\/2024\/02\/09\/villa-san-giovanni-presentato-il-progetto-lo-stretto-che-include\/"},"author":{"name":"Filippo Francesco Idone","@id":"https:\/\/progettotouring.it\/radiotouring104\/#\/schema\/person\/4a82259ca52ac8702ad1a8f9e5a3120b"},"headline":"Villa San Giovanni: presentato il progetto \u201cLo stretto che include&#8221;","datePublished":"2024-02-09T11:49:58+00:00","dateModified":"2024-02-09T14:09:42+00:00","mainEntityOfPage":{"@id":"https:\/\/progettotouring.it\/radiotouring104\/2024\/02\/09\/villa-san-giovanni-presentato-il-progetto-lo-stretto-che-include\/"},"wordCount":465,"publisher":{"@id":"https:\/\/progettotouring.it\/radiotouring104\/#organization"},"image":{"@id":"https:\/\/progettotouring.it\/radiotouring104\/2024\/02\/09\/villa-san-giovanni-presentato-il-progetto-lo-stretto-che-include\/#primaryimage"},"thumbnailUrl":"https:\/\/progettotouring.it\/radiotouring104\/wp-content\/uploads\/sites\/6\/2023\/09\/Villa-San-Giovanni-comune.jpg","keywords":["lo stretto che include","villa san giovanni"],"articleSection":["Home","News","Reggio Calabria"],"inLanguage":"it-IT"},{"@type":"WebPage","@id":"https:\/\/progettotouring.it\/radiotouring104\/2024\/02\/09\/villa-san-giovanni-presentato-il-progetto-lo-stretto-che-include\/","url":"https:\/\/progettotouring.it\/radiotouring104\/2024\/02\/09\/villa-san-giovanni-presentato-il-progetto-lo-stretto-che-include\/","name":"Villa San Giovanni: presentato il progetto \u201cLo stretto che include\" - Radio Touring 104","isPartOf":{"@id":"https:\/\/progettotouring.it\/radiotouring104\/#website"},"primaryImageOfPage":{"@id":"https:\/\/progettotouring.it\/radiotouring104\/2024\/02\/09\/villa-san-giovanni-presentato-il-progetto-lo-stretto-che-include\/#primaryimage"},"image":{"@id":"https:\/\/progettotouring.it\/radiotouring104\/2024\/02\/09\/villa-san-giovanni-presentato-il-progetto-lo-stretto-che-include\/#primaryimage"},"thumbnailUrl":"https:\/\/progettotouring.it\/radiotouring104\/wp-content\/uploads\/sites\/6\/2023\/09\/Villa-San-Giovanni-comune.jpg","datePublished":"2024-02-09T11:49:58+00:00","dateModified":"2024-02-09T14:09:42+00:00","description":"Comune di Villa San Giovanni, ha ottenuto il finanziamento di Citt\u00e0 metropolitana per il progetto \u201cLo stretto che include\"","breadcrumb":{"@id":"https:\/\/progettotouring.it\/radiotouring104\/2024\/02\/09\/villa-san-giovanni-presentato-il-progetto-lo-stretto-che-include\/#breadcrumb"},"inLanguage":"it-IT","potentialAction":[{"@type":"ReadAction","target":["https:\/\/progettotouring.it\/radiotouring104\/2024\/02\/09\/villa-san-giovanni-presentato-il-progetto-lo-stretto-che-include\/"]}]},{"@type":"ImageObject","inLanguage":"it-IT","@id":"https:\/\/progettotouring.it\/radiotouring104\/2024\/02\/09\/villa-san-giovanni-presentato-il-progetto-lo-stretto-che-include\/#primaryimage","url":"https:\/\/progettotouring.it\/radiotouring104\/wp-content\/uploads\/sites\/6\/2023\/09\/Villa-San-Giovanni-comune.jpg","contentUrl":"https:\/\/progettotouring.it\/radiotouring104\/wp-content\/uploads\/sites\/6\/2023\/09\/Villa-San-Giovanni-comune.jpg","width":857,"height":857},{"@type":"BreadcrumbList","@id":"https:\/\/progettotouring.it\/radiotouring104\/2024\/02\/09\/villa-san-giovanni-presentato-il-progetto-lo-stretto-che-include\/#breadcrumb","itemListElement":[{"@type":"ListItem","position":1,"name":"Home","item":"https:\/\/progettotouring.it\/radiotouring104\/"},{"@type":"ListItem","position":2,"name":"Villa San Giovanni: presentato il progetto \u201cLo stretto che include&#8221;"}]},{"@type":"WebSite","@id":"https:\/\/progettotouring.it\/radiotouring104\/#website","url":"https:\/\/progettotouring.it\/radiotouring104\/","name":"Radio Touring 104","description":"La prima radio Reggina","publisher":{"@id":"https:\/\/progettotouring.it\/radiotouring104\/#organization"},"potentialAction":[{"@type":"SearchAction","target":{"@type":"EntryPoint","urlTemplate":"https:\/\/progettotouring.it\/radiotouring104\/?s={search_term_string}"},"query-input":{"@type":"PropertyValueSpecification","valueRequired":true,"valueName":"search_term_string"}}],"inLanguage":"it-IT"},{"@type":"Organization","@id":"https:\/\/progettotouring.it\/radiotouring104\/#organization","name":"Radio Touring 104","url":"https:\/\/progettotouring.it\/radiotouring104\/","logo":{"@type":"ImageObject","inLanguage":"it-IT","@id":"https:\/\/progettotouring.it\/radiotouring104\/#\/schema\/logo\/image\/","url":"https:\/\/progettotouring.it\/radiotouring104\/wp-content\/uploads\/sites\/6\/2022\/02\/cropped-logo-radio-touring-104.png","contentUrl":"https:\/\/progettotouring.it\/radiotouring104\/wp-content\/uploads\/sites\/6\/2022\/02\/cropped-logo-radio-touring-104.png","width":377,"height":182,"caption":"Radio Touring 104"},"image":{"@id":"https:\/\/progettotouring.it\/radiotouring104\/#\/schema\/logo\/image\/"}},{"@type":"Person","@id":"https:\/\/progettotouring.it\/radiotouring104\/#\/schema\/person\/4a82259ca52ac8702ad1a8f9e5a3120b","name":"Filippo Francesco Idone","image":{"@type":"ImageObject","inLanguage":"it-IT","@id":"https:\/\/secure.gravatar.com\/avatar\/7268715d2366395c3dd314385670e6484117d44f5c442e61e230f7008b7b62d3?s=96&d=mm&r=g","url":"https:\/\/secure.gravatar.com\/avatar\/7268715d2366395c3dd314385670e6484117d44f5c442e61e230f7008b7b62d3?s=96&d=mm&r=g","contentUrl":"https:\/\/secure.gravatar.com\/avatar\/7268715d2366395c3dd314385670e6484117d44f5c442e61e230f7008b7b62d3?s=96&d=mm&r=g","caption":"Filippo Francesco Idone"},"url":"https:\/\/progettotouring.it\/radiotouring104\/author\/filippoidone\/"}]}},"jetpack_publicize_connections":[],"jetpack_featured_media_url":"https:\/\/progettotouring.it\/radiotouring104\/wp-content\/uploads\/sites\/6\/2023\/09\/Villa-San-Giovanni-comune.jpg","jetpack_sharing_enabled":true,"_links":{"self":[{"href":"https:\/\/progettotouring.it\/radiotouring104\/wp-json\/wp\/v2\/posts\/44351","targetHints":{"allow":["GET"]}}],"collection":[{"href":"https:\/\/progettotouring.it\/radiotouring104\/wp-json\/wp\/v2\/posts"}],"about":[{"href":"https:\/\/progettotouring.it\/radiotouring104\/wp-json\/wp\/v2\/types\/post"}],"author":[{"embeddable":true,"href":"https:\/\/progettotouring.it\/radiotouring104\/wp-json\/wp\/v2\/users\/8"}],"replies":[{"embeddable":true,"href":"https:\/\/progettotouring.it\/radiotouring104\/wp-json\/wp\/v2\/comments?post=44351"}],"version-history":[{"count":1,"href":"https:\/\/progettotouring.it\/radiotouring104\/wp-json\/wp\/v2\/posts\/44351\/revisions"}],"predecessor-version":[{"id":44352,"href":"https:\/\/progettotouring.it\/radiotouring104\/wp-json\/wp\/v2\/posts\/44351\/revisions\/44352"}],"wp:featuredmedia":[{"embeddable":true,"href":"https:\/\/progettotouring.it\/radiotouring104\/wp-json\/wp\/v2\/media\/34749"}],"wp:attachment":[{"href":"https:\/\/progettotouring.it\/radiotouring104\/wp-json\/wp\/v2\/media?parent=44351"}],"wp:term":[{"taxonomy":"category","embeddable":true,"href":"https:\/\/progettotouring.it\/radiotouring104\/wp-json\/wp\/v2\/categories?post=44351"},{"taxonomy":"post_tag","embeddable":true,"href":"https:\/\/progettotouring.it\/radiotouring104\/wp-json\/wp\/v2\/tags?post=44351"}],"curies":[{"name":"wp","href":"https:\/\/api.w.org\/{rel}","templated":true}]}}