{"id":44353,"date":"2024-02-09T13:41:10","date_gmt":"2024-02-09T12:41:10","guid":{"rendered":"https:\/\/progettotouring.it\/radiotouring104\/?p=44353"},"modified":"2024-02-09T15:14:52","modified_gmt":"2024-02-09T14:14:52","slug":"calabria-lo-schiavo-commenta-lultimo-report-di-svimez","status":"publish","type":"post","link":"https:\/\/progettotouring.it\/radiotouring104\/2024\/02\/09\/calabria-lo-schiavo-commenta-lultimo-report-di-svimez\/","title":{"rendered":"Calabria: Lo Schiavo commenta l\u2019ultimo Report di Svimez"},"content":{"rendered":"<p style=\"text-align: justify\"><em>&#8220;Il 43 per cento dei pazienti calabresi si rivolge a strutture sanitarie di regioni non confinanti. La <strong>Calabria<\/strong> resta la prima regione d\u2019Italia per migrazione sanitaria mentre \u00e8 l\u2019ultima per spesa corrente in sanit\u00e0 e per il numero di donne che si sottopongono a screening oncologici. \u00c8 questa la realt\u00e0 tracciata dall\u2019ultimo rapporto<strong> Svimez sui divari tra Nord e Sud nel diritto alla salute.<\/strong> Un quadro desolante che fotografa quella che \u00e8 la reale situazione di migliaia di pazienti calabresi, cui non \u00e8 garantita, entro i confini regionali, un\u2019adeguata possibilit\u00e0 di accesso alle cure&#8221;. <\/em>Lo sostiene, in un comunicato stampa, il consigliere regionale Antonio Lo Schiavo, presidente del Gruppo misto \u2013 Liberamente progressisti, commentando l\u2019ultimo <strong>Report Svimez<\/strong> &#8220;Un Paese, due cure. I divari Nord-Sud nel diritto alla salute\u201d, presentato nei giorni scorsi a Roma in collaborazione con Save the Children.<\/p>\n<p style=\"text-align: justify\"><em>&#8220;\u00c8 vero che anche in Calabria non mancano realt\u00e0 di primo piano nel trattamento delle patologie oncologiche, ma \u00e8 al contempo evidente che ci\u00f2 non \u00e8 ancora sufficiente a garantire ai cittadini calabresi pari condizioni e diritti cos\u00ec come avviene in altre regioni. Nel giugno scorso ho rivolto un\u2019interrogazione urgente al presidente <strong>Occhiuto<\/strong> sull\u2019implementazione della Rete oncologica regionale, rimasta in buona parte sulla carta, puntando sulla necessit\u00e0 di accelerare i processi decisionali per dare piena attuazione ai decreti commissariali che ne dettavano gli indirizzi. Dalla risposta a quella interrogazione, pervenuta giorni dopo, si evinceva chiaramente come l\u2019istituzione delle <strong>Colon Cancer Unit,<\/strong> il potenziamento delle <strong>Breast<\/strong> <strong>Unit<\/strong>, l\u2019attuazione ed il potenziamento degli screening oncologici e perfino l\u2019istituzione di un numero verde dedicato, fossero in grave e colpevole ritardo. E ad oggi non si registra, purtroppo, nessuna significativa novit\u00e0 in ordine alle questioni poste all\u2019attenzione del presidente della Regione e commissario alla sanit\u00e0. Vi \u00e8 dunque ancora molto da lavorare per sperare di poter incidere sui dati impietosi divulgati ancora una volta da Svimez che, come detto, vedono il 43 per cento dei pazienti calabresi migrare verso altri territori con il relativo aggravio di spese per il bilancio regionale. Risorse che potrebbero essere invece impiegate in Calabria per migliorare e dare attuazione proprio alla nostra rete oncologica. Invece, il divario sanitario si allarga sempre di pi\u00f9 e diverr\u00e0 definitivamente incolmabile quando l\u2019Autonomia differenziata, voluta dalle Regioni ricche del Nord, istituir\u00e0 sistemi sanitari autonomi che diventeranno sempre pi\u00f9 efficienti nelle Regioni avanzate e sempre pi\u00f9 disastrati dove gi\u00e0 sono in difficolt\u00e0\u00bb.<\/em><\/p>\n","protected":false},"excerpt":{"rendered":"<p>&#8220;Il 43 per cento dei pazienti calabresi si rivolge a strutture sanitarie di regioni non confinanti. La Calabria resta la prima regione d\u2019Italia per migrazione sanitaria mentre \u00e8 l\u2019ultima per&hellip;<\/p>\n","protected":false},"author":8,"featured_media":5381,"comment_status":"closed","ping_status":"open","sticky":false,"template":"","format":"standard","meta":{"_jetpack_memberships_contains_paid_content":false,"footnotes":"","jetpack_publicize_message":"","jetpack_publicize_feature_enabled":true,"jetpack_social_post_already_shared":false,"jetpack_social_options":{"image_generator_settings":{"template":"highway","default_image_id":0,"font":"","enabled":false},"version":2}},"categories":[142,921,196,195],"tags":[586,5105,27376],"class_list":["post-44353","post","type-post","status-publish","format-standard","has-post-thumbnail","hentry","category-calabria","category-home","category-news","category-politica","tag-calabria","tag-lo-schiavo","tag-report-svimez"],"yoast_head":"<!-- This site is optimized with the Yoast SEO plugin v27.2 - https:\/\/yoast.com\/product\/yoast-seo-wordpress\/ -->\n<title>Calabria: Lo Schiavo commenta l\u2019ultimo Report di Svimez - Radio Touring 104<\/title>\n<meta name=\"description\" content=\"Il consigliere regionale Antonio Lo Schiavo, presidente del Gruppo misto \u2013 Liberamente progressisti, ha commento l\u2019ultimo Report di Svimez\" \/>\n<meta name=\"robots\" content=\"index, follow, max-snippet:-1, max-image-preview:large, max-video-preview:-1\" \/>\n<link rel=\"canonical\" href=\"https:\/\/progettotouring.it\/radiotouring104\/2024\/02\/09\/calabria-lo-schiavo-commenta-lultimo-report-di-svimez\/\" \/>\n<meta property=\"og:locale\" content=\"it_IT\" \/>\n<meta property=\"og:type\" content=\"article\" \/>\n<meta property=\"og:title\" content=\"Calabria: Lo Schiavo commenta l\u2019ultimo Report di Svimez - Radio Touring 104\" \/>\n<meta property=\"og:description\" content=\"Il consigliere regionale Antonio Lo Schiavo, presidente del Gruppo misto \u2013 Liberamente progressisti, ha commento l\u2019ultimo Report di Svimez\" \/>\n<meta property=\"og:url\" content=\"https:\/\/progettotouring.it\/radiotouring104\/2024\/02\/09\/calabria-lo-schiavo-commenta-lultimo-report-di-svimez\/\" \/>\n<meta property=\"og:site_name\" content=\"Radio Touring 104\" \/>\n<meta property=\"article:published_time\" content=\"2024-02-09T12:41:10+00:00\" \/>\n<meta property=\"article:modified_time\" content=\"2024-02-09T14:14:52+00:00\" \/>\n<meta property=\"og:image\" content=\"https:\/\/progettotouring.it\/radiotouring104\/wp-content\/uploads\/sites\/6\/2022\/05\/Antonio-Lo-Schiavo-in-Commissione.jpg\" \/>\n\t<meta property=\"og:image:width\" content=\"899\" \/>\n\t<meta property=\"og:image:height\" content=\"576\" \/>\n\t<meta property=\"og:image:type\" content=\"image\/jpeg\" \/>\n<meta name=\"author\" content=\"Filippo Francesco Idone\" \/>\n<meta name=\"twitter:card\" content=\"summary_large_image\" \/>\n<meta name=\"twitter:label1\" content=\"Scritto da\" \/>\n\t<meta name=\"twitter:data1\" content=\"Filippo Francesco Idone\" \/>\n\t<meta name=\"twitter:label2\" content=\"Tempo di lettura stimato\" \/>\n\t<meta name=\"twitter:data2\" content=\"2 minuti\" \/>\n<script type=\"application\/ld+json\" class=\"yoast-schema-graph\">{\"@context\":\"https:\/\/schema.org\",\"@graph\":[{\"@type\":\"Article\",\"@id\":\"https:\/\/progettotouring.it\/radiotouring104\/2024\/02\/09\/calabria-lo-schiavo-commenta-lultimo-report-di-svimez\/#article\",\"isPartOf\":{\"@id\":\"https:\/\/progettotouring.it\/radiotouring104\/2024\/02\/09\/calabria-lo-schiavo-commenta-lultimo-report-di-svimez\/\"},\"author\":{\"name\":\"Filippo Francesco Idone\",\"@id\":\"https:\/\/progettotouring.it\/radiotouring104\/#\/schema\/person\/4a82259ca52ac8702ad1a8f9e5a3120b\"},\"headline\":\"Calabria: Lo Schiavo commenta l\u2019ultimo Report di Svimez\",\"datePublished\":\"2024-02-09T12:41:10+00:00\",\"dateModified\":\"2024-02-09T14:14:52+00:00\",\"mainEntityOfPage\":{\"@id\":\"https:\/\/progettotouring.it\/radiotouring104\/2024\/02\/09\/calabria-lo-schiavo-commenta-lultimo-report-di-svimez\/\"},\"wordCount\":408,\"publisher\":{\"@id\":\"https:\/\/progettotouring.it\/radiotouring104\/#organization\"},\"image\":{\"@id\":\"https:\/\/progettotouring.it\/radiotouring104\/2024\/02\/09\/calabria-lo-schiavo-commenta-lultimo-report-di-svimez\/#primaryimage\"},\"thumbnailUrl\":\"https:\/\/progettotouring.it\/radiotouring104\/wp-content\/uploads\/sites\/6\/2022\/05\/Antonio-Lo-Schiavo-in-Commissione.jpg\",\"keywords\":[\"calabria\",\"lo schiavo\",\"Report Svimez\"],\"articleSection\":[\"Calabria\",\"Home\",\"News\",\"Politica\"],\"inLanguage\":\"it-IT\"},{\"@type\":\"WebPage\",\"@id\":\"https:\/\/progettotouring.it\/radiotouring104\/2024\/02\/09\/calabria-lo-schiavo-commenta-lultimo-report-di-svimez\/\",\"url\":\"https:\/\/progettotouring.it\/radiotouring104\/2024\/02\/09\/calabria-lo-schiavo-commenta-lultimo-report-di-svimez\/\",\"name\":\"Calabria: Lo Schiavo commenta l\u2019ultimo Report di Svimez - Radio Touring 104\",\"isPartOf\":{\"@id\":\"https:\/\/progettotouring.it\/radiotouring104\/#website\"},\"primaryImageOfPage\":{\"@id\":\"https:\/\/progettotouring.it\/radiotouring104\/2024\/02\/09\/calabria-lo-schiavo-commenta-lultimo-report-di-svimez\/#primaryimage\"},\"image\":{\"@id\":\"https:\/\/progettotouring.it\/radiotouring104\/2024\/02\/09\/calabria-lo-schiavo-commenta-lultimo-report-di-svimez\/#primaryimage\"},\"thumbnailUrl\":\"https:\/\/progettotouring.it\/radiotouring104\/wp-content\/uploads\/sites\/6\/2022\/05\/Antonio-Lo-Schiavo-in-Commissione.jpg\",\"datePublished\":\"2024-02-09T12:41:10+00:00\",\"dateModified\":\"2024-02-09T14:14:52+00:00\",\"description\":\"Il consigliere regionale Antonio Lo Schiavo, presidente del Gruppo misto \u2013 Liberamente progressisti, ha commento l\u2019ultimo Report di Svimez\",\"breadcrumb\":{\"@id\":\"https:\/\/progettotouring.it\/radiotouring104\/2024\/02\/09\/calabria-lo-schiavo-commenta-lultimo-report-di-svimez\/#breadcrumb\"},\"inLanguage\":\"it-IT\",\"potentialAction\":[{\"@type\":\"ReadAction\",\"target\":[\"https:\/\/progettotouring.it\/radiotouring104\/2024\/02\/09\/calabria-lo-schiavo-commenta-lultimo-report-di-svimez\/\"]}]},{\"@type\":\"ImageObject\",\"inLanguage\":\"it-IT\",\"@id\":\"https:\/\/progettotouring.it\/radiotouring104\/2024\/02\/09\/calabria-lo-schiavo-commenta-lultimo-report-di-svimez\/#primaryimage\",\"url\":\"https:\/\/progettotouring.it\/radiotouring104\/wp-content\/uploads\/sites\/6\/2022\/05\/Antonio-Lo-Schiavo-in-Commissione.jpg\",\"contentUrl\":\"https:\/\/progettotouring.it\/radiotouring104\/wp-content\/uploads\/sites\/6\/2022\/05\/Antonio-Lo-Schiavo-in-Commissione.jpg\",\"width\":899,\"height\":576},{\"@type\":\"BreadcrumbList\",\"@id\":\"https:\/\/progettotouring.it\/radiotouring104\/2024\/02\/09\/calabria-lo-schiavo-commenta-lultimo-report-di-svimez\/#breadcrumb\",\"itemListElement\":[{\"@type\":\"ListItem\",\"position\":1,\"name\":\"Home\",\"item\":\"https:\/\/progettotouring.it\/radiotouring104\/\"},{\"@type\":\"ListItem\",\"position\":2,\"name\":\"Calabria: Lo Schiavo commenta l\u2019ultimo Report di Svimez\"}]},{\"@type\":\"WebSite\",\"@id\":\"https:\/\/progettotouring.it\/radiotouring104\/#website\",\"url\":\"https:\/\/progettotouring.it\/radiotouring104\/\",\"name\":\"Radio Touring 104\",\"description\":\"La prima radio Reggina\",\"publisher\":{\"@id\":\"https:\/\/progettotouring.it\/radiotouring104\/#organization\"},\"potentialAction\":[{\"@type\":\"SearchAction\",\"target\":{\"@type\":\"EntryPoint\",\"urlTemplate\":\"https:\/\/progettotouring.it\/radiotouring104\/?s={search_term_string}\"},\"query-input\":{\"@type\":\"PropertyValueSpecification\",\"valueRequired\":true,\"valueName\":\"search_term_string\"}}],\"inLanguage\":\"it-IT\"},{\"@type\":\"Organization\",\"@id\":\"https:\/\/progettotouring.it\/radiotouring104\/#organization\",\"name\":\"Radio Touring 104\",\"url\":\"https:\/\/progettotouring.it\/radiotouring104\/\",\"logo\":{\"@type\":\"ImageObject\",\"inLanguage\":\"it-IT\",\"@id\":\"https:\/\/progettotouring.it\/radiotouring104\/#\/schema\/logo\/image\/\",\"url\":\"https:\/\/progettotouring.it\/radiotouring104\/wp-content\/uploads\/sites\/6\/2022\/02\/cropped-logo-radio-touring-104.png\",\"contentUrl\":\"https:\/\/progettotouring.it\/radiotouring104\/wp-content\/uploads\/sites\/6\/2022\/02\/cropped-logo-radio-touring-104.png\",\"width\":377,\"height\":182,\"caption\":\"Radio Touring 104\"},\"image\":{\"@id\":\"https:\/\/progettotouring.it\/radiotouring104\/#\/schema\/logo\/image\/\"}},{\"@type\":\"Person\",\"@id\":\"https:\/\/progettotouring.it\/radiotouring104\/#\/schema\/person\/4a82259ca52ac8702ad1a8f9e5a3120b\",\"name\":\"Filippo Francesco Idone\",\"image\":{\"@type\":\"ImageObject\",\"inLanguage\":\"it-IT\",\"@id\":\"https:\/\/secure.gravatar.com\/avatar\/7268715d2366395c3dd314385670e6484117d44f5c442e61e230f7008b7b62d3?s=96&d=mm&r=g\",\"url\":\"https:\/\/secure.gravatar.com\/avatar\/7268715d2366395c3dd314385670e6484117d44f5c442e61e230f7008b7b62d3?s=96&d=mm&r=g\",\"contentUrl\":\"https:\/\/secure.gravatar.com\/avatar\/7268715d2366395c3dd314385670e6484117d44f5c442e61e230f7008b7b62d3?s=96&d=mm&r=g\",\"caption\":\"Filippo Francesco Idone\"},\"url\":\"https:\/\/progettotouring.it\/radiotouring104\/author\/filippoidone\/\"}]}<\/script>\n<!-- \/ Yoast SEO plugin. -->","yoast_head_json":{"title":"Calabria: Lo Schiavo commenta l\u2019ultimo Report di Svimez - Radio Touring 104","description":"Il consigliere regionale Antonio Lo Schiavo, presidente del Gruppo misto \u2013 Liberamente progressisti, ha commento l\u2019ultimo Report di Svimez","robots":{"index":"index","follow":"follow","max-snippet":"max-snippet:-1","max-image-preview":"max-image-preview:large","max-video-preview":"max-video-preview:-1"},"canonical":"https:\/\/progettotouring.it\/radiotouring104\/2024\/02\/09\/calabria-lo-schiavo-commenta-lultimo-report-di-svimez\/","og_locale":"it_IT","og_type":"article","og_title":"Calabria: Lo Schiavo commenta l\u2019ultimo Report di Svimez - Radio Touring 104","og_description":"Il consigliere regionale Antonio Lo Schiavo, presidente del Gruppo misto \u2013 Liberamente progressisti, ha commento l\u2019ultimo Report di Svimez","og_url":"https:\/\/progettotouring.it\/radiotouring104\/2024\/02\/09\/calabria-lo-schiavo-commenta-lultimo-report-di-svimez\/","og_site_name":"Radio Touring 104","article_published_time":"2024-02-09T12:41:10+00:00","article_modified_time":"2024-02-09T14:14:52+00:00","og_image":[{"width":899,"height":576,"url":"https:\/\/progettotouring.it\/radiotouring104\/wp-content\/uploads\/sites\/6\/2022\/05\/Antonio-Lo-Schiavo-in-Commissione.jpg","type":"image\/jpeg"}],"author":"Filippo Francesco Idone","twitter_card":"summary_large_image","twitter_misc":{"Scritto da":"Filippo Francesco Idone","Tempo di lettura stimato":"2 minuti"},"schema":{"@context":"https:\/\/schema.org","@graph":[{"@type":"Article","@id":"https:\/\/progettotouring.it\/radiotouring104\/2024\/02\/09\/calabria-lo-schiavo-commenta-lultimo-report-di-svimez\/#article","isPartOf":{"@id":"https:\/\/progettotouring.it\/radiotouring104\/2024\/02\/09\/calabria-lo-schiavo-commenta-lultimo-report-di-svimez\/"},"author":{"name":"Filippo Francesco Idone","@id":"https:\/\/progettotouring.it\/radiotouring104\/#\/schema\/person\/4a82259ca52ac8702ad1a8f9e5a3120b"},"headline":"Calabria: Lo Schiavo commenta l\u2019ultimo Report di Svimez","datePublished":"2024-02-09T12:41:10+00:00","dateModified":"2024-02-09T14:14:52+00:00","mainEntityOfPage":{"@id":"https:\/\/progettotouring.it\/radiotouring104\/2024\/02\/09\/calabria-lo-schiavo-commenta-lultimo-report-di-svimez\/"},"wordCount":408,"publisher":{"@id":"https:\/\/progettotouring.it\/radiotouring104\/#organization"},"image":{"@id":"https:\/\/progettotouring.it\/radiotouring104\/2024\/02\/09\/calabria-lo-schiavo-commenta-lultimo-report-di-svimez\/#primaryimage"},"thumbnailUrl":"https:\/\/progettotouring.it\/radiotouring104\/wp-content\/uploads\/sites\/6\/2022\/05\/Antonio-Lo-Schiavo-in-Commissione.jpg","keywords":["calabria","lo schiavo","Report Svimez"],"articleSection":["Calabria","Home","News","Politica"],"inLanguage":"it-IT"},{"@type":"WebPage","@id":"https:\/\/progettotouring.it\/radiotouring104\/2024\/02\/09\/calabria-lo-schiavo-commenta-lultimo-report-di-svimez\/","url":"https:\/\/progettotouring.it\/radiotouring104\/2024\/02\/09\/calabria-lo-schiavo-commenta-lultimo-report-di-svimez\/","name":"Calabria: Lo Schiavo commenta l\u2019ultimo Report di Svimez - Radio Touring 104","isPartOf":{"@id":"https:\/\/progettotouring.it\/radiotouring104\/#website"},"primaryImageOfPage":{"@id":"https:\/\/progettotouring.it\/radiotouring104\/2024\/02\/09\/calabria-lo-schiavo-commenta-lultimo-report-di-svimez\/#primaryimage"},"image":{"@id":"https:\/\/progettotouring.it\/radiotouring104\/2024\/02\/09\/calabria-lo-schiavo-commenta-lultimo-report-di-svimez\/#primaryimage"},"thumbnailUrl":"https:\/\/progettotouring.it\/radiotouring104\/wp-content\/uploads\/sites\/6\/2022\/05\/Antonio-Lo-Schiavo-in-Commissione.jpg","datePublished":"2024-02-09T12:41:10+00:00","dateModified":"2024-02-09T14:14:52+00:00","description":"Il consigliere regionale Antonio Lo Schiavo, presidente del Gruppo misto \u2013 Liberamente progressisti, ha commento l\u2019ultimo Report di Svimez","breadcrumb":{"@id":"https:\/\/progettotouring.it\/radiotouring104\/2024\/02\/09\/calabria-lo-schiavo-commenta-lultimo-report-di-svimez\/#breadcrumb"},"inLanguage":"it-IT","potentialAction":[{"@type":"ReadAction","target":["https:\/\/progettotouring.it\/radiotouring104\/2024\/02\/09\/calabria-lo-schiavo-commenta-lultimo-report-di-svimez\/"]}]},{"@type":"ImageObject","inLanguage":"it-IT","@id":"https:\/\/progettotouring.it\/radiotouring104\/2024\/02\/09\/calabria-lo-schiavo-commenta-lultimo-report-di-svimez\/#primaryimage","url":"https:\/\/progettotouring.it\/radiotouring104\/wp-content\/uploads\/sites\/6\/2022\/05\/Antonio-Lo-Schiavo-in-Commissione.jpg","contentUrl":"https:\/\/progettotouring.it\/radiotouring104\/wp-content\/uploads\/sites\/6\/2022\/05\/Antonio-Lo-Schiavo-in-Commissione.jpg","width":899,"height":576},{"@type":"BreadcrumbList","@id":"https:\/\/progettotouring.it\/radiotouring104\/2024\/02\/09\/calabria-lo-schiavo-commenta-lultimo-report-di-svimez\/#breadcrumb","itemListElement":[{"@type":"ListItem","position":1,"name":"Home","item":"https:\/\/progettotouring.it\/radiotouring104\/"},{"@type":"ListItem","position":2,"name":"Calabria: Lo Schiavo commenta l\u2019ultimo Report di Svimez"}]},{"@type":"WebSite","@id":"https:\/\/progettotouring.it\/radiotouring104\/#website","url":"https:\/\/progettotouring.it\/radiotouring104\/","name":"Radio Touring 104","description":"La prima radio Reggina","publisher":{"@id":"https:\/\/progettotouring.it\/radiotouring104\/#organization"},"potentialAction":[{"@type":"SearchAction","target":{"@type":"EntryPoint","urlTemplate":"https:\/\/progettotouring.it\/radiotouring104\/?s={search_term_string}"},"query-input":{"@type":"PropertyValueSpecification","valueRequired":true,"valueName":"search_term_string"}}],"inLanguage":"it-IT"},{"@type":"Organization","@id":"https:\/\/progettotouring.it\/radiotouring104\/#organization","name":"Radio Touring 104","url":"https:\/\/progettotouring.it\/radiotouring104\/","logo":{"@type":"ImageObject","inLanguage":"it-IT","@id":"https:\/\/progettotouring.it\/radiotouring104\/#\/schema\/logo\/image\/","url":"https:\/\/progettotouring.it\/radiotouring104\/wp-content\/uploads\/sites\/6\/2022\/02\/cropped-logo-radio-touring-104.png","contentUrl":"https:\/\/progettotouring.it\/radiotouring104\/wp-content\/uploads\/sites\/6\/2022\/02\/cropped-logo-radio-touring-104.png","width":377,"height":182,"caption":"Radio Touring 104"},"image":{"@id":"https:\/\/progettotouring.it\/radiotouring104\/#\/schema\/logo\/image\/"}},{"@type":"Person","@id":"https:\/\/progettotouring.it\/radiotouring104\/#\/schema\/person\/4a82259ca52ac8702ad1a8f9e5a3120b","name":"Filippo Francesco Idone","image":{"@type":"ImageObject","inLanguage":"it-IT","@id":"https:\/\/secure.gravatar.com\/avatar\/7268715d2366395c3dd314385670e6484117d44f5c442e61e230f7008b7b62d3?s=96&d=mm&r=g","url":"https:\/\/secure.gravatar.com\/avatar\/7268715d2366395c3dd314385670e6484117d44f5c442e61e230f7008b7b62d3?s=96&d=mm&r=g","contentUrl":"https:\/\/secure.gravatar.com\/avatar\/7268715d2366395c3dd314385670e6484117d44f5c442e61e230f7008b7b62d3?s=96&d=mm&r=g","caption":"Filippo Francesco Idone"},"url":"https:\/\/progettotouring.it\/radiotouring104\/author\/filippoidone\/"}]}},"jetpack_publicize_connections":[],"jetpack_featured_media_url":"https:\/\/progettotouring.it\/radiotouring104\/wp-content\/uploads\/sites\/6\/2022\/05\/Antonio-Lo-Schiavo-in-Commissione.jpg","jetpack_sharing_enabled":true,"_links":{"self":[{"href":"https:\/\/progettotouring.it\/radiotouring104\/wp-json\/wp\/v2\/posts\/44353","targetHints":{"allow":["GET"]}}],"collection":[{"href":"https:\/\/progettotouring.it\/radiotouring104\/wp-json\/wp\/v2\/posts"}],"about":[{"href":"https:\/\/progettotouring.it\/radiotouring104\/wp-json\/wp\/v2\/types\/post"}],"author":[{"embeddable":true,"href":"https:\/\/progettotouring.it\/radiotouring104\/wp-json\/wp\/v2\/users\/8"}],"replies":[{"embeddable":true,"href":"https:\/\/progettotouring.it\/radiotouring104\/wp-json\/wp\/v2\/comments?post=44353"}],"version-history":[{"count":1,"href":"https:\/\/progettotouring.it\/radiotouring104\/wp-json\/wp\/v2\/posts\/44353\/revisions"}],"predecessor-version":[{"id":44354,"href":"https:\/\/progettotouring.it\/radiotouring104\/wp-json\/wp\/v2\/posts\/44353\/revisions\/44354"}],"wp:featuredmedia":[{"embeddable":true,"href":"https:\/\/progettotouring.it\/radiotouring104\/wp-json\/wp\/v2\/media\/5381"}],"wp:attachment":[{"href":"https:\/\/progettotouring.it\/radiotouring104\/wp-json\/wp\/v2\/media?parent=44353"}],"wp:term":[{"taxonomy":"category","embeddable":true,"href":"https:\/\/progettotouring.it\/radiotouring104\/wp-json\/wp\/v2\/categories?post=44353"},{"taxonomy":"post_tag","embeddable":true,"href":"https:\/\/progettotouring.it\/radiotouring104\/wp-json\/wp\/v2\/tags?post=44353"}],"curies":[{"name":"wp","href":"https:\/\/api.w.org\/{rel}","templated":true}]}}