{"id":44355,"date":"2024-02-09T14:59:37","date_gmt":"2024-02-09T13:59:37","guid":{"rendered":"https:\/\/progettotouring.it\/radiotouring104\/?p=44355"},"modified":"2024-02-09T15:20:40","modified_gmt":"2024-02-09T14:20:40","slug":"lavori-al-severi-di-gioia-tauro-versace-obiettivo-migliorare-il-complesso-delle-strutture-dedicate-allistruzione-dei-nostri-giovani","status":"publish","type":"post","link":"https:\/\/progettotouring.it\/radiotouring104\/2024\/02\/09\/lavori-al-severi-di-gioia-tauro-versace-obiettivo-migliorare-il-complesso-delle-strutture-dedicate-allistruzione-dei-nostri-giovani\/","title":{"rendered":"lavori al &#8220;Severi&#8221; di Gioia Tauro, Versace: &#8220;Obiettivo migliorare il complesso delle strutture dedicate all\u2019istruzione dei nostri giovani&#8221;"},"content":{"rendered":"<p style=\"text-align: justify\">Il vicesindaco metropolitano Carmelo Versace ha effettuato un sopralluogo sul cantiere del nuovo <strong>Istituto scolastico<\/strong> <strong>\u201cSeveri\u201d di Gioia Tauro<\/strong>.<em> &#8220;I lavori \u2013<\/em> ha spiegato Versace \u2013 <em>consegnati lo scorso luglio, proseguono senza particolari intoppi. E\u2019 con grande piacere, dunque, che ho avuto modo di apprezzare gli sforzi degli operai e delle maestranze della ditta incaricata, concentrati al massimo per ampliare quello \u00e8 un centro educativo fondamentale per la <strong>Piana di Gioia Tauro<\/strong> e per l\u2019intero comprensorio metropolitano&#8221;. <\/em>Sull\u2019ammodernamento del \u201cSeveri\u201d, infatti, <strong>Palazzo Alvaro<\/strong> ha investito 3,3 milioni di euro per \u00abdemolire una parte del manufatto e costruirne, a fianco, uno nuovo di zecca con tutti i comfort possibili ed i pi\u00f9 moderni standard di sicurezza\u00bb.<\/p>\n<p><em>&#8220;Insieme al sindaco Giuseppe Falcomat\u00e0 <\/em>\u2013 ha aggiunto Carmelo Versace \u2013<em> ci siamo posti l\u2019obiettivo di migliorare, capillarmente, il complesso delle strutture dedicate all\u2019istruzione ed alla formazione dei nostri giovani. Il risultato sar\u00e0 quello di avere scuole al passo coi tempi sotto ogni punto di vista, in primis quello strutturale perch\u00e9 \u00e8 obbligatorio garantire l\u2019assoluta sicurezza in un territorio particolarmente sensibile e fragile come il nostro&#8221;.<\/em> Dall\u2019adeguamento sismico alla cura minuziosa di ogni particolare tecnico, nulla \u00e8 lasciato al caso: &#8220;<em>Il settore <strong>Edilizia<\/strong>, guidato dal dirigente Giuseppe Mezzatesta, sta davvero svolgendo un\u2019opera eccezionale, grazie anche al contributo del<strong> Rup Francesco Rigol<\/strong>i. Questo gravoso impegno, merita il pi\u00f9 alto risalto possibile affinch\u00e9 possa tradursi presto in un effettivo riscontro da parte delle nostre comunit\u00e0&#8221;.<\/em><\/p>\n<p><em>&#8220;In particolare <\/em>\u2013 ha ricordato il vicesindaco \u2013 <em><strong>l\u2019istituto \u201cSeveri\u201d, su progetto Agis srl,<\/strong> diventer\u00e0 un vero e proprio fiore all\u2019occhiello per l\u2019intera area metropolitana con le sue 21 aule nuove, alcune delle quali concepite in chiave modulare che, all\u2019occorrenza, possono trasformarsi in spazi ancora pi\u00f9 ampi e con cinque laboratori che supporteranno la didattica interna. Nuove aree per l\u2019apprendimento, quindi, ed ambienti dinamici che soddisfano le esigenze dei nuovi metodi d\u2019insegnamento con luoghi innovativi e polifunzionali in cui favorire relazioni armoniche e democratiche tra giovani e adulti, contrastando le influenze alienanti della societ\u00e0 contemporanea&#8221;.<\/em><\/p>\n<p><em>&#8220;Qui \u2013 <\/em>ha aggiunto Versace \u2013<em> vogliamo creare un luogo in ci si possano tessere relazioni costanti con l\u2019ambiente esterno per sviluppare il concetto di scuola come \u201ccasa aperta\u201d, in continuit\u00e0 con gli ambienti circostanti. Il \u201c<strong>Severi<\/strong>\u201d, oltretutto, sar\u00e0 un edificio energeticamente sostenibile e con alta efficienza energetica&#8221;. <\/em>Alla base della strategia, comunque, c\u2019\u00e8 sempre la sinergia istituzionale che<strong> &#8220;rappresenta l\u2019elemento in pi\u00f9 che qualifica ed eleva ogni opera pubblica&#8221;<\/strong>. &#8220;<em>L\u2019idea \u2013<\/em> ha ribadito Versace \u2013<em> nasce da una fitta interlocuzione che, in ogni fase del progetto, non \u00e8 mai venuta meno e che ha visto i nostri uffici dialogare costantemente con il Comune di Gioia Tauro, i rappresentanti della scuola e delle famiglie degli studenti. Soltanto insieme, infatti, si possono raggiungere i traguardi migliori, si possono aggredire le criticit\u00e0 comprendendo i punti di forza sui quali spingere e le debolezze da affrontare e risolvere&#8221;. &#8220;<\/em><em>Il cantiere <\/em>&#8211; ha concluso il vicesindaco della Citt\u00e0 Metropolitana &#8211;<em> operativo dalla met\u00e0 dello scorso anno, avr\u00e0 una durata complessiva di <strong>547 giorni<\/strong>. Passato questo lasso di tempo, potremo dare concretezza al sogno di vedere il \u201c<strong>Severi<\/strong>\u201d come una piccola citt\u00e0 dentro la citt\u00e0 posta al servizio dei propri cittadini&#8221;.<\/em><\/p>\n","protected":false},"excerpt":{"rendered":"<p>Il vicesindaco metropolitano Carmelo Versace ha effettuato un sopralluogo sul cantiere del nuovo Istituto scolastico \u201cSeveri\u201d di Gioia Tauro. &#8220;I lavori \u2013 ha spiegato Versace \u2013 consegnati lo scorso luglio,&hellip;<\/p>\n","protected":false},"author":8,"featured_media":44356,"comment_status":"closed","ping_status":"open","sticky":false,"template":"","format":"standard","meta":{"_jetpack_memberships_contains_paid_content":false,"footnotes":"","jetpack_publicize_message":"","jetpack_publicize_feature_enabled":true,"jetpack_social_post_already_shared":false,"jetpack_social_options":{"image_generator_settings":{"template":"highway","default_image_id":0,"font":"","enabled":false},"version":2}},"categories":[921,196,195,140],"tags":[739,516,236,765],"class_list":["post-44355","post","type-post","status-publish","format-standard","has-post-thumbnail","hentry","category-home","category-news","category-politica","category-reggio-calabria","tag-palazzo-alvaro","tag-piana-di-gioia-tauro","tag-reggio-calabria","tag-versace"],"yoast_head":"<!-- This site is optimized with the Yoast SEO plugin v27.2 - https:\/\/yoast.com\/product\/yoast-seo-wordpress\/ -->\n<title>lavori al &quot;Severi&quot; di Gioia Tauro, Versace: &quot;Obiettivo migliorare il complesso delle strutture dedicate all\u2019istruzione dei nostri giovani&quot; - Radio Touring 104<\/title>\n<meta name=\"description\" content=\"A Gioia Tauro proseguono i lavori presso l&#039;Istituto scolastico. Il vicesindaco metropolitano Carmelo Versace ha effettuato un sopralluogo\" \/>\n<meta name=\"robots\" content=\"index, follow, max-snippet:-1, max-image-preview:large, max-video-preview:-1\" \/>\n<link rel=\"canonical\" href=\"https:\/\/progettotouring.it\/radiotouring104\/2024\/02\/09\/lavori-al-severi-di-gioia-tauro-versace-obiettivo-migliorare-il-complesso-delle-strutture-dedicate-allistruzione-dei-nostri-giovani\/\" \/>\n<meta property=\"og:locale\" content=\"it_IT\" \/>\n<meta property=\"og:type\" content=\"article\" \/>\n<meta property=\"og:title\" content=\"lavori al &quot;Severi&quot; di Gioia Tauro, Versace: &quot;Obiettivo migliorare il complesso delle strutture dedicate all\u2019istruzione dei nostri giovani&quot; - Radio Touring 104\" \/>\n<meta property=\"og:description\" content=\"A Gioia Tauro proseguono i lavori presso l&#039;Istituto scolastico. Il vicesindaco metropolitano Carmelo Versace ha effettuato un sopralluogo\" \/>\n<meta property=\"og:url\" content=\"https:\/\/progettotouring.it\/radiotouring104\/2024\/02\/09\/lavori-al-severi-di-gioia-tauro-versace-obiettivo-migliorare-il-complesso-delle-strutture-dedicate-allistruzione-dei-nostri-giovani\/\" \/>\n<meta property=\"og:site_name\" content=\"Radio Touring 104\" \/>\n<meta property=\"article:published_time\" content=\"2024-02-09T13:59:37+00:00\" \/>\n<meta property=\"article:modified_time\" content=\"2024-02-09T14:20:40+00:00\" \/>\n<meta property=\"og:image\" content=\"https:\/\/progettotouring.it\/radiotouring104\/wp-content\/uploads\/sites\/6\/2024\/02\/severi.jpeg\" \/>\n\t<meta property=\"og:image:width\" content=\"2048\" \/>\n\t<meta property=\"og:image:height\" content=\"1536\" \/>\n\t<meta property=\"og:image:type\" content=\"image\/jpeg\" \/>\n<meta name=\"author\" content=\"Filippo Francesco Idone\" \/>\n<meta name=\"twitter:card\" content=\"summary_large_image\" \/>\n<meta name=\"twitter:label1\" content=\"Scritto da\" \/>\n\t<meta name=\"twitter:data1\" content=\"Filippo Francesco Idone\" \/>\n\t<meta name=\"twitter:label2\" content=\"Tempo di lettura stimato\" \/>\n\t<meta name=\"twitter:data2\" content=\"3 minuti\" \/>\n<script type=\"application\/ld+json\" class=\"yoast-schema-graph\">{\"@context\":\"https:\/\/schema.org\",\"@graph\":[{\"@type\":\"Article\",\"@id\":\"https:\/\/progettotouring.it\/radiotouring104\/2024\/02\/09\/lavori-al-severi-di-gioia-tauro-versace-obiettivo-migliorare-il-complesso-delle-strutture-dedicate-allistruzione-dei-nostri-giovani\/#article\",\"isPartOf\":{\"@id\":\"https:\/\/progettotouring.it\/radiotouring104\/2024\/02\/09\/lavori-al-severi-di-gioia-tauro-versace-obiettivo-migliorare-il-complesso-delle-strutture-dedicate-allistruzione-dei-nostri-giovani\/\"},\"author\":{\"name\":\"Filippo Francesco Idone\",\"@id\":\"https:\/\/progettotouring.it\/radiotouring104\/#\/schema\/person\/4a82259ca52ac8702ad1a8f9e5a3120b\"},\"headline\":\"lavori al &#8220;Severi&#8221; di Gioia Tauro, Versace: &#8220;Obiettivo migliorare il complesso delle strutture dedicate all\u2019istruzione dei nostri giovani&#8221;\",\"datePublished\":\"2024-02-09T13:59:37+00:00\",\"dateModified\":\"2024-02-09T14:20:40+00:00\",\"mainEntityOfPage\":{\"@id\":\"https:\/\/progettotouring.it\/radiotouring104\/2024\/02\/09\/lavori-al-severi-di-gioia-tauro-versace-obiettivo-migliorare-il-complesso-delle-strutture-dedicate-allistruzione-dei-nostri-giovani\/\"},\"wordCount\":547,\"publisher\":{\"@id\":\"https:\/\/progettotouring.it\/radiotouring104\/#organization\"},\"image\":{\"@id\":\"https:\/\/progettotouring.it\/radiotouring104\/2024\/02\/09\/lavori-al-severi-di-gioia-tauro-versace-obiettivo-migliorare-il-complesso-delle-strutture-dedicate-allistruzione-dei-nostri-giovani\/#primaryimage\"},\"thumbnailUrl\":\"https:\/\/progettotouring.it\/radiotouring104\/wp-content\/uploads\/sites\/6\/2024\/02\/severi.jpeg\",\"keywords\":[\"Palazzo Alvaro\",\"piana di Gioia Tauro\",\"reggio calabria\",\"versace\"],\"articleSection\":[\"Home\",\"News\",\"Politica\",\"Reggio Calabria\"],\"inLanguage\":\"it-IT\"},{\"@type\":\"WebPage\",\"@id\":\"https:\/\/progettotouring.it\/radiotouring104\/2024\/02\/09\/lavori-al-severi-di-gioia-tauro-versace-obiettivo-migliorare-il-complesso-delle-strutture-dedicate-allistruzione-dei-nostri-giovani\/\",\"url\":\"https:\/\/progettotouring.it\/radiotouring104\/2024\/02\/09\/lavori-al-severi-di-gioia-tauro-versace-obiettivo-migliorare-il-complesso-delle-strutture-dedicate-allistruzione-dei-nostri-giovani\/\",\"name\":\"lavori al \\\"Severi\\\" di Gioia Tauro, Versace: \\\"Obiettivo migliorare il complesso delle strutture dedicate all\u2019istruzione dei nostri giovani\\\" - Radio Touring 104\",\"isPartOf\":{\"@id\":\"https:\/\/progettotouring.it\/radiotouring104\/#website\"},\"primaryImageOfPage\":{\"@id\":\"https:\/\/progettotouring.it\/radiotouring104\/2024\/02\/09\/lavori-al-severi-di-gioia-tauro-versace-obiettivo-migliorare-il-complesso-delle-strutture-dedicate-allistruzione-dei-nostri-giovani\/#primaryimage\"},\"image\":{\"@id\":\"https:\/\/progettotouring.it\/radiotouring104\/2024\/02\/09\/lavori-al-severi-di-gioia-tauro-versace-obiettivo-migliorare-il-complesso-delle-strutture-dedicate-allistruzione-dei-nostri-giovani\/#primaryimage\"},\"thumbnailUrl\":\"https:\/\/progettotouring.it\/radiotouring104\/wp-content\/uploads\/sites\/6\/2024\/02\/severi.jpeg\",\"datePublished\":\"2024-02-09T13:59:37+00:00\",\"dateModified\":\"2024-02-09T14:20:40+00:00\",\"description\":\"A Gioia Tauro proseguono i lavori presso l'Istituto scolastico. Il vicesindaco metropolitano Carmelo Versace ha effettuato un sopralluogo\",\"breadcrumb\":{\"@id\":\"https:\/\/progettotouring.it\/radiotouring104\/2024\/02\/09\/lavori-al-severi-di-gioia-tauro-versace-obiettivo-migliorare-il-complesso-delle-strutture-dedicate-allistruzione-dei-nostri-giovani\/#breadcrumb\"},\"inLanguage\":\"it-IT\",\"potentialAction\":[{\"@type\":\"ReadAction\",\"target\":[\"https:\/\/progettotouring.it\/radiotouring104\/2024\/02\/09\/lavori-al-severi-di-gioia-tauro-versace-obiettivo-migliorare-il-complesso-delle-strutture-dedicate-allistruzione-dei-nostri-giovani\/\"]}]},{\"@type\":\"ImageObject\",\"inLanguage\":\"it-IT\",\"@id\":\"https:\/\/progettotouring.it\/radiotouring104\/2024\/02\/09\/lavori-al-severi-di-gioia-tauro-versace-obiettivo-migliorare-il-complesso-delle-strutture-dedicate-allistruzione-dei-nostri-giovani\/#primaryimage\",\"url\":\"https:\/\/progettotouring.it\/radiotouring104\/wp-content\/uploads\/sites\/6\/2024\/02\/severi.jpeg\",\"contentUrl\":\"https:\/\/progettotouring.it\/radiotouring104\/wp-content\/uploads\/sites\/6\/2024\/02\/severi.jpeg\",\"width\":2048,\"height\":1536},{\"@type\":\"BreadcrumbList\",\"@id\":\"https:\/\/progettotouring.it\/radiotouring104\/2024\/02\/09\/lavori-al-severi-di-gioia-tauro-versace-obiettivo-migliorare-il-complesso-delle-strutture-dedicate-allistruzione-dei-nostri-giovani\/#breadcrumb\",\"itemListElement\":[{\"@type\":\"ListItem\",\"position\":1,\"name\":\"Home\",\"item\":\"https:\/\/progettotouring.it\/radiotouring104\/\"},{\"@type\":\"ListItem\",\"position\":2,\"name\":\"lavori al &#8220;Severi&#8221; di Gioia Tauro, Versace: &#8220;Obiettivo migliorare il complesso delle strutture dedicate all\u2019istruzione dei nostri giovani&#8221;\"}]},{\"@type\":\"WebSite\",\"@id\":\"https:\/\/progettotouring.it\/radiotouring104\/#website\",\"url\":\"https:\/\/progettotouring.it\/radiotouring104\/\",\"name\":\"Radio Touring 104\",\"description\":\"La prima radio Reggina\",\"publisher\":{\"@id\":\"https:\/\/progettotouring.it\/radiotouring104\/#organization\"},\"potentialAction\":[{\"@type\":\"SearchAction\",\"target\":{\"@type\":\"EntryPoint\",\"urlTemplate\":\"https:\/\/progettotouring.it\/radiotouring104\/?s={search_term_string}\"},\"query-input\":{\"@type\":\"PropertyValueSpecification\",\"valueRequired\":true,\"valueName\":\"search_term_string\"}}],\"inLanguage\":\"it-IT\"},{\"@type\":\"Organization\",\"@id\":\"https:\/\/progettotouring.it\/radiotouring104\/#organization\",\"name\":\"Radio Touring 104\",\"url\":\"https:\/\/progettotouring.it\/radiotouring104\/\",\"logo\":{\"@type\":\"ImageObject\",\"inLanguage\":\"it-IT\",\"@id\":\"https:\/\/progettotouring.it\/radiotouring104\/#\/schema\/logo\/image\/\",\"url\":\"https:\/\/progettotouring.it\/radiotouring104\/wp-content\/uploads\/sites\/6\/2022\/02\/cropped-logo-radio-touring-104.png\",\"contentUrl\":\"https:\/\/progettotouring.it\/radiotouring104\/wp-content\/uploads\/sites\/6\/2022\/02\/cropped-logo-radio-touring-104.png\",\"width\":377,\"height\":182,\"caption\":\"Radio Touring 104\"},\"image\":{\"@id\":\"https:\/\/progettotouring.it\/radiotouring104\/#\/schema\/logo\/image\/\"}},{\"@type\":\"Person\",\"@id\":\"https:\/\/progettotouring.it\/radiotouring104\/#\/schema\/person\/4a82259ca52ac8702ad1a8f9e5a3120b\",\"name\":\"Filippo Francesco Idone\",\"image\":{\"@type\":\"ImageObject\",\"inLanguage\":\"it-IT\",\"@id\":\"https:\/\/secure.gravatar.com\/avatar\/7268715d2366395c3dd314385670e6484117d44f5c442e61e230f7008b7b62d3?s=96&d=mm&r=g\",\"url\":\"https:\/\/secure.gravatar.com\/avatar\/7268715d2366395c3dd314385670e6484117d44f5c442e61e230f7008b7b62d3?s=96&d=mm&r=g\",\"contentUrl\":\"https:\/\/secure.gravatar.com\/avatar\/7268715d2366395c3dd314385670e6484117d44f5c442e61e230f7008b7b62d3?s=96&d=mm&r=g\",\"caption\":\"Filippo Francesco Idone\"},\"url\":\"https:\/\/progettotouring.it\/radiotouring104\/author\/filippoidone\/\"}]}<\/script>\n<!-- \/ Yoast SEO plugin. -->","yoast_head_json":{"title":"lavori al \"Severi\" di Gioia Tauro, Versace: \"Obiettivo migliorare il complesso delle strutture dedicate all\u2019istruzione dei nostri giovani\" - Radio Touring 104","description":"A Gioia Tauro proseguono i lavori presso l'Istituto scolastico. Il vicesindaco metropolitano Carmelo Versace ha effettuato un sopralluogo","robots":{"index":"index","follow":"follow","max-snippet":"max-snippet:-1","max-image-preview":"max-image-preview:large","max-video-preview":"max-video-preview:-1"},"canonical":"https:\/\/progettotouring.it\/radiotouring104\/2024\/02\/09\/lavori-al-severi-di-gioia-tauro-versace-obiettivo-migliorare-il-complesso-delle-strutture-dedicate-allistruzione-dei-nostri-giovani\/","og_locale":"it_IT","og_type":"article","og_title":"lavori al \"Severi\" di Gioia Tauro, Versace: \"Obiettivo migliorare il complesso delle strutture dedicate all\u2019istruzione dei nostri giovani\" - Radio Touring 104","og_description":"A Gioia Tauro proseguono i lavori presso l'Istituto scolastico. Il vicesindaco metropolitano Carmelo Versace ha effettuato un sopralluogo","og_url":"https:\/\/progettotouring.it\/radiotouring104\/2024\/02\/09\/lavori-al-severi-di-gioia-tauro-versace-obiettivo-migliorare-il-complesso-delle-strutture-dedicate-allistruzione-dei-nostri-giovani\/","og_site_name":"Radio Touring 104","article_published_time":"2024-02-09T13:59:37+00:00","article_modified_time":"2024-02-09T14:20:40+00:00","og_image":[{"width":2048,"height":1536,"url":"https:\/\/progettotouring.it\/radiotouring104\/wp-content\/uploads\/sites\/6\/2024\/02\/severi.jpeg","type":"image\/jpeg"}],"author":"Filippo Francesco Idone","twitter_card":"summary_large_image","twitter_misc":{"Scritto da":"Filippo Francesco Idone","Tempo di lettura stimato":"3 minuti"},"schema":{"@context":"https:\/\/schema.org","@graph":[{"@type":"Article","@id":"https:\/\/progettotouring.it\/radiotouring104\/2024\/02\/09\/lavori-al-severi-di-gioia-tauro-versace-obiettivo-migliorare-il-complesso-delle-strutture-dedicate-allistruzione-dei-nostri-giovani\/#article","isPartOf":{"@id":"https:\/\/progettotouring.it\/radiotouring104\/2024\/02\/09\/lavori-al-severi-di-gioia-tauro-versace-obiettivo-migliorare-il-complesso-delle-strutture-dedicate-allistruzione-dei-nostri-giovani\/"},"author":{"name":"Filippo Francesco Idone","@id":"https:\/\/progettotouring.it\/radiotouring104\/#\/schema\/person\/4a82259ca52ac8702ad1a8f9e5a3120b"},"headline":"lavori al &#8220;Severi&#8221; di Gioia Tauro, Versace: &#8220;Obiettivo migliorare il complesso delle strutture dedicate all\u2019istruzione dei nostri giovani&#8221;","datePublished":"2024-02-09T13:59:37+00:00","dateModified":"2024-02-09T14:20:40+00:00","mainEntityOfPage":{"@id":"https:\/\/progettotouring.it\/radiotouring104\/2024\/02\/09\/lavori-al-severi-di-gioia-tauro-versace-obiettivo-migliorare-il-complesso-delle-strutture-dedicate-allistruzione-dei-nostri-giovani\/"},"wordCount":547,"publisher":{"@id":"https:\/\/progettotouring.it\/radiotouring104\/#organization"},"image":{"@id":"https:\/\/progettotouring.it\/radiotouring104\/2024\/02\/09\/lavori-al-severi-di-gioia-tauro-versace-obiettivo-migliorare-il-complesso-delle-strutture-dedicate-allistruzione-dei-nostri-giovani\/#primaryimage"},"thumbnailUrl":"https:\/\/progettotouring.it\/radiotouring104\/wp-content\/uploads\/sites\/6\/2024\/02\/severi.jpeg","keywords":["Palazzo Alvaro","piana di Gioia Tauro","reggio calabria","versace"],"articleSection":["Home","News","Politica","Reggio Calabria"],"inLanguage":"it-IT"},{"@type":"WebPage","@id":"https:\/\/progettotouring.it\/radiotouring104\/2024\/02\/09\/lavori-al-severi-di-gioia-tauro-versace-obiettivo-migliorare-il-complesso-delle-strutture-dedicate-allistruzione-dei-nostri-giovani\/","url":"https:\/\/progettotouring.it\/radiotouring104\/2024\/02\/09\/lavori-al-severi-di-gioia-tauro-versace-obiettivo-migliorare-il-complesso-delle-strutture-dedicate-allistruzione-dei-nostri-giovani\/","name":"lavori al \"Severi\" di Gioia Tauro, Versace: \"Obiettivo migliorare il complesso delle strutture dedicate all\u2019istruzione dei nostri giovani\" - Radio Touring 104","isPartOf":{"@id":"https:\/\/progettotouring.it\/radiotouring104\/#website"},"primaryImageOfPage":{"@id":"https:\/\/progettotouring.it\/radiotouring104\/2024\/02\/09\/lavori-al-severi-di-gioia-tauro-versace-obiettivo-migliorare-il-complesso-delle-strutture-dedicate-allistruzione-dei-nostri-giovani\/#primaryimage"},"image":{"@id":"https:\/\/progettotouring.it\/radiotouring104\/2024\/02\/09\/lavori-al-severi-di-gioia-tauro-versace-obiettivo-migliorare-il-complesso-delle-strutture-dedicate-allistruzione-dei-nostri-giovani\/#primaryimage"},"thumbnailUrl":"https:\/\/progettotouring.it\/radiotouring104\/wp-content\/uploads\/sites\/6\/2024\/02\/severi.jpeg","datePublished":"2024-02-09T13:59:37+00:00","dateModified":"2024-02-09T14:20:40+00:00","description":"A Gioia Tauro proseguono i lavori presso l'Istituto scolastico. Il vicesindaco metropolitano Carmelo Versace ha effettuato un sopralluogo","breadcrumb":{"@id":"https:\/\/progettotouring.it\/radiotouring104\/2024\/02\/09\/lavori-al-severi-di-gioia-tauro-versace-obiettivo-migliorare-il-complesso-delle-strutture-dedicate-allistruzione-dei-nostri-giovani\/#breadcrumb"},"inLanguage":"it-IT","potentialAction":[{"@type":"ReadAction","target":["https:\/\/progettotouring.it\/radiotouring104\/2024\/02\/09\/lavori-al-severi-di-gioia-tauro-versace-obiettivo-migliorare-il-complesso-delle-strutture-dedicate-allistruzione-dei-nostri-giovani\/"]}]},{"@type":"ImageObject","inLanguage":"it-IT","@id":"https:\/\/progettotouring.it\/radiotouring104\/2024\/02\/09\/lavori-al-severi-di-gioia-tauro-versace-obiettivo-migliorare-il-complesso-delle-strutture-dedicate-allistruzione-dei-nostri-giovani\/#primaryimage","url":"https:\/\/progettotouring.it\/radiotouring104\/wp-content\/uploads\/sites\/6\/2024\/02\/severi.jpeg","contentUrl":"https:\/\/progettotouring.it\/radiotouring104\/wp-content\/uploads\/sites\/6\/2024\/02\/severi.jpeg","width":2048,"height":1536},{"@type":"BreadcrumbList","@id":"https:\/\/progettotouring.it\/radiotouring104\/2024\/02\/09\/lavori-al-severi-di-gioia-tauro-versace-obiettivo-migliorare-il-complesso-delle-strutture-dedicate-allistruzione-dei-nostri-giovani\/#breadcrumb","itemListElement":[{"@type":"ListItem","position":1,"name":"Home","item":"https:\/\/progettotouring.it\/radiotouring104\/"},{"@type":"ListItem","position":2,"name":"lavori al &#8220;Severi&#8221; di Gioia Tauro, Versace: &#8220;Obiettivo migliorare il complesso delle strutture dedicate all\u2019istruzione dei nostri giovani&#8221;"}]},{"@type":"WebSite","@id":"https:\/\/progettotouring.it\/radiotouring104\/#website","url":"https:\/\/progettotouring.it\/radiotouring104\/","name":"Radio Touring 104","description":"La prima radio Reggina","publisher":{"@id":"https:\/\/progettotouring.it\/radiotouring104\/#organization"},"potentialAction":[{"@type":"SearchAction","target":{"@type":"EntryPoint","urlTemplate":"https:\/\/progettotouring.it\/radiotouring104\/?s={search_term_string}"},"query-input":{"@type":"PropertyValueSpecification","valueRequired":true,"valueName":"search_term_string"}}],"inLanguage":"it-IT"},{"@type":"Organization","@id":"https:\/\/progettotouring.it\/radiotouring104\/#organization","name":"Radio Touring 104","url":"https:\/\/progettotouring.it\/radiotouring104\/","logo":{"@type":"ImageObject","inLanguage":"it-IT","@id":"https:\/\/progettotouring.it\/radiotouring104\/#\/schema\/logo\/image\/","url":"https:\/\/progettotouring.it\/radiotouring104\/wp-content\/uploads\/sites\/6\/2022\/02\/cropped-logo-radio-touring-104.png","contentUrl":"https:\/\/progettotouring.it\/radiotouring104\/wp-content\/uploads\/sites\/6\/2022\/02\/cropped-logo-radio-touring-104.png","width":377,"height":182,"caption":"Radio Touring 104"},"image":{"@id":"https:\/\/progettotouring.it\/radiotouring104\/#\/schema\/logo\/image\/"}},{"@type":"Person","@id":"https:\/\/progettotouring.it\/radiotouring104\/#\/schema\/person\/4a82259ca52ac8702ad1a8f9e5a3120b","name":"Filippo Francesco Idone","image":{"@type":"ImageObject","inLanguage":"it-IT","@id":"https:\/\/secure.gravatar.com\/avatar\/7268715d2366395c3dd314385670e6484117d44f5c442e61e230f7008b7b62d3?s=96&d=mm&r=g","url":"https:\/\/secure.gravatar.com\/avatar\/7268715d2366395c3dd314385670e6484117d44f5c442e61e230f7008b7b62d3?s=96&d=mm&r=g","contentUrl":"https:\/\/secure.gravatar.com\/avatar\/7268715d2366395c3dd314385670e6484117d44f5c442e61e230f7008b7b62d3?s=96&d=mm&r=g","caption":"Filippo Francesco Idone"},"url":"https:\/\/progettotouring.it\/radiotouring104\/author\/filippoidone\/"}]}},"jetpack_publicize_connections":[],"jetpack_featured_media_url":"https:\/\/progettotouring.it\/radiotouring104\/wp-content\/uploads\/sites\/6\/2024\/02\/severi.jpeg","jetpack_sharing_enabled":true,"_links":{"self":[{"href":"https:\/\/progettotouring.it\/radiotouring104\/wp-json\/wp\/v2\/posts\/44355","targetHints":{"allow":["GET"]}}],"collection":[{"href":"https:\/\/progettotouring.it\/radiotouring104\/wp-json\/wp\/v2\/posts"}],"about":[{"href":"https:\/\/progettotouring.it\/radiotouring104\/wp-json\/wp\/v2\/types\/post"}],"author":[{"embeddable":true,"href":"https:\/\/progettotouring.it\/radiotouring104\/wp-json\/wp\/v2\/users\/8"}],"replies":[{"embeddable":true,"href":"https:\/\/progettotouring.it\/radiotouring104\/wp-json\/wp\/v2\/comments?post=44355"}],"version-history":[{"count":1,"href":"https:\/\/progettotouring.it\/radiotouring104\/wp-json\/wp\/v2\/posts\/44355\/revisions"}],"predecessor-version":[{"id":44357,"href":"https:\/\/progettotouring.it\/radiotouring104\/wp-json\/wp\/v2\/posts\/44355\/revisions\/44357"}],"wp:featuredmedia":[{"embeddable":true,"href":"https:\/\/progettotouring.it\/radiotouring104\/wp-json\/wp\/v2\/media\/44356"}],"wp:attachment":[{"href":"https:\/\/progettotouring.it\/radiotouring104\/wp-json\/wp\/v2\/media?parent=44355"}],"wp:term":[{"taxonomy":"category","embeddable":true,"href":"https:\/\/progettotouring.it\/radiotouring104\/wp-json\/wp\/v2\/categories?post=44355"},{"taxonomy":"post_tag","embeddable":true,"href":"https:\/\/progettotouring.it\/radiotouring104\/wp-json\/wp\/v2\/tags?post=44355"}],"curies":[{"name":"wp","href":"https:\/\/api.w.org\/{rel}","templated":true}]}}