{"id":44366,"date":"2024-02-09T15:41:01","date_gmt":"2024-02-09T14:41:01","guid":{"rendered":"https:\/\/progettotouring.it\/radiotouring104\/?p=44366"},"modified":"2024-02-09T15:54:07","modified_gmt":"2024-02-09T14:54:07","slug":"cosenza-grande-presenza-per-levento-ideato-dalla-camera-di-commercio","status":"publish","type":"post","link":"https:\/\/progettotouring.it\/radiotouring104\/2024\/02\/09\/cosenza-grande-presenza-per-levento-ideato-dalla-camera-di-commercio\/","title":{"rendered":"Cosenza: grande presenza per l&#8217;evento ideato dalla Camera di Commercio"},"content":{"rendered":"<p style=\"text-align: justify\">Grande successo per l\u2019evento formativo andato in scena oggi in <strong>Camera di commercio, nel Salone Mancini,<\/strong> sul nuovo codice dei contratti pubblici alla luce delle ultime<strong> novit\u00e0 emerse con il D.Lgs 36\/2023.<\/strong> Esperti nazionali del mondo accademico, giuridico e della pubblica amministrazione hanno illustrato novit\u00e0, dettagli, normative e riferimenti in merito ai contratti e agli appalti pubblici. L\u2019evento si \u00e8 articolato in due sessioni, mattina e pomeriggio, ed \u00e8 stato moderato dal Segretario Generale della Camera di commercio, <strong>Erminia Giorno.<\/strong><\/p>\n<p style=\"text-align: justify\">Dopo i saluti istituzionali del Presidente<strong> Klaus Algieri,<\/strong> del Sindaco di Cosenza,<strong> Franz Caruso,<\/strong> e del Prefetto, <strong>Vittoria Ciaramella<\/strong>, i lavori sono stati aperti dal Presidente aggiunto della Corte dei Conti, <strong>Tommaso Miele.<\/strong> \u00c8 stata poi la volta dei relatori della sessione mattutina: il Presidente ANAC, <strong>Giuseppe Busia,<\/strong> ha fatto luce sul processo di digitalizzazione dei contratti pubblici e la qualificazione delle stazioni appaltanti; il Consigliere Tar Lazio, Raffaele Tuccillo, sull\u2019efficienza dei contratti e sul ruolo del Collegio consultivo tecnico; il Presidente Sezione Centrale di Controllo sulla gestione delle Amministrazioni dello Stato, Mauro Orefice, ha dibattuto sul tema dei contratti, dei consorzi stabili e del <strong>PNRR<\/strong>; infine il Professore ordinario e direttore scientifico dell\u2019Universit\u00e0 delle Camere di commercio Universitas Mercatorum, Francesco Fimman\u00f2, ha rivolto l\u2019attenzione sugli effetti del Codice dei contratti pubblici sulla crisi d\u2019impresa.<\/p>\n<p style=\"text-align: justify\">La sessione pomeridiana si \u00e8 invece aperta alle 14 con l\u2019intervento di Carmela Margherita Rod\u00e0, componente del consiglio di presidenza Corte dei Conti. I lavori sono poi proseguiti con l\u2019intervento del Consigliere della Corte dei Conti, Giampiero Pizziconi, sul tema dell\u2019In House, tra codice dei contratti e riordino dei servizi pubblici locali, e successivamente un focus sul concetto di responsabilit\u00e0 da parte del Procuratore generale Corte dei Conti Piemonte, Quirino Lorelli. A chiudere la giornata sono stati gli interventi del Professore ordinario di Diritto Amministrativo LUISS Guido Carli, Aldo Sandulli, sui principi che governano il nuovo codice dei contratti pubblici, con particolare riferimento al risultato e alla fiducia, e dell\u2019Ispettorato generale dei servizi ispettivi di Finanza pubblica, con <strong>Luciano Cimbolini<\/strong>, sulla gestione degli incentivi al personale alla luce delle modifiche del codice degli appalti.<\/p>\n<p style=\"text-align: justify\"><em>\u201cUna giornata formativa densa di contenuti di grande attualit\u00e0<\/em> &#8211; ha sottolineato il Presidente <strong>Klaus Algieri<\/strong> &#8211; <em>arricchita dalla presenza di esperti nazionali che hanno cercato di far luce su una tematica complessa. Eventi di questa portata ci consentono di comprendere realmente quanto sia rilevante operare per il bene del Paese.\u201d<\/em><\/p>\n<p style=\"text-align: justify\"><em><strong>\u201cCome di consueto<\/strong> <\/em>\u2013 ha proseguito Algieri \u2013 <em>anche questa occasione di formazione organizzato dalla <strong>Camera<\/strong> \u00e8 stata erogata gratuitamente per consentire alle imprese, ai professionisti e alle altre pubbliche amministrazioni di usufruirne senza aggravio di costi. \u00c8 una politica, questa, che portiamo avanti ormai da quasi 10 anni e che ci \u00e8 valsa per ben due volte il <strong>Premio AIF-Adriano<\/strong> <strong>Olivetti<\/strong> per <strong>l&#8217;Eccellenza<\/strong> <strong>nella<\/strong> <strong>Formazione<\/strong>. Si tratta di un investimento che la Camera avrebbe sostenuto comunque per formare i propri dipendenti ma che, cos\u00ec facendo, ne amplifica la portata e l\u2019efficacia, massimizzandone il ritorno in termini di crescita culturale e professionale del territorio. A parit\u00e0 di costi, infatti, oggi offriamo a oltre <strong>500 persone<\/strong>, in presenza e in collegamento da tutta Italia, un\u2019opportunit\u00e0 formativa su un tema di grande attualit\u00e0 che sarebbe altrimenti rimasta circoscritta a poche decine. Un risultato di non poco conto, ancor di pi\u00f9 perch\u00e9 si tratta di denaro pubblico della cui gestione sentiamo, come ente, tutta la responsabilit\u00e0.\u201d<\/em><\/p>\n","protected":false},"excerpt":{"rendered":"<p>Grande successo per l\u2019evento formativo andato in scena oggi in Camera di commercio, nel Salone Mancini, sul nuovo codice dei contratti pubblici alla luce delle ultime novit\u00e0 emerse con il&hellip;<\/p>\n","protected":false},"author":8,"featured_media":44367,"comment_status":"closed","ping_status":"open","sticky":false,"template":"","format":"standard","meta":{"_jetpack_memberships_contains_paid_content":false,"footnotes":"","jetpack_publicize_message":"","jetpack_publicize_feature_enabled":true,"jetpack_social_post_already_shared":false,"jetpack_social_options":{"image_generator_settings":{"template":"highway","default_image_id":0,"font":"","enabled":false},"version":2}},"categories":[142,921,196,195],"tags":[13074,2833,354,8493,6954,27378],"class_list":["post-44366","post","type-post","status-publish","format-standard","has-post-thumbnail","hentry","category-calabria","category-home","category-news","category-politica","tag-camera-commercio-cosenza","tag-camera-di-commercio","tag-cosenza","tag-erminia-giorno","tag-klaus-algieri","tag-premio-aif-adriano-olivetti"],"yoast_head":"<!-- This site is optimized with the Yoast SEO plugin v27.2 - https:\/\/yoast.com\/product\/yoast-seo-wordpress\/ -->\n<title>Cosenza: grande presenza per l&#039;evento ideato dalla Camera di Commercio - Radio Touring 104<\/title>\n<meta name=\"description\" content=\"All&#039;evento della Camera di Commercio di Cosenza ha visto la presenza di oltre 500 partecipanti in presenza e in collegamento da tutta Italia\" \/>\n<meta name=\"robots\" content=\"index, follow, max-snippet:-1, max-image-preview:large, max-video-preview:-1\" \/>\n<link rel=\"canonical\" href=\"https:\/\/progettotouring.it\/radiotouring104\/2024\/02\/09\/cosenza-grande-presenza-per-levento-ideato-dalla-camera-di-commercio\/\" \/>\n<meta property=\"og:locale\" content=\"it_IT\" \/>\n<meta property=\"og:type\" content=\"article\" \/>\n<meta property=\"og:title\" content=\"Cosenza: grande presenza per l&#039;evento ideato dalla Camera di Commercio - Radio Touring 104\" \/>\n<meta property=\"og:description\" content=\"All&#039;evento della Camera di Commercio di Cosenza ha visto la presenza di oltre 500 partecipanti in presenza e in collegamento da tutta Italia\" \/>\n<meta property=\"og:url\" content=\"https:\/\/progettotouring.it\/radiotouring104\/2024\/02\/09\/cosenza-grande-presenza-per-levento-ideato-dalla-camera-di-commercio\/\" \/>\n<meta property=\"og:site_name\" content=\"Radio Touring 104\" \/>\n<meta property=\"article:published_time\" content=\"2024-02-09T14:41:01+00:00\" \/>\n<meta property=\"article:modified_time\" content=\"2024-02-09T14:54:07+00:00\" \/>\n<meta property=\"og:image\" content=\"https:\/\/progettotouring.it\/radiotouring104\/wp-content\/uploads\/sites\/6\/2024\/02\/Camera-di-Commercio.jpg\" \/>\n\t<meta property=\"og:image:width\" content=\"1345\" \/>\n\t<meta property=\"og:image:height\" content=\"782\" \/>\n\t<meta property=\"og:image:type\" content=\"image\/jpeg\" \/>\n<meta name=\"author\" content=\"Filippo Francesco Idone\" \/>\n<meta name=\"twitter:card\" content=\"summary_large_image\" \/>\n<meta name=\"twitter:label1\" content=\"Scritto da\" \/>\n\t<meta name=\"twitter:data1\" content=\"Filippo Francesco Idone\" \/>\n\t<meta name=\"twitter:label2\" content=\"Tempo di lettura stimato\" \/>\n\t<meta name=\"twitter:data2\" content=\"3 minuti\" \/>\n<script type=\"application\/ld+json\" class=\"yoast-schema-graph\">{\"@context\":\"https:\/\/schema.org\",\"@graph\":[{\"@type\":\"Article\",\"@id\":\"https:\/\/progettotouring.it\/radiotouring104\/2024\/02\/09\/cosenza-grande-presenza-per-levento-ideato-dalla-camera-di-commercio\/#article\",\"isPartOf\":{\"@id\":\"https:\/\/progettotouring.it\/radiotouring104\/2024\/02\/09\/cosenza-grande-presenza-per-levento-ideato-dalla-camera-di-commercio\/\"},\"author\":{\"name\":\"Filippo Francesco Idone\",\"@id\":\"https:\/\/progettotouring.it\/radiotouring104\/#\/schema\/person\/4a82259ca52ac8702ad1a8f9e5a3120b\"},\"headline\":\"Cosenza: grande presenza per l&#8217;evento ideato dalla Camera di Commercio\",\"datePublished\":\"2024-02-09T14:41:01+00:00\",\"dateModified\":\"2024-02-09T14:54:07+00:00\",\"mainEntityOfPage\":{\"@id\":\"https:\/\/progettotouring.it\/radiotouring104\/2024\/02\/09\/cosenza-grande-presenza-per-levento-ideato-dalla-camera-di-commercio\/\"},\"wordCount\":573,\"publisher\":{\"@id\":\"https:\/\/progettotouring.it\/radiotouring104\/#organization\"},\"image\":{\"@id\":\"https:\/\/progettotouring.it\/radiotouring104\/2024\/02\/09\/cosenza-grande-presenza-per-levento-ideato-dalla-camera-di-commercio\/#primaryimage\"},\"thumbnailUrl\":\"https:\/\/progettotouring.it\/radiotouring104\/wp-content\/uploads\/sites\/6\/2024\/02\/Camera-di-Commercio.jpg\",\"keywords\":[\"camera commercio cosenza\",\"camera di commercio\",\"Cosenza\",\"Erminia Giorno\",\"Klaus Algieri\",\"Premio AIF-Adriano Olivetti\"],\"articleSection\":[\"Calabria\",\"Home\",\"News\",\"Politica\"],\"inLanguage\":\"it-IT\"},{\"@type\":\"WebPage\",\"@id\":\"https:\/\/progettotouring.it\/radiotouring104\/2024\/02\/09\/cosenza-grande-presenza-per-levento-ideato-dalla-camera-di-commercio\/\",\"url\":\"https:\/\/progettotouring.it\/radiotouring104\/2024\/02\/09\/cosenza-grande-presenza-per-levento-ideato-dalla-camera-di-commercio\/\",\"name\":\"Cosenza: grande presenza per l'evento ideato dalla Camera di Commercio - Radio Touring 104\",\"isPartOf\":{\"@id\":\"https:\/\/progettotouring.it\/radiotouring104\/#website\"},\"primaryImageOfPage\":{\"@id\":\"https:\/\/progettotouring.it\/radiotouring104\/2024\/02\/09\/cosenza-grande-presenza-per-levento-ideato-dalla-camera-di-commercio\/#primaryimage\"},\"image\":{\"@id\":\"https:\/\/progettotouring.it\/radiotouring104\/2024\/02\/09\/cosenza-grande-presenza-per-levento-ideato-dalla-camera-di-commercio\/#primaryimage\"},\"thumbnailUrl\":\"https:\/\/progettotouring.it\/radiotouring104\/wp-content\/uploads\/sites\/6\/2024\/02\/Camera-di-Commercio.jpg\",\"datePublished\":\"2024-02-09T14:41:01+00:00\",\"dateModified\":\"2024-02-09T14:54:07+00:00\",\"description\":\"All'evento della Camera di Commercio di Cosenza ha visto la presenza di oltre 500 partecipanti in presenza e in collegamento da tutta Italia\",\"breadcrumb\":{\"@id\":\"https:\/\/progettotouring.it\/radiotouring104\/2024\/02\/09\/cosenza-grande-presenza-per-levento-ideato-dalla-camera-di-commercio\/#breadcrumb\"},\"inLanguage\":\"it-IT\",\"potentialAction\":[{\"@type\":\"ReadAction\",\"target\":[\"https:\/\/progettotouring.it\/radiotouring104\/2024\/02\/09\/cosenza-grande-presenza-per-levento-ideato-dalla-camera-di-commercio\/\"]}]},{\"@type\":\"ImageObject\",\"inLanguage\":\"it-IT\",\"@id\":\"https:\/\/progettotouring.it\/radiotouring104\/2024\/02\/09\/cosenza-grande-presenza-per-levento-ideato-dalla-camera-di-commercio\/#primaryimage\",\"url\":\"https:\/\/progettotouring.it\/radiotouring104\/wp-content\/uploads\/sites\/6\/2024\/02\/Camera-di-Commercio.jpg\",\"contentUrl\":\"https:\/\/progettotouring.it\/radiotouring104\/wp-content\/uploads\/sites\/6\/2024\/02\/Camera-di-Commercio.jpg\",\"width\":1345,\"height\":782},{\"@type\":\"BreadcrumbList\",\"@id\":\"https:\/\/progettotouring.it\/radiotouring104\/2024\/02\/09\/cosenza-grande-presenza-per-levento-ideato-dalla-camera-di-commercio\/#breadcrumb\",\"itemListElement\":[{\"@type\":\"ListItem\",\"position\":1,\"name\":\"Home\",\"item\":\"https:\/\/progettotouring.it\/radiotouring104\/\"},{\"@type\":\"ListItem\",\"position\":2,\"name\":\"Cosenza: grande presenza per l&#8217;evento ideato dalla Camera di Commercio\"}]},{\"@type\":\"WebSite\",\"@id\":\"https:\/\/progettotouring.it\/radiotouring104\/#website\",\"url\":\"https:\/\/progettotouring.it\/radiotouring104\/\",\"name\":\"Radio Touring 104\",\"description\":\"La prima radio Reggina\",\"publisher\":{\"@id\":\"https:\/\/progettotouring.it\/radiotouring104\/#organization\"},\"potentialAction\":[{\"@type\":\"SearchAction\",\"target\":{\"@type\":\"EntryPoint\",\"urlTemplate\":\"https:\/\/progettotouring.it\/radiotouring104\/?s={search_term_string}\"},\"query-input\":{\"@type\":\"PropertyValueSpecification\",\"valueRequired\":true,\"valueName\":\"search_term_string\"}}],\"inLanguage\":\"it-IT\"},{\"@type\":\"Organization\",\"@id\":\"https:\/\/progettotouring.it\/radiotouring104\/#organization\",\"name\":\"Radio Touring 104\",\"url\":\"https:\/\/progettotouring.it\/radiotouring104\/\",\"logo\":{\"@type\":\"ImageObject\",\"inLanguage\":\"it-IT\",\"@id\":\"https:\/\/progettotouring.it\/radiotouring104\/#\/schema\/logo\/image\/\",\"url\":\"https:\/\/progettotouring.it\/radiotouring104\/wp-content\/uploads\/sites\/6\/2022\/02\/cropped-logo-radio-touring-104.png\",\"contentUrl\":\"https:\/\/progettotouring.it\/radiotouring104\/wp-content\/uploads\/sites\/6\/2022\/02\/cropped-logo-radio-touring-104.png\",\"width\":377,\"height\":182,\"caption\":\"Radio Touring 104\"},\"image\":{\"@id\":\"https:\/\/progettotouring.it\/radiotouring104\/#\/schema\/logo\/image\/\"}},{\"@type\":\"Person\",\"@id\":\"https:\/\/progettotouring.it\/radiotouring104\/#\/schema\/person\/4a82259ca52ac8702ad1a8f9e5a3120b\",\"name\":\"Filippo Francesco Idone\",\"image\":{\"@type\":\"ImageObject\",\"inLanguage\":\"it-IT\",\"@id\":\"https:\/\/secure.gravatar.com\/avatar\/7268715d2366395c3dd314385670e6484117d44f5c442e61e230f7008b7b62d3?s=96&d=mm&r=g\",\"url\":\"https:\/\/secure.gravatar.com\/avatar\/7268715d2366395c3dd314385670e6484117d44f5c442e61e230f7008b7b62d3?s=96&d=mm&r=g\",\"contentUrl\":\"https:\/\/secure.gravatar.com\/avatar\/7268715d2366395c3dd314385670e6484117d44f5c442e61e230f7008b7b62d3?s=96&d=mm&r=g\",\"caption\":\"Filippo Francesco Idone\"},\"url\":\"https:\/\/progettotouring.it\/radiotouring104\/author\/filippoidone\/\"}]}<\/script>\n<!-- \/ Yoast SEO plugin. -->","yoast_head_json":{"title":"Cosenza: grande presenza per l'evento ideato dalla Camera di Commercio - Radio Touring 104","description":"All'evento della Camera di Commercio di Cosenza ha visto la presenza di oltre 500 partecipanti in presenza e in collegamento da tutta Italia","robots":{"index":"index","follow":"follow","max-snippet":"max-snippet:-1","max-image-preview":"max-image-preview:large","max-video-preview":"max-video-preview:-1"},"canonical":"https:\/\/progettotouring.it\/radiotouring104\/2024\/02\/09\/cosenza-grande-presenza-per-levento-ideato-dalla-camera-di-commercio\/","og_locale":"it_IT","og_type":"article","og_title":"Cosenza: grande presenza per l'evento ideato dalla Camera di Commercio - Radio Touring 104","og_description":"All'evento della Camera di Commercio di Cosenza ha visto la presenza di oltre 500 partecipanti in presenza e in collegamento da tutta Italia","og_url":"https:\/\/progettotouring.it\/radiotouring104\/2024\/02\/09\/cosenza-grande-presenza-per-levento-ideato-dalla-camera-di-commercio\/","og_site_name":"Radio Touring 104","article_published_time":"2024-02-09T14:41:01+00:00","article_modified_time":"2024-02-09T14:54:07+00:00","og_image":[{"width":1345,"height":782,"url":"https:\/\/progettotouring.it\/radiotouring104\/wp-content\/uploads\/sites\/6\/2024\/02\/Camera-di-Commercio.jpg","type":"image\/jpeg"}],"author":"Filippo Francesco Idone","twitter_card":"summary_large_image","twitter_misc":{"Scritto da":"Filippo Francesco Idone","Tempo di lettura stimato":"3 minuti"},"schema":{"@context":"https:\/\/schema.org","@graph":[{"@type":"Article","@id":"https:\/\/progettotouring.it\/radiotouring104\/2024\/02\/09\/cosenza-grande-presenza-per-levento-ideato-dalla-camera-di-commercio\/#article","isPartOf":{"@id":"https:\/\/progettotouring.it\/radiotouring104\/2024\/02\/09\/cosenza-grande-presenza-per-levento-ideato-dalla-camera-di-commercio\/"},"author":{"name":"Filippo Francesco Idone","@id":"https:\/\/progettotouring.it\/radiotouring104\/#\/schema\/person\/4a82259ca52ac8702ad1a8f9e5a3120b"},"headline":"Cosenza: grande presenza per l&#8217;evento ideato dalla Camera di Commercio","datePublished":"2024-02-09T14:41:01+00:00","dateModified":"2024-02-09T14:54:07+00:00","mainEntityOfPage":{"@id":"https:\/\/progettotouring.it\/radiotouring104\/2024\/02\/09\/cosenza-grande-presenza-per-levento-ideato-dalla-camera-di-commercio\/"},"wordCount":573,"publisher":{"@id":"https:\/\/progettotouring.it\/radiotouring104\/#organization"},"image":{"@id":"https:\/\/progettotouring.it\/radiotouring104\/2024\/02\/09\/cosenza-grande-presenza-per-levento-ideato-dalla-camera-di-commercio\/#primaryimage"},"thumbnailUrl":"https:\/\/progettotouring.it\/radiotouring104\/wp-content\/uploads\/sites\/6\/2024\/02\/Camera-di-Commercio.jpg","keywords":["camera commercio cosenza","camera di commercio","Cosenza","Erminia Giorno","Klaus Algieri","Premio AIF-Adriano Olivetti"],"articleSection":["Calabria","Home","News","Politica"],"inLanguage":"it-IT"},{"@type":"WebPage","@id":"https:\/\/progettotouring.it\/radiotouring104\/2024\/02\/09\/cosenza-grande-presenza-per-levento-ideato-dalla-camera-di-commercio\/","url":"https:\/\/progettotouring.it\/radiotouring104\/2024\/02\/09\/cosenza-grande-presenza-per-levento-ideato-dalla-camera-di-commercio\/","name":"Cosenza: grande presenza per l'evento ideato dalla Camera di Commercio - Radio Touring 104","isPartOf":{"@id":"https:\/\/progettotouring.it\/radiotouring104\/#website"},"primaryImageOfPage":{"@id":"https:\/\/progettotouring.it\/radiotouring104\/2024\/02\/09\/cosenza-grande-presenza-per-levento-ideato-dalla-camera-di-commercio\/#primaryimage"},"image":{"@id":"https:\/\/progettotouring.it\/radiotouring104\/2024\/02\/09\/cosenza-grande-presenza-per-levento-ideato-dalla-camera-di-commercio\/#primaryimage"},"thumbnailUrl":"https:\/\/progettotouring.it\/radiotouring104\/wp-content\/uploads\/sites\/6\/2024\/02\/Camera-di-Commercio.jpg","datePublished":"2024-02-09T14:41:01+00:00","dateModified":"2024-02-09T14:54:07+00:00","description":"All'evento della Camera di Commercio di Cosenza ha visto la presenza di oltre 500 partecipanti in presenza e in collegamento da tutta Italia","breadcrumb":{"@id":"https:\/\/progettotouring.it\/radiotouring104\/2024\/02\/09\/cosenza-grande-presenza-per-levento-ideato-dalla-camera-di-commercio\/#breadcrumb"},"inLanguage":"it-IT","potentialAction":[{"@type":"ReadAction","target":["https:\/\/progettotouring.it\/radiotouring104\/2024\/02\/09\/cosenza-grande-presenza-per-levento-ideato-dalla-camera-di-commercio\/"]}]},{"@type":"ImageObject","inLanguage":"it-IT","@id":"https:\/\/progettotouring.it\/radiotouring104\/2024\/02\/09\/cosenza-grande-presenza-per-levento-ideato-dalla-camera-di-commercio\/#primaryimage","url":"https:\/\/progettotouring.it\/radiotouring104\/wp-content\/uploads\/sites\/6\/2024\/02\/Camera-di-Commercio.jpg","contentUrl":"https:\/\/progettotouring.it\/radiotouring104\/wp-content\/uploads\/sites\/6\/2024\/02\/Camera-di-Commercio.jpg","width":1345,"height":782},{"@type":"BreadcrumbList","@id":"https:\/\/progettotouring.it\/radiotouring104\/2024\/02\/09\/cosenza-grande-presenza-per-levento-ideato-dalla-camera-di-commercio\/#breadcrumb","itemListElement":[{"@type":"ListItem","position":1,"name":"Home","item":"https:\/\/progettotouring.it\/radiotouring104\/"},{"@type":"ListItem","position":2,"name":"Cosenza: grande presenza per l&#8217;evento ideato dalla Camera di Commercio"}]},{"@type":"WebSite","@id":"https:\/\/progettotouring.it\/radiotouring104\/#website","url":"https:\/\/progettotouring.it\/radiotouring104\/","name":"Radio Touring 104","description":"La prima radio Reggina","publisher":{"@id":"https:\/\/progettotouring.it\/radiotouring104\/#organization"},"potentialAction":[{"@type":"SearchAction","target":{"@type":"EntryPoint","urlTemplate":"https:\/\/progettotouring.it\/radiotouring104\/?s={search_term_string}"},"query-input":{"@type":"PropertyValueSpecification","valueRequired":true,"valueName":"search_term_string"}}],"inLanguage":"it-IT"},{"@type":"Organization","@id":"https:\/\/progettotouring.it\/radiotouring104\/#organization","name":"Radio Touring 104","url":"https:\/\/progettotouring.it\/radiotouring104\/","logo":{"@type":"ImageObject","inLanguage":"it-IT","@id":"https:\/\/progettotouring.it\/radiotouring104\/#\/schema\/logo\/image\/","url":"https:\/\/progettotouring.it\/radiotouring104\/wp-content\/uploads\/sites\/6\/2022\/02\/cropped-logo-radio-touring-104.png","contentUrl":"https:\/\/progettotouring.it\/radiotouring104\/wp-content\/uploads\/sites\/6\/2022\/02\/cropped-logo-radio-touring-104.png","width":377,"height":182,"caption":"Radio Touring 104"},"image":{"@id":"https:\/\/progettotouring.it\/radiotouring104\/#\/schema\/logo\/image\/"}},{"@type":"Person","@id":"https:\/\/progettotouring.it\/radiotouring104\/#\/schema\/person\/4a82259ca52ac8702ad1a8f9e5a3120b","name":"Filippo Francesco Idone","image":{"@type":"ImageObject","inLanguage":"it-IT","@id":"https:\/\/secure.gravatar.com\/avatar\/7268715d2366395c3dd314385670e6484117d44f5c442e61e230f7008b7b62d3?s=96&d=mm&r=g","url":"https:\/\/secure.gravatar.com\/avatar\/7268715d2366395c3dd314385670e6484117d44f5c442e61e230f7008b7b62d3?s=96&d=mm&r=g","contentUrl":"https:\/\/secure.gravatar.com\/avatar\/7268715d2366395c3dd314385670e6484117d44f5c442e61e230f7008b7b62d3?s=96&d=mm&r=g","caption":"Filippo Francesco Idone"},"url":"https:\/\/progettotouring.it\/radiotouring104\/author\/filippoidone\/"}]}},"jetpack_publicize_connections":[],"jetpack_featured_media_url":"https:\/\/progettotouring.it\/radiotouring104\/wp-content\/uploads\/sites\/6\/2024\/02\/Camera-di-Commercio.jpg","jetpack_sharing_enabled":true,"_links":{"self":[{"href":"https:\/\/progettotouring.it\/radiotouring104\/wp-json\/wp\/v2\/posts\/44366","targetHints":{"allow":["GET"]}}],"collection":[{"href":"https:\/\/progettotouring.it\/radiotouring104\/wp-json\/wp\/v2\/posts"}],"about":[{"href":"https:\/\/progettotouring.it\/radiotouring104\/wp-json\/wp\/v2\/types\/post"}],"author":[{"embeddable":true,"href":"https:\/\/progettotouring.it\/radiotouring104\/wp-json\/wp\/v2\/users\/8"}],"replies":[{"embeddable":true,"href":"https:\/\/progettotouring.it\/radiotouring104\/wp-json\/wp\/v2\/comments?post=44366"}],"version-history":[{"count":1,"href":"https:\/\/progettotouring.it\/radiotouring104\/wp-json\/wp\/v2\/posts\/44366\/revisions"}],"predecessor-version":[{"id":44368,"href":"https:\/\/progettotouring.it\/radiotouring104\/wp-json\/wp\/v2\/posts\/44366\/revisions\/44368"}],"wp:featuredmedia":[{"embeddable":true,"href":"https:\/\/progettotouring.it\/radiotouring104\/wp-json\/wp\/v2\/media\/44367"}],"wp:attachment":[{"href":"https:\/\/progettotouring.it\/radiotouring104\/wp-json\/wp\/v2\/media?parent=44366"}],"wp:term":[{"taxonomy":"category","embeddable":true,"href":"https:\/\/progettotouring.it\/radiotouring104\/wp-json\/wp\/v2\/categories?post=44366"},{"taxonomy":"post_tag","embeddable":true,"href":"https:\/\/progettotouring.it\/radiotouring104\/wp-json\/wp\/v2\/tags?post=44366"}],"curies":[{"name":"wp","href":"https:\/\/api.w.org\/{rel}","templated":true}]}}