{"id":44369,"date":"2024-02-09T15:43:31","date_gmt":"2024-02-09T14:43:31","guid":{"rendered":"https:\/\/progettotouring.it\/radiotouring104\/?p=44369"},"modified":"2024-02-09T15:58:26","modified_gmt":"2024-02-09T14:58:26","slug":"ponte-sullo-stretto-saccomanno-il-progetto-sta-procedendo-secondo-il-cronoprogramma-stabilito","status":"publish","type":"post","link":"https:\/\/progettotouring.it\/radiotouring104\/2024\/02\/09\/ponte-sullo-stretto-saccomanno-il-progetto-sta-procedendo-secondo-il-cronoprogramma-stabilito\/","title":{"rendered":"Ponte sullo Stretto, Saccomanno: &#8220;Il progetto sta procedendo secondo il cronoprogramma stabilito&#8221;"},"content":{"rendered":"<p style=\"text-align: justify\"><em>&#8220;Il progetto del <strong>Ponte sullo Stretto di Messina<\/strong> sta procedendo secondo il cronoprogramma stabilito&#8221;,<\/em> afferma <strong>Giacomo Saccomanno, commissario regionale della Lega<\/strong>. Saccomanno, nominato all&#8217;interno del nuovo Consiglio di amministrazione della Societ\u00e0 Stretto di Messina, ha dichiarato che il progetto sar\u00e0 esaminato il 15 febbraio e si inizier\u00e0 il percorso per renderlo esecutivo. Secondo Saccomanno, questo \u00e8 un momento cruciale per il ponte, in quanto si stanno creando tutte le condizioni necessarie per la sua realizzazione. Ha inoltre sottolineato che il cronoprogramma sta rispettando tutti i suoi sviluppi e non ci dovrebbero essere problemi.<\/p>\n<p style=\"text-align: justify\">Se tutto va come previsto, entro la fine di marzo il progetto potrebbe essere approvato e i cantieri potrebbero iniziare durante l&#8217;estate. Tuttavia, Saccomanno ha precisato che il progetto non riguarda solo il ponte stesso, ma anche tutte le infrastrutture circostanti, come la nuova rimodulazione delle coste e l&#8217;implementazione dell&#8217;alta velocit\u00e0. Questi sono elementi di grande rilievo e impatto per la regione. Il <strong>Ponte sullo Stretto di Messina<\/strong> \u00e8 un&#8217;opera di grande importanza e attesa da molti anni. Una volta completato, collegher\u00e0 la <strong>Sicilia<\/strong> alla <strong>Calabria<\/strong>, creando nuove opportunit\u00e0 di sviluppo economico e turistico per entrambe le regioni. Oltre a migliorare la mobilit\u00e0 dei cittadini, il ponte contribuir\u00e0 anche a ridurre i tempi di viaggio e a facilitare lo scambio commerciale tra le due sponde dello <strong>Stretto<\/strong>.<\/p>\n<p style=\"text-align: justify\">L&#8217;approvazione del progetto definitivo rappresenta quindi un passo avanti significativo verso la realizzazione di questa importante infrastruttura. La conferma da parte di Saccomanno che il cronoprogramma viene rispettato e che non ci sono problemi significativi \u00e8 un segnale positivo per tutti coloro che attendono con ansia la costruzione del <strong>Ponte sullo Stretto di<\/strong> <strong>Messina<\/strong>. La data del 15 febbraio segna quindi un momento chiave per il progetto, in cui si passer\u00e0 dalla fase di esame alla fase esecutiva. Con l&#8217;inizio dei lavori nei prossimi mesi, si spera che il sogno di avere un ponte sullo Stretto diventi finalmente realt\u00e0.<\/p>\n","protected":false},"excerpt":{"rendered":"<p>&#8220;Il progetto del Ponte sullo Stretto di Messina sta procedendo secondo il cronoprogramma stabilito&#8221;, afferma Giacomo Saccomanno, commissario regionale della Lega. Saccomanno, nominato all&#8217;interno del nuovo Consiglio di amministrazione della&hellip;<\/p>\n","protected":false},"author":8,"featured_media":29614,"comment_status":"closed","ping_status":"open","sticky":false,"template":"","format":"standard","meta":{"_jetpack_memberships_contains_paid_content":false,"footnotes":"","jetpack_publicize_message":"","jetpack_publicize_feature_enabled":true,"jetpack_social_post_already_shared":false,"jetpack_social_options":{"image_generator_settings":{"template":"highway","default_image_id":0,"font":"","enabled":false},"version":2}},"categories":[142,921,196,195],"tags":[8762,5738,4464],"class_list":["post-44369","post","type-post","status-publish","format-standard","has-post-thumbnail","hentry","category-calabria","category-home","category-news","category-politica","tag-lega-calabria","tag-ponte-stretto","tag-saccomanno"],"yoast_head":"<!-- This site is optimized with the Yoast SEO plugin v27.2 - https:\/\/yoast.com\/product\/yoast-seo-wordpress\/ -->\n<title>Ponte sullo Stretto, Saccomanno: &quot;Il progetto sta procedendo secondo il cronoprogramma stabilito&quot; - Radio Touring 104<\/title>\n<meta name=\"description\" content=\"Grandi rassicurazioni da parte di Saccomanno, commissario regionale della Lega sul progetto del Ponte sullo Stretto di Messina\" \/>\n<meta name=\"robots\" content=\"index, follow, max-snippet:-1, max-image-preview:large, max-video-preview:-1\" \/>\n<link rel=\"canonical\" href=\"https:\/\/progettotouring.it\/radiotouring104\/2024\/02\/09\/ponte-sullo-stretto-saccomanno-il-progetto-sta-procedendo-secondo-il-cronoprogramma-stabilito\/\" \/>\n<meta property=\"og:locale\" content=\"it_IT\" \/>\n<meta property=\"og:type\" content=\"article\" \/>\n<meta property=\"og:title\" content=\"Ponte sullo Stretto, Saccomanno: &quot;Il progetto sta procedendo secondo il cronoprogramma stabilito&quot; - Radio Touring 104\" \/>\n<meta property=\"og:description\" content=\"Grandi rassicurazioni da parte di Saccomanno, commissario regionale della Lega sul progetto del Ponte sullo Stretto di Messina\" \/>\n<meta property=\"og:url\" content=\"https:\/\/progettotouring.it\/radiotouring104\/2024\/02\/09\/ponte-sullo-stretto-saccomanno-il-progetto-sta-procedendo-secondo-il-cronoprogramma-stabilito\/\" \/>\n<meta property=\"og:site_name\" content=\"Radio Touring 104\" \/>\n<meta property=\"article:published_time\" content=\"2024-02-09T14:43:31+00:00\" \/>\n<meta property=\"article:modified_time\" content=\"2024-02-09T14:58:26+00:00\" \/>\n<meta property=\"og:image\" content=\"https:\/\/progettotouring.it\/radiotouring104\/wp-content\/uploads\/sites\/6\/2023\/07\/Ponte-sullo-Stretto.jpg\" \/>\n\t<meta property=\"og:image:width\" content=\"720\" \/>\n\t<meta property=\"og:image:height\" content=\"405\" \/>\n\t<meta property=\"og:image:type\" content=\"image\/jpeg\" \/>\n<meta name=\"author\" content=\"Filippo Francesco Idone\" \/>\n<meta name=\"twitter:card\" content=\"summary_large_image\" \/>\n<meta name=\"twitter:label1\" content=\"Scritto da\" \/>\n\t<meta name=\"twitter:data1\" content=\"Filippo Francesco Idone\" \/>\n\t<meta name=\"twitter:label2\" content=\"Tempo di lettura stimato\" \/>\n\t<meta name=\"twitter:data2\" content=\"2 minuti\" \/>\n<script type=\"application\/ld+json\" class=\"yoast-schema-graph\">{\"@context\":\"https:\/\/schema.org\",\"@graph\":[{\"@type\":\"Article\",\"@id\":\"https:\/\/progettotouring.it\/radiotouring104\/2024\/02\/09\/ponte-sullo-stretto-saccomanno-il-progetto-sta-procedendo-secondo-il-cronoprogramma-stabilito\/#article\",\"isPartOf\":{\"@id\":\"https:\/\/progettotouring.it\/radiotouring104\/2024\/02\/09\/ponte-sullo-stretto-saccomanno-il-progetto-sta-procedendo-secondo-il-cronoprogramma-stabilito\/\"},\"author\":{\"name\":\"Filippo Francesco Idone\",\"@id\":\"https:\/\/progettotouring.it\/radiotouring104\/#\/schema\/person\/4a82259ca52ac8702ad1a8f9e5a3120b\"},\"headline\":\"Ponte sullo Stretto, Saccomanno: &#8220;Il progetto sta procedendo secondo il cronoprogramma stabilito&#8221;\",\"datePublished\":\"2024-02-09T14:43:31+00:00\",\"dateModified\":\"2024-02-09T14:58:26+00:00\",\"mainEntityOfPage\":{\"@id\":\"https:\/\/progettotouring.it\/radiotouring104\/2024\/02\/09\/ponte-sullo-stretto-saccomanno-il-progetto-sta-procedendo-secondo-il-cronoprogramma-stabilito\/\"},\"wordCount\":326,\"publisher\":{\"@id\":\"https:\/\/progettotouring.it\/radiotouring104\/#organization\"},\"image\":{\"@id\":\"https:\/\/progettotouring.it\/radiotouring104\/2024\/02\/09\/ponte-sullo-stretto-saccomanno-il-progetto-sta-procedendo-secondo-il-cronoprogramma-stabilito\/#primaryimage\"},\"thumbnailUrl\":\"https:\/\/progettotouring.it\/radiotouring104\/wp-content\/uploads\/sites\/6\/2023\/07\/Ponte-sullo-Stretto.jpg\",\"keywords\":[\"lega calabria\",\"ponte stretto\",\"Saccomanno\"],\"articleSection\":[\"Calabria\",\"Home\",\"News\",\"Politica\"],\"inLanguage\":\"it-IT\"},{\"@type\":\"WebPage\",\"@id\":\"https:\/\/progettotouring.it\/radiotouring104\/2024\/02\/09\/ponte-sullo-stretto-saccomanno-il-progetto-sta-procedendo-secondo-il-cronoprogramma-stabilito\/\",\"url\":\"https:\/\/progettotouring.it\/radiotouring104\/2024\/02\/09\/ponte-sullo-stretto-saccomanno-il-progetto-sta-procedendo-secondo-il-cronoprogramma-stabilito\/\",\"name\":\"Ponte sullo Stretto, Saccomanno: \\\"Il progetto sta procedendo secondo il cronoprogramma stabilito\\\" - Radio Touring 104\",\"isPartOf\":{\"@id\":\"https:\/\/progettotouring.it\/radiotouring104\/#website\"},\"primaryImageOfPage\":{\"@id\":\"https:\/\/progettotouring.it\/radiotouring104\/2024\/02\/09\/ponte-sullo-stretto-saccomanno-il-progetto-sta-procedendo-secondo-il-cronoprogramma-stabilito\/#primaryimage\"},\"image\":{\"@id\":\"https:\/\/progettotouring.it\/radiotouring104\/2024\/02\/09\/ponte-sullo-stretto-saccomanno-il-progetto-sta-procedendo-secondo-il-cronoprogramma-stabilito\/#primaryimage\"},\"thumbnailUrl\":\"https:\/\/progettotouring.it\/radiotouring104\/wp-content\/uploads\/sites\/6\/2023\/07\/Ponte-sullo-Stretto.jpg\",\"datePublished\":\"2024-02-09T14:43:31+00:00\",\"dateModified\":\"2024-02-09T14:58:26+00:00\",\"description\":\"Grandi rassicurazioni da parte di Saccomanno, commissario regionale della Lega sul progetto del Ponte sullo Stretto di Messina\",\"breadcrumb\":{\"@id\":\"https:\/\/progettotouring.it\/radiotouring104\/2024\/02\/09\/ponte-sullo-stretto-saccomanno-il-progetto-sta-procedendo-secondo-il-cronoprogramma-stabilito\/#breadcrumb\"},\"inLanguage\":\"it-IT\",\"potentialAction\":[{\"@type\":\"ReadAction\",\"target\":[\"https:\/\/progettotouring.it\/radiotouring104\/2024\/02\/09\/ponte-sullo-stretto-saccomanno-il-progetto-sta-procedendo-secondo-il-cronoprogramma-stabilito\/\"]}]},{\"@type\":\"ImageObject\",\"inLanguage\":\"it-IT\",\"@id\":\"https:\/\/progettotouring.it\/radiotouring104\/2024\/02\/09\/ponte-sullo-stretto-saccomanno-il-progetto-sta-procedendo-secondo-il-cronoprogramma-stabilito\/#primaryimage\",\"url\":\"https:\/\/progettotouring.it\/radiotouring104\/wp-content\/uploads\/sites\/6\/2023\/07\/Ponte-sullo-Stretto.jpg\",\"contentUrl\":\"https:\/\/progettotouring.it\/radiotouring104\/wp-content\/uploads\/sites\/6\/2023\/07\/Ponte-sullo-Stretto.jpg\",\"width\":720,\"height\":405},{\"@type\":\"BreadcrumbList\",\"@id\":\"https:\/\/progettotouring.it\/radiotouring104\/2024\/02\/09\/ponte-sullo-stretto-saccomanno-il-progetto-sta-procedendo-secondo-il-cronoprogramma-stabilito\/#breadcrumb\",\"itemListElement\":[{\"@type\":\"ListItem\",\"position\":1,\"name\":\"Home\",\"item\":\"https:\/\/progettotouring.it\/radiotouring104\/\"},{\"@type\":\"ListItem\",\"position\":2,\"name\":\"Ponte sullo Stretto, Saccomanno: &#8220;Il progetto sta procedendo secondo il cronoprogramma stabilito&#8221;\"}]},{\"@type\":\"WebSite\",\"@id\":\"https:\/\/progettotouring.it\/radiotouring104\/#website\",\"url\":\"https:\/\/progettotouring.it\/radiotouring104\/\",\"name\":\"Radio Touring 104\",\"description\":\"La prima radio Reggina\",\"publisher\":{\"@id\":\"https:\/\/progettotouring.it\/radiotouring104\/#organization\"},\"potentialAction\":[{\"@type\":\"SearchAction\",\"target\":{\"@type\":\"EntryPoint\",\"urlTemplate\":\"https:\/\/progettotouring.it\/radiotouring104\/?s={search_term_string}\"},\"query-input\":{\"@type\":\"PropertyValueSpecification\",\"valueRequired\":true,\"valueName\":\"search_term_string\"}}],\"inLanguage\":\"it-IT\"},{\"@type\":\"Organization\",\"@id\":\"https:\/\/progettotouring.it\/radiotouring104\/#organization\",\"name\":\"Radio Touring 104\",\"url\":\"https:\/\/progettotouring.it\/radiotouring104\/\",\"logo\":{\"@type\":\"ImageObject\",\"inLanguage\":\"it-IT\",\"@id\":\"https:\/\/progettotouring.it\/radiotouring104\/#\/schema\/logo\/image\/\",\"url\":\"https:\/\/progettotouring.it\/radiotouring104\/wp-content\/uploads\/sites\/6\/2022\/02\/cropped-logo-radio-touring-104.png\",\"contentUrl\":\"https:\/\/progettotouring.it\/radiotouring104\/wp-content\/uploads\/sites\/6\/2022\/02\/cropped-logo-radio-touring-104.png\",\"width\":377,\"height\":182,\"caption\":\"Radio Touring 104\"},\"image\":{\"@id\":\"https:\/\/progettotouring.it\/radiotouring104\/#\/schema\/logo\/image\/\"}},{\"@type\":\"Person\",\"@id\":\"https:\/\/progettotouring.it\/radiotouring104\/#\/schema\/person\/4a82259ca52ac8702ad1a8f9e5a3120b\",\"name\":\"Filippo Francesco Idone\",\"image\":{\"@type\":\"ImageObject\",\"inLanguage\":\"it-IT\",\"@id\":\"https:\/\/secure.gravatar.com\/avatar\/7268715d2366395c3dd314385670e6484117d44f5c442e61e230f7008b7b62d3?s=96&d=mm&r=g\",\"url\":\"https:\/\/secure.gravatar.com\/avatar\/7268715d2366395c3dd314385670e6484117d44f5c442e61e230f7008b7b62d3?s=96&d=mm&r=g\",\"contentUrl\":\"https:\/\/secure.gravatar.com\/avatar\/7268715d2366395c3dd314385670e6484117d44f5c442e61e230f7008b7b62d3?s=96&d=mm&r=g\",\"caption\":\"Filippo Francesco Idone\"},\"url\":\"https:\/\/progettotouring.it\/radiotouring104\/author\/filippoidone\/\"}]}<\/script>\n<!-- \/ Yoast SEO plugin. -->","yoast_head_json":{"title":"Ponte sullo Stretto, Saccomanno: \"Il progetto sta procedendo secondo il cronoprogramma stabilito\" - Radio Touring 104","description":"Grandi rassicurazioni da parte di Saccomanno, commissario regionale della Lega sul progetto del Ponte sullo Stretto di Messina","robots":{"index":"index","follow":"follow","max-snippet":"max-snippet:-1","max-image-preview":"max-image-preview:large","max-video-preview":"max-video-preview:-1"},"canonical":"https:\/\/progettotouring.it\/radiotouring104\/2024\/02\/09\/ponte-sullo-stretto-saccomanno-il-progetto-sta-procedendo-secondo-il-cronoprogramma-stabilito\/","og_locale":"it_IT","og_type":"article","og_title":"Ponte sullo Stretto, Saccomanno: \"Il progetto sta procedendo secondo il cronoprogramma stabilito\" - Radio Touring 104","og_description":"Grandi rassicurazioni da parte di Saccomanno, commissario regionale della Lega sul progetto del Ponte sullo Stretto di Messina","og_url":"https:\/\/progettotouring.it\/radiotouring104\/2024\/02\/09\/ponte-sullo-stretto-saccomanno-il-progetto-sta-procedendo-secondo-il-cronoprogramma-stabilito\/","og_site_name":"Radio Touring 104","article_published_time":"2024-02-09T14:43:31+00:00","article_modified_time":"2024-02-09T14:58:26+00:00","og_image":[{"width":720,"height":405,"url":"https:\/\/progettotouring.it\/radiotouring104\/wp-content\/uploads\/sites\/6\/2023\/07\/Ponte-sullo-Stretto.jpg","type":"image\/jpeg"}],"author":"Filippo Francesco Idone","twitter_card":"summary_large_image","twitter_misc":{"Scritto da":"Filippo Francesco Idone","Tempo di lettura stimato":"2 minuti"},"schema":{"@context":"https:\/\/schema.org","@graph":[{"@type":"Article","@id":"https:\/\/progettotouring.it\/radiotouring104\/2024\/02\/09\/ponte-sullo-stretto-saccomanno-il-progetto-sta-procedendo-secondo-il-cronoprogramma-stabilito\/#article","isPartOf":{"@id":"https:\/\/progettotouring.it\/radiotouring104\/2024\/02\/09\/ponte-sullo-stretto-saccomanno-il-progetto-sta-procedendo-secondo-il-cronoprogramma-stabilito\/"},"author":{"name":"Filippo Francesco Idone","@id":"https:\/\/progettotouring.it\/radiotouring104\/#\/schema\/person\/4a82259ca52ac8702ad1a8f9e5a3120b"},"headline":"Ponte sullo Stretto, Saccomanno: &#8220;Il progetto sta procedendo secondo il cronoprogramma stabilito&#8221;","datePublished":"2024-02-09T14:43:31+00:00","dateModified":"2024-02-09T14:58:26+00:00","mainEntityOfPage":{"@id":"https:\/\/progettotouring.it\/radiotouring104\/2024\/02\/09\/ponte-sullo-stretto-saccomanno-il-progetto-sta-procedendo-secondo-il-cronoprogramma-stabilito\/"},"wordCount":326,"publisher":{"@id":"https:\/\/progettotouring.it\/radiotouring104\/#organization"},"image":{"@id":"https:\/\/progettotouring.it\/radiotouring104\/2024\/02\/09\/ponte-sullo-stretto-saccomanno-il-progetto-sta-procedendo-secondo-il-cronoprogramma-stabilito\/#primaryimage"},"thumbnailUrl":"https:\/\/progettotouring.it\/radiotouring104\/wp-content\/uploads\/sites\/6\/2023\/07\/Ponte-sullo-Stretto.jpg","keywords":["lega calabria","ponte stretto","Saccomanno"],"articleSection":["Calabria","Home","News","Politica"],"inLanguage":"it-IT"},{"@type":"WebPage","@id":"https:\/\/progettotouring.it\/radiotouring104\/2024\/02\/09\/ponte-sullo-stretto-saccomanno-il-progetto-sta-procedendo-secondo-il-cronoprogramma-stabilito\/","url":"https:\/\/progettotouring.it\/radiotouring104\/2024\/02\/09\/ponte-sullo-stretto-saccomanno-il-progetto-sta-procedendo-secondo-il-cronoprogramma-stabilito\/","name":"Ponte sullo Stretto, Saccomanno: \"Il progetto sta procedendo secondo il cronoprogramma stabilito\" - Radio Touring 104","isPartOf":{"@id":"https:\/\/progettotouring.it\/radiotouring104\/#website"},"primaryImageOfPage":{"@id":"https:\/\/progettotouring.it\/radiotouring104\/2024\/02\/09\/ponte-sullo-stretto-saccomanno-il-progetto-sta-procedendo-secondo-il-cronoprogramma-stabilito\/#primaryimage"},"image":{"@id":"https:\/\/progettotouring.it\/radiotouring104\/2024\/02\/09\/ponte-sullo-stretto-saccomanno-il-progetto-sta-procedendo-secondo-il-cronoprogramma-stabilito\/#primaryimage"},"thumbnailUrl":"https:\/\/progettotouring.it\/radiotouring104\/wp-content\/uploads\/sites\/6\/2023\/07\/Ponte-sullo-Stretto.jpg","datePublished":"2024-02-09T14:43:31+00:00","dateModified":"2024-02-09T14:58:26+00:00","description":"Grandi rassicurazioni da parte di Saccomanno, commissario regionale della Lega sul progetto del Ponte sullo Stretto di Messina","breadcrumb":{"@id":"https:\/\/progettotouring.it\/radiotouring104\/2024\/02\/09\/ponte-sullo-stretto-saccomanno-il-progetto-sta-procedendo-secondo-il-cronoprogramma-stabilito\/#breadcrumb"},"inLanguage":"it-IT","potentialAction":[{"@type":"ReadAction","target":["https:\/\/progettotouring.it\/radiotouring104\/2024\/02\/09\/ponte-sullo-stretto-saccomanno-il-progetto-sta-procedendo-secondo-il-cronoprogramma-stabilito\/"]}]},{"@type":"ImageObject","inLanguage":"it-IT","@id":"https:\/\/progettotouring.it\/radiotouring104\/2024\/02\/09\/ponte-sullo-stretto-saccomanno-il-progetto-sta-procedendo-secondo-il-cronoprogramma-stabilito\/#primaryimage","url":"https:\/\/progettotouring.it\/radiotouring104\/wp-content\/uploads\/sites\/6\/2023\/07\/Ponte-sullo-Stretto.jpg","contentUrl":"https:\/\/progettotouring.it\/radiotouring104\/wp-content\/uploads\/sites\/6\/2023\/07\/Ponte-sullo-Stretto.jpg","width":720,"height":405},{"@type":"BreadcrumbList","@id":"https:\/\/progettotouring.it\/radiotouring104\/2024\/02\/09\/ponte-sullo-stretto-saccomanno-il-progetto-sta-procedendo-secondo-il-cronoprogramma-stabilito\/#breadcrumb","itemListElement":[{"@type":"ListItem","position":1,"name":"Home","item":"https:\/\/progettotouring.it\/radiotouring104\/"},{"@type":"ListItem","position":2,"name":"Ponte sullo Stretto, Saccomanno: &#8220;Il progetto sta procedendo secondo il cronoprogramma stabilito&#8221;"}]},{"@type":"WebSite","@id":"https:\/\/progettotouring.it\/radiotouring104\/#website","url":"https:\/\/progettotouring.it\/radiotouring104\/","name":"Radio Touring 104","description":"La prima radio Reggina","publisher":{"@id":"https:\/\/progettotouring.it\/radiotouring104\/#organization"},"potentialAction":[{"@type":"SearchAction","target":{"@type":"EntryPoint","urlTemplate":"https:\/\/progettotouring.it\/radiotouring104\/?s={search_term_string}"},"query-input":{"@type":"PropertyValueSpecification","valueRequired":true,"valueName":"search_term_string"}}],"inLanguage":"it-IT"},{"@type":"Organization","@id":"https:\/\/progettotouring.it\/radiotouring104\/#organization","name":"Radio Touring 104","url":"https:\/\/progettotouring.it\/radiotouring104\/","logo":{"@type":"ImageObject","inLanguage":"it-IT","@id":"https:\/\/progettotouring.it\/radiotouring104\/#\/schema\/logo\/image\/","url":"https:\/\/progettotouring.it\/radiotouring104\/wp-content\/uploads\/sites\/6\/2022\/02\/cropped-logo-radio-touring-104.png","contentUrl":"https:\/\/progettotouring.it\/radiotouring104\/wp-content\/uploads\/sites\/6\/2022\/02\/cropped-logo-radio-touring-104.png","width":377,"height":182,"caption":"Radio Touring 104"},"image":{"@id":"https:\/\/progettotouring.it\/radiotouring104\/#\/schema\/logo\/image\/"}},{"@type":"Person","@id":"https:\/\/progettotouring.it\/radiotouring104\/#\/schema\/person\/4a82259ca52ac8702ad1a8f9e5a3120b","name":"Filippo Francesco Idone","image":{"@type":"ImageObject","inLanguage":"it-IT","@id":"https:\/\/secure.gravatar.com\/avatar\/7268715d2366395c3dd314385670e6484117d44f5c442e61e230f7008b7b62d3?s=96&d=mm&r=g","url":"https:\/\/secure.gravatar.com\/avatar\/7268715d2366395c3dd314385670e6484117d44f5c442e61e230f7008b7b62d3?s=96&d=mm&r=g","contentUrl":"https:\/\/secure.gravatar.com\/avatar\/7268715d2366395c3dd314385670e6484117d44f5c442e61e230f7008b7b62d3?s=96&d=mm&r=g","caption":"Filippo Francesco Idone"},"url":"https:\/\/progettotouring.it\/radiotouring104\/author\/filippoidone\/"}]}},"jetpack_publicize_connections":[],"jetpack_featured_media_url":"https:\/\/progettotouring.it\/radiotouring104\/wp-content\/uploads\/sites\/6\/2023\/07\/Ponte-sullo-Stretto.jpg","jetpack_sharing_enabled":true,"_links":{"self":[{"href":"https:\/\/progettotouring.it\/radiotouring104\/wp-json\/wp\/v2\/posts\/44369","targetHints":{"allow":["GET"]}}],"collection":[{"href":"https:\/\/progettotouring.it\/radiotouring104\/wp-json\/wp\/v2\/posts"}],"about":[{"href":"https:\/\/progettotouring.it\/radiotouring104\/wp-json\/wp\/v2\/types\/post"}],"author":[{"embeddable":true,"href":"https:\/\/progettotouring.it\/radiotouring104\/wp-json\/wp\/v2\/users\/8"}],"replies":[{"embeddable":true,"href":"https:\/\/progettotouring.it\/radiotouring104\/wp-json\/wp\/v2\/comments?post=44369"}],"version-history":[{"count":1,"href":"https:\/\/progettotouring.it\/radiotouring104\/wp-json\/wp\/v2\/posts\/44369\/revisions"}],"predecessor-version":[{"id":44370,"href":"https:\/\/progettotouring.it\/radiotouring104\/wp-json\/wp\/v2\/posts\/44369\/revisions\/44370"}],"wp:featuredmedia":[{"embeddable":true,"href":"https:\/\/progettotouring.it\/radiotouring104\/wp-json\/wp\/v2\/media\/29614"}],"wp:attachment":[{"href":"https:\/\/progettotouring.it\/radiotouring104\/wp-json\/wp\/v2\/media?parent=44369"}],"wp:term":[{"taxonomy":"category","embeddable":true,"href":"https:\/\/progettotouring.it\/radiotouring104\/wp-json\/wp\/v2\/categories?post=44369"},{"taxonomy":"post_tag","embeddable":true,"href":"https:\/\/progettotouring.it\/radiotouring104\/wp-json\/wp\/v2\/tags?post=44369"}],"curies":[{"name":"wp","href":"https:\/\/api.w.org\/{rel}","templated":true}]}}