{"id":44373,"date":"2024-02-09T16:04:42","date_gmt":"2024-02-09T15:04:42","guid":{"rendered":"https:\/\/progettotouring.it\/radiotouring104\/?p=44373"},"modified":"2024-02-09T16:04:42","modified_gmt":"2024-02-09T15:04:42","slug":"reggio-calabria-partito-azione-sostiene-gli-agricoltori","status":"publish","type":"post","link":"https:\/\/progettotouring.it\/radiotouring104\/2024\/02\/09\/reggio-calabria-partito-azione-sostiene-gli-agricoltori\/","title":{"rendered":"Reggio Calabria: Partito Azione sostiene gli agricoltori"},"content":{"rendered":"<p style=\"text-align: justify\">Le recenti mobilitazioni degli agricoltori in <strong>Calabria<\/strong> hanno evidenziato la necessit\u00e0 di un cambiamento radicale nel modo in cui la politica e la societ\u00e0 riconoscono e valorizzano il settore agricolo. \u00c8 in questo contesto che il <strong>Partito \u201cAzione\u201d di Reggio Calabria,<\/strong> sotto la guida del segretario provinciale <strong>Santo<\/strong> <strong>Suraci<\/strong>, propone misure concrete per garantire giustizia e un reddito dignitoso a chi lavora la terra. &#8220;<em>Non possiamo ignorare le voci di chi, ogni giorno, contribuisce in modo fondamentale all&#8217;economia e alla cultura del nostro territorio. \u00c8 essenziale ascoltare e comprendere a fondo le esigenze degli agricoltori, affrontando con coraggio e determinazione le sfide che il settore agricolo sta vivendo.&#8221;<\/em> &#8211; Le dichiarazioni del Segretario provinciale Suraci. Soprattutto per il territorio <strong>Calabrese<\/strong> parliamo di un settore Determinante e la protesta fatta a Rosarno non \u00e8 solo una richiesta di aiuto, ma un segnale forte che non possiamo ignorare. Questi lavoratori chiedono rispetto e condizioni eque.<\/p>\n<p style=\"text-align: justify\"><em>\u201cCome dichiarato dal nostro Leader <strong>Carlo<\/strong> <strong>Calenda<\/strong>, <strong>\u00e8 necessario affrontare la questione del giusto reddito<\/strong>\u201d<\/em> &#8211; Continua Suraci &#8211; <em>&#8220;L&#8217;introduzione di un salario minimo specifico per il settore agricolo ovvero il non poter andare al di sotto del costo medio di produzione agricolo, rappresenta un passo cruciale verso il riconoscimento del valore del lavoro di tante persone. Garantire un reddito dignitoso agli agricoltori significa promuovere equit\u00e0 sociale e un futuro sostenibile per il nostro territorio.&#8221;<\/em><\/p>\n<p style=\"text-align: justify\">Sul tema del dialogo con le istituzioni e gli agricoltori, Suraci sottolinea: <em>&#8220;Promuovere un dialogo aperto e costruttivo \u00e8 la chiave per trovare soluzioni condivise che rispondano alle reali necessit\u00e0 del settore. Il <strong>Partito Azione<\/strong> si impegna a essere ponte tra le istanze degli agricoltori e le politiche a livello regionale e nazionale, per trasformare le proposte in azioni concrete.&#8221; <\/em>Anche sull\u2019Unione Europea \u00e8 intervenuto il leader <strong>Calenda<\/strong> che ha dichiarato <em>&#8220;<strong>L&#8217;Europa<\/strong> ha fatto una normativa sull&#8217;industria disastrosa. Quando si affronta una grande transizione, si deve spiegare come si fa e quali sono gli impatti. <strong>L&#8217;Ue<\/strong> invece fa l&#8217;opposto&#8221;. <\/em>In questa battaglia per la giustizia sociale e economica, il <strong>Partito Azione di Reggio Calabria<\/strong> si pone al fianco degli agricoltori, sostenendo le loro legittime richieste e lavorando per trasformare queste proposte in realt\u00e0 concrete.<\/p>\n","protected":false},"excerpt":{"rendered":"<p>Le recenti mobilitazioni degli agricoltori in Calabria hanno evidenziato la necessit\u00e0 di un cambiamento radicale nel modo in cui la politica e la societ\u00e0 riconoscono e valorizzano il settore agricolo.&hellip;<\/p>\n","protected":false},"author":8,"featured_media":42513,"comment_status":"closed","ping_status":"open","sticky":false,"template":"","format":"standard","meta":{"_jetpack_memberships_contains_paid_content":false,"footnotes":"","jetpack_publicize_message":"","jetpack_publicize_feature_enabled":true,"jetpack_social_post_already_shared":false,"jetpack_social_options":{"image_generator_settings":{"template":"highway","default_image_id":0,"font":"","enabled":false},"version":2}},"categories":[921,196,195,140],"tags":[586,18253,26350,236],"class_list":["post-44373","post","type-post","status-publish","format-standard","has-post-thumbnail","hentry","category-home","category-news","category-politica","category-reggio-calabria","tag-calabria","tag-carlo-calenda","tag-partito-azione","tag-reggio-calabria"],"yoast_head":"<!-- This site is optimized with the Yoast SEO plugin v27.2 - https:\/\/yoast.com\/product\/yoast-seo-wordpress\/ -->\n<title>Reggio Calabria: Partito Azione sostiene gli agricoltori - Radio Touring 104<\/title>\n<meta name=\"description\" content=\"Il Partito Azione di Reggio Calabria sostiene gli agricoltori della Calabria: Serve un Futuro di Giustizia e Equit\u00e0\" \/>\n<meta name=\"robots\" content=\"index, follow, max-snippet:-1, max-image-preview:large, max-video-preview:-1\" \/>\n<link rel=\"canonical\" href=\"https:\/\/progettotouring.it\/radiotouring104\/2024\/02\/09\/reggio-calabria-partito-azione-sostiene-gli-agricoltori\/\" \/>\n<meta property=\"og:locale\" content=\"it_IT\" \/>\n<meta property=\"og:type\" content=\"article\" \/>\n<meta property=\"og:title\" content=\"Reggio Calabria: Partito Azione sostiene gli agricoltori - Radio Touring 104\" \/>\n<meta property=\"og:description\" content=\"Il Partito Azione di Reggio Calabria sostiene gli agricoltori della Calabria: Serve un Futuro di Giustizia e Equit\u00e0\" \/>\n<meta property=\"og:url\" content=\"https:\/\/progettotouring.it\/radiotouring104\/2024\/02\/09\/reggio-calabria-partito-azione-sostiene-gli-agricoltori\/\" \/>\n<meta property=\"og:site_name\" content=\"Radio Touring 104\" \/>\n<meta property=\"article:published_time\" content=\"2024-02-09T15:04:42+00:00\" \/>\n<meta property=\"og:image\" content=\"https:\/\/progettotouring.it\/radiotouring104\/wp-content\/uploads\/sites\/6\/2024\/01\/Azione-Logo.jpg\" \/>\n\t<meta property=\"og:image:width\" content=\"1182\" \/>\n\t<meta property=\"og:image:height\" content=\"1182\" \/>\n\t<meta property=\"og:image:type\" content=\"image\/jpeg\" \/>\n<meta name=\"author\" content=\"Filippo Francesco Idone\" \/>\n<meta name=\"twitter:card\" content=\"summary_large_image\" \/>\n<meta name=\"twitter:label1\" content=\"Scritto da\" \/>\n\t<meta name=\"twitter:data1\" content=\"Filippo Francesco Idone\" \/>\n\t<meta name=\"twitter:label2\" content=\"Tempo di lettura stimato\" \/>\n\t<meta name=\"twitter:data2\" content=\"2 minuti\" \/>\n<script type=\"application\/ld+json\" class=\"yoast-schema-graph\">{\"@context\":\"https:\/\/schema.org\",\"@graph\":[{\"@type\":\"Article\",\"@id\":\"https:\/\/progettotouring.it\/radiotouring104\/2024\/02\/09\/reggio-calabria-partito-azione-sostiene-gli-agricoltori\/#article\",\"isPartOf\":{\"@id\":\"https:\/\/progettotouring.it\/radiotouring104\/2024\/02\/09\/reggio-calabria-partito-azione-sostiene-gli-agricoltori\/\"},\"author\":{\"name\":\"Filippo Francesco Idone\",\"@id\":\"https:\/\/progettotouring.it\/radiotouring104\/#\/schema\/person\/4a82259ca52ac8702ad1a8f9e5a3120b\"},\"headline\":\"Reggio Calabria: Partito Azione sostiene gli agricoltori\",\"datePublished\":\"2024-02-09T15:04:42+00:00\",\"mainEntityOfPage\":{\"@id\":\"https:\/\/progettotouring.it\/radiotouring104\/2024\/02\/09\/reggio-calabria-partito-azione-sostiene-gli-agricoltori\/\"},\"wordCount\":364,\"publisher\":{\"@id\":\"https:\/\/progettotouring.it\/radiotouring104\/#organization\"},\"image\":{\"@id\":\"https:\/\/progettotouring.it\/radiotouring104\/2024\/02\/09\/reggio-calabria-partito-azione-sostiene-gli-agricoltori\/#primaryimage\"},\"thumbnailUrl\":\"https:\/\/progettotouring.it\/radiotouring104\/wp-content\/uploads\/sites\/6\/2024\/01\/Azione-Logo.jpg\",\"keywords\":[\"calabria\",\"Carlo Calenda\",\"Partito Azione\",\"reggio calabria\"],\"articleSection\":[\"Home\",\"News\",\"Politica\",\"Reggio Calabria\"],\"inLanguage\":\"it-IT\"},{\"@type\":\"WebPage\",\"@id\":\"https:\/\/progettotouring.it\/radiotouring104\/2024\/02\/09\/reggio-calabria-partito-azione-sostiene-gli-agricoltori\/\",\"url\":\"https:\/\/progettotouring.it\/radiotouring104\/2024\/02\/09\/reggio-calabria-partito-azione-sostiene-gli-agricoltori\/\",\"name\":\"Reggio Calabria: Partito Azione sostiene gli agricoltori - Radio Touring 104\",\"isPartOf\":{\"@id\":\"https:\/\/progettotouring.it\/radiotouring104\/#website\"},\"primaryImageOfPage\":{\"@id\":\"https:\/\/progettotouring.it\/radiotouring104\/2024\/02\/09\/reggio-calabria-partito-azione-sostiene-gli-agricoltori\/#primaryimage\"},\"image\":{\"@id\":\"https:\/\/progettotouring.it\/radiotouring104\/2024\/02\/09\/reggio-calabria-partito-azione-sostiene-gli-agricoltori\/#primaryimage\"},\"thumbnailUrl\":\"https:\/\/progettotouring.it\/radiotouring104\/wp-content\/uploads\/sites\/6\/2024\/01\/Azione-Logo.jpg\",\"datePublished\":\"2024-02-09T15:04:42+00:00\",\"description\":\"Il Partito Azione di Reggio Calabria sostiene gli agricoltori della Calabria: Serve un Futuro di Giustizia e Equit\u00e0\",\"breadcrumb\":{\"@id\":\"https:\/\/progettotouring.it\/radiotouring104\/2024\/02\/09\/reggio-calabria-partito-azione-sostiene-gli-agricoltori\/#breadcrumb\"},\"inLanguage\":\"it-IT\",\"potentialAction\":[{\"@type\":\"ReadAction\",\"target\":[\"https:\/\/progettotouring.it\/radiotouring104\/2024\/02\/09\/reggio-calabria-partito-azione-sostiene-gli-agricoltori\/\"]}]},{\"@type\":\"ImageObject\",\"inLanguage\":\"it-IT\",\"@id\":\"https:\/\/progettotouring.it\/radiotouring104\/2024\/02\/09\/reggio-calabria-partito-azione-sostiene-gli-agricoltori\/#primaryimage\",\"url\":\"https:\/\/progettotouring.it\/radiotouring104\/wp-content\/uploads\/sites\/6\/2024\/01\/Azione-Logo.jpg\",\"contentUrl\":\"https:\/\/progettotouring.it\/radiotouring104\/wp-content\/uploads\/sites\/6\/2024\/01\/Azione-Logo.jpg\",\"width\":1182,\"height\":1182},{\"@type\":\"BreadcrumbList\",\"@id\":\"https:\/\/progettotouring.it\/radiotouring104\/2024\/02\/09\/reggio-calabria-partito-azione-sostiene-gli-agricoltori\/#breadcrumb\",\"itemListElement\":[{\"@type\":\"ListItem\",\"position\":1,\"name\":\"Home\",\"item\":\"https:\/\/progettotouring.it\/radiotouring104\/\"},{\"@type\":\"ListItem\",\"position\":2,\"name\":\"Reggio Calabria: Partito Azione sostiene gli agricoltori\"}]},{\"@type\":\"WebSite\",\"@id\":\"https:\/\/progettotouring.it\/radiotouring104\/#website\",\"url\":\"https:\/\/progettotouring.it\/radiotouring104\/\",\"name\":\"Radio Touring 104\",\"description\":\"La prima radio Reggina\",\"publisher\":{\"@id\":\"https:\/\/progettotouring.it\/radiotouring104\/#organization\"},\"potentialAction\":[{\"@type\":\"SearchAction\",\"target\":{\"@type\":\"EntryPoint\",\"urlTemplate\":\"https:\/\/progettotouring.it\/radiotouring104\/?s={search_term_string}\"},\"query-input\":{\"@type\":\"PropertyValueSpecification\",\"valueRequired\":true,\"valueName\":\"search_term_string\"}}],\"inLanguage\":\"it-IT\"},{\"@type\":\"Organization\",\"@id\":\"https:\/\/progettotouring.it\/radiotouring104\/#organization\",\"name\":\"Radio Touring 104\",\"url\":\"https:\/\/progettotouring.it\/radiotouring104\/\",\"logo\":{\"@type\":\"ImageObject\",\"inLanguage\":\"it-IT\",\"@id\":\"https:\/\/progettotouring.it\/radiotouring104\/#\/schema\/logo\/image\/\",\"url\":\"https:\/\/progettotouring.it\/radiotouring104\/wp-content\/uploads\/sites\/6\/2022\/02\/cropped-logo-radio-touring-104.png\",\"contentUrl\":\"https:\/\/progettotouring.it\/radiotouring104\/wp-content\/uploads\/sites\/6\/2022\/02\/cropped-logo-radio-touring-104.png\",\"width\":377,\"height\":182,\"caption\":\"Radio Touring 104\"},\"image\":{\"@id\":\"https:\/\/progettotouring.it\/radiotouring104\/#\/schema\/logo\/image\/\"}},{\"@type\":\"Person\",\"@id\":\"https:\/\/progettotouring.it\/radiotouring104\/#\/schema\/person\/4a82259ca52ac8702ad1a8f9e5a3120b\",\"name\":\"Filippo Francesco Idone\",\"image\":{\"@type\":\"ImageObject\",\"inLanguage\":\"it-IT\",\"@id\":\"https:\/\/secure.gravatar.com\/avatar\/7268715d2366395c3dd314385670e6484117d44f5c442e61e230f7008b7b62d3?s=96&d=mm&r=g\",\"url\":\"https:\/\/secure.gravatar.com\/avatar\/7268715d2366395c3dd314385670e6484117d44f5c442e61e230f7008b7b62d3?s=96&d=mm&r=g\",\"contentUrl\":\"https:\/\/secure.gravatar.com\/avatar\/7268715d2366395c3dd314385670e6484117d44f5c442e61e230f7008b7b62d3?s=96&d=mm&r=g\",\"caption\":\"Filippo Francesco Idone\"},\"url\":\"https:\/\/progettotouring.it\/radiotouring104\/author\/filippoidone\/\"}]}<\/script>\n<!-- \/ Yoast SEO plugin. -->","yoast_head_json":{"title":"Reggio Calabria: Partito Azione sostiene gli agricoltori - Radio Touring 104","description":"Il Partito Azione di Reggio Calabria sostiene gli agricoltori della Calabria: Serve un Futuro di Giustizia e Equit\u00e0","robots":{"index":"index","follow":"follow","max-snippet":"max-snippet:-1","max-image-preview":"max-image-preview:large","max-video-preview":"max-video-preview:-1"},"canonical":"https:\/\/progettotouring.it\/radiotouring104\/2024\/02\/09\/reggio-calabria-partito-azione-sostiene-gli-agricoltori\/","og_locale":"it_IT","og_type":"article","og_title":"Reggio Calabria: Partito Azione sostiene gli agricoltori - Radio Touring 104","og_description":"Il Partito Azione di Reggio Calabria sostiene gli agricoltori della Calabria: Serve un Futuro di Giustizia e Equit\u00e0","og_url":"https:\/\/progettotouring.it\/radiotouring104\/2024\/02\/09\/reggio-calabria-partito-azione-sostiene-gli-agricoltori\/","og_site_name":"Radio Touring 104","article_published_time":"2024-02-09T15:04:42+00:00","og_image":[{"width":1182,"height":1182,"url":"https:\/\/progettotouring.it\/radiotouring104\/wp-content\/uploads\/sites\/6\/2024\/01\/Azione-Logo.jpg","type":"image\/jpeg"}],"author":"Filippo Francesco Idone","twitter_card":"summary_large_image","twitter_misc":{"Scritto da":"Filippo Francesco Idone","Tempo di lettura stimato":"2 minuti"},"schema":{"@context":"https:\/\/schema.org","@graph":[{"@type":"Article","@id":"https:\/\/progettotouring.it\/radiotouring104\/2024\/02\/09\/reggio-calabria-partito-azione-sostiene-gli-agricoltori\/#article","isPartOf":{"@id":"https:\/\/progettotouring.it\/radiotouring104\/2024\/02\/09\/reggio-calabria-partito-azione-sostiene-gli-agricoltori\/"},"author":{"name":"Filippo Francesco Idone","@id":"https:\/\/progettotouring.it\/radiotouring104\/#\/schema\/person\/4a82259ca52ac8702ad1a8f9e5a3120b"},"headline":"Reggio Calabria: Partito Azione sostiene gli agricoltori","datePublished":"2024-02-09T15:04:42+00:00","mainEntityOfPage":{"@id":"https:\/\/progettotouring.it\/radiotouring104\/2024\/02\/09\/reggio-calabria-partito-azione-sostiene-gli-agricoltori\/"},"wordCount":364,"publisher":{"@id":"https:\/\/progettotouring.it\/radiotouring104\/#organization"},"image":{"@id":"https:\/\/progettotouring.it\/radiotouring104\/2024\/02\/09\/reggio-calabria-partito-azione-sostiene-gli-agricoltori\/#primaryimage"},"thumbnailUrl":"https:\/\/progettotouring.it\/radiotouring104\/wp-content\/uploads\/sites\/6\/2024\/01\/Azione-Logo.jpg","keywords":["calabria","Carlo Calenda","Partito Azione","reggio calabria"],"articleSection":["Home","News","Politica","Reggio Calabria"],"inLanguage":"it-IT"},{"@type":"WebPage","@id":"https:\/\/progettotouring.it\/radiotouring104\/2024\/02\/09\/reggio-calabria-partito-azione-sostiene-gli-agricoltori\/","url":"https:\/\/progettotouring.it\/radiotouring104\/2024\/02\/09\/reggio-calabria-partito-azione-sostiene-gli-agricoltori\/","name":"Reggio Calabria: Partito Azione sostiene gli agricoltori - Radio Touring 104","isPartOf":{"@id":"https:\/\/progettotouring.it\/radiotouring104\/#website"},"primaryImageOfPage":{"@id":"https:\/\/progettotouring.it\/radiotouring104\/2024\/02\/09\/reggio-calabria-partito-azione-sostiene-gli-agricoltori\/#primaryimage"},"image":{"@id":"https:\/\/progettotouring.it\/radiotouring104\/2024\/02\/09\/reggio-calabria-partito-azione-sostiene-gli-agricoltori\/#primaryimage"},"thumbnailUrl":"https:\/\/progettotouring.it\/radiotouring104\/wp-content\/uploads\/sites\/6\/2024\/01\/Azione-Logo.jpg","datePublished":"2024-02-09T15:04:42+00:00","description":"Il Partito Azione di Reggio Calabria sostiene gli agricoltori della Calabria: Serve un Futuro di Giustizia e Equit\u00e0","breadcrumb":{"@id":"https:\/\/progettotouring.it\/radiotouring104\/2024\/02\/09\/reggio-calabria-partito-azione-sostiene-gli-agricoltori\/#breadcrumb"},"inLanguage":"it-IT","potentialAction":[{"@type":"ReadAction","target":["https:\/\/progettotouring.it\/radiotouring104\/2024\/02\/09\/reggio-calabria-partito-azione-sostiene-gli-agricoltori\/"]}]},{"@type":"ImageObject","inLanguage":"it-IT","@id":"https:\/\/progettotouring.it\/radiotouring104\/2024\/02\/09\/reggio-calabria-partito-azione-sostiene-gli-agricoltori\/#primaryimage","url":"https:\/\/progettotouring.it\/radiotouring104\/wp-content\/uploads\/sites\/6\/2024\/01\/Azione-Logo.jpg","contentUrl":"https:\/\/progettotouring.it\/radiotouring104\/wp-content\/uploads\/sites\/6\/2024\/01\/Azione-Logo.jpg","width":1182,"height":1182},{"@type":"BreadcrumbList","@id":"https:\/\/progettotouring.it\/radiotouring104\/2024\/02\/09\/reggio-calabria-partito-azione-sostiene-gli-agricoltori\/#breadcrumb","itemListElement":[{"@type":"ListItem","position":1,"name":"Home","item":"https:\/\/progettotouring.it\/radiotouring104\/"},{"@type":"ListItem","position":2,"name":"Reggio Calabria: Partito Azione sostiene gli agricoltori"}]},{"@type":"WebSite","@id":"https:\/\/progettotouring.it\/radiotouring104\/#website","url":"https:\/\/progettotouring.it\/radiotouring104\/","name":"Radio Touring 104","description":"La prima radio Reggina","publisher":{"@id":"https:\/\/progettotouring.it\/radiotouring104\/#organization"},"potentialAction":[{"@type":"SearchAction","target":{"@type":"EntryPoint","urlTemplate":"https:\/\/progettotouring.it\/radiotouring104\/?s={search_term_string}"},"query-input":{"@type":"PropertyValueSpecification","valueRequired":true,"valueName":"search_term_string"}}],"inLanguage":"it-IT"},{"@type":"Organization","@id":"https:\/\/progettotouring.it\/radiotouring104\/#organization","name":"Radio Touring 104","url":"https:\/\/progettotouring.it\/radiotouring104\/","logo":{"@type":"ImageObject","inLanguage":"it-IT","@id":"https:\/\/progettotouring.it\/radiotouring104\/#\/schema\/logo\/image\/","url":"https:\/\/progettotouring.it\/radiotouring104\/wp-content\/uploads\/sites\/6\/2022\/02\/cropped-logo-radio-touring-104.png","contentUrl":"https:\/\/progettotouring.it\/radiotouring104\/wp-content\/uploads\/sites\/6\/2022\/02\/cropped-logo-radio-touring-104.png","width":377,"height":182,"caption":"Radio Touring 104"},"image":{"@id":"https:\/\/progettotouring.it\/radiotouring104\/#\/schema\/logo\/image\/"}},{"@type":"Person","@id":"https:\/\/progettotouring.it\/radiotouring104\/#\/schema\/person\/4a82259ca52ac8702ad1a8f9e5a3120b","name":"Filippo Francesco Idone","image":{"@type":"ImageObject","inLanguage":"it-IT","@id":"https:\/\/secure.gravatar.com\/avatar\/7268715d2366395c3dd314385670e6484117d44f5c442e61e230f7008b7b62d3?s=96&d=mm&r=g","url":"https:\/\/secure.gravatar.com\/avatar\/7268715d2366395c3dd314385670e6484117d44f5c442e61e230f7008b7b62d3?s=96&d=mm&r=g","contentUrl":"https:\/\/secure.gravatar.com\/avatar\/7268715d2366395c3dd314385670e6484117d44f5c442e61e230f7008b7b62d3?s=96&d=mm&r=g","caption":"Filippo Francesco Idone"},"url":"https:\/\/progettotouring.it\/radiotouring104\/author\/filippoidone\/"}]}},"jetpack_publicize_connections":[],"jetpack_featured_media_url":"https:\/\/progettotouring.it\/radiotouring104\/wp-content\/uploads\/sites\/6\/2024\/01\/Azione-Logo.jpg","jetpack_sharing_enabled":true,"_links":{"self":[{"href":"https:\/\/progettotouring.it\/radiotouring104\/wp-json\/wp\/v2\/posts\/44373","targetHints":{"allow":["GET"]}}],"collection":[{"href":"https:\/\/progettotouring.it\/radiotouring104\/wp-json\/wp\/v2\/posts"}],"about":[{"href":"https:\/\/progettotouring.it\/radiotouring104\/wp-json\/wp\/v2\/types\/post"}],"author":[{"embeddable":true,"href":"https:\/\/progettotouring.it\/radiotouring104\/wp-json\/wp\/v2\/users\/8"}],"replies":[{"embeddable":true,"href":"https:\/\/progettotouring.it\/radiotouring104\/wp-json\/wp\/v2\/comments?post=44373"}],"version-history":[{"count":1,"href":"https:\/\/progettotouring.it\/radiotouring104\/wp-json\/wp\/v2\/posts\/44373\/revisions"}],"predecessor-version":[{"id":44374,"href":"https:\/\/progettotouring.it\/radiotouring104\/wp-json\/wp\/v2\/posts\/44373\/revisions\/44374"}],"wp:featuredmedia":[{"embeddable":true,"href":"https:\/\/progettotouring.it\/radiotouring104\/wp-json\/wp\/v2\/media\/42513"}],"wp:attachment":[{"href":"https:\/\/progettotouring.it\/radiotouring104\/wp-json\/wp\/v2\/media?parent=44373"}],"wp:term":[{"taxonomy":"category","embeddable":true,"href":"https:\/\/progettotouring.it\/radiotouring104\/wp-json\/wp\/v2\/categories?post=44373"},{"taxonomy":"post_tag","embeddable":true,"href":"https:\/\/progettotouring.it\/radiotouring104\/wp-json\/wp\/v2\/tags?post=44373"}],"curies":[{"name":"wp","href":"https:\/\/api.w.org\/{rel}","templated":true}]}}